{"id":10064,"date":"2012-11-23T10:31:03","date_gmt":"2012-11-23T12:31:03","guid":{"rendered":"https:\/\/colinahomolog.com.br\/dev\/just-real-moms\/?p=10064"},"modified":"2016-05-05T19:06:39","modified_gmt":"2016-05-05T22:06:39","slug":"hora-de-vacinar","status":"publish","type":"post","link":"https:\/\/colinahomolog.com.br\/dev\/just-real-moms\/hora-de-vacinar\/","title":{"rendered":"Hora de vacinar!"},"content":{"rendered":"<button class=\"simplefavorite-button preset\" data-postid=\"10064\" data-siteid=\"1\" data-groupid=\"1\" data-favoritecount=\"0\" style=\"box-shadow:none;-webkit-box-shadow:none;-moz-box-shadow:none;background-color:#68ccb4;border-color:#68ccb4;color:#ffffff;\"><i class=\"sf-icon-favorite\" style=\"\"><\/i>Favorite<\/button><p>&nbsp;<\/p>\n<p>Ol\u00e1, meninas! Tudo bem?<\/p>\n<p>&nbsp;<\/p>\n<p style=\"text-align: justify;\">Hoje vou falar de um tema que \u00e9 o verdadeiro &#8220;mal necess\u00e1rio&#8221;, rsrsrsr&#8230; A <strong>vacina\u00e7\u00e3o dos nossos filhos<\/strong>! Algo inquestion\u00e1vel e que, no meu ponto de vista, temos que seguir o calend\u00e1rio \u00e0 risca!<\/p>\n<p>&nbsp;<\/p>\n<p style=\"text-align: justify;\">Nossa! Me dava a maior dor no cora\u00e7\u00e3o levar o Olavinho para tomar vacina nos primeiros meses, via o rostinho dele todo feliz dentro do carro e mal sabia ele que seria picado em poucos minutos&#8230;\u00a0 Na hora da picada era uma choradeira profunda e sofrida&#8230;. Tadinho!<\/p>\n<p>&nbsp;<\/p>\n<p>&nbsp;<\/p>\n<p><img fetchpriority=\"high\" decoding=\"async\" class=\"aligncenter size-full wp-image-10095\" title=\"choro\" src=\"https:\/\/colinahomolog.com.br\/dev\/just-real-moms\/wp-content\/uploads\/2012\/11\/choro.jpg\" alt=\"\" width=\"284\" height=\"283\" \/><\/p>\n<p>&nbsp;<\/p>\n<p>&nbsp;<\/p>\n<p>Agora que ele j\u00e1 est\u00e1 com 2 anos, a frequ\u00eancia das vacinas diminuiu muito e o choror\u00f4 tamb\u00e9m &#8230; Ufa!<\/p>\n<p>&nbsp;<\/p>\n<p style=\"text-align: justify;\">Em todas as nossas consultas o pediatra nos orienta sobre as pr\u00f3ximas doses, mas encontrei essa &#8220;tabela resumo&#8221; de todas as vacinas necess\u00e1rias at\u00e9 os 16 anos para termos uma no\u00e7\u00e3o maior das doen\u00e7as que estamos evitando e quantas doses de cada vacina ainda temos que dar&#8230;<\/p>\n<p>&nbsp;<\/p>\n<p>Vejam a tabela completa:<\/p>\n<p>&nbsp;<\/p>\n<p>&nbsp;<\/p>\n<p><img decoding=\"async\" class=\"aligncenter size-full wp-image-10088\" title=\"Captura de Tela 2012-11-22 \u00e0s 22.54.47\" src=\"https:\/\/colinahomolog.com.br\/dev\/just-real-moms\/wp-content\/uploads\/2012\/11\/Captura-de-Tela-2012-11-22-\u00e0s-22.54.47.png\" alt=\"\" width=\"595\" height=\"426\" srcset=\"https:\/\/colinahomolog.com.br\/dev\/just-real-moms\/wp-content\/uploads\/2012\/11\/Captura-de-Tela-2012-11-22-\u00e0s-22.54.47.png 595w, https:\/\/colinahomolog.com.br\/dev\/just-real-moms\/wp-content\/uploads\/2012\/11\/Captura-de-Tela-2012-11-22-\u00e0s-22.54.47-150x107.png 150w, https:\/\/colinahomolog.com.br\/dev\/just-real-moms\/wp-content\/uploads\/2012\/11\/Captura-de-Tela-2012-11-22-\u00e0s-22.54.47-300x214.png 300w\" sizes=\"(max-width: 595px) 100vw, 595px\" \/><\/p>\n<p><img decoding=\"async\" class=\"aligncenter size-full wp-image-10090\" title=\"Captura de Tela 2012-11-22 \u00e0s 22.55.29\" src=\"https:\/\/colinahomolog.com.br\/dev\/just-real-moms\/wp-content\/uploads\/2012\/11\/Captura-de-Tela-2012-11-22-\u00e0s-22.55.29.png\" alt=\"\" width=\"600\" height=\"521\" srcset=\"https:\/\/colinahomolog.com.br\/dev\/just-real-moms\/wp-content\/uploads\/2012\/11\/Captura-de-Tela-2012-11-22-\u00e0s-22.55.29.png 600w, https:\/\/colinahomolog.com.br\/dev\/just-real-moms\/wp-content\/uploads\/2012\/11\/Captura-de-Tela-2012-11-22-\u00e0s-22.55.29-150x130.png 150w, https:\/\/colinahomolog.com.br\/dev\/just-real-moms\/wp-content\/uploads\/2012\/11\/Captura-de-Tela-2012-11-22-\u00e0s-22.55.29-300x260.png 300w\" sizes=\"(max-width: 600px) 100vw, 600px\" \/><\/p>\n<p><img loading=\"lazy\" decoding=\"async\" class=\"aligncenter size-full wp-image-10091\" title=\"Captura de Tela 2012-11-22 \u00e0s 22.55.47\" src=\"https:\/\/colinahomolog.com.br\/dev\/just-real-moms\/wp-content\/uploads\/2012\/11\/Captura-de-Tela-2012-11-22-\u00e0s-22.55.47.png\" alt=\"\" width=\"602\" height=\"531\" srcset=\"https:\/\/colinahomolog.com.br\/dev\/just-real-moms\/wp-content\/uploads\/2012\/11\/Captura-de-Tela-2012-11-22-\u00e0s-22.55.47.png 602w, https:\/\/colinahomolog.com.br\/dev\/just-real-moms\/wp-content\/uploads\/2012\/11\/Captura-de-Tela-2012-11-22-\u00e0s-22.55.47-150x132.png 150w, https:\/\/colinahomolog.com.br\/dev\/just-real-moms\/wp-content\/uploads\/2012\/11\/Captura-de-Tela-2012-11-22-\u00e0s-22.55.47-300x264.png 300w\" sizes=\"(max-width: 602px) 100vw, 602px\" \/><\/p>\n<p><img loading=\"lazy\" decoding=\"async\" class=\"aligncenter size-full wp-image-10092\" title=\"Captura de Tela 2012-11-22 \u00e0s 22.56.06\" src=\"https:\/\/colinahomolog.com.br\/dev\/just-real-moms\/wp-content\/uploads\/2012\/11\/Captura-de-Tela-2012-11-22-\u00e0s-22.56.06.png\" alt=\"\" width=\"599\" height=\"115\" srcset=\"https:\/\/colinahomolog.com.br\/dev\/just-real-moms\/wp-content\/uploads\/2012\/11\/Captura-de-Tela-2012-11-22-\u00e0s-22.56.06.png 599w, https:\/\/colinahomolog.com.br\/dev\/just-real-moms\/wp-content\/uploads\/2012\/11\/Captura-de-Tela-2012-11-22-\u00e0s-22.56.06-150x28.png 150w, https:\/\/colinahomolog.com.br\/dev\/just-real-moms\/wp-content\/uploads\/2012\/11\/Captura-de-Tela-2012-11-22-\u00e0s-22.56.06-300x57.png 300w\" sizes=\"(max-width: 599px) 100vw, 599px\" \/><\/p>\n<p>&nbsp;<\/p>\n<p style=\"text-align: center;\"><strong>Fonte: <span style=\"color: #0000ff;\">www.bebe.bolsademulher.com<\/span><\/strong><\/p>\n<p>&nbsp;<\/p>\n<p>&nbsp;<\/p>\n\n    <div class=\"xs_social_share_widget xs_share_url after_content \t\tmain_content  wslu-style-1 wslu-share-box-shaped wslu-fill-colored wslu-none wslu-share-horizontal wslu-theme-font-no wslu-main_content\">\n\n\t\t\n        <ul>\n\t\t\t        <\/ul>\n    <\/div> \n","protected":false},"excerpt":{"rendered":"<p>Favorite&nbsp; Ol\u00e1, meninas! Tudo bem? &nbsp; Hoje vou falar de um tema que \u00e9 o verdadeiro &#8220;mal necess\u00e1rio&#8221;, rsrsrsr&#8230; A vacina\u00e7\u00e3o dos nossos filhos! Algo inquestion\u00e1vel e que, no meu ponto de vista, temos que seguir o calend\u00e1rio \u00e0 risca! &nbsp; Nossa! Me dava a maior dor no cora\u00e7\u00e3o levar o Olavinho para tomar vacina [&hellip;]<\/p>\n","protected":false},"author":6,"featured_media":10095,"comment_status":"open","ping_status":"closed","sticky":false,"template":"","format":"standard","meta":{"_acf_changed":false,"footnotes":""},"categories":[30],"tags":[],"class_list":{"0":"post-10064","1":"post","2":"type-post","3":"status-publish","4":"format-standard","5":"has-post-thumbnail","7":"category-de-mae-para-mae"},"acf":[],"yoast_head":"<!-- This site is optimized with the Yoast SEO Premium plugin v26.6 (Yoast SEO v26.6) - https:\/\/yoast.com\/wordpress\/plugins\/seo\/ -->\n<title>Hora de vacinar!<\/title>\n<meta name=\"robots\" content=\"index, follow, max-snippet:-1, max-image-preview:large, max-video-preview:-1\" \/>\n<link rel=\"canonical\" href=\"https:\/\/colinahomolog.com.br\/dev\/just-real-moms\/hora-de-vacinar\/\" \/>\n<meta property=\"og:locale\" content=\"pt_BR\" \/>\n<meta property=\"og:type\" content=\"article\" \/>\n<meta property=\"og:title\" content=\"Hora de vacinar!\" \/>\n<meta property=\"og:description\" content=\"Favorite&nbsp; Ol\u00e1, meninas! Tudo bem? &nbsp; Hoje vou falar de um tema que \u00e9 o verdadeiro &#8220;mal necess\u00e1rio&#8221;, rsrsrsr&#8230; A vacina\u00e7\u00e3o dos nossos filhos! Algo inquestion\u00e1vel e que, no meu ponto de vista, temos que seguir o calend\u00e1rio \u00e0 risca! &nbsp; Nossa! Me dava a maior dor no cora\u00e7\u00e3o levar o Olavinho para tomar vacina [&hellip;]\" \/>\n<meta property=\"og:url\" content=\"https:\/\/colinahomolog.com.br\/dev\/just-real-moms\/hora-de-vacinar\/\" \/>\n<meta property=\"og:site_name\" content=\"Just Real Moms - Blog para M\u00e3es\" \/>\n<meta property=\"article:publisher\" content=\"https:\/\/www.facebook.com\/JustRealMoms\" \/>\n<meta property=\"article:published_time\" content=\"2012-11-23T12:31:03+00:00\" \/>\n<meta property=\"article:modified_time\" content=\"2016-05-05T22:06:39+00:00\" \/>\n<meta property=\"og:image\" content=\"https:\/\/colinahomolog.com.br\/dev\/just-real-moms\/wp-content\/uploads\/2012\/11\/choro.jpg\" \/>\n\t<meta property=\"og:image:width\" content=\"1\" \/>\n\t<meta property=\"og:image:height\" content=\"1\" \/>\n\t<meta property=\"og:image:type\" content=\"image\/jpeg\" \/>\n<meta name=\"author\" content=\"Juliana\" \/>\n<meta name=\"twitter:label1\" content=\"Escrito por\" \/>\n\t<meta name=\"twitter:data1\" content=\"Juliana\" \/>\n\t<meta name=\"twitter:label2\" content=\"Est. tempo de leitura\" \/>\n\t<meta name=\"twitter:data2\" content=\"1 minuto\" \/>\n<script type=\"application\/ld+json\" class=\"yoast-schema-graph\">{\"@context\":\"https:\/\/schema.org\",\"@graph\":[{\"@type\":\"WebPage\",\"@id\":\"https:\/\/colinahomolog.com.br\/dev\/just-real-moms\/hora-de-vacinar\/\",\"url\":\"https:\/\/colinahomolog.com.br\/dev\/just-real-moms\/hora-de-vacinar\/\",\"name\":\"Hora de vacinar!\",\"isPartOf\":{\"@id\":\"https:\/\/colinahomolog.com.br\/dev\/just-real-moms\/#website\"},\"primaryImageOfPage\":{\"@id\":\"https:\/\/colinahomolog.com.br\/dev\/just-real-moms\/hora-de-vacinar\/#primaryimage\"},\"image\":{\"@id\":\"https:\/\/colinahomolog.com.br\/dev\/just-real-moms\/hora-de-vacinar\/#primaryimage\"},\"thumbnailUrl\":\"https:\/\/colinahomolog.com.br\/dev\/just-real-moms\/wp-content\/uploads\/2012\/11\/choro.jpg\",\"datePublished\":\"2012-11-23T12:31:03+00:00\",\"dateModified\":\"2016-05-05T22:06:39+00:00\",\"author\":{\"@id\":\"https:\/\/colinahomolog.com.br\/dev\/just-real-moms\/#\/schema\/person\/8218aa957ba5a31e5f531f3b6561916a\"},\"breadcrumb\":{\"@id\":\"https:\/\/colinahomolog.com.br\/dev\/just-real-moms\/hora-de-vacinar\/#breadcrumb\"},\"inLanguage\":\"pt-BR\",\"potentialAction\":[{\"@type\":\"ReadAction\",\"target\":[\"https:\/\/colinahomolog.com.br\/dev\/just-real-moms\/hora-de-vacinar\/\"]}]},{\"@type\":\"ImageObject\",\"inLanguage\":\"pt-BR\",\"@id\":\"https:\/\/colinahomolog.com.br\/dev\/just-real-moms\/hora-de-vacinar\/#primaryimage\",\"url\":\"https:\/\/colinahomolog.com.br\/dev\/just-real-moms\/wp-content\/uploads\/2012\/11\/choro.jpg\",\"contentUrl\":\"https:\/\/colinahomolog.com.br\/dev\/just-real-moms\/wp-content\/uploads\/2012\/11\/choro.jpg\"},{\"@type\":\"BreadcrumbList\",\"@id\":\"https:\/\/colinahomolog.com.br\/dev\/just-real-moms\/hora-de-vacinar\/#breadcrumb\",\"itemListElement\":[{\"@type\":\"ListItem\",\"position\":1,\"name\":\"In\u00edcio\",\"item\":\"https:\/\/colinahomolog.com.br\/dev\/just-real-moms\/\"},{\"@type\":\"ListItem\",\"position\":2,\"name\":\"Hora de vacinar!\"}]},{\"@type\":\"WebSite\",\"@id\":\"https:\/\/colinahomolog.com.br\/dev\/just-real-moms\/#website\",\"url\":\"https:\/\/colinahomolog.com.br\/dev\/just-real-moms\/\",\"name\":\"Just Real Moms - Blog para M\u00e3es\",\"description\":\"O melhor e mais completo portal para m\u00e3es, pais e futuros pais!\",\"potentialAction\":[{\"@type\":\"SearchAction\",\"target\":{\"@type\":\"EntryPoint\",\"urlTemplate\":\"https:\/\/colinahomolog.com.br\/dev\/just-real-moms\/?s={search_term_string}\"},\"query-input\":{\"@type\":\"PropertyValueSpecification\",\"valueRequired\":true,\"valueName\":\"search_term_string\"}}],\"inLanguage\":\"pt-BR\"},{\"@type\":\"Person\",\"@id\":\"https:\/\/colinahomolog.com.br\/dev\/just-real-moms\/#\/schema\/person\/8218aa957ba5a31e5f531f3b6561916a\",\"name\":\"Juliana\",\"url\":\"https:\/\/colinahomolog.com.br\/dev\/just-real-moms\/author\/juliana\/\"}]}<\/script>\n<!-- \/ Yoast SEO Premium plugin. -->","yoast_head_json":{"title":"Hora de vacinar!","robots":{"index":"index","follow":"follow","max-snippet":"max-snippet:-1","max-image-preview":"max-image-preview:large","max-video-preview":"max-video-preview:-1"},"canonical":"https:\/\/colinahomolog.com.br\/dev\/just-real-moms\/hora-de-vacinar\/","og_locale":"pt_BR","og_type":"article","og_title":"Hora de vacinar!","og_description":"Favorite&nbsp; Ol\u00e1, meninas! Tudo bem? &nbsp; Hoje vou falar de um tema que \u00e9 o verdadeiro &#8220;mal necess\u00e1rio&#8221;, rsrsrsr&#8230; A vacina\u00e7\u00e3o dos nossos filhos! Algo inquestion\u00e1vel e que, no meu ponto de vista, temos que seguir o calend\u00e1rio \u00e0 risca! &nbsp; Nossa! Me dava a maior dor no cora\u00e7\u00e3o levar o Olavinho para tomar vacina [&hellip;]","og_url":"https:\/\/colinahomolog.com.br\/dev\/just-real-moms\/hora-de-vacinar\/","og_site_name":"Just Real Moms - Blog para M\u00e3es","article_publisher":"https:\/\/www.facebook.com\/JustRealMoms","article_published_time":"2012-11-23T12:31:03+00:00","article_modified_time":"2016-05-05T22:06:39+00:00","og_image":[{"url":"https:\/\/colinahomolog.com.br\/dev\/just-real-moms\/wp-content\/uploads\/2012\/11\/choro.jpg","width":1,"height":1,"type":"image\/jpeg"}],"author":"Juliana","twitter_misc":{"Escrito por":"Juliana","Est. tempo de leitura":"1 minuto"},"schema":{"@context":"https:\/\/schema.org","@graph":[{"@type":"WebPage","@id":"https:\/\/colinahomolog.com.br\/dev\/just-real-moms\/hora-de-vacinar\/","url":"https:\/\/colinahomolog.com.br\/dev\/just-real-moms\/hora-de-vacinar\/","name":"Hora de vacinar!","isPartOf":{"@id":"https:\/\/colinahomolog.com.br\/dev\/just-real-moms\/#website"},"primaryImageOfPage":{"@id":"https:\/\/colinahomolog.com.br\/dev\/just-real-moms\/hora-de-vacinar\/#primaryimage"},"image":{"@id":"https:\/\/colinahomolog.com.br\/dev\/just-real-moms\/hora-de-vacinar\/#primaryimage"},"thumbnailUrl":"https:\/\/colinahomolog.com.br\/dev\/just-real-moms\/wp-content\/uploads\/2012\/11\/choro.jpg","datePublished":"2012-11-23T12:31:03+00:00","dateModified":"2016-05-05T22:06:39+00:00","author":{"@id":"https:\/\/colinahomolog.com.br\/dev\/just-real-moms\/#\/schema\/person\/8218aa957ba5a31e5f531f3b6561916a"},"breadcrumb":{"@id":"https:\/\/colinahomolog.com.br\/dev\/just-real-moms\/hora-de-vacinar\/#breadcrumb"},"inLanguage":"pt-BR","potentialAction":[{"@type":"ReadAction","target":["https:\/\/colinahomolog.com.br\/dev\/just-real-moms\/hora-de-vacinar\/"]}]},{"@type":"ImageObject","inLanguage":"pt-BR","@id":"https:\/\/colinahomolog.com.br\/dev\/just-real-moms\/hora-de-vacinar\/#primaryimage","url":"https:\/\/colinahomolog.com.br\/dev\/just-real-moms\/wp-content\/uploads\/2012\/11\/choro.jpg","contentUrl":"https:\/\/colinahomolog.com.br\/dev\/just-real-moms\/wp-content\/uploads\/2012\/11\/choro.jpg"},{"@type":"BreadcrumbList","@id":"https:\/\/colinahomolog.com.br\/dev\/just-real-moms\/hora-de-vacinar\/#breadcrumb","itemListElement":[{"@type":"ListItem","position":1,"name":"In\u00edcio","item":"https:\/\/colinahomolog.com.br\/dev\/just-real-moms\/"},{"@type":"ListItem","position":2,"name":"Hora de vacinar!"}]},{"@type":"WebSite","@id":"https:\/\/colinahomolog.com.br\/dev\/just-real-moms\/#website","url":"https:\/\/colinahomolog.com.br\/dev\/just-real-moms\/","name":"Just Real Moms - Blog para M\u00e3es","description":"O melhor e mais completo portal para m\u00e3es, pais e futuros pais!","potentialAction":[{"@type":"SearchAction","target":{"@type":"EntryPoint","urlTemplate":"https:\/\/colinahomolog.com.br\/dev\/just-real-moms\/?s={search_term_string}"},"query-input":{"@type":"PropertyValueSpecification","valueRequired":true,"valueName":"search_term_string"}}],"inLanguage":"pt-BR"},{"@type":"Person","@id":"https:\/\/colinahomolog.com.br\/dev\/just-real-moms\/#\/schema\/person\/8218aa957ba5a31e5f531f3b6561916a","name":"Juliana","url":"https:\/\/colinahomolog.com.br\/dev\/just-real-moms\/author\/juliana\/"}]}},"_links":{"self":[{"href":"https:\/\/colinahomolog.com.br\/dev\/just-real-moms\/wp-json\/wp\/v2\/posts\/10064","targetHints":{"allow":["GET"]}}],"collection":[{"href":"https:\/\/colinahomolog.com.br\/dev\/just-real-moms\/wp-json\/wp\/v2\/posts"}],"about":[{"href":"https:\/\/colinahomolog.com.br\/dev\/just-real-moms\/wp-json\/wp\/v2\/types\/post"}],"author":[{"embeddable":true,"href":"https:\/\/colinahomolog.com.br\/dev\/just-real-moms\/wp-json\/wp\/v2\/users\/6"}],"replies":[{"embeddable":true,"href":"https:\/\/colinahomolog.com.br\/dev\/just-real-moms\/wp-json\/wp\/v2\/comments?post=10064"}],"version-history":[{"count":0,"href":"https:\/\/colinahomolog.com.br\/dev\/just-real-moms\/wp-json\/wp\/v2\/posts\/10064\/revisions"}],"wp:featuredmedia":[{"embeddable":true,"href":"https:\/\/colinahomolog.com.br\/dev\/just-real-moms\/wp-json\/wp\/v2\/media\/10095"}],"wp:attachment":[{"href":"https:\/\/colinahomolog.com.br\/dev\/just-real-moms\/wp-json\/wp\/v2\/media?parent=10064"}],"wp:term":[{"taxonomy":"category","embeddable":true,"href":"https:\/\/colinahomolog.com.br\/dev\/just-real-moms\/wp-json\/wp\/v2\/categories?post=10064"},{"taxonomy":"post_tag","embeddable":true,"href":"https:\/\/colinahomolog.com.br\/dev\/just-real-moms\/wp-json\/wp\/v2\/tags?post=10064"}],"curies":[{"name":"wp","href":"https:\/\/api.w.org\/{rel}","templated":true}]}}