{"id":10398,"date":"2012-12-12T09:43:43","date_gmt":"2012-12-12T11:43:43","guid":{"rendered":"https:\/\/colinahomolog.com.br\/dev\/just-real-moms\/?p=10398"},"modified":"2016-05-05T19:06:39","modified_gmt":"2016-05-05T22:06:39","slug":"sol-com-seguranca-no-verao","status":"publish","type":"post","link":"https:\/\/colinahomolog.com.br\/dev\/just-real-moms\/sol-com-seguranca-no-verao\/","title":{"rendered":"Sol com seguran\u00e7a no ver\u00e3o!"},"content":{"rendered":"<button class=\"simplefavorite-button preset\" data-postid=\"10398\" data-siteid=\"1\" data-groupid=\"1\" data-favoritecount=\"0\" style=\"box-shadow:none;-webkit-box-shadow:none;-moz-box-shadow:none;background-color:#68ccb4;border-color:#68ccb4;color:#ffffff;\"><i class=\"sf-icon-favorite\" style=\"\"><\/i>Favorite<\/button><p>&nbsp;<\/p>\n<p style=\"text-align: center;\"><img fetchpriority=\"high\" decoding=\"async\" class=\"aligncenter  wp-image-10402\" title=\"bebenosol3\" src=\"https:\/\/colinahomolog.com.br\/dev\/just-real-moms\/wp-content\/uploads\/2012\/12\/bebenosol3.jpg\" alt=\"\" width=\"312\" height=\"212\" srcset=\"https:\/\/colinahomolog.com.br\/dev\/just-real-moms\/wp-content\/uploads\/2012\/12\/bebenosol3.jpg 445w, https:\/\/colinahomolog.com.br\/dev\/just-real-moms\/wp-content\/uploads\/2012\/12\/bebenosol3-150x102.jpg 150w, https:\/\/colinahomolog.com.br\/dev\/just-real-moms\/wp-content\/uploads\/2012\/12\/bebenosol3-300x204.jpg 300w\" sizes=\"(max-width: 312px) 100vw, 312px\" \/><\/p>\n<p>&nbsp;<\/p>\n<p>&nbsp;<\/p>\n<p style=\"text-align: justify;\">Meninas, a querida Dra. Juliana Mac\u00e9a, que j\u00e1 nos deu informa\u00e7\u00f5es de como tratar a pele na gravidez (<strong><span style=\"color: #0000ff;\"><a href=\"https:\/\/colinahomolog.com.br\/dev\/just-real-moms\/a-pele-na-gravidez\/\"><span style=\"color: #0000ff;\">vejam aqui<\/span><\/a><\/span><\/strong>) e de como evitar e tratar das assaduras (<strong><span style=\"color: #0000ff;\"><a title=\"Assaduras, por que aparecem e como evit\u00e1-las?\" href=\"https:\/\/colinahomolog.com.br\/dev\/just-real-moms\/assaduras-por-que-aparecem-e-como-evita-las\/\" target=\"_blank\"><span style=\"color: #0000ff;\">vejam aqui<\/span><\/a><\/span><\/strong>), hoje vai nos dar dicas incr\u00edveis de como expor nossos pequenos ao sol com seguran\u00e7a!!!<\/p>\n<p>&nbsp;<\/p>\n<p style=\"text-align: justify;\">As f\u00e9rias de ver\u00e3o est\u00e3o a\u00ed e n\u00e3o queremos que nossos filhos passem por nenhum tipo de desconforto, certo? Saibam dos cuidados necess\u00e1rios para n\u00e3o passar sufoco!<\/p>\n<p>&nbsp;<\/p>\n<p>Espero que voc\u00eas gostem!<\/p>\n<p>Mil Bjsss<\/p>\n<p>&nbsp;<\/p>\n<p>\u2026\u2026\u2026\u2026\u2026\u2026\u2026\u2026\u2026\u2026\u2026\u2026\u2026\u2026\u2026\u2026\u2026\u2026\u2026\u2026\u2026\u2026\u2026\u2026\u2026\u2026\u2026\u2026\u2026\u2026\u2026\u2026\u2026\u2026\u2026\u2026\u2026\u2026\u2026\u2026\u2026\u2026\u2026\u2026\u2026\u2026\u2026\u2026\u2026\u2026\u2026\u2026..<\/p>\n<p>&nbsp;<\/p>\n<p style=\"text-align: center;\"><strong>Dra. Juliana e sua filha Lorena<\/strong><\/p>\n<p style=\"text-align: center;\"><img decoding=\"async\" class=\"aligncenter  wp-image-10399\" title=\"Juliana Macea e Lorena\" src=\"https:\/\/colinahomolog.com.br\/dev\/just-real-moms\/wp-content\/uploads\/2012\/12\/L1020168.jpg\" alt=\"\" width=\"402\" height=\"320\" srcset=\"https:\/\/colinahomolog.com.br\/dev\/just-real-moms\/wp-content\/uploads\/2012\/12\/L1020168.jpg 670w, https:\/\/colinahomolog.com.br\/dev\/just-real-moms\/wp-content\/uploads\/2012\/12\/L1020168-150x119.jpg 150w, https:\/\/colinahomolog.com.br\/dev\/just-real-moms\/wp-content\/uploads\/2012\/12\/L1020168-300x238.jpg 300w\" sizes=\"(max-width: 402px) 100vw, 402px\" \/><\/p>\n<p>&nbsp;<\/p>\n<p><span style=\"text-decoration: underline;\"><strong>Palavras da dermatologista:<\/strong><\/span><\/p>\n<p>&nbsp;<\/p>\n<p style=\"text-align: justify;\">As f\u00e9rias j\u00e1 est\u00e3o chegando e uma das coisas mais gostosas de se fazer com os nossos filhos \u00e9 aproveitar o sol e fazer atividades ao ar livre: praia, piscina, bicicleta&#8230; Expor as crian\u00e7as ao sol \u00e9 muito saud\u00e1vel, mas isso deve ser feito sempre com modera\u00e7\u00e3o. Hoje sabemos, por exemplo, que o melanoma (c\u00e2ncer de pele muito agressivo) tem sua ocorr\u00eancia \u00a0aumentada por epis\u00f3dios de queimadura solar ao longo da vida.<\/p>\n<p>&nbsp;<\/p>\n<p>Ent\u00e3o como aproveitar o sol com seguran\u00e7a?<\/p>\n<p>&nbsp;<\/p>\n<p><strong>1) Evite os hor\u00e1rios entre 10 e 14 horas<\/strong><\/p>\n<p>O calor \u00e9 mais intenso e o \u00edndice de radia\u00e7\u00e3o solar \u00e9 mais alto neste per\u00edodo.<\/p>\n<p>&nbsp;<\/p>\n<p><strong>2) Escolha um bom protetor solar infantil<\/strong><\/p>\n<p style=\"text-align: justify;\">Vale a pena investir em um produto espec\u00edfico para crian\u00e7as, pois eles possuem menos ativos que podem causar alergias, fixam melhor na pele garantindo maior resist\u00eancia \u00e0 \u00e1gua e suor e a maioria tem filtros f\u00edsicos (por isso s\u00e3o mais brancos) que bloqueiam melhor a passagem dos raios ultra-violeta. A pele das crian\u00e7as \u00e9 muito mais sens\u00edvel ao sol do que a dos adultos, por isso o FPS deve ser acima de 30. Lembre-se tamb\u00e9m de seguir as recomenda\u00e7\u00f5es de reaplica\u00e7\u00e3o apresentadas no r\u00f3tulo do produto.<\/p>\n<p>&nbsp;<\/p>\n<p><strong>3) Aplique o protetor antes mesmo da exposi\u00e7\u00e3o ao sol<\/strong><\/p>\n<p style=\"text-align: justify;\">A fotoprote\u00e7\u00e3o come\u00e7a logo ap\u00f3s a passagem do produto na pele, mas uma dica pr\u00e1tica \u00e9 j\u00e1 aplicar o protetor em casa. Isso porque a \u00faltima coisa que a crian\u00e7a quer quando chega na praia \u00e9 \u201cperder tempo\u201d passando creme e vai acabar associando esse h\u00e1bito a uma coisa chata, que atrapalha sua brincadeira.<\/p>\n<p>&nbsp;<\/p>\n<p><strong>4) Se a exposi\u00e7\u00e3o ao sol for mais intensa, abuse tamb\u00e9m da prote\u00e7\u00e3o f\u00edsica<\/strong><\/p>\n<p style=\"text-align: justify;\">Chap\u00e9us, bon\u00e9s, camisetas s\u00e3o sempre bem vindos! Atualmente existem produtos feitos com tecidos especiais e\/ou com protetor incorporado \u00e0s fibras, garantindo at\u00e9 98% de barreira contra os raios UV. Camisetas com essa tecnologia s\u00e3o uma boa op\u00e7\u00e3o para crian\u00e7as que passam muito tempo na \u00e1gua.<\/p>\n<p>&nbsp;<\/p>\n<p style=\"text-align: justify;\">Boas f\u00e9rias!<\/p>\n<p>&nbsp;<\/p>\n<p>&nbsp;<\/p>\n<p style=\"text-align: center;\"><img decoding=\"async\" class=\"aligncenter  wp-image-10401\" title=\"bebenosol2\" src=\"https:\/\/colinahomolog.com.br\/dev\/just-real-moms\/wp-content\/uploads\/2012\/12\/bebenosol2.jpg\" alt=\"\" width=\"312\" height=\"207\" srcset=\"https:\/\/colinahomolog.com.br\/dev\/just-real-moms\/wp-content\/uploads\/2012\/12\/bebenosol2.jpg 445w, https:\/\/colinahomolog.com.br\/dev\/just-real-moms\/wp-content\/uploads\/2012\/12\/bebenosol2-150x99.jpg 150w, https:\/\/colinahomolog.com.br\/dev\/just-real-moms\/wp-content\/uploads\/2012\/12\/bebenosol2-300x199.jpg 300w\" sizes=\"(max-width: 312px) 100vw, 312px\" \/><\/p>\n<p>&nbsp;<\/p>\n<p>&nbsp;<\/p>\n\n    <div class=\"xs_social_share_widget xs_share_url after_content \t\tmain_content  wslu-style-1 wslu-share-box-shaped wslu-fill-colored wslu-none wslu-share-horizontal wslu-theme-font-no wslu-main_content\">\n\n\t\t\n        <ul>\n\t\t\t        <\/ul>\n    <\/div> \n","protected":false},"excerpt":{"rendered":"<p>Favorite&nbsp; &nbsp; &nbsp; Meninas, a querida Dra. Juliana Mac\u00e9a, que j\u00e1 nos deu informa\u00e7\u00f5es de como tratar a pele na gravidez (vejam aqui) e de como evitar e tratar das assaduras (vejam aqui), hoje vai nos dar dicas incr\u00edveis de como expor nossos pequenos ao sol com seguran\u00e7a!!! &nbsp; As f\u00e9rias de ver\u00e3o est\u00e3o a\u00ed [&hellip;]<\/p>\n","protected":false},"author":4,"featured_media":10403,"comment_status":"open","ping_status":"closed","sticky":false,"template":"","format":"standard","meta":{"_acf_changed":false,"footnotes":""},"categories":[30,453],"tags":[181,471,473,27,475],"class_list":{"0":"post-10398","1":"post","2":"type-post","3":"status-publish","4":"format-standard","5":"has-post-thumbnail","7":"category-de-mae-para-mae","8":"category-dicas-dos-especialistas","9":"tag-dermatologista","10":"tag-juliana-macea","11":"tag-praia","12":"tag-saude","13":"tag-verao"},"acf":[],"yoast_head":"<!-- This site is optimized with the Yoast SEO Premium plugin v26.6 (Yoast SEO v26.6) - https:\/\/yoast.com\/wordpress\/plugins\/seo\/ -->\n<title>Sol com seguran\u00e7a no ver\u00e3o!<\/title>\n<meta name=\"robots\" content=\"index, follow, max-snippet:-1, max-image-preview:large, max-video-preview:-1\" \/>\n<link rel=\"canonical\" href=\"https:\/\/colinahomolog.com.br\/dev\/just-real-moms\/sol-com-seguranca-no-verao\/\" \/>\n<meta property=\"og:locale\" content=\"pt_BR\" \/>\n<meta property=\"og:type\" content=\"article\" \/>\n<meta property=\"og:title\" content=\"Sol com seguran\u00e7a no ver\u00e3o!\" \/>\n<meta property=\"og:description\" content=\"Favorite&nbsp; &nbsp; &nbsp; Meninas, a querida Dra. Juliana Mac\u00e9a, que j\u00e1 nos deu informa\u00e7\u00f5es de como tratar a pele na gravidez (vejam aqui) e de como evitar e tratar das assaduras (vejam aqui), hoje vai nos dar dicas incr\u00edveis de como expor nossos pequenos ao sol com seguran\u00e7a!!! &nbsp; As f\u00e9rias de ver\u00e3o est\u00e3o a\u00ed [&hellip;]\" \/>\n<meta property=\"og:url\" content=\"https:\/\/colinahomolog.com.br\/dev\/just-real-moms\/sol-com-seguranca-no-verao\/\" \/>\n<meta property=\"og:site_name\" content=\"Just Real Moms - Blog para M\u00e3es\" \/>\n<meta property=\"article:publisher\" content=\"https:\/\/www.facebook.com\/JustRealMoms\" \/>\n<meta property=\"article:published_time\" content=\"2012-12-12T11:43:43+00:00\" \/>\n<meta property=\"article:modified_time\" content=\"2016-05-05T22:06:39+00:00\" \/>\n<meta property=\"og:image\" content=\"https:\/\/colinahomolog.com.br\/dev\/just-real-moms\/wp-content\/uploads\/2012\/12\/capabebe.jpg\" \/>\n\t<meta property=\"og:image:width\" content=\"1\" \/>\n\t<meta property=\"og:image:height\" content=\"1\" \/>\n\t<meta property=\"og:image:type\" content=\"image\/jpeg\" \/>\n<meta name=\"author\" content=\"Renata\" \/>\n<meta name=\"twitter:label1\" content=\"Escrito por\" \/>\n\t<meta name=\"twitter:data1\" content=\"Renata\" \/>\n\t<meta name=\"twitter:label2\" content=\"Est. tempo de leitura\" \/>\n\t<meta name=\"twitter:data2\" content=\"2 minutos\" \/>\n<script type=\"application\/ld+json\" class=\"yoast-schema-graph\">{\"@context\":\"https:\/\/schema.org\",\"@graph\":[{\"@type\":\"WebPage\",\"@id\":\"https:\/\/colinahomolog.com.br\/dev\/just-real-moms\/sol-com-seguranca-no-verao\/\",\"url\":\"https:\/\/colinahomolog.com.br\/dev\/just-real-moms\/sol-com-seguranca-no-verao\/\",\"name\":\"Sol com seguran\u00e7a no ver\u00e3o!\",\"isPartOf\":{\"@id\":\"https:\/\/colinahomolog.com.br\/dev\/just-real-moms\/#website\"},\"primaryImageOfPage\":{\"@id\":\"https:\/\/colinahomolog.com.br\/dev\/just-real-moms\/sol-com-seguranca-no-verao\/#primaryimage\"},\"image\":{\"@id\":\"https:\/\/colinahomolog.com.br\/dev\/just-real-moms\/sol-com-seguranca-no-verao\/#primaryimage\"},\"thumbnailUrl\":\"https:\/\/colinahomolog.com.br\/dev\/just-real-moms\/wp-content\/uploads\/2012\/12\/capabebe.jpg\",\"datePublished\":\"2012-12-12T11:43:43+00:00\",\"dateModified\":\"2016-05-05T22:06:39+00:00\",\"author\":{\"@id\":\"https:\/\/colinahomolog.com.br\/dev\/just-real-moms\/#\/schema\/person\/2f9d85c04a6847c0f366e0a40924a2fa\"},\"breadcrumb\":{\"@id\":\"https:\/\/colinahomolog.com.br\/dev\/just-real-moms\/sol-com-seguranca-no-verao\/#breadcrumb\"},\"inLanguage\":\"pt-BR\",\"potentialAction\":[{\"@type\":\"ReadAction\",\"target\":[\"https:\/\/colinahomolog.com.br\/dev\/just-real-moms\/sol-com-seguranca-no-verao\/\"]}]},{\"@type\":\"ImageObject\",\"inLanguage\":\"pt-BR\",\"@id\":\"https:\/\/colinahomolog.com.br\/dev\/just-real-moms\/sol-com-seguranca-no-verao\/#primaryimage\",\"url\":\"https:\/\/colinahomolog.com.br\/dev\/just-real-moms\/wp-content\/uploads\/2012\/12\/capabebe.jpg\",\"contentUrl\":\"https:\/\/colinahomolog.com.br\/dev\/just-real-moms\/wp-content\/uploads\/2012\/12\/capabebe.jpg\"},{\"@type\":\"BreadcrumbList\",\"@id\":\"https:\/\/colinahomolog.com.br\/dev\/just-real-moms\/sol-com-seguranca-no-verao\/#breadcrumb\",\"itemListElement\":[{\"@type\":\"ListItem\",\"position\":1,\"name\":\"In\u00edcio\",\"item\":\"https:\/\/colinahomolog.com.br\/dev\/just-real-moms\/\"},{\"@type\":\"ListItem\",\"position\":2,\"name\":\"Sol com seguran\u00e7a no ver\u00e3o!\"}]},{\"@type\":\"WebSite\",\"@id\":\"https:\/\/colinahomolog.com.br\/dev\/just-real-moms\/#website\",\"url\":\"https:\/\/colinahomolog.com.br\/dev\/just-real-moms\/\",\"name\":\"Just Real Moms - Blog para M\u00e3es\",\"description\":\"O melhor e mais completo portal para m\u00e3es, pais e futuros pais!\",\"potentialAction\":[{\"@type\":\"SearchAction\",\"target\":{\"@type\":\"EntryPoint\",\"urlTemplate\":\"https:\/\/colinahomolog.com.br\/dev\/just-real-moms\/?s={search_term_string}\"},\"query-input\":{\"@type\":\"PropertyValueSpecification\",\"valueRequired\":true,\"valueName\":\"search_term_string\"}}],\"inLanguage\":\"pt-BR\"},{\"@type\":\"Person\",\"@id\":\"https:\/\/colinahomolog.com.br\/dev\/just-real-moms\/#\/schema\/person\/2f9d85c04a6847c0f366e0a40924a2fa\",\"name\":\"Renata\",\"url\":\"https:\/\/colinahomolog.com.br\/dev\/just-real-moms\/author\/renata\/\"}]}<\/script>\n<!-- \/ Yoast SEO Premium plugin. -->","yoast_head_json":{"title":"Sol com seguran\u00e7a no ver\u00e3o!","robots":{"index":"index","follow":"follow","max-snippet":"max-snippet:-1","max-image-preview":"max-image-preview:large","max-video-preview":"max-video-preview:-1"},"canonical":"https:\/\/colinahomolog.com.br\/dev\/just-real-moms\/sol-com-seguranca-no-verao\/","og_locale":"pt_BR","og_type":"article","og_title":"Sol com seguran\u00e7a no ver\u00e3o!","og_description":"Favorite&nbsp; &nbsp; &nbsp; Meninas, a querida Dra. Juliana Mac\u00e9a, que j\u00e1 nos deu informa\u00e7\u00f5es de como tratar a pele na gravidez (vejam aqui) e de como evitar e tratar das assaduras (vejam aqui), hoje vai nos dar dicas incr\u00edveis de como expor nossos pequenos ao sol com seguran\u00e7a!!! &nbsp; As f\u00e9rias de ver\u00e3o est\u00e3o a\u00ed [&hellip;]","og_url":"https:\/\/colinahomolog.com.br\/dev\/just-real-moms\/sol-com-seguranca-no-verao\/","og_site_name":"Just Real Moms - Blog para M\u00e3es","article_publisher":"https:\/\/www.facebook.com\/JustRealMoms","article_published_time":"2012-12-12T11:43:43+00:00","article_modified_time":"2016-05-05T22:06:39+00:00","og_image":[{"url":"https:\/\/colinahomolog.com.br\/dev\/just-real-moms\/wp-content\/uploads\/2012\/12\/capabebe.jpg","width":1,"height":1,"type":"image\/jpeg"}],"author":"Renata","twitter_misc":{"Escrito por":"Renata","Est. tempo de leitura":"2 minutos"},"schema":{"@context":"https:\/\/schema.org","@graph":[{"@type":"WebPage","@id":"https:\/\/colinahomolog.com.br\/dev\/just-real-moms\/sol-com-seguranca-no-verao\/","url":"https:\/\/colinahomolog.com.br\/dev\/just-real-moms\/sol-com-seguranca-no-verao\/","name":"Sol com seguran\u00e7a no ver\u00e3o!","isPartOf":{"@id":"https:\/\/colinahomolog.com.br\/dev\/just-real-moms\/#website"},"primaryImageOfPage":{"@id":"https:\/\/colinahomolog.com.br\/dev\/just-real-moms\/sol-com-seguranca-no-verao\/#primaryimage"},"image":{"@id":"https:\/\/colinahomolog.com.br\/dev\/just-real-moms\/sol-com-seguranca-no-verao\/#primaryimage"},"thumbnailUrl":"https:\/\/colinahomolog.com.br\/dev\/just-real-moms\/wp-content\/uploads\/2012\/12\/capabebe.jpg","datePublished":"2012-12-12T11:43:43+00:00","dateModified":"2016-05-05T22:06:39+00:00","author":{"@id":"https:\/\/colinahomolog.com.br\/dev\/just-real-moms\/#\/schema\/person\/2f9d85c04a6847c0f366e0a40924a2fa"},"breadcrumb":{"@id":"https:\/\/colinahomolog.com.br\/dev\/just-real-moms\/sol-com-seguranca-no-verao\/#breadcrumb"},"inLanguage":"pt-BR","potentialAction":[{"@type":"ReadAction","target":["https:\/\/colinahomolog.com.br\/dev\/just-real-moms\/sol-com-seguranca-no-verao\/"]}]},{"@type":"ImageObject","inLanguage":"pt-BR","@id":"https:\/\/colinahomolog.com.br\/dev\/just-real-moms\/sol-com-seguranca-no-verao\/#primaryimage","url":"https:\/\/colinahomolog.com.br\/dev\/just-real-moms\/wp-content\/uploads\/2012\/12\/capabebe.jpg","contentUrl":"https:\/\/colinahomolog.com.br\/dev\/just-real-moms\/wp-content\/uploads\/2012\/12\/capabebe.jpg"},{"@type":"BreadcrumbList","@id":"https:\/\/colinahomolog.com.br\/dev\/just-real-moms\/sol-com-seguranca-no-verao\/#breadcrumb","itemListElement":[{"@type":"ListItem","position":1,"name":"In\u00edcio","item":"https:\/\/colinahomolog.com.br\/dev\/just-real-moms\/"},{"@type":"ListItem","position":2,"name":"Sol com seguran\u00e7a no ver\u00e3o!"}]},{"@type":"WebSite","@id":"https:\/\/colinahomolog.com.br\/dev\/just-real-moms\/#website","url":"https:\/\/colinahomolog.com.br\/dev\/just-real-moms\/","name":"Just Real Moms - Blog para M\u00e3es","description":"O melhor e mais completo portal para m\u00e3es, pais e futuros pais!","potentialAction":[{"@type":"SearchAction","target":{"@type":"EntryPoint","urlTemplate":"https:\/\/colinahomolog.com.br\/dev\/just-real-moms\/?s={search_term_string}"},"query-input":{"@type":"PropertyValueSpecification","valueRequired":true,"valueName":"search_term_string"}}],"inLanguage":"pt-BR"},{"@type":"Person","@id":"https:\/\/colinahomolog.com.br\/dev\/just-real-moms\/#\/schema\/person\/2f9d85c04a6847c0f366e0a40924a2fa","name":"Renata","url":"https:\/\/colinahomolog.com.br\/dev\/just-real-moms\/author\/renata\/"}]}},"_links":{"self":[{"href":"https:\/\/colinahomolog.com.br\/dev\/just-real-moms\/wp-json\/wp\/v2\/posts\/10398","targetHints":{"allow":["GET"]}}],"collection":[{"href":"https:\/\/colinahomolog.com.br\/dev\/just-real-moms\/wp-json\/wp\/v2\/posts"}],"about":[{"href":"https:\/\/colinahomolog.com.br\/dev\/just-real-moms\/wp-json\/wp\/v2\/types\/post"}],"author":[{"embeddable":true,"href":"https:\/\/colinahomolog.com.br\/dev\/just-real-moms\/wp-json\/wp\/v2\/users\/4"}],"replies":[{"embeddable":true,"href":"https:\/\/colinahomolog.com.br\/dev\/just-real-moms\/wp-json\/wp\/v2\/comments?post=10398"}],"version-history":[{"count":0,"href":"https:\/\/colinahomolog.com.br\/dev\/just-real-moms\/wp-json\/wp\/v2\/posts\/10398\/revisions"}],"wp:featuredmedia":[{"embeddable":true,"href":"https:\/\/colinahomolog.com.br\/dev\/just-real-moms\/wp-json\/wp\/v2\/media\/10403"}],"wp:attachment":[{"href":"https:\/\/colinahomolog.com.br\/dev\/just-real-moms\/wp-json\/wp\/v2\/media?parent=10398"}],"wp:term":[{"taxonomy":"category","embeddable":true,"href":"https:\/\/colinahomolog.com.br\/dev\/just-real-moms\/wp-json\/wp\/v2\/categories?post=10398"},{"taxonomy":"post_tag","embeddable":true,"href":"https:\/\/colinahomolog.com.br\/dev\/just-real-moms\/wp-json\/wp\/v2\/tags?post=10398"}],"curies":[{"name":"wp","href":"https:\/\/api.w.org\/{rel}","templated":true}]}}