{"id":104956,"date":"2023-06-20T13:35:33","date_gmt":"2023-06-20T16:35:33","guid":{"rendered":"https:\/\/colinahomolog.com.br\/dev\/just-real-moms\/?p=104956"},"modified":"2023-07-19T20:29:48","modified_gmt":"2023-07-19T23:29:48","slug":"grande-responsabilidade-dos-pais-como-seres-humanos","status":"publish","type":"post","link":"https:\/\/colinahomolog.com.br\/dev\/just-real-moms\/grande-responsabilidade-dos-pais-como-seres-humanos\/","title":{"rendered":"A grande responsabilidade dos pais como seres humanos"},"content":{"rendered":"<button class=\"simplefavorite-button preset\" data-postid=\"104956\" data-siteid=\"1\" data-groupid=\"1\" data-favoritecount=\"0\" style=\"box-shadow:none;-webkit-box-shadow:none;-moz-box-shadow:none;background-color:#68ccb4;border-color:#68ccb4;color:#ffffff;\"><i class=\"sf-icon-favorite\" style=\"\"><\/i>Favorite<\/button><h2>Hoje vamos falar da grande responsabilidade dos pais como seres humanos e como devemos sempre melhorar e aprimorar as viv\u00eancias e os aprendizados que tivemos com os nossos pr\u00f3prios pais. Confira!<\/h2>\n<p><a href=\"https:\/\/colinahomolog.com.br\/dev\/just-real-moms\/wp-content\/uploads\/2023\/06\/Pais-Avos-Dr-Paulo-Telles-Just-Real-Moms.webp\"><img fetchpriority=\"high\" decoding=\"async\" class=\"alignnone size-full wp-image-104961\" src=\"https:\/\/colinahomolog.com.br\/dev\/just-real-moms\/wp-content\/uploads\/2023\/06\/Pais-Avos-Dr-Paulo-Telles-Just-Real-Moms.webp\" alt=\"Casal (pais) abra\u00e7ando seus pais (av\u00f3s) sorrindo em uma \u00e1rea externa da casa - Just Real Moms\" width=\"1500\" height=\"1000\" srcset=\"https:\/\/colinahomolog.com.br\/dev\/just-real-moms\/wp-content\/uploads\/2023\/06\/Pais-Avos-Dr-Paulo-Telles-Just-Real-Moms.webp 1500w, https:\/\/colinahomolog.com.br\/dev\/just-real-moms\/wp-content\/uploads\/2023\/06\/Pais-Avos-Dr-Paulo-Telles-Just-Real-Moms-400x267.webp 400w, https:\/\/colinahomolog.com.br\/dev\/just-real-moms\/wp-content\/uploads\/2023\/06\/Pais-Avos-Dr-Paulo-Telles-Just-Real-Moms-820x547.webp 820w, https:\/\/colinahomolog.com.br\/dev\/just-real-moms\/wp-content\/uploads\/2023\/06\/Pais-Avos-Dr-Paulo-Telles-Just-Real-Moms-300x200.webp 300w, https:\/\/colinahomolog.com.br\/dev\/just-real-moms\/wp-content\/uploads\/2023\/06\/Pais-Avos-Dr-Paulo-Telles-Just-Real-Moms-768x512.webp 768w, https:\/\/colinahomolog.com.br\/dev\/just-real-moms\/wp-content\/uploads\/2023\/06\/Pais-Avos-Dr-Paulo-Telles-Just-Real-Moms-150x100.webp 150w, https:\/\/colinahomolog.com.br\/dev\/just-real-moms\/wp-content\/uploads\/2023\/06\/Pais-Avos-Dr-Paulo-Telles-Just-Real-Moms-696x464.webp 696w, https:\/\/colinahomolog.com.br\/dev\/just-real-moms\/wp-content\/uploads\/2023\/06\/Pais-Avos-Dr-Paulo-Telles-Just-Real-Moms-1068x712.webp 1068w\" sizes=\"(max-width: 1500px) 100vw, 1500px\" \/><\/a><\/p>\n<p>Oi Mam\u00e3es, Papais e futuros Pais! Esse post traz uma reflex\u00e3o linda e leve que todos n\u00f3s pais dever\u00edamos ler&#8230;e reler. Afinal, temos uma grande responsabilidade como pais.<\/p>\n<p>Recentemente fizemos um evento incr\u00edvel na Unibes Cultural com o tema \u00a0<a href=\"https:\/\/www.youtube.com\/watch?v=cvGwiTm-Gy0\" target=\"_blank\" rel=\"noopener\"><strong>\u201cConflitos Intergeracionais: Como ter rela\u00e7\u00f5es harmoniosas entre Pais e Av\u00f3s na conviv\u00eancia com as crian\u00e7as\u201d<\/strong><\/a>, onde convidamos alguns especialistas para palestrar. (N\u00e3o deixe de ver no link o evento na \u00edntegra!)<\/p>\n<p>Entre os palestrantes estava o <a href=\"https:\/\/colinahomolog.com.br\/dev\/just-real-moms\/guia\/dr-paulo-telles\/\" target=\"_blank\" rel=\"noopener\"><strong>Dr. Paulo Telles \u2013 Pediatra e Neonatologista<\/strong><\/a>. E hoje, em sua coluna, ele traz pontos important\u00edssimos para m\u00e3es e pais quando falamos das responsabilidades dos pais.<\/p>\n<p>Cada gera\u00e7\u00e3o vem para melhorar e evoluir em rela\u00e7\u00e3o a gera\u00e7\u00e3o anterior. E assim, algumas das coisas que vivemos e aprendemos com os nossos pais, pode n\u00e3o fazer mais sentido hoje. E tudo bem!<\/p>\n<p>Como o Dr. Paulo falou: <em>\u201cA cria\u00e7\u00e3o de um filho \u00e9 uma arte abstrata, assim como \u00e9 o amor. N\u00e3o tenha medo de pintar o melhor quadro que voc\u00ea \u00e9 capaz! E acima de tudo orgulhe-se da sua obra prima!\u201d<\/em><\/p>\n<h3>Confira o post abaixo e certamente n\u00e3o deixe de compartilh\u00e1-lo com outros pais!<\/h3>\n<hr \/>\n<p>Devemos fazer o poss\u00edvel para tornar o mundo um lugar melhor para a pr\u00f3xima gera\u00e7\u00e3o, temos que criar nossos filhos ajustando a educa\u00e7\u00e3o, com mais igualdade, justi\u00e7a, toler\u00e2ncia, menos \u00f3dio e mais amor ao pr\u00f3ximo.<\/p>\n<p>Assim, eles poder\u00e3o fazer o mesmo para com seus filhos e uma corrente evolutiva acontecer\u00e1, o ganho ser\u00e1 da sociedade como um todo.<\/p>\n<p>Devemos aprender com os erros que identificamos em nossos pais e nos fizeram sofrer, devemos aprender com as dificuldades da nossa cria\u00e7\u00e3o e sermos capazes de ao inv\u00e9s de perpetuar as adversidades e repetir o que recebemos, dar um basta, sem \u00f3dio ou rancor.<\/p>\n<p>Afinal, cada um oferece o que \u00e9 capaz. Temos que conseguir agradecer o que recebemos e perceber o que gostar\u00edamos de ter recebido, esta mudan\u00e7a \u00e9 o come\u00e7o desta evolu\u00e7\u00e3o.<\/p>\n<p>Ser capaz de n\u00e3o repetir os mesmos erros com seus filhos, \u00e9 o que chamo de evolu\u00e7\u00e3o geracional, que \u00e9 a capacidade de ser resiliente e estimular a resili\u00eancia.<\/p>\n<h3>Temos o dever de identificar as dificuldades que tivemos, nossos defeitos, ansiedades, ang\u00fastias que nos trouxeram insatisfa\u00e7\u00e3o, e mudar.<\/h3>\n<p>Poder buscar acima de tudo, evoluir, ser humildes, estudar, fazer terapia, conversar, aprender a tratar as mazelas que levamos da nossa inf\u00e2ncia e cria\u00e7\u00e3o e, assim, tentar educar nossos filhos sem estes problemas. Chamo isso de blindagem de afeto, uma das mais belas formas de prote\u00e7\u00e3o.<\/p>\n<p><a href=\"https:\/\/colinahomolog.com.br\/dev\/just-real-moms\/wp-content\/uploads\/2023\/06\/Familia-Grande-responsabilidade-dos-pais-como-seres-humanos-Dr-Paulo-Telles-Just-Real-Moms.webp\"><img decoding=\"async\" class=\"alignnone size-full wp-image-104959\" src=\"https:\/\/colinahomolog.com.br\/dev\/just-real-moms\/wp-content\/uploads\/2023\/06\/Familia-Grande-responsabilidade-dos-pais-como-seres-humanos-Dr-Paulo-Telles-Just-Real-Moms.webp\" alt=\"Familia de mae, pai e 3 crian\u00e7as, em floresta fazendo picnic - Just Real Moms\" width=\"1500\" height=\"1000\" srcset=\"https:\/\/colinahomolog.com.br\/dev\/just-real-moms\/wp-content\/uploads\/2023\/06\/Familia-Grande-responsabilidade-dos-pais-como-seres-humanos-Dr-Paulo-Telles-Just-Real-Moms.webp 1500w, https:\/\/colinahomolog.com.br\/dev\/just-real-moms\/wp-content\/uploads\/2023\/06\/Familia-Grande-responsabilidade-dos-pais-como-seres-humanos-Dr-Paulo-Telles-Just-Real-Moms-400x267.webp 400w, https:\/\/colinahomolog.com.br\/dev\/just-real-moms\/wp-content\/uploads\/2023\/06\/Familia-Grande-responsabilidade-dos-pais-como-seres-humanos-Dr-Paulo-Telles-Just-Real-Moms-820x547.webp 820w, https:\/\/colinahomolog.com.br\/dev\/just-real-moms\/wp-content\/uploads\/2023\/06\/Familia-Grande-responsabilidade-dos-pais-como-seres-humanos-Dr-Paulo-Telles-Just-Real-Moms-300x200.webp 300w, https:\/\/colinahomolog.com.br\/dev\/just-real-moms\/wp-content\/uploads\/2023\/06\/Familia-Grande-responsabilidade-dos-pais-como-seres-humanos-Dr-Paulo-Telles-Just-Real-Moms-768x512.webp 768w, https:\/\/colinahomolog.com.br\/dev\/just-real-moms\/wp-content\/uploads\/2023\/06\/Familia-Grande-responsabilidade-dos-pais-como-seres-humanos-Dr-Paulo-Telles-Just-Real-Moms-150x100.webp 150w, https:\/\/colinahomolog.com.br\/dev\/just-real-moms\/wp-content\/uploads\/2023\/06\/Familia-Grande-responsabilidade-dos-pais-como-seres-humanos-Dr-Paulo-Telles-Just-Real-Moms-696x464.webp 696w, https:\/\/colinahomolog.com.br\/dev\/just-real-moms\/wp-content\/uploads\/2023\/06\/Familia-Grande-responsabilidade-dos-pais-como-seres-humanos-Dr-Paulo-Telles-Just-Real-Moms-1068x712.webp 1068w\" sizes=\"(max-width: 1500px) 100vw, 1500px\" \/><\/a><\/p>\n<p>N\u00e3o aceite o que voc\u00ea recebeu como regra: \u201cmas eu era assim e deu certo\u201d, \u201csou de outra gera\u00e7\u00e3o, n\u00e3o tinha nada disso na minha \u00e9poca\u201d, \u201cele est\u00e1 assim porque voc\u00eas s\u00e3o moles\u201d, \u201cdei a\u00e7\u00facar a vida toda para voc\u00eas e est\u00e3o a\u00ed saud\u00e1veis\u201d, ou \u201c voc\u00eas dormiam de barriga para baixo e est\u00e3o fortes e vivos\u201d.<\/p>\n<p>Chega de conformismo. Chega de perpetuar o m\u00ednimo, ou justificar suas dificuldades e limita\u00e7\u00f5es afetuosas pelo que n\u00e3o recebeu.<\/p>\n<p>Busque alternativas, seja resiliente e apoie-se no que voc\u00ea pode fazer pela pr\u00f3xima gera\u00e7\u00e3o. Isso serve para pais, tios e av\u00f3s.<\/p>\n<p>Veja este exemplo da gera\u00e7\u00e3o que teve pais duros, com castigos, que batia nos filhos, educa\u00e7\u00e3o pautada na puni\u00e7\u00e3o.<\/p>\n<h3>Muitos destes filhos, ao virarem pais, acabam repetindo a forma errada do criar atrav\u00e9s do medo, que \u00e9 muito diferente do respeito.<\/h3>\n<p>Esta forma afasta os filhos dos pais, criando uma crian\u00e7a cheia de inseguran\u00e7a, que acha que a forma de resolver os problemas deve ser na for\u00e7a, na amea\u00e7a, na imposi\u00e7\u00e3o e no grito.<\/p>\n<p>Ou ent\u00e3o, pode gerar uma cria\u00e7\u00e3o muito permissiva, tamb\u00e9m baseada no medo, no medo de repetir o erro. E no intuito de evitar repetir este processo agressivo, acaba educando de forma desequilibrada, podendo gerar indiv\u00edduos com <a href=\"https:\/\/leofraiman.com.br\/qual-e-o-limite-de-seus-limites\/\" target=\"_blank\" rel=\"noopener\"><strong>poucos limites<\/strong><\/a>.<\/p>\n<p>Brinco que \u00e9 a gera\u00e7\u00e3o dos medrosos eram crian\u00e7as que tinham medo dos pais e agora s\u00e3o pais que tem medo dos filhos e at\u00e9 dos netos.<\/p>\n<p>Estes fazem de tudo para agradar, evitam frustra\u00e7\u00f5es, presenteiam em excesso, doces em exagero, \u201csim\u201d para tudo. Tudo pode, pouco limite, e pouco respeito, bem diferente da vida real. Veja que em nenhum momento falo em excesso de afeto e amor, pois isso sempre \u00e9 \u00f3timo.<\/p>\n<p>Devemos sempre sair da zona de conforto antes de pensar em ser pai ou m\u00e3e. Voc\u00ea deve iniciar este processo reflexivo, diria que at\u00e9 mesmo antes de engravidar junto com seu parceiro.<\/p>\n<p>Ser\u00e1 que \u00e9 isso que queremos? N\u00e3o se pergunte se est\u00e1 pronto, nunca estaremos. A maternidade e a paternidade s\u00e3o um aprendizado constante, uma evolu\u00e7\u00e3o di\u00e1ria, um esfor\u00e7o enorme em acertar.<\/p>\n<p>Mas, ser\u00e1 que estamos prontos para mudar nossas vidas e dividir tudo isso com outro ser, um pequeno ser que demanda, que precisa de voc\u00eas, que tem que fazer parte das prioridades do casal?<\/p>\n<p>Esta talvez seja a primeira rede de apoio ou suporte que deveria acontecer, deveria ser o in\u00edcio desta jornada da paternidade.<\/p>\n<h3>N\u00e3o tenha medo de errar, mas seja humilde para ouvir e n\u00e3o repetir os erros.<\/h3>\n<p>Ajude, fale, ou\u00e7a, chore, grite, sorria, reflita, e acima de tudo aceite. Seja humilde, ou\u00e7a, reflita sobre a raiva que sente ao ser criticado, ningu\u00e9m gosta de ouvir seus defeitos, mas se te incomoda algo deve ser elaborado. Respire e pense antes de responder.<\/p>\n<p>A maternidade e a paternidade \u00e9 algo incr\u00edvel, complexo, dif\u00edcil, cheio de culpa, de ang\u00fastia, de inseguran\u00e7as em todos os sentidos.<\/p>\n<p>Mas, tamb\u00e9m cheio de amor, carinho, afeto, prazer, alegria.<\/p>\n<p>Ir\u00e1 te completar de forma indescrit\u00edvel. Mas, para isso precisamos estar abertos, prontos e preparados.<\/p>\n<p><a href=\"https:\/\/colinahomolog.com.br\/dev\/just-real-moms\/wp-content\/uploads\/2023\/06\/Grande-responsabilidade-dos-pais-como-seres-humanos-Dr-Paulo-Telles-Just-Real-Moms.webp\"><img decoding=\"async\" class=\"alignnone size-full wp-image-104960\" src=\"https:\/\/colinahomolog.com.br\/dev\/just-real-moms\/wp-content\/uploads\/2023\/06\/Grande-responsabilidade-dos-pais-como-seres-humanos-Dr-Paulo-Telles-Just-Real-Moms.webp\" alt=\"M\u00e3e e pais segurando menino bebe, sentados na grama e sorrindo - Just Real Moms\" width=\"1500\" height=\"1000\" srcset=\"https:\/\/colinahomolog.com.br\/dev\/just-real-moms\/wp-content\/uploads\/2023\/06\/Grande-responsabilidade-dos-pais-como-seres-humanos-Dr-Paulo-Telles-Just-Real-Moms.webp 1500w, https:\/\/colinahomolog.com.br\/dev\/just-real-moms\/wp-content\/uploads\/2023\/06\/Grande-responsabilidade-dos-pais-como-seres-humanos-Dr-Paulo-Telles-Just-Real-Moms-400x267.webp 400w, https:\/\/colinahomolog.com.br\/dev\/just-real-moms\/wp-content\/uploads\/2023\/06\/Grande-responsabilidade-dos-pais-como-seres-humanos-Dr-Paulo-Telles-Just-Real-Moms-820x547.webp 820w, https:\/\/colinahomolog.com.br\/dev\/just-real-moms\/wp-content\/uploads\/2023\/06\/Grande-responsabilidade-dos-pais-como-seres-humanos-Dr-Paulo-Telles-Just-Real-Moms-300x200.webp 300w, https:\/\/colinahomolog.com.br\/dev\/just-real-moms\/wp-content\/uploads\/2023\/06\/Grande-responsabilidade-dos-pais-como-seres-humanos-Dr-Paulo-Telles-Just-Real-Moms-768x512.webp 768w, https:\/\/colinahomolog.com.br\/dev\/just-real-moms\/wp-content\/uploads\/2023\/06\/Grande-responsabilidade-dos-pais-como-seres-humanos-Dr-Paulo-Telles-Just-Real-Moms-150x100.webp 150w, https:\/\/colinahomolog.com.br\/dev\/just-real-moms\/wp-content\/uploads\/2023\/06\/Grande-responsabilidade-dos-pais-como-seres-humanos-Dr-Paulo-Telles-Just-Real-Moms-696x464.webp 696w, https:\/\/colinahomolog.com.br\/dev\/just-real-moms\/wp-content\/uploads\/2023\/06\/Grande-responsabilidade-dos-pais-como-seres-humanos-Dr-Paulo-Telles-Just-Real-Moms-1068x712.webp 1068w\" sizes=\"(max-width: 1500px) 100vw, 1500px\" \/><\/a><\/p>\n<p>Na verdade, como disse nunca estaremos totalmente preparados, porque s\u00f3 ao iniciar est\u00e1 tarefa descobriremos exatamente o que precisamos. As necessidades ser\u00e3o distintas em cada casa, em cada pessoa.<\/p>\n<p>Sabe por qu\u00ea?<\/p>\n<h3>Porque as hist\u00f3rias de cria\u00e7\u00e3o foram distintas. A base \u00e9 diferente, alinhar isso entre os cuidadores \u00e9 primordial para que crian\u00e7a cres\u00e7a mais segura e sabendo distinguir o certo e o errado.<\/h3>\n<p>Maternar \u00e9 din\u00e2mico, vai depender de cada crian\u00e7a, de cada pai ou m\u00e3e e de tudo que trazemos do ponto de vista gen\u00e9tico e epigen\u00e9tico. De como responderemos aos est\u00edmulos externos, de como nos moldaremos com os novos desafios.<\/p>\n<p>Esta evolu\u00e7\u00e3o acontecer\u00e1 na forma de parceria.<\/p>\n<p>N\u00e3o tenha vergonha em entender e at\u00e9 falar: \u201cEstamos todos aprendendo juntos. Eu aprendo a ser pai ao mesmo tempo que voc\u00ea cresce e aprende a ser filho.\u201d<\/p>\n<p>Assim pais e filhos mudar\u00e3o, evoluir\u00e3o e crescer\u00e3o juntos formando uma rede, uma teia desafiadora de afeto, amor e cumplicidade, onde todos ganham e crescem.<\/p>\n<p>Basta estar aberto para mudar, para conseguir superar cada obst\u00e1culo, desafio e etapa.<\/p>\n<p>Das dificuldades do parto, na maternidade, na amamenta\u00e7\u00e3o, das noites sem dormir, da dificuldade nas doen\u00e7as, na falta de apetite, nas birras, no primeiro dia da escola, o desmame, a volta ao trabalho, a primeira viagem sem seu filho, as festas e baladas, os acampamentos, as noites na casa dos amigos, as discuss\u00f5es e orienta\u00e7\u00f5es sobre tela e jogos, o quarto trancado, a m\u00fasica alta, a escolha da profiss\u00e3o, o n\u00e3o voltar para casa na hora combinada, o n\u00e3o responder o celular, o primeiro amor e o primeiro fora, passar na faculdade, o primeiro emprego, a despedida para a sa\u00edda de casa, o ninho vazio\u2026<\/p>\n<h3>As preocupa\u00e7\u00f5es nunca ter\u00e3o fim, estaremos sempre um pouco verdes, amadurecendo at\u00e9 o dia da despedida final.<\/h3>\n<p>Para todas as decis\u00f5es relacionadas ao seu filho voc\u00ea estudar\u00e1, conversar\u00e1 com amigos, terapeuta, pediatra e os av\u00f3s.<\/p>\n<p>Desde a escolha da maternidade, escola, hor\u00e1rio da escola, tipo de alimenta\u00e7\u00e3o, rotina\u2026 tudo.<\/p>\n<p><a href=\"https:\/\/colinahomolog.com.br\/dev\/just-real-moms\/wp-content\/uploads\/2023\/06\/Alimentacao-Pais-Dr-Paulo-Telles-Just-Real-Moms.webp\"><img loading=\"lazy\" decoding=\"async\" class=\"alignnone size-full wp-image-104958\" src=\"https:\/\/colinahomolog.com.br\/dev\/just-real-moms\/wp-content\/uploads\/2023\/06\/Alimentacao-Pais-Dr-Paulo-Telles-Just-Real-Moms.webp\" alt=\"Familia afro decendentes - M\u00e3e com beb\u00ea no colo ao lado do pai no supermercado escolhendo frutas - Just Real Moms\" width=\"1500\" height=\"1000\" srcset=\"https:\/\/colinahomolog.com.br\/dev\/just-real-moms\/wp-content\/uploads\/2023\/06\/Alimentacao-Pais-Dr-Paulo-Telles-Just-Real-Moms.webp 1500w, https:\/\/colinahomolog.com.br\/dev\/just-real-moms\/wp-content\/uploads\/2023\/06\/Alimentacao-Pais-Dr-Paulo-Telles-Just-Real-Moms-400x267.webp 400w, https:\/\/colinahomolog.com.br\/dev\/just-real-moms\/wp-content\/uploads\/2023\/06\/Alimentacao-Pais-Dr-Paulo-Telles-Just-Real-Moms-820x547.webp 820w, https:\/\/colinahomolog.com.br\/dev\/just-real-moms\/wp-content\/uploads\/2023\/06\/Alimentacao-Pais-Dr-Paulo-Telles-Just-Real-Moms-300x200.webp 300w, https:\/\/colinahomolog.com.br\/dev\/just-real-moms\/wp-content\/uploads\/2023\/06\/Alimentacao-Pais-Dr-Paulo-Telles-Just-Real-Moms-768x512.webp 768w, https:\/\/colinahomolog.com.br\/dev\/just-real-moms\/wp-content\/uploads\/2023\/06\/Alimentacao-Pais-Dr-Paulo-Telles-Just-Real-Moms-150x100.webp 150w, https:\/\/colinahomolog.com.br\/dev\/just-real-moms\/wp-content\/uploads\/2023\/06\/Alimentacao-Pais-Dr-Paulo-Telles-Just-Real-Moms-696x464.webp 696w, https:\/\/colinahomolog.com.br\/dev\/just-real-moms\/wp-content\/uploads\/2023\/06\/Alimentacao-Pais-Dr-Paulo-Telles-Just-Real-Moms-1068x712.webp 1068w\" sizes=\"(max-width: 1500px) 100vw, 1500px\" \/><\/a><\/p>\n<p>Ent\u00e3o, por que n\u00e3o se preparar para ser pai e m\u00e3e?<\/p>\n<p>N\u00e3o adianta apenas fazer curso antes do parto. O preparo \u00e9 gigante e deve ser de dentro para fora, ao cuidar de si, nos preparamos minimamente para ser capazes de cuidar do outro.<\/p>\n<p>Cuidar do mundo ao seu redor, amar a si mesmo para ser capaz de amar o pr\u00f3ximo e assim o amor, o cuidado, o carinho moldar\u00e3o uma sociedade melhor.<\/p>\n<p>O ciclo evolutivo deve ser este. Cada gera\u00e7\u00e3o deve ser melhor e mais preparada para viver feliz. Que sejamos capazes de nos orgulhar ao ver nossos filhos sendo mais capazes do que fomos na sua cria\u00e7\u00e3o, sem ci\u00fames, pois fazemos parte desta conquista.<\/p>\n<h3>Est\u00e1 \u00e9 a verdadeira evolu\u00e7\u00e3o da nossa esp\u00e9cie!<\/h3>\n<p>Isso sem d\u00favidas moldar\u00e1 a evolu\u00e7\u00e3o da humanidade que est\u00e1 carente e perdida nos conflitos, que come\u00e7am dentro de casa e geram a bipolaridade e o \u00f3dio que tem pautado nossa sociedade atual.<\/p>\n<p><strong>N\u00e3o se esque\u00e7a<\/strong>: A cria\u00e7\u00e3o de um filho \u00e9 uma arte abstrata, assim como \u00e9 o amor. N\u00e3o tenha medo de pintar o melhor quadro que voc\u00ea \u00e9 capaz! E acima de tudo orgulhe-se da sua obra prima!<\/p>\n<hr \/>\n<p>Por fim, se gostou desse post, aproveite para ler tamb\u00e9m \u201c<a href=\"https:\/\/colinahomolog.com.br\/dev\/just-real-moms\/pais-educam-avos-apoiam\/\" target=\"_blank\" rel=\"noopener\"><strong>Pais educam, av\u00f3s apoiam<\/strong><\/a>\u201d e \u201c<a href=\"https:\/\/colinahomolog.com.br\/dev\/just-real-moms\/contato-com-natureza-desenvolvimento-infantil\" target=\"_blank\" rel=\"noopener\"><strong>A import\u00e2ncia do contato com a natureza para o desenvolvimento infantil<\/strong><\/a>\u201d.<\/p>\n<hr \/>\n<figure id=\"attachment_120821\" aria-describedby=\"caption-attachment-120821\" style=\"width: 2500px\" class=\"wp-caption alignnone\"><a href=\"https:\/\/colinahomolog.com.br\/dev\/just-real-moms\/wp-content\/uploads\/2023\/07\/TAG-Post-Medicos-Especialistas.webp\"><img loading=\"lazy\" decoding=\"async\" class=\"size-full wp-image-120821\" src=\"https:\/\/colinahomolog.com.br\/dev\/just-real-moms\/wp-content\/uploads\/2023\/07\/TAG-Post-Medicos-Especialistas.webp\" alt=\"Este post do Just Real Moms foi cuidadosamente elaborado por um m\u00e9dico altamente qualificado, trazendo informa\u00e7\u00f5es confi\u00e1veis e embasadas para voc\u00ea. Fique por dentro dos insights e conselhos de um verdadeiro especialista no assunto!\" width=\"2500\" height=\"300\" srcset=\"https:\/\/colinahomolog.com.br\/dev\/just-real-moms\/wp-content\/uploads\/2023\/07\/TAG-Post-Medicos-Especialistas.webp 2500w, https:\/\/colinahomolog.com.br\/dev\/just-real-moms\/wp-content\/uploads\/2023\/07\/TAG-Post-Medicos-Especialistas-400x48.webp 400w, https:\/\/colinahomolog.com.br\/dev\/just-real-moms\/wp-content\/uploads\/2023\/07\/TAG-Post-Medicos-Especialistas-820x98.webp 820w, https:\/\/colinahomolog.com.br\/dev\/just-real-moms\/wp-content\/uploads\/2023\/07\/TAG-Post-Medicos-Especialistas-300x36.webp 300w, https:\/\/colinahomolog.com.br\/dev\/just-real-moms\/wp-content\/uploads\/2023\/07\/TAG-Post-Medicos-Especialistas-768x92.webp 768w, https:\/\/colinahomolog.com.br\/dev\/just-real-moms\/wp-content\/uploads\/2023\/07\/TAG-Post-Medicos-Especialistas-1536x184.webp 1536w, https:\/\/colinahomolog.com.br\/dev\/just-real-moms\/wp-content\/uploads\/2023\/07\/TAG-Post-Medicos-Especialistas-2048x246.webp 2048w, https:\/\/colinahomolog.com.br\/dev\/just-real-moms\/wp-content\/uploads\/2023\/07\/TAG-Post-Medicos-Especialistas-150x18.webp 150w, https:\/\/colinahomolog.com.br\/dev\/just-real-moms\/wp-content\/uploads\/2023\/07\/TAG-Post-Medicos-Especialistas-696x84.webp 696w, https:\/\/colinahomolog.com.br\/dev\/just-real-moms\/wp-content\/uploads\/2023\/07\/TAG-Post-Medicos-Especialistas-1068x128.webp 1068w, https:\/\/colinahomolog.com.br\/dev\/just-real-moms\/wp-content\/uploads\/2023\/07\/TAG-Post-Medicos-Especialistas-1920x230.webp 1920w\" sizes=\"(max-width: 2500px) 100vw, 2500px\" \/><\/a><figcaption id=\"caption-attachment-120821\" class=\"wp-caption-text\">Este post do Just Real Moms foi cuidadosamente elaborado por um m\u00e9dico altamente qualificado, trazendo informa\u00e7\u00f5es confi\u00e1veis e embasadas para voc\u00ea. Fique por dentro dos insights e conselhos de um verdadeiro especialista no assunto!<\/figcaption><\/figure>\n<h3>Sobre o Dr. Paulo Nardy Telles (CRM 109556 | RQE 93689)<\/h3>\n<p><strong>Instagram<\/strong>: <strong><a href=\"https:\/\/www.instagram.com\/paulotelles\/\" target=\"_blank\" rel=\"noopener\">@PauloTelles<\/a><\/strong><\/p>\n<p><strong>Esposo, Pai do L\u00e9o e da Nina Pediatra e Neonatologista pela Sociedade Brasileira de Pediatria.<\/strong><\/p>\n<ul>\n<li>Formado pela Faculdade de Medicina do ABC<\/li>\n<li>Resid\u00eancia m\u00e9dica em pediatra e neonatologia pela <strong><a href=\"https:\/\/www.fm.usp.br\/\" target=\"_blank\" rel=\"noopener noreferrer\">Faculdade de Medicina da USP<\/a><\/strong><\/li>\n<li>Preceptoria em Neonatologia pelo hospital Universit\u00e1rio da USP<\/li>\n<li>T\u00edtulo de Especialista em Pediatria pela SBP<\/li>\n<li>T\u00edtulo de Especialista em Neonatologia pela SBP<\/li>\n<li>Atuou como Pediatra e Neonatologista no Hospital Israelita Albert Einstein 2008-2012<\/li>\n<li>18 anos atuando em sua cl\u00ednica particular de pediatria, puericultura<\/li>\n<\/ul>\n<hr \/>\n<h5><em>A informa\u00e7\u00e3o dispon\u00edvel neste site n\u00e3o substitui o parecer de um m\u00e9dico profissional. Sempre consulte o seu m\u00e9dico sobre qualquer assunto relativo \u00e0 sua sa\u00fade, \u00e0 sa\u00fade dos seus filhos e familiares e aos seus tratamentos e medicamentos.<\/em><\/h5>\n<hr \/>\n<h6>Cr\u00e9dito:<span style=\"font-size: 16px;\"> Cortesia de Nataliya Vaitkevich, RDNE Stock project e Greta Hoffman<\/span><\/h6>\n\n    <div class=\"xs_social_share_widget xs_share_url after_content \t\tmain_content  wslu-style-1 wslu-share-box-shaped wslu-fill-colored wslu-none wslu-share-horizontal wslu-theme-font-no wslu-main_content\">\n\n\t\t\n        <ul>\n\t\t\t        <\/ul>\n    <\/div> \n","protected":false},"excerpt":{"rendered":"<p>FavoriteHoje vamos falar da grande responsabilidade dos pais como seres humanos e como devemos sempre melhorar e aprimorar as viv\u00eancias e os aprendizados que tivemos com os nossos pr\u00f3prios pais. Confira! Oi Mam\u00e3es, Papais e futuros Pais! Esse post traz uma reflex\u00e3o linda e leve que todos n\u00f3s pais dever\u00edamos ler&#8230;e reler. Afinal, temos uma [&hellip;]<\/p>\n","protected":false},"author":1049,"featured_media":104961,"comment_status":"open","ping_status":"closed","sticky":false,"template":"","format":"standard","meta":{"_acf_changed":false,"footnotes":""},"categories":[30,453,2304,2306,1785,1777],"tags":[1056,2697,110,3129,1371,2005,2751,1372,1885,3461,2316,2857],"class_list":{"0":"post-104956","1":"post","2":"type-post","3":"status-publish","4":"format-standard","5":"has-post-thumbnail","7":"category-de-mae-para-mae","8":"category-dicas-dos-especialistas","9":"category-maes-empreendedoras","10":"category-para-os-papais","11":"category-psicologia","12":"category-somos-todas-iguais","13":"tag-boa-educacao","14":"tag-dr-paulo-telles","15":"tag-educacao","16":"tag-educacao-do-futuro","17":"tag-educacao-dos-filhos","18":"tag-educacao-infantil","19":"tag-educacao-nao-violenta","20":"tag-erros-na-educacao","21":"tag-familia","22":"tag-geracao","23":"tag-pediatra","24":"tag-viagens-em-familia"},"acf":[],"yoast_head":"<!-- This site is optimized with the Yoast SEO Premium plugin v26.6 (Yoast SEO v26.6) - https:\/\/yoast.com\/wordpress\/plugins\/seo\/ -->\n<title>A grande responsabilidade dos pais como seres humanos<\/title>\n<meta name=\"description\" content=\"A grande responsabilidade dos pais como seres humanos e como devemos sempre melhorar e aprimorar as viv\u00eancias e os aprendizados que tivemos.\" \/>\n<meta name=\"robots\" content=\"index, follow, max-snippet:-1, max-image-preview:large, max-video-preview:-1\" \/>\n<link rel=\"canonical\" href=\"https:\/\/colinahomolog.com.br\/dev\/just-real-moms\/grande-responsabilidade-dos-pais-como-seres-humanos\/\" \/>\n<meta property=\"og:locale\" content=\"pt_BR\" \/>\n<meta property=\"og:type\" content=\"article\" \/>\n<meta property=\"og:title\" content=\"A grande responsabilidade dos pais como seres humanos\" \/>\n<meta property=\"og:description\" content=\"A grande responsabilidade dos pais como seres humanos e como devemos sempre melhorar e aprimorar as viv\u00eancias e os aprendizados que tivemos.\" \/>\n<meta property=\"og:url\" content=\"https:\/\/colinahomolog.com.br\/dev\/just-real-moms\/grande-responsabilidade-dos-pais-como-seres-humanos\/\" \/>\n<meta property=\"og:site_name\" content=\"Just Real Moms - Blog para M\u00e3es\" \/>\n<meta property=\"article:publisher\" content=\"https:\/\/www.facebook.com\/JustRealMoms\" \/>\n<meta property=\"article:published_time\" content=\"2023-06-20T16:35:33+00:00\" \/>\n<meta property=\"article:modified_time\" content=\"2023-07-19T23:29:48+00:00\" \/>\n<meta property=\"og:image\" content=\"https:\/\/colinahomolog.com.br\/dev\/just-real-moms\/wp-content\/uploads\/2023\/06\/Pais-Avos-Dr-Paulo-Telles-Just-Real-Moms.webp\" \/>\n\t<meta property=\"og:image:width\" content=\"1500\" \/>\n\t<meta property=\"og:image:height\" content=\"1000\" \/>\n\t<meta property=\"og:image:type\" content=\"image\/webp\" \/>\n<meta name=\"author\" content=\"Dr. Paulo Telles - Pediatra e Neonatologista\" \/>\n<meta name=\"twitter:label1\" content=\"Escrito por\" \/>\n\t<meta name=\"twitter:data1\" content=\"Dr. Paulo Telles - Pediatra e Neonatologista\" \/>\n\t<meta name=\"twitter:label2\" content=\"Est. tempo de leitura\" \/>\n\t<meta name=\"twitter:data2\" content=\"11 minutos\" \/>\n<script type=\"application\/ld+json\" class=\"yoast-schema-graph\">{\"@context\":\"https:\/\/schema.org\",\"@graph\":[{\"@type\":\"WebPage\",\"@id\":\"https:\/\/colinahomolog.com.br\/dev\/just-real-moms\/grande-responsabilidade-dos-pais-como-seres-humanos\/\",\"url\":\"https:\/\/colinahomolog.com.br\/dev\/just-real-moms\/grande-responsabilidade-dos-pais-como-seres-humanos\/\",\"name\":\"A grande responsabilidade dos pais como seres humanos\",\"isPartOf\":{\"@id\":\"https:\/\/colinahomolog.com.br\/dev\/just-real-moms\/#website\"},\"primaryImageOfPage\":{\"@id\":\"https:\/\/colinahomolog.com.br\/dev\/just-real-moms\/grande-responsabilidade-dos-pais-como-seres-humanos\/#primaryimage\"},\"image\":{\"@id\":\"https:\/\/colinahomolog.com.br\/dev\/just-real-moms\/grande-responsabilidade-dos-pais-como-seres-humanos\/#primaryimage\"},\"thumbnailUrl\":\"https:\/\/colinahomolog.com.br\/dev\/just-real-moms\/wp-content\/uploads\/2023\/06\/Pais-Avos-Dr-Paulo-Telles-Just-Real-Moms.webp\",\"datePublished\":\"2023-06-20T16:35:33+00:00\",\"dateModified\":\"2023-07-19T23:29:48+00:00\",\"author\":{\"@id\":\"https:\/\/colinahomolog.com.br\/dev\/just-real-moms\/#\/schema\/person\/2542ff0cac347e0297fb552828c0a2cc\"},\"description\":\"A grande responsabilidade dos pais como seres humanos e como devemos sempre melhorar e aprimorar as viv\u00eancias e os aprendizados que tivemos.\",\"breadcrumb\":{\"@id\":\"https:\/\/colinahomolog.com.br\/dev\/just-real-moms\/grande-responsabilidade-dos-pais-como-seres-humanos\/#breadcrumb\"},\"inLanguage\":\"pt-BR\",\"potentialAction\":[{\"@type\":\"ReadAction\",\"target\":[\"https:\/\/colinahomolog.com.br\/dev\/just-real-moms\/grande-responsabilidade-dos-pais-como-seres-humanos\/\"]}]},{\"@type\":\"ImageObject\",\"inLanguage\":\"pt-BR\",\"@id\":\"https:\/\/colinahomolog.com.br\/dev\/just-real-moms\/grande-responsabilidade-dos-pais-como-seres-humanos\/#primaryimage\",\"url\":\"https:\/\/colinahomolog.com.br\/dev\/just-real-moms\/wp-content\/uploads\/2023\/06\/Pais-Avos-Dr-Paulo-Telles-Just-Real-Moms.webp\",\"contentUrl\":\"https:\/\/colinahomolog.com.br\/dev\/just-real-moms\/wp-content\/uploads\/2023\/06\/Pais-Avos-Dr-Paulo-Telles-Just-Real-Moms.webp\",\"width\":1500,\"height\":1000,\"caption\":\"Casal (pais) abra\u00e7ando seus pais (av\u00f3s) sorrindo em uma \u00e1rea externa da casa - Just Real Moms\"},{\"@type\":\"BreadcrumbList\",\"@id\":\"https:\/\/colinahomolog.com.br\/dev\/just-real-moms\/grande-responsabilidade-dos-pais-como-seres-humanos\/#breadcrumb\",\"itemListElement\":[{\"@type\":\"ListItem\",\"position\":1,\"name\":\"In\u00edcio\",\"item\":\"https:\/\/colinahomolog.com.br\/dev\/just-real-moms\/\"},{\"@type\":\"ListItem\",\"position\":2,\"name\":\"A grande responsabilidade dos pais como seres humanos\"}]},{\"@type\":\"WebSite\",\"@id\":\"https:\/\/colinahomolog.com.br\/dev\/just-real-moms\/#website\",\"url\":\"https:\/\/colinahomolog.com.br\/dev\/just-real-moms\/\",\"name\":\"Just Real Moms - Blog para M\u00e3es\",\"description\":\"O melhor e mais completo portal para m\u00e3es, pais e futuros pais!\",\"potentialAction\":[{\"@type\":\"SearchAction\",\"target\":{\"@type\":\"EntryPoint\",\"urlTemplate\":\"https:\/\/colinahomolog.com.br\/dev\/just-real-moms\/?s={search_term_string}\"},\"query-input\":{\"@type\":\"PropertyValueSpecification\",\"valueRequired\":true,\"valueName\":\"search_term_string\"}}],\"inLanguage\":\"pt-BR\"},{\"@type\":\"Person\",\"@id\":\"https:\/\/colinahomolog.com.br\/dev\/just-real-moms\/#\/schema\/person\/2542ff0cac347e0297fb552828c0a2cc\",\"name\":\"Dr. Paulo Telles - Pediatra e Neonatologista\",\"url\":\"https:\/\/colinahomolog.com.br\/dev\/just-real-moms\/author\/dr-paulo-telles\/\"}]}<\/script>\n<!-- \/ Yoast SEO Premium plugin. -->","yoast_head_json":{"title":"A grande responsabilidade dos pais como seres humanos","description":"A grande responsabilidade dos pais como seres humanos e como devemos sempre melhorar e aprimorar as viv\u00eancias e os aprendizados que tivemos.","robots":{"index":"index","follow":"follow","max-snippet":"max-snippet:-1","max-image-preview":"max-image-preview:large","max-video-preview":"max-video-preview:-1"},"canonical":"https:\/\/colinahomolog.com.br\/dev\/just-real-moms\/grande-responsabilidade-dos-pais-como-seres-humanos\/","og_locale":"pt_BR","og_type":"article","og_title":"A grande responsabilidade dos pais como seres humanos","og_description":"A grande responsabilidade dos pais como seres humanos e como devemos sempre melhorar e aprimorar as viv\u00eancias e os aprendizados que tivemos.","og_url":"https:\/\/colinahomolog.com.br\/dev\/just-real-moms\/grande-responsabilidade-dos-pais-como-seres-humanos\/","og_site_name":"Just Real Moms - Blog para M\u00e3es","article_publisher":"https:\/\/www.facebook.com\/JustRealMoms","article_published_time":"2023-06-20T16:35:33+00:00","article_modified_time":"2023-07-19T23:29:48+00:00","og_image":[{"width":1500,"height":1000,"url":"https:\/\/colinahomolog.com.br\/dev\/just-real-moms\/wp-content\/uploads\/2023\/06\/Pais-Avos-Dr-Paulo-Telles-Just-Real-Moms.webp","type":"image\/webp"}],"author":"Dr. Paulo Telles - Pediatra e Neonatologista","twitter_misc":{"Escrito por":"Dr. Paulo Telles - Pediatra e Neonatologista","Est. tempo de leitura":"11 minutos"},"schema":{"@context":"https:\/\/schema.org","@graph":[{"@type":"WebPage","@id":"https:\/\/colinahomolog.com.br\/dev\/just-real-moms\/grande-responsabilidade-dos-pais-como-seres-humanos\/","url":"https:\/\/colinahomolog.com.br\/dev\/just-real-moms\/grande-responsabilidade-dos-pais-como-seres-humanos\/","name":"A grande responsabilidade dos pais como seres humanos","isPartOf":{"@id":"https:\/\/colinahomolog.com.br\/dev\/just-real-moms\/#website"},"primaryImageOfPage":{"@id":"https:\/\/colinahomolog.com.br\/dev\/just-real-moms\/grande-responsabilidade-dos-pais-como-seres-humanos\/#primaryimage"},"image":{"@id":"https:\/\/colinahomolog.com.br\/dev\/just-real-moms\/grande-responsabilidade-dos-pais-como-seres-humanos\/#primaryimage"},"thumbnailUrl":"https:\/\/colinahomolog.com.br\/dev\/just-real-moms\/wp-content\/uploads\/2023\/06\/Pais-Avos-Dr-Paulo-Telles-Just-Real-Moms.webp","datePublished":"2023-06-20T16:35:33+00:00","dateModified":"2023-07-19T23:29:48+00:00","author":{"@id":"https:\/\/colinahomolog.com.br\/dev\/just-real-moms\/#\/schema\/person\/2542ff0cac347e0297fb552828c0a2cc"},"description":"A grande responsabilidade dos pais como seres humanos e como devemos sempre melhorar e aprimorar as viv\u00eancias e os aprendizados que tivemos.","breadcrumb":{"@id":"https:\/\/colinahomolog.com.br\/dev\/just-real-moms\/grande-responsabilidade-dos-pais-como-seres-humanos\/#breadcrumb"},"inLanguage":"pt-BR","potentialAction":[{"@type":"ReadAction","target":["https:\/\/colinahomolog.com.br\/dev\/just-real-moms\/grande-responsabilidade-dos-pais-como-seres-humanos\/"]}]},{"@type":"ImageObject","inLanguage":"pt-BR","@id":"https:\/\/colinahomolog.com.br\/dev\/just-real-moms\/grande-responsabilidade-dos-pais-como-seres-humanos\/#primaryimage","url":"https:\/\/colinahomolog.com.br\/dev\/just-real-moms\/wp-content\/uploads\/2023\/06\/Pais-Avos-Dr-Paulo-Telles-Just-Real-Moms.webp","contentUrl":"https:\/\/colinahomolog.com.br\/dev\/just-real-moms\/wp-content\/uploads\/2023\/06\/Pais-Avos-Dr-Paulo-Telles-Just-Real-Moms.webp","width":1500,"height":1000,"caption":"Casal (pais) abra\u00e7ando seus pais (av\u00f3s) sorrindo em uma \u00e1rea externa da casa - Just Real Moms"},{"@type":"BreadcrumbList","@id":"https:\/\/colinahomolog.com.br\/dev\/just-real-moms\/grande-responsabilidade-dos-pais-como-seres-humanos\/#breadcrumb","itemListElement":[{"@type":"ListItem","position":1,"name":"In\u00edcio","item":"https:\/\/colinahomolog.com.br\/dev\/just-real-moms\/"},{"@type":"ListItem","position":2,"name":"A grande responsabilidade dos pais como seres humanos"}]},{"@type":"WebSite","@id":"https:\/\/colinahomolog.com.br\/dev\/just-real-moms\/#website","url":"https:\/\/colinahomolog.com.br\/dev\/just-real-moms\/","name":"Just Real Moms - Blog para M\u00e3es","description":"O melhor e mais completo portal para m\u00e3es, pais e futuros pais!","potentialAction":[{"@type":"SearchAction","target":{"@type":"EntryPoint","urlTemplate":"https:\/\/colinahomolog.com.br\/dev\/just-real-moms\/?s={search_term_string}"},"query-input":{"@type":"PropertyValueSpecification","valueRequired":true,"valueName":"search_term_string"}}],"inLanguage":"pt-BR"},{"@type":"Person","@id":"https:\/\/colinahomolog.com.br\/dev\/just-real-moms\/#\/schema\/person\/2542ff0cac347e0297fb552828c0a2cc","name":"Dr. Paulo Telles - Pediatra e Neonatologista","url":"https:\/\/colinahomolog.com.br\/dev\/just-real-moms\/author\/dr-paulo-telles\/"}]}},"_links":{"self":[{"href":"https:\/\/colinahomolog.com.br\/dev\/just-real-moms\/wp-json\/wp\/v2\/posts\/104956","targetHints":{"allow":["GET"]}}],"collection":[{"href":"https:\/\/colinahomolog.com.br\/dev\/just-real-moms\/wp-json\/wp\/v2\/posts"}],"about":[{"href":"https:\/\/colinahomolog.com.br\/dev\/just-real-moms\/wp-json\/wp\/v2\/types\/post"}],"author":[{"embeddable":true,"href":"https:\/\/colinahomolog.com.br\/dev\/just-real-moms\/wp-json\/wp\/v2\/users\/1049"}],"replies":[{"embeddable":true,"href":"https:\/\/colinahomolog.com.br\/dev\/just-real-moms\/wp-json\/wp\/v2\/comments?post=104956"}],"version-history":[{"count":0,"href":"https:\/\/colinahomolog.com.br\/dev\/just-real-moms\/wp-json\/wp\/v2\/posts\/104956\/revisions"}],"wp:featuredmedia":[{"embeddable":true,"href":"https:\/\/colinahomolog.com.br\/dev\/just-real-moms\/wp-json\/wp\/v2\/media\/104961"}],"wp:attachment":[{"href":"https:\/\/colinahomolog.com.br\/dev\/just-real-moms\/wp-json\/wp\/v2\/media?parent=104956"}],"wp:term":[{"taxonomy":"category","embeddable":true,"href":"https:\/\/colinahomolog.com.br\/dev\/just-real-moms\/wp-json\/wp\/v2\/categories?post=104956"},{"taxonomy":"post_tag","embeddable":true,"href":"https:\/\/colinahomolog.com.br\/dev\/just-real-moms\/wp-json\/wp\/v2\/tags?post=104956"}],"curies":[{"name":"wp","href":"https:\/\/api.w.org\/{rel}","templated":true}]}}