{"id":10830,"date":"2012-12-18T20:02:06","date_gmt":"2012-12-18T22:02:06","guid":{"rendered":"https:\/\/colinahomolog.com.br\/dev\/just-real-moms\/?p=10830"},"modified":"2016-05-05T19:06:39","modified_gmt":"2016-05-05T22:06:39","slug":"so-eu-sei-por-priscila-rocha-leite","status":"publish","type":"post","link":"https:\/\/colinahomolog.com.br\/dev\/just-real-moms\/so-eu-sei-por-priscila-rocha-leite\/","title":{"rendered":"S\u00f3 eu sei &#8211; por Priscila Rocha Leite"},"content":{"rendered":"<button class=\"simplefavorite-button preset\" data-postid=\"10830\" data-siteid=\"1\" data-groupid=\"1\" data-favoritecount=\"0\" style=\"box-shadow:none;-webkit-box-shadow:none;-moz-box-shadow:none;background-color:#68ccb4;border-color:#68ccb4;color:#ffffff;\"><i class=\"sf-icon-favorite\" style=\"\"><\/i>Favorite<\/button><p>&nbsp;<\/p>\n<p style=\"text-align: center;\"><img fetchpriority=\"high\" decoding=\"async\" class=\"wp-image-10833 aligncenter\" alt=\"\" src=\"https:\/\/colinahomolog.com.br\/dev\/just-real-moms\/wp-content\/uploads\/2012\/12\/pri3.jpg\" width=\"322\" height=\"257\" srcset=\"https:\/\/colinahomolog.com.br\/dev\/just-real-moms\/wp-content\/uploads\/2012\/12\/pri3.jpg 670w, https:\/\/colinahomolog.com.br\/dev\/just-real-moms\/wp-content\/uploads\/2012\/12\/pri3-150x119.jpg 150w, https:\/\/colinahomolog.com.br\/dev\/just-real-moms\/wp-content\/uploads\/2012\/12\/pri3-300x239.jpg 300w\" sizes=\"(max-width: 322px) 100vw, 322px\" \/><\/p>\n<p>&nbsp;<\/p>\n<p style=\"text-align: justify;\">J\u00e1 escrevi para Voc\u00eas antes sobre o fato de a maternidade nos ligar a todas as outras m\u00e3es do mundo, por mais diferentes que sejam de n\u00f3s.\u00a0Independente de cor, ra\u00e7a, religi\u00e3o, etnia, estamos todas no mesmo barco: aquele que navega no temperamental mar da maternidade.<\/p>\n<p>&nbsp;<\/p>\n<p style=\"text-align: justify;\">Por outro lado, hoje tive uma sensa\u00e7\u00e3o paradoxal a esta verdade: senti que o meu sentimento pelo meu filho n\u00e3o \u00e9 igual ao de ningu\u00e9m mais.\u00a0Explico melhor. Ainda que ser m\u00e3e me una a todas as outras mulheres com filhos no mundo, s\u00f3 eu amo do MEU jeito o MEU filho.\u00a0N\u00e3o h\u00e1 liga\u00e7\u00e3o igual. Nem parecida.\u00a0Ningu\u00e9m no mundo, nem o pai do meu filho, entende o que se passa na minha cabe\u00e7a e, principalmente, no meu cora\u00e7\u00e3o, quando se trata do que sinto pela cria.<\/p>\n<p>&nbsp;<\/p>\n<p style=\"text-align: justify;\">Meu filho mais velho passou por uma cirurgia. N\u00e3o, nada de grave, mas sempre h\u00e1 aquela tens\u00e3o do pr\u00e9-operat\u00f3rio, da anestesia geral, do tempo em que Voc\u00ea tem que se separar para que algu\u00e9m o corte e mexa dentro daquele corpinho lindo, do p\u00f3s-operat\u00f3rio, da recupera\u00e7\u00e3o\u2026<\/p>\n<p>&nbsp;<\/p>\n<p style=\"text-align: justify;\">O que se passa dentro de n\u00f3s nesta hora? Um grande vazio? Ou tudo tanto que at\u00e9 transborda? Os dois estados, alternada e loucamente?<\/p>\n<p>&nbsp;<\/p>\n<p>\u00c9 amor, \u00e9 medo, \u00e9 culpa, \u00e9 preocupa\u00e7\u00e3o, \u00e9 ansiedade, \u00e9 esperan\u00e7a, \u00e9 f\u00e9. \u00c9 tudo junto.<\/p>\n<p>&nbsp;<\/p>\n<p style=\"text-align: justify;\">Por mais que todas as outras m\u00e3es em situa\u00e7\u00f5es similares sintam coisas parecidas, o que eu sinto pelo meu filhinho\u2026 \u00c9 s\u00f3 meu.\u00a0S\u00f3 eu sei que se ele respira mais fundo se est\u00e1 dormindo bem. S\u00f3 eu sei que ele pisca muito r\u00e1pido se est\u00e1 com sono. S\u00f3 eu sei que mesmo numa sala de recupera\u00e7\u00e3o p\u00f3s-cir\u00fargica eu ainda posso pensar num motivo para me criticar (por que n\u00e3o aproveitei o ensejo para tirar aquela pinta com formato estranho que s\u00f3 ele tem na nuca?). S\u00f3 eu sei que quando ele vai chorar o l\u00e1bio inferior como que &#8220;incha&#8221;.<\/p>\n<p>&nbsp;<\/p>\n<p style=\"text-align: justify;\">Esta liga\u00e7\u00e3o, este saber do outro mais do que se sabe de si mesmo \u00e9 a coisa mais sublime e mais intensa pela qual uma mulher pode passar.<\/p>\n<p>&nbsp;<\/p>\n<p>Somos todas m\u00e3es. Mas somos as \u00fanicas m\u00e3es dos nossos pr\u00f3prios filhos.<\/p>\n<p>&nbsp;<\/p>\n<p>T\u00e3o iguais. T\u00e3o singulares.<\/p>\n<p>&nbsp;<\/p>\n<p>Hugs to all.<\/p>\n<p>&nbsp;<\/p>\n<p>&nbsp;<\/p>\n<p><img decoding=\"async\" class=\"wp-image-10832 aligncenter\" alt=\"\" src=\"https:\/\/colinahomolog.com.br\/dev\/just-real-moms\/wp-content\/uploads\/2012\/12\/pri2.jpg\" width=\"375\" height=\"359\" srcset=\"https:\/\/colinahomolog.com.br\/dev\/just-real-moms\/wp-content\/uploads\/2012\/12\/pri2.jpg 625w, https:\/\/colinahomolog.com.br\/dev\/just-real-moms\/wp-content\/uploads\/2012\/12\/pri2-150x143.jpg 150w, https:\/\/colinahomolog.com.br\/dev\/just-real-moms\/wp-content\/uploads\/2012\/12\/pri2-300x287.jpg 300w, https:\/\/colinahomolog.com.br\/dev\/just-real-moms\/wp-content\/uploads\/2012\/12\/pri2-90x85.jpg 90w\" sizes=\"(max-width: 375px) 100vw, 375px\" \/><\/p>\n<p>&nbsp;<\/p>\n<p><em><strong>Priscila Rocha Leite<\/strong> \u00e9 colunista do <strong>Just Real Moms<\/strong> e escreve aqui toda ter\u00e7a-feira.\u00a0Para ler (ou reler) o post #12 da Pri, cliquem <span style=\"color: #0000ff;\"><strong><a title=\"Ai que medo!!  \u2013  por Priscila Rocha Leite\" href=\"https:\/\/colinahomolog.com.br\/dev\/just-real-moms\/ai-que-medo-por-priscila-rocha-leite\/\" target=\"_blank\"><span style=\"color: #0000ff;\">AQUI<\/span><\/a><\/strong><\/span><span style=\"color: #0000ff;\"><strong><span style=\"color: #0000ff;\">.<\/span><\/strong><\/span><\/em><\/p>\n<p>&nbsp;<\/p>\n<p>&nbsp;<\/p>\n\n    <div class=\"xs_social_share_widget xs_share_url after_content \t\tmain_content  wslu-style-1 wslu-share-box-shaped wslu-fill-colored wslu-none wslu-share-horizontal wslu-theme-font-no wslu-main_content\">\n\n\t\t\n        <ul>\n\t\t\t        <\/ul>\n    <\/div> \n","protected":false},"excerpt":{"rendered":"<p>Favorite&nbsp; &nbsp; J\u00e1 escrevi para Voc\u00eas antes sobre o fato de a maternidade nos ligar a todas as outras m\u00e3es do mundo, por mais diferentes que sejam de n\u00f3s.\u00a0Independente de cor, ra\u00e7a, religi\u00e3o, etnia, estamos todas no mesmo barco: aquele que navega no temperamental mar da maternidade. &nbsp; Por outro lado, hoje tive uma sensa\u00e7\u00e3o [&hellip;]<\/p>\n","protected":false},"author":4,"featured_media":10831,"comment_status":"open","ping_status":"closed","sticky":false,"template":"","format":"standard","meta":{"_acf_changed":false,"footnotes":""},"categories":[30],"tags":[399,249],"class_list":{"0":"post-10830","1":"post","2":"type-post","3":"status-publish","4":"format-standard","5":"has-post-thumbnail","7":"category-de-mae-para-mae","8":"tag-pri-rocha-leite","9":"tag-priscila-rocha-leite"},"acf":[],"yoast_head":"<!-- This site is optimized with the Yoast SEO Premium plugin v26.6 (Yoast SEO v26.6) - https:\/\/yoast.com\/wordpress\/plugins\/seo\/ -->\n<title>S\u00f3 eu sei - por Priscila Rocha Leite<\/title>\n<meta name=\"robots\" content=\"index, follow, max-snippet:-1, max-image-preview:large, max-video-preview:-1\" \/>\n<link rel=\"canonical\" href=\"https:\/\/colinahomolog.com.br\/dev\/just-real-moms\/so-eu-sei-por-priscila-rocha-leite\/\" \/>\n<meta property=\"og:locale\" content=\"pt_BR\" \/>\n<meta property=\"og:type\" content=\"article\" \/>\n<meta property=\"og:title\" content=\"S\u00f3 eu sei - por Priscila Rocha Leite\" \/>\n<meta property=\"og:description\" content=\"Favorite&nbsp; &nbsp; J\u00e1 escrevi para Voc\u00eas antes sobre o fato de a maternidade nos ligar a todas as outras m\u00e3es do mundo, por mais diferentes que sejam de n\u00f3s.\u00a0Independente de cor, ra\u00e7a, religi\u00e3o, etnia, estamos todas no mesmo barco: aquele que navega no temperamental mar da maternidade. &nbsp; Por outro lado, hoje tive uma sensa\u00e7\u00e3o [&hellip;]\" \/>\n<meta property=\"og:url\" content=\"https:\/\/colinahomolog.com.br\/dev\/just-real-moms\/so-eu-sei-por-priscila-rocha-leite\/\" \/>\n<meta property=\"og:site_name\" content=\"Just Real Moms - Blog para M\u00e3es\" \/>\n<meta property=\"article:publisher\" content=\"https:\/\/www.facebook.com\/JustRealMoms\" \/>\n<meta property=\"article:published_time\" content=\"2012-12-18T22:02:06+00:00\" \/>\n<meta property=\"article:modified_time\" content=\"2016-05-05T22:06:39+00:00\" \/>\n<meta property=\"og:image\" content=\"https:\/\/colinahomolog.com.br\/dev\/just-real-moms\/wp-content\/uploads\/2012\/12\/pri1.jpg\" \/>\n\t<meta property=\"og:image:width\" content=\"1\" \/>\n\t<meta property=\"og:image:height\" content=\"1\" \/>\n\t<meta property=\"og:image:type\" content=\"image\/jpeg\" \/>\n<meta name=\"author\" content=\"Renata\" \/>\n<meta name=\"twitter:label1\" content=\"Escrito por\" \/>\n\t<meta name=\"twitter:data1\" content=\"Renata\" \/>\n\t<meta name=\"twitter:label2\" content=\"Est. tempo de leitura\" \/>\n\t<meta name=\"twitter:data2\" content=\"2 minutos\" \/>\n<script type=\"application\/ld+json\" class=\"yoast-schema-graph\">{\"@context\":\"https:\/\/schema.org\",\"@graph\":[{\"@type\":\"WebPage\",\"@id\":\"https:\/\/colinahomolog.com.br\/dev\/just-real-moms\/so-eu-sei-por-priscila-rocha-leite\/\",\"url\":\"https:\/\/colinahomolog.com.br\/dev\/just-real-moms\/so-eu-sei-por-priscila-rocha-leite\/\",\"name\":\"S\u00f3 eu sei - por Priscila Rocha Leite\",\"isPartOf\":{\"@id\":\"https:\/\/colinahomolog.com.br\/dev\/just-real-moms\/#website\"},\"primaryImageOfPage\":{\"@id\":\"https:\/\/colinahomolog.com.br\/dev\/just-real-moms\/so-eu-sei-por-priscila-rocha-leite\/#primaryimage\"},\"image\":{\"@id\":\"https:\/\/colinahomolog.com.br\/dev\/just-real-moms\/so-eu-sei-por-priscila-rocha-leite\/#primaryimage\"},\"thumbnailUrl\":\"https:\/\/colinahomolog.com.br\/dev\/just-real-moms\/wp-content\/uploads\/2012\/12\/pri1.jpg\",\"datePublished\":\"2012-12-18T22:02:06+00:00\",\"dateModified\":\"2016-05-05T22:06:39+00:00\",\"author\":{\"@id\":\"https:\/\/colinahomolog.com.br\/dev\/just-real-moms\/#\/schema\/person\/2f9d85c04a6847c0f366e0a40924a2fa\"},\"breadcrumb\":{\"@id\":\"https:\/\/colinahomolog.com.br\/dev\/just-real-moms\/so-eu-sei-por-priscila-rocha-leite\/#breadcrumb\"},\"inLanguage\":\"pt-BR\",\"potentialAction\":[{\"@type\":\"ReadAction\",\"target\":[\"https:\/\/colinahomolog.com.br\/dev\/just-real-moms\/so-eu-sei-por-priscila-rocha-leite\/\"]}]},{\"@type\":\"ImageObject\",\"inLanguage\":\"pt-BR\",\"@id\":\"https:\/\/colinahomolog.com.br\/dev\/just-real-moms\/so-eu-sei-por-priscila-rocha-leite\/#primaryimage\",\"url\":\"https:\/\/colinahomolog.com.br\/dev\/just-real-moms\/wp-content\/uploads\/2012\/12\/pri1.jpg\",\"contentUrl\":\"https:\/\/colinahomolog.com.br\/dev\/just-real-moms\/wp-content\/uploads\/2012\/12\/pri1.jpg\"},{\"@type\":\"BreadcrumbList\",\"@id\":\"https:\/\/colinahomolog.com.br\/dev\/just-real-moms\/so-eu-sei-por-priscila-rocha-leite\/#breadcrumb\",\"itemListElement\":[{\"@type\":\"ListItem\",\"position\":1,\"name\":\"In\u00edcio\",\"item\":\"https:\/\/colinahomolog.com.br\/dev\/just-real-moms\/\"},{\"@type\":\"ListItem\",\"position\":2,\"name\":\"S\u00f3 eu sei &#8211; por Priscila Rocha Leite\"}]},{\"@type\":\"WebSite\",\"@id\":\"https:\/\/colinahomolog.com.br\/dev\/just-real-moms\/#website\",\"url\":\"https:\/\/colinahomolog.com.br\/dev\/just-real-moms\/\",\"name\":\"Just Real Moms - Blog para M\u00e3es\",\"description\":\"O melhor e mais completo portal para m\u00e3es, pais e futuros pais!\",\"potentialAction\":[{\"@type\":\"SearchAction\",\"target\":{\"@type\":\"EntryPoint\",\"urlTemplate\":\"https:\/\/colinahomolog.com.br\/dev\/just-real-moms\/?s={search_term_string}\"},\"query-input\":{\"@type\":\"PropertyValueSpecification\",\"valueRequired\":true,\"valueName\":\"search_term_string\"}}],\"inLanguage\":\"pt-BR\"},{\"@type\":\"Person\",\"@id\":\"https:\/\/colinahomolog.com.br\/dev\/just-real-moms\/#\/schema\/person\/2f9d85c04a6847c0f366e0a40924a2fa\",\"name\":\"Renata\",\"url\":\"https:\/\/colinahomolog.com.br\/dev\/just-real-moms\/author\/renata\/\"}]}<\/script>\n<!-- \/ Yoast SEO Premium plugin. -->","yoast_head_json":{"title":"S\u00f3 eu sei - por Priscila Rocha Leite","robots":{"index":"index","follow":"follow","max-snippet":"max-snippet:-1","max-image-preview":"max-image-preview:large","max-video-preview":"max-video-preview:-1"},"canonical":"https:\/\/colinahomolog.com.br\/dev\/just-real-moms\/so-eu-sei-por-priscila-rocha-leite\/","og_locale":"pt_BR","og_type":"article","og_title":"S\u00f3 eu sei - por Priscila Rocha Leite","og_description":"Favorite&nbsp; &nbsp; J\u00e1 escrevi para Voc\u00eas antes sobre o fato de a maternidade nos ligar a todas as outras m\u00e3es do mundo, por mais diferentes que sejam de n\u00f3s.\u00a0Independente de cor, ra\u00e7a, religi\u00e3o, etnia, estamos todas no mesmo barco: aquele que navega no temperamental mar da maternidade. &nbsp; Por outro lado, hoje tive uma sensa\u00e7\u00e3o [&hellip;]","og_url":"https:\/\/colinahomolog.com.br\/dev\/just-real-moms\/so-eu-sei-por-priscila-rocha-leite\/","og_site_name":"Just Real Moms - Blog para M\u00e3es","article_publisher":"https:\/\/www.facebook.com\/JustRealMoms","article_published_time":"2012-12-18T22:02:06+00:00","article_modified_time":"2016-05-05T22:06:39+00:00","og_image":[{"url":"https:\/\/colinahomolog.com.br\/dev\/just-real-moms\/wp-content\/uploads\/2012\/12\/pri1.jpg","width":1,"height":1,"type":"image\/jpeg"}],"author":"Renata","twitter_misc":{"Escrito por":"Renata","Est. tempo de leitura":"2 minutos"},"schema":{"@context":"https:\/\/schema.org","@graph":[{"@type":"WebPage","@id":"https:\/\/colinahomolog.com.br\/dev\/just-real-moms\/so-eu-sei-por-priscila-rocha-leite\/","url":"https:\/\/colinahomolog.com.br\/dev\/just-real-moms\/so-eu-sei-por-priscila-rocha-leite\/","name":"S\u00f3 eu sei - por Priscila Rocha Leite","isPartOf":{"@id":"https:\/\/colinahomolog.com.br\/dev\/just-real-moms\/#website"},"primaryImageOfPage":{"@id":"https:\/\/colinahomolog.com.br\/dev\/just-real-moms\/so-eu-sei-por-priscila-rocha-leite\/#primaryimage"},"image":{"@id":"https:\/\/colinahomolog.com.br\/dev\/just-real-moms\/so-eu-sei-por-priscila-rocha-leite\/#primaryimage"},"thumbnailUrl":"https:\/\/colinahomolog.com.br\/dev\/just-real-moms\/wp-content\/uploads\/2012\/12\/pri1.jpg","datePublished":"2012-12-18T22:02:06+00:00","dateModified":"2016-05-05T22:06:39+00:00","author":{"@id":"https:\/\/colinahomolog.com.br\/dev\/just-real-moms\/#\/schema\/person\/2f9d85c04a6847c0f366e0a40924a2fa"},"breadcrumb":{"@id":"https:\/\/colinahomolog.com.br\/dev\/just-real-moms\/so-eu-sei-por-priscila-rocha-leite\/#breadcrumb"},"inLanguage":"pt-BR","potentialAction":[{"@type":"ReadAction","target":["https:\/\/colinahomolog.com.br\/dev\/just-real-moms\/so-eu-sei-por-priscila-rocha-leite\/"]}]},{"@type":"ImageObject","inLanguage":"pt-BR","@id":"https:\/\/colinahomolog.com.br\/dev\/just-real-moms\/so-eu-sei-por-priscila-rocha-leite\/#primaryimage","url":"https:\/\/colinahomolog.com.br\/dev\/just-real-moms\/wp-content\/uploads\/2012\/12\/pri1.jpg","contentUrl":"https:\/\/colinahomolog.com.br\/dev\/just-real-moms\/wp-content\/uploads\/2012\/12\/pri1.jpg"},{"@type":"BreadcrumbList","@id":"https:\/\/colinahomolog.com.br\/dev\/just-real-moms\/so-eu-sei-por-priscila-rocha-leite\/#breadcrumb","itemListElement":[{"@type":"ListItem","position":1,"name":"In\u00edcio","item":"https:\/\/colinahomolog.com.br\/dev\/just-real-moms\/"},{"@type":"ListItem","position":2,"name":"S\u00f3 eu sei &#8211; por Priscila Rocha Leite"}]},{"@type":"WebSite","@id":"https:\/\/colinahomolog.com.br\/dev\/just-real-moms\/#website","url":"https:\/\/colinahomolog.com.br\/dev\/just-real-moms\/","name":"Just Real Moms - Blog para M\u00e3es","description":"O melhor e mais completo portal para m\u00e3es, pais e futuros pais!","potentialAction":[{"@type":"SearchAction","target":{"@type":"EntryPoint","urlTemplate":"https:\/\/colinahomolog.com.br\/dev\/just-real-moms\/?s={search_term_string}"},"query-input":{"@type":"PropertyValueSpecification","valueRequired":true,"valueName":"search_term_string"}}],"inLanguage":"pt-BR"},{"@type":"Person","@id":"https:\/\/colinahomolog.com.br\/dev\/just-real-moms\/#\/schema\/person\/2f9d85c04a6847c0f366e0a40924a2fa","name":"Renata","url":"https:\/\/colinahomolog.com.br\/dev\/just-real-moms\/author\/renata\/"}]}},"_links":{"self":[{"href":"https:\/\/colinahomolog.com.br\/dev\/just-real-moms\/wp-json\/wp\/v2\/posts\/10830","targetHints":{"allow":["GET"]}}],"collection":[{"href":"https:\/\/colinahomolog.com.br\/dev\/just-real-moms\/wp-json\/wp\/v2\/posts"}],"about":[{"href":"https:\/\/colinahomolog.com.br\/dev\/just-real-moms\/wp-json\/wp\/v2\/types\/post"}],"author":[{"embeddable":true,"href":"https:\/\/colinahomolog.com.br\/dev\/just-real-moms\/wp-json\/wp\/v2\/users\/4"}],"replies":[{"embeddable":true,"href":"https:\/\/colinahomolog.com.br\/dev\/just-real-moms\/wp-json\/wp\/v2\/comments?post=10830"}],"version-history":[{"count":0,"href":"https:\/\/colinahomolog.com.br\/dev\/just-real-moms\/wp-json\/wp\/v2\/posts\/10830\/revisions"}],"wp:featuredmedia":[{"embeddable":true,"href":"https:\/\/colinahomolog.com.br\/dev\/just-real-moms\/wp-json\/wp\/v2\/media\/10831"}],"wp:attachment":[{"href":"https:\/\/colinahomolog.com.br\/dev\/just-real-moms\/wp-json\/wp\/v2\/media?parent=10830"}],"wp:term":[{"taxonomy":"category","embeddable":true,"href":"https:\/\/colinahomolog.com.br\/dev\/just-real-moms\/wp-json\/wp\/v2\/categories?post=10830"},{"taxonomy":"post_tag","embeddable":true,"href":"https:\/\/colinahomolog.com.br\/dev\/just-real-moms\/wp-json\/wp\/v2\/tags?post=10830"}],"curies":[{"name":"wp","href":"https:\/\/api.w.org\/{rel}","templated":true}]}}