{"id":11894,"date":"2015-01-29T08:30:28","date_gmt":"2015-01-29T10:30:28","guid":{"rendered":"https:\/\/colinahomolog.com.br\/dev\/just-real-moms\/?p=11894"},"modified":"2017-01-05T00:11:35","modified_gmt":"2017-01-05T02:11:35","slug":"10-dicas-para-adaptacao-nos-primeiros-dias-de-aula","status":"publish","type":"post","link":"https:\/\/colinahomolog.com.br\/dev\/just-real-moms\/10-dicas-para-adaptacao-nos-primeiros-dias-de-aula\/","title":{"rendered":"10 dicas para adapta\u00e7\u00e3o nos primeiros dias de aula!"},"content":{"rendered":"<button class=\"simplefavorite-button preset\" data-postid=\"11894\" data-siteid=\"1\" data-groupid=\"1\" data-favoritecount=\"1\" style=\"box-shadow:none;-webkit-box-shadow:none;-moz-box-shadow:none;background-color:#68ccb4;border-color:#68ccb4;color:#ffffff;\"><i class=\"sf-icon-favorite\" style=\"\"><\/i>Favorite<\/button><p>&nbsp;<\/p>\n<p>Ol\u00e1, meninas!<\/p>\n<p>&nbsp;<\/p>\n<p>O primeiro dia de aula do Olavinho est\u00e1 chegando e j\u00e1 estou sofrendo por anteced\u00eancia&#8230; Ser\u00e1 que ele vai se sentir bem no novo ambiente? Ser\u00e1 que os amiguinhos v\u00e3o trat\u00e1-lo bem? Enfim, muitas d\u00favidas e pensamentos que me me preocupam, ao mesmo tempo que sei que j\u00e1 est\u00e1 na hora dele viver esta nova etapa&#8230; Mas d\u00e1 aquele apeeeerto no cora\u00e7\u00e3o&#8230;.<\/p>\n<p>&nbsp;<\/p>\n<p>&nbsp;<\/p>\n<p style=\"text-align: center;\"><img fetchpriority=\"high\" decoding=\"async\" class=\"aligncenter wp-image-11917\" src=\"https:\/\/colinahomolog.com.br\/dev\/just-real-moms\/wp-content\/uploads\/2013\/01\/escola.jpg\" alt=\"escola\" width=\"603\" height=\"471\" \/><\/p>\n<p>&nbsp;<\/p>\n<p>&nbsp;<\/p>\n<p>Para minimizar minha ang\u00fastia, li alguns artigos e elenquei as 10 regras para facilitar a adapta\u00e7\u00e3o do filho na escola! Adapta\u00e7\u00e3o tanto para os filhinhos como para as\u00a0mam\u00e3es !<\/p>\n<p>&nbsp;<\/p>\n<p><strong>1) Passe seguran\u00e7a e controle seus sentimentos!<\/strong> A crian\u00e7a que percebe o sofrimento e a inseguran\u00e7a da m\u00e3e vai ter dificuldade para se separar e se adaptar ao novo ambiente, al\u00e9m de sentir medo do abandono e inseguran\u00e7a. Afinal, por que ela est\u00e1 chorando se vem me buscar daqui a pouco?<\/p>\n<p>&nbsp;<\/p>\n<p><strong>2) Fale sobre a escola!<\/strong> Se a crian\u00e7a j\u00e1 tem idade para entender, converse bastante sobre a escola antes de fazer sua matricula, sempre falando sobre o lado positivo e contando como primos ou irm\u00e3os mais velhos se divertem l\u00e1.<\/p>\n<p>&nbsp;<\/p>\n<p><strong>3) Mostre a escola para seu filho antes do in\u00edcio das aulas!<\/strong> Depois de escolhido o lugar, leve seu filho para conhec\u00ea-lo. Assim ele j\u00e1 vai criando um v\u00ednculo com o espa\u00e7o e as pessoas.<\/p>\n<p>&nbsp;<\/p>\n<p><strong>4) Fale sobre novos amigos!<\/strong> A m\u00e3e deve falar das vantagens de estar com novas crian\u00e7as e fazer novos amigos, interessar-se pelo dia na escola e elogiar como o filho est\u00e1 crescendo e aprendendo coisas novas, legais e importantes.<\/p>\n<p>&nbsp;<\/p>\n<p><strong>5) Leve seu filho para compra do uniforme ou material escolar!<\/strong>\u00a0A participa\u00e7\u00e3o do filho na compra dos objetos que ser\u00e3o usados na escola \u00e9 muito boa, pois ele se sentir\u00e1 importante e tamb\u00e9m ficar\u00e1 mais envolvido com a novidade da escola!<\/p>\n<p>&nbsp;<\/p>\n<p><strong>6) Preste aten\u00e7\u00e3o no choro do seu filho!<\/strong>\u00a0O choro na hora da separa\u00e7\u00e3o \u00e9 muito comum e n\u00e3o significa, necessariamente, que a crian\u00e7a n\u00e3o queira ficar na escola. Da mesma forma, a aus\u00eancia de l\u00e1grimas n\u00e3o quer dizer que ela n\u00e3o esteja sentindo a separa\u00e7\u00e3o. A crian\u00e7a deve ser levada \u201ccaminhando\u201d e ser entregue \u00e0 professora, pois \u00e9 sempre mais dif\u00edcil sair do colo de algu\u00e9m conhecido. Tente confort\u00e1-la e refor\u00e7e que a escola \u00e9 um lugar agrad\u00e1vel e as professoras ser\u00e3o amigas e muito carinhosas.<\/p>\n<p>&nbsp;<\/p>\n<p><strong>7) Jamais ofere\u00e7a recompensas!<\/strong> A crian\u00e7a deve encarar a ida \u00e0 escola como um fato natural de sua vida.<\/p>\n<p>&nbsp;<\/p>\n<p><strong>8) Transmita a confian\u00e7a da nova rotina!<\/strong> Explique-lhe sobre quem ir\u00e1 busc\u00e1-la: se \u00e9 voc\u00ea ou uma pessoa pr\u00f3xima \u00e0 ela. Dessa forma, a crian\u00e7a ganhar\u00e1 confian\u00e7a de que voltar\u00e1 normalmente para casa. N\u00e3o crie surpresas, \u00e9 importante que seu filho saiba exatamente quem ir\u00e1 esper\u00e1-lo na sa\u00edda.<\/p>\n<p>&nbsp;<\/p>\n<p><strong>9) Mostre envolvimento verdadeiro com a nova rotina de seu filho!<\/strong>\u00a0Quando for busc\u00e1-lo, sempre pergunte as novidades: como foi o seu dia, o que fez, se aconteceu alguma coisa que tenha lhe chamado a aten\u00e7\u00e3o, com quem conversou e brincou etc.<\/p>\n<p>&nbsp;<\/p>\n<p><strong>10) Acredite na sua escolha!<\/strong> Confie na escola que voc\u00ea escolheu para seu filho e nos professores que s\u00e3o profissionais capacitados e treinados para a educa\u00e7\u00e3o!<\/p>\n<p>&nbsp;<\/p>\n<p>&nbsp;<\/p>\n<p><img decoding=\"async\" class=\"aligncenter size-full wp-image-11918\" src=\"https:\/\/colinahomolog.com.br\/dev\/just-real-moms\/wp-content\/uploads\/2013\/01\/escola-2.jpg\" alt=\"escola 2\" width=\"400\" height=\"480\" srcset=\"https:\/\/colinahomolog.com.br\/dev\/just-real-moms\/wp-content\/uploads\/2013\/01\/escola-2.jpg 400w, https:\/\/colinahomolog.com.br\/dev\/just-real-moms\/wp-content\/uploads\/2013\/01\/escola-2-125x150.jpg 125w, https:\/\/colinahomolog.com.br\/dev\/just-real-moms\/wp-content\/uploads\/2013\/01\/escola-2-250x300.jpg 250w\" sizes=\"(max-width: 400px) 100vw, 400px\" \/><\/p>\n<p>&nbsp;<\/p>\n<p>&nbsp;<\/p>\n<p>Boa sorte e bom primeiro dia de aula para todas as mam\u00e3es que tamb\u00e9m est\u00e3o nessa fase!<\/p>\n<p>Beijos!<\/p>\n<p>&nbsp;<\/p>\n<p>Fonte:\u00a0<span style=\"color: #0000ff;\"><strong><a href=\"http:\/\/www.pediatriaemfoco.com.br\/\"><span style=\"color: #0000ff;\">www.pediatriaemfoco.com.br<\/span><\/a><\/strong><\/span><\/p>\n<p>&nbsp;<\/p>\n<p>&nbsp;<\/p>\n\n    <div class=\"xs_social_share_widget xs_share_url after_content \t\tmain_content  wslu-style-1 wslu-share-box-shaped wslu-fill-colored wslu-none wslu-share-horizontal wslu-theme-font-no wslu-main_content\">\n\n\t\t\n        <ul>\n\t\t\t        <\/ul>\n    <\/div> \n","protected":false},"excerpt":{"rendered":"<p>Favorite&nbsp; Ol\u00e1, meninas! &nbsp; O primeiro dia de aula do Olavinho est\u00e1 chegando e j\u00e1 estou sofrendo por anteced\u00eancia&#8230; Ser\u00e1 que ele vai se sentir bem no novo ambiente? Ser\u00e1 que os amiguinhos v\u00e3o trat\u00e1-lo bem? Enfim, muitas d\u00favidas e pensamentos que me me preocupam, ao mesmo tempo que sei que j\u00e1 est\u00e1 na hora [&hellip;]<\/p>\n","protected":false},"author":6,"featured_media":11917,"comment_status":"open","ping_status":"closed","sticky":false,"template":"","format":"standard","meta":{"_acf_changed":false,"footnotes":""},"categories":[30],"tags":[],"class_list":{"0":"post-11894","1":"post","2":"type-post","3":"status-publish","4":"format-standard","5":"has-post-thumbnail","7":"category-de-mae-para-mae"},"acf":[],"yoast_head":"<!-- This site is optimized with the Yoast SEO Premium plugin v26.6 (Yoast SEO v26.6) - https:\/\/yoast.com\/wordpress\/plugins\/seo\/ -->\n<title>10 dicas para adapta\u00e7\u00e3o nos primeiros dias de aula!<\/title>\n<meta name=\"robots\" content=\"index, follow, max-snippet:-1, max-image-preview:large, max-video-preview:-1\" \/>\n<link rel=\"canonical\" href=\"https:\/\/colinahomolog.com.br\/dev\/just-real-moms\/10-dicas-para-adaptacao-nos-primeiros-dias-de-aula\/\" \/>\n<meta property=\"og:locale\" content=\"pt_BR\" \/>\n<meta property=\"og:type\" content=\"article\" \/>\n<meta property=\"og:title\" content=\"10 dicas para adapta\u00e7\u00e3o nos primeiros dias de aula!\" \/>\n<meta property=\"og:description\" content=\"Favorite&nbsp; Ol\u00e1, meninas! &nbsp; O primeiro dia de aula do Olavinho est\u00e1 chegando e j\u00e1 estou sofrendo por anteced\u00eancia&#8230; Ser\u00e1 que ele vai se sentir bem no novo ambiente? Ser\u00e1 que os amiguinhos v\u00e3o trat\u00e1-lo bem? Enfim, muitas d\u00favidas e pensamentos que me me preocupam, ao mesmo tempo que sei que j\u00e1 est\u00e1 na hora [&hellip;]\" \/>\n<meta property=\"og:url\" content=\"https:\/\/colinahomolog.com.br\/dev\/just-real-moms\/10-dicas-para-adaptacao-nos-primeiros-dias-de-aula\/\" \/>\n<meta property=\"og:site_name\" content=\"Just Real Moms - Blog para M\u00e3es\" \/>\n<meta property=\"article:publisher\" content=\"https:\/\/www.facebook.com\/JustRealMoms\" \/>\n<meta property=\"article:published_time\" content=\"2015-01-29T10:30:28+00:00\" \/>\n<meta property=\"article:modified_time\" content=\"2017-01-05T02:11:35+00:00\" \/>\n<meta property=\"og:image\" content=\"https:\/\/colinahomolog.com.br\/dev\/just-real-moms\/wp-content\/uploads\/2013\/01\/escola.jpg\" \/>\n\t<meta property=\"og:image:width\" content=\"1\" \/>\n\t<meta property=\"og:image:height\" content=\"1\" \/>\n\t<meta property=\"og:image:type\" content=\"image\/jpeg\" \/>\n<meta name=\"author\" content=\"Juliana\" \/>\n<meta name=\"twitter:label1\" content=\"Escrito por\" \/>\n\t<meta name=\"twitter:data1\" content=\"Juliana\" \/>\n\t<meta name=\"twitter:label2\" content=\"Est. tempo de leitura\" \/>\n\t<meta name=\"twitter:data2\" content=\"3 minutos\" \/>\n<script type=\"application\/ld+json\" class=\"yoast-schema-graph\">{\"@context\":\"https:\/\/schema.org\",\"@graph\":[{\"@type\":\"WebPage\",\"@id\":\"https:\/\/colinahomolog.com.br\/dev\/just-real-moms\/10-dicas-para-adaptacao-nos-primeiros-dias-de-aula\/\",\"url\":\"https:\/\/colinahomolog.com.br\/dev\/just-real-moms\/10-dicas-para-adaptacao-nos-primeiros-dias-de-aula\/\",\"name\":\"10 dicas para adapta\u00e7\u00e3o nos primeiros dias de aula!\",\"isPartOf\":{\"@id\":\"https:\/\/colinahomolog.com.br\/dev\/just-real-moms\/#website\"},\"primaryImageOfPage\":{\"@id\":\"https:\/\/colinahomolog.com.br\/dev\/just-real-moms\/10-dicas-para-adaptacao-nos-primeiros-dias-de-aula\/#primaryimage\"},\"image\":{\"@id\":\"https:\/\/colinahomolog.com.br\/dev\/just-real-moms\/10-dicas-para-adaptacao-nos-primeiros-dias-de-aula\/#primaryimage\"},\"thumbnailUrl\":\"https:\/\/colinahomolog.com.br\/dev\/just-real-moms\/wp-content\/uploads\/2013\/01\/escola.jpg\",\"datePublished\":\"2015-01-29T10:30:28+00:00\",\"dateModified\":\"2017-01-05T02:11:35+00:00\",\"author\":{\"@id\":\"https:\/\/colinahomolog.com.br\/dev\/just-real-moms\/#\/schema\/person\/8218aa957ba5a31e5f531f3b6561916a\"},\"breadcrumb\":{\"@id\":\"https:\/\/colinahomolog.com.br\/dev\/just-real-moms\/10-dicas-para-adaptacao-nos-primeiros-dias-de-aula\/#breadcrumb\"},\"inLanguage\":\"pt-BR\",\"potentialAction\":[{\"@type\":\"ReadAction\",\"target\":[\"https:\/\/colinahomolog.com.br\/dev\/just-real-moms\/10-dicas-para-adaptacao-nos-primeiros-dias-de-aula\/\"]}]},{\"@type\":\"ImageObject\",\"inLanguage\":\"pt-BR\",\"@id\":\"https:\/\/colinahomolog.com.br\/dev\/just-real-moms\/10-dicas-para-adaptacao-nos-primeiros-dias-de-aula\/#primaryimage\",\"url\":\"https:\/\/colinahomolog.com.br\/dev\/just-real-moms\/wp-content\/uploads\/2013\/01\/escola.jpg\",\"contentUrl\":\"https:\/\/colinahomolog.com.br\/dev\/just-real-moms\/wp-content\/uploads\/2013\/01\/escola.jpg\"},{\"@type\":\"BreadcrumbList\",\"@id\":\"https:\/\/colinahomolog.com.br\/dev\/just-real-moms\/10-dicas-para-adaptacao-nos-primeiros-dias-de-aula\/#breadcrumb\",\"itemListElement\":[{\"@type\":\"ListItem\",\"position\":1,\"name\":\"In\u00edcio\",\"item\":\"https:\/\/colinahomolog.com.br\/dev\/just-real-moms\/\"},{\"@type\":\"ListItem\",\"position\":2,\"name\":\"10 dicas para adapta\u00e7\u00e3o nos primeiros dias de aula!\"}]},{\"@type\":\"WebSite\",\"@id\":\"https:\/\/colinahomolog.com.br\/dev\/just-real-moms\/#website\",\"url\":\"https:\/\/colinahomolog.com.br\/dev\/just-real-moms\/\",\"name\":\"Just Real Moms - Blog para M\u00e3es\",\"description\":\"O melhor e mais completo portal para m\u00e3es, pais e futuros pais!\",\"potentialAction\":[{\"@type\":\"SearchAction\",\"target\":{\"@type\":\"EntryPoint\",\"urlTemplate\":\"https:\/\/colinahomolog.com.br\/dev\/just-real-moms\/?s={search_term_string}\"},\"query-input\":{\"@type\":\"PropertyValueSpecification\",\"valueRequired\":true,\"valueName\":\"search_term_string\"}}],\"inLanguage\":\"pt-BR\"},{\"@type\":\"Person\",\"@id\":\"https:\/\/colinahomolog.com.br\/dev\/just-real-moms\/#\/schema\/person\/8218aa957ba5a31e5f531f3b6561916a\",\"name\":\"Juliana\",\"url\":\"https:\/\/colinahomolog.com.br\/dev\/just-real-moms\/author\/juliana\/\"}]}<\/script>\n<!-- \/ Yoast SEO Premium plugin. -->","yoast_head_json":{"title":"10 dicas para adapta\u00e7\u00e3o nos primeiros dias de aula!","robots":{"index":"index","follow":"follow","max-snippet":"max-snippet:-1","max-image-preview":"max-image-preview:large","max-video-preview":"max-video-preview:-1"},"canonical":"https:\/\/colinahomolog.com.br\/dev\/just-real-moms\/10-dicas-para-adaptacao-nos-primeiros-dias-de-aula\/","og_locale":"pt_BR","og_type":"article","og_title":"10 dicas para adapta\u00e7\u00e3o nos primeiros dias de aula!","og_description":"Favorite&nbsp; Ol\u00e1, meninas! &nbsp; O primeiro dia de aula do Olavinho est\u00e1 chegando e j\u00e1 estou sofrendo por anteced\u00eancia&#8230; Ser\u00e1 que ele vai se sentir bem no novo ambiente? Ser\u00e1 que os amiguinhos v\u00e3o trat\u00e1-lo bem? Enfim, muitas d\u00favidas e pensamentos que me me preocupam, ao mesmo tempo que sei que j\u00e1 est\u00e1 na hora [&hellip;]","og_url":"https:\/\/colinahomolog.com.br\/dev\/just-real-moms\/10-dicas-para-adaptacao-nos-primeiros-dias-de-aula\/","og_site_name":"Just Real Moms - Blog para M\u00e3es","article_publisher":"https:\/\/www.facebook.com\/JustRealMoms","article_published_time":"2015-01-29T10:30:28+00:00","article_modified_time":"2017-01-05T02:11:35+00:00","og_image":[{"url":"https:\/\/colinahomolog.com.br\/dev\/just-real-moms\/wp-content\/uploads\/2013\/01\/escola.jpg","width":1,"height":1,"type":"image\/jpeg"}],"author":"Juliana","twitter_misc":{"Escrito por":"Juliana","Est. tempo de leitura":"3 minutos"},"schema":{"@context":"https:\/\/schema.org","@graph":[{"@type":"WebPage","@id":"https:\/\/colinahomolog.com.br\/dev\/just-real-moms\/10-dicas-para-adaptacao-nos-primeiros-dias-de-aula\/","url":"https:\/\/colinahomolog.com.br\/dev\/just-real-moms\/10-dicas-para-adaptacao-nos-primeiros-dias-de-aula\/","name":"10 dicas para adapta\u00e7\u00e3o nos primeiros dias de aula!","isPartOf":{"@id":"https:\/\/colinahomolog.com.br\/dev\/just-real-moms\/#website"},"primaryImageOfPage":{"@id":"https:\/\/colinahomolog.com.br\/dev\/just-real-moms\/10-dicas-para-adaptacao-nos-primeiros-dias-de-aula\/#primaryimage"},"image":{"@id":"https:\/\/colinahomolog.com.br\/dev\/just-real-moms\/10-dicas-para-adaptacao-nos-primeiros-dias-de-aula\/#primaryimage"},"thumbnailUrl":"https:\/\/colinahomolog.com.br\/dev\/just-real-moms\/wp-content\/uploads\/2013\/01\/escola.jpg","datePublished":"2015-01-29T10:30:28+00:00","dateModified":"2017-01-05T02:11:35+00:00","author":{"@id":"https:\/\/colinahomolog.com.br\/dev\/just-real-moms\/#\/schema\/person\/8218aa957ba5a31e5f531f3b6561916a"},"breadcrumb":{"@id":"https:\/\/colinahomolog.com.br\/dev\/just-real-moms\/10-dicas-para-adaptacao-nos-primeiros-dias-de-aula\/#breadcrumb"},"inLanguage":"pt-BR","potentialAction":[{"@type":"ReadAction","target":["https:\/\/colinahomolog.com.br\/dev\/just-real-moms\/10-dicas-para-adaptacao-nos-primeiros-dias-de-aula\/"]}]},{"@type":"ImageObject","inLanguage":"pt-BR","@id":"https:\/\/colinahomolog.com.br\/dev\/just-real-moms\/10-dicas-para-adaptacao-nos-primeiros-dias-de-aula\/#primaryimage","url":"https:\/\/colinahomolog.com.br\/dev\/just-real-moms\/wp-content\/uploads\/2013\/01\/escola.jpg","contentUrl":"https:\/\/colinahomolog.com.br\/dev\/just-real-moms\/wp-content\/uploads\/2013\/01\/escola.jpg"},{"@type":"BreadcrumbList","@id":"https:\/\/colinahomolog.com.br\/dev\/just-real-moms\/10-dicas-para-adaptacao-nos-primeiros-dias-de-aula\/#breadcrumb","itemListElement":[{"@type":"ListItem","position":1,"name":"In\u00edcio","item":"https:\/\/colinahomolog.com.br\/dev\/just-real-moms\/"},{"@type":"ListItem","position":2,"name":"10 dicas para adapta\u00e7\u00e3o nos primeiros dias de aula!"}]},{"@type":"WebSite","@id":"https:\/\/colinahomolog.com.br\/dev\/just-real-moms\/#website","url":"https:\/\/colinahomolog.com.br\/dev\/just-real-moms\/","name":"Just Real Moms - Blog para M\u00e3es","description":"O melhor e mais completo portal para m\u00e3es, pais e futuros pais!","potentialAction":[{"@type":"SearchAction","target":{"@type":"EntryPoint","urlTemplate":"https:\/\/colinahomolog.com.br\/dev\/just-real-moms\/?s={search_term_string}"},"query-input":{"@type":"PropertyValueSpecification","valueRequired":true,"valueName":"search_term_string"}}],"inLanguage":"pt-BR"},{"@type":"Person","@id":"https:\/\/colinahomolog.com.br\/dev\/just-real-moms\/#\/schema\/person\/8218aa957ba5a31e5f531f3b6561916a","name":"Juliana","url":"https:\/\/colinahomolog.com.br\/dev\/just-real-moms\/author\/juliana\/"}]}},"_links":{"self":[{"href":"https:\/\/colinahomolog.com.br\/dev\/just-real-moms\/wp-json\/wp\/v2\/posts\/11894","targetHints":{"allow":["GET"]}}],"collection":[{"href":"https:\/\/colinahomolog.com.br\/dev\/just-real-moms\/wp-json\/wp\/v2\/posts"}],"about":[{"href":"https:\/\/colinahomolog.com.br\/dev\/just-real-moms\/wp-json\/wp\/v2\/types\/post"}],"author":[{"embeddable":true,"href":"https:\/\/colinahomolog.com.br\/dev\/just-real-moms\/wp-json\/wp\/v2\/users\/6"}],"replies":[{"embeddable":true,"href":"https:\/\/colinahomolog.com.br\/dev\/just-real-moms\/wp-json\/wp\/v2\/comments?post=11894"}],"version-history":[{"count":0,"href":"https:\/\/colinahomolog.com.br\/dev\/just-real-moms\/wp-json\/wp\/v2\/posts\/11894\/revisions"}],"wp:featuredmedia":[{"embeddable":true,"href":"https:\/\/colinahomolog.com.br\/dev\/just-real-moms\/wp-json\/wp\/v2\/media\/11917"}],"wp:attachment":[{"href":"https:\/\/colinahomolog.com.br\/dev\/just-real-moms\/wp-json\/wp\/v2\/media?parent=11894"}],"wp:term":[{"taxonomy":"category","embeddable":true,"href":"https:\/\/colinahomolog.com.br\/dev\/just-real-moms\/wp-json\/wp\/v2\/categories?post=11894"},{"taxonomy":"post_tag","embeddable":true,"href":"https:\/\/colinahomolog.com.br\/dev\/just-real-moms\/wp-json\/wp\/v2\/tags?post=11894"}],"curies":[{"name":"wp","href":"https:\/\/api.w.org\/{rel}","templated":true}]}}