{"id":119707,"date":"2023-06-30T18:53:04","date_gmt":"2023-06-30T21:53:04","guid":{"rendered":"https:\/\/colinahomolog.com.br\/dev\/just-real-moms\/?p=119707"},"modified":"2023-10-13T14:51:23","modified_gmt":"2023-10-13T17:51:23","slug":"sera-que-o-sono-do-meu-filho-e-normal","status":"publish","type":"post","link":"https:\/\/colinahomolog.com.br\/dev\/just-real-moms\/sera-que-o-sono-do-meu-filho-e-normal\/","title":{"rendered":"Ser\u00e1 que o sono do meu filho \u00e9 normal?"},"content":{"rendered":"<button class=\"simplefavorite-button preset\" data-postid=\"119707\" data-siteid=\"1\" data-groupid=\"1\" data-favoritecount=\"0\" style=\"box-shadow:none;-webkit-box-shadow:none;-moz-box-shadow:none;background-color:#68ccb4;border-color:#68ccb4;color:#ffffff;\"><i class=\"sf-icon-favorite\" style=\"\"><\/i>Favorite<\/button><h2>Voc\u00ea j\u00e1 se perguntou se \u201co sono do meu filho \u00e9 normal?\u201d. Sim, n\u00e9? Ent\u00e3o, venha entender se a qualidade so sono do seu beb\u00ea est\u00e1 bom!<\/h2>\n<p><a href=\"https:\/\/colinahomolog.com.br\/dev\/just-real-moms\/wp-content\/uploads\/2023\/06\/Sera-que-o-sono-do-meu-filho-e-normal-Maici-Ciari-Pediatra-Just-Real-Moms.webp\"><img fetchpriority=\"high\" decoding=\"async\" class=\"alignnone size-full wp-image-119725\" src=\"https:\/\/colinahomolog.com.br\/dev\/just-real-moms\/wp-content\/uploads\/2023\/06\/Sera-que-o-sono-do-meu-filho-e-normal-Maici-Ciari-Pediatra-Just-Real-Moms.webp\" alt=\"Menina rec\u00e9m-nascina em ensaio de Newborn dormindo com la\u00e7o na cabe\u00e7a - Just Real Moms\" width=\"1500\" height=\"1000\" srcset=\"https:\/\/colinahomolog.com.br\/dev\/just-real-moms\/wp-content\/uploads\/2023\/06\/Sera-que-o-sono-do-meu-filho-e-normal-Maici-Ciari-Pediatra-Just-Real-Moms.webp 1500w, https:\/\/colinahomolog.com.br\/dev\/just-real-moms\/wp-content\/uploads\/2023\/06\/Sera-que-o-sono-do-meu-filho-e-normal-Maici-Ciari-Pediatra-Just-Real-Moms-400x267.webp 400w, https:\/\/colinahomolog.com.br\/dev\/just-real-moms\/wp-content\/uploads\/2023\/06\/Sera-que-o-sono-do-meu-filho-e-normal-Maici-Ciari-Pediatra-Just-Real-Moms-820x547.webp 820w, https:\/\/colinahomolog.com.br\/dev\/just-real-moms\/wp-content\/uploads\/2023\/06\/Sera-que-o-sono-do-meu-filho-e-normal-Maici-Ciari-Pediatra-Just-Real-Moms-300x200.webp 300w, https:\/\/colinahomolog.com.br\/dev\/just-real-moms\/wp-content\/uploads\/2023\/06\/Sera-que-o-sono-do-meu-filho-e-normal-Maici-Ciari-Pediatra-Just-Real-Moms-768x512.webp 768w, https:\/\/colinahomolog.com.br\/dev\/just-real-moms\/wp-content\/uploads\/2023\/06\/Sera-que-o-sono-do-meu-filho-e-normal-Maici-Ciari-Pediatra-Just-Real-Moms-150x100.webp 150w, https:\/\/colinahomolog.com.br\/dev\/just-real-moms\/wp-content\/uploads\/2023\/06\/Sera-que-o-sono-do-meu-filho-e-normal-Maici-Ciari-Pediatra-Just-Real-Moms-696x464.webp 696w, https:\/\/colinahomolog.com.br\/dev\/just-real-moms\/wp-content\/uploads\/2023\/06\/Sera-que-o-sono-do-meu-filho-e-normal-Maici-Ciari-Pediatra-Just-Real-Moms-1068x712.webp 1068w\" sizes=\"(max-width: 1500px) 100vw, 1500px\" \/><\/a><\/p>\n<p>Oi Mam\u00e3es e Papais! Se voc\u00ea j\u00e1 se questionou se \u201co sono do meu filho \u00e9 normal?\u201d, voc\u00ea n\u00e3o est\u00e1 sozinha\/o.<\/p>\n<p>Sem d\u00favida, esse \u00e9 um dos questionamentos mais comuns dos pais, uma vez que muitos n\u00e3o sabem reconhecer os principais sinais e causas para o temido despertar noturno.<\/p>\n<p>Hoje, a Pediatra \u2013 Dra. Maici Ciari \u2013 vai contar tudo para voc\u00eas e listar estas principais causas para te ajudar identificar a qualidade do sono do seu filho\/a.<\/p>\n<p>Ent\u00e3o, vamos l\u00e1?!<\/p>\n<hr \/>\n<p>Bom, antes de falar os pontos que devemos prestar aten\u00e7\u00e3o para saber se o sono dos nossos filhos est\u00e1 correndo dentro do esperado ou n\u00e3o, \u00e9 preciso esclarecer que normalmente os beb\u00eas e crian\u00e7as pequenas despertam \u00e0 noite.<\/p>\n<p>Sim, despertar no meio da madrugada \u00e9 completamente normal. Ali\u00e1s, n\u00e3o s\u00f3 para os beb\u00eas e crian\u00e7as, como para todos n\u00f3s, inclusive adultos.<\/p>\n<p>A diferen\u00e7a \u00e9 que n\u00f3s sabemos voltar a dormir rapidamente e nem gravamos na mem\u00f3ria que tivemos um despertar.<\/p>\n<p>J\u00e1 os beb\u00eas e crian\u00e7as pequenas, quando t\u00eam um <a href=\"https:\/\/www.fleury.com.br\/medico\/artigos-cientificos\/disturbios-do-sono-na-infancia\" target=\"_blank\" rel=\"noopener\"><strong>despertar noturno<\/strong><\/a> mais acentuado, podem precisar de ajuda para retornar a dormir, como: mamar, carinho, colo ou apenas pegar na nossa m\u00e3o.<\/p>\n<p>At\u00e9 aqui, tudo bem!<\/p>\n<p>Mas, quando vamos pensar que algo n\u00e3o est\u00e1 dentro do esperado?<\/p>\n<p>Para saber isso, \u00e9 preciso excluir todas as poss\u00edveis causas de despertar.<\/p>\n<h3>Ent\u00e3o, as mais comuns, que voc\u00ea pode come\u00e7ar a prestar aten\u00e7\u00e3o e ver se necessita de algum ajuste, s\u00e3o:<\/h3>\n<ul>\n<li><strong>Ilumina\u00e7\u00e3o<\/strong>: o ideal \u00e9 dormirmos no mais escuro poss\u00edvel. Ter algum tipo de ilumina\u00e7\u00e3o no ambiente de sono pode prejudicar a qualidade do sono e aumentar os despertares;<\/li>\n<li><strong>Temperatura<\/strong>: quando est\u00e1 muito calor ou muito frio e n\u00e3o usamos roupas adequadas, nosso corpo fica desconfort\u00e1vel, podendo ocorrer mais despertares;<\/li>\n<li><strong>Barulho<\/strong>: nossa audi\u00e7\u00e3o continua funcionando durante o sono. Ent\u00e3o, barulhos altos podem nos despertar. Muitos beb\u00eas acordam at\u00e9 com o ronco dos pais que fazem quarto \/ cama compartilhada;<\/li>\n<li><strong>Fome<\/strong>: se n\u00e3o h\u00e1 uma boa alimenta\u00e7\u00e3o ao longo do dia, o beb\u00ea busca por nutri\u00e7\u00e3o ao longo da noite;<\/li>\n<li><strong>Saudade<\/strong>: muitos beb\u00eas e crian\u00e7as acordam \u00e0 noite para ficar perto de seus pais.<\/li>\n<li><strong>C\u00f3licas\/Gases<\/strong>: os desconfortos abdominais ou qualquer tipo de dor podem causar despertares noturnos;<\/li>\n<li><strong>Alergias<\/strong>: quadros de coceira na pele, <a href=\"https:\/\/colinahomolog.com.br\/dev\/just-real-moms\/alergia-picada-de-insetos\" target=\"_blank\" rel=\"noopener\"><strong>picadas de insetos<\/strong><\/a>, pele ressecadas, dermatite e at\u00e9 mesmo alergias alimentares que causem desconforto e podem aumentar o n\u00famero de desertares;<\/li>\n<li><strong>Problemas Respirat\u00f3rios<\/strong>: nariz entupido, falta de ar, tosse, ronco, dificuldade para respirar causam mais despertares noturnos e prejudicam muito a qualidade do sono. Mas, n\u00e3o \u00e9 normal roncar em nenhuma idade. Aqui, a parte do ronco entra al\u00e9m da quest\u00e3o do barulho, prejudicando a qualidade da respira\u00e7\u00e3o e do sono;<\/li>\n<li><strong><a href=\"https:\/\/colinahomolog.com.br\/dev\/just-real-moms\/o-que-e-higiene-do-sono-e-como-fazer\" target=\"_blank\" rel=\"noopener\">Higiene do sono<\/a> inadequada<\/strong>: quando n\u00e3o caprichamos na higiene do sono, prejudicamos o nosso relaxamento, a libera\u00e7\u00e3o natural de horm\u00f4nio de sono e podemos ter uma noite mais agitada;<\/li>\n<li><strong>Falta de rotina estabelecida<\/strong>: a rotina traz previsibilidade e seguran\u00e7a. Quando n\u00e3o nos sentimos seguros, n\u00e3o relaxamos e n\u00e3o dormimos bem.<\/li>\n<\/ul>\n<p>Sendo assim, o momento de procurar ajuda especializada para melhorar a qualidade do sono na sua casa come\u00e7a quando seu filho, ou at\u00e9 mesmo voc\u00ea, apresenta alguma altera\u00e7\u00e3o de sa\u00fade que possa prejudicar a qualidade e a manuten\u00e7\u00e3o do sono.<\/p>\n<h3>Altera\u00e7\u00f5es como os roncos, c\u00f3licas e alergias, s\u00e3o alertas ou mesmo quando voc\u00ea n\u00e3o sabe por onde come\u00e7ar a procurar como fazer os ajustes necess\u00e1rios.<\/h3>\n<p><strong>Ent\u00e3o, lembre-se<\/strong>: se algu\u00e9m te orientar a deixar seu filho chorando ou que te passe uma orienta\u00e7\u00e3o que n\u00e3o traga calma e seguran\u00e7a, procure outro profissional!<\/p>\n<hr \/>\n<p>Por fim, aproveite ainda para ler outros posts da Dra. Maici Ciari, como \u201c<a href=\"https:\/\/colinahomolog.com.br\/dev\/just-real-moms\/treinamento-de-sono-funciona\" target=\"_blank\" rel=\"noopener\"><strong>Treinamento de sono funciona?<\/strong><\/a>\u201d e \u201c<a href=\"https:\/\/colinahomolog.com.br\/dev\/just-real-moms\/seu-filho-so-dorme-no-colo\" target=\"_blank\" rel=\"noopener\"><strong>Seu filho s\u00f3 dorme no colo?!<\/strong><\/a>\u201d<\/p>\n<hr \/>\n<figure id=\"attachment_120821\" aria-describedby=\"caption-attachment-120821\" style=\"width: 2500px\" class=\"wp-caption alignnone\"><a href=\"https:\/\/colinahomolog.com.br\/dev\/just-real-moms\/wp-content\/uploads\/2023\/07\/TAG-Post-Medicos-Especialistas.webp\"><img decoding=\"async\" class=\"size-full wp-image-120821\" src=\"https:\/\/colinahomolog.com.br\/dev\/just-real-moms\/wp-content\/uploads\/2023\/07\/TAG-Post-Medicos-Especialistas.webp\" alt=\"Este post do Just Real Moms foi cuidadosamente elaborado por um m\u00e9dico altamente qualificado, trazendo informa\u00e7\u00f5es confi\u00e1veis e embasadas para voc\u00ea. Fique por dentro dos insights e conselhos de um verdadeiro especialista no assunto!\" width=\"2500\" height=\"300\" srcset=\"https:\/\/colinahomolog.com.br\/dev\/just-real-moms\/wp-content\/uploads\/2023\/07\/TAG-Post-Medicos-Especialistas.webp 2500w, https:\/\/colinahomolog.com.br\/dev\/just-real-moms\/wp-content\/uploads\/2023\/07\/TAG-Post-Medicos-Especialistas-400x48.webp 400w, https:\/\/colinahomolog.com.br\/dev\/just-real-moms\/wp-content\/uploads\/2023\/07\/TAG-Post-Medicos-Especialistas-820x98.webp 820w, https:\/\/colinahomolog.com.br\/dev\/just-real-moms\/wp-content\/uploads\/2023\/07\/TAG-Post-Medicos-Especialistas-300x36.webp 300w, https:\/\/colinahomolog.com.br\/dev\/just-real-moms\/wp-content\/uploads\/2023\/07\/TAG-Post-Medicos-Especialistas-768x92.webp 768w, https:\/\/colinahomolog.com.br\/dev\/just-real-moms\/wp-content\/uploads\/2023\/07\/TAG-Post-Medicos-Especialistas-1536x184.webp 1536w, https:\/\/colinahomolog.com.br\/dev\/just-real-moms\/wp-content\/uploads\/2023\/07\/TAG-Post-Medicos-Especialistas-2048x246.webp 2048w, https:\/\/colinahomolog.com.br\/dev\/just-real-moms\/wp-content\/uploads\/2023\/07\/TAG-Post-Medicos-Especialistas-150x18.webp 150w, https:\/\/colinahomolog.com.br\/dev\/just-real-moms\/wp-content\/uploads\/2023\/07\/TAG-Post-Medicos-Especialistas-696x84.webp 696w, https:\/\/colinahomolog.com.br\/dev\/just-real-moms\/wp-content\/uploads\/2023\/07\/TAG-Post-Medicos-Especialistas-1068x128.webp 1068w, https:\/\/colinahomolog.com.br\/dev\/just-real-moms\/wp-content\/uploads\/2023\/07\/TAG-Post-Medicos-Especialistas-1920x230.webp 1920w\" sizes=\"(max-width: 2500px) 100vw, 2500px\" \/><\/a><figcaption id=\"caption-attachment-120821\" class=\"wp-caption-text\">Este post do Just Real Moms foi cuidadosamente elaborado por um m\u00e9dico ou especialista altamente qualificado, trazendo informa\u00e7\u00f5es confi\u00e1veis e embasadas para voc\u00ea. Fique por dentro dos insights e conselhos de um verdadeiro especialista no assunto!<\/figcaption><\/figure>\n<h3>Sobre a Dra. Maici Ciari &#8211; CRM-SP 145330\/RQE 58674<\/h3>\n<p><strong>Instagram: <a href=\"https:\/\/www.instagram.com\/dramaici\/\" target=\"_blank\" rel=\"noopener\">@DraMaici<\/a><\/strong><\/p>\n<p><strong>M\u00e3e da Lola e do Lucas, \u00e9 Pediatra pela Universidade Santo Amaro<\/strong><\/p>\n<p>Tem p\u00f3s-gradua\u00e7\u00e3o em Nutrologia pela ABRAN e em Emerg\u00eancias Pedi\u00e1tricas pelo Hospital Israelita Albert Einstein e \u00e9 consultora do sono Materno-Infantil pelo <a href=\"https:\/\/parentinghealthinstitute.com\/\" target=\"_blank\" rel=\"noopener\"><strong>International Parenting and Health Institute (IPHI, Calif\u00f3rnia &#8211; EUA)<\/strong><\/a>.<\/p>\n<p>Atua em na \u00e1rea de sa\u00fade infantil h\u00e1 10 anos.<\/p>\n<p>Hoje, concilia a maternidade com atendimentos online e com a cria\u00e7\u00e3o de conte\u00fado sobre como proporcionar para beb\u00eas e crian\u00e7as uma boa rotina, alimenta\u00e7\u00e3o e sono de qualidade.<\/p>\n<hr \/>\n<h5><em>A INFORMA\u00c7\u00c3O DISPON\u00cdVEL NESTE SITE N\u00c3O SUBSTITUI O PARECER DE UM M\u00c9DICO PROFISSIONAL. SEMPRE CONSULTE O SEU M\u00c9DICO SOBRE QUALQUER ASSUNTO RELATIVO \u00c0 SUA SA\u00daDE, \u00c0 SA\u00daDE DOS SEUS FILHOS E FAMILIARES E AOS SEUS TRATAMENTOS E MEDICAMENTOS.<\/em><\/h5>\n<hr \/>\n<h6>Cr\u00e9dito: Nila Racigan<\/h6>\n\n    <div class=\"xs_social_share_widget xs_share_url after_content \t\tmain_content  wslu-style-1 wslu-share-box-shaped wslu-fill-colored wslu-none wslu-share-horizontal wslu-theme-font-no wslu-main_content\">\n\n\t\t\n        <ul>\n\t\t\t        <\/ul>\n    <\/div> \n","protected":false},"excerpt":{"rendered":"<p>FavoriteVoc\u00ea j\u00e1 se perguntou se \u201co sono do meu filho \u00e9 normal?\u201d. Sim, n\u00e9? Ent\u00e3o, venha entender se a qualidade so sono do seu beb\u00ea est\u00e1 bom! Oi Mam\u00e3es e Papais! Se voc\u00ea j\u00e1 se questionou se \u201co sono do meu filho \u00e9 normal?\u201d, voc\u00ea n\u00e3o est\u00e1 sozinha\/o. Sem d\u00favida, esse \u00e9 um dos questionamentos [&hellip;]<\/p>\n","protected":false},"author":1064,"featured_media":119725,"comment_status":"open","ping_status":"closed","sticky":false,"template":"","format":"standard","meta":{"_acf_changed":false,"footnotes":""},"categories":[30,453,2304,1781],"tags":[2367,2815,2465,1521,845,3006],"class_list":{"0":"post-119707","1":"post","2":"type-post","3":"status-publish","4":"format-standard","5":"has-post-thumbnail","7":"category-de-mae-para-mae","8":"category-dicas-dos-especialistas","9":"category-maes-empreendedoras","10":"category-sono","11":"tag-consultora-do-sono","12":"tag-disturbios-do-sono","13":"tag-sono","14":"tag-sono-das-criancas","15":"tag-sono-do-bebe","16":"tag-sono-infantil"},"acf":[],"yoast_head":"<!-- This site is optimized with the Yoast SEO Premium plugin v26.6 (Yoast SEO v26.6) - https:\/\/yoast.com\/wordpress\/plugins\/seo\/ -->\n<title>Ser\u00e1 que o sono do meu filho \u00e9 normal?<\/title>\n<meta name=\"description\" content=\"Voc\u00ea j\u00e1 se perguntou se \u201co sono do meu filho \u00e9 normal?\u201d. Venha reconhecer os principais sinais e causas para o temido despertar noturno.\" \/>\n<meta name=\"robots\" content=\"index, follow, max-snippet:-1, max-image-preview:large, max-video-preview:-1\" \/>\n<link rel=\"canonical\" href=\"https:\/\/colinahomolog.com.br\/dev\/just-real-moms\/sera-que-o-sono-do-meu-filho-e-normal\/\" \/>\n<meta property=\"og:locale\" content=\"pt_BR\" \/>\n<meta property=\"og:type\" content=\"article\" \/>\n<meta property=\"og:title\" content=\"Ser\u00e1 que o sono do meu filho \u00e9 normal?\" \/>\n<meta property=\"og:description\" content=\"Voc\u00ea j\u00e1 se perguntou se \u201co sono do meu filho \u00e9 normal?\u201d. Venha reconhecer os principais sinais e causas para o temido despertar noturno.\" \/>\n<meta property=\"og:url\" content=\"https:\/\/colinahomolog.com.br\/dev\/just-real-moms\/sera-que-o-sono-do-meu-filho-e-normal\/\" \/>\n<meta property=\"og:site_name\" content=\"Just Real Moms - Blog para M\u00e3es\" \/>\n<meta property=\"article:publisher\" content=\"https:\/\/www.facebook.com\/JustRealMoms\" \/>\n<meta property=\"article:published_time\" content=\"2023-06-30T21:53:04+00:00\" \/>\n<meta property=\"article:modified_time\" content=\"2023-10-13T17:51:23+00:00\" \/>\n<meta property=\"og:image\" content=\"https:\/\/colinahomolog.com.br\/dev\/just-real-moms\/wp-content\/uploads\/2023\/06\/Sera-que-o-sono-do-meu-filho-e-normal-Maici-Ciari-Pediatra-Just-Real-Moms.webp\" \/>\n\t<meta property=\"og:image:width\" content=\"1500\" \/>\n\t<meta property=\"og:image:height\" content=\"1000\" \/>\n\t<meta property=\"og:image:type\" content=\"image\/webp\" \/>\n<meta name=\"author\" content=\"Dra. Maici Ciari - Pediatra e Consultora do Sono Infantil\" \/>\n<meta name=\"twitter:label1\" content=\"Escrito por\" \/>\n\t<meta name=\"twitter:data1\" content=\"Dra. Maici Ciari - Pediatra e Consultora do Sono Infantil\" \/>\n\t<meta name=\"twitter:label2\" content=\"Est. tempo de leitura\" \/>\n\t<meta name=\"twitter:data2\" content=\"5 minutos\" \/>\n<script type=\"application\/ld+json\" class=\"yoast-schema-graph\">{\"@context\":\"https:\/\/schema.org\",\"@graph\":[{\"@type\":\"WebPage\",\"@id\":\"https:\/\/colinahomolog.com.br\/dev\/just-real-moms\/sera-que-o-sono-do-meu-filho-e-normal\/\",\"url\":\"https:\/\/colinahomolog.com.br\/dev\/just-real-moms\/sera-que-o-sono-do-meu-filho-e-normal\/\",\"name\":\"Ser\u00e1 que o sono do meu filho \u00e9 normal?\",\"isPartOf\":{\"@id\":\"https:\/\/colinahomolog.com.br\/dev\/just-real-moms\/#website\"},\"primaryImageOfPage\":{\"@id\":\"https:\/\/colinahomolog.com.br\/dev\/just-real-moms\/sera-que-o-sono-do-meu-filho-e-normal\/#primaryimage\"},\"image\":{\"@id\":\"https:\/\/colinahomolog.com.br\/dev\/just-real-moms\/sera-que-o-sono-do-meu-filho-e-normal\/#primaryimage\"},\"thumbnailUrl\":\"https:\/\/colinahomolog.com.br\/dev\/just-real-moms\/wp-content\/uploads\/2023\/06\/Sera-que-o-sono-do-meu-filho-e-normal-Maici-Ciari-Pediatra-Just-Real-Moms.webp\",\"datePublished\":\"2023-06-30T21:53:04+00:00\",\"dateModified\":\"2023-10-13T17:51:23+00:00\",\"author\":{\"@id\":\"https:\/\/colinahomolog.com.br\/dev\/just-real-moms\/#\/schema\/person\/df6f83272017ed712e9afe5eb8e6b57a\"},\"description\":\"Voc\u00ea j\u00e1 se perguntou se \u201co sono do meu filho \u00e9 normal?\u201d. Venha reconhecer os principais sinais e causas para o temido despertar noturno.\",\"breadcrumb\":{\"@id\":\"https:\/\/colinahomolog.com.br\/dev\/just-real-moms\/sera-que-o-sono-do-meu-filho-e-normal\/#breadcrumb\"},\"inLanguage\":\"pt-BR\",\"potentialAction\":[{\"@type\":\"ReadAction\",\"target\":[\"https:\/\/colinahomolog.com.br\/dev\/just-real-moms\/sera-que-o-sono-do-meu-filho-e-normal\/\"]}]},{\"@type\":\"ImageObject\",\"inLanguage\":\"pt-BR\",\"@id\":\"https:\/\/colinahomolog.com.br\/dev\/just-real-moms\/sera-que-o-sono-do-meu-filho-e-normal\/#primaryimage\",\"url\":\"https:\/\/colinahomolog.com.br\/dev\/just-real-moms\/wp-content\/uploads\/2023\/06\/Sera-que-o-sono-do-meu-filho-e-normal-Maici-Ciari-Pediatra-Just-Real-Moms.webp\",\"contentUrl\":\"https:\/\/colinahomolog.com.br\/dev\/just-real-moms\/wp-content\/uploads\/2023\/06\/Sera-que-o-sono-do-meu-filho-e-normal-Maici-Ciari-Pediatra-Just-Real-Moms.webp\",\"width\":1500,\"height\":1000,\"caption\":\"Menina rec\u00e9m-nascina em ensaio de Newborn dormindo com la\u00e7o na cabe\u00e7a - Just Real Moms\"},{\"@type\":\"BreadcrumbList\",\"@id\":\"https:\/\/colinahomolog.com.br\/dev\/just-real-moms\/sera-que-o-sono-do-meu-filho-e-normal\/#breadcrumb\",\"itemListElement\":[{\"@type\":\"ListItem\",\"position\":1,\"name\":\"In\u00edcio\",\"item\":\"https:\/\/colinahomolog.com.br\/dev\/just-real-moms\/\"},{\"@type\":\"ListItem\",\"position\":2,\"name\":\"Ser\u00e1 que o sono do meu filho \u00e9 normal?\"}]},{\"@type\":\"WebSite\",\"@id\":\"https:\/\/colinahomolog.com.br\/dev\/just-real-moms\/#website\",\"url\":\"https:\/\/colinahomolog.com.br\/dev\/just-real-moms\/\",\"name\":\"Just Real Moms - Blog para M\u00e3es\",\"description\":\"O melhor e mais completo portal para m\u00e3es, pais e futuros pais!\",\"potentialAction\":[{\"@type\":\"SearchAction\",\"target\":{\"@type\":\"EntryPoint\",\"urlTemplate\":\"https:\/\/colinahomolog.com.br\/dev\/just-real-moms\/?s={search_term_string}\"},\"query-input\":{\"@type\":\"PropertyValueSpecification\",\"valueRequired\":true,\"valueName\":\"search_term_string\"}}],\"inLanguage\":\"pt-BR\"},{\"@type\":\"Person\",\"@id\":\"https:\/\/colinahomolog.com.br\/dev\/just-real-moms\/#\/schema\/person\/df6f83272017ed712e9afe5eb8e6b57a\",\"name\":\"Dra. Maici Ciari - Pediatra e Consultora do Sono Infantil\",\"url\":\"https:\/\/colinahomolog.com.br\/dev\/just-real-moms\/author\/dra-maici-ciari\/\"}]}<\/script>\n<!-- \/ Yoast SEO Premium plugin. -->","yoast_head_json":{"title":"Ser\u00e1 que o sono do meu filho \u00e9 normal?","description":"Voc\u00ea j\u00e1 se perguntou se \u201co sono do meu filho \u00e9 normal?\u201d. Venha reconhecer os principais sinais e causas para o temido despertar noturno.","robots":{"index":"index","follow":"follow","max-snippet":"max-snippet:-1","max-image-preview":"max-image-preview:large","max-video-preview":"max-video-preview:-1"},"canonical":"https:\/\/colinahomolog.com.br\/dev\/just-real-moms\/sera-que-o-sono-do-meu-filho-e-normal\/","og_locale":"pt_BR","og_type":"article","og_title":"Ser\u00e1 que o sono do meu filho \u00e9 normal?","og_description":"Voc\u00ea j\u00e1 se perguntou se \u201co sono do meu filho \u00e9 normal?\u201d. Venha reconhecer os principais sinais e causas para o temido despertar noturno.","og_url":"https:\/\/colinahomolog.com.br\/dev\/just-real-moms\/sera-que-o-sono-do-meu-filho-e-normal\/","og_site_name":"Just Real Moms - Blog para M\u00e3es","article_publisher":"https:\/\/www.facebook.com\/JustRealMoms","article_published_time":"2023-06-30T21:53:04+00:00","article_modified_time":"2023-10-13T17:51:23+00:00","og_image":[{"width":1500,"height":1000,"url":"https:\/\/colinahomolog.com.br\/dev\/just-real-moms\/wp-content\/uploads\/2023\/06\/Sera-que-o-sono-do-meu-filho-e-normal-Maici-Ciari-Pediatra-Just-Real-Moms.webp","type":"image\/webp"}],"author":"Dra. Maici Ciari - Pediatra e Consultora do Sono Infantil","twitter_misc":{"Escrito por":"Dra. Maici Ciari - Pediatra e Consultora do Sono Infantil","Est. tempo de leitura":"5 minutos"},"schema":{"@context":"https:\/\/schema.org","@graph":[{"@type":"WebPage","@id":"https:\/\/colinahomolog.com.br\/dev\/just-real-moms\/sera-que-o-sono-do-meu-filho-e-normal\/","url":"https:\/\/colinahomolog.com.br\/dev\/just-real-moms\/sera-que-o-sono-do-meu-filho-e-normal\/","name":"Ser\u00e1 que o sono do meu filho \u00e9 normal?","isPartOf":{"@id":"https:\/\/colinahomolog.com.br\/dev\/just-real-moms\/#website"},"primaryImageOfPage":{"@id":"https:\/\/colinahomolog.com.br\/dev\/just-real-moms\/sera-que-o-sono-do-meu-filho-e-normal\/#primaryimage"},"image":{"@id":"https:\/\/colinahomolog.com.br\/dev\/just-real-moms\/sera-que-o-sono-do-meu-filho-e-normal\/#primaryimage"},"thumbnailUrl":"https:\/\/colinahomolog.com.br\/dev\/just-real-moms\/wp-content\/uploads\/2023\/06\/Sera-que-o-sono-do-meu-filho-e-normal-Maici-Ciari-Pediatra-Just-Real-Moms.webp","datePublished":"2023-06-30T21:53:04+00:00","dateModified":"2023-10-13T17:51:23+00:00","author":{"@id":"https:\/\/colinahomolog.com.br\/dev\/just-real-moms\/#\/schema\/person\/df6f83272017ed712e9afe5eb8e6b57a"},"description":"Voc\u00ea j\u00e1 se perguntou se \u201co sono do meu filho \u00e9 normal?\u201d. Venha reconhecer os principais sinais e causas para o temido despertar noturno.","breadcrumb":{"@id":"https:\/\/colinahomolog.com.br\/dev\/just-real-moms\/sera-que-o-sono-do-meu-filho-e-normal\/#breadcrumb"},"inLanguage":"pt-BR","potentialAction":[{"@type":"ReadAction","target":["https:\/\/colinahomolog.com.br\/dev\/just-real-moms\/sera-que-o-sono-do-meu-filho-e-normal\/"]}]},{"@type":"ImageObject","inLanguage":"pt-BR","@id":"https:\/\/colinahomolog.com.br\/dev\/just-real-moms\/sera-que-o-sono-do-meu-filho-e-normal\/#primaryimage","url":"https:\/\/colinahomolog.com.br\/dev\/just-real-moms\/wp-content\/uploads\/2023\/06\/Sera-que-o-sono-do-meu-filho-e-normal-Maici-Ciari-Pediatra-Just-Real-Moms.webp","contentUrl":"https:\/\/colinahomolog.com.br\/dev\/just-real-moms\/wp-content\/uploads\/2023\/06\/Sera-que-o-sono-do-meu-filho-e-normal-Maici-Ciari-Pediatra-Just-Real-Moms.webp","width":1500,"height":1000,"caption":"Menina rec\u00e9m-nascina em ensaio de Newborn dormindo com la\u00e7o na cabe\u00e7a - Just Real Moms"},{"@type":"BreadcrumbList","@id":"https:\/\/colinahomolog.com.br\/dev\/just-real-moms\/sera-que-o-sono-do-meu-filho-e-normal\/#breadcrumb","itemListElement":[{"@type":"ListItem","position":1,"name":"In\u00edcio","item":"https:\/\/colinahomolog.com.br\/dev\/just-real-moms\/"},{"@type":"ListItem","position":2,"name":"Ser\u00e1 que o sono do meu filho \u00e9 normal?"}]},{"@type":"WebSite","@id":"https:\/\/colinahomolog.com.br\/dev\/just-real-moms\/#website","url":"https:\/\/colinahomolog.com.br\/dev\/just-real-moms\/","name":"Just Real Moms - Blog para M\u00e3es","description":"O melhor e mais completo portal para m\u00e3es, pais e futuros pais!","potentialAction":[{"@type":"SearchAction","target":{"@type":"EntryPoint","urlTemplate":"https:\/\/colinahomolog.com.br\/dev\/just-real-moms\/?s={search_term_string}"},"query-input":{"@type":"PropertyValueSpecification","valueRequired":true,"valueName":"search_term_string"}}],"inLanguage":"pt-BR"},{"@type":"Person","@id":"https:\/\/colinahomolog.com.br\/dev\/just-real-moms\/#\/schema\/person\/df6f83272017ed712e9afe5eb8e6b57a","name":"Dra. Maici Ciari - Pediatra e Consultora do Sono Infantil","url":"https:\/\/colinahomolog.com.br\/dev\/just-real-moms\/author\/dra-maici-ciari\/"}]}},"_links":{"self":[{"href":"https:\/\/colinahomolog.com.br\/dev\/just-real-moms\/wp-json\/wp\/v2\/posts\/119707","targetHints":{"allow":["GET"]}}],"collection":[{"href":"https:\/\/colinahomolog.com.br\/dev\/just-real-moms\/wp-json\/wp\/v2\/posts"}],"about":[{"href":"https:\/\/colinahomolog.com.br\/dev\/just-real-moms\/wp-json\/wp\/v2\/types\/post"}],"author":[{"embeddable":true,"href":"https:\/\/colinahomolog.com.br\/dev\/just-real-moms\/wp-json\/wp\/v2\/users\/1064"}],"replies":[{"embeddable":true,"href":"https:\/\/colinahomolog.com.br\/dev\/just-real-moms\/wp-json\/wp\/v2\/comments?post=119707"}],"version-history":[{"count":0,"href":"https:\/\/colinahomolog.com.br\/dev\/just-real-moms\/wp-json\/wp\/v2\/posts\/119707\/revisions"}],"wp:featuredmedia":[{"embeddable":true,"href":"https:\/\/colinahomolog.com.br\/dev\/just-real-moms\/wp-json\/wp\/v2\/media\/119725"}],"wp:attachment":[{"href":"https:\/\/colinahomolog.com.br\/dev\/just-real-moms\/wp-json\/wp\/v2\/media?parent=119707"}],"wp:term":[{"taxonomy":"category","embeddable":true,"href":"https:\/\/colinahomolog.com.br\/dev\/just-real-moms\/wp-json\/wp\/v2\/categories?post=119707"},{"taxonomy":"post_tag","embeddable":true,"href":"https:\/\/colinahomolog.com.br\/dev\/just-real-moms\/wp-json\/wp\/v2\/tags?post=119707"}],"curies":[{"name":"wp","href":"https:\/\/api.w.org\/{rel}","templated":true}]}}