{"id":12310,"date":"2013-02-14T08:30:55","date_gmt":"2013-02-14T10:30:55","guid":{"rendered":"https:\/\/colinahomolog.com.br\/dev\/just-real-moms\/?p=12310"},"modified":"2016-05-05T19:06:39","modified_gmt":"2016-05-05T22:06:39","slug":"nossos-filhos-e-a-escola-por-tarsila-granadeiro-guimaraes","status":"publish","type":"post","link":"https:\/\/colinahomolog.com.br\/dev\/just-real-moms\/nossos-filhos-e-a-escola-por-tarsila-granadeiro-guimaraes\/","title":{"rendered":"Nossos filhos e a escola! &#8211; por Tarsila Granadeiro Guimar\u00e3es"},"content":{"rendered":"<button class=\"simplefavorite-button preset\" data-postid=\"12310\" data-siteid=\"1\" data-groupid=\"1\" data-favoritecount=\"0\" style=\"box-shadow:none;-webkit-box-shadow:none;-moz-box-shadow:none;background-color:#68ccb4;border-color:#68ccb4;color:#ffffff;\"><i class=\"sf-icon-favorite\" style=\"\"><\/i>Favorite<\/button><p>&nbsp;<\/p>\n<p>Oi,\u00a0meninas, tudo bem?<\/p>\n<p>&nbsp;<\/p>\n<p>Nessa fase do ano, com o per\u00edodo de volta \u00e0s aulas, as mam\u00e3es ficam apreensivas e cheia de d\u00favidas, principalmente aquelas que est\u00e3o vivendo a fase de adapta\u00e7\u00e3o dos pequenos! Temos recebido muitos e-mails para falarmos um pouco mais desse tema. Ent\u00e3o,convidamos a pedagoga\u00a0Tarsila S. C. Granadeiro Guimar\u00e3es para falar um pouco sobre a adapta\u00e7\u00e3o escolar dos\u00a0nossos filhos e da rela\u00e7\u00e3o deles com a escola.<\/p>\n<p>&nbsp;<\/p>\n<p>A Tarsila j\u00e1 esteve em nosso blog antes, quando escreveu um post a respeito da escolha ou n\u00e3o de uma escola bil\u00edngue (para ler, cliquem <span style=\"color: #0000ff;\"><a title=\"Bil\u00edngue ou n\u00e3o bil\u00edngue? Eis a quest\u00e3o!\" href=\"https:\/\/colinahomolog.com.br\/dev\/just-real-moms\/bilingue-ou-nao-bilingue-eis-a-questao\/\"><span style=\"color: #0000ff;\"><strong>AQUI<\/strong><\/span><\/a><\/span>).<\/p>\n<p>&nbsp;<\/p>\n<p><img fetchpriority=\"high\" decoding=\"async\" class=\"aligncenter size-full wp-image-12312\" alt=\"esc\" src=\"https:\/\/colinahomolog.com.br\/dev\/just-real-moms\/wp-content\/uploads\/2013\/02\/esc.jpg\" width=\"280\" height=\"180\" \/><\/p>\n<p>Espero que gostem!<\/p>\n<p>Beijos!<\/p>\n<p>&#8230;&#8230;&#8230;&#8230;&#8230;&#8230;&#8230;&#8230;&#8230;&#8230;&#8230;&#8230;&#8230;&#8230;&#8230;&#8230;&#8230;&#8230;&#8230;&#8230;&#8230;&#8230;&#8230;&#8230;&#8230;&#8230;&#8230;&#8230;&#8230;&#8230;&#8230;&#8230;&#8230;&#8230;&#8230;&#8230;&#8230;&#8230;&#8230;&#8230;&#8230;&#8230;&#8230;&#8230;&#8230;&#8230;&#8230;&#8230;&#8230;&#8230;&#8230;&#8230;&#8230;&#8230;&#8230;&#8230;&#8230;&#8230;&#8230;&#8230;&#8230;&#8230;&#8230;&#8230;&#8230;&#8230;&#8230;&#8230;&#8230;&#8230;<\/p>\n<p>&nbsp;<\/p>\n<p>Conversando com a Ju sobre o blog, chegamos \u00e0 conclus\u00e3o que seria legal escrever uma coluna para falar um pouquinho sobre a adapta\u00e7\u00e3o escolar dos pequenos e pequenas.\u00a0Muitas de voc\u00eas devem estar passando por isso pela primeira vez e, apesar de ser um momento \u00fanico, \u00e9 tamb\u00e9m repleto de d\u00favidas.<\/p>\n<p>&nbsp;<\/p>\n<p>Primeiramente recomendo aos pais que na ocasi\u00e3o do primeiro contato com a escola e sua equipe fa\u00e7am todas as perguntas que julguem pertinentes para que se identifiquem e se sintam seguros com a proposta da escola. Quando h\u00e1 identifica\u00e7\u00e3o com a filosofia da escola, os pais naturalmente se sentem muito mais confiantes e otimistas com o processo de adapta\u00e7\u00e3o.<\/p>\n<p>&nbsp;<\/p>\n<p>&nbsp;<\/p>\n<p><img decoding=\"async\" class=\"aligncenter size-full wp-image-12314\" alt=\"esc1\" src=\"https:\/\/colinahomolog.com.br\/dev\/just-real-moms\/wp-content\/uploads\/2013\/02\/esc1.jpg\" width=\"300\" height=\"300\" srcset=\"https:\/\/colinahomolog.com.br\/dev\/just-real-moms\/wp-content\/uploads\/2013\/02\/esc1.jpg 300w, https:\/\/colinahomolog.com.br\/dev\/just-real-moms\/wp-content\/uploads\/2013\/02\/esc1-150x150.jpg 150w\" sizes=\"(max-width: 300px) 100vw, 300px\" \/><\/p>\n<p>&nbsp;<\/p>\n<p>&nbsp;<\/p>\n<p>Antes das aulas come\u00e7arem, converse bastante com seu filho\/filha sobre a escola, o uniforme, sobre os amigos que vir\u00e3o a ter e sobre que tipos de atividades ser\u00e3o realizadas, tais como pintar, colar, desenhar&#8230;.\u00a0 \u00c9 muito positivo ressaltar que ser\u00e1 um lugar novo, cheio de brincadeiras e novos amigos.\u00a0 Outro ponto importante \u00e9 n\u00e3o incluir nenhuma outra altera\u00e7\u00e3o na rotina, ou seja, nada de largar a fralda ou a chupeta nesse mesmo per\u00edodo. Al\u00e9m disso, se a crian\u00e7a insistir em levar um brinquedo ou uma fralda de tecido n\u00e3o se oponha, nem a impe\u00e7a. Este objeto \u00e9 chamado de \u201cobjeto transicional\u201d e transmite seguran\u00e7a e conforto ajudando a crian\u00e7a a lidar com a aus\u00eancia da m\u00e3e.<\/p>\n<p>&nbsp;<\/p>\n<p>Come\u00e7ada a adapta\u00e7\u00e3o, \u00e9 muito importante que os pais fiquem na \u00e1rea reservada e nunca em sala de aula. A crian\u00e7a poder\u00e1 chorar e, a\u00ed sim, deve ser levada ao encontro dos pais (ou de outro parente que esteja participando desse processo), percebendo que n\u00e3o est\u00e1 sozinha naquele novo ambiente. Para muitas crian\u00e7as, os primeiros dias podem ser muito dif\u00edceis e \u00e9 fundamental que os pais tenham paci\u00eancia e consigam controlar a sua ansiedade e apreens\u00e3o neste momento. Os pais est\u00e3o ali para dar conforto e seguran\u00e7a, mas nunca devem interferir no andamento da aula, j\u00e1 que esta ser\u00e1 a nova din\u00e2mica da vida da crian\u00e7a desse momento em diante. Vale at\u00e9 mesmo controlar as &#8220;espiadas&#8221; e os &#8220;tchauzinhos&#8221; para que a presen\u00e7a dos pais interfira o m\u00ednimo poss\u00edvel.<\/p>\n<p>&nbsp;<\/p>\n<p>&nbsp;<\/p>\n<p><img decoding=\"async\" class=\"aligncenter size-full wp-image-12315\" alt=\"Son clinging to father's leg\" src=\"https:\/\/colinahomolog.com.br\/dev\/just-real-moms\/wp-content\/uploads\/2013\/02\/esc2.jpg\" width=\"380\" height=\"295\" srcset=\"https:\/\/colinahomolog.com.br\/dev\/just-real-moms\/wp-content\/uploads\/2013\/02\/esc2.jpg 380w, https:\/\/colinahomolog.com.br\/dev\/just-real-moms\/wp-content\/uploads\/2013\/02\/esc2-150x116.jpg 150w, https:\/\/colinahomolog.com.br\/dev\/just-real-moms\/wp-content\/uploads\/2013\/02\/esc2-300x232.jpg 300w\" sizes=\"(max-width: 380px) 100vw, 380px\" \/><\/p>\n<p>&nbsp;<\/p>\n<p>&nbsp;<\/p>\n<p>Outro fato bastante comum que surpreende muitos pais \u00e9 quando a crian\u00e7a come\u00e7a a mostrar resist\u00eancia ap\u00f3s alguns dias de adapta\u00e7\u00e3o. Isto normalmente acontece quando a sensa\u00e7\u00e3o de novidade passa e eles descobrem que regras existem e far\u00e3o parte dessa nova rotina di\u00e1ria. Continue firme enaltecendo os aspectos positivos como as brincadeiras e os novos amigos.<\/p>\n<p>&nbsp;<\/p>\n<p>Mais uma dica muito pessoal refere-se \u00e0 pontualidade. Esta \u00e9 de extrema import\u00e2ncia tanto para a chegada da crian\u00e7a na escola como na sa\u00edda. A crian\u00e7a deve chegar no hor\u00e1rio para que os momentos iniciais (normalmente caracterizados pela intera\u00e7\u00e3o do grupo) sejam usufru\u00eddos por todos os alunos da melhor forma. J\u00e1 na sa\u00edda, muitos deles sentem-se inseguros enquanto o pai, a m\u00e3e ou o respons\u00e1vel n\u00e3o chegam. Portanto, especialmente nos primeiros dias, tentem se planejar para estarem na escola uns minutinhos antes da sa\u00edda. Isto trar\u00e1 tranquilidade e um sorriso lindo no rosto do seu pequeno\/pequena.<\/p>\n<p>&nbsp;<\/p>\n<p>&nbsp;<\/p>\n<p><img loading=\"lazy\" decoding=\"async\" class=\"aligncenter size-full wp-image-12313\" alt=\"esc 3\" src=\"https:\/\/colinahomolog.com.br\/dev\/just-real-moms\/wp-content\/uploads\/2013\/02\/esc-3.jpg\" width=\"520\" height=\"290\" srcset=\"https:\/\/colinahomolog.com.br\/dev\/just-real-moms\/wp-content\/uploads\/2013\/02\/esc-3.jpg 520w, https:\/\/colinahomolog.com.br\/dev\/just-real-moms\/wp-content\/uploads\/2013\/02\/esc-3-150x83.jpg 150w, https:\/\/colinahomolog.com.br\/dev\/just-real-moms\/wp-content\/uploads\/2013\/02\/esc-3-300x167.jpg 300w\" sizes=\"(max-width: 520px) 100vw, 520px\" \/><\/p>\n<p>&nbsp;<\/p>\n<p>&nbsp;<\/p>\n<p>Aproveitem bastante esse momento riqu\u00edssimo na vida de seus filhos. A educa\u00e7\u00e3o n\u00e3o \u00e9 s\u00f3 um direito da crian\u00e7a, \u00e9 tamb\u00e9m um presente para um caminho muito especial. \u00c9 atrav\u00e9s desta trilha que eles crescer\u00e3o e se tornar\u00e3o cidad\u00e3os capazes e preparados para fazerem a diferen\u00e7a no nosso mundo. Que o caminho deles seja repleto de muita criatividade, alegria e conhecimento!<\/p>\n<p>&nbsp;<\/p>\n<p>&nbsp;<\/p>\n\n    <div class=\"xs_social_share_widget xs_share_url after_content \t\tmain_content  wslu-style-1 wslu-share-box-shaped wslu-fill-colored wslu-none wslu-share-horizontal wslu-theme-font-no wslu-main_content\">\n\n\t\t\n        <ul>\n\t\t\t        <\/ul>\n    <\/div> \n","protected":false},"excerpt":{"rendered":"<p>Favorite&nbsp; Oi,\u00a0meninas, tudo bem? &nbsp; Nessa fase do ano, com o per\u00edodo de volta \u00e0s aulas, as mam\u00e3es ficam apreensivas e cheia de d\u00favidas, principalmente aquelas que est\u00e3o vivendo a fase de adapta\u00e7\u00e3o dos pequenos! Temos recebido muitos e-mails para falarmos um pouco mais desse tema. Ent\u00e3o,convidamos a pedagoga\u00a0Tarsila S. C. Granadeiro Guimar\u00e3es para falar [&hellip;]<\/p>\n","protected":false},"author":6,"featured_media":12312,"comment_status":"open","ping_status":"closed","sticky":false,"template":"","format":"standard","meta":{"_acf_changed":false,"footnotes":""},"categories":[30,453],"tags":[566],"class_list":{"0":"post-12310","1":"post","2":"type-post","3":"status-publish","4":"format-standard","5":"has-post-thumbnail","7":"category-de-mae-para-mae","8":"category-dicas-dos-especialistas","9":"tag-volta-as-aulas"},"acf":[],"yoast_head":"<!-- This site is optimized with the Yoast SEO Premium plugin v26.6 (Yoast SEO v26.6) - https:\/\/yoast.com\/wordpress\/plugins\/seo\/ -->\n<title>Nossos filhos e a escola! - por Tarsila Granadeiro Guimar\u00e3es<\/title>\n<meta name=\"robots\" content=\"index, follow, max-snippet:-1, max-image-preview:large, max-video-preview:-1\" \/>\n<link rel=\"canonical\" href=\"https:\/\/colinahomolog.com.br\/dev\/just-real-moms\/nossos-filhos-e-a-escola-por-tarsila-granadeiro-guimaraes\/\" \/>\n<meta property=\"og:locale\" content=\"pt_BR\" \/>\n<meta property=\"og:type\" content=\"article\" \/>\n<meta property=\"og:title\" content=\"Nossos filhos e a escola! - por Tarsila Granadeiro Guimar\u00e3es\" \/>\n<meta property=\"og:description\" content=\"Favorite&nbsp; Oi,\u00a0meninas, tudo bem? &nbsp; Nessa fase do ano, com o per\u00edodo de volta \u00e0s aulas, as mam\u00e3es ficam apreensivas e cheia de d\u00favidas, principalmente aquelas que est\u00e3o vivendo a fase de adapta\u00e7\u00e3o dos pequenos! Temos recebido muitos e-mails para falarmos um pouco mais desse tema. Ent\u00e3o,convidamos a pedagoga\u00a0Tarsila S. C. Granadeiro Guimar\u00e3es para falar [&hellip;]\" \/>\n<meta property=\"og:url\" content=\"https:\/\/colinahomolog.com.br\/dev\/just-real-moms\/nossos-filhos-e-a-escola-por-tarsila-granadeiro-guimaraes\/\" \/>\n<meta property=\"og:site_name\" content=\"Just Real Moms - Blog para M\u00e3es\" \/>\n<meta property=\"article:publisher\" content=\"https:\/\/www.facebook.com\/JustRealMoms\" \/>\n<meta property=\"article:published_time\" content=\"2013-02-14T10:30:55+00:00\" \/>\n<meta property=\"article:modified_time\" content=\"2016-05-05T22:06:39+00:00\" \/>\n<meta property=\"og:image\" content=\"https:\/\/colinahomolog.com.br\/dev\/just-real-moms\/wp-content\/uploads\/2013\/02\/esc.jpg\" \/>\n\t<meta property=\"og:image:width\" content=\"280\" \/>\n\t<meta property=\"og:image:height\" content=\"180\" \/>\n\t<meta property=\"og:image:type\" content=\"image\/jpeg\" \/>\n<meta name=\"author\" content=\"Juliana\" \/>\n<meta name=\"twitter:label1\" content=\"Escrito por\" \/>\n\t<meta name=\"twitter:data1\" content=\"Juliana\" \/>\n\t<meta name=\"twitter:label2\" content=\"Est. tempo de leitura\" \/>\n\t<meta name=\"twitter:data2\" content=\"4 minutos\" \/>\n<script type=\"application\/ld+json\" class=\"yoast-schema-graph\">{\"@context\":\"https:\/\/schema.org\",\"@graph\":[{\"@type\":\"WebPage\",\"@id\":\"https:\/\/colinahomolog.com.br\/dev\/just-real-moms\/nossos-filhos-e-a-escola-por-tarsila-granadeiro-guimaraes\/\",\"url\":\"https:\/\/colinahomolog.com.br\/dev\/just-real-moms\/nossos-filhos-e-a-escola-por-tarsila-granadeiro-guimaraes\/\",\"name\":\"Nossos filhos e a escola! - por Tarsila Granadeiro Guimar\u00e3es\",\"isPartOf\":{\"@id\":\"https:\/\/colinahomolog.com.br\/dev\/just-real-moms\/#website\"},\"primaryImageOfPage\":{\"@id\":\"https:\/\/colinahomolog.com.br\/dev\/just-real-moms\/nossos-filhos-e-a-escola-por-tarsila-granadeiro-guimaraes\/#primaryimage\"},\"image\":{\"@id\":\"https:\/\/colinahomolog.com.br\/dev\/just-real-moms\/nossos-filhos-e-a-escola-por-tarsila-granadeiro-guimaraes\/#primaryimage\"},\"thumbnailUrl\":\"https:\/\/colinahomolog.com.br\/dev\/just-real-moms\/wp-content\/uploads\/2013\/02\/esc.jpg\",\"datePublished\":\"2013-02-14T10:30:55+00:00\",\"dateModified\":\"2016-05-05T22:06:39+00:00\",\"author\":{\"@id\":\"https:\/\/colinahomolog.com.br\/dev\/just-real-moms\/#\/schema\/person\/8218aa957ba5a31e5f531f3b6561916a\"},\"breadcrumb\":{\"@id\":\"https:\/\/colinahomolog.com.br\/dev\/just-real-moms\/nossos-filhos-e-a-escola-por-tarsila-granadeiro-guimaraes\/#breadcrumb\"},\"inLanguage\":\"pt-BR\",\"potentialAction\":[{\"@type\":\"ReadAction\",\"target\":[\"https:\/\/colinahomolog.com.br\/dev\/just-real-moms\/nossos-filhos-e-a-escola-por-tarsila-granadeiro-guimaraes\/\"]}]},{\"@type\":\"ImageObject\",\"inLanguage\":\"pt-BR\",\"@id\":\"https:\/\/colinahomolog.com.br\/dev\/just-real-moms\/nossos-filhos-e-a-escola-por-tarsila-granadeiro-guimaraes\/#primaryimage\",\"url\":\"https:\/\/colinahomolog.com.br\/dev\/just-real-moms\/wp-content\/uploads\/2013\/02\/esc.jpg\",\"contentUrl\":\"https:\/\/colinahomolog.com.br\/dev\/just-real-moms\/wp-content\/uploads\/2013\/02\/esc.jpg\",\"width\":280,\"height\":180},{\"@type\":\"BreadcrumbList\",\"@id\":\"https:\/\/colinahomolog.com.br\/dev\/just-real-moms\/nossos-filhos-e-a-escola-por-tarsila-granadeiro-guimaraes\/#breadcrumb\",\"itemListElement\":[{\"@type\":\"ListItem\",\"position\":1,\"name\":\"In\u00edcio\",\"item\":\"https:\/\/colinahomolog.com.br\/dev\/just-real-moms\/\"},{\"@type\":\"ListItem\",\"position\":2,\"name\":\"Nossos filhos e a escola! &#8211; por Tarsila Granadeiro Guimar\u00e3es\"}]},{\"@type\":\"WebSite\",\"@id\":\"https:\/\/colinahomolog.com.br\/dev\/just-real-moms\/#website\",\"url\":\"https:\/\/colinahomolog.com.br\/dev\/just-real-moms\/\",\"name\":\"Just Real Moms - Blog para M\u00e3es\",\"description\":\"O melhor e mais completo portal para m\u00e3es, pais e futuros pais!\",\"potentialAction\":[{\"@type\":\"SearchAction\",\"target\":{\"@type\":\"EntryPoint\",\"urlTemplate\":\"https:\/\/colinahomolog.com.br\/dev\/just-real-moms\/?s={search_term_string}\"},\"query-input\":{\"@type\":\"PropertyValueSpecification\",\"valueRequired\":true,\"valueName\":\"search_term_string\"}}],\"inLanguage\":\"pt-BR\"},{\"@type\":\"Person\",\"@id\":\"https:\/\/colinahomolog.com.br\/dev\/just-real-moms\/#\/schema\/person\/8218aa957ba5a31e5f531f3b6561916a\",\"name\":\"Juliana\",\"url\":\"https:\/\/colinahomolog.com.br\/dev\/just-real-moms\/author\/juliana\/\"}]}<\/script>\n<!-- \/ Yoast SEO Premium plugin. -->","yoast_head_json":{"title":"Nossos filhos e a escola! - por Tarsila Granadeiro Guimar\u00e3es","robots":{"index":"index","follow":"follow","max-snippet":"max-snippet:-1","max-image-preview":"max-image-preview:large","max-video-preview":"max-video-preview:-1"},"canonical":"https:\/\/colinahomolog.com.br\/dev\/just-real-moms\/nossos-filhos-e-a-escola-por-tarsila-granadeiro-guimaraes\/","og_locale":"pt_BR","og_type":"article","og_title":"Nossos filhos e a escola! - por Tarsila Granadeiro Guimar\u00e3es","og_description":"Favorite&nbsp; Oi,\u00a0meninas, tudo bem? &nbsp; Nessa fase do ano, com o per\u00edodo de volta \u00e0s aulas, as mam\u00e3es ficam apreensivas e cheia de d\u00favidas, principalmente aquelas que est\u00e3o vivendo a fase de adapta\u00e7\u00e3o dos pequenos! Temos recebido muitos e-mails para falarmos um pouco mais desse tema. Ent\u00e3o,convidamos a pedagoga\u00a0Tarsila S. C. Granadeiro Guimar\u00e3es para falar [&hellip;]","og_url":"https:\/\/colinahomolog.com.br\/dev\/just-real-moms\/nossos-filhos-e-a-escola-por-tarsila-granadeiro-guimaraes\/","og_site_name":"Just Real Moms - Blog para M\u00e3es","article_publisher":"https:\/\/www.facebook.com\/JustRealMoms","article_published_time":"2013-02-14T10:30:55+00:00","article_modified_time":"2016-05-05T22:06:39+00:00","og_image":[{"width":280,"height":180,"url":"https:\/\/colinahomolog.com.br\/dev\/just-real-moms\/wp-content\/uploads\/2013\/02\/esc.jpg","type":"image\/jpeg"}],"author":"Juliana","twitter_misc":{"Escrito por":"Juliana","Est. tempo de leitura":"4 minutos"},"schema":{"@context":"https:\/\/schema.org","@graph":[{"@type":"WebPage","@id":"https:\/\/colinahomolog.com.br\/dev\/just-real-moms\/nossos-filhos-e-a-escola-por-tarsila-granadeiro-guimaraes\/","url":"https:\/\/colinahomolog.com.br\/dev\/just-real-moms\/nossos-filhos-e-a-escola-por-tarsila-granadeiro-guimaraes\/","name":"Nossos filhos e a escola! - por Tarsila Granadeiro Guimar\u00e3es","isPartOf":{"@id":"https:\/\/colinahomolog.com.br\/dev\/just-real-moms\/#website"},"primaryImageOfPage":{"@id":"https:\/\/colinahomolog.com.br\/dev\/just-real-moms\/nossos-filhos-e-a-escola-por-tarsila-granadeiro-guimaraes\/#primaryimage"},"image":{"@id":"https:\/\/colinahomolog.com.br\/dev\/just-real-moms\/nossos-filhos-e-a-escola-por-tarsila-granadeiro-guimaraes\/#primaryimage"},"thumbnailUrl":"https:\/\/colinahomolog.com.br\/dev\/just-real-moms\/wp-content\/uploads\/2013\/02\/esc.jpg","datePublished":"2013-02-14T10:30:55+00:00","dateModified":"2016-05-05T22:06:39+00:00","author":{"@id":"https:\/\/colinahomolog.com.br\/dev\/just-real-moms\/#\/schema\/person\/8218aa957ba5a31e5f531f3b6561916a"},"breadcrumb":{"@id":"https:\/\/colinahomolog.com.br\/dev\/just-real-moms\/nossos-filhos-e-a-escola-por-tarsila-granadeiro-guimaraes\/#breadcrumb"},"inLanguage":"pt-BR","potentialAction":[{"@type":"ReadAction","target":["https:\/\/colinahomolog.com.br\/dev\/just-real-moms\/nossos-filhos-e-a-escola-por-tarsila-granadeiro-guimaraes\/"]}]},{"@type":"ImageObject","inLanguage":"pt-BR","@id":"https:\/\/colinahomolog.com.br\/dev\/just-real-moms\/nossos-filhos-e-a-escola-por-tarsila-granadeiro-guimaraes\/#primaryimage","url":"https:\/\/colinahomolog.com.br\/dev\/just-real-moms\/wp-content\/uploads\/2013\/02\/esc.jpg","contentUrl":"https:\/\/colinahomolog.com.br\/dev\/just-real-moms\/wp-content\/uploads\/2013\/02\/esc.jpg","width":280,"height":180},{"@type":"BreadcrumbList","@id":"https:\/\/colinahomolog.com.br\/dev\/just-real-moms\/nossos-filhos-e-a-escola-por-tarsila-granadeiro-guimaraes\/#breadcrumb","itemListElement":[{"@type":"ListItem","position":1,"name":"In\u00edcio","item":"https:\/\/colinahomolog.com.br\/dev\/just-real-moms\/"},{"@type":"ListItem","position":2,"name":"Nossos filhos e a escola! &#8211; por Tarsila Granadeiro Guimar\u00e3es"}]},{"@type":"WebSite","@id":"https:\/\/colinahomolog.com.br\/dev\/just-real-moms\/#website","url":"https:\/\/colinahomolog.com.br\/dev\/just-real-moms\/","name":"Just Real Moms - Blog para M\u00e3es","description":"O melhor e mais completo portal para m\u00e3es, pais e futuros pais!","potentialAction":[{"@type":"SearchAction","target":{"@type":"EntryPoint","urlTemplate":"https:\/\/colinahomolog.com.br\/dev\/just-real-moms\/?s={search_term_string}"},"query-input":{"@type":"PropertyValueSpecification","valueRequired":true,"valueName":"search_term_string"}}],"inLanguage":"pt-BR"},{"@type":"Person","@id":"https:\/\/colinahomolog.com.br\/dev\/just-real-moms\/#\/schema\/person\/8218aa957ba5a31e5f531f3b6561916a","name":"Juliana","url":"https:\/\/colinahomolog.com.br\/dev\/just-real-moms\/author\/juliana\/"}]}},"_links":{"self":[{"href":"https:\/\/colinahomolog.com.br\/dev\/just-real-moms\/wp-json\/wp\/v2\/posts\/12310","targetHints":{"allow":["GET"]}}],"collection":[{"href":"https:\/\/colinahomolog.com.br\/dev\/just-real-moms\/wp-json\/wp\/v2\/posts"}],"about":[{"href":"https:\/\/colinahomolog.com.br\/dev\/just-real-moms\/wp-json\/wp\/v2\/types\/post"}],"author":[{"embeddable":true,"href":"https:\/\/colinahomolog.com.br\/dev\/just-real-moms\/wp-json\/wp\/v2\/users\/6"}],"replies":[{"embeddable":true,"href":"https:\/\/colinahomolog.com.br\/dev\/just-real-moms\/wp-json\/wp\/v2\/comments?post=12310"}],"version-history":[{"count":0,"href":"https:\/\/colinahomolog.com.br\/dev\/just-real-moms\/wp-json\/wp\/v2\/posts\/12310\/revisions"}],"wp:featuredmedia":[{"embeddable":true,"href":"https:\/\/colinahomolog.com.br\/dev\/just-real-moms\/wp-json\/wp\/v2\/media\/12312"}],"wp:attachment":[{"href":"https:\/\/colinahomolog.com.br\/dev\/just-real-moms\/wp-json\/wp\/v2\/media?parent=12310"}],"wp:term":[{"taxonomy":"category","embeddable":true,"href":"https:\/\/colinahomolog.com.br\/dev\/just-real-moms\/wp-json\/wp\/v2\/categories?post=12310"},{"taxonomy":"post_tag","embeddable":true,"href":"https:\/\/colinahomolog.com.br\/dev\/just-real-moms\/wp-json\/wp\/v2\/tags?post=12310"}],"curies":[{"name":"wp","href":"https:\/\/api.w.org\/{rel}","templated":true}]}}