{"id":12408,"date":"2013-02-18T08:30:53","date_gmt":"2013-02-18T11:30:53","guid":{"rendered":"https:\/\/colinahomolog.com.br\/dev\/just-real-moms\/?p=12408"},"modified":"2023-07-18T14:31:02","modified_gmt":"2023-07-18T17:31:02","slug":"as-10-coisas-que-nao-se-dizem-a-uma-mae-que-fica-em-casa","status":"publish","type":"post","link":"https:\/\/colinahomolog.com.br\/dev\/just-real-moms\/as-10-coisas-que-nao-se-dizem-a-uma-mae-que-fica-em-casa\/","title":{"rendered":"As 10 coisas que n\u00e3o se dizem a uma m\u00e3e que fica em casa!"},"content":{"rendered":"<button class=\"simplefavorite-button preset\" data-postid=\"12408\" data-siteid=\"1\" data-groupid=\"1\" data-favoritecount=\"1\" style=\"box-shadow:none;-webkit-box-shadow:none;-moz-box-shadow:none;background-color:#68ccb4;border-color:#68ccb4;color:#ffffff;\"><i class=\"sf-icon-favorite\" style=\"\"><\/i>Favorite<\/button><p>&nbsp;<\/p>\n<p>Oi, meninas!<\/p>\n<p>&nbsp;<\/p>\n<p style=\"text-align: justify;\">No post de hoje, vou falar sobre algumas coisas que <strong>N\u00c3O<\/strong> se deve dizer a uma m\u00e3e que fica em casa, ou seja, n\u00e3o &#8220;trabalha fora&#8221;!<\/p>\n<p>&nbsp;<\/p>\n<p>&nbsp;<\/p>\n<p><img fetchpriority=\"high\" decoding=\"async\" class=\"wp-image-12410 aligncenter\" src=\"https:\/\/colinahomolog.com.br\/dev\/just-real-moms\/wp-content\/uploads\/2013\/02\/mae1.jpg\" alt=\"mae1\" width=\"358\" height=\"269\" \/><\/p>\n<p>&nbsp;<\/p>\n<p>&nbsp;<\/p>\n<p style=\"text-align: justify;\">Desde a not\u00edcia da minha gravidez, parei de trabalhar. Eu j\u00e1 sabia que eram g\u00eameos e que, teoricamente, teria que ficar mais quietinha e sem me estressar, por ser considerada uma gravidez de risco.<\/p>\n<p style=\"text-align: justify;\">Da\u00ed, nasceram meus pequenos e, desde ent\u00e3o, 24 horas por dia fiquei (e fico) em torno deles! Isso quer dizer: quatro banhos por dia (dois em cada um), seis mamadeiras, quatro refei\u00e7\u00f5es, m\u00ednimo de dez trocas de fraldas e por a\u00ed vai&#8230; Fora as fun\u00e7\u00f5es acumuladas de: animadora, motorista, enfermeira, educadora e tudo mais que a profiss\u00e3o &#8220;m\u00e3e&#8221; requer!!!<\/p>\n<p style=\"text-align: justify;\">Sei que que tudo isso \u00e9 um megatrabalho mas, mesmo assim, precisava fazer alguma coisa &#8220;efetiva&#8221;. Por conta disso, criei o blog junto com a J\u00fa. Eu sempre gostei de ter um of\u00edcio, me ocupar com outras coisas, afinal, como diz o ditado: &#8220;cabe\u00e7a vazia \u00e9 a oficina do diabo&#8221;&#8230;<\/p>\n<p style=\"text-align: justify;\">Maaaaas, as pessoas n\u00e3o consideram &#8220;m\u00e3e&#8221; uma profiss\u00e3o (deve ser porque n\u00e3o \u00e9 um trabalho assalariado) e somos obrigadas a ouvir poucas e boas por &#8220;apenas cuidar&#8221; de nossos filhos, n\u00e9?! Encontrei uma lista interessante de frases sem no\u00e7\u00e3o e complementei com outras. Tenho certeza que v\u00e1rias de voc\u00eas j\u00e1 ouviram pelo menos uma delas!!!!!!<\/p>\n<p>&nbsp;<\/p>\n<p>&nbsp;<\/p>\n<p><img decoding=\"async\" class=\"wp-image-12414 aligncenter\" src=\"https:\/\/colinahomolog.com.br\/dev\/just-real-moms\/wp-content\/uploads\/2013\/02\/mae5.jpg\" alt=\"mae5\" width=\"358\" height=\"270\" srcset=\"https:\/\/colinahomolog.com.br\/dev\/just-real-moms\/wp-content\/uploads\/2013\/02\/mae5.jpg 447w, https:\/\/colinahomolog.com.br\/dev\/just-real-moms\/wp-content\/uploads\/2013\/02\/mae5-150x113.jpg 150w, https:\/\/colinahomolog.com.br\/dev\/just-real-moms\/wp-content\/uploads\/2013\/02\/mae5-300x226.jpg 300w\" sizes=\"(max-width: 358px) 100vw, 358px\" \/><\/p>\n<p>&nbsp;<\/p>\n<p>&nbsp;<\/p>\n<p><strong>1) &#8220;Oi amor! Nossa, t\u00f4 cansado, trabalhei o dia inteiro! E voc\u00ea, fez alguma coisa hoje?&#8221;<\/strong><\/p>\n<p style=\"text-align: justify;\">Nada, marido! N\u00e3o fiz absolutamente nada!!! Fiquei tranquila aqui, dando um relax! \u00c9 como se eu tivesse passado o dia num spa!<\/p>\n<p>&nbsp;<\/p>\n<p><strong>2) &#8220;Mas voc\u00ea <span style=\"text-decoration: underline;\">S\u00d3<\/span> fica em casa com ele? N\u00e3o trabalha n\u00e3o?&#8221;<\/strong><\/p>\n<p>N\u00e3o! Fico o dia inteiro lixando a unha, vendo ele brincar, comer e se limpar sozinho.<\/p>\n<p>&nbsp;<\/p>\n<p><strong>3) \u201dDepois voc\u00ea n\u00e3o vai se sentir frustrada por n\u00e3o ter seguido uma carreira? O que voc\u00ea vai fazer quando eles crescerem?\u201d<\/strong><\/p>\n<p>Vou continuar cuidando deles e do meu marido!!!!! Posso? Grata!<\/p>\n<p>&nbsp;<\/p>\n<p><strong>4) &#8220;E voc\u00ea n\u00e3o sente saudades de conversar com outros adultos?&#8221;<\/strong><\/p>\n<p style=\"text-align: justify;\">Ahahahahaha gente! Como assim??? Sinto muitas saudades, afinal meu c\u00edrculo social se resumia apenas a meu ambiente de trabalho.<\/p>\n<p>&nbsp;<\/p>\n<p style=\"text-align: justify;\"><strong>5) &#8220;Ah! Prefiro trabalhar! Melhor do que ter que pedir dinheiro pro marido at\u00e9 para comprar calcinha!&#8221;<\/strong><\/p>\n<p style=\"text-align: justify;\">Realmente essa parte \u00e9 bem chata, ali\u00e1s, a pior de todas!!!! Voc\u00ea quer fazer a unha e tem que pedir, ou dar satisfa\u00e7\u00e3o para o marido&#8230; Acho que esta \u00e9 uma frase que n\u00e3o deve mesmo ser dita para as m\u00e3es que n\u00e3o trabalham fora, porque elas ficam sem rea\u00e7\u00e3o e querem sempre se justificar (tipo eu!).<\/p>\n<p>&nbsp;<\/p>\n<p style=\"text-align: justify;\"><strong>6) \u201cOlha, \u00e9 melhor voc\u00ea arrumar um emprego logo. A gente n\u00e3o sabe o dia de amanh\u00e3, e os homens mudam depois que os filhos nascem.\u201d<\/strong><\/p>\n<p>??????????????<\/p>\n<p>&nbsp;<\/p>\n<p><strong>7) &#8220;Mas seu filho precisa conviver com outras pessoas, ele vai ficar muito apegado a voc\u00ea!&#8221;<\/strong><\/p>\n<p>Mas, se eu deixar meu filho num ber\u00e7\u00e1rio e for trabalhar, v\u00e3o virar pra mim e falar \u201ctadiiiinho, voc\u00ea n\u00e3o tem d\u00f3????&#8221;.<\/p>\n<p>&nbsp;<\/p>\n<p><strong>8) &#8220;Voc\u00ea precisa deixar esse menino se machucar, bater a cabe\u00e7a, ralar o joelho!&#8221;<\/strong><\/p>\n<p>Calma l\u00e1!!! Eu n\u00e3o trancafiei ele num calabou\u00e7o, eu s\u00f3 n\u00e3o trabalho fora de casa!<\/p>\n<p>&nbsp;<\/p>\n<p><strong>9) &#8220;Tadinha, voc\u00ea deve ser muito sozinha, n\u00e9?&#8221;<\/strong><\/p>\n<p style=\"text-align: justify;\">Quem me dera \u00e0s vezes ficar um pouco sozinha!!! Al\u00e9m da companhia intensa dos meus filhos, quando eles est\u00e3o dormindo, tenho meu marido, minhas amigas, minha fam\u00edlia e mais v\u00e1rias pessoas para dar aten\u00e7\u00e3o e conversar&#8230; Realmente de solid\u00e3o eu ainda n\u00e3o sofro!<\/p>\n<p>&nbsp;<\/p>\n<p><strong>10) &#8220;Mas se voc\u00ea fica o dia inteiro com ele, por que tem bab\u00e1?&#8221;<\/strong><\/p>\n<p>Resposta 1: Porque enquanto ele dorme, \u00e0s vezes, eu preciso sair e n\u00e3o gostaria de deix\u00e1-lo sozinho.<\/p>\n<p>Resposta 2: Porque enquanto ele dorme, \u00e0s vezes, posso sair para jantar com meu marido.<\/p>\n<p>Resposta 3: Porque eu quero.<\/p>\n<p>&nbsp;<\/p>\n<p>&nbsp;<\/p>\n<p><img decoding=\"async\" class=\"wp-image-12411 aligncenter\" src=\"https:\/\/colinahomolog.com.br\/dev\/just-real-moms\/wp-content\/uploads\/2013\/02\/mae2.jpg\" alt=\"mae2\" width=\"358\" height=\"291\" srcset=\"https:\/\/colinahomolog.com.br\/dev\/just-real-moms\/wp-content\/uploads\/2013\/02\/mae2.jpg 447w, https:\/\/colinahomolog.com.br\/dev\/just-real-moms\/wp-content\/uploads\/2013\/02\/mae2-150x122.jpg 150w, https:\/\/colinahomolog.com.br\/dev\/just-real-moms\/wp-content\/uploads\/2013\/02\/mae2-300x244.jpg 300w\" sizes=\"(max-width: 358px) 100vw, 358px\" \/><\/p>\n<p>&nbsp;<\/p>\n<p>&nbsp;<\/p>\n<p><strong>Fonte: <span style=\"text-decoration: underline;\"><span style=\"color: #0000ff; text-decoration: underline;\"><a title=\"Potencial Gestante\" href=\"http:\/\/potencialgestante.com.br\/\" target=\"_blank\" rel=\"noopener\"><span style=\"color: #0000ff; text-decoration: underline;\">Potencial Gestante<\/span><\/a><\/span><\/span><\/strong><\/p>\n<p>&nbsp;<\/p>\n<p>&nbsp;<\/p>\n\n    <div class=\"xs_social_share_widget xs_share_url after_content \t\tmain_content  wslu-style-1 wslu-share-box-shaped wslu-fill-colored wslu-none wslu-share-horizontal wslu-theme-font-no wslu-main_content\">\n\n\t\t\n        <ul>\n\t\t\t        <\/ul>\n    <\/div> \n","protected":false},"excerpt":{"rendered":"<p>Favorite&nbsp; Oi, meninas! &nbsp; No post de hoje, vou falar sobre algumas coisas que N\u00c3O se deve dizer a uma m\u00e3e que fica em casa, ou seja, n\u00e3o &#8220;trabalha fora&#8221;! &nbsp; &nbsp; &nbsp; &nbsp; Desde a not\u00edcia da minha gravidez, parei de trabalhar. Eu j\u00e1 sabia que eram g\u00eameos e que, teoricamente, teria que ficar [&hellip;]<\/p>\n","protected":false},"author":4,"featured_media":12410,"comment_status":"open","ping_status":"closed","sticky":false,"template":"","format":"standard","meta":{"_acf_changed":false,"footnotes":""},"categories":[30],"tags":[410],"class_list":{"0":"post-12408","1":"post","2":"type-post","3":"status-publish","4":"format-standard","5":"has-post-thumbnail","7":"category-de-mae-para-mae","8":"tag-comportamento"},"acf":[],"yoast_head":"<!-- This site is optimized with the Yoast SEO Premium plugin v26.6 (Yoast SEO v26.6) - https:\/\/yoast.com\/wordpress\/plugins\/seo\/ -->\n<title>As 10 coisas que n\u00e3o se dizem a uma m\u00e3e que fica em casa!<\/title>\n<meta name=\"robots\" content=\"index, follow, max-snippet:-1, max-image-preview:large, max-video-preview:-1\" \/>\n<link rel=\"canonical\" href=\"https:\/\/colinahomolog.com.br\/dev\/just-real-moms\/as-10-coisas-que-nao-se-dizem-a-uma-mae-que-fica-em-casa\/\" \/>\n<meta property=\"og:locale\" content=\"pt_BR\" \/>\n<meta property=\"og:type\" content=\"article\" \/>\n<meta property=\"og:title\" content=\"As 10 coisas que n\u00e3o se dizem a uma m\u00e3e que fica em casa!\" \/>\n<meta property=\"og:description\" content=\"Favorite&nbsp; Oi, meninas! &nbsp; No post de hoje, vou falar sobre algumas coisas que N\u00c3O se deve dizer a uma m\u00e3e que fica em casa, ou seja, n\u00e3o &#8220;trabalha fora&#8221;! &nbsp; &nbsp; &nbsp; &nbsp; Desde a not\u00edcia da minha gravidez, parei de trabalhar. Eu j\u00e1 sabia que eram g\u00eameos e que, teoricamente, teria que ficar [&hellip;]\" \/>\n<meta property=\"og:url\" content=\"https:\/\/colinahomolog.com.br\/dev\/just-real-moms\/as-10-coisas-que-nao-se-dizem-a-uma-mae-que-fica-em-casa\/\" \/>\n<meta property=\"og:site_name\" content=\"Just Real Moms - Blog para M\u00e3es\" \/>\n<meta property=\"article:publisher\" content=\"https:\/\/www.facebook.com\/JustRealMoms\" \/>\n<meta property=\"article:published_time\" content=\"2013-02-18T11:30:53+00:00\" \/>\n<meta property=\"article:modified_time\" content=\"2023-07-18T17:31:02+00:00\" \/>\n<meta property=\"og:image\" content=\"https:\/\/colinahomolog.com.br\/dev\/just-real-moms\/wp-content\/uploads\/2013\/02\/mae1.jpg\" \/>\n\t<meta property=\"og:image:width\" content=\"1\" \/>\n\t<meta property=\"og:image:height\" content=\"1\" \/>\n\t<meta property=\"og:image:type\" content=\"image\/jpeg\" \/>\n<meta name=\"author\" content=\"Renata\" \/>\n<meta name=\"twitter:label1\" content=\"Escrito por\" \/>\n\t<meta name=\"twitter:data1\" content=\"Renata\" \/>\n\t<meta name=\"twitter:label2\" content=\"Est. tempo de leitura\" \/>\n\t<meta name=\"twitter:data2\" content=\"5 minutos\" \/>\n<script type=\"application\/ld+json\" class=\"yoast-schema-graph\">{\"@context\":\"https:\/\/schema.org\",\"@graph\":[{\"@type\":\"WebPage\",\"@id\":\"https:\/\/colinahomolog.com.br\/dev\/just-real-moms\/as-10-coisas-que-nao-se-dizem-a-uma-mae-que-fica-em-casa\/\",\"url\":\"https:\/\/colinahomolog.com.br\/dev\/just-real-moms\/as-10-coisas-que-nao-se-dizem-a-uma-mae-que-fica-em-casa\/\",\"name\":\"As 10 coisas que n\u00e3o se dizem a uma m\u00e3e que fica em casa!\",\"isPartOf\":{\"@id\":\"https:\/\/colinahomolog.com.br\/dev\/just-real-moms\/#website\"},\"primaryImageOfPage\":{\"@id\":\"https:\/\/colinahomolog.com.br\/dev\/just-real-moms\/as-10-coisas-que-nao-se-dizem-a-uma-mae-que-fica-em-casa\/#primaryimage\"},\"image\":{\"@id\":\"https:\/\/colinahomolog.com.br\/dev\/just-real-moms\/as-10-coisas-que-nao-se-dizem-a-uma-mae-que-fica-em-casa\/#primaryimage\"},\"thumbnailUrl\":\"https:\/\/colinahomolog.com.br\/dev\/just-real-moms\/wp-content\/uploads\/2013\/02\/mae1.jpg\",\"datePublished\":\"2013-02-18T11:30:53+00:00\",\"dateModified\":\"2023-07-18T17:31:02+00:00\",\"author\":{\"@id\":\"https:\/\/colinahomolog.com.br\/dev\/just-real-moms\/#\/schema\/person\/2f9d85c04a6847c0f366e0a40924a2fa\"},\"breadcrumb\":{\"@id\":\"https:\/\/colinahomolog.com.br\/dev\/just-real-moms\/as-10-coisas-que-nao-se-dizem-a-uma-mae-que-fica-em-casa\/#breadcrumb\"},\"inLanguage\":\"pt-BR\",\"potentialAction\":[{\"@type\":\"ReadAction\",\"target\":[\"https:\/\/colinahomolog.com.br\/dev\/just-real-moms\/as-10-coisas-que-nao-se-dizem-a-uma-mae-que-fica-em-casa\/\"]}]},{\"@type\":\"ImageObject\",\"inLanguage\":\"pt-BR\",\"@id\":\"https:\/\/colinahomolog.com.br\/dev\/just-real-moms\/as-10-coisas-que-nao-se-dizem-a-uma-mae-que-fica-em-casa\/#primaryimage\",\"url\":\"https:\/\/colinahomolog.com.br\/dev\/just-real-moms\/wp-content\/uploads\/2013\/02\/mae1.jpg\",\"contentUrl\":\"https:\/\/colinahomolog.com.br\/dev\/just-real-moms\/wp-content\/uploads\/2013\/02\/mae1.jpg\"},{\"@type\":\"BreadcrumbList\",\"@id\":\"https:\/\/colinahomolog.com.br\/dev\/just-real-moms\/as-10-coisas-que-nao-se-dizem-a-uma-mae-que-fica-em-casa\/#breadcrumb\",\"itemListElement\":[{\"@type\":\"ListItem\",\"position\":1,\"name\":\"In\u00edcio\",\"item\":\"https:\/\/colinahomolog.com.br\/dev\/just-real-moms\/\"},{\"@type\":\"ListItem\",\"position\":2,\"name\":\"As 10 coisas que n\u00e3o se dizem a uma m\u00e3e que fica em casa!\"}]},{\"@type\":\"WebSite\",\"@id\":\"https:\/\/colinahomolog.com.br\/dev\/just-real-moms\/#website\",\"url\":\"https:\/\/colinahomolog.com.br\/dev\/just-real-moms\/\",\"name\":\"Just Real Moms - Blog para M\u00e3es\",\"description\":\"O melhor e mais completo portal para m\u00e3es, pais e futuros pais!\",\"potentialAction\":[{\"@type\":\"SearchAction\",\"target\":{\"@type\":\"EntryPoint\",\"urlTemplate\":\"https:\/\/colinahomolog.com.br\/dev\/just-real-moms\/?s={search_term_string}\"},\"query-input\":{\"@type\":\"PropertyValueSpecification\",\"valueRequired\":true,\"valueName\":\"search_term_string\"}}],\"inLanguage\":\"pt-BR\"},{\"@type\":\"Person\",\"@id\":\"https:\/\/colinahomolog.com.br\/dev\/just-real-moms\/#\/schema\/person\/2f9d85c04a6847c0f366e0a40924a2fa\",\"name\":\"Renata\",\"url\":\"https:\/\/colinahomolog.com.br\/dev\/just-real-moms\/author\/renata\/\"}]}<\/script>\n<!-- \/ Yoast SEO Premium plugin. -->","yoast_head_json":{"title":"As 10 coisas que n\u00e3o se dizem a uma m\u00e3e que fica em casa!","robots":{"index":"index","follow":"follow","max-snippet":"max-snippet:-1","max-image-preview":"max-image-preview:large","max-video-preview":"max-video-preview:-1"},"canonical":"https:\/\/colinahomolog.com.br\/dev\/just-real-moms\/as-10-coisas-que-nao-se-dizem-a-uma-mae-que-fica-em-casa\/","og_locale":"pt_BR","og_type":"article","og_title":"As 10 coisas que n\u00e3o se dizem a uma m\u00e3e que fica em casa!","og_description":"Favorite&nbsp; Oi, meninas! &nbsp; No post de hoje, vou falar sobre algumas coisas que N\u00c3O se deve dizer a uma m\u00e3e que fica em casa, ou seja, n\u00e3o &#8220;trabalha fora&#8221;! &nbsp; &nbsp; &nbsp; &nbsp; Desde a not\u00edcia da minha gravidez, parei de trabalhar. Eu j\u00e1 sabia que eram g\u00eameos e que, teoricamente, teria que ficar [&hellip;]","og_url":"https:\/\/colinahomolog.com.br\/dev\/just-real-moms\/as-10-coisas-que-nao-se-dizem-a-uma-mae-que-fica-em-casa\/","og_site_name":"Just Real Moms - Blog para M\u00e3es","article_publisher":"https:\/\/www.facebook.com\/JustRealMoms","article_published_time":"2013-02-18T11:30:53+00:00","article_modified_time":"2023-07-18T17:31:02+00:00","og_image":[{"url":"https:\/\/colinahomolog.com.br\/dev\/just-real-moms\/wp-content\/uploads\/2013\/02\/mae1.jpg","width":1,"height":1,"type":"image\/jpeg"}],"author":"Renata","twitter_misc":{"Escrito por":"Renata","Est. tempo de leitura":"5 minutos"},"schema":{"@context":"https:\/\/schema.org","@graph":[{"@type":"WebPage","@id":"https:\/\/colinahomolog.com.br\/dev\/just-real-moms\/as-10-coisas-que-nao-se-dizem-a-uma-mae-que-fica-em-casa\/","url":"https:\/\/colinahomolog.com.br\/dev\/just-real-moms\/as-10-coisas-que-nao-se-dizem-a-uma-mae-que-fica-em-casa\/","name":"As 10 coisas que n\u00e3o se dizem a uma m\u00e3e que fica em casa!","isPartOf":{"@id":"https:\/\/colinahomolog.com.br\/dev\/just-real-moms\/#website"},"primaryImageOfPage":{"@id":"https:\/\/colinahomolog.com.br\/dev\/just-real-moms\/as-10-coisas-que-nao-se-dizem-a-uma-mae-que-fica-em-casa\/#primaryimage"},"image":{"@id":"https:\/\/colinahomolog.com.br\/dev\/just-real-moms\/as-10-coisas-que-nao-se-dizem-a-uma-mae-que-fica-em-casa\/#primaryimage"},"thumbnailUrl":"https:\/\/colinahomolog.com.br\/dev\/just-real-moms\/wp-content\/uploads\/2013\/02\/mae1.jpg","datePublished":"2013-02-18T11:30:53+00:00","dateModified":"2023-07-18T17:31:02+00:00","author":{"@id":"https:\/\/colinahomolog.com.br\/dev\/just-real-moms\/#\/schema\/person\/2f9d85c04a6847c0f366e0a40924a2fa"},"breadcrumb":{"@id":"https:\/\/colinahomolog.com.br\/dev\/just-real-moms\/as-10-coisas-que-nao-se-dizem-a-uma-mae-que-fica-em-casa\/#breadcrumb"},"inLanguage":"pt-BR","potentialAction":[{"@type":"ReadAction","target":["https:\/\/colinahomolog.com.br\/dev\/just-real-moms\/as-10-coisas-que-nao-se-dizem-a-uma-mae-que-fica-em-casa\/"]}]},{"@type":"ImageObject","inLanguage":"pt-BR","@id":"https:\/\/colinahomolog.com.br\/dev\/just-real-moms\/as-10-coisas-que-nao-se-dizem-a-uma-mae-que-fica-em-casa\/#primaryimage","url":"https:\/\/colinahomolog.com.br\/dev\/just-real-moms\/wp-content\/uploads\/2013\/02\/mae1.jpg","contentUrl":"https:\/\/colinahomolog.com.br\/dev\/just-real-moms\/wp-content\/uploads\/2013\/02\/mae1.jpg"},{"@type":"BreadcrumbList","@id":"https:\/\/colinahomolog.com.br\/dev\/just-real-moms\/as-10-coisas-que-nao-se-dizem-a-uma-mae-que-fica-em-casa\/#breadcrumb","itemListElement":[{"@type":"ListItem","position":1,"name":"In\u00edcio","item":"https:\/\/colinahomolog.com.br\/dev\/just-real-moms\/"},{"@type":"ListItem","position":2,"name":"As 10 coisas que n\u00e3o se dizem a uma m\u00e3e que fica em casa!"}]},{"@type":"WebSite","@id":"https:\/\/colinahomolog.com.br\/dev\/just-real-moms\/#website","url":"https:\/\/colinahomolog.com.br\/dev\/just-real-moms\/","name":"Just Real Moms - Blog para M\u00e3es","description":"O melhor e mais completo portal para m\u00e3es, pais e futuros pais!","potentialAction":[{"@type":"SearchAction","target":{"@type":"EntryPoint","urlTemplate":"https:\/\/colinahomolog.com.br\/dev\/just-real-moms\/?s={search_term_string}"},"query-input":{"@type":"PropertyValueSpecification","valueRequired":true,"valueName":"search_term_string"}}],"inLanguage":"pt-BR"},{"@type":"Person","@id":"https:\/\/colinahomolog.com.br\/dev\/just-real-moms\/#\/schema\/person\/2f9d85c04a6847c0f366e0a40924a2fa","name":"Renata","url":"https:\/\/colinahomolog.com.br\/dev\/just-real-moms\/author\/renata\/"}]}},"_links":{"self":[{"href":"https:\/\/colinahomolog.com.br\/dev\/just-real-moms\/wp-json\/wp\/v2\/posts\/12408","targetHints":{"allow":["GET"]}}],"collection":[{"href":"https:\/\/colinahomolog.com.br\/dev\/just-real-moms\/wp-json\/wp\/v2\/posts"}],"about":[{"href":"https:\/\/colinahomolog.com.br\/dev\/just-real-moms\/wp-json\/wp\/v2\/types\/post"}],"author":[{"embeddable":true,"href":"https:\/\/colinahomolog.com.br\/dev\/just-real-moms\/wp-json\/wp\/v2\/users\/4"}],"replies":[{"embeddable":true,"href":"https:\/\/colinahomolog.com.br\/dev\/just-real-moms\/wp-json\/wp\/v2\/comments?post=12408"}],"version-history":[{"count":0,"href":"https:\/\/colinahomolog.com.br\/dev\/just-real-moms\/wp-json\/wp\/v2\/posts\/12408\/revisions"}],"wp:featuredmedia":[{"embeddable":true,"href":"https:\/\/colinahomolog.com.br\/dev\/just-real-moms\/wp-json\/wp\/v2\/media\/12410"}],"wp:attachment":[{"href":"https:\/\/colinahomolog.com.br\/dev\/just-real-moms\/wp-json\/wp\/v2\/media?parent=12408"}],"wp:term":[{"taxonomy":"category","embeddable":true,"href":"https:\/\/colinahomolog.com.br\/dev\/just-real-moms\/wp-json\/wp\/v2\/categories?post=12408"},{"taxonomy":"post_tag","embeddable":true,"href":"https:\/\/colinahomolog.com.br\/dev\/just-real-moms\/wp-json\/wp\/v2\/tags?post=12408"}],"curies":[{"name":"wp","href":"https:\/\/api.w.org\/{rel}","templated":true}]}}