{"id":12569,"date":"2014-05-03T08:30:00","date_gmt":"2014-05-03T11:30:00","guid":{"rendered":"https:\/\/colinahomolog.com.br\/dev\/just-real-moms\/?p=12569"},"modified":"2022-01-08T23:17:12","modified_gmt":"2022-01-09T02:17:12","slug":"dicas-para-retirar-a-mamadeira-dos-filhos","status":"publish","type":"post","link":"https:\/\/colinahomolog.com.br\/dev\/just-real-moms\/dicas-para-retirar-a-mamadeira-dos-filhos\/","title":{"rendered":"Dicas para retirar a mamadeira dos filhos!"},"content":{"rendered":"<button class=\"simplefavorite-button preset\" data-postid=\"12569\" data-siteid=\"1\" data-groupid=\"1\" data-favoritecount=\"0\" style=\"box-shadow:none;-webkit-box-shadow:none;-moz-box-shadow:none;background-color:#68ccb4;border-color:#68ccb4;color:#ffffff;\"><i class=\"sf-icon-favorite\" style=\"\"><\/i>Favorite<\/button><p>Oi, moms! Tudo bem? Hoje vamos falar de dicas para retirar a mamadeira dos filhos!<\/p>\n<p>Desde a primeira vez que levei o Olavinho \u00e0 dentista, ela disse que o ideal seria tirar a mamadeira at\u00e9 ele completar 2 anos de idade, pois al\u00e9m de ser uma das respons\u00e1veis por provocar a obesidade infantil, a madeira pode trazer graves consequ\u00eancias \u00e0 sa\u00fade dent\u00e1ria, al\u00e9m de alguns transtornos emocionais. E<\/p>\n<p>O fato \u00e9 que o Olavinho j\u00e1 est\u00e1 com 2 anos e meio e continua mamando tr\u00eas mamadeiras por dia. Pensando em iniciar esse processo de retirada, comecei a pesquisar a respeito e selecionei algumas dicas para dividir com as mam\u00e3es que tamb\u00e9m est\u00e3o vivendo essa fase.<\/p>\n<p><img fetchpriority=\"high\" decoding=\"async\" class=\"aligncenter size-full wp-image-12573\" src=\"https:\/\/colinahomolog.com.br\/dev\/just-real-moms\/wp-content\/uploads\/2013\/02\/mamadeira1.jpg\" alt=\"mamadeira\" width=\"450\" height=\"557\" srcset=\"https:\/\/colinahomolog.com.br\/dev\/just-real-moms\/wp-content\/uploads\/2013\/02\/mamadeira1.jpg 450w, https:\/\/colinahomolog.com.br\/dev\/just-real-moms\/wp-content\/uploads\/2013\/02\/mamadeira1-121x150.jpg 121w, https:\/\/colinahomolog.com.br\/dev\/just-real-moms\/wp-content\/uploads\/2013\/02\/mamadeira1-242x300.jpg 242w\" sizes=\"(max-width: 450px) 100vw, 450px\" \/><\/p>\n<p>De acordo com minhas pesquisas, o segundo ano de vida \u00e9 a hora ideal para a retirada da mamadeira e da chupeta, mas \u00e9 normal que algumas crian\u00e7as consigam se livrar deste h\u00e1bito rapidamente, enquanto outras demoram mais.<\/p>\n<p>Durante o segundo ano de vida, a crian\u00e7a habitualmente toma tr\u00eas mamadeiras ao dia: de manh\u00e3, no meio da tarde e ao deitar-se. Vejam as dicas para auxiliar o processo de retirada:<span style=\"color: #000000;\">\u00a0<img decoding=\"async\" class=\"aligncenter size-full wp-image-12574\" src=\"https:\/\/colinahomolog.com.br\/dev\/just-real-moms\/wp-content\/uploads\/2013\/02\/mama.jpg\" alt=\"mama\" width=\"276\" height=\"182\" \/><\/span><\/p>\n<p>1) \u00c9 indicado retirar uma mamada de cada vez, iniciando pela da tarde. Essa mamada pode ser trocada por um lanche, normalmente um iogurte ou uma vitamina com leite batido com frutas que deve ser servido em copo, caneca ou com canudinho.<\/p>\n<p>2) A segunda mamada a ser suspensa deve ser a da manh\u00e3, trocando-a por leite com cereais, servido de colher, ou vitamina com frutas, sempre em copo, caneca ou canudinho.<\/p>\n<p>3) A \u00faltima e mais dif\u00edcil a ser retirada \u00e9 a\u00a0mamada noturna, que deve seguir o mesmo processo.<\/p>\n<p>4) Converse com a crian\u00e7a a respeito do que est\u00e1 fazendo: sempre que poss\u00edvel, explique\u00a0o qu\u00ea e quando ir\u00e1 acontecer o processo, como por exemplo, mencionar que quando a P\u00e1scoa ou o Natal chegar, ela deixar\u00e1 de usar a chupeta ou a mamadeira.<\/p>\n<p>5) Ap\u00f3s iniciar o processo, n\u00e3o retorne ao zero. Pediatras afirmam que ap\u00f3s ter dado in\u00edcio ao processo, a m\u00e3e n\u00e3o deve recuar e voltar a fornecer\u00a0a chupeta ou a mamadeira \u00e0 crian\u00e7a. Uma atitude como essa pode trazer transtornos emocionais, dificultando a futura retirada dos objetos.<\/p>\n<p>6) Antes de retirar a mamadeira de seu filho, \u00e9 necess\u00e1rio que o beb\u00ea saiba e goste de tomar l\u00edquidos em copos. V\u00e1 substituindo aos poucos, primeiramente apenas uma mamada pelo copo. Quando o seu filho j\u00e1 estiver tomando no copo a quantidade que ele toma na mamadeira, v\u00e1 substituindo outra mamada.<\/p>\n<p>7) A mamadeira s\u00f3 dever\u00e1 ser substitu\u00edda quando ele estiver tomando 500 ml por dia no copo e este processo pode durar de 2 a 6 meses dependendo da crian\u00e7a, e o que pode ser feito \u00e9 esse processo ser iniciado antes dos 2 anos de idade. Incentive o seu filho a ir tomando l\u00edquidos no copo que logo ele ir\u00e1 largar a mamadeira.<\/p>\n<p>Boa sorte!<\/p>\n<p><img decoding=\"async\" class=\"aligncenter wp-image-12571 size-full\" title=\"Bebe tomando mamadeira\" src=\"https:\/\/colinahomolog.com.br\/dev\/just-real-moms\/wp-content\/uploads\/2013\/02\/mama1-e1641693981905.jpg\" alt=\"Bebe tomando mamadeira\" width=\"323\" height=\"233\" \/><\/p>\n<hr \/>\n<p><strong>Fontes:<\/strong><\/p>\n<p><span style=\"color: #0000ff;\"><strong><span style=\"color: #0000ff;\">vilamulher.terra.com.br<\/span><\/strong><\/span><\/p>\n<p><span style=\"color: #0000ff;\"><strong><span style=\"color: #0000ff;\">www.cuidardebebe.com<\/span><\/strong><\/span><\/p>\n<p><span style=\"color: #0000ff;\"><strong><span style=\"color: #0000ff;\">www.mundodastribos.com<\/span><\/strong><\/span><\/p>\n\n    <div class=\"xs_social_share_widget xs_share_url after_content \t\tmain_content  wslu-style-1 wslu-share-box-shaped wslu-fill-colored wslu-none wslu-share-horizontal wslu-theme-font-no wslu-main_content\">\n\n\t\t\n        <ul>\n\t\t\t        <\/ul>\n    <\/div> \n","protected":false},"excerpt":{"rendered":"<p>FavoriteOi, moms! Tudo bem? Hoje vamos falar de dicas para retirar a mamadeira dos filhos! Desde a primeira vez que levei o Olavinho \u00e0 dentista, ela disse que o ideal seria tirar a mamadeira at\u00e9 ele completar 2 anos de idade, pois al\u00e9m de ser uma das respons\u00e1veis por provocar a obesidade infantil, a madeira [&hellip;]<\/p>\n","protected":false},"author":6,"featured_media":12574,"comment_status":"open","ping_status":"closed","sticky":false,"template":"","format":"standard","meta":{"_acf_changed":false,"footnotes":""},"categories":[1779,30],"tags":[72,257],"class_list":{"0":"post-12569","1":"post","2":"type-post","3":"status-publish","4":"format-standard","5":"has-post-thumbnail","7":"category-alimentacao","8":"category-de-mae-para-mae","9":"tag-alimentacao","10":"tag-mamadeira"},"acf":[],"yoast_head":"<!-- This site is optimized with the Yoast SEO Premium plugin v26.6 (Yoast SEO v26.6) - https:\/\/yoast.com\/wordpress\/plugins\/seo\/ -->\n<title>Dicas para retirar a mamadeira dos filhos!<\/title>\n<meta name=\"description\" content=\"Oi, moms! Tudo bem? Hoje vamos falar de dicas para retirar a mamadeira dos filhos! Vejam algumas dicas para come\u00e7ar o processo da retirada!\" \/>\n<meta name=\"robots\" content=\"index, follow, max-snippet:-1, max-image-preview:large, max-video-preview:-1\" \/>\n<link rel=\"canonical\" href=\"https:\/\/colinahomolog.com.br\/dev\/just-real-moms\/dicas-para-retirar-a-mamadeira-dos-filhos\/\" \/>\n<meta property=\"og:locale\" content=\"pt_BR\" \/>\n<meta property=\"og:type\" content=\"article\" \/>\n<meta property=\"og:title\" content=\"Dicas para retirar a mamadeira dos filhos!\" \/>\n<meta property=\"og:description\" content=\"Oi, moms! Tudo bem? Hoje vamos falar de dicas para retirar a mamadeira dos filhos! Vejam algumas dicas para come\u00e7ar o processo da retirada!\" \/>\n<meta property=\"og:url\" content=\"https:\/\/colinahomolog.com.br\/dev\/just-real-moms\/dicas-para-retirar-a-mamadeira-dos-filhos\/\" \/>\n<meta property=\"og:site_name\" content=\"Just Real Moms - Blog para M\u00e3es\" \/>\n<meta property=\"article:publisher\" content=\"https:\/\/www.facebook.com\/JustRealMoms\" \/>\n<meta property=\"article:published_time\" content=\"2014-05-03T11:30:00+00:00\" \/>\n<meta property=\"article:modified_time\" content=\"2022-01-09T02:17:12+00:00\" \/>\n<meta property=\"og:image\" content=\"https:\/\/colinahomolog.com.br\/dev\/just-real-moms\/wp-content\/uploads\/2013\/02\/mama.jpg\" \/>\n\t<meta property=\"og:image:width\" content=\"276\" \/>\n\t<meta property=\"og:image:height\" content=\"182\" \/>\n\t<meta property=\"og:image:type\" content=\"image\/jpeg\" \/>\n<meta name=\"author\" content=\"Juliana\" \/>\n<meta name=\"twitter:label1\" content=\"Escrito por\" \/>\n\t<meta name=\"twitter:data1\" content=\"Juliana\" \/>\n\t<meta name=\"twitter:label2\" content=\"Est. tempo de leitura\" \/>\n\t<meta name=\"twitter:data2\" content=\"4 minutos\" \/>\n<script type=\"application\/ld+json\" class=\"yoast-schema-graph\">{\"@context\":\"https:\/\/schema.org\",\"@graph\":[{\"@type\":\"WebPage\",\"@id\":\"https:\/\/colinahomolog.com.br\/dev\/just-real-moms\/dicas-para-retirar-a-mamadeira-dos-filhos\/\",\"url\":\"https:\/\/colinahomolog.com.br\/dev\/just-real-moms\/dicas-para-retirar-a-mamadeira-dos-filhos\/\",\"name\":\"Dicas para retirar a mamadeira dos filhos!\",\"isPartOf\":{\"@id\":\"https:\/\/colinahomolog.com.br\/dev\/just-real-moms\/#website\"},\"primaryImageOfPage\":{\"@id\":\"https:\/\/colinahomolog.com.br\/dev\/just-real-moms\/dicas-para-retirar-a-mamadeira-dos-filhos\/#primaryimage\"},\"image\":{\"@id\":\"https:\/\/colinahomolog.com.br\/dev\/just-real-moms\/dicas-para-retirar-a-mamadeira-dos-filhos\/#primaryimage\"},\"thumbnailUrl\":\"https:\/\/colinahomolog.com.br\/dev\/just-real-moms\/wp-content\/uploads\/2013\/02\/mama.jpg\",\"datePublished\":\"2014-05-03T11:30:00+00:00\",\"dateModified\":\"2022-01-09T02:17:12+00:00\",\"author\":{\"@id\":\"https:\/\/colinahomolog.com.br\/dev\/just-real-moms\/#\/schema\/person\/8218aa957ba5a31e5f531f3b6561916a\"},\"description\":\"Oi, moms! Tudo bem? Hoje vamos falar de dicas para retirar a mamadeira dos filhos! Vejam algumas dicas para come\u00e7ar o processo da retirada!\",\"breadcrumb\":{\"@id\":\"https:\/\/colinahomolog.com.br\/dev\/just-real-moms\/dicas-para-retirar-a-mamadeira-dos-filhos\/#breadcrumb\"},\"inLanguage\":\"pt-BR\",\"potentialAction\":[{\"@type\":\"ReadAction\",\"target\":[\"https:\/\/colinahomolog.com.br\/dev\/just-real-moms\/dicas-para-retirar-a-mamadeira-dos-filhos\/\"]}]},{\"@type\":\"ImageObject\",\"inLanguage\":\"pt-BR\",\"@id\":\"https:\/\/colinahomolog.com.br\/dev\/just-real-moms\/dicas-para-retirar-a-mamadeira-dos-filhos\/#primaryimage\",\"url\":\"https:\/\/colinahomolog.com.br\/dev\/just-real-moms\/wp-content\/uploads\/2013\/02\/mama.jpg\",\"contentUrl\":\"https:\/\/colinahomolog.com.br\/dev\/just-real-moms\/wp-content\/uploads\/2013\/02\/mama.jpg\",\"width\":276,\"height\":182},{\"@type\":\"BreadcrumbList\",\"@id\":\"https:\/\/colinahomolog.com.br\/dev\/just-real-moms\/dicas-para-retirar-a-mamadeira-dos-filhos\/#breadcrumb\",\"itemListElement\":[{\"@type\":\"ListItem\",\"position\":1,\"name\":\"In\u00edcio\",\"item\":\"https:\/\/colinahomolog.com.br\/dev\/just-real-moms\/\"},{\"@type\":\"ListItem\",\"position\":2,\"name\":\"Dicas para retirar a mamadeira dos filhos!\"}]},{\"@type\":\"WebSite\",\"@id\":\"https:\/\/colinahomolog.com.br\/dev\/just-real-moms\/#website\",\"url\":\"https:\/\/colinahomolog.com.br\/dev\/just-real-moms\/\",\"name\":\"Just Real Moms - Blog para M\u00e3es\",\"description\":\"O melhor e mais completo portal para m\u00e3es, pais e futuros pais!\",\"potentialAction\":[{\"@type\":\"SearchAction\",\"target\":{\"@type\":\"EntryPoint\",\"urlTemplate\":\"https:\/\/colinahomolog.com.br\/dev\/just-real-moms\/?s={search_term_string}\"},\"query-input\":{\"@type\":\"PropertyValueSpecification\",\"valueRequired\":true,\"valueName\":\"search_term_string\"}}],\"inLanguage\":\"pt-BR\"},{\"@type\":\"Person\",\"@id\":\"https:\/\/colinahomolog.com.br\/dev\/just-real-moms\/#\/schema\/person\/8218aa957ba5a31e5f531f3b6561916a\",\"name\":\"Juliana\",\"url\":\"https:\/\/colinahomolog.com.br\/dev\/just-real-moms\/author\/juliana\/\"}]}<\/script>\n<!-- \/ Yoast SEO Premium plugin. -->","yoast_head_json":{"title":"Dicas para retirar a mamadeira dos filhos!","description":"Oi, moms! Tudo bem? Hoje vamos falar de dicas para retirar a mamadeira dos filhos! Vejam algumas dicas para come\u00e7ar o processo da retirada!","robots":{"index":"index","follow":"follow","max-snippet":"max-snippet:-1","max-image-preview":"max-image-preview:large","max-video-preview":"max-video-preview:-1"},"canonical":"https:\/\/colinahomolog.com.br\/dev\/just-real-moms\/dicas-para-retirar-a-mamadeira-dos-filhos\/","og_locale":"pt_BR","og_type":"article","og_title":"Dicas para retirar a mamadeira dos filhos!","og_description":"Oi, moms! Tudo bem? Hoje vamos falar de dicas para retirar a mamadeira dos filhos! Vejam algumas dicas para come\u00e7ar o processo da retirada!","og_url":"https:\/\/colinahomolog.com.br\/dev\/just-real-moms\/dicas-para-retirar-a-mamadeira-dos-filhos\/","og_site_name":"Just Real Moms - Blog para M\u00e3es","article_publisher":"https:\/\/www.facebook.com\/JustRealMoms","article_published_time":"2014-05-03T11:30:00+00:00","article_modified_time":"2022-01-09T02:17:12+00:00","og_image":[{"width":276,"height":182,"url":"https:\/\/colinahomolog.com.br\/dev\/just-real-moms\/wp-content\/uploads\/2013\/02\/mama.jpg","type":"image\/jpeg"}],"author":"Juliana","twitter_misc":{"Escrito por":"Juliana","Est. tempo de leitura":"4 minutos"},"schema":{"@context":"https:\/\/schema.org","@graph":[{"@type":"WebPage","@id":"https:\/\/colinahomolog.com.br\/dev\/just-real-moms\/dicas-para-retirar-a-mamadeira-dos-filhos\/","url":"https:\/\/colinahomolog.com.br\/dev\/just-real-moms\/dicas-para-retirar-a-mamadeira-dos-filhos\/","name":"Dicas para retirar a mamadeira dos filhos!","isPartOf":{"@id":"https:\/\/colinahomolog.com.br\/dev\/just-real-moms\/#website"},"primaryImageOfPage":{"@id":"https:\/\/colinahomolog.com.br\/dev\/just-real-moms\/dicas-para-retirar-a-mamadeira-dos-filhos\/#primaryimage"},"image":{"@id":"https:\/\/colinahomolog.com.br\/dev\/just-real-moms\/dicas-para-retirar-a-mamadeira-dos-filhos\/#primaryimage"},"thumbnailUrl":"https:\/\/colinahomolog.com.br\/dev\/just-real-moms\/wp-content\/uploads\/2013\/02\/mama.jpg","datePublished":"2014-05-03T11:30:00+00:00","dateModified":"2022-01-09T02:17:12+00:00","author":{"@id":"https:\/\/colinahomolog.com.br\/dev\/just-real-moms\/#\/schema\/person\/8218aa957ba5a31e5f531f3b6561916a"},"description":"Oi, moms! Tudo bem? Hoje vamos falar de dicas para retirar a mamadeira dos filhos! Vejam algumas dicas para come\u00e7ar o processo da retirada!","breadcrumb":{"@id":"https:\/\/colinahomolog.com.br\/dev\/just-real-moms\/dicas-para-retirar-a-mamadeira-dos-filhos\/#breadcrumb"},"inLanguage":"pt-BR","potentialAction":[{"@type":"ReadAction","target":["https:\/\/colinahomolog.com.br\/dev\/just-real-moms\/dicas-para-retirar-a-mamadeira-dos-filhos\/"]}]},{"@type":"ImageObject","inLanguage":"pt-BR","@id":"https:\/\/colinahomolog.com.br\/dev\/just-real-moms\/dicas-para-retirar-a-mamadeira-dos-filhos\/#primaryimage","url":"https:\/\/colinahomolog.com.br\/dev\/just-real-moms\/wp-content\/uploads\/2013\/02\/mama.jpg","contentUrl":"https:\/\/colinahomolog.com.br\/dev\/just-real-moms\/wp-content\/uploads\/2013\/02\/mama.jpg","width":276,"height":182},{"@type":"BreadcrumbList","@id":"https:\/\/colinahomolog.com.br\/dev\/just-real-moms\/dicas-para-retirar-a-mamadeira-dos-filhos\/#breadcrumb","itemListElement":[{"@type":"ListItem","position":1,"name":"In\u00edcio","item":"https:\/\/colinahomolog.com.br\/dev\/just-real-moms\/"},{"@type":"ListItem","position":2,"name":"Dicas para retirar a mamadeira dos filhos!"}]},{"@type":"WebSite","@id":"https:\/\/colinahomolog.com.br\/dev\/just-real-moms\/#website","url":"https:\/\/colinahomolog.com.br\/dev\/just-real-moms\/","name":"Just Real Moms - Blog para M\u00e3es","description":"O melhor e mais completo portal para m\u00e3es, pais e futuros pais!","potentialAction":[{"@type":"SearchAction","target":{"@type":"EntryPoint","urlTemplate":"https:\/\/colinahomolog.com.br\/dev\/just-real-moms\/?s={search_term_string}"},"query-input":{"@type":"PropertyValueSpecification","valueRequired":true,"valueName":"search_term_string"}}],"inLanguage":"pt-BR"},{"@type":"Person","@id":"https:\/\/colinahomolog.com.br\/dev\/just-real-moms\/#\/schema\/person\/8218aa957ba5a31e5f531f3b6561916a","name":"Juliana","url":"https:\/\/colinahomolog.com.br\/dev\/just-real-moms\/author\/juliana\/"}]}},"_links":{"self":[{"href":"https:\/\/colinahomolog.com.br\/dev\/just-real-moms\/wp-json\/wp\/v2\/posts\/12569","targetHints":{"allow":["GET"]}}],"collection":[{"href":"https:\/\/colinahomolog.com.br\/dev\/just-real-moms\/wp-json\/wp\/v2\/posts"}],"about":[{"href":"https:\/\/colinahomolog.com.br\/dev\/just-real-moms\/wp-json\/wp\/v2\/types\/post"}],"author":[{"embeddable":true,"href":"https:\/\/colinahomolog.com.br\/dev\/just-real-moms\/wp-json\/wp\/v2\/users\/6"}],"replies":[{"embeddable":true,"href":"https:\/\/colinahomolog.com.br\/dev\/just-real-moms\/wp-json\/wp\/v2\/comments?post=12569"}],"version-history":[{"count":0,"href":"https:\/\/colinahomolog.com.br\/dev\/just-real-moms\/wp-json\/wp\/v2\/posts\/12569\/revisions"}],"wp:featuredmedia":[{"embeddable":true,"href":"https:\/\/colinahomolog.com.br\/dev\/just-real-moms\/wp-json\/wp\/v2\/media\/12574"}],"wp:attachment":[{"href":"https:\/\/colinahomolog.com.br\/dev\/just-real-moms\/wp-json\/wp\/v2\/media?parent=12569"}],"wp:term":[{"taxonomy":"category","embeddable":true,"href":"https:\/\/colinahomolog.com.br\/dev\/just-real-moms\/wp-json\/wp\/v2\/categories?post=12569"},{"taxonomy":"post_tag","embeddable":true,"href":"https:\/\/colinahomolog.com.br\/dev\/just-real-moms\/wp-json\/wp\/v2\/tags?post=12569"}],"curies":[{"name":"wp","href":"https:\/\/api.w.org\/{rel}","templated":true}]}}