{"id":13076,"date":"2018-10-01T08:30:38","date_gmt":"2018-10-01T11:30:38","guid":{"rendered":"https:\/\/colinahomolog.com.br\/dev\/just-real-moms\/?p=13076"},"modified":"2018-09-30T20:19:55","modified_gmt":"2018-09-30T23:19:55","slug":"os-medos-e-suas-fases-ajude-seu-filho-a-superar","status":"publish","type":"post","link":"https:\/\/colinahomolog.com.br\/dev\/just-real-moms\/os-medos-e-suas-fases-ajude-seu-filho-a-superar\/","title":{"rendered":"Os medos e suas fases: ajude seu filho a superar!"},"content":{"rendered":"<button class=\"simplefavorite-button preset\" data-postid=\"13076\" data-siteid=\"1\" data-groupid=\"1\" data-favoritecount=\"0\" style=\"box-shadow:none;-webkit-box-shadow:none;-moz-box-shadow:none;background-color:#68ccb4;border-color:#68ccb4;color:#ffffff;\"><i class=\"sf-icon-favorite\" style=\"\"><\/i>Favorite<\/button><p>&nbsp;<\/p>\n<p>Oi, moms!<\/p>\n<p>Ultimamente tenho reparado que est\u00e3o surgindo medos novos nos meus filhos: de pessoas fantasiadas, de quando eu saio de perto,\u00a0de quando est\u00e3o em lugares desconhecidos&#8230; Enfim, cada hora eles demonstram inseguran\u00e7a por alguma coisa ou ocasi\u00e3o. Alguns medos passam r\u00e1pido e outros permanecem.<\/p>\n<p>&nbsp;<\/p>\n<p><img fetchpriority=\"high\" decoding=\"async\" class=\"aligncenter size-full wp-image-13079\" src=\"https:\/\/colinahomolog.com.br\/dev\/just-real-moms\/wp-content\/uploads\/2013\/03\/medo3.jpg\" alt=\"medo3\" width=\"284\" height=\"177\" srcset=\"https:\/\/colinahomolog.com.br\/dev\/just-real-moms\/wp-content\/uploads\/2013\/03\/medo3.jpg 284w, https:\/\/colinahomolog.com.br\/dev\/just-real-moms\/wp-content\/uploads\/2013\/03\/medo3-200x125.jpg 200w\" sizes=\"(max-width: 284px) 100vw, 284px\" \/><\/p>\n<p>&nbsp;<\/p>\n<p>Da\u00ed, surgem as d\u00favidas: Qual a melhor forma de lidar com os medos? Isso \u00e9 normal? Converso com muitas m\u00e3es e elas t\u00eam os mesmos questionamentos. Foi ent\u00e3o que decidi ir atr\u00e1s de informa\u00e7\u00f5es sobre esse assunto.<\/p>\n<p>Em um artigo da revista <strong>Crescer<\/strong>, especialistas dizem que esses medos est\u00e3o ligados a etapas espec\u00edficas do desenvolvimento dos pequenos, e o modo e a intensidade variam de crian\u00e7a para crian\u00e7a \u2013 t\u00eam rela\u00e7\u00e3o com a personalidade dela, a dos pais, entre outros fatores.<\/p>\n<p>Vejam alguns dos principais medos, de acordo com a idade do seu filho. E aprendam dicas para lidar com eles:<\/p>\n<p>&nbsp;<\/p>\n<p><img decoding=\"async\" class=\"aligncenter size-full wp-image-13080\" src=\"https:\/\/colinahomolog.com.br\/dev\/just-real-moms\/wp-content\/uploads\/2013\/03\/medo4.jpg\" alt=\"medo4\" width=\"270\" height=\"270\" srcset=\"https:\/\/colinahomolog.com.br\/dev\/just-real-moms\/wp-content\/uploads\/2013\/03\/medo4.jpg 270w, https:\/\/colinahomolog.com.br\/dev\/just-real-moms\/wp-content\/uploads\/2013\/03\/medo4-150x150.jpg 150w\" sizes=\"(max-width: 270px) 100vw, 270px\" \/><\/p>\n<p>&nbsp;<\/p>\n<p><strong>At\u00e9 7 meses<\/strong><\/p>\n<p><strong>Medo:<\/strong> de barulhos inesperados e luzes fortes.<\/p>\n<p><strong>Para ajudar:<\/strong> evite expor a crian\u00e7a a qualquer est\u00edmulo intenso. Se n\u00e3o for poss\u00edvel, fa\u00e7a de maneira suave e verifique como ela reage.<\/p>\n<p>&nbsp;<\/p>\n<p><strong>De 7 meses\u00a0 a 1 ano e meio<\/strong><\/p>\n<p><strong>Medo:<\/strong> de pessoas, ambientes e objetos novos; de perder os pais, pois acham que pessoas desaparecem quando n\u00e3o est\u00e3o ao alcance de seus olhos.<\/p>\n<p><strong>Para ajudar:<\/strong> o pai, a m\u00e3e ou o cuidador devem estar presentes quando o beb\u00ea for exposto a situa\u00e7\u00f5es novas.<\/p>\n<p>&nbsp;<\/p>\n<p><strong>De 1 ano e meio a 3 anos<\/strong><\/p>\n<p><strong>Medo:<\/strong> do escuro, de pessoas com m\u00e1scaras ou fantasias, de ficar sozinho.<\/p>\n<p><strong>Para ajudar:<\/strong> ao encontrar algu\u00e9m fantasiado, aproxime-se devagar e mostre que \u00e9 apenas uma roupa diferente. Se ele n\u00e3o gostar, n\u00e3o force.<\/p>\n<p>&nbsp;<\/p>\n<p><img decoding=\"async\" class=\"aligncenter size-full wp-image-13078\" src=\"https:\/\/colinahomolog.com.br\/dev\/just-real-moms\/wp-content\/uploads\/2013\/03\/medo2.jpg\" alt=\"medo2\" width=\"295\" height=\"171\" srcset=\"https:\/\/colinahomolog.com.br\/dev\/just-real-moms\/wp-content\/uploads\/2013\/03\/medo2.jpg 295w, https:\/\/colinahomolog.com.br\/dev\/just-real-moms\/wp-content\/uploads\/2013\/03\/medo2-150x86.jpg 150w, https:\/\/colinahomolog.com.br\/dev\/just-real-moms\/wp-content\/uploads\/2013\/03\/medo2-293x171.jpg 293w\" sizes=\"(max-width: 295px) 100vw, 295px\" \/><\/p>\n<p>&nbsp;<\/p>\n<p><strong>De 3 a 5 anos<\/strong><\/p>\n<p><strong>Medo:<\/strong> de monstros, fantasmas, da escurid\u00e3o, de animais, chuva, trov\u00e3o, de se perder.<\/p>\n<p><strong>Para ajudar:<\/strong> respeite a crian\u00e7a, permitindo que se expresse, e explique que nada lhe acontecer\u00e1 de mal. Quanto ao medo de se perder, fa\u00e7a-a decorar o nome inteiro e o telefone de casa e a ensine a pedir ajuda. Ela se sentir\u00e1 mais segura. J\u00e1 para o medo de chuva, tente explicar que ela vem para encher os rios de \u00e1gua, para molhar as plantinhas etc. E os monstros e fantasmas s\u00e3o de mentirinha, que s\u00e3o s\u00f3 nos filmes e desenhos que passam na televis\u00e3o! E lembre-se: a crian\u00e7a sofre ao sentir medo, ent\u00e3o tenha paci\u00eancia, dedica\u00e7\u00e3o e muito carinho e cuidado com ela!<\/p>\n<p>&nbsp;<\/p>\n<p><strong>A partir dos 5 anos<\/strong><\/p>\n<p><strong>Medo:<\/strong> de ser deixado na escola, de bandido, de personagens de terror.<\/p>\n<p><strong>Para ajudar:<\/strong> inseguran\u00e7a melhora com di\u00e1logo. Se o medo for de bandido, reforce, por exemplo, a import\u00e2ncia de ficar perto de adultos conhecidos. Para a crian\u00e7a se sentir segura, diga que algu\u00e9m sempre estar\u00e1 cuidando dela na escola.<\/p>\n<p>Espero ter ajudado!!<\/p>\n<p>Mil Bjsss<\/p>\n<p>&nbsp;<\/p>\n<p style=\"text-align: center;\"><img loading=\"lazy\" decoding=\"async\" class=\"aligncenter wp-image-13077\" src=\"https:\/\/colinahomolog.com.br\/dev\/just-real-moms\/wp-content\/uploads\/2013\/03\/medo1.jpg\" alt=\"medo1\" width=\"336\" height=\"219\" srcset=\"https:\/\/colinahomolog.com.br\/dev\/just-real-moms\/wp-content\/uploads\/2013\/03\/medo1.jpg 560w, https:\/\/colinahomolog.com.br\/dev\/just-real-moms\/wp-content\/uploads\/2013\/03\/medo1-150x97.jpg 150w, https:\/\/colinahomolog.com.br\/dev\/just-real-moms\/wp-content\/uploads\/2013\/03\/medo1-300x195.jpg 300w\" sizes=\"(max-width: 336px) 100vw, 336px\" \/><\/p>\n<p style=\"text-align: center;\">Fonte: <span style=\"text-decoration: underline;\"><span style=\"color: #0000ff; text-decoration: underline;\"><a title=\"Revista Crescer\" href=\"http:\/\/revistacrescer.globo.com\/Revista\/Crescer\/0,,10441,00.html\" target=\"_blank\" rel=\"noopener\"><span style=\"color: #0000ff; text-decoration: underline;\">Revista Crescer<\/span><\/a><\/span><\/span><\/p>\n<p><strong>Conte\u00fado exclusivo do site Just Real Moms.\u00a0<\/strong><br \/>\n<strong>Categoria: Gravidez, maternidade, blog de m\u00e3e, blog para m\u00e3e, dicas de m\u00e3e, dicas para gr\u00e1vidas, dicas de maternidade.<\/strong><\/p>\n<p>&nbsp;<\/p>\n\n    <div class=\"xs_social_share_widget xs_share_url after_content \t\tmain_content  wslu-style-1 wslu-share-box-shaped wslu-fill-colored wslu-none wslu-share-horizontal wslu-theme-font-no wslu-main_content\">\n\n\t\t\n        <ul>\n\t\t\t        <\/ul>\n    <\/div> \n","protected":false},"excerpt":{"rendered":"<p>Favorite&nbsp; Oi, moms! Ultimamente tenho reparado que est\u00e3o surgindo medos novos nos meus filhos: de pessoas fantasiadas, de quando eu saio de perto,\u00a0de quando est\u00e3o em lugares desconhecidos&#8230; Enfim, cada hora eles demonstram inseguran\u00e7a por alguma coisa ou ocasi\u00e3o. Alguns medos passam r\u00e1pido e outros permanecem. &nbsp; &nbsp; Da\u00ed, surgem as d\u00favidas: Qual a melhor [&hellip;]<\/p>\n","protected":false},"author":4,"featured_media":13079,"comment_status":"open","ping_status":"closed","sticky":false,"template":"","format":"standard","meta":{"_acf_changed":false,"footnotes":""},"categories":[1797,1798,1799,1800,1796,30,1760,1785],"tags":[410,110,275],"class_list":{"0":"post-13076","1":"post","2":"type-post","3":"status-publish","4":"format-standard","5":"has-post-thumbnail","7":"category-2-anos","8":"category-3-anos","9":"category-4-anos","10":"category-acima-de-4-anos","11":"category-bebe","12":"category-de-mae-para-mae","13":"category-fases","14":"category-psicologia","15":"tag-comportamento","16":"tag-educacao","17":"tag-medos"},"acf":[],"yoast_head":"<!-- This site is optimized with the Yoast SEO Premium plugin v26.6 (Yoast SEO v26.6) - https:\/\/yoast.com\/wordpress\/plugins\/seo\/ -->\n<title>Os medos e suas fases: ajude seu filho a superar!<\/title>\n<meta name=\"robots\" content=\"index, follow, max-snippet:-1, max-image-preview:large, max-video-preview:-1\" \/>\n<link rel=\"canonical\" href=\"https:\/\/colinahomolog.com.br\/dev\/just-real-moms\/os-medos-e-suas-fases-ajude-seu-filho-a-superar\/\" \/>\n<meta property=\"og:locale\" content=\"pt_BR\" \/>\n<meta property=\"og:type\" content=\"article\" \/>\n<meta property=\"og:title\" content=\"Os medos e suas fases: ajude seu filho a superar!\" \/>\n<meta property=\"og:description\" content=\"Favorite&nbsp; Oi, moms! Ultimamente tenho reparado que est\u00e3o surgindo medos novos nos meus filhos: de pessoas fantasiadas, de quando eu saio de perto,\u00a0de quando est\u00e3o em lugares desconhecidos&#8230; Enfim, cada hora eles demonstram inseguran\u00e7a por alguma coisa ou ocasi\u00e3o. Alguns medos passam r\u00e1pido e outros permanecem. &nbsp; &nbsp; Da\u00ed, surgem as d\u00favidas: Qual a melhor [&hellip;]\" \/>\n<meta property=\"og:url\" content=\"https:\/\/colinahomolog.com.br\/dev\/just-real-moms\/os-medos-e-suas-fases-ajude-seu-filho-a-superar\/\" \/>\n<meta property=\"og:site_name\" content=\"Just Real Moms - Blog para M\u00e3es\" \/>\n<meta property=\"article:publisher\" content=\"https:\/\/www.facebook.com\/JustRealMoms\" \/>\n<meta property=\"article:published_time\" content=\"2018-10-01T11:30:38+00:00\" \/>\n<meta property=\"og:image\" content=\"https:\/\/colinahomolog.com.br\/dev\/just-real-moms\/wp-content\/uploads\/2013\/03\/medo3.jpg\" \/>\n\t<meta property=\"og:image:width\" content=\"284\" \/>\n\t<meta property=\"og:image:height\" content=\"177\" \/>\n\t<meta property=\"og:image:type\" content=\"image\/jpeg\" \/>\n<meta name=\"author\" content=\"Renata\" \/>\n<meta name=\"twitter:label1\" content=\"Escrito por\" \/>\n\t<meta name=\"twitter:data1\" content=\"Renata\" \/>\n\t<meta name=\"twitter:label2\" content=\"Est. tempo de leitura\" \/>\n\t<meta name=\"twitter:data2\" content=\"3 minutos\" \/>\n<script type=\"application\/ld+json\" class=\"yoast-schema-graph\">{\"@context\":\"https:\/\/schema.org\",\"@graph\":[{\"@type\":\"WebPage\",\"@id\":\"https:\/\/colinahomolog.com.br\/dev\/just-real-moms\/os-medos-e-suas-fases-ajude-seu-filho-a-superar\/\",\"url\":\"https:\/\/colinahomolog.com.br\/dev\/just-real-moms\/os-medos-e-suas-fases-ajude-seu-filho-a-superar\/\",\"name\":\"Os medos e suas fases: ajude seu filho a superar!\",\"isPartOf\":{\"@id\":\"https:\/\/colinahomolog.com.br\/dev\/just-real-moms\/#website\"},\"primaryImageOfPage\":{\"@id\":\"https:\/\/colinahomolog.com.br\/dev\/just-real-moms\/os-medos-e-suas-fases-ajude-seu-filho-a-superar\/#primaryimage\"},\"image\":{\"@id\":\"https:\/\/colinahomolog.com.br\/dev\/just-real-moms\/os-medos-e-suas-fases-ajude-seu-filho-a-superar\/#primaryimage\"},\"thumbnailUrl\":\"https:\/\/colinahomolog.com.br\/dev\/just-real-moms\/wp-content\/uploads\/2013\/03\/medo3.jpg\",\"datePublished\":\"2018-10-01T11:30:38+00:00\",\"author\":{\"@id\":\"https:\/\/colinahomolog.com.br\/dev\/just-real-moms\/#\/schema\/person\/2f9d85c04a6847c0f366e0a40924a2fa\"},\"breadcrumb\":{\"@id\":\"https:\/\/colinahomolog.com.br\/dev\/just-real-moms\/os-medos-e-suas-fases-ajude-seu-filho-a-superar\/#breadcrumb\"},\"inLanguage\":\"pt-BR\",\"potentialAction\":[{\"@type\":\"ReadAction\",\"target\":[\"https:\/\/colinahomolog.com.br\/dev\/just-real-moms\/os-medos-e-suas-fases-ajude-seu-filho-a-superar\/\"]}]},{\"@type\":\"ImageObject\",\"inLanguage\":\"pt-BR\",\"@id\":\"https:\/\/colinahomolog.com.br\/dev\/just-real-moms\/os-medos-e-suas-fases-ajude-seu-filho-a-superar\/#primaryimage\",\"url\":\"https:\/\/colinahomolog.com.br\/dev\/just-real-moms\/wp-content\/uploads\/2013\/03\/medo3.jpg\",\"contentUrl\":\"https:\/\/colinahomolog.com.br\/dev\/just-real-moms\/wp-content\/uploads\/2013\/03\/medo3.jpg\",\"width\":284,\"height\":177},{\"@type\":\"BreadcrumbList\",\"@id\":\"https:\/\/colinahomolog.com.br\/dev\/just-real-moms\/os-medos-e-suas-fases-ajude-seu-filho-a-superar\/#breadcrumb\",\"itemListElement\":[{\"@type\":\"ListItem\",\"position\":1,\"name\":\"In\u00edcio\",\"item\":\"https:\/\/colinahomolog.com.br\/dev\/just-real-moms\/\"},{\"@type\":\"ListItem\",\"position\":2,\"name\":\"Os medos e suas fases: ajude seu filho a superar!\"}]},{\"@type\":\"WebSite\",\"@id\":\"https:\/\/colinahomolog.com.br\/dev\/just-real-moms\/#website\",\"url\":\"https:\/\/colinahomolog.com.br\/dev\/just-real-moms\/\",\"name\":\"Just Real Moms - Blog para M\u00e3es\",\"description\":\"O melhor e mais completo portal para m\u00e3es, pais e futuros pais!\",\"potentialAction\":[{\"@type\":\"SearchAction\",\"target\":{\"@type\":\"EntryPoint\",\"urlTemplate\":\"https:\/\/colinahomolog.com.br\/dev\/just-real-moms\/?s={search_term_string}\"},\"query-input\":{\"@type\":\"PropertyValueSpecification\",\"valueRequired\":true,\"valueName\":\"search_term_string\"}}],\"inLanguage\":\"pt-BR\"},{\"@type\":\"Person\",\"@id\":\"https:\/\/colinahomolog.com.br\/dev\/just-real-moms\/#\/schema\/person\/2f9d85c04a6847c0f366e0a40924a2fa\",\"name\":\"Renata\",\"url\":\"https:\/\/colinahomolog.com.br\/dev\/just-real-moms\/author\/renata\/\"}]}<\/script>\n<!-- \/ Yoast SEO Premium plugin. -->","yoast_head_json":{"title":"Os medos e suas fases: ajude seu filho a superar!","robots":{"index":"index","follow":"follow","max-snippet":"max-snippet:-1","max-image-preview":"max-image-preview:large","max-video-preview":"max-video-preview:-1"},"canonical":"https:\/\/colinahomolog.com.br\/dev\/just-real-moms\/os-medos-e-suas-fases-ajude-seu-filho-a-superar\/","og_locale":"pt_BR","og_type":"article","og_title":"Os medos e suas fases: ajude seu filho a superar!","og_description":"Favorite&nbsp; Oi, moms! Ultimamente tenho reparado que est\u00e3o surgindo medos novos nos meus filhos: de pessoas fantasiadas, de quando eu saio de perto,\u00a0de quando est\u00e3o em lugares desconhecidos&#8230; Enfim, cada hora eles demonstram inseguran\u00e7a por alguma coisa ou ocasi\u00e3o. Alguns medos passam r\u00e1pido e outros permanecem. &nbsp; &nbsp; Da\u00ed, surgem as d\u00favidas: Qual a melhor [&hellip;]","og_url":"https:\/\/colinahomolog.com.br\/dev\/just-real-moms\/os-medos-e-suas-fases-ajude-seu-filho-a-superar\/","og_site_name":"Just Real Moms - Blog para M\u00e3es","article_publisher":"https:\/\/www.facebook.com\/JustRealMoms","article_published_time":"2018-10-01T11:30:38+00:00","og_image":[{"width":284,"height":177,"url":"https:\/\/colinahomolog.com.br\/dev\/just-real-moms\/wp-content\/uploads\/2013\/03\/medo3.jpg","type":"image\/jpeg"}],"author":"Renata","twitter_misc":{"Escrito por":"Renata","Est. tempo de leitura":"3 minutos"},"schema":{"@context":"https:\/\/schema.org","@graph":[{"@type":"WebPage","@id":"https:\/\/colinahomolog.com.br\/dev\/just-real-moms\/os-medos-e-suas-fases-ajude-seu-filho-a-superar\/","url":"https:\/\/colinahomolog.com.br\/dev\/just-real-moms\/os-medos-e-suas-fases-ajude-seu-filho-a-superar\/","name":"Os medos e suas fases: ajude seu filho a superar!","isPartOf":{"@id":"https:\/\/colinahomolog.com.br\/dev\/just-real-moms\/#website"},"primaryImageOfPage":{"@id":"https:\/\/colinahomolog.com.br\/dev\/just-real-moms\/os-medos-e-suas-fases-ajude-seu-filho-a-superar\/#primaryimage"},"image":{"@id":"https:\/\/colinahomolog.com.br\/dev\/just-real-moms\/os-medos-e-suas-fases-ajude-seu-filho-a-superar\/#primaryimage"},"thumbnailUrl":"https:\/\/colinahomolog.com.br\/dev\/just-real-moms\/wp-content\/uploads\/2013\/03\/medo3.jpg","datePublished":"2018-10-01T11:30:38+00:00","author":{"@id":"https:\/\/colinahomolog.com.br\/dev\/just-real-moms\/#\/schema\/person\/2f9d85c04a6847c0f366e0a40924a2fa"},"breadcrumb":{"@id":"https:\/\/colinahomolog.com.br\/dev\/just-real-moms\/os-medos-e-suas-fases-ajude-seu-filho-a-superar\/#breadcrumb"},"inLanguage":"pt-BR","potentialAction":[{"@type":"ReadAction","target":["https:\/\/colinahomolog.com.br\/dev\/just-real-moms\/os-medos-e-suas-fases-ajude-seu-filho-a-superar\/"]}]},{"@type":"ImageObject","inLanguage":"pt-BR","@id":"https:\/\/colinahomolog.com.br\/dev\/just-real-moms\/os-medos-e-suas-fases-ajude-seu-filho-a-superar\/#primaryimage","url":"https:\/\/colinahomolog.com.br\/dev\/just-real-moms\/wp-content\/uploads\/2013\/03\/medo3.jpg","contentUrl":"https:\/\/colinahomolog.com.br\/dev\/just-real-moms\/wp-content\/uploads\/2013\/03\/medo3.jpg","width":284,"height":177},{"@type":"BreadcrumbList","@id":"https:\/\/colinahomolog.com.br\/dev\/just-real-moms\/os-medos-e-suas-fases-ajude-seu-filho-a-superar\/#breadcrumb","itemListElement":[{"@type":"ListItem","position":1,"name":"In\u00edcio","item":"https:\/\/colinahomolog.com.br\/dev\/just-real-moms\/"},{"@type":"ListItem","position":2,"name":"Os medos e suas fases: ajude seu filho a superar!"}]},{"@type":"WebSite","@id":"https:\/\/colinahomolog.com.br\/dev\/just-real-moms\/#website","url":"https:\/\/colinahomolog.com.br\/dev\/just-real-moms\/","name":"Just Real Moms - Blog para M\u00e3es","description":"O melhor e mais completo portal para m\u00e3es, pais e futuros pais!","potentialAction":[{"@type":"SearchAction","target":{"@type":"EntryPoint","urlTemplate":"https:\/\/colinahomolog.com.br\/dev\/just-real-moms\/?s={search_term_string}"},"query-input":{"@type":"PropertyValueSpecification","valueRequired":true,"valueName":"search_term_string"}}],"inLanguage":"pt-BR"},{"@type":"Person","@id":"https:\/\/colinahomolog.com.br\/dev\/just-real-moms\/#\/schema\/person\/2f9d85c04a6847c0f366e0a40924a2fa","name":"Renata","url":"https:\/\/colinahomolog.com.br\/dev\/just-real-moms\/author\/renata\/"}]}},"_links":{"self":[{"href":"https:\/\/colinahomolog.com.br\/dev\/just-real-moms\/wp-json\/wp\/v2\/posts\/13076","targetHints":{"allow":["GET"]}}],"collection":[{"href":"https:\/\/colinahomolog.com.br\/dev\/just-real-moms\/wp-json\/wp\/v2\/posts"}],"about":[{"href":"https:\/\/colinahomolog.com.br\/dev\/just-real-moms\/wp-json\/wp\/v2\/types\/post"}],"author":[{"embeddable":true,"href":"https:\/\/colinahomolog.com.br\/dev\/just-real-moms\/wp-json\/wp\/v2\/users\/4"}],"replies":[{"embeddable":true,"href":"https:\/\/colinahomolog.com.br\/dev\/just-real-moms\/wp-json\/wp\/v2\/comments?post=13076"}],"version-history":[{"count":0,"href":"https:\/\/colinahomolog.com.br\/dev\/just-real-moms\/wp-json\/wp\/v2\/posts\/13076\/revisions"}],"wp:featuredmedia":[{"embeddable":true,"href":"https:\/\/colinahomolog.com.br\/dev\/just-real-moms\/wp-json\/wp\/v2\/media\/13079"}],"wp:attachment":[{"href":"https:\/\/colinahomolog.com.br\/dev\/just-real-moms\/wp-json\/wp\/v2\/media?parent=13076"}],"wp:term":[{"taxonomy":"category","embeddable":true,"href":"https:\/\/colinahomolog.com.br\/dev\/just-real-moms\/wp-json\/wp\/v2\/categories?post=13076"},{"taxonomy":"post_tag","embeddable":true,"href":"https:\/\/colinahomolog.com.br\/dev\/just-real-moms\/wp-json\/wp\/v2\/tags?post=13076"}],"curies":[{"name":"wp","href":"https:\/\/api.w.org\/{rel}","templated":true}]}}