{"id":14164,"date":"2015-11-01T08:30:39","date_gmt":"2015-11-01T10:30:39","guid":{"rendered":"https:\/\/colinahomolog.com.br\/dev\/just-real-moms\/?p=14164"},"modified":"2016-05-05T19:06:39","modified_gmt":"2016-05-05T22:06:39","slug":"bebe-com-caspa-por-juliana-macea","status":"publish","type":"post","link":"https:\/\/colinahomolog.com.br\/dev\/just-real-moms\/bebe-com-caspa-por-juliana-macea\/","title":{"rendered":"Beb\u00ea com &#8220;caspa&#8221; &#8211; por Dra. Juliana Mac\u00e9a"},"content":{"rendered":"<button class=\"simplefavorite-button preset\" data-postid=\"14164\" data-siteid=\"1\" data-groupid=\"1\" data-favoritecount=\"0\" style=\"box-shadow:none;-webkit-box-shadow:none;-moz-box-shadow:none;background-color:#68ccb4;border-color:#68ccb4;color:#ffffff;\"><i class=\"sf-icon-favorite\" style=\"\"><\/i>Favorite<\/button><p>&nbsp;<\/p>\n<p>Oi, meninas!<\/p>\n<p>Tudo bem?<\/p>\n<p>Hoje quem vai dar a dica \u00e9 nossa querida amiga e excelente dermatologista, a <strong>Dra Juliana Mac\u00e9a<\/strong>. A Ju j\u00e1 escreveu outros textos aqui no blog (<span style=\"color: #0000ff;\"><strong><a title=\"Cuide da pele do seu filho! \u2013 por Dra. Juliana Mac\u00e9a\" href=\"https:\/\/colinahomolog.com.br\/dev\/just-real-moms\/12875\/\"><span style=\"color: #0000ff;\">AQUI<\/span><\/a><\/strong><\/span>, <span style=\"color: #0000ff;\"><strong><a title=\"Sol com seguran\u00e7a no ver\u00e3o!\" href=\"https:\/\/colinahomolog.com.br\/dev\/just-real-moms\/sol-com-seguranca-no-verao\/\"><span style=\"color: #0000ff;\">AQUI<\/span><\/a><\/strong><\/span>, <span style=\"color: #0000ff;\"><strong><a title=\"Assaduras: por que aparecem e como evit\u00e1-las?\" href=\"https:\/\/colinahomolog.com.br\/dev\/just-real-moms\/assaduras-por-que-aparecem-e-como-evita-las\/\"><span style=\"color: #0000ff;\">AQUI<\/span><\/a> <\/strong><\/span>e <span style=\"color: #0000ff;\"><strong><a title=\"A pele na gravidez\" href=\"https:\/\/colinahomolog.com.br\/dev\/just-real-moms\/a-pele-na-gravidez\/\"><span style=\"color: #0000ff;\">AQUI<\/span><\/a><\/strong><\/span>).<\/p>\n<p>Al\u00e9m de linda e excelente profissional, a Ju tamb\u00e9m \u00e9 a REAL MOM da Loreninha, que \u00e9 uma coisa de linda e fofa!<\/p>\n<p>Vale a pena conferir o texto!<\/p>\n<p>Beijos!<\/p>\n<p>&nbsp;<\/p>\n<p>&#8230;&#8230;&#8230;&#8230;&#8230;&#8230;&#8230;&#8230;&#8230;&#8230;&#8230;&#8230;&#8230;&#8230;&#8230;&#8230;&#8230;&#8230;&#8230;&#8230;&#8230;&#8230;&#8230;&#8230;&#8230;&#8230;&#8230;&#8230;&#8230;&#8230;&#8230;&#8230;&#8230;&#8230;&#8230;..<\/p>\n<p>&nbsp;<\/p>\n<p><strong>Meu beb\u00ea com \u201ccaspa\u201d????<\/strong><\/p>\n<p>A dermatite seborr\u00e9ica \u00e9 uma altera\u00e7\u00e3o inflamat\u00f3ria da pele que acomete at\u00e9 5% da popula\u00e7\u00e3o adulta sendo mais comum entre os homens.<\/p>\n<p>Existe, por\u00e9m, uma forma mais rara de dermatite seborr\u00e9ica que ocorre em beb\u00eas. Ela come\u00e7a logo nas primeiras semanas de vida. A manifesta\u00e7\u00e3o mais comum \u00e9 o surgimento de pequenas placas descamativas, de cor amarelada ou marrom, aderidas ao couro cabeludo &#8211; nada mais s\u00e3o do que uma forma de \u201ccaspa\u201d. Em quadros mais intensos, podem surgir tamb\u00e9m les\u00f5es na pele sendo as \u00e1reas mais envolvidas as bochechas, dobras atr\u00e1s das orelhas e dobrinhas do corpo. As les\u00f5es podem co\u00e7ar um pouco, mas o estado geral do beb\u00ea n\u00e3o \u00e9 afetado.<\/p>\n<p>&nbsp;<\/p>\n<p><img fetchpriority=\"high\" decoding=\"async\" class=\"aligncenter size-full wp-image-14166\" src=\"https:\/\/colinahomolog.com.br\/dev\/just-real-moms\/wp-content\/uploads\/2013\/04\/caspa.jpg\" alt=\"caspa\" width=\"450\" height=\"319\" srcset=\"https:\/\/colinahomolog.com.br\/dev\/just-real-moms\/wp-content\/uploads\/2013\/04\/caspa.jpg 450w, https:\/\/colinahomolog.com.br\/dev\/just-real-moms\/wp-content\/uploads\/2013\/04\/caspa-150x106.jpg 150w, https:\/\/colinahomolog.com.br\/dev\/just-real-moms\/wp-content\/uploads\/2013\/04\/caspa-300x212.jpg 300w\" sizes=\"(max-width: 450px) 100vw, 450px\" \/><\/p>\n<p>&nbsp;<\/p>\n<p>Nesta idade, parece ser causada pela passagem de horm\u00f4nios maternos para o beb\u00ea e esses horm\u00f4nios estimulam maior atividade das gl\u00e2ndulas seb\u00e1ceas.<\/p>\n<p>A doen\u00e7a \u00e9 autolimitada e costuma desaparecer at\u00e9 os 4 meses. Mesmo assim, costuma causar um pouco de ansiedade nas m\u00e3es que ficam preocupadas em n\u00e3o estarem cuidando adequadamente da pele do beb\u00ea e, por isso, acabam consultando o pediatra ou o dermatologista.<\/p>\n<p>Algumas medidas que podem ajudar: um pouquinho de sol tem efeito anti-inflamat\u00f3rio e reduz as les\u00f5es. Antes do banho, aplique \u00f3leo de am\u00eandoas doces no couro cabeludo afetado e, durante o banho, tente suavemente remover as crostinhas com um pente fino. Em casos muito intensos, um creme \u00e0 base de hidrocortisona por poucos dias ajuda a suavizar o quadro.<\/p>\n<p>Espero ter ajudado!<\/p>\n<p>Um abra\u00e7o,<br \/>\nDra. Juliana<\/p>\n<p><strong>Contato:<\/strong><br \/>\nemail:\u00a0<span style=\"color: #0000ff;\"><strong><a href=\"mailto:masterlaser.masterlaser@yahoo.com.br\" target=\"_blank\"><span style=\"color: #0000ff;\">masterlaser.masterlaser@yahoo.com.br<\/span><\/a><\/strong><\/span><br \/>\nTel:\u00a03071-2388 e 3071-1882<\/p>\n<p>&nbsp;<\/p>\n\n    <div class=\"xs_social_share_widget xs_share_url after_content \t\tmain_content  wslu-style-1 wslu-share-box-shaped wslu-fill-colored wslu-none wslu-share-horizontal wslu-theme-font-no wslu-main_content\">\n\n\t\t\n        <ul>\n\t\t\t        <\/ul>\n    <\/div> \n","protected":false},"excerpt":{"rendered":"<p>Favorite&nbsp; Oi, meninas! Tudo bem? Hoje quem vai dar a dica \u00e9 nossa querida amiga e excelente dermatologista, a Dra Juliana Mac\u00e9a. A Ju j\u00e1 escreveu outros textos aqui no blog (AQUI, AQUI, AQUI e AQUI). Al\u00e9m de linda e excelente profissional, a Ju tamb\u00e9m \u00e9 a REAL MOM da Loreninha, que \u00e9 uma coisa [&hellip;]<\/p>\n","protected":false},"author":1017,"featured_media":14167,"comment_status":"open","ping_status":"closed","sticky":false,"template":"","format":"standard","meta":{"_acf_changed":false,"footnotes":""},"categories":[1786,30,453,1778],"tags":[181],"class_list":{"0":"post-14164","1":"post","2":"type-post","3":"status-publish","4":"format-standard","5":"has-post-thumbnail","7":"category-cuidados-especiais","8":"category-de-mae-para-mae","9":"category-dicas-dos-especialistas","10":"category-saude-da-crianca","11":"tag-dermatologista"},"acf":[],"yoast_head":"<!-- This site is optimized with the Yoast SEO Premium plugin v26.6 (Yoast SEO v26.6) - https:\/\/yoast.com\/wordpress\/plugins\/seo\/ -->\n<title>Beb\u00ea com &quot;caspa&quot; - por Dra. Juliana Mac\u00e9a<\/title>\n<meta name=\"robots\" content=\"index, follow, max-snippet:-1, max-image-preview:large, max-video-preview:-1\" \/>\n<link rel=\"canonical\" href=\"https:\/\/colinahomolog.com.br\/dev\/just-real-moms\/bebe-com-caspa-por-juliana-macea\/\" \/>\n<meta property=\"og:locale\" content=\"pt_BR\" \/>\n<meta property=\"og:type\" content=\"article\" \/>\n<meta property=\"og:title\" content=\"Beb\u00ea com &quot;caspa&quot; - por Dra. Juliana Mac\u00e9a\" \/>\n<meta property=\"og:description\" content=\"Favorite&nbsp; Oi, meninas! Tudo bem? Hoje quem vai dar a dica \u00e9 nossa querida amiga e excelente dermatologista, a Dra Juliana Mac\u00e9a. A Ju j\u00e1 escreveu outros textos aqui no blog (AQUI, AQUI, AQUI e AQUI). Al\u00e9m de linda e excelente profissional, a Ju tamb\u00e9m \u00e9 a REAL MOM da Loreninha, que \u00e9 uma coisa [&hellip;]\" \/>\n<meta property=\"og:url\" content=\"https:\/\/colinahomolog.com.br\/dev\/just-real-moms\/bebe-com-caspa-por-juliana-macea\/\" \/>\n<meta property=\"og:site_name\" content=\"Just Real Moms - Blog para M\u00e3es\" \/>\n<meta property=\"article:publisher\" content=\"https:\/\/www.facebook.com\/JustRealMoms\" \/>\n<meta property=\"article:published_time\" content=\"2015-11-01T10:30:39+00:00\" \/>\n<meta property=\"article:modified_time\" content=\"2016-05-05T22:06:39+00:00\" \/>\n<meta property=\"og:image\" content=\"https:\/\/colinahomolog.com.br\/dev\/just-real-moms\/wp-content\/uploads\/2013\/04\/caspa2.jpg\" \/>\n\t<meta property=\"og:image:width\" content=\"1\" \/>\n\t<meta property=\"og:image:height\" content=\"1\" \/>\n\t<meta property=\"og:image:type\" content=\"image\/jpeg\" \/>\n<meta name=\"author\" content=\"Juliana Mac\u00e9a\" \/>\n<meta name=\"twitter:label1\" content=\"Escrito por\" \/>\n\t<meta name=\"twitter:data1\" content=\"Juliana Mac\u00e9a\" \/>\n\t<meta name=\"twitter:label2\" content=\"Est. tempo de leitura\" \/>\n\t<meta name=\"twitter:data2\" content=\"2 minutos\" \/>\n<script type=\"application\/ld+json\" class=\"yoast-schema-graph\">{\"@context\":\"https:\/\/schema.org\",\"@graph\":[{\"@type\":\"WebPage\",\"@id\":\"https:\/\/colinahomolog.com.br\/dev\/just-real-moms\/bebe-com-caspa-por-juliana-macea\/\",\"url\":\"https:\/\/colinahomolog.com.br\/dev\/just-real-moms\/bebe-com-caspa-por-juliana-macea\/\",\"name\":\"Beb\u00ea com \\\"caspa\\\" - por Dra. Juliana Mac\u00e9a\",\"isPartOf\":{\"@id\":\"https:\/\/colinahomolog.com.br\/dev\/just-real-moms\/#website\"},\"primaryImageOfPage\":{\"@id\":\"https:\/\/colinahomolog.com.br\/dev\/just-real-moms\/bebe-com-caspa-por-juliana-macea\/#primaryimage\"},\"image\":{\"@id\":\"https:\/\/colinahomolog.com.br\/dev\/just-real-moms\/bebe-com-caspa-por-juliana-macea\/#primaryimage\"},\"thumbnailUrl\":\"https:\/\/colinahomolog.com.br\/dev\/just-real-moms\/wp-content\/uploads\/2013\/04\/caspa2.jpg\",\"datePublished\":\"2015-11-01T10:30:39+00:00\",\"dateModified\":\"2016-05-05T22:06:39+00:00\",\"author\":{\"@id\":\"https:\/\/colinahomolog.com.br\/dev\/just-real-moms\/#\/schema\/person\/8dcff02cabab77be88c22f8245ab977f\"},\"breadcrumb\":{\"@id\":\"https:\/\/colinahomolog.com.br\/dev\/just-real-moms\/bebe-com-caspa-por-juliana-macea\/#breadcrumb\"},\"inLanguage\":\"pt-BR\",\"potentialAction\":[{\"@type\":\"ReadAction\",\"target\":[\"https:\/\/colinahomolog.com.br\/dev\/just-real-moms\/bebe-com-caspa-por-juliana-macea\/\"]}]},{\"@type\":\"ImageObject\",\"inLanguage\":\"pt-BR\",\"@id\":\"https:\/\/colinahomolog.com.br\/dev\/just-real-moms\/bebe-com-caspa-por-juliana-macea\/#primaryimage\",\"url\":\"https:\/\/colinahomolog.com.br\/dev\/just-real-moms\/wp-content\/uploads\/2013\/04\/caspa2.jpg\",\"contentUrl\":\"https:\/\/colinahomolog.com.br\/dev\/just-real-moms\/wp-content\/uploads\/2013\/04\/caspa2.jpg\"},{\"@type\":\"BreadcrumbList\",\"@id\":\"https:\/\/colinahomolog.com.br\/dev\/just-real-moms\/bebe-com-caspa-por-juliana-macea\/#breadcrumb\",\"itemListElement\":[{\"@type\":\"ListItem\",\"position\":1,\"name\":\"In\u00edcio\",\"item\":\"https:\/\/colinahomolog.com.br\/dev\/just-real-moms\/\"},{\"@type\":\"ListItem\",\"position\":2,\"name\":\"Beb\u00ea com &#8220;caspa&#8221; &#8211; por Dra. Juliana Mac\u00e9a\"}]},{\"@type\":\"WebSite\",\"@id\":\"https:\/\/colinahomolog.com.br\/dev\/just-real-moms\/#website\",\"url\":\"https:\/\/colinahomolog.com.br\/dev\/just-real-moms\/\",\"name\":\"Just Real Moms - Blog para M\u00e3es\",\"description\":\"O melhor e mais completo portal para m\u00e3es, pais e futuros pais!\",\"potentialAction\":[{\"@type\":\"SearchAction\",\"target\":{\"@type\":\"EntryPoint\",\"urlTemplate\":\"https:\/\/colinahomolog.com.br\/dev\/just-real-moms\/?s={search_term_string}\"},\"query-input\":{\"@type\":\"PropertyValueSpecification\",\"valueRequired\":true,\"valueName\":\"search_term_string\"}}],\"inLanguage\":\"pt-BR\"},{\"@type\":\"Person\",\"@id\":\"https:\/\/colinahomolog.com.br\/dev\/just-real-moms\/#\/schema\/person\/8dcff02cabab77be88c22f8245ab977f\",\"name\":\"Juliana Mac\u00e9a\",\"description\":\"Dermatologista\",\"url\":\"https:\/\/colinahomolog.com.br\/dev\/just-real-moms\/author\/juliana-macea\/\"}]}<\/script>\n<!-- \/ Yoast SEO Premium plugin. -->","yoast_head_json":{"title":"Beb\u00ea com \"caspa\" - por Dra. Juliana Mac\u00e9a","robots":{"index":"index","follow":"follow","max-snippet":"max-snippet:-1","max-image-preview":"max-image-preview:large","max-video-preview":"max-video-preview:-1"},"canonical":"https:\/\/colinahomolog.com.br\/dev\/just-real-moms\/bebe-com-caspa-por-juliana-macea\/","og_locale":"pt_BR","og_type":"article","og_title":"Beb\u00ea com \"caspa\" - por Dra. Juliana Mac\u00e9a","og_description":"Favorite&nbsp; Oi, meninas! Tudo bem? Hoje quem vai dar a dica \u00e9 nossa querida amiga e excelente dermatologista, a Dra Juliana Mac\u00e9a. A Ju j\u00e1 escreveu outros textos aqui no blog (AQUI, AQUI, AQUI e AQUI). Al\u00e9m de linda e excelente profissional, a Ju tamb\u00e9m \u00e9 a REAL MOM da Loreninha, que \u00e9 uma coisa [&hellip;]","og_url":"https:\/\/colinahomolog.com.br\/dev\/just-real-moms\/bebe-com-caspa-por-juliana-macea\/","og_site_name":"Just Real Moms - Blog para M\u00e3es","article_publisher":"https:\/\/www.facebook.com\/JustRealMoms","article_published_time":"2015-11-01T10:30:39+00:00","article_modified_time":"2016-05-05T22:06:39+00:00","og_image":[{"url":"https:\/\/colinahomolog.com.br\/dev\/just-real-moms\/wp-content\/uploads\/2013\/04\/caspa2.jpg","width":1,"height":1,"type":"image\/jpeg"}],"author":"Juliana Mac\u00e9a","twitter_misc":{"Escrito por":"Juliana Mac\u00e9a","Est. tempo de leitura":"2 minutos"},"schema":{"@context":"https:\/\/schema.org","@graph":[{"@type":"WebPage","@id":"https:\/\/colinahomolog.com.br\/dev\/just-real-moms\/bebe-com-caspa-por-juliana-macea\/","url":"https:\/\/colinahomolog.com.br\/dev\/just-real-moms\/bebe-com-caspa-por-juliana-macea\/","name":"Beb\u00ea com \"caspa\" - por Dra. Juliana Mac\u00e9a","isPartOf":{"@id":"https:\/\/colinahomolog.com.br\/dev\/just-real-moms\/#website"},"primaryImageOfPage":{"@id":"https:\/\/colinahomolog.com.br\/dev\/just-real-moms\/bebe-com-caspa-por-juliana-macea\/#primaryimage"},"image":{"@id":"https:\/\/colinahomolog.com.br\/dev\/just-real-moms\/bebe-com-caspa-por-juliana-macea\/#primaryimage"},"thumbnailUrl":"https:\/\/colinahomolog.com.br\/dev\/just-real-moms\/wp-content\/uploads\/2013\/04\/caspa2.jpg","datePublished":"2015-11-01T10:30:39+00:00","dateModified":"2016-05-05T22:06:39+00:00","author":{"@id":"https:\/\/colinahomolog.com.br\/dev\/just-real-moms\/#\/schema\/person\/8dcff02cabab77be88c22f8245ab977f"},"breadcrumb":{"@id":"https:\/\/colinahomolog.com.br\/dev\/just-real-moms\/bebe-com-caspa-por-juliana-macea\/#breadcrumb"},"inLanguage":"pt-BR","potentialAction":[{"@type":"ReadAction","target":["https:\/\/colinahomolog.com.br\/dev\/just-real-moms\/bebe-com-caspa-por-juliana-macea\/"]}]},{"@type":"ImageObject","inLanguage":"pt-BR","@id":"https:\/\/colinahomolog.com.br\/dev\/just-real-moms\/bebe-com-caspa-por-juliana-macea\/#primaryimage","url":"https:\/\/colinahomolog.com.br\/dev\/just-real-moms\/wp-content\/uploads\/2013\/04\/caspa2.jpg","contentUrl":"https:\/\/colinahomolog.com.br\/dev\/just-real-moms\/wp-content\/uploads\/2013\/04\/caspa2.jpg"},{"@type":"BreadcrumbList","@id":"https:\/\/colinahomolog.com.br\/dev\/just-real-moms\/bebe-com-caspa-por-juliana-macea\/#breadcrumb","itemListElement":[{"@type":"ListItem","position":1,"name":"In\u00edcio","item":"https:\/\/colinahomolog.com.br\/dev\/just-real-moms\/"},{"@type":"ListItem","position":2,"name":"Beb\u00ea com &#8220;caspa&#8221; &#8211; por Dra. Juliana Mac\u00e9a"}]},{"@type":"WebSite","@id":"https:\/\/colinahomolog.com.br\/dev\/just-real-moms\/#website","url":"https:\/\/colinahomolog.com.br\/dev\/just-real-moms\/","name":"Just Real Moms - Blog para M\u00e3es","description":"O melhor e mais completo portal para m\u00e3es, pais e futuros pais!","potentialAction":[{"@type":"SearchAction","target":{"@type":"EntryPoint","urlTemplate":"https:\/\/colinahomolog.com.br\/dev\/just-real-moms\/?s={search_term_string}"},"query-input":{"@type":"PropertyValueSpecification","valueRequired":true,"valueName":"search_term_string"}}],"inLanguage":"pt-BR"},{"@type":"Person","@id":"https:\/\/colinahomolog.com.br\/dev\/just-real-moms\/#\/schema\/person\/8dcff02cabab77be88c22f8245ab977f","name":"Juliana Mac\u00e9a","description":"Dermatologista","url":"https:\/\/colinahomolog.com.br\/dev\/just-real-moms\/author\/juliana-macea\/"}]}},"_links":{"self":[{"href":"https:\/\/colinahomolog.com.br\/dev\/just-real-moms\/wp-json\/wp\/v2\/posts\/14164","targetHints":{"allow":["GET"]}}],"collection":[{"href":"https:\/\/colinahomolog.com.br\/dev\/just-real-moms\/wp-json\/wp\/v2\/posts"}],"about":[{"href":"https:\/\/colinahomolog.com.br\/dev\/just-real-moms\/wp-json\/wp\/v2\/types\/post"}],"author":[{"embeddable":true,"href":"https:\/\/colinahomolog.com.br\/dev\/just-real-moms\/wp-json\/wp\/v2\/users\/1017"}],"replies":[{"embeddable":true,"href":"https:\/\/colinahomolog.com.br\/dev\/just-real-moms\/wp-json\/wp\/v2\/comments?post=14164"}],"version-history":[{"count":0,"href":"https:\/\/colinahomolog.com.br\/dev\/just-real-moms\/wp-json\/wp\/v2\/posts\/14164\/revisions"}],"wp:featuredmedia":[{"embeddable":true,"href":"https:\/\/colinahomolog.com.br\/dev\/just-real-moms\/wp-json\/wp\/v2\/media\/14167"}],"wp:attachment":[{"href":"https:\/\/colinahomolog.com.br\/dev\/just-real-moms\/wp-json\/wp\/v2\/media?parent=14164"}],"wp:term":[{"taxonomy":"category","embeddable":true,"href":"https:\/\/colinahomolog.com.br\/dev\/just-real-moms\/wp-json\/wp\/v2\/categories?post=14164"},{"taxonomy":"post_tag","embeddable":true,"href":"https:\/\/colinahomolog.com.br\/dev\/just-real-moms\/wp-json\/wp\/v2\/tags?post=14164"}],"curies":[{"name":"wp","href":"https:\/\/api.w.org\/{rel}","templated":true}]}}