{"id":14283,"date":"2013-04-24T08:30:22","date_gmt":"2013-04-24T11:30:22","guid":{"rendered":"https:\/\/colinahomolog.com.br\/dev\/just-real-moms\/?p=14283"},"modified":"2016-05-05T19:06:39","modified_gmt":"2016-05-05T22:06:39","slug":"fotografia-uma-recordacao-para-a-vida-toda-por-rachel-guedes","status":"publish","type":"post","link":"https:\/\/colinahomolog.com.br\/dev\/just-real-moms\/fotografia-uma-recordacao-para-a-vida-toda-por-rachel-guedes\/","title":{"rendered":"Fotografia: uma recorda\u00e7\u00e3o para a vida toda &#8211; por Rachel Guedes"},"content":{"rendered":"<button class=\"simplefavorite-button preset\" data-postid=\"14283\" data-siteid=\"1\" data-groupid=\"1\" data-favoritecount=\"0\" style=\"box-shadow:none;-webkit-box-shadow:none;-moz-box-shadow:none;background-color:#68ccb4;border-color:#68ccb4;color:#ffffff;\"><i class=\"sf-icon-favorite\" style=\"\"><\/i>Favorite<\/button><p>&nbsp;<\/p>\n<p>Oi,\u00a0 meninas! Tudo bem?<\/p>\n<p>&nbsp;<\/p>\n<p style=\"text-align: justify;\">Na semana passada tivemos uma tarde super gostosa com a talentosa fot\u00f3grafa <strong><span style=\"color: #0000ff;\"><a href=\"http:\/\/rachelguedes.com.br\/\"><span style=\"color: #0000ff;\">Rachel Guedes<\/span><\/a><\/span><\/strong> e sua equipe. N\u00f3s a procuramos para tirar umas fotos nossas para um projeto com um novo parceiro (vamos contar sobre esse projeto ainda hoje, aqui no blog) e pudemos conhecer um pouco mais do seu trabalho.<\/p>\n<p>&nbsp;<\/p>\n<p>Olhem algumas das fotos que a Rachel tirou de n\u00f3s com as crian\u00e7as, que lindas:<\/p>\n<p>&nbsp;<\/p>\n<p>&nbsp;<\/p>\n<p><img fetchpriority=\"high\" decoding=\"async\" class=\"aligncenter size-full wp-image-14322\" alt=\"Captura de Tela 2013-04-23 \u00e0s 22.41.59\" src=\"https:\/\/colinahomolog.com.br\/dev\/just-real-moms\/wp-content\/uploads\/2013\/04\/Captura-de-Tela-2013-04-23-\u00e0s-22.41.59.png\" width=\"670\" height=\"492\" srcset=\"https:\/\/colinahomolog.com.br\/dev\/just-real-moms\/wp-content\/uploads\/2013\/04\/Captura-de-Tela-2013-04-23-\u00e0s-22.41.59.png 670w, https:\/\/colinahomolog.com.br\/dev\/just-real-moms\/wp-content\/uploads\/2013\/04\/Captura-de-Tela-2013-04-23-\u00e0s-22.41.59-150x110.png 150w, https:\/\/colinahomolog.com.br\/dev\/just-real-moms\/wp-content\/uploads\/2013\/04\/Captura-de-Tela-2013-04-23-\u00e0s-22.41.59-300x220.png 300w\" sizes=\"(max-width: 670px) 100vw, 670px\" \/><\/p>\n<p>&nbsp;<\/p>\n<p><img decoding=\"async\" class=\"aligncenter size-full wp-image-14323\" alt=\"Captura de Tela 2013-04-23 \u00e0s 22.42.49\" src=\"https:\/\/colinahomolog.com.br\/dev\/just-real-moms\/wp-content\/uploads\/2013\/04\/Captura-de-Tela-2013-04-23-\u00e0s-22.42.49.png\" width=\"670\" height=\"442\" srcset=\"https:\/\/colinahomolog.com.br\/dev\/just-real-moms\/wp-content\/uploads\/2013\/04\/Captura-de-Tela-2013-04-23-\u00e0s-22.42.49.png 670w, https:\/\/colinahomolog.com.br\/dev\/just-real-moms\/wp-content\/uploads\/2013\/04\/Captura-de-Tela-2013-04-23-\u00e0s-22.42.49-150x99.png 150w, https:\/\/colinahomolog.com.br\/dev\/just-real-moms\/wp-content\/uploads\/2013\/04\/Captura-de-Tela-2013-04-23-\u00e0s-22.42.49-300x198.png 300w\" sizes=\"(max-width: 670px) 100vw, 670px\" \/><\/p>\n<p>&nbsp;<\/p>\n<p>&nbsp;<\/p>\n<p style=\"text-align: justify;\">A Rachel \u00e9 a criadora do <strong>Projeto Fam\u00edlia<\/strong>, superconceituada, com muita experi\u00eancia e um trabalho lindo. Ela nos deixou super \u00e0 vontade e mostrou um jeito incr\u00edvel com as crian\u00e7as para tirar o melhor delas nas fotos. Vejam mais de seu trabalho <strong><span style=\"color: #0000ff;\"><a href=\"http:\/\/projetofamilia.com\/\" target=\"_blank\"><span style=\"color: #0000ff;\">AQUI<\/span><\/a><\/span><\/strong>.<\/p>\n<p>&nbsp;<\/p>\n<p style=\"text-align: justify;\">Com seu profissionalismo inquestion\u00e1vel e de forma muito natural, ela se prop\u00f5e a registrar os momentos mais importantes de nossas vidas: a gravidez, o nascimento, book newborn, \u00a0festas, batizados, av\u00f3s encantados com a nova gera\u00e7\u00e3o e at\u00e9 animais de estima\u00e7\u00e3o.\u00a0Cada sess\u00e3o realizada resulta em um livro personalizado e, assim, a cole\u00e7\u00e3o vai aumentando!<\/p>\n<p>&nbsp;<\/p>\n<p>&nbsp;<\/p>\n<p><img decoding=\"async\" class=\"aligncenter size-full wp-image-14328\" alt=\"Captura de Tela 2013-04-23 \u00e0s 23.24.19\" src=\"https:\/\/colinahomolog.com.br\/dev\/just-real-moms\/wp-content\/uploads\/2013\/04\/Captura-de-Tela-2013-04-23-\u00e0s-23.24.19.png\" width=\"670\" height=\"191\" srcset=\"https:\/\/colinahomolog.com.br\/dev\/just-real-moms\/wp-content\/uploads\/2013\/04\/Captura-de-Tela-2013-04-23-\u00e0s-23.24.19.png 670w, https:\/\/colinahomolog.com.br\/dev\/just-real-moms\/wp-content\/uploads\/2013\/04\/Captura-de-Tela-2013-04-23-\u00e0s-23.24.19-150x42.png 150w, https:\/\/colinahomolog.com.br\/dev\/just-real-moms\/wp-content\/uploads\/2013\/04\/Captura-de-Tela-2013-04-23-\u00e0s-23.24.19-300x85.png 300w\" sizes=\"(max-width: 670px) 100vw, 670px\" \/><\/p>\n<p>&nbsp;<\/p>\n<p><img loading=\"lazy\" decoding=\"async\" class=\"aligncenter size-full wp-image-14330\" alt=\"Captura de Tela 2013-04-23 \u00e0s 23.25.57\" src=\"https:\/\/colinahomolog.com.br\/dev\/just-real-moms\/wp-content\/uploads\/2013\/04\/Captura-de-Tela-2013-04-23-\u00e0s-23.25.57.png\" width=\"670\" height=\"191\" srcset=\"https:\/\/colinahomolog.com.br\/dev\/just-real-moms\/wp-content\/uploads\/2013\/04\/Captura-de-Tela-2013-04-23-\u00e0s-23.25.57.png 670w, https:\/\/colinahomolog.com.br\/dev\/just-real-moms\/wp-content\/uploads\/2013\/04\/Captura-de-Tela-2013-04-23-\u00e0s-23.25.57-150x42.png 150w, https:\/\/colinahomolog.com.br\/dev\/just-real-moms\/wp-content\/uploads\/2013\/04\/Captura-de-Tela-2013-04-23-\u00e0s-23.25.57-300x85.png 300w\" sizes=\"(max-width: 670px) 100vw, 670px\" \/><\/p>\n<p>&nbsp;<\/p>\n<p>&nbsp;<\/p>\n<p style=\"text-align: justify;\">Al\u00e9m de sua compet\u00eancia e olhar impec\u00e1vel, o que mais me encantou na Rachel s\u00e3o os projetos que ela lidera sempre pensando em\u00a0transformar um simples retrato em uma\u00a0<strong>obra de arte!\u00a0<\/strong><\/p>\n<p>&nbsp;<\/p>\n<p style=\"text-align: justify;\">Eventualmente, a Rachel desenvolve\u00a0 &#8220;projetos especiais&#8221; que s\u00e3o uma \u00f3tima oportunidade para conhecer \u00a0o trabalho dela a pre\u00e7os acess\u00edveis, abaixo da tabela!! Nesse momento ela est\u00e1 desenvolvendo o <strong>Projeto 100% PURO AMOR<\/strong>, inspirado no amor delicado, intenso e inexplic\u00e1vel que ocorre com as m\u00e3es e seus filhos.\u00a0Um presente muito especial para toda a fam\u00edlia neste\u00a0Dia das M\u00e3es!<\/p>\n<p>&nbsp;<\/p>\n<p>&nbsp;<\/p>\n<p><img loading=\"lazy\" decoding=\"async\" class=\"aligncenter size-full wp-image-14332\" alt=\"Captura de Tela 2013-04-23 \u00e0s 23.39.53\" src=\"https:\/\/colinahomolog.com.br\/dev\/just-real-moms\/wp-content\/uploads\/2013\/04\/Captura-de-Tela-2013-04-23-\u00e0s-23.39.53.png\" width=\"670\" height=\"426\" \/><\/p>\n<p style=\"text-align: center;\"><span style=\"color: #808080;\">Paulinha Trabulsi e seu filho Rafael<\/span><\/p>\n<p>&nbsp;<\/p>\n<p>&nbsp;<\/p>\n<p>Quem tiver interesse em contratar ou conhecer melhor o lindo trabalho da Rachel, \u00e9 s\u00f3 entrar em contato no:<\/p>\n<p>11.5073.0794 | 11.2639.9055 | 11.2729-905<\/p>\n<p><a href=\"mailto:falecom@rachelguedes.com.br\"><strong><span style=\"color: #0000ff;\"><span style=\"color: #0000ff;\"><i>falecom@rachelguedes.com.br<\/i><\/span><\/span><\/strong><\/a><\/p>\n<p>&nbsp;<\/p>\n<p>As fotos clicadas no projeto 100% PURO AMOR ganham tamb\u00e9m uma exposi\u00e7\u00e3o na\u00a0<strong>FNAC PINHEIROS\u00a0de 8 a 31 de maio<\/strong>.<\/p>\n<div id=\"page-content\">\n<p>&nbsp;<\/p>\n<p><strong><i>Sess\u00e3o 100% PURO AMOR<\/i><\/strong><\/p>\n<p>Participantes por sess\u00e3o: at\u00e9 3<\/p>\n<p>Tempo de dura\u00e7\u00e3o: at\u00e9 2 horas<\/p>\n<p>2 fundos: cinza transl\u00facido ou preto.<\/p>\n<p>Inclui: sess\u00e3o fotogr\u00e1fica com 1 make e 1 foto impressa em 20x25cm com porta retrato, prontinho para expor na sua casa!<\/p>\n<p>&nbsp;<\/p>\n<p><b><i>Exposi\u00e7\u00e3o Rachel Guedes \u2013 100% PURO Dia das M\u00e3es<br \/>\n<\/i><\/b>Local: FNAC de Pinheiros (PRA\u00c7A DOS OMAGU\u00c1S, 34 \u2013 PINHEIROS \u2013 S\u00c3O PAULO \u2013 SP)<br \/>\nHor\u00e1rio: Segunda a S\u00e1bado das 10h \u00e0s 22h | Domingos e Feriados das 10h \u00e0s 20h<\/p>\n<p>&nbsp;<\/p>\n<p><b>Vernissage: 08 de maio de 2013 \u00e0s 19h<br \/>\n<\/b>Data: 8 a 31 de maio de 2013<br \/>\nPre\u00e7o: Gratuito<br \/>\nCensura Livre<\/p>\n<p>&nbsp;<\/p>\n<p>&nbsp;<\/p>\n<\/div>\n\n    <div class=\"xs_social_share_widget xs_share_url after_content \t\tmain_content  wslu-style-1 wslu-share-box-shaped wslu-fill-colored wslu-none wslu-share-horizontal wslu-theme-font-no wslu-main_content\">\n\n\t\t\n        <ul>\n\t\t\t        <\/ul>\n    <\/div> \n","protected":false},"excerpt":{"rendered":"<p>Favorite&nbsp; Oi,\u00a0 meninas! Tudo bem? &nbsp; Na semana passada tivemos uma tarde super gostosa com a talentosa fot\u00f3grafa Rachel Guedes e sua equipe. N\u00f3s a procuramos para tirar umas fotos nossas para um projeto com um novo parceiro (vamos contar sobre esse projeto ainda hoje, aqui no blog) e pudemos conhecer um pouco mais do [&hellip;]<\/p>\n","protected":false},"author":6,"featured_media":14332,"comment_status":"open","ping_status":"closed","sticky":false,"template":"","format":"standard","meta":{"_acf_changed":false,"footnotes":""},"categories":[29,1],"tags":[789,788,787],"class_list":{"0":"post-14283","1":"post","2":"type-post","3":"status-publish","4":"format-standard","5":"has-post-thumbnail","7":"category-real-tips","8":"category-sem-categoria","9":"tag-fotos","10":"tag-projeto-familia","11":"tag-rachel-guedes"},"acf":[],"yoast_head":"<!-- This site is optimized with the Yoast SEO Premium plugin v26.6 (Yoast SEO v26.6) - https:\/\/yoast.com\/wordpress\/plugins\/seo\/ -->\n<title>Fotografia: uma recorda\u00e7\u00e3o para a vida toda - por Rachel Guedes<\/title>\n<meta name=\"robots\" content=\"index, follow, max-snippet:-1, max-image-preview:large, max-video-preview:-1\" \/>\n<link rel=\"canonical\" href=\"https:\/\/colinahomolog.com.br\/dev\/just-real-moms\/fotografia-uma-recordacao-para-a-vida-toda-por-rachel-guedes\/\" \/>\n<meta property=\"og:locale\" content=\"pt_BR\" \/>\n<meta property=\"og:type\" content=\"article\" \/>\n<meta property=\"og:title\" content=\"Fotografia: uma recorda\u00e7\u00e3o para a vida toda - por Rachel Guedes\" \/>\n<meta property=\"og:description\" content=\"Favorite&nbsp; Oi,\u00a0 meninas! Tudo bem? &nbsp; Na semana passada tivemos uma tarde super gostosa com a talentosa fot\u00f3grafa Rachel Guedes e sua equipe. N\u00f3s a procuramos para tirar umas fotos nossas para um projeto com um novo parceiro (vamos contar sobre esse projeto ainda hoje, aqui no blog) e pudemos conhecer um pouco mais do [&hellip;]\" \/>\n<meta property=\"og:url\" content=\"https:\/\/colinahomolog.com.br\/dev\/just-real-moms\/fotografia-uma-recordacao-para-a-vida-toda-por-rachel-guedes\/\" \/>\n<meta property=\"og:site_name\" content=\"Just Real Moms - Blog para M\u00e3es\" \/>\n<meta property=\"article:publisher\" content=\"https:\/\/www.facebook.com\/JustRealMoms\" \/>\n<meta property=\"article:published_time\" content=\"2013-04-24T11:30:22+00:00\" \/>\n<meta property=\"article:modified_time\" content=\"2016-05-05T22:06:39+00:00\" \/>\n<meta property=\"og:image\" content=\"https:\/\/colinahomolog.com.br\/dev\/just-real-moms\/wp-content\/uploads\/2013\/04\/Captura-de-Tela-2013-04-23-\u00e0s-23.39.53.png\" \/>\n\t<meta property=\"og:image:width\" content=\"1\" \/>\n\t<meta property=\"og:image:height\" content=\"1\" \/>\n\t<meta property=\"og:image:type\" content=\"image\/png\" \/>\n<meta name=\"author\" content=\"Juliana\" \/>\n<meta name=\"twitter:label1\" content=\"Escrito por\" \/>\n\t<meta name=\"twitter:data1\" content=\"Juliana\" \/>\n\t<meta name=\"twitter:label2\" content=\"Est. tempo de leitura\" \/>\n\t<meta name=\"twitter:data2\" content=\"2 minutos\" \/>\n<script type=\"application\/ld+json\" class=\"yoast-schema-graph\">{\"@context\":\"https:\/\/schema.org\",\"@graph\":[{\"@type\":\"WebPage\",\"@id\":\"https:\/\/colinahomolog.com.br\/dev\/just-real-moms\/fotografia-uma-recordacao-para-a-vida-toda-por-rachel-guedes\/\",\"url\":\"https:\/\/colinahomolog.com.br\/dev\/just-real-moms\/fotografia-uma-recordacao-para-a-vida-toda-por-rachel-guedes\/\",\"name\":\"Fotografia: uma recorda\u00e7\u00e3o para a vida toda - por Rachel Guedes\",\"isPartOf\":{\"@id\":\"https:\/\/colinahomolog.com.br\/dev\/just-real-moms\/#website\"},\"primaryImageOfPage\":{\"@id\":\"https:\/\/colinahomolog.com.br\/dev\/just-real-moms\/fotografia-uma-recordacao-para-a-vida-toda-por-rachel-guedes\/#primaryimage\"},\"image\":{\"@id\":\"https:\/\/colinahomolog.com.br\/dev\/just-real-moms\/fotografia-uma-recordacao-para-a-vida-toda-por-rachel-guedes\/#primaryimage\"},\"thumbnailUrl\":\"https:\/\/colinahomolog.com.br\/dev\/just-real-moms\/wp-content\/uploads\/2013\/04\/Captura-de-Tela-2013-04-23-\u00e0s-23.39.53.png\",\"datePublished\":\"2013-04-24T11:30:22+00:00\",\"dateModified\":\"2016-05-05T22:06:39+00:00\",\"author\":{\"@id\":\"https:\/\/colinahomolog.com.br\/dev\/just-real-moms\/#\/schema\/person\/8218aa957ba5a31e5f531f3b6561916a\"},\"breadcrumb\":{\"@id\":\"https:\/\/colinahomolog.com.br\/dev\/just-real-moms\/fotografia-uma-recordacao-para-a-vida-toda-por-rachel-guedes\/#breadcrumb\"},\"inLanguage\":\"pt-BR\",\"potentialAction\":[{\"@type\":\"ReadAction\",\"target\":[\"https:\/\/colinahomolog.com.br\/dev\/just-real-moms\/fotografia-uma-recordacao-para-a-vida-toda-por-rachel-guedes\/\"]}]},{\"@type\":\"ImageObject\",\"inLanguage\":\"pt-BR\",\"@id\":\"https:\/\/colinahomolog.com.br\/dev\/just-real-moms\/fotografia-uma-recordacao-para-a-vida-toda-por-rachel-guedes\/#primaryimage\",\"url\":\"https:\/\/colinahomolog.com.br\/dev\/just-real-moms\/wp-content\/uploads\/2013\/04\/Captura-de-Tela-2013-04-23-\u00e0s-23.39.53.png\",\"contentUrl\":\"https:\/\/colinahomolog.com.br\/dev\/just-real-moms\/wp-content\/uploads\/2013\/04\/Captura-de-Tela-2013-04-23-\u00e0s-23.39.53.png\"},{\"@type\":\"BreadcrumbList\",\"@id\":\"https:\/\/colinahomolog.com.br\/dev\/just-real-moms\/fotografia-uma-recordacao-para-a-vida-toda-por-rachel-guedes\/#breadcrumb\",\"itemListElement\":[{\"@type\":\"ListItem\",\"position\":1,\"name\":\"In\u00edcio\",\"item\":\"https:\/\/colinahomolog.com.br\/dev\/just-real-moms\/\"},{\"@type\":\"ListItem\",\"position\":2,\"name\":\"Fotografia: uma recorda\u00e7\u00e3o para a vida toda &#8211; por Rachel Guedes\"}]},{\"@type\":\"WebSite\",\"@id\":\"https:\/\/colinahomolog.com.br\/dev\/just-real-moms\/#website\",\"url\":\"https:\/\/colinahomolog.com.br\/dev\/just-real-moms\/\",\"name\":\"Just Real Moms - Blog para M\u00e3es\",\"description\":\"O melhor e mais completo portal para m\u00e3es, pais e futuros pais!\",\"potentialAction\":[{\"@type\":\"SearchAction\",\"target\":{\"@type\":\"EntryPoint\",\"urlTemplate\":\"https:\/\/colinahomolog.com.br\/dev\/just-real-moms\/?s={search_term_string}\"},\"query-input\":{\"@type\":\"PropertyValueSpecification\",\"valueRequired\":true,\"valueName\":\"search_term_string\"}}],\"inLanguage\":\"pt-BR\"},{\"@type\":\"Person\",\"@id\":\"https:\/\/colinahomolog.com.br\/dev\/just-real-moms\/#\/schema\/person\/8218aa957ba5a31e5f531f3b6561916a\",\"name\":\"Juliana\",\"url\":\"https:\/\/colinahomolog.com.br\/dev\/just-real-moms\/author\/juliana\/\"}]}<\/script>\n<!-- \/ Yoast SEO Premium plugin. -->","yoast_head_json":{"title":"Fotografia: uma recorda\u00e7\u00e3o para a vida toda - por Rachel Guedes","robots":{"index":"index","follow":"follow","max-snippet":"max-snippet:-1","max-image-preview":"max-image-preview:large","max-video-preview":"max-video-preview:-1"},"canonical":"https:\/\/colinahomolog.com.br\/dev\/just-real-moms\/fotografia-uma-recordacao-para-a-vida-toda-por-rachel-guedes\/","og_locale":"pt_BR","og_type":"article","og_title":"Fotografia: uma recorda\u00e7\u00e3o para a vida toda - por Rachel Guedes","og_description":"Favorite&nbsp; Oi,\u00a0 meninas! Tudo bem? &nbsp; Na semana passada tivemos uma tarde super gostosa com a talentosa fot\u00f3grafa Rachel Guedes e sua equipe. N\u00f3s a procuramos para tirar umas fotos nossas para um projeto com um novo parceiro (vamos contar sobre esse projeto ainda hoje, aqui no blog) e pudemos conhecer um pouco mais do [&hellip;]","og_url":"https:\/\/colinahomolog.com.br\/dev\/just-real-moms\/fotografia-uma-recordacao-para-a-vida-toda-por-rachel-guedes\/","og_site_name":"Just Real Moms - Blog para M\u00e3es","article_publisher":"https:\/\/www.facebook.com\/JustRealMoms","article_published_time":"2013-04-24T11:30:22+00:00","article_modified_time":"2016-05-05T22:06:39+00:00","og_image":[{"url":"https:\/\/colinahomolog.com.br\/dev\/just-real-moms\/wp-content\/uploads\/2013\/04\/Captura-de-Tela-2013-04-23-\u00e0s-23.39.53.png","width":1,"height":1,"type":"image\/png"}],"author":"Juliana","twitter_misc":{"Escrito por":"Juliana","Est. tempo de leitura":"2 minutos"},"schema":{"@context":"https:\/\/schema.org","@graph":[{"@type":"WebPage","@id":"https:\/\/colinahomolog.com.br\/dev\/just-real-moms\/fotografia-uma-recordacao-para-a-vida-toda-por-rachel-guedes\/","url":"https:\/\/colinahomolog.com.br\/dev\/just-real-moms\/fotografia-uma-recordacao-para-a-vida-toda-por-rachel-guedes\/","name":"Fotografia: uma recorda\u00e7\u00e3o para a vida toda - por Rachel Guedes","isPartOf":{"@id":"https:\/\/colinahomolog.com.br\/dev\/just-real-moms\/#website"},"primaryImageOfPage":{"@id":"https:\/\/colinahomolog.com.br\/dev\/just-real-moms\/fotografia-uma-recordacao-para-a-vida-toda-por-rachel-guedes\/#primaryimage"},"image":{"@id":"https:\/\/colinahomolog.com.br\/dev\/just-real-moms\/fotografia-uma-recordacao-para-a-vida-toda-por-rachel-guedes\/#primaryimage"},"thumbnailUrl":"https:\/\/colinahomolog.com.br\/dev\/just-real-moms\/wp-content\/uploads\/2013\/04\/Captura-de-Tela-2013-04-23-\u00e0s-23.39.53.png","datePublished":"2013-04-24T11:30:22+00:00","dateModified":"2016-05-05T22:06:39+00:00","author":{"@id":"https:\/\/colinahomolog.com.br\/dev\/just-real-moms\/#\/schema\/person\/8218aa957ba5a31e5f531f3b6561916a"},"breadcrumb":{"@id":"https:\/\/colinahomolog.com.br\/dev\/just-real-moms\/fotografia-uma-recordacao-para-a-vida-toda-por-rachel-guedes\/#breadcrumb"},"inLanguage":"pt-BR","potentialAction":[{"@type":"ReadAction","target":["https:\/\/colinahomolog.com.br\/dev\/just-real-moms\/fotografia-uma-recordacao-para-a-vida-toda-por-rachel-guedes\/"]}]},{"@type":"ImageObject","inLanguage":"pt-BR","@id":"https:\/\/colinahomolog.com.br\/dev\/just-real-moms\/fotografia-uma-recordacao-para-a-vida-toda-por-rachel-guedes\/#primaryimage","url":"https:\/\/colinahomolog.com.br\/dev\/just-real-moms\/wp-content\/uploads\/2013\/04\/Captura-de-Tela-2013-04-23-\u00e0s-23.39.53.png","contentUrl":"https:\/\/colinahomolog.com.br\/dev\/just-real-moms\/wp-content\/uploads\/2013\/04\/Captura-de-Tela-2013-04-23-\u00e0s-23.39.53.png"},{"@type":"BreadcrumbList","@id":"https:\/\/colinahomolog.com.br\/dev\/just-real-moms\/fotografia-uma-recordacao-para-a-vida-toda-por-rachel-guedes\/#breadcrumb","itemListElement":[{"@type":"ListItem","position":1,"name":"In\u00edcio","item":"https:\/\/colinahomolog.com.br\/dev\/just-real-moms\/"},{"@type":"ListItem","position":2,"name":"Fotografia: uma recorda\u00e7\u00e3o para a vida toda &#8211; por Rachel Guedes"}]},{"@type":"WebSite","@id":"https:\/\/colinahomolog.com.br\/dev\/just-real-moms\/#website","url":"https:\/\/colinahomolog.com.br\/dev\/just-real-moms\/","name":"Just Real Moms - Blog para M\u00e3es","description":"O melhor e mais completo portal para m\u00e3es, pais e futuros pais!","potentialAction":[{"@type":"SearchAction","target":{"@type":"EntryPoint","urlTemplate":"https:\/\/colinahomolog.com.br\/dev\/just-real-moms\/?s={search_term_string}"},"query-input":{"@type":"PropertyValueSpecification","valueRequired":true,"valueName":"search_term_string"}}],"inLanguage":"pt-BR"},{"@type":"Person","@id":"https:\/\/colinahomolog.com.br\/dev\/just-real-moms\/#\/schema\/person\/8218aa957ba5a31e5f531f3b6561916a","name":"Juliana","url":"https:\/\/colinahomolog.com.br\/dev\/just-real-moms\/author\/juliana\/"}]}},"_links":{"self":[{"href":"https:\/\/colinahomolog.com.br\/dev\/just-real-moms\/wp-json\/wp\/v2\/posts\/14283","targetHints":{"allow":["GET"]}}],"collection":[{"href":"https:\/\/colinahomolog.com.br\/dev\/just-real-moms\/wp-json\/wp\/v2\/posts"}],"about":[{"href":"https:\/\/colinahomolog.com.br\/dev\/just-real-moms\/wp-json\/wp\/v2\/types\/post"}],"author":[{"embeddable":true,"href":"https:\/\/colinahomolog.com.br\/dev\/just-real-moms\/wp-json\/wp\/v2\/users\/6"}],"replies":[{"embeddable":true,"href":"https:\/\/colinahomolog.com.br\/dev\/just-real-moms\/wp-json\/wp\/v2\/comments?post=14283"}],"version-history":[{"count":0,"href":"https:\/\/colinahomolog.com.br\/dev\/just-real-moms\/wp-json\/wp\/v2\/posts\/14283\/revisions"}],"wp:featuredmedia":[{"embeddable":true,"href":"https:\/\/colinahomolog.com.br\/dev\/just-real-moms\/wp-json\/wp\/v2\/media\/14332"}],"wp:attachment":[{"href":"https:\/\/colinahomolog.com.br\/dev\/just-real-moms\/wp-json\/wp\/v2\/media?parent=14283"}],"wp:term":[{"taxonomy":"category","embeddable":true,"href":"https:\/\/colinahomolog.com.br\/dev\/just-real-moms\/wp-json\/wp\/v2\/categories?post=14283"},{"taxonomy":"post_tag","embeddable":true,"href":"https:\/\/colinahomolog.com.br\/dev\/just-real-moms\/wp-json\/wp\/v2\/tags?post=14283"}],"curies":[{"name":"wp","href":"https:\/\/api.w.org\/{rel}","templated":true}]}}