{"id":15142,"date":"2013-05-23T08:30:19","date_gmt":"2013-05-23T11:30:19","guid":{"rendered":"https:\/\/colinahomolog.com.br\/dev\/just-real-moms\/?p=15142"},"modified":"2016-05-05T19:06:39","modified_gmt":"2016-05-05T22:06:39","slug":"seu-bebe-precisa-de-um-balancinho-pra-dormir","status":"publish","type":"post","link":"https:\/\/colinahomolog.com.br\/dev\/just-real-moms\/seu-bebe-precisa-de-um-balancinho-pra-dormir\/","title":{"rendered":"Seu beb\u00ea precisa de um &#8220;balancinho&#8221; para dormir?"},"content":{"rendered":"<button class=\"simplefavorite-button preset\" data-postid=\"15142\" data-siteid=\"1\" data-groupid=\"1\" data-favoritecount=\"0\" style=\"box-shadow:none;-webkit-box-shadow:none;-moz-box-shadow:none;background-color:#68ccb4;border-color:#68ccb4;color:#ffffff;\"><i class=\"sf-icon-favorite\" style=\"\"><\/i>Favorite<\/button><p>&nbsp;<\/p>\n<p style=\"text-align: justify;\">Oi, meninas! Muitas amigas rec\u00e9m-mam\u00e3es contam que seus filhotes s\u00f3 conseguem dormir no colo e, n\u00e3o bastando, elas t\u00eam que ficar andando ou dando um &#8220;chacoalhinho&#8221;!<\/p>\n<p>&nbsp;<\/p>\n<p style=\"text-align: justify;\">Eu sei bem como \u00e9, pois passei por isso&#8230; Para facilitar minha vida, colocava os g\u00eameos cada um em um bouncer para dar a mamadeira ao mesmo tempo. E, \u00e9 \u00f3bvio que eles se acostumaram a dormir neles! O Jos\u00e9 at\u00e9 quebrou um, porque ele j\u00e1 estava t\u00e3o pesado que n\u00e3o cabia mais na cadeirinha e quebrou a estrutura de ferro!! Fofo demais! Mas, deu tudo certo: hoje eles dormem superbem no ber\u00e7o e sozinhos!<\/p>\n<p>&nbsp;<\/p>\n<p style=\"text-align: justify;\">Enfim, contei isso tudo pois uma amiga enviou o link de um produto que achei MUITO bacana e que pode ser totalmente \u00fatil para as mam\u00e3es que est\u00e3o passando por essa fase! \u00c9 o <strong><span style=\"color: #0000ff;\"><a title=\"Leaf Nuna\" href=\"http:\/\/www.nuna.eu\/leaf\" target=\"_blank\"><span style=\"color: #0000ff;\">Leaf<\/span><\/a><\/span><\/strong>, da marca <strong>Nuna<\/strong>!<\/p>\n<p>&nbsp;<\/p>\n<p>&nbsp;<\/p>\n<p style=\"text-align: center;\"><img fetchpriority=\"high\" decoding=\"async\" class=\"aligncenter  wp-image-15143\" alt=\"nuna1\" src=\"https:\/\/colinahomolog.com.br\/dev\/just-real-moms\/wp-content\/uploads\/2013\/05\/nuna1.jpg\" width=\"433\" height=\"289\" srcset=\"https:\/\/colinahomolog.com.br\/dev\/just-real-moms\/wp-content\/uploads\/2013\/05\/nuna1.jpg 541w, https:\/\/colinahomolog.com.br\/dev\/just-real-moms\/wp-content\/uploads\/2013\/05\/nuna1-150x100.jpg 150w, https:\/\/colinahomolog.com.br\/dev\/just-real-moms\/wp-content\/uploads\/2013\/05\/nuna1-300x200.jpg 300w\" sizes=\"(max-width: 433px) 100vw, 433px\" \/><\/p>\n<p>&nbsp;<\/p>\n<p>&nbsp;<\/p>\n<p style=\"text-align: justify;\">Inspirado pelo movimento de uma folha caindo da \u00e1rvore, o assento de beb\u00ea Leaf \u00e9 adequado para rec\u00e9m-nascidos at\u00e9 crian\u00e7as maiores. O balan\u00e7o \u00e9 hipn\u00f3tico e com certeza ajudar\u00e1 seu beb\u00ea na hora do sono!!<\/p>\n<p>&nbsp;<\/p>\n<p>&nbsp;<\/p>\n<p style=\"text-align: justify;\"><img decoding=\"async\" class=\"aligncenter size-full wp-image-15147\" alt=\"nuna5\" src=\"https:\/\/colinahomolog.com.br\/dev\/just-real-moms\/wp-content\/uploads\/2013\/05\/nuna5.jpg\" width=\"655\" height=\"259\" srcset=\"https:\/\/colinahomolog.com.br\/dev\/just-real-moms\/wp-content\/uploads\/2013\/05\/nuna5.jpg 655w, https:\/\/colinahomolog.com.br\/dev\/just-real-moms\/wp-content\/uploads\/2013\/05\/nuna5-150x59.jpg 150w, https:\/\/colinahomolog.com.br\/dev\/just-real-moms\/wp-content\/uploads\/2013\/05\/nuna5-300x118.jpg 300w\" sizes=\"(max-width: 655px) 100vw, 655px\" \/><\/p>\n<p>&nbsp;<\/p>\n<p>&nbsp;<\/p>\n<p style=\"text-align: justify;\">O desgin \u00e9 superbacanca: o acento \u00e9 todo revestido com tecidos org\u00e2nicos e para funcionar, basta dar um &#8220;empurr\u00e3ozinho&#8221;. N\u00e3o precisa de pilhas ou baterias o que o torna muito silencioso!<\/p>\n<p>&nbsp;<\/p>\n<p>&nbsp;<\/p>\n<p style=\"text-align: center;\"><img decoding=\"async\" class=\"aligncenter  wp-image-15145\" alt=\"nuna3\" src=\"https:\/\/colinahomolog.com.br\/dev\/just-real-moms\/wp-content\/uploads\/2013\/05\/nuna3.jpg\" width=\"433\" height=\"289\" srcset=\"https:\/\/colinahomolog.com.br\/dev\/just-real-moms\/wp-content\/uploads\/2013\/05\/nuna3.jpg 541w, https:\/\/colinahomolog.com.br\/dev\/just-real-moms\/wp-content\/uploads\/2013\/05\/nuna3-150x100.jpg 150w, https:\/\/colinahomolog.com.br\/dev\/just-real-moms\/wp-content\/uploads\/2013\/05\/nuna3-300x200.jpg 300w\" sizes=\"(max-width: 433px) 100vw, 433px\" \/><\/p>\n<p>&nbsp;<\/p>\n<p>&nbsp;<\/p>\n<p>Fora isso, possui uma cartela de cores dispon\u00edveis, uma mais linda do que a outra!!<\/p>\n<p>&nbsp;<\/p>\n<p>&nbsp;<\/p>\n<p><img loading=\"lazy\" decoding=\"async\" class=\"aligncenter size-full wp-image-15144\" alt=\"nuna2\" src=\"https:\/\/colinahomolog.com.br\/dev\/just-real-moms\/wp-content\/uploads\/2013\/05\/nuna2.jpg\" width=\"655\" height=\"431\" srcset=\"https:\/\/colinahomolog.com.br\/dev\/just-real-moms\/wp-content\/uploads\/2013\/05\/nuna2.jpg 655w, https:\/\/colinahomolog.com.br\/dev\/just-real-moms\/wp-content\/uploads\/2013\/05\/nuna2-150x98.jpg 150w, https:\/\/colinahomolog.com.br\/dev\/just-real-moms\/wp-content\/uploads\/2013\/05\/nuna2-300x197.jpg 300w\" sizes=\"(max-width: 655px) 100vw, 655px\" \/><\/p>\n<p>&nbsp;<\/p>\n<p>Aqui no Brasil n\u00e3o achei para vender, mas vi que tem na <strong><span style=\"color: #0000ff;\"><a title=\"Amazon - Leaf Nuna\" href=\"http:\/\/www.amazon.com\/Nuna-Leaf-Baby-Seat-SE02022\/dp\/B00A6DRJAA\/ref=sr_1_1?ie=UTF8&amp;qid=1369077207&amp;sr=8-1&amp;keywords=leaf+nuna\" target=\"_blank\"><span style=\"color: #0000ff;\">Amazon<\/span><\/a><\/span><\/strong>!<\/p>\n<p>&nbsp;<\/p>\n<p>Deem uma olhada no v\u00eddeo para entenderem melhor o funcionamento:<\/p>\n<p>&nbsp;<\/p>\n<p>&nbsp;<\/p>\n<iframe title=\"Pr\u00e9sentation du transat LEAF de Nuna\" width=\"696\" height=\"392\" src=\"https:\/\/www.youtube.com\/embed\/z9qBKDPZAo8?feature=oembed\" frameborder=\"0\" allow=\"accelerometer; autoplay; clipboard-write; encrypted-media; gyroscope; picture-in-picture; web-share\" allowfullscreen><\/iframe>\n<p>&nbsp;<\/p>\n<p>&nbsp;<\/p>\n<p>Espero que tenham gostado!!<\/p>\n<p>Mil Bjsss<\/p>\n<p>&nbsp;<\/p>\n<p>&nbsp;<\/p>\n\n    <div class=\"xs_social_share_widget xs_share_url after_content \t\tmain_content  wslu-style-1 wslu-share-box-shaped wslu-fill-colored wslu-none wslu-share-horizontal wslu-theme-font-no wslu-main_content\">\n\n\t\t\n        <ul>\n\t\t\t        <\/ul>\n    <\/div> \n","protected":false},"excerpt":{"rendered":"<p>Favorite&nbsp; Oi, meninas! Muitas amigas rec\u00e9m-mam\u00e3es contam que seus filhotes s\u00f3 conseguem dormir no colo e, n\u00e3o bastando, elas t\u00eam que ficar andando ou dando um &#8220;chacoalhinho&#8221;! &nbsp; Eu sei bem como \u00e9, pois passei por isso&#8230; Para facilitar minha vida, colocava os g\u00eameos cada um em um bouncer para dar a mamadeira ao mesmo [&hellip;]<\/p>\n","protected":false},"author":4,"featured_media":15150,"comment_status":"open","ping_status":"closed","sticky":false,"template":"","format":"standard","meta":{"_acf_changed":false,"footnotes":""},"categories":[29],"tags":[843,846,845],"class_list":{"0":"post-15142","1":"post","2":"type-post","3":"status-publish","4":"format-standard","5":"has-post-thumbnail","7":"category-real-tips","8":"tag-bouncer","9":"tag-dormir","10":"tag-sono-do-bebe"},"acf":[],"yoast_head":"<!-- This site is optimized with the Yoast SEO Premium plugin v26.6 (Yoast SEO v26.6) - https:\/\/yoast.com\/wordpress\/plugins\/seo\/ -->\n<title>Seu beb\u00ea precisa de um &quot;balancinho&quot; para dormir?<\/title>\n<meta name=\"robots\" content=\"index, follow, max-snippet:-1, max-image-preview:large, max-video-preview:-1\" \/>\n<link rel=\"canonical\" href=\"https:\/\/colinahomolog.com.br\/dev\/just-real-moms\/seu-bebe-precisa-de-um-balancinho-pra-dormir\/\" \/>\n<meta property=\"og:locale\" content=\"pt_BR\" \/>\n<meta property=\"og:type\" content=\"article\" \/>\n<meta property=\"og:title\" content=\"Seu beb\u00ea precisa de um &quot;balancinho&quot; para dormir?\" \/>\n<meta property=\"og:description\" content=\"Favorite&nbsp; Oi, meninas! Muitas amigas rec\u00e9m-mam\u00e3es contam que seus filhotes s\u00f3 conseguem dormir no colo e, n\u00e3o bastando, elas t\u00eam que ficar andando ou dando um &#8220;chacoalhinho&#8221;! &nbsp; Eu sei bem como \u00e9, pois passei por isso&#8230; Para facilitar minha vida, colocava os g\u00eameos cada um em um bouncer para dar a mamadeira ao mesmo [&hellip;]\" \/>\n<meta property=\"og:url\" content=\"https:\/\/colinahomolog.com.br\/dev\/just-real-moms\/seu-bebe-precisa-de-um-balancinho-pra-dormir\/\" \/>\n<meta property=\"og:site_name\" content=\"Just Real Moms - Blog para M\u00e3es\" \/>\n<meta property=\"article:publisher\" content=\"https:\/\/www.facebook.com\/JustRealMoms\" \/>\n<meta property=\"article:published_time\" content=\"2013-05-23T11:30:19+00:00\" \/>\n<meta property=\"article:modified_time\" content=\"2016-05-05T22:06:39+00:00\" \/>\n<meta property=\"og:image\" content=\"https:\/\/colinahomolog.com.br\/dev\/just-real-moms\/wp-content\/uploads\/2013\/05\/capanuna.jpg\" \/>\n\t<meta property=\"og:image:width\" content=\"1\" \/>\n\t<meta property=\"og:image:height\" content=\"1\" \/>\n\t<meta property=\"og:image:type\" content=\"image\/jpeg\" \/>\n<meta name=\"author\" content=\"Renata\" \/>\n<meta name=\"twitter:label1\" content=\"Escrito por\" \/>\n\t<meta name=\"twitter:data1\" content=\"Renata\" \/>\n\t<meta name=\"twitter:label2\" content=\"Est. tempo de leitura\" \/>\n\t<meta name=\"twitter:data2\" content=\"1 minuto\" \/>\n<script type=\"application\/ld+json\" class=\"yoast-schema-graph\">{\"@context\":\"https:\/\/schema.org\",\"@graph\":[{\"@type\":\"WebPage\",\"@id\":\"https:\/\/colinahomolog.com.br\/dev\/just-real-moms\/seu-bebe-precisa-de-um-balancinho-pra-dormir\/\",\"url\":\"https:\/\/colinahomolog.com.br\/dev\/just-real-moms\/seu-bebe-precisa-de-um-balancinho-pra-dormir\/\",\"name\":\"Seu beb\u00ea precisa de um \\\"balancinho\\\" para dormir?\",\"isPartOf\":{\"@id\":\"https:\/\/colinahomolog.com.br\/dev\/just-real-moms\/#website\"},\"primaryImageOfPage\":{\"@id\":\"https:\/\/colinahomolog.com.br\/dev\/just-real-moms\/seu-bebe-precisa-de-um-balancinho-pra-dormir\/#primaryimage\"},\"image\":{\"@id\":\"https:\/\/colinahomolog.com.br\/dev\/just-real-moms\/seu-bebe-precisa-de-um-balancinho-pra-dormir\/#primaryimage\"},\"thumbnailUrl\":\"https:\/\/colinahomolog.com.br\/dev\/just-real-moms\/wp-content\/uploads\/2013\/05\/capanuna.jpg\",\"datePublished\":\"2013-05-23T11:30:19+00:00\",\"dateModified\":\"2016-05-05T22:06:39+00:00\",\"author\":{\"@id\":\"https:\/\/colinahomolog.com.br\/dev\/just-real-moms\/#\/schema\/person\/2f9d85c04a6847c0f366e0a40924a2fa\"},\"breadcrumb\":{\"@id\":\"https:\/\/colinahomolog.com.br\/dev\/just-real-moms\/seu-bebe-precisa-de-um-balancinho-pra-dormir\/#breadcrumb\"},\"inLanguage\":\"pt-BR\",\"potentialAction\":[{\"@type\":\"ReadAction\",\"target\":[\"https:\/\/colinahomolog.com.br\/dev\/just-real-moms\/seu-bebe-precisa-de-um-balancinho-pra-dormir\/\"]}]},{\"@type\":\"ImageObject\",\"inLanguage\":\"pt-BR\",\"@id\":\"https:\/\/colinahomolog.com.br\/dev\/just-real-moms\/seu-bebe-precisa-de-um-balancinho-pra-dormir\/#primaryimage\",\"url\":\"https:\/\/colinahomolog.com.br\/dev\/just-real-moms\/wp-content\/uploads\/2013\/05\/capanuna.jpg\",\"contentUrl\":\"https:\/\/colinahomolog.com.br\/dev\/just-real-moms\/wp-content\/uploads\/2013\/05\/capanuna.jpg\"},{\"@type\":\"BreadcrumbList\",\"@id\":\"https:\/\/colinahomolog.com.br\/dev\/just-real-moms\/seu-bebe-precisa-de-um-balancinho-pra-dormir\/#breadcrumb\",\"itemListElement\":[{\"@type\":\"ListItem\",\"position\":1,\"name\":\"In\u00edcio\",\"item\":\"https:\/\/colinahomolog.com.br\/dev\/just-real-moms\/\"},{\"@type\":\"ListItem\",\"position\":2,\"name\":\"Seu beb\u00ea precisa de um &#8220;balancinho&#8221; para dormir?\"}]},{\"@type\":\"WebSite\",\"@id\":\"https:\/\/colinahomolog.com.br\/dev\/just-real-moms\/#website\",\"url\":\"https:\/\/colinahomolog.com.br\/dev\/just-real-moms\/\",\"name\":\"Just Real Moms - Blog para M\u00e3es\",\"description\":\"O melhor e mais completo portal para m\u00e3es, pais e futuros pais!\",\"potentialAction\":[{\"@type\":\"SearchAction\",\"target\":{\"@type\":\"EntryPoint\",\"urlTemplate\":\"https:\/\/colinahomolog.com.br\/dev\/just-real-moms\/?s={search_term_string}\"},\"query-input\":{\"@type\":\"PropertyValueSpecification\",\"valueRequired\":true,\"valueName\":\"search_term_string\"}}],\"inLanguage\":\"pt-BR\"},{\"@type\":\"Person\",\"@id\":\"https:\/\/colinahomolog.com.br\/dev\/just-real-moms\/#\/schema\/person\/2f9d85c04a6847c0f366e0a40924a2fa\",\"name\":\"Renata\",\"url\":\"https:\/\/colinahomolog.com.br\/dev\/just-real-moms\/author\/renata\/\"}]}<\/script>\n<!-- \/ Yoast SEO Premium plugin. -->","yoast_head_json":{"title":"Seu beb\u00ea precisa de um \"balancinho\" para dormir?","robots":{"index":"index","follow":"follow","max-snippet":"max-snippet:-1","max-image-preview":"max-image-preview:large","max-video-preview":"max-video-preview:-1"},"canonical":"https:\/\/colinahomolog.com.br\/dev\/just-real-moms\/seu-bebe-precisa-de-um-balancinho-pra-dormir\/","og_locale":"pt_BR","og_type":"article","og_title":"Seu beb\u00ea precisa de um \"balancinho\" para dormir?","og_description":"Favorite&nbsp; Oi, meninas! Muitas amigas rec\u00e9m-mam\u00e3es contam que seus filhotes s\u00f3 conseguem dormir no colo e, n\u00e3o bastando, elas t\u00eam que ficar andando ou dando um &#8220;chacoalhinho&#8221;! &nbsp; Eu sei bem como \u00e9, pois passei por isso&#8230; Para facilitar minha vida, colocava os g\u00eameos cada um em um bouncer para dar a mamadeira ao mesmo [&hellip;]","og_url":"https:\/\/colinahomolog.com.br\/dev\/just-real-moms\/seu-bebe-precisa-de-um-balancinho-pra-dormir\/","og_site_name":"Just Real Moms - Blog para M\u00e3es","article_publisher":"https:\/\/www.facebook.com\/JustRealMoms","article_published_time":"2013-05-23T11:30:19+00:00","article_modified_time":"2016-05-05T22:06:39+00:00","og_image":[{"url":"https:\/\/colinahomolog.com.br\/dev\/just-real-moms\/wp-content\/uploads\/2013\/05\/capanuna.jpg","width":1,"height":1,"type":"image\/jpeg"}],"author":"Renata","twitter_misc":{"Escrito por":"Renata","Est. tempo de leitura":"1 minuto"},"schema":{"@context":"https:\/\/schema.org","@graph":[{"@type":"WebPage","@id":"https:\/\/colinahomolog.com.br\/dev\/just-real-moms\/seu-bebe-precisa-de-um-balancinho-pra-dormir\/","url":"https:\/\/colinahomolog.com.br\/dev\/just-real-moms\/seu-bebe-precisa-de-um-balancinho-pra-dormir\/","name":"Seu beb\u00ea precisa de um \"balancinho\" para dormir?","isPartOf":{"@id":"https:\/\/colinahomolog.com.br\/dev\/just-real-moms\/#website"},"primaryImageOfPage":{"@id":"https:\/\/colinahomolog.com.br\/dev\/just-real-moms\/seu-bebe-precisa-de-um-balancinho-pra-dormir\/#primaryimage"},"image":{"@id":"https:\/\/colinahomolog.com.br\/dev\/just-real-moms\/seu-bebe-precisa-de-um-balancinho-pra-dormir\/#primaryimage"},"thumbnailUrl":"https:\/\/colinahomolog.com.br\/dev\/just-real-moms\/wp-content\/uploads\/2013\/05\/capanuna.jpg","datePublished":"2013-05-23T11:30:19+00:00","dateModified":"2016-05-05T22:06:39+00:00","author":{"@id":"https:\/\/colinahomolog.com.br\/dev\/just-real-moms\/#\/schema\/person\/2f9d85c04a6847c0f366e0a40924a2fa"},"breadcrumb":{"@id":"https:\/\/colinahomolog.com.br\/dev\/just-real-moms\/seu-bebe-precisa-de-um-balancinho-pra-dormir\/#breadcrumb"},"inLanguage":"pt-BR","potentialAction":[{"@type":"ReadAction","target":["https:\/\/colinahomolog.com.br\/dev\/just-real-moms\/seu-bebe-precisa-de-um-balancinho-pra-dormir\/"]}]},{"@type":"ImageObject","inLanguage":"pt-BR","@id":"https:\/\/colinahomolog.com.br\/dev\/just-real-moms\/seu-bebe-precisa-de-um-balancinho-pra-dormir\/#primaryimage","url":"https:\/\/colinahomolog.com.br\/dev\/just-real-moms\/wp-content\/uploads\/2013\/05\/capanuna.jpg","contentUrl":"https:\/\/colinahomolog.com.br\/dev\/just-real-moms\/wp-content\/uploads\/2013\/05\/capanuna.jpg"},{"@type":"BreadcrumbList","@id":"https:\/\/colinahomolog.com.br\/dev\/just-real-moms\/seu-bebe-precisa-de-um-balancinho-pra-dormir\/#breadcrumb","itemListElement":[{"@type":"ListItem","position":1,"name":"In\u00edcio","item":"https:\/\/colinahomolog.com.br\/dev\/just-real-moms\/"},{"@type":"ListItem","position":2,"name":"Seu beb\u00ea precisa de um &#8220;balancinho&#8221; para dormir?"}]},{"@type":"WebSite","@id":"https:\/\/colinahomolog.com.br\/dev\/just-real-moms\/#website","url":"https:\/\/colinahomolog.com.br\/dev\/just-real-moms\/","name":"Just Real Moms - Blog para M\u00e3es","description":"O melhor e mais completo portal para m\u00e3es, pais e futuros pais!","potentialAction":[{"@type":"SearchAction","target":{"@type":"EntryPoint","urlTemplate":"https:\/\/colinahomolog.com.br\/dev\/just-real-moms\/?s={search_term_string}"},"query-input":{"@type":"PropertyValueSpecification","valueRequired":true,"valueName":"search_term_string"}}],"inLanguage":"pt-BR"},{"@type":"Person","@id":"https:\/\/colinahomolog.com.br\/dev\/just-real-moms\/#\/schema\/person\/2f9d85c04a6847c0f366e0a40924a2fa","name":"Renata","url":"https:\/\/colinahomolog.com.br\/dev\/just-real-moms\/author\/renata\/"}]}},"_links":{"self":[{"href":"https:\/\/colinahomolog.com.br\/dev\/just-real-moms\/wp-json\/wp\/v2\/posts\/15142","targetHints":{"allow":["GET"]}}],"collection":[{"href":"https:\/\/colinahomolog.com.br\/dev\/just-real-moms\/wp-json\/wp\/v2\/posts"}],"about":[{"href":"https:\/\/colinahomolog.com.br\/dev\/just-real-moms\/wp-json\/wp\/v2\/types\/post"}],"author":[{"embeddable":true,"href":"https:\/\/colinahomolog.com.br\/dev\/just-real-moms\/wp-json\/wp\/v2\/users\/4"}],"replies":[{"embeddable":true,"href":"https:\/\/colinahomolog.com.br\/dev\/just-real-moms\/wp-json\/wp\/v2\/comments?post=15142"}],"version-history":[{"count":0,"href":"https:\/\/colinahomolog.com.br\/dev\/just-real-moms\/wp-json\/wp\/v2\/posts\/15142\/revisions"}],"wp:featuredmedia":[{"embeddable":true,"href":"https:\/\/colinahomolog.com.br\/dev\/just-real-moms\/wp-json\/wp\/v2\/media\/15150"}],"wp:attachment":[{"href":"https:\/\/colinahomolog.com.br\/dev\/just-real-moms\/wp-json\/wp\/v2\/media?parent=15142"}],"wp:term":[{"taxonomy":"category","embeddable":true,"href":"https:\/\/colinahomolog.com.br\/dev\/just-real-moms\/wp-json\/wp\/v2\/categories?post=15142"},{"taxonomy":"post_tag","embeddable":true,"href":"https:\/\/colinahomolog.com.br\/dev\/just-real-moms\/wp-json\/wp\/v2\/tags?post=15142"}],"curies":[{"name":"wp","href":"https:\/\/api.w.org\/{rel}","templated":true}]}}