{"id":16283,"date":"2013-06-26T08:30:02","date_gmt":"2013-06-26T11:30:02","guid":{"rendered":"https:\/\/colinahomolog.com.br\/dev\/just-real-moms\/?p=16283"},"modified":"2016-05-05T19:06:39","modified_gmt":"2016-05-05T22:06:39","slug":"quer-um-quarto-infantil-moderno-e-descolado","status":"publish","type":"post","link":"https:\/\/colinahomolog.com.br\/dev\/just-real-moms\/quer-um-quarto-infantil-moderno-e-descolado\/","title":{"rendered":"Quer um quarto infantil moderno e descolado?"},"content":{"rendered":"<button class=\"simplefavorite-button preset\" data-postid=\"16283\" data-siteid=\"1\" data-groupid=\"1\" data-favoritecount=\"0\" style=\"box-shadow:none;-webkit-box-shadow:none;-moz-box-shadow:none;background-color:#68ccb4;border-color:#68ccb4;color:#ffffff;\"><i class=\"sf-icon-favorite\" style=\"\"><\/i>Favorite<\/button><p>&nbsp;<\/p>\n<p>Oi, moms!<\/p>\n<p>&nbsp;<\/p>\n<p><strong><\/strong>\u00c9 impressionante como \u00e9 dif\u00edcil sair do \u00f3bvio quando queremos decorar o quarto das crian\u00e7as&#8230; Tudo o que achamos de diferente \u00e9 de fora, ou seja, \u00e9 praticamente imposs\u00edvel de trazer para o Brasil!<\/p>\n<p>&nbsp;<\/p>\n<p>Por isso, fiquei superfeliz quando encontrei no blog de uma amiga muito querida, o <strong>Blog Planeta Baby<\/strong>, da Paulinha Carvalho (<span style=\"color: #0000ff;\"><a href=\"http:\/\/blog.jovempan.uol.com.br\/planeta\/\"><span style=\"color: #0000ff;\"><strong>AQUI<\/strong><\/span><\/a><\/span>), uma dica excelente de loja de m\u00f3veis de design para quarto infantil que eu realmente n\u00e3o conhecia e simplesmente amei o conceito!<\/p>\n<p>&nbsp;<\/p>\n<p>A loja chama-se <span style=\"color: #0000ff;\"><a href=\"http:\/\/bododo.com.br\/\"><span style=\"color: #0000ff;\"><strong>Bododo<\/strong><\/span><\/a><\/span> e fica na Vila Madalena. Enlouqueci com todas as pe\u00e7as (como camas, cantinho de leitura, casinha, ber\u00e7o, trocador, brinquedos etc.) que apresentam sempre algum detalhe charmoso e descolado.<\/p>\n<p>&nbsp;<\/p>\n<p>Deem uma olhada nas fotos:<\/p>\n<p>&nbsp;<\/p>\n<p>&nbsp;<\/p>\n<p><img fetchpriority=\"high\" decoding=\"async\" class=\"aligncenter size-full wp-image-16296\" alt=\"Captura de Tela 2013-06-25 \u00e0s 00.14.16\" src=\"https:\/\/colinahomolog.com.br\/dev\/just-real-moms\/wp-content\/uploads\/2013\/06\/Captura-de-Tela-2013-06-25-\u00e0s-00.14.16.png\" width=\"670\" height=\"304\" \/> <img decoding=\"async\" class=\"aligncenter size-full wp-image-16294\" alt=\"Captura de Tela 2013-06-25 \u00e0s 00.12.06\" src=\"https:\/\/colinahomolog.com.br\/dev\/just-real-moms\/wp-content\/uploads\/2013\/06\/Captura-de-Tela-2013-06-25-\u00e0s-00.12.06.png\" width=\"670\" height=\"304\" \/><\/p>\n<p>&nbsp;<\/p>\n<p style=\"text-align: center;\">Estou muito apaixonada por esse cantinho da leitura redondo! O Olavinho vai amar! E essa cama, ent\u00e3o? Demais!<\/p>\n<p>&nbsp;<\/p>\n<p><img decoding=\"async\" class=\"aligncenter size-full wp-image-16295\" alt=\"Captura de Tela 2013-06-25 \u00e0s 00.12.19\" src=\"https:\/\/colinahomolog.com.br\/dev\/just-real-moms\/wp-content\/uploads\/2013\/06\/Captura-de-Tela-2013-06-25-\u00e0s-00.12.19.png\" width=\"670\" height=\"302\" \/> <img loading=\"lazy\" decoding=\"async\" class=\"aligncenter size-full wp-image-16297\" alt=\"Captura de Tela 2013-06-25 \u00e0s 00.14.35\" src=\"https:\/\/colinahomolog.com.br\/dev\/just-real-moms\/wp-content\/uploads\/2013\/06\/Captura-de-Tela-2013-06-25-\u00e0s-00.14.35.png\" width=\"670\" height=\"303\" \/><\/p>\n<p><img loading=\"lazy\" decoding=\"async\" class=\"aligncenter size-full wp-image-16300\" alt=\"Captura de Tela 2013-06-25 \u00e0s 00.15.16\" src=\"https:\/\/colinahomolog.com.br\/dev\/just-real-moms\/wp-content\/uploads\/2013\/06\/Captura-de-Tela-2013-06-25-\u00e0s-00.15.16.png\" width=\"670\" height=\"305\" \/><\/p>\n<p>&nbsp;<\/p>\n<p style=\"text-align: center;\">Vejam os detalhes dos m\u00f3veis e enfeites:<\/p>\n<p>&nbsp;<\/p>\n<p style=\"text-align: center;\"><strong>Casinha<\/strong><\/p>\n<p>&nbsp;<\/p>\n<p><img loading=\"lazy\" decoding=\"async\" class=\"aligncenter size-full wp-image-16292\" alt=\"Captura de Tela 2013-06-25 \u00e0s 00.05.04\" src=\"https:\/\/colinahomolog.com.br\/dev\/just-real-moms\/wp-content\/uploads\/2013\/06\/Captura-de-Tela-2013-06-25-\u00e0s-00.05.04.png\" width=\"327\" height=\"446\" \/><\/p>\n<p>&nbsp;<\/p>\n<p style=\"text-align: center;\"><strong>Mesinha com cadeiras em formato de cubo<\/strong><\/p>\n<p>&nbsp;<\/p>\n<p><img loading=\"lazy\" decoding=\"async\" class=\"aligncenter size-full wp-image-16291\" alt=\"Captura de Tela 2013-06-25 \u00e0s 00.04.23\" src=\"https:\/\/colinahomolog.com.br\/dev\/just-real-moms\/wp-content\/uploads\/2013\/06\/Captura-de-Tela-2013-06-25-\u00e0s-00.04.23.png\" width=\"551\" height=\"449\" \/><\/p>\n<p>&nbsp;<\/p>\n<p style=\"text-align: center;\"><strong>Estante com cantinho de leitura<\/strong><\/p>\n<p>&nbsp;<\/p>\n<p><img loading=\"lazy\" decoding=\"async\" class=\"aligncenter size-full wp-image-16290\" alt=\"Captura de Tela 2013-06-25 \u00e0s 00.03.12\" src=\"https:\/\/colinahomolog.com.br\/dev\/just-real-moms\/wp-content\/uploads\/2013\/06\/Captura-de-Tela-2013-06-25-\u00e0s-00.03.12.png\" width=\"550\" height=\"452\" \/><\/p>\n<p>&nbsp;<\/p>\n<p style=\"text-align: center;\"><strong>Caminha pequena que depois fica maior<\/strong><\/p>\n<p>&nbsp;<\/p>\n<p style=\"text-align: center;\"><img loading=\"lazy\" decoding=\"async\" class=\"aligncenter size-full wp-image-16289\" alt=\"Captura de Tela 2013-06-25 \u00e0s 00.02.46\" src=\"https:\/\/colinahomolog.com.br\/dev\/just-real-moms\/wp-content\/uploads\/2013\/06\/Captura-de-Tela-2013-06-25-\u00e0s-00.02.46.png\" width=\"548\" height=\"344\" \/><\/p>\n<p>&nbsp;<\/p>\n<p style=\"text-align: center;\"><strong>Ber\u00e7o que vira mini cama<\/strong><\/p>\n<p>&nbsp;<\/p>\n<p style=\"text-align: center;\"><img loading=\"lazy\" decoding=\"async\" class=\"aligncenter size-full wp-image-16286\" alt=\"Captura de Tela 2013-06-25 \u00e0s 00.01.06\" src=\"https:\/\/colinahomolog.com.br\/dev\/just-real-moms\/wp-content\/uploads\/2013\/06\/Captura-de-Tela-2013-06-25-\u00e0s-00.01.06.png\" width=\"522\" height=\"451\" \/><\/p>\n<p style=\"text-align: center;\"><img loading=\"lazy\" decoding=\"async\" class=\"aligncenter size-full wp-image-16288\" alt=\"Captura de Tela 2013-06-25 \u00e0s 00.01.30\" src=\"https:\/\/colinahomolog.com.br\/dev\/just-real-moms\/wp-content\/uploads\/2013\/06\/Captura-de-Tela-2013-06-25-\u00e0s-00.01.30.png\" width=\"543\" height=\"448\" \/><\/p>\n<p>&nbsp;<\/p>\n<p style=\"text-align: center;\"><strong>Mini cama ultramoderna<\/strong><\/p>\n<p>&nbsp;<\/p>\n<p style=\"text-align: center;\"><img loading=\"lazy\" decoding=\"async\" class=\"aligncenter  wp-image-16285\" alt=\"Captura de Tela 2013-06-25 \u00e0s 00.00.37\" src=\"https:\/\/colinahomolog.com.br\/dev\/just-real-moms\/wp-content\/uploads\/2013\/06\/Captura-de-Tela-2013-06-25-\u00e0s-00.00.37.png\" width=\"536\" height=\"239\" \/><\/p>\n<p><img loading=\"lazy\" decoding=\"async\" class=\"aligncenter size-full wp-image-16293\" alt=\"Captura de Tela 2013-06-25 \u00e0s 00.05.22\" src=\"https:\/\/colinahomolog.com.br\/dev\/just-real-moms\/wp-content\/uploads\/2013\/06\/Captura-de-Tela-2013-06-25-\u00e0s-00.05.22.png\" width=\"552\" height=\"448\" \/><\/p>\n<p>&nbsp;<\/p>\n<p>&nbsp;<\/p>\n\n    <div class=\"xs_social_share_widget xs_share_url after_content \t\tmain_content  wslu-style-1 wslu-share-box-shaped wslu-fill-colored wslu-none wslu-share-horizontal wslu-theme-font-no wslu-main_content\">\n\n\t\t\n        <ul>\n\t\t\t        <\/ul>\n    <\/div> \n","protected":false},"excerpt":{"rendered":"<p>Favorite&nbsp; Oi, moms! &nbsp; \u00c9 impressionante como \u00e9 dif\u00edcil sair do \u00f3bvio quando queremos decorar o quarto das crian\u00e7as&#8230; Tudo o que achamos de diferente \u00e9 de fora, ou seja, \u00e9 praticamente imposs\u00edvel de trazer para o Brasil! &nbsp; Por isso, fiquei superfeliz quando encontrei no blog de uma amiga muito querida, o Blog Planeta [&hellip;]<\/p>\n","protected":false},"author":6,"featured_media":16294,"comment_status":"open","ping_status":"closed","sticky":false,"template":"","format":"standard","meta":{"_acf_changed":false,"footnotes":""},"categories":[32],"tags":[],"class_list":{"0":"post-16283","1":"post","2":"type-post","3":"status-publish","4":"format-standard","5":"has-post-thumbnail","7":"category-decor"},"acf":[],"yoast_head":"<!-- This site is optimized with the Yoast SEO Premium plugin v26.6 (Yoast SEO v26.6) - https:\/\/yoast.com\/wordpress\/plugins\/seo\/ -->\n<title>Quer um quarto infantil moderno e descolado?<\/title>\n<meta name=\"robots\" content=\"index, follow, max-snippet:-1, max-image-preview:large, max-video-preview:-1\" \/>\n<link rel=\"canonical\" href=\"https:\/\/colinahomolog.com.br\/dev\/just-real-moms\/quer-um-quarto-infantil-moderno-e-descolado\/\" \/>\n<meta property=\"og:locale\" content=\"pt_BR\" \/>\n<meta property=\"og:type\" content=\"article\" \/>\n<meta property=\"og:title\" content=\"Quer um quarto infantil moderno e descolado?\" \/>\n<meta property=\"og:description\" content=\"Favorite&nbsp; Oi, moms! &nbsp; \u00c9 impressionante como \u00e9 dif\u00edcil sair do \u00f3bvio quando queremos decorar o quarto das crian\u00e7as&#8230; Tudo o que achamos de diferente \u00e9 de fora, ou seja, \u00e9 praticamente imposs\u00edvel de trazer para o Brasil! &nbsp; Por isso, fiquei superfeliz quando encontrei no blog de uma amiga muito querida, o Blog Planeta [&hellip;]\" \/>\n<meta property=\"og:url\" content=\"https:\/\/colinahomolog.com.br\/dev\/just-real-moms\/quer-um-quarto-infantil-moderno-e-descolado\/\" \/>\n<meta property=\"og:site_name\" content=\"Just Real Moms - Blog para M\u00e3es\" \/>\n<meta property=\"article:publisher\" content=\"https:\/\/www.facebook.com\/JustRealMoms\" \/>\n<meta property=\"article:published_time\" content=\"2013-06-26T11:30:02+00:00\" \/>\n<meta property=\"article:modified_time\" content=\"2016-05-05T22:06:39+00:00\" \/>\n<meta property=\"og:image\" content=\"https:\/\/colinahomolog.com.br\/dev\/just-real-moms\/wp-content\/uploads\/2013\/06\/Captura-de-Tela-2013-06-25-\u00e0s-00.12.06.png\" \/>\n\t<meta property=\"og:image:width\" content=\"1\" \/>\n\t<meta property=\"og:image:height\" content=\"1\" \/>\n\t<meta property=\"og:image:type\" content=\"image\/png\" \/>\n<meta name=\"author\" content=\"Juliana\" \/>\n<meta name=\"twitter:label1\" content=\"Escrito por\" \/>\n\t<meta name=\"twitter:data1\" content=\"Juliana\" \/>\n\t<meta name=\"twitter:label2\" content=\"Est. tempo de leitura\" \/>\n\t<meta name=\"twitter:data2\" content=\"1 minuto\" \/>\n<script type=\"application\/ld+json\" class=\"yoast-schema-graph\">{\"@context\":\"https:\/\/schema.org\",\"@graph\":[{\"@type\":\"WebPage\",\"@id\":\"https:\/\/colinahomolog.com.br\/dev\/just-real-moms\/quer-um-quarto-infantil-moderno-e-descolado\/\",\"url\":\"https:\/\/colinahomolog.com.br\/dev\/just-real-moms\/quer-um-quarto-infantil-moderno-e-descolado\/\",\"name\":\"Quer um quarto infantil moderno e descolado?\",\"isPartOf\":{\"@id\":\"https:\/\/colinahomolog.com.br\/dev\/just-real-moms\/#website\"},\"primaryImageOfPage\":{\"@id\":\"https:\/\/colinahomolog.com.br\/dev\/just-real-moms\/quer-um-quarto-infantil-moderno-e-descolado\/#primaryimage\"},\"image\":{\"@id\":\"https:\/\/colinahomolog.com.br\/dev\/just-real-moms\/quer-um-quarto-infantil-moderno-e-descolado\/#primaryimage\"},\"thumbnailUrl\":\"https:\/\/colinahomolog.com.br\/dev\/just-real-moms\/wp-content\/uploads\/2013\/06\/Captura-de-Tela-2013-06-25-\u00e0s-00.12.06.png\",\"datePublished\":\"2013-06-26T11:30:02+00:00\",\"dateModified\":\"2016-05-05T22:06:39+00:00\",\"author\":{\"@id\":\"https:\/\/colinahomolog.com.br\/dev\/just-real-moms\/#\/schema\/person\/8218aa957ba5a31e5f531f3b6561916a\"},\"breadcrumb\":{\"@id\":\"https:\/\/colinahomolog.com.br\/dev\/just-real-moms\/quer-um-quarto-infantil-moderno-e-descolado\/#breadcrumb\"},\"inLanguage\":\"pt-BR\",\"potentialAction\":[{\"@type\":\"ReadAction\",\"target\":[\"https:\/\/colinahomolog.com.br\/dev\/just-real-moms\/quer-um-quarto-infantil-moderno-e-descolado\/\"]}]},{\"@type\":\"ImageObject\",\"inLanguage\":\"pt-BR\",\"@id\":\"https:\/\/colinahomolog.com.br\/dev\/just-real-moms\/quer-um-quarto-infantil-moderno-e-descolado\/#primaryimage\",\"url\":\"https:\/\/colinahomolog.com.br\/dev\/just-real-moms\/wp-content\/uploads\/2013\/06\/Captura-de-Tela-2013-06-25-\u00e0s-00.12.06.png\",\"contentUrl\":\"https:\/\/colinahomolog.com.br\/dev\/just-real-moms\/wp-content\/uploads\/2013\/06\/Captura-de-Tela-2013-06-25-\u00e0s-00.12.06.png\"},{\"@type\":\"BreadcrumbList\",\"@id\":\"https:\/\/colinahomolog.com.br\/dev\/just-real-moms\/quer-um-quarto-infantil-moderno-e-descolado\/#breadcrumb\",\"itemListElement\":[{\"@type\":\"ListItem\",\"position\":1,\"name\":\"In\u00edcio\",\"item\":\"https:\/\/colinahomolog.com.br\/dev\/just-real-moms\/\"},{\"@type\":\"ListItem\",\"position\":2,\"name\":\"Quer um quarto infantil moderno e descolado?\"}]},{\"@type\":\"WebSite\",\"@id\":\"https:\/\/colinahomolog.com.br\/dev\/just-real-moms\/#website\",\"url\":\"https:\/\/colinahomolog.com.br\/dev\/just-real-moms\/\",\"name\":\"Just Real Moms - Blog para M\u00e3es\",\"description\":\"O melhor e mais completo portal para m\u00e3es, pais e futuros pais!\",\"potentialAction\":[{\"@type\":\"SearchAction\",\"target\":{\"@type\":\"EntryPoint\",\"urlTemplate\":\"https:\/\/colinahomolog.com.br\/dev\/just-real-moms\/?s={search_term_string}\"},\"query-input\":{\"@type\":\"PropertyValueSpecification\",\"valueRequired\":true,\"valueName\":\"search_term_string\"}}],\"inLanguage\":\"pt-BR\"},{\"@type\":\"Person\",\"@id\":\"https:\/\/colinahomolog.com.br\/dev\/just-real-moms\/#\/schema\/person\/8218aa957ba5a31e5f531f3b6561916a\",\"name\":\"Juliana\",\"url\":\"https:\/\/colinahomolog.com.br\/dev\/just-real-moms\/author\/juliana\/\"}]}<\/script>\n<!-- \/ Yoast SEO Premium plugin. -->","yoast_head_json":{"title":"Quer um quarto infantil moderno e descolado?","robots":{"index":"index","follow":"follow","max-snippet":"max-snippet:-1","max-image-preview":"max-image-preview:large","max-video-preview":"max-video-preview:-1"},"canonical":"https:\/\/colinahomolog.com.br\/dev\/just-real-moms\/quer-um-quarto-infantil-moderno-e-descolado\/","og_locale":"pt_BR","og_type":"article","og_title":"Quer um quarto infantil moderno e descolado?","og_description":"Favorite&nbsp; Oi, moms! &nbsp; \u00c9 impressionante como \u00e9 dif\u00edcil sair do \u00f3bvio quando queremos decorar o quarto das crian\u00e7as&#8230; Tudo o que achamos de diferente \u00e9 de fora, ou seja, \u00e9 praticamente imposs\u00edvel de trazer para o Brasil! &nbsp; Por isso, fiquei superfeliz quando encontrei no blog de uma amiga muito querida, o Blog Planeta [&hellip;]","og_url":"https:\/\/colinahomolog.com.br\/dev\/just-real-moms\/quer-um-quarto-infantil-moderno-e-descolado\/","og_site_name":"Just Real Moms - Blog para M\u00e3es","article_publisher":"https:\/\/www.facebook.com\/JustRealMoms","article_published_time":"2013-06-26T11:30:02+00:00","article_modified_time":"2016-05-05T22:06:39+00:00","og_image":[{"url":"https:\/\/colinahomolog.com.br\/dev\/just-real-moms\/wp-content\/uploads\/2013\/06\/Captura-de-Tela-2013-06-25-\u00e0s-00.12.06.png","width":1,"height":1,"type":"image\/png"}],"author":"Juliana","twitter_misc":{"Escrito por":"Juliana","Est. tempo de leitura":"1 minuto"},"schema":{"@context":"https:\/\/schema.org","@graph":[{"@type":"WebPage","@id":"https:\/\/colinahomolog.com.br\/dev\/just-real-moms\/quer-um-quarto-infantil-moderno-e-descolado\/","url":"https:\/\/colinahomolog.com.br\/dev\/just-real-moms\/quer-um-quarto-infantil-moderno-e-descolado\/","name":"Quer um quarto infantil moderno e descolado?","isPartOf":{"@id":"https:\/\/colinahomolog.com.br\/dev\/just-real-moms\/#website"},"primaryImageOfPage":{"@id":"https:\/\/colinahomolog.com.br\/dev\/just-real-moms\/quer-um-quarto-infantil-moderno-e-descolado\/#primaryimage"},"image":{"@id":"https:\/\/colinahomolog.com.br\/dev\/just-real-moms\/quer-um-quarto-infantil-moderno-e-descolado\/#primaryimage"},"thumbnailUrl":"https:\/\/colinahomolog.com.br\/dev\/just-real-moms\/wp-content\/uploads\/2013\/06\/Captura-de-Tela-2013-06-25-\u00e0s-00.12.06.png","datePublished":"2013-06-26T11:30:02+00:00","dateModified":"2016-05-05T22:06:39+00:00","author":{"@id":"https:\/\/colinahomolog.com.br\/dev\/just-real-moms\/#\/schema\/person\/8218aa957ba5a31e5f531f3b6561916a"},"breadcrumb":{"@id":"https:\/\/colinahomolog.com.br\/dev\/just-real-moms\/quer-um-quarto-infantil-moderno-e-descolado\/#breadcrumb"},"inLanguage":"pt-BR","potentialAction":[{"@type":"ReadAction","target":["https:\/\/colinahomolog.com.br\/dev\/just-real-moms\/quer-um-quarto-infantil-moderno-e-descolado\/"]}]},{"@type":"ImageObject","inLanguage":"pt-BR","@id":"https:\/\/colinahomolog.com.br\/dev\/just-real-moms\/quer-um-quarto-infantil-moderno-e-descolado\/#primaryimage","url":"https:\/\/colinahomolog.com.br\/dev\/just-real-moms\/wp-content\/uploads\/2013\/06\/Captura-de-Tela-2013-06-25-\u00e0s-00.12.06.png","contentUrl":"https:\/\/colinahomolog.com.br\/dev\/just-real-moms\/wp-content\/uploads\/2013\/06\/Captura-de-Tela-2013-06-25-\u00e0s-00.12.06.png"},{"@type":"BreadcrumbList","@id":"https:\/\/colinahomolog.com.br\/dev\/just-real-moms\/quer-um-quarto-infantil-moderno-e-descolado\/#breadcrumb","itemListElement":[{"@type":"ListItem","position":1,"name":"In\u00edcio","item":"https:\/\/colinahomolog.com.br\/dev\/just-real-moms\/"},{"@type":"ListItem","position":2,"name":"Quer um quarto infantil moderno e descolado?"}]},{"@type":"WebSite","@id":"https:\/\/colinahomolog.com.br\/dev\/just-real-moms\/#website","url":"https:\/\/colinahomolog.com.br\/dev\/just-real-moms\/","name":"Just Real Moms - Blog para M\u00e3es","description":"O melhor e mais completo portal para m\u00e3es, pais e futuros pais!","potentialAction":[{"@type":"SearchAction","target":{"@type":"EntryPoint","urlTemplate":"https:\/\/colinahomolog.com.br\/dev\/just-real-moms\/?s={search_term_string}"},"query-input":{"@type":"PropertyValueSpecification","valueRequired":true,"valueName":"search_term_string"}}],"inLanguage":"pt-BR"},{"@type":"Person","@id":"https:\/\/colinahomolog.com.br\/dev\/just-real-moms\/#\/schema\/person\/8218aa957ba5a31e5f531f3b6561916a","name":"Juliana","url":"https:\/\/colinahomolog.com.br\/dev\/just-real-moms\/author\/juliana\/"}]}},"_links":{"self":[{"href":"https:\/\/colinahomolog.com.br\/dev\/just-real-moms\/wp-json\/wp\/v2\/posts\/16283","targetHints":{"allow":["GET"]}}],"collection":[{"href":"https:\/\/colinahomolog.com.br\/dev\/just-real-moms\/wp-json\/wp\/v2\/posts"}],"about":[{"href":"https:\/\/colinahomolog.com.br\/dev\/just-real-moms\/wp-json\/wp\/v2\/types\/post"}],"author":[{"embeddable":true,"href":"https:\/\/colinahomolog.com.br\/dev\/just-real-moms\/wp-json\/wp\/v2\/users\/6"}],"replies":[{"embeddable":true,"href":"https:\/\/colinahomolog.com.br\/dev\/just-real-moms\/wp-json\/wp\/v2\/comments?post=16283"}],"version-history":[{"count":0,"href":"https:\/\/colinahomolog.com.br\/dev\/just-real-moms\/wp-json\/wp\/v2\/posts\/16283\/revisions"}],"wp:featuredmedia":[{"embeddable":true,"href":"https:\/\/colinahomolog.com.br\/dev\/just-real-moms\/wp-json\/wp\/v2\/media\/16294"}],"wp:attachment":[{"href":"https:\/\/colinahomolog.com.br\/dev\/just-real-moms\/wp-json\/wp\/v2\/media?parent=16283"}],"wp:term":[{"taxonomy":"category","embeddable":true,"href":"https:\/\/colinahomolog.com.br\/dev\/just-real-moms\/wp-json\/wp\/v2\/categories?post=16283"},{"taxonomy":"post_tag","embeddable":true,"href":"https:\/\/colinahomolog.com.br\/dev\/just-real-moms\/wp-json\/wp\/v2\/tags?post=16283"}],"curies":[{"name":"wp","href":"https:\/\/api.w.org\/{rel}","templated":true}]}}