{"id":18301,"date":"2013-09-05T08:30:33","date_gmt":"2013-09-05T11:30:33","guid":{"rendered":"https:\/\/colinahomolog.com.br\/dev\/just-real-moms\/?p=18301"},"modified":"2016-05-05T19:06:39","modified_gmt":"2016-05-05T22:06:39","slug":"cha-de-bebe-com-tema-urso","status":"publish","type":"post","link":"https:\/\/colinahomolog.com.br\/dev\/just-real-moms\/cha-de-bebe-com-tema-urso\/","title":{"rendered":"Ch\u00e1 de beb\u00ea lind\u00edssimo para meninos!"},"content":{"rendered":"<button class=\"simplefavorite-button preset\" data-postid=\"18301\" data-siteid=\"1\" data-groupid=\"1\" data-favoritecount=\"0\" style=\"box-shadow:none;-webkit-box-shadow:none;-moz-box-shadow:none;background-color:#68ccb4;border-color:#68ccb4;color:#ffffff;\"><i class=\"sf-icon-favorite\" style=\"\"><\/i>Favorite<\/button><p><img decoding=\"async\" class=\"aligncenter size-full wp-image-19634\" alt=\"image\" src=\"https:\/\/colinahomolog.com.br\/dev\/just-real-moms\/wp-content\/uploads\/2013\/09\/image.jpg\" width=\"468\" height=\"90\" srcset=\"https:\/\/colinahomolog.com.br\/dev\/just-real-moms\/wp-content\/uploads\/2013\/09\/image.jpg 468w, https:\/\/colinahomolog.com.br\/dev\/just-real-moms\/wp-content\/uploads\/2013\/09\/image-150x28.jpg 150w, https:\/\/colinahomolog.com.br\/dev\/just-real-moms\/wp-content\/uploads\/2013\/09\/image-300x57.jpg 300w\" sizes=\"(max-width: 468px) 100vw, 468px\" \/><\/p>\n<p>Oi, meninas!!<\/p>\n<p>&nbsp;<\/p>\n<p style=\"text-align: justify;\">No post de hoje vou mostrar o ch\u00e1 de beb\u00ea da linda <strong>Samara Checon<\/strong>, que espera seu primeiro filho, o Jo\u00e3o Paulo. Vi algumas fotos da comemora\u00e7\u00e3o no Instagram e fiz quest\u00e3o de pedir para ela, para poder mostr\u00e1-las aqui para voc\u00eas!<\/p>\n<p>&nbsp;<\/p>\n<p style=\"text-align: justify;\">A Samara trabalha com eventos e fez um ch\u00e1 de beb\u00ea impec\u00e1vel para seu pequeno que est\u00e1 por vir. Ela recebeu em sua casa apenas mulheres, as amigas mais \u00edntimas!<\/p>\n<p>&nbsp;<\/p>\n<p>Serve como inspira\u00e7\u00e3o para as mam\u00e3es que est\u00e3o planejando o seu ch\u00e1 de beb\u00ea.<\/p>\n<p>&nbsp;<\/p>\n<p>Espero que gostem!<\/p>\n<p>Mil Bjss<\/p>\n<p>&nbsp;<\/p>\n<p>&nbsp;<\/p>\n<p>\u2026\u2026\u2026\u2026\u2026\u2026\u2026\u2026\u2026\u2026\u2026\u2026\u2026\u2026\u2026\u2026\u2026\u2026\u2026\u2026\u2026\u2026\u2026\u2026\u2026\u2026\u2026\u2026\u2026\u2026\u2026\u2026\u2026\u2026\u2026\u2026\u2026\u2026\u2026\u2026\u2026\u2026\u2026\u2026\u2026<\/p>\n<p>&nbsp;<\/p>\n<p><strong>Convites<\/strong><\/p>\n<p>Desde o come\u00e7o, tudo foi feito com muito capricho! O convite, por exemplo, foi um pote de jujubas! Simplesmente amei a ideia!!! Eu adoro jujubas, rsrs&#8230; Eles foram feitos pela <strong><span style=\"color: #0000ff;\"><a title=\"Adriana Faralli\" href=\"http:\/\/www.petitmessage.com.br\/\" target=\"_blank\"><span style=\"color: #0000ff;\">Adriana Faralli<\/span><\/a><\/span><\/strong>.<\/p>\n<p>&nbsp;<\/p>\n<p>&nbsp;<\/p>\n<p><img fetchpriority=\"high\" decoding=\"async\" class=\"aligncenter size-full wp-image-18323\" alt=\"convite\" src=\"https:\/\/colinahomolog.com.br\/dev\/just-real-moms\/wp-content\/uploads\/2013\/09\/convite.jpg\" width=\"541\" height=\"721\" srcset=\"https:\/\/colinahomolog.com.br\/dev\/just-real-moms\/wp-content\/uploads\/2013\/09\/convite.jpg 541w, https:\/\/colinahomolog.com.br\/dev\/just-real-moms\/wp-content\/uploads\/2013\/09\/convite-112x150.jpg 112w, https:\/\/colinahomolog.com.br\/dev\/just-real-moms\/wp-content\/uploads\/2013\/09\/convite-225x300.jpg 225w\" sizes=\"(max-width: 541px) 100vw, 541px\" \/><\/p>\n<p>&nbsp;<\/p>\n<p>&nbsp;<\/p>\n<p><strong>Decora\u00e7\u00e3o<\/strong><\/p>\n<p style=\"text-align: justify;\">Eu babei na decora\u00e7\u00e3o!!!!!!! Amei as cores, os ursos, tudo! Achei delicado e masculino ao mesmo tempo! Toda decor ficou por conta da top <strong><span style=\"color: #0000ff;\"><a title=\"Andrea Guimar\u00e3es\" href=\"http:\/\/www.andreaguimaraes.com.br\/\" target=\"_blank\"><span style=\"color: #0000ff;\">Andrea Guimar\u00e3es<\/span><\/a><\/span><\/strong>, respons\u00e1vel por eventos infantis lind\u00edssimos! No ch\u00e1 do JP n\u00e3o foi diferente&#8230; Ela arrasou!<\/p>\n<p>&nbsp;<\/p>\n<p>&nbsp;<\/p>\n<p style=\"text-align: center;\"><img decoding=\"async\" class=\"aligncenter  wp-image-18302\" alt=\"cha1\" src=\"https:\/\/colinahomolog.com.br\/dev\/just-real-moms\/wp-content\/uploads\/2013\/09\/cha1.jpg\" width=\"536\" height=\"357\" srcset=\"https:\/\/colinahomolog.com.br\/dev\/just-real-moms\/wp-content\/uploads\/2013\/09\/cha1.jpg 670w, https:\/\/colinahomolog.com.br\/dev\/just-real-moms\/wp-content\/uploads\/2013\/09\/cha1-150x100.jpg 150w, https:\/\/colinahomolog.com.br\/dev\/just-real-moms\/wp-content\/uploads\/2013\/09\/cha1-300x200.jpg 300w\" sizes=\"(max-width: 536px) 100vw, 536px\" \/><\/p>\n<p style=\"text-align: center;\"><img loading=\"lazy\" decoding=\"async\" class=\"aligncenter  wp-image-18309\" alt=\"cha8\" src=\"https:\/\/colinahomolog.com.br\/dev\/just-real-moms\/wp-content\/uploads\/2013\/09\/cha8.jpg\" width=\"536\" height=\"804\" srcset=\"https:\/\/colinahomolog.com.br\/dev\/just-real-moms\/wp-content\/uploads\/2013\/09\/cha8.jpg 670w, https:\/\/colinahomolog.com.br\/dev\/just-real-moms\/wp-content\/uploads\/2013\/09\/cha8-100x150.jpg 100w, https:\/\/colinahomolog.com.br\/dev\/just-real-moms\/wp-content\/uploads\/2013\/09\/cha8-200x300.jpg 200w\" sizes=\"(max-width: 536px) 100vw, 536px\" \/><\/p>\n<p style=\"text-align: center;\"><img loading=\"lazy\" decoding=\"async\" class=\"aligncenter  wp-image-18317\" alt=\"cha16\" src=\"https:\/\/colinahomolog.com.br\/dev\/just-real-moms\/wp-content\/uploads\/2013\/09\/cha16.jpg\" width=\"536\" height=\"804\" srcset=\"https:\/\/colinahomolog.com.br\/dev\/just-real-moms\/wp-content\/uploads\/2013\/09\/cha16.jpg 670w, https:\/\/colinahomolog.com.br\/dev\/just-real-moms\/wp-content\/uploads\/2013\/09\/cha16-100x150.jpg 100w, https:\/\/colinahomolog.com.br\/dev\/just-real-moms\/wp-content\/uploads\/2013\/09\/cha16-200x300.jpg 200w\" sizes=\"(max-width: 536px) 100vw, 536px\" \/><\/p>\n<p>&nbsp;<\/p>\n<p>&nbsp;<\/p>\n<p><strong>Bolo<\/strong><\/p>\n<p>Adorei o bolo! Ficou superchiquezinho, feito para um verdadeiro pr\u00edncipe! Fab\u00edola, da <strong><span style=\"color: #0000ff;\"><a title=\"Fleur de Sucre\" href=\"http:\/\/www.fleurdesucre.com.br\/\" target=\"_blank\"><span style=\"color: #0000ff;\">Fleur de Sucre<\/span><\/a><\/span><\/strong>, foi a respons\u00e1vel.<\/p>\n<p>&nbsp;<\/p>\n<p>&nbsp;<\/p>\n<p style=\"text-align: center;\"><img loading=\"lazy\" decoding=\"async\" class=\"aligncenter  wp-image-18304\" alt=\"cha3\" src=\"https:\/\/colinahomolog.com.br\/dev\/just-real-moms\/wp-content\/uploads\/2013\/09\/cha3.jpg\" width=\"536\" height=\"357\" srcset=\"https:\/\/colinahomolog.com.br\/dev\/just-real-moms\/wp-content\/uploads\/2013\/09\/cha3.jpg 670w, https:\/\/colinahomolog.com.br\/dev\/just-real-moms\/wp-content\/uploads\/2013\/09\/cha3-150x100.jpg 150w, https:\/\/colinahomolog.com.br\/dev\/just-real-moms\/wp-content\/uploads\/2013\/09\/cha3-300x200.jpg 300w\" sizes=\"(max-width: 536px) 100vw, 536px\" \/><\/p>\n<p>&nbsp;<\/p>\n<p>&nbsp;<\/p>\n<p><strong>Docinhos<\/strong><\/p>\n<p style=\"text-align: justify;\">A mesa estava maravilhosa e tudo o que fazia parte dela tamb\u00e9m! E, apesar dos diferentes fornecedores, houve uma harmonia muito grande! As respons\u00e1veis pelos docinhos foram a Danielle Andrade, da <strong><span style=\"color: #0000ff;\"><a title=\"Danielle Andrade - Sweet Cake\" href=\"http:\/\/www.danielleandrade.com.br\/\" target=\"_blank\"><span style=\"color: #0000ff;\">Sweet Cake<\/span><\/a><\/span><\/strong>, e a <strong><span style=\"color: #0000ff;\"><a title=\"Pati Piva\" href=\"http:\/\/www.patipiva.com.br\/\" target=\"_blank\"><span style=\"color: #0000ff;\">Pati Piva<\/span><\/a><\/span><\/strong>. Pelos pirulitos, foi a Amanda Bryant, da <strong><span style=\"color: #0000ff;\"><a title=\"Sucre et Sale\" href=\"http:\/\/www.sucresale.com.br\/\" target=\"_blank\"><span style=\"color: #0000ff;\">Sucre et Sale<\/span><\/a><\/span><\/strong>, e pelos cupcakes e cake-pops, a <strong><span style=\"color: #0000ff;\"><a title=\"Make the Cake\" href=\"http:\/\/www.makethecake.com.br\/index.php\" target=\"_blank\"><span style=\"color: #0000ff;\">Make the Cake<\/span><\/a><\/span><\/strong>! Olhem que coisas mais lindas, o conjunto ficou maravilhoso!<\/p>\n<p>&nbsp;<\/p>\n<p>&nbsp;<\/p>\n<p style=\"text-align: center;\"><img loading=\"lazy\" decoding=\"async\" class=\"aligncenter  wp-image-18306\" alt=\"cha5\" src=\"https:\/\/colinahomolog.com.br\/dev\/just-real-moms\/wp-content\/uploads\/2013\/09\/cha5.jpg\" width=\"536\" height=\"804\" srcset=\"https:\/\/colinahomolog.com.br\/dev\/just-real-moms\/wp-content\/uploads\/2013\/09\/cha5.jpg 670w, https:\/\/colinahomolog.com.br\/dev\/just-real-moms\/wp-content\/uploads\/2013\/09\/cha5-100x150.jpg 100w, https:\/\/colinahomolog.com.br\/dev\/just-real-moms\/wp-content\/uploads\/2013\/09\/cha5-200x300.jpg 200w\" sizes=\"(max-width: 536px) 100vw, 536px\" \/><\/p>\n<p style=\"text-align: center;\"><img loading=\"lazy\" decoding=\"async\" class=\"aligncenter  wp-image-18308\" alt=\"cha7\" src=\"https:\/\/colinahomolog.com.br\/dev\/just-real-moms\/wp-content\/uploads\/2013\/09\/cha7.jpg\" width=\"536\" height=\"357\" srcset=\"https:\/\/colinahomolog.com.br\/dev\/just-real-moms\/wp-content\/uploads\/2013\/09\/cha7.jpg 670w, https:\/\/colinahomolog.com.br\/dev\/just-real-moms\/wp-content\/uploads\/2013\/09\/cha7-150x100.jpg 150w, https:\/\/colinahomolog.com.br\/dev\/just-real-moms\/wp-content\/uploads\/2013\/09\/cha7-300x200.jpg 300w\" sizes=\"(max-width: 536px) 100vw, 536px\" \/><\/p>\n<p style=\"text-align: center;\"><img loading=\"lazy\" decoding=\"async\" class=\"aligncenter  wp-image-18311\" alt=\"cha10\" src=\"https:\/\/colinahomolog.com.br\/dev\/just-real-moms\/wp-content\/uploads\/2013\/09\/cha10.jpg\" width=\"536\" height=\"357\" srcset=\"https:\/\/colinahomolog.com.br\/dev\/just-real-moms\/wp-content\/uploads\/2013\/09\/cha10.jpg 670w, https:\/\/colinahomolog.com.br\/dev\/just-real-moms\/wp-content\/uploads\/2013\/09\/cha10-150x100.jpg 150w, https:\/\/colinahomolog.com.br\/dev\/just-real-moms\/wp-content\/uploads\/2013\/09\/cha10-300x200.jpg 300w\" sizes=\"(max-width: 536px) 100vw, 536px\" \/><\/p>\n<p style=\"text-align: center;\"><img loading=\"lazy\" decoding=\"async\" class=\"aligncenter  wp-image-18307\" alt=\"cha6\" src=\"https:\/\/colinahomolog.com.br\/dev\/just-real-moms\/wp-content\/uploads\/2013\/09\/cha6.jpg\" width=\"536\" height=\"357\" srcset=\"https:\/\/colinahomolog.com.br\/dev\/just-real-moms\/wp-content\/uploads\/2013\/09\/cha6.jpg 670w, https:\/\/colinahomolog.com.br\/dev\/just-real-moms\/wp-content\/uploads\/2013\/09\/cha6-150x100.jpg 150w, https:\/\/colinahomolog.com.br\/dev\/just-real-moms\/wp-content\/uploads\/2013\/09\/cha6-300x200.jpg 300w\" sizes=\"(max-width: 536px) 100vw, 536px\" \/><\/p>\n<p>&nbsp;<\/p>\n<p>&nbsp;<\/p>\n<p><strong>Lembrancinhas<\/strong><\/p>\n<p>&nbsp;<\/p>\n<p>Amei a embalagem das lembrancinhas! Eram dois tipos de box: um em formato de bombom com Sonhos de Valsa dentro, e o outro no formato de caixinha mesmo, contendo marshmallows! As lembrancinhas decoravam uma mesa e as convidadas pegavam a sua antes de sair. Mini-bolos feitos pela <strong>Pati Piva<\/strong> tamb\u00e9m estavam dispon\u00edveis para levarem para casa! Al\u00e9m disso, garrafinhas de \u00e1gua personalizadas eram deixadas no carro das convidadas pelo servi\u00e7o de valet. Eu sou f\u00e3 dessas \u00e1guas! A respons\u00e1vel pelas demais lembrancinhas tamb\u00e9m foi a <strong>Adriana Faralli<\/strong>.<\/p>\n<p>&nbsp;<\/p>\n<p>&nbsp;<\/p>\n<p style=\"text-align: center;\"><img loading=\"lazy\" decoding=\"async\" class=\"aligncenter  wp-image-18305\" alt=\"cha4\" src=\"https:\/\/colinahomolog.com.br\/dev\/just-real-moms\/wp-content\/uploads\/2013\/09\/cha4.jpg\" width=\"536\" height=\"804\" srcset=\"https:\/\/colinahomolog.com.br\/dev\/just-real-moms\/wp-content\/uploads\/2013\/09\/cha4.jpg 670w, https:\/\/colinahomolog.com.br\/dev\/just-real-moms\/wp-content\/uploads\/2013\/09\/cha4-100x150.jpg 100w, https:\/\/colinahomolog.com.br\/dev\/just-real-moms\/wp-content\/uploads\/2013\/09\/cha4-200x300.jpg 200w\" sizes=\"(max-width: 536px) 100vw, 536px\" \/><\/p>\n<p style=\"text-align: center;\"><img loading=\"lazy\" decoding=\"async\" class=\"aligncenter  wp-image-18310\" alt=\"cha9\" src=\"https:\/\/colinahomolog.com.br\/dev\/just-real-moms\/wp-content\/uploads\/2013\/09\/cha9.jpg\" width=\"536\" height=\"357\" srcset=\"https:\/\/colinahomolog.com.br\/dev\/just-real-moms\/wp-content\/uploads\/2013\/09\/cha9.jpg 670w, https:\/\/colinahomolog.com.br\/dev\/just-real-moms\/wp-content\/uploads\/2013\/09\/cha9-150x100.jpg 150w, https:\/\/colinahomolog.com.br\/dev\/just-real-moms\/wp-content\/uploads\/2013\/09\/cha9-300x200.jpg 300w\" sizes=\"(max-width: 536px) 100vw, 536px\" \/><\/p>\n<p><img loading=\"lazy\" decoding=\"async\" class=\"aligncenter size-full wp-image-18322\" alt=\"cha21\" src=\"https:\/\/colinahomolog.com.br\/dev\/just-real-moms\/wp-content\/uploads\/2013\/09\/cha21.jpg\" width=\"540\" height=\"721\" srcset=\"https:\/\/colinahomolog.com.br\/dev\/just-real-moms\/wp-content\/uploads\/2013\/09\/cha21.jpg 540w, https:\/\/colinahomolog.com.br\/dev\/just-real-moms\/wp-content\/uploads\/2013\/09\/cha21-112x150.jpg 112w, https:\/\/colinahomolog.com.br\/dev\/just-real-moms\/wp-content\/uploads\/2013\/09\/cha21-224x300.jpg 224w\" sizes=\"(max-width: 540px) 100vw, 540px\" \/><\/p>\n<p>&nbsp;<\/p>\n<p>&nbsp;<\/p>\n<p><strong>Buffet<\/strong><\/p>\n<p>&nbsp;<\/p>\n<p>Comidinhas de festas infantis foram as escolhidas para serem servidas. Eu, particularmente, AMO!! Mini hot-dog, mini hamburguer, pipoca, churros, coxinha, mini milk-shake&#8230; As convidadas se esbaldaram!! Tudo feito pela <span style=\"text-decoration: underline;\"><span style=\"color: #0000ff;\"><a title=\"Restaurante Amici\" href=\"http:\/\/www.restauranteamici.com.br\/\" target=\"_blank\"><span style=\"color: #0000ff;\"><strong>Renata Cruz<\/strong><\/span><\/a><\/span><\/span>.<\/p>\n<p>&nbsp;<\/p>\n<p>&nbsp;<\/p>\n<p style=\"text-align: center;\"><img loading=\"lazy\" decoding=\"async\" class=\"aligncenter  wp-image-18330\" alt=\"chabebe2\" src=\"https:\/\/colinahomolog.com.br\/dev\/just-real-moms\/wp-content\/uploads\/2013\/09\/chabebe2.jpg\" width=\"536\" height=\"536\" srcset=\"https:\/\/colinahomolog.com.br\/dev\/just-real-moms\/wp-content\/uploads\/2013\/09\/chabebe2.jpg 670w, https:\/\/colinahomolog.com.br\/dev\/just-real-moms\/wp-content\/uploads\/2013\/09\/chabebe2-150x150.jpg 150w, https:\/\/colinahomolog.com.br\/dev\/just-real-moms\/wp-content\/uploads\/2013\/09\/chabebe2-300x300.jpg 300w\" sizes=\"(max-width: 536px) 100vw, 536px\" \/><\/p>\n<p style=\"text-align: center;\"><img loading=\"lazy\" decoding=\"async\" class=\"aligncenter  wp-image-18329\" alt=\"chabebe1\" src=\"https:\/\/colinahomolog.com.br\/dev\/just-real-moms\/wp-content\/uploads\/2013\/09\/chabebe1.jpg\" width=\"540\" height=\"720\" srcset=\"https:\/\/colinahomolog.com.br\/dev\/just-real-moms\/wp-content\/uploads\/2013\/09\/chabebe1.jpg 600w, https:\/\/colinahomolog.com.br\/dev\/just-real-moms\/wp-content\/uploads\/2013\/09\/chabebe1-112x150.jpg 112w, https:\/\/colinahomolog.com.br\/dev\/just-real-moms\/wp-content\/uploads\/2013\/09\/chabebe1-225x300.jpg 225w\" sizes=\"(max-width: 540px) 100vw, 540px\" \/><\/p>\n<p style=\"text-align: center;\"><img loading=\"lazy\" decoding=\"async\" class=\"aligncenter  wp-image-18331\" alt=\"chabebe3\" src=\"https:\/\/colinahomolog.com.br\/dev\/just-real-moms\/wp-content\/uploads\/2013\/09\/chabebe3.jpg\" width=\"536\" height=\"536\" srcset=\"https:\/\/colinahomolog.com.br\/dev\/just-real-moms\/wp-content\/uploads\/2013\/09\/chabebe3.jpg 670w, https:\/\/colinahomolog.com.br\/dev\/just-real-moms\/wp-content\/uploads\/2013\/09\/chabebe3-150x150.jpg 150w, https:\/\/colinahomolog.com.br\/dev\/just-real-moms\/wp-content\/uploads\/2013\/09\/chabebe3-300x300.jpg 300w\" sizes=\"(max-width: 536px) 100vw, 536px\" \/><\/p>\n<p>&nbsp;<\/p>\n<p>&nbsp;<\/p>\n<p><strong>O Ch\u00e1<\/strong><\/p>\n<p>&nbsp;<\/p>\n<p style=\"text-align: justify;\">A Samara estava radiante e linda! Amei o vestido que ela estava usando, da querida <strong>Vanessa Montoro<\/strong>, que j\u00e1 entrevistamos no blog (para rever, cliquem <strong><span style=\"color: #0000ff;\"><a title=\"Vanessa Montoro d\u00e1 as dicas!\" href=\"https:\/\/colinahomolog.com.br\/dev\/just-real-moms\/vanessa-montoro-da-as-dicas\/\" target=\"_blank\"><span style=\"color: #0000ff;\">AQUI<\/span><\/a><\/span><\/strong>)!<\/p>\n<p>&nbsp;<\/p>\n<p>&nbsp;<\/p>\n<p style=\"text-align: center;\"><img loading=\"lazy\" decoding=\"async\" class=\"aligncenter  wp-image-18314\" alt=\"cha13\" src=\"https:\/\/colinahomolog.com.br\/dev\/just-real-moms\/wp-content\/uploads\/2013\/09\/cha13.jpg\" width=\"536\" height=\"804\" srcset=\"https:\/\/colinahomolog.com.br\/dev\/just-real-moms\/wp-content\/uploads\/2013\/09\/cha13.jpg 670w, https:\/\/colinahomolog.com.br\/dev\/just-real-moms\/wp-content\/uploads\/2013\/09\/cha13-100x150.jpg 100w, https:\/\/colinahomolog.com.br\/dev\/just-real-moms\/wp-content\/uploads\/2013\/09\/cha13-200x300.jpg 200w\" sizes=\"(max-width: 536px) 100vw, 536px\" \/><\/p>\n<p style=\"text-align: center;\"><img loading=\"lazy\" decoding=\"async\" class=\"aligncenter  wp-image-18315\" alt=\"cha14\" src=\"https:\/\/colinahomolog.com.br\/dev\/just-real-moms\/wp-content\/uploads\/2013\/09\/cha14.jpg\" width=\"536\" height=\"804\" srcset=\"https:\/\/colinahomolog.com.br\/dev\/just-real-moms\/wp-content\/uploads\/2013\/09\/cha14.jpg 670w, https:\/\/colinahomolog.com.br\/dev\/just-real-moms\/wp-content\/uploads\/2013\/09\/cha14-100x150.jpg 100w, https:\/\/colinahomolog.com.br\/dev\/just-real-moms\/wp-content\/uploads\/2013\/09\/cha14-200x300.jpg 200w\" sizes=\"(max-width: 536px) 100vw, 536px\" \/><\/p>\n<p style=\"text-align: center;\"><img loading=\"lazy\" decoding=\"async\" class=\"aligncenter  wp-image-18312\" alt=\"cha11\" src=\"https:\/\/colinahomolog.com.br\/dev\/just-real-moms\/wp-content\/uploads\/2013\/09\/cha11.jpg\" width=\"536\" height=\"357\" srcset=\"https:\/\/colinahomolog.com.br\/dev\/just-real-moms\/wp-content\/uploads\/2013\/09\/cha11.jpg 670w, https:\/\/colinahomolog.com.br\/dev\/just-real-moms\/wp-content\/uploads\/2013\/09\/cha11-150x100.jpg 150w, https:\/\/colinahomolog.com.br\/dev\/just-real-moms\/wp-content\/uploads\/2013\/09\/cha11-300x200.jpg 300w\" sizes=\"(max-width: 536px) 100vw, 536px\" \/><\/p>\n<p>&nbsp;<\/p>\n<p style=\"text-align: center;\"><strong>Cr\u00e9dito das imagens: Fabiana Kocubey<\/strong><\/p>\n<p>&nbsp;<\/p>\n<p>&nbsp;<\/p>\n\n    <div class=\"xs_social_share_widget xs_share_url after_content \t\tmain_content  wslu-style-1 wslu-share-box-shaped wslu-fill-colored wslu-none wslu-share-horizontal wslu-theme-font-no wslu-main_content\">\n\n\t\t\n        <ul>\n\t\t\t        <\/ul>\n    <\/div> \n","protected":false},"excerpt":{"rendered":"<p>Favorite Oi, meninas!! &nbsp; No post de hoje vou mostrar o ch\u00e1 de beb\u00ea da linda Samara Checon, que espera seu primeiro filho, o Jo\u00e3o Paulo. Vi algumas fotos da comemora\u00e7\u00e3o no Instagram e fiz quest\u00e3o de pedir para ela, para poder mostr\u00e1-las aqui para voc\u00eas! &nbsp; A Samara trabalha com eventos e fez um [&hellip;]<\/p>\n","protected":false},"author":4,"featured_media":18325,"comment_status":"open","ping_status":"closed","sticky":false,"template":"","format":"standard","meta":{"_acf_changed":false,"footnotes":""},"categories":[31,319],"tags":[354,1051],"class_list":{"0":"post-18301","1":"post","2":"type-post","3":"status-publish","4":"format-standard","5":"has-post-thumbnail","7":"category-festa","8":"category-menino","9":"tag-cha-de-bebe","10":"tag-samara-checon"},"acf":[],"yoast_head":"<!-- This site is optimized with the Yoast SEO Premium plugin v26.6 (Yoast SEO v26.6) - https:\/\/yoast.com\/wordpress\/plugins\/seo\/ -->\n<title>Ch\u00e1 de beb\u00ea lind\u00edssimo para meninos!<\/title>\n<meta name=\"robots\" content=\"index, follow, max-snippet:-1, max-image-preview:large, max-video-preview:-1\" \/>\n<link rel=\"canonical\" href=\"https:\/\/colinahomolog.com.br\/dev\/just-real-moms\/cha-de-bebe-com-tema-urso\/\" \/>\n<meta property=\"og:locale\" content=\"pt_BR\" \/>\n<meta property=\"og:type\" content=\"article\" \/>\n<meta property=\"og:title\" content=\"Ch\u00e1 de beb\u00ea lind\u00edssimo para meninos!\" \/>\n<meta property=\"og:description\" content=\"Favorite Oi, meninas!! &nbsp; No post de hoje vou mostrar o ch\u00e1 de beb\u00ea da linda Samara Checon, que espera seu primeiro filho, o Jo\u00e3o Paulo. Vi algumas fotos da comemora\u00e7\u00e3o no Instagram e fiz quest\u00e3o de pedir para ela, para poder mostr\u00e1-las aqui para voc\u00eas! &nbsp; A Samara trabalha com eventos e fez um [&hellip;]\" \/>\n<meta property=\"og:url\" content=\"https:\/\/colinahomolog.com.br\/dev\/just-real-moms\/cha-de-bebe-com-tema-urso\/\" \/>\n<meta property=\"og:site_name\" content=\"Just Real Moms - Blog para M\u00e3es\" \/>\n<meta property=\"article:publisher\" content=\"https:\/\/www.facebook.com\/JustRealMoms\" \/>\n<meta property=\"article:published_time\" content=\"2013-09-05T11:30:33+00:00\" \/>\n<meta property=\"article:modified_time\" content=\"2016-05-05T22:06:39+00:00\" \/>\n<meta property=\"og:image\" content=\"https:\/\/colinahomolog.com.br\/dev\/just-real-moms\/wp-content\/uploads\/2013\/09\/chadebebe.jpg\" \/>\n\t<meta property=\"og:image:width\" content=\"1\" \/>\n\t<meta property=\"og:image:height\" content=\"1\" \/>\n\t<meta property=\"og:image:type\" content=\"image\/jpeg\" \/>\n<meta name=\"author\" content=\"Renata\" \/>\n<meta name=\"twitter:label1\" content=\"Escrito por\" \/>\n\t<meta name=\"twitter:data1\" content=\"Renata\" \/>\n\t<meta name=\"twitter:label2\" content=\"Est. tempo de leitura\" \/>\n\t<meta name=\"twitter:data2\" content=\"2 minutos\" \/>\n<script type=\"application\/ld+json\" class=\"yoast-schema-graph\">{\"@context\":\"https:\/\/schema.org\",\"@graph\":[{\"@type\":\"WebPage\",\"@id\":\"https:\/\/colinahomolog.com.br\/dev\/just-real-moms\/cha-de-bebe-com-tema-urso\/\",\"url\":\"https:\/\/colinahomolog.com.br\/dev\/just-real-moms\/cha-de-bebe-com-tema-urso\/\",\"name\":\"Ch\u00e1 de beb\u00ea lind\u00edssimo para meninos!\",\"isPartOf\":{\"@id\":\"https:\/\/colinahomolog.com.br\/dev\/just-real-moms\/#website\"},\"primaryImageOfPage\":{\"@id\":\"https:\/\/colinahomolog.com.br\/dev\/just-real-moms\/cha-de-bebe-com-tema-urso\/#primaryimage\"},\"image\":{\"@id\":\"https:\/\/colinahomolog.com.br\/dev\/just-real-moms\/cha-de-bebe-com-tema-urso\/#primaryimage\"},\"thumbnailUrl\":\"https:\/\/colinahomolog.com.br\/dev\/just-real-moms\/wp-content\/uploads\/2013\/09\/chadebebe.jpg\",\"datePublished\":\"2013-09-05T11:30:33+00:00\",\"dateModified\":\"2016-05-05T22:06:39+00:00\",\"author\":{\"@id\":\"https:\/\/colinahomolog.com.br\/dev\/just-real-moms\/#\/schema\/person\/2f9d85c04a6847c0f366e0a40924a2fa\"},\"breadcrumb\":{\"@id\":\"https:\/\/colinahomolog.com.br\/dev\/just-real-moms\/cha-de-bebe-com-tema-urso\/#breadcrumb\"},\"inLanguage\":\"pt-BR\",\"potentialAction\":[{\"@type\":\"ReadAction\",\"target\":[\"https:\/\/colinahomolog.com.br\/dev\/just-real-moms\/cha-de-bebe-com-tema-urso\/\"]}]},{\"@type\":\"ImageObject\",\"inLanguage\":\"pt-BR\",\"@id\":\"https:\/\/colinahomolog.com.br\/dev\/just-real-moms\/cha-de-bebe-com-tema-urso\/#primaryimage\",\"url\":\"https:\/\/colinahomolog.com.br\/dev\/just-real-moms\/wp-content\/uploads\/2013\/09\/chadebebe.jpg\",\"contentUrl\":\"https:\/\/colinahomolog.com.br\/dev\/just-real-moms\/wp-content\/uploads\/2013\/09\/chadebebe.jpg\"},{\"@type\":\"BreadcrumbList\",\"@id\":\"https:\/\/colinahomolog.com.br\/dev\/just-real-moms\/cha-de-bebe-com-tema-urso\/#breadcrumb\",\"itemListElement\":[{\"@type\":\"ListItem\",\"position\":1,\"name\":\"In\u00edcio\",\"item\":\"https:\/\/colinahomolog.com.br\/dev\/just-real-moms\/\"},{\"@type\":\"ListItem\",\"position\":2,\"name\":\"Ch\u00e1 de beb\u00ea lind\u00edssimo para meninos!\"}]},{\"@type\":\"WebSite\",\"@id\":\"https:\/\/colinahomolog.com.br\/dev\/just-real-moms\/#website\",\"url\":\"https:\/\/colinahomolog.com.br\/dev\/just-real-moms\/\",\"name\":\"Just Real Moms - Blog para M\u00e3es\",\"description\":\"O melhor e mais completo portal para m\u00e3es, pais e futuros pais!\",\"potentialAction\":[{\"@type\":\"SearchAction\",\"target\":{\"@type\":\"EntryPoint\",\"urlTemplate\":\"https:\/\/colinahomolog.com.br\/dev\/just-real-moms\/?s={search_term_string}\"},\"query-input\":{\"@type\":\"PropertyValueSpecification\",\"valueRequired\":true,\"valueName\":\"search_term_string\"}}],\"inLanguage\":\"pt-BR\"},{\"@type\":\"Person\",\"@id\":\"https:\/\/colinahomolog.com.br\/dev\/just-real-moms\/#\/schema\/person\/2f9d85c04a6847c0f366e0a40924a2fa\",\"name\":\"Renata\",\"url\":\"https:\/\/colinahomolog.com.br\/dev\/just-real-moms\/author\/renata\/\"}]}<\/script>\n<!-- \/ Yoast SEO Premium plugin. -->","yoast_head_json":{"title":"Ch\u00e1 de beb\u00ea lind\u00edssimo para meninos!","robots":{"index":"index","follow":"follow","max-snippet":"max-snippet:-1","max-image-preview":"max-image-preview:large","max-video-preview":"max-video-preview:-1"},"canonical":"https:\/\/colinahomolog.com.br\/dev\/just-real-moms\/cha-de-bebe-com-tema-urso\/","og_locale":"pt_BR","og_type":"article","og_title":"Ch\u00e1 de beb\u00ea lind\u00edssimo para meninos!","og_description":"Favorite Oi, meninas!! &nbsp; No post de hoje vou mostrar o ch\u00e1 de beb\u00ea da linda Samara Checon, que espera seu primeiro filho, o Jo\u00e3o Paulo. Vi algumas fotos da comemora\u00e7\u00e3o no Instagram e fiz quest\u00e3o de pedir para ela, para poder mostr\u00e1-las aqui para voc\u00eas! &nbsp; A Samara trabalha com eventos e fez um [&hellip;]","og_url":"https:\/\/colinahomolog.com.br\/dev\/just-real-moms\/cha-de-bebe-com-tema-urso\/","og_site_name":"Just Real Moms - Blog para M\u00e3es","article_publisher":"https:\/\/www.facebook.com\/JustRealMoms","article_published_time":"2013-09-05T11:30:33+00:00","article_modified_time":"2016-05-05T22:06:39+00:00","og_image":[{"url":"https:\/\/colinahomolog.com.br\/dev\/just-real-moms\/wp-content\/uploads\/2013\/09\/chadebebe.jpg","width":1,"height":1,"type":"image\/jpeg"}],"author":"Renata","twitter_misc":{"Escrito por":"Renata","Est. tempo de leitura":"2 minutos"},"schema":{"@context":"https:\/\/schema.org","@graph":[{"@type":"WebPage","@id":"https:\/\/colinahomolog.com.br\/dev\/just-real-moms\/cha-de-bebe-com-tema-urso\/","url":"https:\/\/colinahomolog.com.br\/dev\/just-real-moms\/cha-de-bebe-com-tema-urso\/","name":"Ch\u00e1 de beb\u00ea lind\u00edssimo para meninos!","isPartOf":{"@id":"https:\/\/colinahomolog.com.br\/dev\/just-real-moms\/#website"},"primaryImageOfPage":{"@id":"https:\/\/colinahomolog.com.br\/dev\/just-real-moms\/cha-de-bebe-com-tema-urso\/#primaryimage"},"image":{"@id":"https:\/\/colinahomolog.com.br\/dev\/just-real-moms\/cha-de-bebe-com-tema-urso\/#primaryimage"},"thumbnailUrl":"https:\/\/colinahomolog.com.br\/dev\/just-real-moms\/wp-content\/uploads\/2013\/09\/chadebebe.jpg","datePublished":"2013-09-05T11:30:33+00:00","dateModified":"2016-05-05T22:06:39+00:00","author":{"@id":"https:\/\/colinahomolog.com.br\/dev\/just-real-moms\/#\/schema\/person\/2f9d85c04a6847c0f366e0a40924a2fa"},"breadcrumb":{"@id":"https:\/\/colinahomolog.com.br\/dev\/just-real-moms\/cha-de-bebe-com-tema-urso\/#breadcrumb"},"inLanguage":"pt-BR","potentialAction":[{"@type":"ReadAction","target":["https:\/\/colinahomolog.com.br\/dev\/just-real-moms\/cha-de-bebe-com-tema-urso\/"]}]},{"@type":"ImageObject","inLanguage":"pt-BR","@id":"https:\/\/colinahomolog.com.br\/dev\/just-real-moms\/cha-de-bebe-com-tema-urso\/#primaryimage","url":"https:\/\/colinahomolog.com.br\/dev\/just-real-moms\/wp-content\/uploads\/2013\/09\/chadebebe.jpg","contentUrl":"https:\/\/colinahomolog.com.br\/dev\/just-real-moms\/wp-content\/uploads\/2013\/09\/chadebebe.jpg"},{"@type":"BreadcrumbList","@id":"https:\/\/colinahomolog.com.br\/dev\/just-real-moms\/cha-de-bebe-com-tema-urso\/#breadcrumb","itemListElement":[{"@type":"ListItem","position":1,"name":"In\u00edcio","item":"https:\/\/colinahomolog.com.br\/dev\/just-real-moms\/"},{"@type":"ListItem","position":2,"name":"Ch\u00e1 de beb\u00ea lind\u00edssimo para meninos!"}]},{"@type":"WebSite","@id":"https:\/\/colinahomolog.com.br\/dev\/just-real-moms\/#website","url":"https:\/\/colinahomolog.com.br\/dev\/just-real-moms\/","name":"Just Real Moms - Blog para M\u00e3es","description":"O melhor e mais completo portal para m\u00e3es, pais e futuros pais!","potentialAction":[{"@type":"SearchAction","target":{"@type":"EntryPoint","urlTemplate":"https:\/\/colinahomolog.com.br\/dev\/just-real-moms\/?s={search_term_string}"},"query-input":{"@type":"PropertyValueSpecification","valueRequired":true,"valueName":"search_term_string"}}],"inLanguage":"pt-BR"},{"@type":"Person","@id":"https:\/\/colinahomolog.com.br\/dev\/just-real-moms\/#\/schema\/person\/2f9d85c04a6847c0f366e0a40924a2fa","name":"Renata","url":"https:\/\/colinahomolog.com.br\/dev\/just-real-moms\/author\/renata\/"}]}},"_links":{"self":[{"href":"https:\/\/colinahomolog.com.br\/dev\/just-real-moms\/wp-json\/wp\/v2\/posts\/18301","targetHints":{"allow":["GET"]}}],"collection":[{"href":"https:\/\/colinahomolog.com.br\/dev\/just-real-moms\/wp-json\/wp\/v2\/posts"}],"about":[{"href":"https:\/\/colinahomolog.com.br\/dev\/just-real-moms\/wp-json\/wp\/v2\/types\/post"}],"author":[{"embeddable":true,"href":"https:\/\/colinahomolog.com.br\/dev\/just-real-moms\/wp-json\/wp\/v2\/users\/4"}],"replies":[{"embeddable":true,"href":"https:\/\/colinahomolog.com.br\/dev\/just-real-moms\/wp-json\/wp\/v2\/comments?post=18301"}],"version-history":[{"count":0,"href":"https:\/\/colinahomolog.com.br\/dev\/just-real-moms\/wp-json\/wp\/v2\/posts\/18301\/revisions"}],"wp:featuredmedia":[{"embeddable":true,"href":"https:\/\/colinahomolog.com.br\/dev\/just-real-moms\/wp-json\/wp\/v2\/media\/18325"}],"wp:attachment":[{"href":"https:\/\/colinahomolog.com.br\/dev\/just-real-moms\/wp-json\/wp\/v2\/media?parent=18301"}],"wp:term":[{"taxonomy":"category","embeddable":true,"href":"https:\/\/colinahomolog.com.br\/dev\/just-real-moms\/wp-json\/wp\/v2\/categories?post=18301"},{"taxonomy":"post_tag","embeddable":true,"href":"https:\/\/colinahomolog.com.br\/dev\/just-real-moms\/wp-json\/wp\/v2\/tags?post=18301"}],"curies":[{"name":"wp","href":"https:\/\/api.w.org\/{rel}","templated":true}]}}