{"id":185544,"date":"2023-10-16T05:00:51","date_gmt":"2023-10-16T08:00:51","guid":{"rendered":"https:\/\/colinahomolog.com.br\/dev\/just-real-moms\/?p=185544"},"modified":"2023-10-13T18:25:56","modified_gmt":"2023-10-13T21:25:56","slug":"sera-que-meu-filho-tem-dermatite-atopica","status":"publish","type":"post","link":"https:\/\/colinahomolog.com.br\/dev\/just-real-moms\/sera-que-meu-filho-tem-dermatite-atopica\/","title":{"rendered":"Ser\u00e1 que o meu filho tem dermatite at\u00f3pica?"},"content":{"rendered":"<button class=\"simplefavorite-button preset\" data-postid=\"185544\" data-siteid=\"1\" data-groupid=\"1\" data-favoritecount=\"0\" style=\"box-shadow:none;-webkit-box-shadow:none;-moz-box-shadow:none;background-color:#68ccb4;border-color:#68ccb4;color:#ffffff;\"><i class=\"sf-icon-favorite\" style=\"\"><\/i>Favorite<\/button><h2>Hoje trouxemos um relato de m\u00e3e super interessante e que pode ajudar outros pais que t\u00eam crian\u00e7as al\u00e9rgicas ou talvez at\u00e9 com dermatite at\u00f3pica. Venha conhecer essa hist\u00f3ria!<\/h2>\n<p><a href=\"https:\/\/colinahomolog.com.br\/dev\/just-real-moms\/wp-content\/uploads\/2023\/10\/Sera-que-meu-filho-tem-dermatite-atopica-Passalinho-Just-Real-Moms.webp\"><img fetchpriority=\"high\" decoding=\"async\" class=\"alignnone size-full wp-image-185547\" src=\"https:\/\/colinahomolog.com.br\/dev\/just-real-moms\/wp-content\/uploads\/2023\/10\/Sera-que-meu-filho-tem-dermatite-atopica-Passalinho-Just-Real-Moms.webp\" alt=\"Bebe com dermatite at\u00f3pica no rosto\" width=\"1500\" height=\"1125\" srcset=\"https:\/\/colinahomolog.com.br\/dev\/just-real-moms\/wp-content\/uploads\/2023\/10\/Sera-que-meu-filho-tem-dermatite-atopica-Passalinho-Just-Real-Moms.webp 1500w, https:\/\/colinahomolog.com.br\/dev\/just-real-moms\/wp-content\/uploads\/2023\/10\/Sera-que-meu-filho-tem-dermatite-atopica-Passalinho-Just-Real-Moms-400x300.webp 400w, https:\/\/colinahomolog.com.br\/dev\/just-real-moms\/wp-content\/uploads\/2023\/10\/Sera-que-meu-filho-tem-dermatite-atopica-Passalinho-Just-Real-Moms-820x615.webp 820w, https:\/\/colinahomolog.com.br\/dev\/just-real-moms\/wp-content\/uploads\/2023\/10\/Sera-que-meu-filho-tem-dermatite-atopica-Passalinho-Just-Real-Moms-300x225.webp 300w, https:\/\/colinahomolog.com.br\/dev\/just-real-moms\/wp-content\/uploads\/2023\/10\/Sera-que-meu-filho-tem-dermatite-atopica-Passalinho-Just-Real-Moms-768x576.webp 768w, https:\/\/colinahomolog.com.br\/dev\/just-real-moms\/wp-content\/uploads\/2023\/10\/Sera-que-meu-filho-tem-dermatite-atopica-Passalinho-Just-Real-Moms-150x113.webp 150w, https:\/\/colinahomolog.com.br\/dev\/just-real-moms\/wp-content\/uploads\/2023\/10\/Sera-que-meu-filho-tem-dermatite-atopica-Passalinho-Just-Real-Moms-696x522.webp 696w, https:\/\/colinahomolog.com.br\/dev\/just-real-moms\/wp-content\/uploads\/2023\/10\/Sera-que-meu-filho-tem-dermatite-atopica-Passalinho-Just-Real-Moms-1068x801.webp 1068w\" sizes=\"(max-width: 1500px) 100vw, 1500px\" \/><\/a><\/p>\n<p>Meu nome \u00e9 Luciana, sou casada e tenho 2 filhos pequenos. Estou aqui escrevendo para contar um pouco da minha experi\u00eancia como m\u00e3e de uma <strong>crian\u00e7a al\u00e9rgica \u2013 com dermatite at\u00f3pica.<\/strong><\/p>\n<p>Vim contar como foi entender os <strong>sintomas<\/strong> e o que fazemos at\u00e9 hoje para cuidar da pele do meu filho.<\/p>\n<p>Ent\u00e3o, vamos ao come\u00e7o!<\/p>\n<hr \/>\n<p>Maio de 2020, Felipe fez 2 meses e eu cheguei na <strong>consulta mensal do pediatra<\/strong> com meu beb\u00ea fofo, cheia de expectativa para saber se ele estava ganhando peso e se estava tudo bem.<\/p>\n<p>Nosso pediatra pesou o Felipe, mediu, fez todo o exame cl\u00ednico.<\/p>\n<p>Ent\u00e3o, eu mostrei para o m\u00e9dico uma \u00e1rea na pele do Felipe, na coxa esquerda, do tamanho de uma moeda, que estava um pouco <strong>grosseira e avermelhada<\/strong>.<\/p>\n<h3>Nosso pediatra foi firme: ele tem dermatite at\u00f3pica. Vamos tratar com uma pomadinha e hidratar bastante.<\/h3>\n<p>Fim da consulta, nota 10, vamos embora para casa.<\/p>\n<p>As consultas de 3 e 4 meses seguiram iguais: nota 10 sempre, nenhuma preocupa\u00e7\u00e3o, no m\u00e1ximo uma <strong>bochechinha mais rosada<\/strong> que precisava de hidrata\u00e7\u00e3o.<\/p>\n<p>Ent\u00e3o, em agosto do mesmo ano, quando meu filho tinha acabado de completar 5 meses, eu inundei o WhatsApp do nosso pediatra com dezenas de fotos da pele do Felipe.<\/p>\n<p>Ele simplesmente teve uma <strong>crise de alergia repentina<\/strong> que deixou todo seu corpo coberto por placas vermelhas, \u00e1reas <strong>grosseiras descamando e muita coceira<\/strong>.<\/p>\n<p>Super aflita e preocupada, levei o Felipe a outros especialistas. Algu\u00e9m me falou que poderia ser <strong>APLV (alergia \u00e0 prote\u00edna do leite de vaca)<\/strong>, ent\u00e3o fomos a um gastropediatra e a suspeita logo foi descartada.<\/p>\n<p>Em seguida fomos a um alergista, uma dermatologista e tamb\u00e9m uma <strong>dermatopediatra<\/strong>, que finalmente deu o <strong>diagn\u00f3stico conclusivo<\/strong>!<\/p>\n<p>Era mesmo dermatite at\u00f3pica, est\u00e1vamos passando por um quadro agudo e com o tratamento e preven\u00e7\u00e3o corretos, iria melhorar.<\/p>\n<h3>E foi nessa consulta que eu aprendi um monte de coisas, inclusive que eu estava deixando meu filho passar calor e que isso \u00e9 um problema.<\/h3>\n<p>Entenda: meu filho \u00e9 uma crian\u00e7a muito ativa. Sempre foi! Ele quase nunca ficava parado brincando quietinho, estava sempre se arrastando por a\u00ed (mais tarde, correndo), fazendo bastante esfor\u00e7o f\u00edsico.<\/p>\n<p>Eu atribu\u00eda a transpira\u00e7\u00e3o frequente dele a essa agita\u00e7\u00e3o toda, e <strong>nunca imaginei que o suor<\/strong> pudesse despertar uma crise al\u00e9rgica.<\/p>\n<p>E pior: friorenta como sou, eu costumava assumir que ele poderia passar frio durante a noite. Ent\u00e3o, sempre o colocava para dormir quentinho, mas descobri que estava exagerando e ele passava calor.<\/p>\n<p>A m\u00e9dica me ensinou que<strong> a pele at\u00f3pica reage ao suor<\/strong>, e por isso a crian\u00e7a al\u00e9rgica deve usar preferencialmente roupas de algod\u00e3o, que sejam frescas e que permitam a troca de calor da pele com o ambiente.<\/p>\n<h3>Fibras sint\u00e9ticas devem ser evitadas ao m\u00e1ximo por n\u00e3o absorverem o suor e esquentarem muito.<\/h3>\n<p>Foi a alergia do Felipe que me inspirou a criar a <a href=\"https:\/\/passalinho.com.br\/?utm_source=JRM&amp;utm_medium=Guia&amp;utm_campaign=Passalinho\" target=\"_blank\" rel=\"noopener\"><strong>Passalinho<\/strong><\/a>, uma marca de <strong>roupa infantil para crian\u00e7as de 0 a 4 anos<\/strong> especializada em <strong>algod\u00e3o pima org\u00e2nico<\/strong> \u2013 o mais macio e delicado para peles sens\u00edveis \u2013 e claro, naturalmente <strong>hipoalerg\u00eanico<\/strong>.<\/p>\n<p>H\u00e1 2 anos lan\u00e7amos nossa linha de pe\u00e7as b\u00e1sicas e essenciais para o enxoval do beb\u00ea, e agora em outubro de 2023 estamos lan\u00e7ando uma <strong>cole\u00e7\u00e3o c\u00e1psula<\/strong> muito especial.<\/p>\n<p>Nessa cole\u00e7\u00e3o de ver\u00e3o trazemos pe\u00e7as muito frescas, alegres e delicadas. <strong>Pela primeira vez<\/strong> temos bodies bordados \u00e0 m\u00e3o, macac\u00f5es de z\u00edper e conjuntinhos de body e shorts estampados, al\u00e9m de macac\u00f5es cl\u00e1ssicos, mantinhas e acess\u00f3rios.<\/p>\n<p>Inspirada em um delicioso piquenique na praia, essa cole\u00e7\u00e3o da Passalinho traz estampas florais e motivos n\u00e1uticos, tudo de forma delicada e <strong>extremo conforto para os pequenos<\/strong>.<\/p>\n<p>Tudo o que fazemos na <a href=\"https:\/\/colinahomolog.com.br\/dev\/just-real-moms\/guia\/passalinho\/\" target=\"_blank\" rel=\"noopener\"><strong>Passalinho<\/strong><\/a> \u00e9 com muito cuidado, porque fazemos para os seus beb\u00eas o que fazemos para os nossos.<\/p>\n<figure id=\"attachment_185549\" aria-describedby=\"caption-attachment-185549\" style=\"width: 1500px\" class=\"wp-caption alignnone\"><a href=\"https:\/\/colinahomolog.com.br\/dev\/just-real-moms\/wp-content\/uploads\/2023\/10\/Dermatite-Atopica-Colecao-Picnic-Passalinho-Karim-Scharf-Just-Real-Moms.webp\"><img decoding=\"async\" class=\"size-full wp-image-185549\" src=\"https:\/\/colinahomolog.com.br\/dev\/just-real-moms\/wp-content\/uploads\/2023\/10\/Dermatite-Atopica-Colecao-Picnic-Passalinho-Karim-Scharf-Just-Real-Moms.webp\" alt=\"4 fotos da campanha da nova cole\u00e7\u00e3o da moda infantil Passalinho feito com algod\u00e3o pima org\u00e2nico e hipoalerg\u00eanico\" width=\"1500\" height=\"992\" srcset=\"https:\/\/colinahomolog.com.br\/dev\/just-real-moms\/wp-content\/uploads\/2023\/10\/Dermatite-Atopica-Colecao-Picnic-Passalinho-Karim-Scharf-Just-Real-Moms.webp 1500w, https:\/\/colinahomolog.com.br\/dev\/just-real-moms\/wp-content\/uploads\/2023\/10\/Dermatite-Atopica-Colecao-Picnic-Passalinho-Karim-Scharf-Just-Real-Moms-400x265.webp 400w, https:\/\/colinahomolog.com.br\/dev\/just-real-moms\/wp-content\/uploads\/2023\/10\/Dermatite-Atopica-Colecao-Picnic-Passalinho-Karim-Scharf-Just-Real-Moms-820x542.webp 820w, https:\/\/colinahomolog.com.br\/dev\/just-real-moms\/wp-content\/uploads\/2023\/10\/Dermatite-Atopica-Colecao-Picnic-Passalinho-Karim-Scharf-Just-Real-Moms-300x198.webp 300w, https:\/\/colinahomolog.com.br\/dev\/just-real-moms\/wp-content\/uploads\/2023\/10\/Dermatite-Atopica-Colecao-Picnic-Passalinho-Karim-Scharf-Just-Real-Moms-768x508.webp 768w, https:\/\/colinahomolog.com.br\/dev\/just-real-moms\/wp-content\/uploads\/2023\/10\/Dermatite-Atopica-Colecao-Picnic-Passalinho-Karim-Scharf-Just-Real-Moms-150x99.webp 150w, https:\/\/colinahomolog.com.br\/dev\/just-real-moms\/wp-content\/uploads\/2023\/10\/Dermatite-Atopica-Colecao-Picnic-Passalinho-Karim-Scharf-Just-Real-Moms-696x460.webp 696w, https:\/\/colinahomolog.com.br\/dev\/just-real-moms\/wp-content\/uploads\/2023\/10\/Dermatite-Atopica-Colecao-Picnic-Passalinho-Karim-Scharf-Just-Real-Moms-1068x706.webp 1068w\" sizes=\"(max-width: 1500px) 100vw, 1500px\" \/><\/a><figcaption id=\"caption-attachment-185549\" class=\"wp-caption-text\">Cr\u00e9dito: Karim Scharf<\/figcaption><\/figure>\n<hr \/>\n<p>Por fim, aproveite para ler tamb\u00e9m: &#8220;<a href=\"https:\/\/colinahomolog.com.br\/dev\/just-real-moms\/10-duvidas-frequentes-sobre-alergia-proteina-do-leite-de-vaca\/\" target=\"_blank\" rel=\"noopener\"><strong>10 d\u00favidas mais frequentes sobre a Alergia \u00e0 Prote\u00edna do Leite de Vaca (APLV)<\/strong><\/a>&#8221; e &#8220;<a href=\"https:\/\/colinahomolog.com.br\/dev\/just-real-moms\/alergia-picada-de-insetos\/\" target=\"_blank\" rel=\"noopener\"><strong>Alergia \u00e0 picada de insetos?<\/strong><\/a>&#8220;.<\/p>\n<p>E ainda aproveite para conhecer um produto que tem sido transformador a vida de pessoas hiper al\u00e9rgicas: &#8220;<strong><a href=\"https:\/\/colinahomolog.com.br\/dev\/just-real-moms\/aspirador-rainbow-mais-que-um-aspirador-um-sistema-de-purificacao\/\" target=\"_blank\" rel=\"noopener\">Aspirador Rainbow\u00ae: Mais que um aspirador, um sistema de purifica\u00e7\u00e3o<\/a><\/strong>&#8220;. Por aqui, n\u00f3s somos bem al\u00e9rgicas e n\u00e3o vivemos mais sem o Rainbow\u00ae.<\/p>\n<p>Agende um <strong><a href=\"https:\/\/www.gruporainbow.com.br\/aspirador\/rainbow?utm_source=Website&amp;utm_medium=Super-Banner&amp;utm_campaign=Rainbow\">test drive gratuito na sua casa AQUI<\/a><\/strong>! E para voc\u00ea que \u00e9 nosso leitor, voc\u00ea tem de <strong>5% &#8211; 10% de desconto<\/strong> e ainda possibilidade de <strong>parcelar em at\u00e9 12x sem juros<\/strong>! S\u00f3 avisar que voc\u00ea conheceu sobre o aparelho por aqui! Present\u00e3o, n\u00e9!<\/p>\n<hr \/>\n<h6>Importante: Se voc\u00ea tem suspeitas que o seu filho\/a tamb\u00e9m pode ter dermatite at\u00f3pica, consulte um especialista de sua confian\u00e7a.<\/h6>\n<hr \/>\n<h6>Autor Convidado: Luciana Soubihe, fundadora da Passalinho<\/h6>\n<h6>Cr\u00e9dito de foto: Karim Scharf<\/h6>\n\n    <div class=\"xs_social_share_widget xs_share_url after_content \t\tmain_content  wslu-style-1 wslu-share-box-shaped wslu-fill-colored wslu-none wslu-share-horizontal wslu-theme-font-no wslu-main_content\">\n\n\t\t\n        <ul>\n\t\t\t        <\/ul>\n    <\/div> \n","protected":false},"excerpt":{"rendered":"<p>FavoriteHoje trouxemos um relato de m\u00e3e super interessante e que pode ajudar outros pais que t\u00eam crian\u00e7as al\u00e9rgicas ou talvez at\u00e9 com dermatite at\u00f3pica. Venha conhecer essa hist\u00f3ria! Meu nome \u00e9 Luciana, sou casada e tenho 2 filhos pequenos. Estou aqui escrevendo para contar um pouco da minha experi\u00eancia como m\u00e3e de uma crian\u00e7a al\u00e9rgica [&hellip;]<\/p>\n","protected":false},"author":1105,"featured_media":185550,"comment_status":"open","ping_status":"closed","sticky":false,"template":"","format":"standard","meta":{"_acf_changed":false,"footnotes":""},"categories":[1797,1796,1786,30,1760,1801,2304,1778],"tags":[3500,2476,2478,2536,3499,3497,3498,181,1081,2444,3243,3069,2390,3170,3074],"class_list":{"0":"post-185544","1":"post","2":"type-post","3":"status-publish","4":"format-standard","5":"has-post-thumbnail","7":"category-2-anos","8":"category-bebe","9":"category-cuidados-especiais","10":"category-de-mae-para-mae","11":"category-fases","12":"category-gemeos","13":"category-maes-empreendedoras","14":"category-saude-da-crianca","15":"tag-alergia-a-proteina-do-leite-de-vaca","16":"tag-alergias","17":"tag-alergista","18":"tag-antialergicos","19":"tag-aplv","20":"tag-dermatite","21":"tag-dermatite-atopica","22":"tag-dermatologista","23":"tag-dermatologista-infantil","24":"tag-fornecedores","25":"tag-fornecedores-premium","26":"tag-grupo-rainbow","27":"tag-guia-de-fornecedores","28":"tag-passalinho","29":"tag-rainbow"},"acf":[],"yoast_head":"<!-- This site is optimized with the Yoast SEO Premium plugin v26.6 (Yoast SEO v26.6) - https:\/\/yoast.com\/wordpress\/plugins\/seo\/ -->\n<title>Ser\u00e1 que o meu filho tem dermatite at\u00f3pica?<\/title>\n<meta name=\"description\" content=\"Hoje trouxemos um relato de m\u00e3e super interessante e que pode ajudar outros pais que t\u00eam crian\u00e7as al\u00e9rgicas ou at\u00e9 com dermatite at\u00f3pica.\" \/>\n<meta name=\"robots\" content=\"index, follow, max-snippet:-1, max-image-preview:large, max-video-preview:-1\" \/>\n<link rel=\"canonical\" href=\"https:\/\/colinahomolog.com.br\/dev\/just-real-moms\/sera-que-meu-filho-tem-dermatite-atopica\/\" \/>\n<meta property=\"og:locale\" content=\"pt_BR\" \/>\n<meta property=\"og:type\" content=\"article\" \/>\n<meta property=\"og:title\" content=\"Ser\u00e1 que o meu filho tem dermatite at\u00f3pica?\" \/>\n<meta property=\"og:description\" content=\"Hoje trouxemos um relato de m\u00e3e super interessante e que pode ajudar outros pais que t\u00eam crian\u00e7as al\u00e9rgicas ou at\u00e9 com dermatite at\u00f3pica.\" \/>\n<meta property=\"og:url\" content=\"https:\/\/colinahomolog.com.br\/dev\/just-real-moms\/sera-que-meu-filho-tem-dermatite-atopica\/\" \/>\n<meta property=\"og:site_name\" content=\"Just Real Moms - Blog para M\u00e3es\" \/>\n<meta property=\"article:publisher\" content=\"https:\/\/www.facebook.com\/JustRealMoms\" \/>\n<meta property=\"article:published_time\" content=\"2023-10-16T08:00:51+00:00\" \/>\n<meta property=\"og:image\" content=\"https:\/\/colinahomolog.com.br\/dev\/just-real-moms\/wp-content\/uploads\/2023\/10\/Tecido-Antialergico-Infantil-Passalinho-Karim-Scharf-Just-Real-Moms.webp\" \/>\n\t<meta property=\"og:image:width\" content=\"1500\" \/>\n\t<meta property=\"og:image:height\" content=\"1001\" \/>\n\t<meta property=\"og:image:type\" content=\"image\/webp\" \/>\n<meta name=\"author\" content=\"Autor Convidado\" \/>\n<meta name=\"twitter:label1\" content=\"Escrito por\" \/>\n\t<meta name=\"twitter:data1\" content=\"Autor Convidado\" \/>\n\t<meta name=\"twitter:label2\" content=\"Est. tempo de leitura\" \/>\n\t<meta name=\"twitter:data2\" content=\"5 minutos\" \/>\n<script type=\"application\/ld+json\" class=\"yoast-schema-graph\">{\"@context\":\"https:\/\/schema.org\",\"@graph\":[{\"@type\":\"WebPage\",\"@id\":\"https:\/\/colinahomolog.com.br\/dev\/just-real-moms\/sera-que-meu-filho-tem-dermatite-atopica\/\",\"url\":\"https:\/\/colinahomolog.com.br\/dev\/just-real-moms\/sera-que-meu-filho-tem-dermatite-atopica\/\",\"name\":\"Ser\u00e1 que o meu filho tem dermatite at\u00f3pica?\",\"isPartOf\":{\"@id\":\"https:\/\/colinahomolog.com.br\/dev\/just-real-moms\/#website\"},\"primaryImageOfPage\":{\"@id\":\"https:\/\/colinahomolog.com.br\/dev\/just-real-moms\/sera-que-meu-filho-tem-dermatite-atopica\/#primaryimage\"},\"image\":{\"@id\":\"https:\/\/colinahomolog.com.br\/dev\/just-real-moms\/sera-que-meu-filho-tem-dermatite-atopica\/#primaryimage\"},\"thumbnailUrl\":\"https:\/\/colinahomolog.com.br\/dev\/just-real-moms\/wp-content\/uploads\/2023\/10\/Tecido-Antialergico-Infantil-Passalinho-Karim-Scharf-Just-Real-Moms.webp\",\"datePublished\":\"2023-10-16T08:00:51+00:00\",\"author\":{\"@id\":\"https:\/\/colinahomolog.com.br\/dev\/just-real-moms\/#\/schema\/person\/d429b76f9ebf346f2f2cfb6d616b59a7\"},\"description\":\"Hoje trouxemos um relato de m\u00e3e super interessante e que pode ajudar outros pais que t\u00eam crian\u00e7as al\u00e9rgicas ou at\u00e9 com dermatite at\u00f3pica.\",\"breadcrumb\":{\"@id\":\"https:\/\/colinahomolog.com.br\/dev\/just-real-moms\/sera-que-meu-filho-tem-dermatite-atopica\/#breadcrumb\"},\"inLanguage\":\"pt-BR\",\"potentialAction\":[{\"@type\":\"ReadAction\",\"target\":[\"https:\/\/colinahomolog.com.br\/dev\/just-real-moms\/sera-que-meu-filho-tem-dermatite-atopica\/\"]}]},{\"@type\":\"ImageObject\",\"inLanguage\":\"pt-BR\",\"@id\":\"https:\/\/colinahomolog.com.br\/dev\/just-real-moms\/sera-que-meu-filho-tem-dermatite-atopica\/#primaryimage\",\"url\":\"https:\/\/colinahomolog.com.br\/dev\/just-real-moms\/wp-content\/uploads\/2023\/10\/Tecido-Antialergico-Infantil-Passalinho-Karim-Scharf-Just-Real-Moms.webp\",\"contentUrl\":\"https:\/\/colinahomolog.com.br\/dev\/just-real-moms\/wp-content\/uploads\/2023\/10\/Tecido-Antialergico-Infantil-Passalinho-Karim-Scharf-Just-Real-Moms.webp\",\"width\":1500,\"height\":1001,\"caption\":\"Beb\u00ea menino e menina na campanha da nova cole\u00e7\u00e3o da moda infantil Passalinho feito com algod\u00e3o pima org\u00e2nico e hipoalerg\u00eanico\"},{\"@type\":\"BreadcrumbList\",\"@id\":\"https:\/\/colinahomolog.com.br\/dev\/just-real-moms\/sera-que-meu-filho-tem-dermatite-atopica\/#breadcrumb\",\"itemListElement\":[{\"@type\":\"ListItem\",\"position\":1,\"name\":\"In\u00edcio\",\"item\":\"https:\/\/colinahomolog.com.br\/dev\/just-real-moms\/\"},{\"@type\":\"ListItem\",\"position\":2,\"name\":\"Ser\u00e1 que o meu filho tem dermatite at\u00f3pica?\"}]},{\"@type\":\"WebSite\",\"@id\":\"https:\/\/colinahomolog.com.br\/dev\/just-real-moms\/#website\",\"url\":\"https:\/\/colinahomolog.com.br\/dev\/just-real-moms\/\",\"name\":\"Just Real Moms - Blog para M\u00e3es\",\"description\":\"O melhor e mais completo portal para m\u00e3es, pais e futuros pais!\",\"potentialAction\":[{\"@type\":\"SearchAction\",\"target\":{\"@type\":\"EntryPoint\",\"urlTemplate\":\"https:\/\/colinahomolog.com.br\/dev\/just-real-moms\/?s={search_term_string}\"},\"query-input\":{\"@type\":\"PropertyValueSpecification\",\"valueRequired\":true,\"valueName\":\"search_term_string\"}}],\"inLanguage\":\"pt-BR\"},{\"@type\":\"Person\",\"@id\":\"https:\/\/colinahomolog.com.br\/dev\/just-real-moms\/#\/schema\/person\/d429b76f9ebf346f2f2cfb6d616b59a7\",\"name\":\"Autor Convidado\",\"url\":\"https:\/\/colinahomolog.com.br\/dev\/just-real-moms\/author\/autor-convidado\/\"}]}<\/script>\n<!-- \/ Yoast SEO Premium plugin. -->","yoast_head_json":{"title":"Ser\u00e1 que o meu filho tem dermatite at\u00f3pica?","description":"Hoje trouxemos um relato de m\u00e3e super interessante e que pode ajudar outros pais que t\u00eam crian\u00e7as al\u00e9rgicas ou at\u00e9 com dermatite at\u00f3pica.","robots":{"index":"index","follow":"follow","max-snippet":"max-snippet:-1","max-image-preview":"max-image-preview:large","max-video-preview":"max-video-preview:-1"},"canonical":"https:\/\/colinahomolog.com.br\/dev\/just-real-moms\/sera-que-meu-filho-tem-dermatite-atopica\/","og_locale":"pt_BR","og_type":"article","og_title":"Ser\u00e1 que o meu filho tem dermatite at\u00f3pica?","og_description":"Hoje trouxemos um relato de m\u00e3e super interessante e que pode ajudar outros pais que t\u00eam crian\u00e7as al\u00e9rgicas ou at\u00e9 com dermatite at\u00f3pica.","og_url":"https:\/\/colinahomolog.com.br\/dev\/just-real-moms\/sera-que-meu-filho-tem-dermatite-atopica\/","og_site_name":"Just Real Moms - Blog para M\u00e3es","article_publisher":"https:\/\/www.facebook.com\/JustRealMoms","article_published_time":"2023-10-16T08:00:51+00:00","og_image":[{"width":1500,"height":1001,"url":"https:\/\/colinahomolog.com.br\/dev\/just-real-moms\/wp-content\/uploads\/2023\/10\/Tecido-Antialergico-Infantil-Passalinho-Karim-Scharf-Just-Real-Moms.webp","type":"image\/webp"}],"author":"Autor Convidado","twitter_misc":{"Escrito por":"Autor Convidado","Est. tempo de leitura":"5 minutos"},"schema":{"@context":"https:\/\/schema.org","@graph":[{"@type":"WebPage","@id":"https:\/\/colinahomolog.com.br\/dev\/just-real-moms\/sera-que-meu-filho-tem-dermatite-atopica\/","url":"https:\/\/colinahomolog.com.br\/dev\/just-real-moms\/sera-que-meu-filho-tem-dermatite-atopica\/","name":"Ser\u00e1 que o meu filho tem dermatite at\u00f3pica?","isPartOf":{"@id":"https:\/\/colinahomolog.com.br\/dev\/just-real-moms\/#website"},"primaryImageOfPage":{"@id":"https:\/\/colinahomolog.com.br\/dev\/just-real-moms\/sera-que-meu-filho-tem-dermatite-atopica\/#primaryimage"},"image":{"@id":"https:\/\/colinahomolog.com.br\/dev\/just-real-moms\/sera-que-meu-filho-tem-dermatite-atopica\/#primaryimage"},"thumbnailUrl":"https:\/\/colinahomolog.com.br\/dev\/just-real-moms\/wp-content\/uploads\/2023\/10\/Tecido-Antialergico-Infantil-Passalinho-Karim-Scharf-Just-Real-Moms.webp","datePublished":"2023-10-16T08:00:51+00:00","author":{"@id":"https:\/\/colinahomolog.com.br\/dev\/just-real-moms\/#\/schema\/person\/d429b76f9ebf346f2f2cfb6d616b59a7"},"description":"Hoje trouxemos um relato de m\u00e3e super interessante e que pode ajudar outros pais que t\u00eam crian\u00e7as al\u00e9rgicas ou at\u00e9 com dermatite at\u00f3pica.","breadcrumb":{"@id":"https:\/\/colinahomolog.com.br\/dev\/just-real-moms\/sera-que-meu-filho-tem-dermatite-atopica\/#breadcrumb"},"inLanguage":"pt-BR","potentialAction":[{"@type":"ReadAction","target":["https:\/\/colinahomolog.com.br\/dev\/just-real-moms\/sera-que-meu-filho-tem-dermatite-atopica\/"]}]},{"@type":"ImageObject","inLanguage":"pt-BR","@id":"https:\/\/colinahomolog.com.br\/dev\/just-real-moms\/sera-que-meu-filho-tem-dermatite-atopica\/#primaryimage","url":"https:\/\/colinahomolog.com.br\/dev\/just-real-moms\/wp-content\/uploads\/2023\/10\/Tecido-Antialergico-Infantil-Passalinho-Karim-Scharf-Just-Real-Moms.webp","contentUrl":"https:\/\/colinahomolog.com.br\/dev\/just-real-moms\/wp-content\/uploads\/2023\/10\/Tecido-Antialergico-Infantil-Passalinho-Karim-Scharf-Just-Real-Moms.webp","width":1500,"height":1001,"caption":"Beb\u00ea menino e menina na campanha da nova cole\u00e7\u00e3o da moda infantil Passalinho feito com algod\u00e3o pima org\u00e2nico e hipoalerg\u00eanico"},{"@type":"BreadcrumbList","@id":"https:\/\/colinahomolog.com.br\/dev\/just-real-moms\/sera-que-meu-filho-tem-dermatite-atopica\/#breadcrumb","itemListElement":[{"@type":"ListItem","position":1,"name":"In\u00edcio","item":"https:\/\/colinahomolog.com.br\/dev\/just-real-moms\/"},{"@type":"ListItem","position":2,"name":"Ser\u00e1 que o meu filho tem dermatite at\u00f3pica?"}]},{"@type":"WebSite","@id":"https:\/\/colinahomolog.com.br\/dev\/just-real-moms\/#website","url":"https:\/\/colinahomolog.com.br\/dev\/just-real-moms\/","name":"Just Real Moms - Blog para M\u00e3es","description":"O melhor e mais completo portal para m\u00e3es, pais e futuros pais!","potentialAction":[{"@type":"SearchAction","target":{"@type":"EntryPoint","urlTemplate":"https:\/\/colinahomolog.com.br\/dev\/just-real-moms\/?s={search_term_string}"},"query-input":{"@type":"PropertyValueSpecification","valueRequired":true,"valueName":"search_term_string"}}],"inLanguage":"pt-BR"},{"@type":"Person","@id":"https:\/\/colinahomolog.com.br\/dev\/just-real-moms\/#\/schema\/person\/d429b76f9ebf346f2f2cfb6d616b59a7","name":"Autor Convidado","url":"https:\/\/colinahomolog.com.br\/dev\/just-real-moms\/author\/autor-convidado\/"}]}},"_links":{"self":[{"href":"https:\/\/colinahomolog.com.br\/dev\/just-real-moms\/wp-json\/wp\/v2\/posts\/185544","targetHints":{"allow":["GET"]}}],"collection":[{"href":"https:\/\/colinahomolog.com.br\/dev\/just-real-moms\/wp-json\/wp\/v2\/posts"}],"about":[{"href":"https:\/\/colinahomolog.com.br\/dev\/just-real-moms\/wp-json\/wp\/v2\/types\/post"}],"author":[{"embeddable":true,"href":"https:\/\/colinahomolog.com.br\/dev\/just-real-moms\/wp-json\/wp\/v2\/users\/1105"}],"replies":[{"embeddable":true,"href":"https:\/\/colinahomolog.com.br\/dev\/just-real-moms\/wp-json\/wp\/v2\/comments?post=185544"}],"version-history":[{"count":0,"href":"https:\/\/colinahomolog.com.br\/dev\/just-real-moms\/wp-json\/wp\/v2\/posts\/185544\/revisions"}],"wp:featuredmedia":[{"embeddable":true,"href":"https:\/\/colinahomolog.com.br\/dev\/just-real-moms\/wp-json\/wp\/v2\/media\/185550"}],"wp:attachment":[{"href":"https:\/\/colinahomolog.com.br\/dev\/just-real-moms\/wp-json\/wp\/v2\/media?parent=185544"}],"wp:term":[{"taxonomy":"category","embeddable":true,"href":"https:\/\/colinahomolog.com.br\/dev\/just-real-moms\/wp-json\/wp\/v2\/categories?post=185544"},{"taxonomy":"post_tag","embeddable":true,"href":"https:\/\/colinahomolog.com.br\/dev\/just-real-moms\/wp-json\/wp\/v2\/tags?post=185544"}],"curies":[{"name":"wp","href":"https:\/\/api.w.org\/{rel}","templated":true}]}}