{"id":18927,"date":"2013-09-27T08:30:56","date_gmt":"2013-09-27T11:30:56","guid":{"rendered":"https:\/\/colinahomolog.com.br\/dev\/just-real-moms\/?p=18927"},"modified":"2016-05-05T19:06:39","modified_gmt":"2016-05-05T22:06:39","slug":"programacao-para-o-fim-de-semana-por-bora-ai-5","status":"publish","type":"post","link":"https:\/\/colinahomolog.com.br\/dev\/just-real-moms\/programacao-para-o-fim-de-semana-por-bora-ai-5\/","title":{"rendered":"Programa\u00e7\u00e3o para o final de semana &#8211; por Bora.a\u00ed"},"content":{"rendered":"<button class=\"simplefavorite-button preset\" data-postid=\"18927\" data-siteid=\"1\" data-groupid=\"1\" data-favoritecount=\"0\" style=\"box-shadow:none;-webkit-box-shadow:none;-moz-box-shadow:none;background-color:#68ccb4;border-color:#68ccb4;color:#ffffff;\"><i class=\"sf-icon-favorite\" style=\"\"><\/i>Favorite<\/button><p>Oi, mam\u00e3es!<\/p>\n<p>&nbsp;<\/p>\n<p style=\"text-align: justify;\">Hoje \u00e9 sexta-feira e a programa\u00e7\u00e3o para este final de semana est\u00e1 incr\u00edvel! Deem uma olhada no que o <strong><span style=\"color: #0000ff;\"><a href=\"http:\/\/bora.ai\/\" target=\"_blank\"><span style=\"color: #0000ff;\">Bora a\u00ed<\/span><\/a><\/span><\/strong> selecionou para n\u00f3s!!<\/p>\n<p>&nbsp;<\/p>\n<p>Mil Bjsss<\/p>\n<p>&nbsp;<\/p>\n<p><img decoding=\"async\" class=\"size-full wp-image-18102 alignleft\" alt=\"bora\" src=\"http:\/\/static-justrealmoms.gcampaner.com.br\/wp-content\/uploads\/2013\/08\/bora3.jpg\" width=\"189\" height=\"36\" srcset=\"https:\/\/colinahomolog.com.br\/dev\/just-real-moms\/wp-content\/uploads\/2013\/08\/bora3.jpg 189w, https:\/\/colinahomolog.com.br\/dev\/just-real-moms\/wp-content\/uploads\/2013\/08\/bora3-150x28.jpg 150w\" sizes=\"(max-width: 189px) 100vw, 189px\" \/><\/p>\n<p>&nbsp;<\/p>\n<p>&nbsp;<\/p>\n<p>&nbsp;<\/p>\n<p>\u2026\u2026\u2026\u2026\u2026\u2026\u2026\u2026\u2026\u2026\u2026\u2026\u2026\u2026\u2026\u2026\u2026\u2026\u2026\u2026\u2026\u2026\u2026\u2026\u2026\u2026\u2026\u2026\u2026\u2026\u2026\u2026\u2026\u2026\u2026\u2026\u2026\u2026\u2026\u2026\u2026\u2026\u2026\u2026.<\/p>\n<p>&nbsp;<\/p>\n<p><span lang=\"EN-US\">Ol\u00e1, Mom\u2019s!!<\/span><\/p>\n<p><span lang=\"EN-US\">\u00a0<\/span><\/p>\n<p style=\"text-align: justify;\"><span lang=\"EN-US\">Estreia nesse final de semana no Teatro Alfa o espet\u00e1culo <\/span><strong><span style=\"color: #0000ff;\"><a href=\"http:\/\/bora.ai\/passeios\/to-indio-no-circo\" target=\"_blank\"><span lang=\"EN-US\" style=\"color: #0000ff;\">T\u00f4 \u00cdndio no Circo<\/span><\/a><\/span><\/strong><span lang=\"EN-US\"> com o grupo <strong>Furunfunfum<\/strong>, que costuma surpreender a plateia com a produ\u00e7\u00e3o, roteiro e atua\u00e7\u00e3o. Uma boa pedida para levar as crian\u00e7as com mais de 5 anos.<\/span><\/p>\n<p>&nbsp;<\/p>\n<p>&nbsp;<\/p>\n<p><img fetchpriority=\"high\" decoding=\"async\" class=\"aligncenter size-full wp-image-18928\" alt=\"b1\" src=\"https:\/\/colinahomolog.com.br\/dev\/just-real-moms\/wp-content\/uploads\/2013\/09\/b1.jpg\" width=\"340\" height=\"227\" srcset=\"https:\/\/colinahomolog.com.br\/dev\/just-real-moms\/wp-content\/uploads\/2013\/09\/b1.jpg 340w, https:\/\/colinahomolog.com.br\/dev\/just-real-moms\/wp-content\/uploads\/2013\/09\/b1-150x100.jpg 150w, https:\/\/colinahomolog.com.br\/dev\/just-real-moms\/wp-content\/uploads\/2013\/09\/b1-300x200.jpg 300w\" sizes=\"(max-width: 340px) 100vw, 340px\" \/><\/p>\n<p>&nbsp;<\/p>\n<p>&nbsp;<\/p>\n<p style=\"text-align: justify;\">Dois shows \u00f3timos acontecem nos pr\u00f3ximos dias: m\u00fasica cl\u00e1ssica para crian\u00e7as na <strong><span style=\"color: #0000ff;\"><a href=\"http:\/\/bora.ai\/passeios\/matine-infantil-no-auditorio-do-ibirapuera\" target=\"_blank\"><span style=\"color: #0000ff;\">Matin\u00ea Infantil no Audit\u00f3rio do Ibirapuera<\/span><\/a><\/span><\/strong> e show divertido e interativo do <strong><span style=\"color: #0000ff;\"><a href=\"http:\/\/bora.ai\/passeios\/pocket-show-do-tiqueque-no-mamusca\" target=\"_blank\"><span style=\"color: #0000ff;\">Tiquequ\u00ea, no Mamusca<\/span><\/a><\/span><\/strong>. Vai ser dif\u00edcil escolher em qual ir!!<\/p>\n<p>&nbsp;<\/p>\n<p>&nbsp;<\/p>\n<p><img decoding=\"async\" class=\"aligncenter size-full wp-image-18929\" alt=\"b2\" src=\"https:\/\/colinahomolog.com.br\/dev\/just-real-moms\/wp-content\/uploads\/2013\/09\/b2.jpg\" width=\"387\" height=\"258\" srcset=\"https:\/\/colinahomolog.com.br\/dev\/just-real-moms\/wp-content\/uploads\/2013\/09\/b2.jpg 387w, https:\/\/colinahomolog.com.br\/dev\/just-real-moms\/wp-content\/uploads\/2013\/09\/b2-150x100.jpg 150w, https:\/\/colinahomolog.com.br\/dev\/just-real-moms\/wp-content\/uploads\/2013\/09\/b2-300x200.jpg 300w\" sizes=\"(max-width: 387px) 100vw, 387px\" \/><\/p>\n<p>&nbsp;<\/p>\n<p>&nbsp;<\/p>\n<p style=\"text-align: justify;\">No Shopping Cidade Jardim, duas atra\u00e7\u00f5es bacanas: o espet\u00e1culo <strong><span style=\"color: #0000ff;\"><a href=\"http:\/\/bora.ai\/passeios\/se-essa-rua-fosse-minha-espetaculo-de-brincar\" target=\"_blank\"><span style=\"color: #0000ff;\">Se Essa Rua Fosse Minha<\/span><\/a><\/span><\/strong>, na Livraria da Vila, e o rec\u00e9m-inaugurado <strong><span style=\"color: #0000ff;\"><a href=\"http:\/\/bora.ai\/passeios\/espaco-eu-faco-cidade-jardim\" target=\"_blank\"><span style=\"color: #0000ff;\">Espa\u00e7o Eu Fa\u00e7o<\/span><\/a><\/span><\/strong>, onde as crian\u00e7as fazem trabalhinhos art\u00edsticos e levam para casa suas obras-primas.<\/p>\n<p>&nbsp;<\/p>\n<p>&nbsp;<\/p>\n<p><img loading=\"lazy\" decoding=\"async\" class=\"aligncenter size-full wp-image-18930\" alt=\"b3\" src=\"https:\/\/colinahomolog.com.br\/dev\/just-real-moms\/wp-content\/uploads\/2013\/09\/b3.jpg\" width=\"426\" height=\"318\" srcset=\"https:\/\/colinahomolog.com.br\/dev\/just-real-moms\/wp-content\/uploads\/2013\/09\/b3.jpg 426w, https:\/\/colinahomolog.com.br\/dev\/just-real-moms\/wp-content\/uploads\/2013\/09\/b3-150x111.jpg 150w, https:\/\/colinahomolog.com.br\/dev\/just-real-moms\/wp-content\/uploads\/2013\/09\/b3-300x223.jpg 300w\" sizes=\"(max-width: 426px) 100vw, 426px\" \/><\/p>\n<p>&nbsp;<\/p>\n<p style=\"text-align: justify;\">Programe-se!\u00a0 No dia 6\/10 tem <strong><span style=\"color: #0000ff;\"><a href=\"http:\/\/bora.ai\/passeios\/maratoninha-da-galinha-pintadinha\" target=\"_blank\"><span style=\"color: #0000ff;\">Maratoninha da Galinha Pintadinha<\/span><\/a><\/span><\/strong>. Um evento de esporte e lazer para os pequenos. Esse tamb\u00e9m promete!<\/p>\n<p>&nbsp;<\/p>\n<p>&nbsp;<\/p>\n<p><img loading=\"lazy\" decoding=\"async\" class=\"aligncenter size-full wp-image-18931\" alt=\"b4\" src=\"https:\/\/colinahomolog.com.br\/dev\/just-real-moms\/wp-content\/uploads\/2013\/09\/b4.jpg\" width=\"387\" height=\"265\" srcset=\"https:\/\/colinahomolog.com.br\/dev\/just-real-moms\/wp-content\/uploads\/2013\/09\/b4.jpg 387w, https:\/\/colinahomolog.com.br\/dev\/just-real-moms\/wp-content\/uploads\/2013\/09\/b4-150x102.jpg 150w, https:\/\/colinahomolog.com.br\/dev\/just-real-moms\/wp-content\/uploads\/2013\/09\/b4-300x205.jpg 300w\" sizes=\"(max-width: 387px) 100vw, 387px\" \/><\/p>\n<p>&nbsp;<\/p>\n<p>&nbsp;<\/p>\n<p><strong><span style=\"color: #0000ff;\"><a href=\"http:\/\/www.bora.ai\" target=\"_blank\"><span style=\"color: #0000ff;\">Bora a\u00ed?<\/span><\/a><\/span><\/strong><\/p>\n<p>&nbsp;<\/p>\n<p><img loading=\"lazy\" decoding=\"async\" class=\"size-full wp-image-18932 alignleft\" alt=\"bora\" src=\"https:\/\/colinahomolog.com.br\/dev\/just-real-moms\/wp-content\/uploads\/2013\/09\/bora.jpg\" width=\"189\" height=\"36\" srcset=\"https:\/\/colinahomolog.com.br\/dev\/just-real-moms\/wp-content\/uploads\/2013\/09\/bora.jpg 189w, https:\/\/colinahomolog.com.br\/dev\/just-real-moms\/wp-content\/uploads\/2013\/09\/bora-150x28.jpg 150w\" sizes=\"(max-width: 189px) 100vw, 189px\" \/><\/p>\n<p>&nbsp;<\/p>\n<p>&nbsp;<\/p>\n\n    <div class=\"xs_social_share_widget xs_share_url after_content \t\tmain_content  wslu-style-1 wslu-share-box-shaped wslu-fill-colored wslu-none wslu-share-horizontal wslu-theme-font-no wslu-main_content\">\n\n\t\t\n        <ul>\n\t\t\t        <\/ul>\n    <\/div> \n","protected":false},"excerpt":{"rendered":"<p>FavoriteOi, mam\u00e3es! &nbsp; Hoje \u00e9 sexta-feira e a programa\u00e7\u00e3o para este final de semana est\u00e1 incr\u00edvel! Deem uma olhada no que o Bora a\u00ed selecionou para n\u00f3s!! &nbsp; Mil Bjsss &nbsp; &nbsp; &nbsp; &nbsp; \u2026\u2026\u2026\u2026\u2026\u2026\u2026\u2026\u2026\u2026\u2026\u2026\u2026\u2026\u2026\u2026\u2026\u2026\u2026\u2026\u2026\u2026\u2026\u2026\u2026\u2026\u2026\u2026\u2026\u2026\u2026\u2026\u2026\u2026\u2026\u2026\u2026\u2026\u2026\u2026\u2026\u2026\u2026\u2026. &nbsp; Ol\u00e1, Mom\u2019s!! \u00a0 Estreia nesse final de semana no Teatro Alfa o espet\u00e1culo T\u00f4 \u00cdndio no Circo com o [&hellip;]<\/p>\n","protected":false},"author":1010,"featured_media":18933,"comment_status":"open","ping_status":"closed","sticky":false,"template":"","format":"standard","meta":{"_acf_changed":false,"footnotes":""},"categories":[33],"tags":[887,740,326],"class_list":{"0":"post-18927","1":"post","2":"type-post","3":"status-publish","4":"format-standard","5":"has-post-thumbnail","7":"category-have-fun","8":"tag-bora-ai","9":"tag-programa-para-as-criancas","10":"tag-programacao"},"acf":[],"yoast_head":"<!-- This site is optimized with the Yoast SEO Premium plugin v26.6 (Yoast SEO v26.6) - https:\/\/yoast.com\/wordpress\/plugins\/seo\/ -->\n<title>Programa\u00e7\u00e3o para o final de semana - por Bora.a\u00ed<\/title>\n<meta name=\"robots\" content=\"index, follow, max-snippet:-1, max-image-preview:large, max-video-preview:-1\" \/>\n<link rel=\"canonical\" href=\"https:\/\/colinahomolog.com.br\/dev\/just-real-moms\/programacao-para-o-fim-de-semana-por-bora-ai-5\/\" \/>\n<meta property=\"og:locale\" content=\"pt_BR\" \/>\n<meta property=\"og:type\" content=\"article\" \/>\n<meta property=\"og:title\" content=\"Programa\u00e7\u00e3o para o final de semana - por Bora.a\u00ed\" \/>\n<meta property=\"og:description\" content=\"FavoriteOi, mam\u00e3es! &nbsp; Hoje \u00e9 sexta-feira e a programa\u00e7\u00e3o para este final de semana est\u00e1 incr\u00edvel! Deem uma olhada no que o Bora a\u00ed selecionou para n\u00f3s!! &nbsp; Mil Bjsss &nbsp; &nbsp; &nbsp; &nbsp; \u2026\u2026\u2026\u2026\u2026\u2026\u2026\u2026\u2026\u2026\u2026\u2026\u2026\u2026\u2026\u2026\u2026\u2026\u2026\u2026\u2026\u2026\u2026\u2026\u2026\u2026\u2026\u2026\u2026\u2026\u2026\u2026\u2026\u2026\u2026\u2026\u2026\u2026\u2026\u2026\u2026\u2026\u2026\u2026. &nbsp; Ol\u00e1, Mom\u2019s!! \u00a0 Estreia nesse final de semana no Teatro Alfa o espet\u00e1culo T\u00f4 \u00cdndio no Circo com o [&hellip;]\" \/>\n<meta property=\"og:url\" content=\"https:\/\/colinahomolog.com.br\/dev\/just-real-moms\/programacao-para-o-fim-de-semana-por-bora-ai-5\/\" \/>\n<meta property=\"og:site_name\" content=\"Just Real Moms - Blog para M\u00e3es\" \/>\n<meta property=\"article:publisher\" content=\"https:\/\/www.facebook.com\/JustRealMoms\" \/>\n<meta property=\"article:published_time\" content=\"2013-09-27T11:30:56+00:00\" \/>\n<meta property=\"article:modified_time\" content=\"2016-05-05T22:06:39+00:00\" \/>\n<meta property=\"og:image\" content=\"https:\/\/colinahomolog.com.br\/dev\/just-real-moms\/wp-content\/uploads\/2013\/09\/capabora.jpg\" \/>\n\t<meta property=\"og:image:width\" content=\"1\" \/>\n\t<meta property=\"og:image:height\" content=\"1\" \/>\n\t<meta property=\"og:image:type\" content=\"image\/jpeg\" \/>\n<meta name=\"author\" content=\"Lina Brochmann\" \/>\n<meta name=\"twitter:label1\" content=\"Escrito por\" \/>\n\t<meta name=\"twitter:data1\" content=\"Lina Brochmann\" \/>\n\t<meta name=\"twitter:label2\" content=\"Est. tempo de leitura\" \/>\n\t<meta name=\"twitter:data2\" content=\"1 minuto\" \/>\n<script type=\"application\/ld+json\" class=\"yoast-schema-graph\">{\"@context\":\"https:\/\/schema.org\",\"@graph\":[{\"@type\":\"WebPage\",\"@id\":\"https:\/\/colinahomolog.com.br\/dev\/just-real-moms\/programacao-para-o-fim-de-semana-por-bora-ai-5\/\",\"url\":\"https:\/\/colinahomolog.com.br\/dev\/just-real-moms\/programacao-para-o-fim-de-semana-por-bora-ai-5\/\",\"name\":\"Programa\u00e7\u00e3o para o final de semana - por Bora.a\u00ed\",\"isPartOf\":{\"@id\":\"https:\/\/colinahomolog.com.br\/dev\/just-real-moms\/#website\"},\"primaryImageOfPage\":{\"@id\":\"https:\/\/colinahomolog.com.br\/dev\/just-real-moms\/programacao-para-o-fim-de-semana-por-bora-ai-5\/#primaryimage\"},\"image\":{\"@id\":\"https:\/\/colinahomolog.com.br\/dev\/just-real-moms\/programacao-para-o-fim-de-semana-por-bora-ai-5\/#primaryimage\"},\"thumbnailUrl\":\"https:\/\/colinahomolog.com.br\/dev\/just-real-moms\/wp-content\/uploads\/2013\/09\/capabora.jpg\",\"datePublished\":\"2013-09-27T11:30:56+00:00\",\"dateModified\":\"2016-05-05T22:06:39+00:00\",\"author\":{\"@id\":\"https:\/\/colinahomolog.com.br\/dev\/just-real-moms\/#\/schema\/person\/133479e9262b2f5fb04d34fbcbcd63f9\"},\"breadcrumb\":{\"@id\":\"https:\/\/colinahomolog.com.br\/dev\/just-real-moms\/programacao-para-o-fim-de-semana-por-bora-ai-5\/#breadcrumb\"},\"inLanguage\":\"pt-BR\",\"potentialAction\":[{\"@type\":\"ReadAction\",\"target\":[\"https:\/\/colinahomolog.com.br\/dev\/just-real-moms\/programacao-para-o-fim-de-semana-por-bora-ai-5\/\"]}]},{\"@type\":\"ImageObject\",\"inLanguage\":\"pt-BR\",\"@id\":\"https:\/\/colinahomolog.com.br\/dev\/just-real-moms\/programacao-para-o-fim-de-semana-por-bora-ai-5\/#primaryimage\",\"url\":\"https:\/\/colinahomolog.com.br\/dev\/just-real-moms\/wp-content\/uploads\/2013\/09\/capabora.jpg\",\"contentUrl\":\"https:\/\/colinahomolog.com.br\/dev\/just-real-moms\/wp-content\/uploads\/2013\/09\/capabora.jpg\"},{\"@type\":\"BreadcrumbList\",\"@id\":\"https:\/\/colinahomolog.com.br\/dev\/just-real-moms\/programacao-para-o-fim-de-semana-por-bora-ai-5\/#breadcrumb\",\"itemListElement\":[{\"@type\":\"ListItem\",\"position\":1,\"name\":\"In\u00edcio\",\"item\":\"https:\/\/colinahomolog.com.br\/dev\/just-real-moms\/\"},{\"@type\":\"ListItem\",\"position\":2,\"name\":\"Programa\u00e7\u00e3o para o final de semana &#8211; por Bora.a\u00ed\"}]},{\"@type\":\"WebSite\",\"@id\":\"https:\/\/colinahomolog.com.br\/dev\/just-real-moms\/#website\",\"url\":\"https:\/\/colinahomolog.com.br\/dev\/just-real-moms\/\",\"name\":\"Just Real Moms - Blog para M\u00e3es\",\"description\":\"O melhor e mais completo portal para m\u00e3es, pais e futuros pais!\",\"potentialAction\":[{\"@type\":\"SearchAction\",\"target\":{\"@type\":\"EntryPoint\",\"urlTemplate\":\"https:\/\/colinahomolog.com.br\/dev\/just-real-moms\/?s={search_term_string}\"},\"query-input\":{\"@type\":\"PropertyValueSpecification\",\"valueRequired\":true,\"valueName\":\"search_term_string\"}}],\"inLanguage\":\"pt-BR\"},{\"@type\":\"Person\",\"@id\":\"https:\/\/colinahomolog.com.br\/dev\/just-real-moms\/#\/schema\/person\/133479e9262b2f5fb04d34fbcbcd63f9\",\"name\":\"Lina Brochmann\",\"description\":\"Programa\u00e7\u00e3o infantil de S\u00e3o Paulo do Bora\u00ed\",\"url\":\"https:\/\/colinahomolog.com.br\/dev\/just-real-moms\/author\/linabrochmann\/\"}]}<\/script>\n<!-- \/ Yoast SEO Premium plugin. -->","yoast_head_json":{"title":"Programa\u00e7\u00e3o para o final de semana - por Bora.a\u00ed","robots":{"index":"index","follow":"follow","max-snippet":"max-snippet:-1","max-image-preview":"max-image-preview:large","max-video-preview":"max-video-preview:-1"},"canonical":"https:\/\/colinahomolog.com.br\/dev\/just-real-moms\/programacao-para-o-fim-de-semana-por-bora-ai-5\/","og_locale":"pt_BR","og_type":"article","og_title":"Programa\u00e7\u00e3o para o final de semana - por Bora.a\u00ed","og_description":"FavoriteOi, mam\u00e3es! &nbsp; Hoje \u00e9 sexta-feira e a programa\u00e7\u00e3o para este final de semana est\u00e1 incr\u00edvel! Deem uma olhada no que o Bora a\u00ed selecionou para n\u00f3s!! &nbsp; Mil Bjsss &nbsp; &nbsp; &nbsp; &nbsp; \u2026\u2026\u2026\u2026\u2026\u2026\u2026\u2026\u2026\u2026\u2026\u2026\u2026\u2026\u2026\u2026\u2026\u2026\u2026\u2026\u2026\u2026\u2026\u2026\u2026\u2026\u2026\u2026\u2026\u2026\u2026\u2026\u2026\u2026\u2026\u2026\u2026\u2026\u2026\u2026\u2026\u2026\u2026\u2026. &nbsp; Ol\u00e1, Mom\u2019s!! \u00a0 Estreia nesse final de semana no Teatro Alfa o espet\u00e1culo T\u00f4 \u00cdndio no Circo com o [&hellip;]","og_url":"https:\/\/colinahomolog.com.br\/dev\/just-real-moms\/programacao-para-o-fim-de-semana-por-bora-ai-5\/","og_site_name":"Just Real Moms - Blog para M\u00e3es","article_publisher":"https:\/\/www.facebook.com\/JustRealMoms","article_published_time":"2013-09-27T11:30:56+00:00","article_modified_time":"2016-05-05T22:06:39+00:00","og_image":[{"url":"https:\/\/colinahomolog.com.br\/dev\/just-real-moms\/wp-content\/uploads\/2013\/09\/capabora.jpg","width":1,"height":1,"type":"image\/jpeg"}],"author":"Lina Brochmann","twitter_misc":{"Escrito por":"Lina Brochmann","Est. tempo de leitura":"1 minuto"},"schema":{"@context":"https:\/\/schema.org","@graph":[{"@type":"WebPage","@id":"https:\/\/colinahomolog.com.br\/dev\/just-real-moms\/programacao-para-o-fim-de-semana-por-bora-ai-5\/","url":"https:\/\/colinahomolog.com.br\/dev\/just-real-moms\/programacao-para-o-fim-de-semana-por-bora-ai-5\/","name":"Programa\u00e7\u00e3o para o final de semana - por Bora.a\u00ed","isPartOf":{"@id":"https:\/\/colinahomolog.com.br\/dev\/just-real-moms\/#website"},"primaryImageOfPage":{"@id":"https:\/\/colinahomolog.com.br\/dev\/just-real-moms\/programacao-para-o-fim-de-semana-por-bora-ai-5\/#primaryimage"},"image":{"@id":"https:\/\/colinahomolog.com.br\/dev\/just-real-moms\/programacao-para-o-fim-de-semana-por-bora-ai-5\/#primaryimage"},"thumbnailUrl":"https:\/\/colinahomolog.com.br\/dev\/just-real-moms\/wp-content\/uploads\/2013\/09\/capabora.jpg","datePublished":"2013-09-27T11:30:56+00:00","dateModified":"2016-05-05T22:06:39+00:00","author":{"@id":"https:\/\/colinahomolog.com.br\/dev\/just-real-moms\/#\/schema\/person\/133479e9262b2f5fb04d34fbcbcd63f9"},"breadcrumb":{"@id":"https:\/\/colinahomolog.com.br\/dev\/just-real-moms\/programacao-para-o-fim-de-semana-por-bora-ai-5\/#breadcrumb"},"inLanguage":"pt-BR","potentialAction":[{"@type":"ReadAction","target":["https:\/\/colinahomolog.com.br\/dev\/just-real-moms\/programacao-para-o-fim-de-semana-por-bora-ai-5\/"]}]},{"@type":"ImageObject","inLanguage":"pt-BR","@id":"https:\/\/colinahomolog.com.br\/dev\/just-real-moms\/programacao-para-o-fim-de-semana-por-bora-ai-5\/#primaryimage","url":"https:\/\/colinahomolog.com.br\/dev\/just-real-moms\/wp-content\/uploads\/2013\/09\/capabora.jpg","contentUrl":"https:\/\/colinahomolog.com.br\/dev\/just-real-moms\/wp-content\/uploads\/2013\/09\/capabora.jpg"},{"@type":"BreadcrumbList","@id":"https:\/\/colinahomolog.com.br\/dev\/just-real-moms\/programacao-para-o-fim-de-semana-por-bora-ai-5\/#breadcrumb","itemListElement":[{"@type":"ListItem","position":1,"name":"In\u00edcio","item":"https:\/\/colinahomolog.com.br\/dev\/just-real-moms\/"},{"@type":"ListItem","position":2,"name":"Programa\u00e7\u00e3o para o final de semana &#8211; por Bora.a\u00ed"}]},{"@type":"WebSite","@id":"https:\/\/colinahomolog.com.br\/dev\/just-real-moms\/#website","url":"https:\/\/colinahomolog.com.br\/dev\/just-real-moms\/","name":"Just Real Moms - Blog para M\u00e3es","description":"O melhor e mais completo portal para m\u00e3es, pais e futuros pais!","potentialAction":[{"@type":"SearchAction","target":{"@type":"EntryPoint","urlTemplate":"https:\/\/colinahomolog.com.br\/dev\/just-real-moms\/?s={search_term_string}"},"query-input":{"@type":"PropertyValueSpecification","valueRequired":true,"valueName":"search_term_string"}}],"inLanguage":"pt-BR"},{"@type":"Person","@id":"https:\/\/colinahomolog.com.br\/dev\/just-real-moms\/#\/schema\/person\/133479e9262b2f5fb04d34fbcbcd63f9","name":"Lina Brochmann","description":"Programa\u00e7\u00e3o infantil de S\u00e3o Paulo do Bora\u00ed","url":"https:\/\/colinahomolog.com.br\/dev\/just-real-moms\/author\/linabrochmann\/"}]}},"_links":{"self":[{"href":"https:\/\/colinahomolog.com.br\/dev\/just-real-moms\/wp-json\/wp\/v2\/posts\/18927","targetHints":{"allow":["GET"]}}],"collection":[{"href":"https:\/\/colinahomolog.com.br\/dev\/just-real-moms\/wp-json\/wp\/v2\/posts"}],"about":[{"href":"https:\/\/colinahomolog.com.br\/dev\/just-real-moms\/wp-json\/wp\/v2\/types\/post"}],"author":[{"embeddable":true,"href":"https:\/\/colinahomolog.com.br\/dev\/just-real-moms\/wp-json\/wp\/v2\/users\/1010"}],"replies":[{"embeddable":true,"href":"https:\/\/colinahomolog.com.br\/dev\/just-real-moms\/wp-json\/wp\/v2\/comments?post=18927"}],"version-history":[{"count":0,"href":"https:\/\/colinahomolog.com.br\/dev\/just-real-moms\/wp-json\/wp\/v2\/posts\/18927\/revisions"}],"wp:featuredmedia":[{"embeddable":true,"href":"https:\/\/colinahomolog.com.br\/dev\/just-real-moms\/wp-json\/wp\/v2\/media\/18933"}],"wp:attachment":[{"href":"https:\/\/colinahomolog.com.br\/dev\/just-real-moms\/wp-json\/wp\/v2\/media?parent=18927"}],"wp:term":[{"taxonomy":"category","embeddable":true,"href":"https:\/\/colinahomolog.com.br\/dev\/just-real-moms\/wp-json\/wp\/v2\/categories?post=18927"},{"taxonomy":"post_tag","embeddable":true,"href":"https:\/\/colinahomolog.com.br\/dev\/just-real-moms\/wp-json\/wp\/v2\/tags?post=18927"}],"curies":[{"name":"wp","href":"https:\/\/api.w.org\/{rel}","templated":true}]}}