{"id":19547,"date":"2013-10-09T08:30:07","date_gmt":"2013-10-09T11:30:07","guid":{"rendered":"https:\/\/colinahomolog.com.br\/dev\/just-real-moms\/?p=19547"},"modified":"2023-01-15T21:07:00","modified_gmt":"2023-01-16T00:07:00","slug":"como-ajudar-crianca-a-lidar-com-raiva","status":"publish","type":"post","link":"https:\/\/colinahomolog.com.br\/dev\/just-real-moms\/como-ajudar-crianca-a-lidar-com-raiva\/","title":{"rendered":"Como ajudar a crian\u00e7a a lidar com a raiva &#8211; por Carla Poppa, psic\u00f3loga"},"content":{"rendered":"<button class=\"simplefavorite-button preset\" data-postid=\"19547\" data-siteid=\"1\" data-groupid=\"1\" data-favoritecount=\"0\" style=\"box-shadow:none;-webkit-box-shadow:none;-moz-box-shadow:none;background-color:#68ccb4;border-color:#68ccb4;color:#ffffff;\"><i class=\"sf-icon-favorite\" style=\"\"><\/i>Favorite<\/button><p>&nbsp;<\/p>\n<p>Oi, meninas, tudo bem?<\/p>\n<p>&nbsp;<\/p>\n<p>O post de hoje \u00e9 da nossa colunista,\u00a0a psic\u00f3loga <strong>Carla Poppa<\/strong>, que tratar\u00e1 sobre como ajudar a crian\u00e7a a lidar com a raiva!<\/p>\n<p>&nbsp;<\/p>\n<p>Vale a pena a leitura!<\/p>\n<p>&nbsp;<\/p>\n<p>&nbsp;<\/p>\n<p>&#8230;&#8230;&#8230;&#8230;&#8230;&#8230;&#8230;&#8230;&#8230;&#8230;&#8230;&#8230;&#8230;&#8230;&#8230;&#8230;&#8230;&#8230;&#8230;&#8230;&#8230;&#8230;&#8230;&#8230;&#8230;&#8230;&#8230;&#8230;&#8230;&#8230;&#8230;&#8230;&#8230;&#8230;&#8230;&#8230;&#8230;&#8230;&#8230;&#8230;&#8230;&#8230;&#8230;&#8230;&#8230;&#8230;&#8230;&#8230;&#8230;&#8230;&#8230;&#8230;&#8230;&#8230;&#8230;..<\/p>\n<p>&nbsp;<\/p>\n<p style=\"text-align: center;\"><b>Como ajudar a crian\u00e7a a lidar com a raiva<\/b><\/p>\n<p>&nbsp;<\/p>\n<p>&nbsp;<\/p>\n<p><img fetchpriority=\"high\" decoding=\"async\" class=\"aligncenter size-full wp-image-19549\" alt=\"Captura de Tela 2013-10-08 \u00e0s 23.29.41\" src=\"https:\/\/colinahomolog.com.br\/dev\/just-real-moms\/wp-content\/uploads\/2013\/10\/Captura-de-Tela-2013-10-08-\u00e0s-23.29.41.png\" width=\"500\" height=\"359\" srcset=\"https:\/\/colinahomolog.com.br\/dev\/just-real-moms\/wp-content\/uploads\/2013\/10\/Captura-de-Tela-2013-10-08-\u00e0s-23.29.41.png 500w, https:\/\/colinahomolog.com.br\/dev\/just-real-moms\/wp-content\/uploads\/2013\/10\/Captura-de-Tela-2013-10-08-\u00e0s-23.29.41-150x107.png 150w, https:\/\/colinahomolog.com.br\/dev\/just-real-moms\/wp-content\/uploads\/2013\/10\/Captura-de-Tela-2013-10-08-\u00e0s-23.29.41-300x215.png 300w\" sizes=\"(max-width: 500px) 100vw, 500px\" \/><\/p>\n<p>&nbsp;<\/p>\n<p>&nbsp;<\/p>\n<p>A crian\u00e7a quando sente raiva, assim como acontece com qualquer outro sentimento, se expressa em busca de um al\u00edvio. No entanto, mesmo os pais que conseguem acolher de maneira emp\u00e1tica os sentimentos e as express\u00f5es dos seus filhos, com frequ\u00eancia sentem dificuldade em lidar com a raiva da crian\u00e7a.<\/p>\n<p>&nbsp;<\/p>\n<p>Talvez isso aconte\u00e7a porque se a crian\u00e7a \u00e9 agressiva em p\u00fablico \u00e9 comum que os pais sintam que as outras pessoas est\u00e3o observando e julgando a sua rea\u00e7\u00e3o, o que pode deix\u00e1-los inseguros em rela\u00e7\u00e3o a qual atitude tomar. Al\u00e9m disso, muitas vezes, quando a crian\u00e7a expressa a sua raiva e fala de maneira agressiva com os seus pais \u00e9 poss\u00edvel que eles se sintam pessoalmente ofendidos e revidem os ataques da crian\u00e7a, o que bloqueia a via do di\u00e1logo e compromete a possibilidade de compreens\u00e3o da sua experi\u00eancia por meio da empatia. Quando isso acontece, as brigas desgastam a rela\u00e7\u00e3o e n\u00e3o alcan\u00e7am um sentido, j\u00e1 que os pais ficam impedidos de ensinar para a crian\u00e7a uma nova maneira de agir nos momentos em que sente raiva.<\/p>\n<p>&nbsp;<\/p>\n<p><b>O primeiro passo \u00e9 ajudar a crian\u00e7a a se acalmar.<\/b><\/p>\n<p>&nbsp;<\/p>\n<p>Por isso, diante do sentimento de raiva que a crian\u00e7a expressa com palavras e\/ou atitudes agressivas, o primeiro passo \u00e9 respirar fundo, manter a calma e lembrar que revidar ou bater boca s\u00e3o atitudes que tiram o adulto da posi\u00e7\u00e3o de cuidador e impedem que a crian\u00e7a receba os cuidados que v\u00e3o ajud\u00e1-la a lidar melhor com esse sentimento no futuro.<\/p>\n<p>Isso n\u00e3o quer dizer que os pais devem aceitar e permitir que o seu filho (a) fale com eles de maneira agressiva sem esbo\u00e7ar nenhuma rea\u00e7\u00e3o. Quando a crian\u00e7a est\u00e1 dando um chilique, gritando ou xingando, por exemplo, \u00e9 importante conter a sua a\u00e7\u00e3o e ajud\u00e1-la a se acalmar. Nessas horas, \u00e9 interessante escolher sempre a mesma t\u00e9cnica como, por exemplo, se abaixar na altura da crian\u00e7a, segur\u00e1-la com firmeza e pedir para que respire fundo e olhe nos seus olhos algumas vezes. Se essa t\u00e9cnica funcionar e for utilizada de maneira repetida, ao longo do tempo, a crian\u00e7a j\u00e1 come\u00e7a a associar o pedido para respirar fundo com a sensa\u00e7\u00e3o de bem-estar e o processo de reestabelecer a calma pode acontecer com maior tranquilidade tanto para os pais quanto para a crian\u00e7a.<\/p>\n<p>&nbsp;<\/p>\n<p><b>Quando a crian\u00e7a se acalma \u00e9 poss\u00edvel ajud\u00e1-la a compreender o que est\u00e1 sentindo e propor atitudes para lidar com a situa\u00e7\u00e3o que provocou raiva.<\/b><\/p>\n<p>&nbsp;<\/p>\n<p>&nbsp;<\/p>\n<p><img decoding=\"async\" class=\"aligncenter size-full wp-image-19551\" alt=\"Captura de Tela 2013-10-08 \u00e0s 23.31.32\" src=\"https:\/\/colinahomolog.com.br\/dev\/just-real-moms\/wp-content\/uploads\/2013\/10\/Captura-de-Tela-2013-10-08-\u00e0s-23.31.32.png\" width=\"330\" height=\"560\" \/><\/p>\n<p>&nbsp;<\/p>\n<p>&nbsp;<\/p>\n<p>Assim, quando a crian\u00e7a se acalma \u00e9 poss\u00edvel come\u00e7ar a conduzir a situa\u00e7\u00e3o com a inten\u00e7\u00e3o de ajud\u00e1-la a alcan\u00e7ar uma nova compreens\u00e3o sobre o que ela sentiu e ensin\u00e1-la uma nova forma de agir em uma situa\u00e7\u00e3o semelhante no futuro. Para que isso seja poss\u00edvel, os pais precisam sintonizar com a experi\u00eancia da crian\u00e7a por meio da empatia. Ao se colocarem no lugar do filho (a) \u00e9 poss\u00edvel identificar o que pode ter provocado raiva nele (a). Nesse momento, \u00e9 importante relembrar a ordem dos acontecimentos e ter em mente que a raiva pode ser desencadeada pelos mais diferentes motivos. \u00c9 poss\u00edvel que esse sentimento seja parte da uma experi\u00eancia de ci\u00fames, como quando a crian\u00e7a gostaria de ter a aten\u00e7\u00e3o dos pais s\u00f3 para ela e percebe que precisa dividi-la com o irm\u00e3o, por exemplo. Pode ser tamb\u00e9m que o comportamento agressivo na verdade seja decorrente do mau humor que a crian\u00e7a experimenta quando est\u00e1 cansada e\/ou com fome. Tamb\u00e9m \u00e9 poss\u00edvel que a raiva seja uma rea\u00e7\u00e3o a uma atitude desagrad\u00e1vel de outra pessoa em rela\u00e7\u00e3o a ela. Al\u00e9m disso, a crian\u00e7a tamb\u00e9m pode sentir raiva quando ouve um \u201cn\u00e3o\u201d. Ou seja, em uma experi\u00eancia de frustra\u00e7\u00e3o quando seus desejos n\u00e3o s\u00e3o atendidos pelos pais.<\/p>\n<p>&nbsp;<\/p>\n<p>Ao relembrarem dos acontecimentos colocando-se no lugar da crian\u00e7a, os pais podem reconhecer a situa\u00e7\u00e3o que provavelmente despertou a raiva na crian\u00e7a. Na medida em que conseguem apreender a sua experi\u00eancia, ou seja, na medida em que conseguem sintonizar e serem emp\u00e1ticos com o que a crian\u00e7a est\u00e1 sentindo surge a abertura para o di\u00e1logo. Nesse momento, ao compartilharem com a crian\u00e7a a sua impress\u00e3o de que ela pode estar com raiva porque acabou de se desentender com um amigo, ou porque est\u00e1 cansada, ou ainda porque sentiu ci\u00fames ao ver seus pais brincando com o irm\u00e3o, os pais est\u00e3o ajudando a crian\u00e7a a dar um nome para o seu sentimento. Dar um nome pra o sentimento e coloc\u00e1-lo dentro de um contexto \u00e9 fundamental. Sem isso, os pais ficam restritos aos serm\u00f5es e discursos moralistas que acabam n\u00e3o fazendo sentindo para a crian\u00e7a. Quando os pais conseguem compreender o sentimento da crian\u00e7a de maneira emp\u00e1tica e a ajudam a diferenciar seus sentimentos, eles est\u00e3o educando e ensinando a crian\u00e7a a partir da sua pr\u00f3pria experi\u00eancia e esse \u00e9 um aprendizado que fica registrado na mem\u00f3ria da crian\u00e7a de maneira natural.<\/p>\n<p>&nbsp;<\/p>\n<p>&nbsp;<\/p>\n<p><img decoding=\"async\" class=\"aligncenter size-full wp-image-19559\" alt=\"Captura de Tela 2013-10-08 \u00e0s 23.35.33\" src=\"https:\/\/colinahomolog.com.br\/dev\/just-real-moms\/wp-content\/uploads\/2013\/10\/Captura-de-Tela-2013-10-08-\u00e0s-23.35.33.png\" width=\"496\" height=\"275\" srcset=\"https:\/\/colinahomolog.com.br\/dev\/just-real-moms\/wp-content\/uploads\/2013\/10\/Captura-de-Tela-2013-10-08-\u00e0s-23.35.33.png 496w, https:\/\/colinahomolog.com.br\/dev\/just-real-moms\/wp-content\/uploads\/2013\/10\/Captura-de-Tela-2013-10-08-\u00e0s-23.35.33-150x83.png 150w, https:\/\/colinahomolog.com.br\/dev\/just-real-moms\/wp-content\/uploads\/2013\/10\/Captura-de-Tela-2013-10-08-\u00e0s-23.35.33-300x166.png 300w\" sizes=\"(max-width: 496px) 100vw, 496px\" \/><\/p>\n<p>&nbsp;<\/p>\n<p>&nbsp;<\/p>\n<p>Se a crian\u00e7a confirma a impress\u00e3o dos seus pais com um olhar de al\u00edvio por se sentir compreendida ou contando como foi o desentendimento que teve com o amigo, por exemplo, os pais podem se basear nas suas pr\u00f3prias experi\u00eancias para ensinar a crian\u00e7a a lidar com esse sentimento sem precisar ofender ou agredir a outra pessoa. Nesse caso, \u00e9 poss\u00edvel sugerir para a crian\u00e7a que ela pode contar para o amigo que o que ele fez a deixou com raiva e pedir para que ele n\u00e3o tenha mais essa atitude com ela. Al\u00e9m disso, tamb\u00e9m ajuda sugerir que a crian\u00e7a coloque o ac\u00famulo de energia que a raiva mobiliza no seu organismo \u201cpara fora\u201d, seja por meio de algum esporte ou mesmo batendo em almofadas, por exemplo. Essas sugest\u00f5es ajudam a crian\u00e7a a descarregar o seu mal estar e retomar a sensa\u00e7\u00e3o de tranquilidade.<\/p>\n<p>&nbsp;<\/p>\n<p>Assim, quando os pais conseguem manter a calma e percebem que precisam ajudar a crian\u00e7a a lidar com a raiva em vez de se sentirem ofendidos e revidar os seus ataques, eles proporcionam aprendizados muito valiosos que a crian\u00e7a leva consigo e vai aprimorando nas suas rela\u00e7\u00f5es. Nesse sentido, o <em>autocontrole<\/em> (que ela vai conquistando ao aprender a se acalmar para identificar com clareza o que est\u00e1 sentindo e poder agir de maneira coerente), o <em>autoconhecimento<\/em> (que \u00e9 constru\u00eddo a partir da sua capacidade de perceber e dar um nome para os seus pr\u00f3prios sentimentos) e a <em>abertura<\/em> para o di\u00e1logo (que proporciona a solu\u00e7\u00e3o de conflitos de maneira madura) s\u00e3o recursos que a crian\u00e7a desenvolve quando pode contar com ajuda para enfrentar os momentos nos quais \u00e9 tomada pela raiva.<\/p>\n<p>&nbsp;<\/p>\n<p>&nbsp;<\/p>\n<p><strong><em>Leiam ou releiam outros temas de interesse abordados pela psic\u00f3loga Carla Poppa aqui no blog: <span style=\"color: #0000ff;\"><a title=\"A timidez na inf\u00e2ncia \u2013 por Carla Poppa, psic\u00f3loga\" href=\"https:\/\/colinahomolog.com.br\/dev\/just-real-moms\/a-timidez-na-infancia-por-carla-poppa-psicologa\/\" target=\"_blank\" rel=\"noopener\"><span style=\"color: #0000ff;\">timidez na inf\u00e2ncia<\/span><\/a><\/span>, <span style=\"color: #0000ff;\"><a title=\"O que fazer quando a crian\u00e7a n\u00e3o quer obedecer? \u2013 por Carla Poppa, psic\u00f3loga\" href=\"https:\/\/colinahomolog.com.br\/dev\/just-real-moms\/o-que-fazer-quando-a-crianca-nao-quer-obedecer\/\" target=\"_blank\" rel=\"noopener\"><span style=\"color: #0000ff;\">desobedi\u00eancia<\/span><\/a><\/span>; <span style=\"color: #0000ff;\"><a title=\"Como agir quando nossos filhos est\u00e3o tristinhos? \u2013 por Carla Poppa, psic\u00f3loga\" href=\"https:\/\/colinahomolog.com.br\/dev\/just-real-moms\/como-agir-quando-nosso-filho-esta-tristinho\/\" target=\"_blank\" rel=\"noopener\"><span style=\"color: #0000ff;\">tristeza<\/span><\/a><\/span> e <span style=\"color: #0000ff;\"><a title=\"Como lidar com as brigas entre os irm\u00e3os? \u2013 por Carla Poppa, psic\u00f3loga\" href=\"https:\/\/colinahomolog.com.br\/dev\/just-real-moms\/como-lidar-com-as-brigas-entre-os-irmaos-por-carla-poppa-psicologa\/\" target=\"_blank\" rel=\"noopener\"><span style=\"color: #0000ff;\">briga entre irm\u00e3os<\/span><\/a><\/span>.<\/em><\/strong><\/p>\n<p>&nbsp;<\/p>\n<p>&nbsp;<\/p>\n\n    <div class=\"xs_social_share_widget xs_share_url after_content \t\tmain_content  wslu-style-1 wslu-share-box-shaped wslu-fill-colored wslu-none wslu-share-horizontal wslu-theme-font-no wslu-main_content\">\n\n\t\t\n        <ul>\n\t\t\t        <\/ul>\n    <\/div> \n","protected":false},"excerpt":{"rendered":"<p>Favorite&nbsp; Oi, meninas, tudo bem? &nbsp; O post de hoje \u00e9 da nossa colunista,\u00a0a psic\u00f3loga Carla Poppa, que tratar\u00e1 sobre como ajudar a crian\u00e7a a lidar com a raiva! &nbsp; Vale a pena a leitura! &nbsp; &nbsp; &#8230;&#8230;&#8230;&#8230;&#8230;&#8230;&#8230;&#8230;&#8230;&#8230;&#8230;&#8230;&#8230;&#8230;&#8230;&#8230;&#8230;&#8230;&#8230;&#8230;&#8230;&#8230;&#8230;&#8230;&#8230;&#8230;&#8230;&#8230;&#8230;&#8230;&#8230;&#8230;&#8230;&#8230;&#8230;&#8230;&#8230;&#8230;&#8230;&#8230;&#8230;&#8230;&#8230;&#8230;&#8230;&#8230;&#8230;&#8230;&#8230;&#8230;&#8230;&#8230;&#8230;&#8230;&#8230;.. &nbsp; Como ajudar a crian\u00e7a a lidar com a raiva &nbsp; &nbsp; &nbsp; &nbsp; A crian\u00e7a quando [&hellip;]<\/p>\n","protected":false},"author":1018,"featured_media":19551,"comment_status":"open","ping_status":"closed","sticky":false,"template":"","format":"standard","meta":{"_acf_changed":false,"footnotes":""},"categories":[30,453],"tags":[],"class_list":{"0":"post-19547","1":"post","2":"type-post","3":"status-publish","4":"format-standard","5":"has-post-thumbnail","7":"category-de-mae-para-mae","8":"category-dicas-dos-especialistas"},"acf":[],"yoast_head":"<!-- This site is optimized with the Yoast SEO Premium plugin v26.6 (Yoast SEO v26.6) - https:\/\/yoast.com\/wordpress\/plugins\/seo\/ -->\n<title>Como ajudar a crian\u00e7a a lidar com a raiva - por Carla Poppa, psic\u00f3loga<\/title>\n<meta name=\"robots\" content=\"index, follow, max-snippet:-1, max-image-preview:large, max-video-preview:-1\" \/>\n<link rel=\"canonical\" href=\"https:\/\/colinahomolog.com.br\/dev\/just-real-moms\/como-ajudar-crianca-a-lidar-com-raiva\/\" \/>\n<meta property=\"og:locale\" content=\"pt_BR\" \/>\n<meta property=\"og:type\" content=\"article\" \/>\n<meta property=\"og:title\" content=\"Como ajudar a crian\u00e7a a lidar com a raiva - por Carla Poppa, psic\u00f3loga\" \/>\n<meta property=\"og:description\" content=\"Favorite&nbsp; Oi, meninas, tudo bem? &nbsp; O post de hoje \u00e9 da nossa colunista,\u00a0a psic\u00f3loga Carla Poppa, que tratar\u00e1 sobre como ajudar a crian\u00e7a a lidar com a raiva! &nbsp; Vale a pena a leitura! &nbsp; &nbsp; &#8230;&#8230;&#8230;&#8230;&#8230;&#8230;&#8230;&#8230;&#8230;&#8230;&#8230;&#8230;&#8230;&#8230;&#8230;&#8230;&#8230;&#8230;&#8230;&#8230;&#8230;&#8230;&#8230;&#8230;&#8230;&#8230;&#8230;&#8230;&#8230;&#8230;&#8230;&#8230;&#8230;&#8230;&#8230;&#8230;&#8230;&#8230;&#8230;&#8230;&#8230;&#8230;&#8230;&#8230;&#8230;&#8230;&#8230;&#8230;&#8230;&#8230;&#8230;&#8230;&#8230;&#8230;&#8230;.. &nbsp; Como ajudar a crian\u00e7a a lidar com a raiva &nbsp; &nbsp; &nbsp; &nbsp; A crian\u00e7a quando [&hellip;]\" \/>\n<meta property=\"og:url\" content=\"https:\/\/colinahomolog.com.br\/dev\/just-real-moms\/como-ajudar-crianca-a-lidar-com-raiva\/\" \/>\n<meta property=\"og:site_name\" content=\"Just Real Moms - Blog para M\u00e3es\" \/>\n<meta property=\"article:publisher\" content=\"https:\/\/www.facebook.com\/JustRealMoms\" \/>\n<meta property=\"article:published_time\" content=\"2013-10-09T11:30:07+00:00\" \/>\n<meta property=\"article:modified_time\" content=\"2023-01-16T00:07:00+00:00\" \/>\n<meta property=\"og:image\" content=\"https:\/\/colinahomolog.com.br\/dev\/just-real-moms\/wp-content\/uploads\/2013\/10\/Captura-de-Tela-2013-10-08-\u00e0s-23.31.32.png\" \/>\n\t<meta property=\"og:image:width\" content=\"1\" \/>\n\t<meta property=\"og:image:height\" content=\"1\" \/>\n\t<meta property=\"og:image:type\" content=\"image\/png\" \/>\n<meta name=\"author\" content=\"Carla Poppa\" \/>\n<meta name=\"twitter:label1\" content=\"Escrito por\" \/>\n\t<meta name=\"twitter:data1\" content=\"Carla Poppa\" \/>\n\t<meta name=\"twitter:label2\" content=\"Est. tempo de leitura\" \/>\n\t<meta name=\"twitter:data2\" content=\"7 minutos\" \/>\n<script type=\"application\/ld+json\" class=\"yoast-schema-graph\">{\"@context\":\"https:\/\/schema.org\",\"@graph\":[{\"@type\":\"WebPage\",\"@id\":\"https:\/\/colinahomolog.com.br\/dev\/just-real-moms\/como-ajudar-crianca-a-lidar-com-raiva\/\",\"url\":\"https:\/\/colinahomolog.com.br\/dev\/just-real-moms\/como-ajudar-crianca-a-lidar-com-raiva\/\",\"name\":\"Como ajudar a crian\u00e7a a lidar com a raiva - por Carla Poppa, psic\u00f3loga\",\"isPartOf\":{\"@id\":\"https:\/\/colinahomolog.com.br\/dev\/just-real-moms\/#website\"},\"primaryImageOfPage\":{\"@id\":\"https:\/\/colinahomolog.com.br\/dev\/just-real-moms\/como-ajudar-crianca-a-lidar-com-raiva\/#primaryimage\"},\"image\":{\"@id\":\"https:\/\/colinahomolog.com.br\/dev\/just-real-moms\/como-ajudar-crianca-a-lidar-com-raiva\/#primaryimage\"},\"thumbnailUrl\":\"https:\/\/colinahomolog.com.br\/dev\/just-real-moms\/wp-content\/uploads\/2013\/10\/Captura-de-Tela-2013-10-08-\u00e0s-23.31.32.png\",\"datePublished\":\"2013-10-09T11:30:07+00:00\",\"dateModified\":\"2023-01-16T00:07:00+00:00\",\"author\":{\"@id\":\"https:\/\/colinahomolog.com.br\/dev\/just-real-moms\/#\/schema\/person\/43e8a0575964cd04d033e686ea1d0f26\"},\"breadcrumb\":{\"@id\":\"https:\/\/colinahomolog.com.br\/dev\/just-real-moms\/como-ajudar-crianca-a-lidar-com-raiva\/#breadcrumb\"},\"inLanguage\":\"pt-BR\",\"potentialAction\":[{\"@type\":\"ReadAction\",\"target\":[\"https:\/\/colinahomolog.com.br\/dev\/just-real-moms\/como-ajudar-crianca-a-lidar-com-raiva\/\"]}]},{\"@type\":\"ImageObject\",\"inLanguage\":\"pt-BR\",\"@id\":\"https:\/\/colinahomolog.com.br\/dev\/just-real-moms\/como-ajudar-crianca-a-lidar-com-raiva\/#primaryimage\",\"url\":\"https:\/\/colinahomolog.com.br\/dev\/just-real-moms\/wp-content\/uploads\/2013\/10\/Captura-de-Tela-2013-10-08-\u00e0s-23.31.32.png\",\"contentUrl\":\"https:\/\/colinahomolog.com.br\/dev\/just-real-moms\/wp-content\/uploads\/2013\/10\/Captura-de-Tela-2013-10-08-\u00e0s-23.31.32.png\"},{\"@type\":\"BreadcrumbList\",\"@id\":\"https:\/\/colinahomolog.com.br\/dev\/just-real-moms\/como-ajudar-crianca-a-lidar-com-raiva\/#breadcrumb\",\"itemListElement\":[{\"@type\":\"ListItem\",\"position\":1,\"name\":\"In\u00edcio\",\"item\":\"https:\/\/colinahomolog.com.br\/dev\/just-real-moms\/\"},{\"@type\":\"ListItem\",\"position\":2,\"name\":\"Como ajudar a crian\u00e7a a lidar com a raiva &#8211; por Carla Poppa, psic\u00f3loga\"}]},{\"@type\":\"WebSite\",\"@id\":\"https:\/\/colinahomolog.com.br\/dev\/just-real-moms\/#website\",\"url\":\"https:\/\/colinahomolog.com.br\/dev\/just-real-moms\/\",\"name\":\"Just Real Moms - Blog para M\u00e3es\",\"description\":\"O melhor e mais completo portal para m\u00e3es, pais e futuros pais!\",\"potentialAction\":[{\"@type\":\"SearchAction\",\"target\":{\"@type\":\"EntryPoint\",\"urlTemplate\":\"https:\/\/colinahomolog.com.br\/dev\/just-real-moms\/?s={search_term_string}\"},\"query-input\":{\"@type\":\"PropertyValueSpecification\",\"valueRequired\":true,\"valueName\":\"search_term_string\"}}],\"inLanguage\":\"pt-BR\"},{\"@type\":\"Person\",\"@id\":\"https:\/\/colinahomolog.com.br\/dev\/just-real-moms\/#\/schema\/person\/43e8a0575964cd04d033e686ea1d0f26\",\"name\":\"Carla Poppa\",\"description\":\"Psic\u00f3loga\",\"url\":\"https:\/\/colinahomolog.com.br\/dev\/just-real-moms\/author\/carla-poppa\/\"}]}<\/script>\n<!-- \/ Yoast SEO Premium plugin. -->","yoast_head_json":{"title":"Como ajudar a crian\u00e7a a lidar com a raiva - por Carla Poppa, psic\u00f3loga","robots":{"index":"index","follow":"follow","max-snippet":"max-snippet:-1","max-image-preview":"max-image-preview:large","max-video-preview":"max-video-preview:-1"},"canonical":"https:\/\/colinahomolog.com.br\/dev\/just-real-moms\/como-ajudar-crianca-a-lidar-com-raiva\/","og_locale":"pt_BR","og_type":"article","og_title":"Como ajudar a crian\u00e7a a lidar com a raiva - por Carla Poppa, psic\u00f3loga","og_description":"Favorite&nbsp; Oi, meninas, tudo bem? &nbsp; O post de hoje \u00e9 da nossa colunista,\u00a0a psic\u00f3loga Carla Poppa, que tratar\u00e1 sobre como ajudar a crian\u00e7a a lidar com a raiva! &nbsp; Vale a pena a leitura! &nbsp; &nbsp; &#8230;&#8230;&#8230;&#8230;&#8230;&#8230;&#8230;&#8230;&#8230;&#8230;&#8230;&#8230;&#8230;&#8230;&#8230;&#8230;&#8230;&#8230;&#8230;&#8230;&#8230;&#8230;&#8230;&#8230;&#8230;&#8230;&#8230;&#8230;&#8230;&#8230;&#8230;&#8230;&#8230;&#8230;&#8230;&#8230;&#8230;&#8230;&#8230;&#8230;&#8230;&#8230;&#8230;&#8230;&#8230;&#8230;&#8230;&#8230;&#8230;&#8230;&#8230;&#8230;&#8230;&#8230;&#8230;.. &nbsp; Como ajudar a crian\u00e7a a lidar com a raiva &nbsp; &nbsp; &nbsp; &nbsp; A crian\u00e7a quando [&hellip;]","og_url":"https:\/\/colinahomolog.com.br\/dev\/just-real-moms\/como-ajudar-crianca-a-lidar-com-raiva\/","og_site_name":"Just Real Moms - Blog para M\u00e3es","article_publisher":"https:\/\/www.facebook.com\/JustRealMoms","article_published_time":"2013-10-09T11:30:07+00:00","article_modified_time":"2023-01-16T00:07:00+00:00","og_image":[{"url":"https:\/\/colinahomolog.com.br\/dev\/just-real-moms\/wp-content\/uploads\/2013\/10\/Captura-de-Tela-2013-10-08-\u00e0s-23.31.32.png","width":1,"height":1,"type":"image\/png"}],"author":"Carla Poppa","twitter_misc":{"Escrito por":"Carla Poppa","Est. tempo de leitura":"7 minutos"},"schema":{"@context":"https:\/\/schema.org","@graph":[{"@type":"WebPage","@id":"https:\/\/colinahomolog.com.br\/dev\/just-real-moms\/como-ajudar-crianca-a-lidar-com-raiva\/","url":"https:\/\/colinahomolog.com.br\/dev\/just-real-moms\/como-ajudar-crianca-a-lidar-com-raiva\/","name":"Como ajudar a crian\u00e7a a lidar com a raiva - por Carla Poppa, psic\u00f3loga","isPartOf":{"@id":"https:\/\/colinahomolog.com.br\/dev\/just-real-moms\/#website"},"primaryImageOfPage":{"@id":"https:\/\/colinahomolog.com.br\/dev\/just-real-moms\/como-ajudar-crianca-a-lidar-com-raiva\/#primaryimage"},"image":{"@id":"https:\/\/colinahomolog.com.br\/dev\/just-real-moms\/como-ajudar-crianca-a-lidar-com-raiva\/#primaryimage"},"thumbnailUrl":"https:\/\/colinahomolog.com.br\/dev\/just-real-moms\/wp-content\/uploads\/2013\/10\/Captura-de-Tela-2013-10-08-\u00e0s-23.31.32.png","datePublished":"2013-10-09T11:30:07+00:00","dateModified":"2023-01-16T00:07:00+00:00","author":{"@id":"https:\/\/colinahomolog.com.br\/dev\/just-real-moms\/#\/schema\/person\/43e8a0575964cd04d033e686ea1d0f26"},"breadcrumb":{"@id":"https:\/\/colinahomolog.com.br\/dev\/just-real-moms\/como-ajudar-crianca-a-lidar-com-raiva\/#breadcrumb"},"inLanguage":"pt-BR","potentialAction":[{"@type":"ReadAction","target":["https:\/\/colinahomolog.com.br\/dev\/just-real-moms\/como-ajudar-crianca-a-lidar-com-raiva\/"]}]},{"@type":"ImageObject","inLanguage":"pt-BR","@id":"https:\/\/colinahomolog.com.br\/dev\/just-real-moms\/como-ajudar-crianca-a-lidar-com-raiva\/#primaryimage","url":"https:\/\/colinahomolog.com.br\/dev\/just-real-moms\/wp-content\/uploads\/2013\/10\/Captura-de-Tela-2013-10-08-\u00e0s-23.31.32.png","contentUrl":"https:\/\/colinahomolog.com.br\/dev\/just-real-moms\/wp-content\/uploads\/2013\/10\/Captura-de-Tela-2013-10-08-\u00e0s-23.31.32.png"},{"@type":"BreadcrumbList","@id":"https:\/\/colinahomolog.com.br\/dev\/just-real-moms\/como-ajudar-crianca-a-lidar-com-raiva\/#breadcrumb","itemListElement":[{"@type":"ListItem","position":1,"name":"In\u00edcio","item":"https:\/\/colinahomolog.com.br\/dev\/just-real-moms\/"},{"@type":"ListItem","position":2,"name":"Como ajudar a crian\u00e7a a lidar com a raiva &#8211; por Carla Poppa, psic\u00f3loga"}]},{"@type":"WebSite","@id":"https:\/\/colinahomolog.com.br\/dev\/just-real-moms\/#website","url":"https:\/\/colinahomolog.com.br\/dev\/just-real-moms\/","name":"Just Real Moms - Blog para M\u00e3es","description":"O melhor e mais completo portal para m\u00e3es, pais e futuros pais!","potentialAction":[{"@type":"SearchAction","target":{"@type":"EntryPoint","urlTemplate":"https:\/\/colinahomolog.com.br\/dev\/just-real-moms\/?s={search_term_string}"},"query-input":{"@type":"PropertyValueSpecification","valueRequired":true,"valueName":"search_term_string"}}],"inLanguage":"pt-BR"},{"@type":"Person","@id":"https:\/\/colinahomolog.com.br\/dev\/just-real-moms\/#\/schema\/person\/43e8a0575964cd04d033e686ea1d0f26","name":"Carla Poppa","description":"Psic\u00f3loga","url":"https:\/\/colinahomolog.com.br\/dev\/just-real-moms\/author\/carla-poppa\/"}]}},"_links":{"self":[{"href":"https:\/\/colinahomolog.com.br\/dev\/just-real-moms\/wp-json\/wp\/v2\/posts\/19547","targetHints":{"allow":["GET"]}}],"collection":[{"href":"https:\/\/colinahomolog.com.br\/dev\/just-real-moms\/wp-json\/wp\/v2\/posts"}],"about":[{"href":"https:\/\/colinahomolog.com.br\/dev\/just-real-moms\/wp-json\/wp\/v2\/types\/post"}],"author":[{"embeddable":true,"href":"https:\/\/colinahomolog.com.br\/dev\/just-real-moms\/wp-json\/wp\/v2\/users\/1018"}],"replies":[{"embeddable":true,"href":"https:\/\/colinahomolog.com.br\/dev\/just-real-moms\/wp-json\/wp\/v2\/comments?post=19547"}],"version-history":[{"count":0,"href":"https:\/\/colinahomolog.com.br\/dev\/just-real-moms\/wp-json\/wp\/v2\/posts\/19547\/revisions"}],"wp:featuredmedia":[{"embeddable":true,"href":"https:\/\/colinahomolog.com.br\/dev\/just-real-moms\/wp-json\/wp\/v2\/media\/19551"}],"wp:attachment":[{"href":"https:\/\/colinahomolog.com.br\/dev\/just-real-moms\/wp-json\/wp\/v2\/media?parent=19547"}],"wp:term":[{"taxonomy":"category","embeddable":true,"href":"https:\/\/colinahomolog.com.br\/dev\/just-real-moms\/wp-json\/wp\/v2\/categories?post=19547"},{"taxonomy":"post_tag","embeddable":true,"href":"https:\/\/colinahomolog.com.br\/dev\/just-real-moms\/wp-json\/wp\/v2\/tags?post=19547"}],"curies":[{"name":"wp","href":"https:\/\/api.w.org\/{rel}","templated":true}]}}