{"id":23558,"date":"2014-03-18T09:15:30","date_gmt":"2014-03-18T12:15:30","guid":{"rendered":"https:\/\/colinahomolog.com.br\/dev\/just-real-moms\/?p=23558"},"modified":"2016-05-05T19:06:39","modified_gmt":"2016-05-05T22:06:39","slug":"da-as-dicas-8","status":"publish","type":"post","link":"https:\/\/colinahomolog.com.br\/dev\/just-real-moms\/da-as-dicas-8\/","title":{"rendered":"Roberta Brasil Cintra d\u00e1 as dicas!"},"content":{"rendered":"<button class=\"simplefavorite-button preset\" data-postid=\"23558\" data-siteid=\"1\" data-groupid=\"1\" data-favoritecount=\"0\" style=\"box-shadow:none;-webkit-box-shadow:none;-moz-box-shadow:none;background-color:#68ccb4;border-color:#68ccb4;color:#ffffff;\"><i class=\"sf-icon-favorite\" style=\"\"><\/i>Favorite<\/button><p>&nbsp;<\/p>\n<p style=\"text-align: center;\"><img decoding=\"async\" class=\"aligncenter  wp-image-23565\" alt=\"microfone\" src=\"https:\/\/colinahomolog.com.br\/dev\/just-real-moms\/wp-content\/uploads\/2014\/03\/microfone.jpg\" width=\"201\" height=\"203\" srcset=\"https:\/\/colinahomolog.com.br\/dev\/just-real-moms\/wp-content\/uploads\/2014\/03\/microfone.jpg 418w, https:\/\/colinahomolog.com.br\/dev\/just-real-moms\/wp-content\/uploads\/2014\/03\/microfone-295x300.jpg 295w\" sizes=\"(max-width: 201px) 100vw, 201px\" \/><\/p>\n<p>&nbsp;<\/p>\n<p>Oi, meninas!<\/p>\n<p>&nbsp;<\/p>\n<p style=\"text-align: justify;\">Esta \u00e9 uma semana muito especial! Na sexta-feira, dia 21 de mar\u00e7o, \u00e9 comemorado o Dia Internacional da S\u00edndrome de Down! E a entrevista de hoje ser\u00e1 com a querida <strong>Roberta Brasil Cintra<\/strong>, que representar\u00e1 todas as mam\u00e3es com filhos(as) portadores dessa s\u00edndrome.<\/p>\n<p>&nbsp;<\/p>\n<p style=\"text-align: justify;\">A hist\u00f3ria da Roberta \u00e9 emocionante! Foi m\u00e3e aos 38 anos de idade e descobriu que seu filho era especial ap\u00f3s o parto. Passou os nove meses da gravidez sem saber e sem se preparar para isso. Mas soube lidar muito bem com toda situa\u00e7\u00e3o e nem preciso dizer que \u00e9 completamente alucinada por ele! Antonio \u00e9 um menino encantador e super esperto! Depois dele, ela teve o David, seu segundo filho!<\/p>\n<p>&nbsp;<\/p>\n<p style=\"text-align: justify;\">&#8220;<em>Sempre digo que os meninos s\u00e3o privilegiados. Brincam com carrinhos desde pequenos e n\u00e3o precisam crescer muito para realizar o sonho de comprar o primeiro carro. Bem, eu demorei muito para ganhar a minha \u201cboneca de verdade\u201d. Mas valeu a pena. Fui m\u00e3e aos 38 anos e n\u00e3o consigo imaginar a minha vida sem os meus filhos. Ser m\u00e3e \u00e9 um sonho e uma aventura. Ser m\u00e3e de um beb\u00ea especial \u00e9 uma deliciosa revolu\u00e7\u00e3o. Hoje sou uma pessoa muito mais tolerante, paciente e feliz<\/em>.&#8221;<\/p>\n<p>&nbsp;<\/p>\n<p>Entrevista deliciosa e emocionante! Vale a pena ler!!<\/p>\n<p>&nbsp;<\/p>\n<p>Espero que gostem!<\/p>\n<p>Mil Bjss<\/p>\n<p>&nbsp;<\/p>\n<p>&nbsp;<\/p>\n<p><img fetchpriority=\"high\" decoding=\"async\" class=\"aligncenter size-full wp-image-23576\" alt=\"roberta4\" src=\"https:\/\/colinahomolog.com.br\/dev\/just-real-moms\/wp-content\/uploads\/2014\/03\/roberta4.jpg\" width=\"501\" height=\"335\" srcset=\"https:\/\/colinahomolog.com.br\/dev\/just-real-moms\/wp-content\/uploads\/2014\/03\/roberta4.jpg 501w, https:\/\/colinahomolog.com.br\/dev\/just-real-moms\/wp-content\/uploads\/2014\/03\/roberta4-150x100.jpg 150w, https:\/\/colinahomolog.com.br\/dev\/just-real-moms\/wp-content\/uploads\/2014\/03\/roberta4-300x200.jpg 300w\" sizes=\"(max-width: 501px) 100vw, 501px\" \/><\/p>\n<p>&nbsp;<\/p>\n<p>&nbsp;<\/p>\n<p><span style=\"color: #8b8574;\">\u2026\u2026\u2026\u2026\u2026\u2026\u2026\u2026\u2026\u2026\u2026\u2026\u2026\u2026\u2026\u2026\u2026\u2026\u2026\u2026\u2026\u2026\u2026\u2026\u2026\u2026\u2026\u2026\u2026\u2026\u2026\u2026\u2026\u2026\u2026\u2026\u2026\u2026\u2026\u2026\u2026\u2026\u2026\u2026\u2026<\/span><\/p>\n<p>&nbsp;<\/p>\n<p style=\"text-align: center;\"><img decoding=\"async\" class=\"aligncenter  wp-image-23559\" alt=\"temas1\" src=\"https:\/\/colinahomolog.com.br\/dev\/just-real-moms\/wp-content\/uploads\/2014\/03\/temas11.jpg\" width=\"238\" height=\"222\" srcset=\"https:\/\/colinahomolog.com.br\/dev\/just-real-moms\/wp-content\/uploads\/2014\/03\/temas11.jpg 298w, https:\/\/colinahomolog.com.br\/dev\/just-real-moms\/wp-content\/uploads\/2014\/03\/temas11-150x139.jpg 150w, https:\/\/colinahomolog.com.br\/dev\/just-real-moms\/wp-content\/uploads\/2014\/03\/temas11-77x71.jpg 77w, https:\/\/colinahomolog.com.br\/dev\/just-real-moms\/wp-content\/uploads\/2014\/03\/temas11-90x85.jpg 90w\" sizes=\"(max-width: 238px) 100vw, 238px\" \/><\/p>\n<p>&nbsp;<\/p>\n<p>&nbsp;<\/p>\n<p style=\"text-align: justify;\">Nossa fam\u00edlia soube das caracter\u00edsticas do Antonio depois do nascimento. Especialmente nesses casos, os primeiros dias de uma m\u00e3e de um beb\u00ea especial n\u00e3o costumam ser f\u00e1ceis. <strong>N\u00e3o se cobre, siga o eu cora\u00e7\u00e3o e se aproxime do \u201cmundo Down\u201d respeitando sua pr\u00f3pria velocidade.<\/strong> Quando o Antonio nasceu, muitos amigos, com as melhores inten\u00e7\u00f5es, quiseram me apresentar \u00e0 outras m\u00e3es que tiveram beb\u00eas com S\u00edndrome de Down. Se, de um lado, eu fiquei feliz com tanto carinho e solidariedade, por outro lado, ainda n\u00e3o conseguia muito conversar sobre o assunto. Hoje entendo perfeitamente o porqu\u00ea. Enquanto em situa\u00e7\u00f5es regulares voc\u00ea tem 9 meses para gerar o seu beb\u00ea, quando o Tom Tom nasceu eu tive apenas alguns minutos para refazer todos os meus planos. Com o tempo fui me aproximando e tudo se encaixou! Hoje posso dizer que o Antonio chegou como um fucar\u00e3o (\u00e9 assim que eles chegam!!!), tirou tudo do lugar, mas nos fez pessoas melhores.<\/p>\n<p>&nbsp;<\/p>\n<p style=\"text-align: justify;\">Aqui no Brasil as gestantes n\u00e3o costumam fazer exames gen\u00e9ticos a partir dos 35 anos, existe um \u201cfolclore\u201d sobre os riscos de perder o beb\u00ea. Bem, depois que o Antonio nasceu me aproximei bastante desse mundo e estou certa que todas as gestantes deveriam fazer esse exame. Eu fiz na minha segunda gravidez e \u00e9 muito simples e seguro. Se toda a gr\u00e1vida tem 10%\/15% de perder o beb\u00ea naturalmente, o risco de 0,5% de perder o beb\u00ea, ao fazer o exame gen\u00e9tico, \u00e9 m\u00ednimo! E com isso, voc\u00ea pode se preparar e estudar sobre o &#8220;mundo Down&#8221; antes do beb\u00ea nascer!<\/p>\n<p>&nbsp;<\/p>\n<p>&nbsp;<\/p>\n<p><img loading=\"lazy\" decoding=\"async\" class=\"aligncenter size-full wp-image-23581\" alt=\"roberta9\" src=\"https:\/\/colinahomolog.com.br\/dev\/just-real-moms\/wp-content\/uploads\/2014\/03\/roberta9.jpg\" width=\"501\" height=\"667\" srcset=\"https:\/\/colinahomolog.com.br\/dev\/just-real-moms\/wp-content\/uploads\/2014\/03\/roberta9.jpg 501w, https:\/\/colinahomolog.com.br\/dev\/just-real-moms\/wp-content\/uploads\/2014\/03\/roberta9-112x150.jpg 112w, https:\/\/colinahomolog.com.br\/dev\/just-real-moms\/wp-content\/uploads\/2014\/03\/roberta9-225x300.jpg 225w\" sizes=\"(max-width: 501px) 100vw, 501px\" \/><\/p>\n<p>&nbsp;<\/p>\n<p>&nbsp;<\/p>\n<p><span style=\"color: #8b8574;\">\u2026\u2026\u2026\u2026\u2026\u2026\u2026\u2026\u2026\u2026\u2026\u2026\u2026\u2026\u2026\u2026\u2026\u2026\u2026\u2026\u2026\u2026\u2026\u2026\u2026\u2026\u2026\u2026\u2026\u2026\u2026\u2026\u2026\u2026\u2026\u2026\u2026\u2026\u2026\u2026\u2026\u2026\u2026\u2026\u2026<\/span><\/p>\n<p>&nbsp;<\/p>\n<p style=\"text-align: center;\"><img loading=\"lazy\" decoding=\"async\" class=\"aligncenter  wp-image-23560\" alt=\"temas2\" src=\"https:\/\/colinahomolog.com.br\/dev\/just-real-moms\/wp-content\/uploads\/2014\/03\/temas21.jpg\" width=\"239\" height=\"222\" srcset=\"https:\/\/colinahomolog.com.br\/dev\/just-real-moms\/wp-content\/uploads\/2014\/03\/temas21.jpg 299w, https:\/\/colinahomolog.com.br\/dev\/just-real-moms\/wp-content\/uploads\/2014\/03\/temas21-150x139.jpg 150w, https:\/\/colinahomolog.com.br\/dev\/just-real-moms\/wp-content\/uploads\/2014\/03\/temas21-77x71.jpg 77w, https:\/\/colinahomolog.com.br\/dev\/just-real-moms\/wp-content\/uploads\/2014\/03\/temas21-90x85.jpg 90w\" sizes=\"(max-width: 239px) 100vw, 239px\" \/><\/p>\n<p>&nbsp;<\/p>\n<p>&nbsp;<\/p>\n<p style=\"text-align: justify;\"><strong>No passado, os downzinhos eram escondidos da sociedade e achavam que eles n\u00e3o conseguiriam fazer nada sozinhos. Garanto: n\u00e3o \u00e9 assim MESMO<\/strong>. O Antonio tem tr\u00eas anos e come sozinho, dorme sozinho (desde o primeiro dia de vida), brinca sozinho e inclusive j\u00e1 estamos introduzindo a segunda l\u00edngua no programa Global da escola. N\u00f3s n\u00e3o daremos os limites, estamos atentos para que ele nos diga o que ele quer ou n\u00e3o quer, consegue ou n\u00e3o consegue. Neste aspecto, cuidamos do Antonio como cuidamos do irm\u00e3ozinho mais novo \u201co c\u00e9u \u00e9 o limite\u201d! Se voc\u00ea \u00e9 m\u00e3e de um beb\u00ea especial: arrisque e voc\u00ea vai se surpreender.<\/p>\n<p>&nbsp;<\/p>\n<p>&nbsp;<\/p>\n<p><img loading=\"lazy\" decoding=\"async\" class=\"aligncenter size-full wp-image-23577\" alt=\"roberta5\" src=\"https:\/\/colinahomolog.com.br\/dev\/just-real-moms\/wp-content\/uploads\/2014\/03\/roberta5.jpg\" width=\"501\" height=\"335\" srcset=\"https:\/\/colinahomolog.com.br\/dev\/just-real-moms\/wp-content\/uploads\/2014\/03\/roberta5.jpg 501w, https:\/\/colinahomolog.com.br\/dev\/just-real-moms\/wp-content\/uploads\/2014\/03\/roberta5-150x100.jpg 150w, https:\/\/colinahomolog.com.br\/dev\/just-real-moms\/wp-content\/uploads\/2014\/03\/roberta5-300x200.jpg 300w\" sizes=\"(max-width: 501px) 100vw, 501px\" \/><\/p>\n<p>&nbsp;<\/p>\n<p>&nbsp;<\/p>\n<p><span style=\"color: #8b8574;\">\u2026\u2026\u2026\u2026\u2026\u2026\u2026\u2026\u2026\u2026\u2026\u2026\u2026\u2026\u2026\u2026\u2026\u2026\u2026\u2026\u2026\u2026\u2026\u2026\u2026\u2026\u2026\u2026\u2026\u2026\u2026\u2026\u2026\u2026\u2026\u2026\u2026\u2026\u2026\u2026\u2026\u2026\u2026\u2026\u2026<\/span><\/p>\n<p>&nbsp;<\/p>\n<p style=\"text-align: center;\"><img loading=\"lazy\" decoding=\"async\" class=\"aligncenter  wp-image-23561\" alt=\"temas3\" src=\"https:\/\/colinahomolog.com.br\/dev\/just-real-moms\/wp-content\/uploads\/2014\/03\/temas31.jpg\" width=\"239\" height=\"222\" srcset=\"https:\/\/colinahomolog.com.br\/dev\/just-real-moms\/wp-content\/uploads\/2014\/03\/temas31.jpg 299w, https:\/\/colinahomolog.com.br\/dev\/just-real-moms\/wp-content\/uploads\/2014\/03\/temas31-150x139.jpg 150w, https:\/\/colinahomolog.com.br\/dev\/just-real-moms\/wp-content\/uploads\/2014\/03\/temas31-77x71.jpg 77w, https:\/\/colinahomolog.com.br\/dev\/just-real-moms\/wp-content\/uploads\/2014\/03\/temas31-90x85.jpg 90w\" sizes=\"(max-width: 239px) 100vw, 239px\" \/><\/p>\n<p>&nbsp;<\/p>\n<p>&nbsp;<\/p>\n<p style=\"text-align: justify;\"><strong>Adoro vestir os meus meninos com as mesmas cores e com roupas bem moderninhas e confort\u00e1veis<\/strong>. Antonio adora um espelho e gosta de se arrumar, da\u00ed fica mais gostoso brincar com as combina\u00e7\u00f5es.<\/p>\n<p>&nbsp;<\/p>\n<p>&nbsp;<\/p>\n<p><img loading=\"lazy\" decoding=\"async\" class=\"aligncenter size-full wp-image-23578\" alt=\"roberta6\" src=\"https:\/\/colinahomolog.com.br\/dev\/just-real-moms\/wp-content\/uploads\/2014\/03\/roberta6.jpg\" width=\"501\" height=\"667\" srcset=\"https:\/\/colinahomolog.com.br\/dev\/just-real-moms\/wp-content\/uploads\/2014\/03\/roberta6.jpg 501w, https:\/\/colinahomolog.com.br\/dev\/just-real-moms\/wp-content\/uploads\/2014\/03\/roberta6-112x150.jpg 112w, https:\/\/colinahomolog.com.br\/dev\/just-real-moms\/wp-content\/uploads\/2014\/03\/roberta6-225x300.jpg 225w\" sizes=\"(max-width: 501px) 100vw, 501px\" \/><\/p>\n<p><img loading=\"lazy\" decoding=\"async\" class=\"aligncenter size-full wp-image-23582\" alt=\"roberta10\" src=\"https:\/\/colinahomolog.com.br\/dev\/just-real-moms\/wp-content\/uploads\/2014\/03\/roberta10.jpg\" width=\"501\" height=\"751\" srcset=\"https:\/\/colinahomolog.com.br\/dev\/just-real-moms\/wp-content\/uploads\/2014\/03\/roberta10.jpg 501w, https:\/\/colinahomolog.com.br\/dev\/just-real-moms\/wp-content\/uploads\/2014\/03\/roberta10-100x150.jpg 100w, https:\/\/colinahomolog.com.br\/dev\/just-real-moms\/wp-content\/uploads\/2014\/03\/roberta10-200x300.jpg 200w\" sizes=\"(max-width: 501px) 100vw, 501px\" \/><\/p>\n<p><img loading=\"lazy\" decoding=\"async\" class=\"aligncenter size-full wp-image-23575\" alt=\"roberta3\" src=\"https:\/\/colinahomolog.com.br\/dev\/just-real-moms\/wp-content\/uploads\/2014\/03\/roberta3.jpg\" width=\"501\" height=\"751\" srcset=\"https:\/\/colinahomolog.com.br\/dev\/just-real-moms\/wp-content\/uploads\/2014\/03\/roberta3.jpg 501w, https:\/\/colinahomolog.com.br\/dev\/just-real-moms\/wp-content\/uploads\/2014\/03\/roberta3-100x150.jpg 100w, https:\/\/colinahomolog.com.br\/dev\/just-real-moms\/wp-content\/uploads\/2014\/03\/roberta3-200x300.jpg 200w\" sizes=\"(max-width: 501px) 100vw, 501px\" \/><\/p>\n<p><img loading=\"lazy\" decoding=\"async\" class=\"aligncenter size-full wp-image-23579\" alt=\"roberta7\" src=\"https:\/\/colinahomolog.com.br\/dev\/just-real-moms\/wp-content\/uploads\/2014\/03\/roberta7.jpg\" width=\"501\" height=\"667\" srcset=\"https:\/\/colinahomolog.com.br\/dev\/just-real-moms\/wp-content\/uploads\/2014\/03\/roberta7.jpg 501w, https:\/\/colinahomolog.com.br\/dev\/just-real-moms\/wp-content\/uploads\/2014\/03\/roberta7-112x150.jpg 112w, https:\/\/colinahomolog.com.br\/dev\/just-real-moms\/wp-content\/uploads\/2014\/03\/roberta7-225x300.jpg 225w\" sizes=\"(max-width: 501px) 100vw, 501px\" \/><\/p>\n<p>&nbsp;<\/p>\n<p>&nbsp;<\/p>\n<p><span style=\"color: #8b8574;\">\u2026\u2026\u2026\u2026\u2026\u2026\u2026\u2026\u2026\u2026\u2026\u2026\u2026\u2026\u2026\u2026\u2026\u2026\u2026\u2026\u2026\u2026\u2026\u2026\u2026\u2026\u2026\u2026\u2026\u2026\u2026\u2026\u2026\u2026\u2026\u2026\u2026\u2026\u2026\u2026\u2026\u2026\u2026\u2026\u2026<\/span><\/p>\n<p>&nbsp;<\/p>\n<p style=\"text-align: center;\"><img loading=\"lazy\" decoding=\"async\" class=\"aligncenter  wp-image-23562\" alt=\"temas4\" src=\"https:\/\/colinahomolog.com.br\/dev\/just-real-moms\/wp-content\/uploads\/2014\/03\/temas41.jpg\" width=\"238\" height=\"222\" srcset=\"https:\/\/colinahomolog.com.br\/dev\/just-real-moms\/wp-content\/uploads\/2014\/03\/temas41.jpg 298w, https:\/\/colinahomolog.com.br\/dev\/just-real-moms\/wp-content\/uploads\/2014\/03\/temas41-150x139.jpg 150w, https:\/\/colinahomolog.com.br\/dev\/just-real-moms\/wp-content\/uploads\/2014\/03\/temas41-77x71.jpg 77w, https:\/\/colinahomolog.com.br\/dev\/just-real-moms\/wp-content\/uploads\/2014\/03\/temas41-90x85.jpg 90w\" sizes=\"(max-width: 238px) 100vw, 238px\" \/><\/p>\n<p>&nbsp;<\/p>\n<p>&nbsp;<\/p>\n<p style=\"text-align: justify;\"><strong>A festinha de 1 ano do Antonio foi uma del\u00edcia!<\/strong> Foi t\u00e3o gostoso que tamb\u00e9m fizemos para o David. Eu entendo as m\u00e3es que n\u00e3o fazem festinha para o primeiro ano, pois de fato as crian\u00e7as bem pequenas n\u00e3o aproveitam tanto quanto uma crian\u00e7a maior. Mas foi t\u00e3o legal que acho que vale muito a pena!<\/p>\n<p>&nbsp;<\/p>\n<p>&nbsp;<\/p>\n<p><img loading=\"lazy\" decoding=\"async\" class=\"aligncenter size-full wp-image-23573\" alt=\"roberta1\" src=\"https:\/\/colinahomolog.com.br\/dev\/just-real-moms\/wp-content\/uploads\/2014\/03\/roberta1.jpg\" width=\"501\" height=\"335\" srcset=\"https:\/\/colinahomolog.com.br\/dev\/just-real-moms\/wp-content\/uploads\/2014\/03\/roberta1.jpg 501w, https:\/\/colinahomolog.com.br\/dev\/just-real-moms\/wp-content\/uploads\/2014\/03\/roberta1-150x100.jpg 150w, https:\/\/colinahomolog.com.br\/dev\/just-real-moms\/wp-content\/uploads\/2014\/03\/roberta1-300x200.jpg 300w\" sizes=\"(max-width: 501px) 100vw, 501px\" \/><\/p>\n<p><img loading=\"lazy\" decoding=\"async\" class=\"aligncenter size-full wp-image-23574\" alt=\"roberta2\" src=\"https:\/\/colinahomolog.com.br\/dev\/just-real-moms\/wp-content\/uploads\/2014\/03\/roberta2.jpg\" width=\"501\" height=\"334\" srcset=\"https:\/\/colinahomolog.com.br\/dev\/just-real-moms\/wp-content\/uploads\/2014\/03\/roberta2.jpg 501w, https:\/\/colinahomolog.com.br\/dev\/just-real-moms\/wp-content\/uploads\/2014\/03\/roberta2-150x99.jpg 150w, https:\/\/colinahomolog.com.br\/dev\/just-real-moms\/wp-content\/uploads\/2014\/03\/roberta2-300x199.jpg 300w\" sizes=\"(max-width: 501px) 100vw, 501px\" \/><\/p>\n<p>&nbsp;<\/p>\n<p><span style=\"color: #8b8574;\">\u2026\u2026\u2026\u2026\u2026\u2026\u2026\u2026\u2026\u2026\u2026\u2026\u2026\u2026\u2026\u2026\u2026\u2026\u2026\u2026\u2026\u2026\u2026\u2026\u2026\u2026\u2026\u2026\u2026\u2026\u2026\u2026\u2026\u2026\u2026\u2026\u2026\u2026\u2026\u2026\u2026\u2026\u2026\u2026\u2026<\/span><\/p>\n<p>&nbsp;<\/p>\n<p style=\"text-align: center;\"><img loading=\"lazy\" decoding=\"async\" class=\"aligncenter  wp-image-23563\" alt=\"temas5\" src=\"https:\/\/colinahomolog.com.br\/dev\/just-real-moms\/wp-content\/uploads\/2014\/03\/temas51.jpg\" width=\"239\" height=\"222\" srcset=\"https:\/\/colinahomolog.com.br\/dev\/just-real-moms\/wp-content\/uploads\/2014\/03\/temas51.jpg 299w, https:\/\/colinahomolog.com.br\/dev\/just-real-moms\/wp-content\/uploads\/2014\/03\/temas51-150x139.jpg 150w, https:\/\/colinahomolog.com.br\/dev\/just-real-moms\/wp-content\/uploads\/2014\/03\/temas51-77x71.jpg 77w, https:\/\/colinahomolog.com.br\/dev\/just-real-moms\/wp-content\/uploads\/2014\/03\/temas51-90x85.jpg 90w\" sizes=\"(max-width: 239px) 100vw, 239px\" \/><\/p>\n<p>&nbsp;<\/p>\n<p>&nbsp;<\/p>\n<p style=\"text-align: justify;\">Adoro decora\u00e7\u00e3o moderna com um toque vintage. Fiz o quartinho dos meninos na <strong><span style=\"color: #0000ff;\"><a title=\"Petit Retro\" href=\"http:\/\/www.petitretro.com.br\/\" target=\"_blank\"><span style=\"color: #0000ff;\">Petit Retr<\/span><\/a><\/span><span style=\"color: #0000ff;\"><a title=\"Petit Retro\" href=\"http:\/\/www.petitretro.com.br\/\" target=\"_blank\"><span style=\"color: #0000ff;\">o<\/span><\/a><\/span><\/strong> e ficou exatamente como eu queria. Elas t\u00eam tecidos exclusivos e fazem uma combina\u00e7\u00e3o de cores bem inusitada, sem falar dos bichinhos de pano que d\u00e3o um toque todo especial. At\u00e9 hoje o David que tem 1 ano e 3 meses dorme no ber\u00e7o acompanhado do rato e do gato, muito fofo!<\/p>\n<p>&nbsp;<\/p>\n<p>&nbsp;<\/p>\n<p><img loading=\"lazy\" decoding=\"async\" class=\"aligncenter size-full wp-image-23583\" alt=\"roberta11\" src=\"https:\/\/colinahomolog.com.br\/dev\/just-real-moms\/wp-content\/uploads\/2014\/03\/roberta11.jpg\" width=\"501\" height=\"323\" srcset=\"https:\/\/colinahomolog.com.br\/dev\/just-real-moms\/wp-content\/uploads\/2014\/03\/roberta11.jpg 501w, https:\/\/colinahomolog.com.br\/dev\/just-real-moms\/wp-content\/uploads\/2014\/03\/roberta11-150x96.jpg 150w, https:\/\/colinahomolog.com.br\/dev\/just-real-moms\/wp-content\/uploads\/2014\/03\/roberta11-300x193.jpg 300w\" sizes=\"(max-width: 501px) 100vw, 501px\" \/><\/p>\n<p style=\"text-align: center;\"><span style=\"color: #c0c0c0;\"><em>Imagem meramente ilustrativa<\/em><\/span><\/p>\n<p>&nbsp;<\/p>\n<p>&nbsp;<\/p>\n<p><span style=\"color: #8b8574;\">\u2026\u2026\u2026\u2026\u2026\u2026\u2026\u2026\u2026\u2026\u2026\u2026\u2026\u2026\u2026\u2026\u2026\u2026\u2026\u2026\u2026\u2026\u2026\u2026\u2026\u2026\u2026\u2026\u2026\u2026\u2026\u2026\u2026\u2026\u2026\u2026\u2026\u2026\u2026\u2026\u2026\u2026\u2026\u2026\u2026<\/span><\/p>\n<p>&nbsp;<\/p>\n<p style=\"text-align: center;\"><img loading=\"lazy\" decoding=\"async\" class=\"aligncenter  wp-image-23564\" alt=\"temas6\" src=\"https:\/\/colinahomolog.com.br\/dev\/just-real-moms\/wp-content\/uploads\/2014\/03\/temas61.jpg\" width=\"238\" height=\"222\" srcset=\"https:\/\/colinahomolog.com.br\/dev\/just-real-moms\/wp-content\/uploads\/2014\/03\/temas61.jpg 298w, https:\/\/colinahomolog.com.br\/dev\/just-real-moms\/wp-content\/uploads\/2014\/03\/temas61-150x139.jpg 150w, https:\/\/colinahomolog.com.br\/dev\/just-real-moms\/wp-content\/uploads\/2014\/03\/temas61-77x71.jpg 77w, https:\/\/colinahomolog.com.br\/dev\/just-real-moms\/wp-content\/uploads\/2014\/03\/temas61-90x85.jpg 90w\" sizes=\"(max-width: 238px) 100vw, 238px\" \/><\/p>\n<p>&nbsp;<\/p>\n<p>&nbsp;<\/p>\n<p style=\"text-align: justify;\">Costumamos viajar menos do que\u00a0 gostar\u00edamos, da\u00ed \u00e9 preciso colocar a imagina\u00e7\u00e3o em a\u00e7\u00e3o no fim de semana! Nossos programas preferidos s\u00e3o: passear de <strong>bicicleta na ciclofaixa, brincar no Parque no Povo e frenquentar as atividades do<\/strong> <strong><span style=\"color: #0000ff;\"><a title=\"Mamusca\" href=\"http:\/\/www.mamusca.com.br\/\" target=\"_blank\"><span style=\"color: #0000ff;\">Mamusca<\/span><\/a><\/span><\/strong>. No \u00faltimo fim de semana participamos de uma aula de dan\u00e7a para pequenos que foi muito legal! Quando estiver em S\u00e3o Paulo, vale muito a pena dar uma olhada na programa\u00e7\u00e3o do Mamusca!<\/p>\n<p>&nbsp;<\/p>\n<p>&nbsp;<\/p>\n<p><img loading=\"lazy\" decoding=\"async\" class=\"aligncenter size-full wp-image-23580\" alt=\"roberta8\" src=\"https:\/\/colinahomolog.com.br\/dev\/just-real-moms\/wp-content\/uploads\/2014\/03\/roberta8.jpg\" width=\"501\" height=\"376\" srcset=\"https:\/\/colinahomolog.com.br\/dev\/just-real-moms\/wp-content\/uploads\/2014\/03\/roberta8.jpg 501w, https:\/\/colinahomolog.com.br\/dev\/just-real-moms\/wp-content\/uploads\/2014\/03\/roberta8-150x112.jpg 150w, https:\/\/colinahomolog.com.br\/dev\/just-real-moms\/wp-content\/uploads\/2014\/03\/roberta8-300x225.jpg 300w\" sizes=\"(max-width: 501px) 100vw, 501px\" \/><\/p>\n<p>&nbsp;<\/p>\n<p>&nbsp;<\/p>\n<p>&nbsp;<\/p>\n\n    <div class=\"xs_social_share_widget xs_share_url after_content \t\tmain_content  wslu-style-1 wslu-share-box-shaped wslu-fill-colored wslu-none wslu-share-horizontal wslu-theme-font-no wslu-main_content\">\n\n\t\t\n        <ul>\n\t\t\t        <\/ul>\n    <\/div> \n","protected":false},"excerpt":{"rendered":"<p>Favorite&nbsp; &nbsp; Oi, meninas! &nbsp; Esta \u00e9 uma semana muito especial! Na sexta-feira, dia 21 de mar\u00e7o, \u00e9 comemorado o Dia Internacional da S\u00edndrome de Down! E a entrevista de hoje ser\u00e1 com a querida Roberta Brasil Cintra, que representar\u00e1 todas as mam\u00e3es com filhos(as) portadores dessa s\u00edndrome. &nbsp; A hist\u00f3ria da Roberta \u00e9 emocionante! [&hellip;]<\/p>\n","protected":false},"author":4,"featured_media":23585,"comment_status":"open","ping_status":"closed","sticky":false,"template":"","format":"standard","meta":{"_acf_changed":false,"footnotes":""},"categories":[264],"tags":[410,5,57],"class_list":{"0":"post-23558","1":"post","2":"type-post","3":"status-publish","4":"format-standard","5":"has-post-thumbnail","7":"category-entrevistas","8":"tag-comportamento","9":"tag-dicas","10":"tag-entrevista"},"acf":[],"yoast_head":"<!-- This site is optimized with the Yoast SEO Premium plugin v26.6 (Yoast SEO v26.6) - https:\/\/yoast.com\/wordpress\/plugins\/seo\/ -->\n<title>Roberta Brasil Cintra d\u00e1 as dicas!<\/title>\n<meta name=\"robots\" content=\"index, follow, max-snippet:-1, max-image-preview:large, max-video-preview:-1\" \/>\n<link rel=\"canonical\" href=\"https:\/\/colinahomolog.com.br\/dev\/just-real-moms\/da-as-dicas-8\/\" \/>\n<meta property=\"og:locale\" content=\"pt_BR\" \/>\n<meta property=\"og:type\" content=\"article\" \/>\n<meta property=\"og:title\" content=\"Roberta Brasil Cintra d\u00e1 as dicas!\" \/>\n<meta property=\"og:description\" content=\"Favorite&nbsp; &nbsp; Oi, meninas! &nbsp; Esta \u00e9 uma semana muito especial! Na sexta-feira, dia 21 de mar\u00e7o, \u00e9 comemorado o Dia Internacional da S\u00edndrome de Down! E a entrevista de hoje ser\u00e1 com a querida Roberta Brasil Cintra, que representar\u00e1 todas as mam\u00e3es com filhos(as) portadores dessa s\u00edndrome. &nbsp; A hist\u00f3ria da Roberta \u00e9 emocionante! [&hellip;]\" \/>\n<meta property=\"og:url\" content=\"https:\/\/colinahomolog.com.br\/dev\/just-real-moms\/da-as-dicas-8\/\" \/>\n<meta property=\"og:site_name\" content=\"Just Real Moms - Blog para M\u00e3es\" \/>\n<meta property=\"article:publisher\" content=\"https:\/\/www.facebook.com\/JustRealMoms\" \/>\n<meta property=\"article:published_time\" content=\"2014-03-18T12:15:30+00:00\" \/>\n<meta property=\"article:modified_time\" content=\"2016-05-05T22:06:39+00:00\" \/>\n<meta property=\"og:image\" content=\"https:\/\/colinahomolog.com.br\/dev\/just-real-moms\/wp-content\/uploads\/2014\/03\/caparoberta.jpg\" \/>\n\t<meta property=\"og:image:width\" content=\"1\" \/>\n\t<meta property=\"og:image:height\" content=\"1\" \/>\n\t<meta property=\"og:image:type\" content=\"image\/jpeg\" \/>\n<meta name=\"author\" content=\"Renata\" \/>\n<meta name=\"twitter:label1\" content=\"Escrito por\" \/>\n\t<meta name=\"twitter:data1\" content=\"Renata\" \/>\n\t<meta name=\"twitter:label2\" content=\"Est. tempo de leitura\" \/>\n\t<meta name=\"twitter:data2\" content=\"5 minutos\" \/>\n<script type=\"application\/ld+json\" class=\"yoast-schema-graph\">{\"@context\":\"https:\/\/schema.org\",\"@graph\":[{\"@type\":\"WebPage\",\"@id\":\"https:\/\/colinahomolog.com.br\/dev\/just-real-moms\/da-as-dicas-8\/\",\"url\":\"https:\/\/colinahomolog.com.br\/dev\/just-real-moms\/da-as-dicas-8\/\",\"name\":\"Roberta Brasil Cintra d\u00e1 as dicas!\",\"isPartOf\":{\"@id\":\"https:\/\/colinahomolog.com.br\/dev\/just-real-moms\/#website\"},\"primaryImageOfPage\":{\"@id\":\"https:\/\/colinahomolog.com.br\/dev\/just-real-moms\/da-as-dicas-8\/#primaryimage\"},\"image\":{\"@id\":\"https:\/\/colinahomolog.com.br\/dev\/just-real-moms\/da-as-dicas-8\/#primaryimage\"},\"thumbnailUrl\":\"https:\/\/colinahomolog.com.br\/dev\/just-real-moms\/wp-content\/uploads\/2014\/03\/caparoberta.jpg\",\"datePublished\":\"2014-03-18T12:15:30+00:00\",\"dateModified\":\"2016-05-05T22:06:39+00:00\",\"author\":{\"@id\":\"https:\/\/colinahomolog.com.br\/dev\/just-real-moms\/#\/schema\/person\/2f9d85c04a6847c0f366e0a40924a2fa\"},\"breadcrumb\":{\"@id\":\"https:\/\/colinahomolog.com.br\/dev\/just-real-moms\/da-as-dicas-8\/#breadcrumb\"},\"inLanguage\":\"pt-BR\",\"potentialAction\":[{\"@type\":\"ReadAction\",\"target\":[\"https:\/\/colinahomolog.com.br\/dev\/just-real-moms\/da-as-dicas-8\/\"]}]},{\"@type\":\"ImageObject\",\"inLanguage\":\"pt-BR\",\"@id\":\"https:\/\/colinahomolog.com.br\/dev\/just-real-moms\/da-as-dicas-8\/#primaryimage\",\"url\":\"https:\/\/colinahomolog.com.br\/dev\/just-real-moms\/wp-content\/uploads\/2014\/03\/caparoberta.jpg\",\"contentUrl\":\"https:\/\/colinahomolog.com.br\/dev\/just-real-moms\/wp-content\/uploads\/2014\/03\/caparoberta.jpg\"},{\"@type\":\"BreadcrumbList\",\"@id\":\"https:\/\/colinahomolog.com.br\/dev\/just-real-moms\/da-as-dicas-8\/#breadcrumb\",\"itemListElement\":[{\"@type\":\"ListItem\",\"position\":1,\"name\":\"In\u00edcio\",\"item\":\"https:\/\/colinahomolog.com.br\/dev\/just-real-moms\/\"},{\"@type\":\"ListItem\",\"position\":2,\"name\":\"Roberta Brasil Cintra d\u00e1 as dicas!\"}]},{\"@type\":\"WebSite\",\"@id\":\"https:\/\/colinahomolog.com.br\/dev\/just-real-moms\/#website\",\"url\":\"https:\/\/colinahomolog.com.br\/dev\/just-real-moms\/\",\"name\":\"Just Real Moms - Blog para M\u00e3es\",\"description\":\"O melhor e mais completo portal para m\u00e3es, pais e futuros pais!\",\"potentialAction\":[{\"@type\":\"SearchAction\",\"target\":{\"@type\":\"EntryPoint\",\"urlTemplate\":\"https:\/\/colinahomolog.com.br\/dev\/just-real-moms\/?s={search_term_string}\"},\"query-input\":{\"@type\":\"PropertyValueSpecification\",\"valueRequired\":true,\"valueName\":\"search_term_string\"}}],\"inLanguage\":\"pt-BR\"},{\"@type\":\"Person\",\"@id\":\"https:\/\/colinahomolog.com.br\/dev\/just-real-moms\/#\/schema\/person\/2f9d85c04a6847c0f366e0a40924a2fa\",\"name\":\"Renata\",\"url\":\"https:\/\/colinahomolog.com.br\/dev\/just-real-moms\/author\/renata\/\"}]}<\/script>\n<!-- \/ Yoast SEO Premium plugin. -->","yoast_head_json":{"title":"Roberta Brasil Cintra d\u00e1 as dicas!","robots":{"index":"index","follow":"follow","max-snippet":"max-snippet:-1","max-image-preview":"max-image-preview:large","max-video-preview":"max-video-preview:-1"},"canonical":"https:\/\/colinahomolog.com.br\/dev\/just-real-moms\/da-as-dicas-8\/","og_locale":"pt_BR","og_type":"article","og_title":"Roberta Brasil Cintra d\u00e1 as dicas!","og_description":"Favorite&nbsp; &nbsp; Oi, meninas! &nbsp; Esta \u00e9 uma semana muito especial! Na sexta-feira, dia 21 de mar\u00e7o, \u00e9 comemorado o Dia Internacional da S\u00edndrome de Down! E a entrevista de hoje ser\u00e1 com a querida Roberta Brasil Cintra, que representar\u00e1 todas as mam\u00e3es com filhos(as) portadores dessa s\u00edndrome. &nbsp; A hist\u00f3ria da Roberta \u00e9 emocionante! [&hellip;]","og_url":"https:\/\/colinahomolog.com.br\/dev\/just-real-moms\/da-as-dicas-8\/","og_site_name":"Just Real Moms - Blog para M\u00e3es","article_publisher":"https:\/\/www.facebook.com\/JustRealMoms","article_published_time":"2014-03-18T12:15:30+00:00","article_modified_time":"2016-05-05T22:06:39+00:00","og_image":[{"url":"https:\/\/colinahomolog.com.br\/dev\/just-real-moms\/wp-content\/uploads\/2014\/03\/caparoberta.jpg","width":1,"height":1,"type":"image\/jpeg"}],"author":"Renata","twitter_misc":{"Escrito por":"Renata","Est. tempo de leitura":"5 minutos"},"schema":{"@context":"https:\/\/schema.org","@graph":[{"@type":"WebPage","@id":"https:\/\/colinahomolog.com.br\/dev\/just-real-moms\/da-as-dicas-8\/","url":"https:\/\/colinahomolog.com.br\/dev\/just-real-moms\/da-as-dicas-8\/","name":"Roberta Brasil Cintra d\u00e1 as dicas!","isPartOf":{"@id":"https:\/\/colinahomolog.com.br\/dev\/just-real-moms\/#website"},"primaryImageOfPage":{"@id":"https:\/\/colinahomolog.com.br\/dev\/just-real-moms\/da-as-dicas-8\/#primaryimage"},"image":{"@id":"https:\/\/colinahomolog.com.br\/dev\/just-real-moms\/da-as-dicas-8\/#primaryimage"},"thumbnailUrl":"https:\/\/colinahomolog.com.br\/dev\/just-real-moms\/wp-content\/uploads\/2014\/03\/caparoberta.jpg","datePublished":"2014-03-18T12:15:30+00:00","dateModified":"2016-05-05T22:06:39+00:00","author":{"@id":"https:\/\/colinahomolog.com.br\/dev\/just-real-moms\/#\/schema\/person\/2f9d85c04a6847c0f366e0a40924a2fa"},"breadcrumb":{"@id":"https:\/\/colinahomolog.com.br\/dev\/just-real-moms\/da-as-dicas-8\/#breadcrumb"},"inLanguage":"pt-BR","potentialAction":[{"@type":"ReadAction","target":["https:\/\/colinahomolog.com.br\/dev\/just-real-moms\/da-as-dicas-8\/"]}]},{"@type":"ImageObject","inLanguage":"pt-BR","@id":"https:\/\/colinahomolog.com.br\/dev\/just-real-moms\/da-as-dicas-8\/#primaryimage","url":"https:\/\/colinahomolog.com.br\/dev\/just-real-moms\/wp-content\/uploads\/2014\/03\/caparoberta.jpg","contentUrl":"https:\/\/colinahomolog.com.br\/dev\/just-real-moms\/wp-content\/uploads\/2014\/03\/caparoberta.jpg"},{"@type":"BreadcrumbList","@id":"https:\/\/colinahomolog.com.br\/dev\/just-real-moms\/da-as-dicas-8\/#breadcrumb","itemListElement":[{"@type":"ListItem","position":1,"name":"In\u00edcio","item":"https:\/\/colinahomolog.com.br\/dev\/just-real-moms\/"},{"@type":"ListItem","position":2,"name":"Roberta Brasil Cintra d\u00e1 as dicas!"}]},{"@type":"WebSite","@id":"https:\/\/colinahomolog.com.br\/dev\/just-real-moms\/#website","url":"https:\/\/colinahomolog.com.br\/dev\/just-real-moms\/","name":"Just Real Moms - Blog para M\u00e3es","description":"O melhor e mais completo portal para m\u00e3es, pais e futuros pais!","potentialAction":[{"@type":"SearchAction","target":{"@type":"EntryPoint","urlTemplate":"https:\/\/colinahomolog.com.br\/dev\/just-real-moms\/?s={search_term_string}"},"query-input":{"@type":"PropertyValueSpecification","valueRequired":true,"valueName":"search_term_string"}}],"inLanguage":"pt-BR"},{"@type":"Person","@id":"https:\/\/colinahomolog.com.br\/dev\/just-real-moms\/#\/schema\/person\/2f9d85c04a6847c0f366e0a40924a2fa","name":"Renata","url":"https:\/\/colinahomolog.com.br\/dev\/just-real-moms\/author\/renata\/"}]}},"_links":{"self":[{"href":"https:\/\/colinahomolog.com.br\/dev\/just-real-moms\/wp-json\/wp\/v2\/posts\/23558","targetHints":{"allow":["GET"]}}],"collection":[{"href":"https:\/\/colinahomolog.com.br\/dev\/just-real-moms\/wp-json\/wp\/v2\/posts"}],"about":[{"href":"https:\/\/colinahomolog.com.br\/dev\/just-real-moms\/wp-json\/wp\/v2\/types\/post"}],"author":[{"embeddable":true,"href":"https:\/\/colinahomolog.com.br\/dev\/just-real-moms\/wp-json\/wp\/v2\/users\/4"}],"replies":[{"embeddable":true,"href":"https:\/\/colinahomolog.com.br\/dev\/just-real-moms\/wp-json\/wp\/v2\/comments?post=23558"}],"version-history":[{"count":0,"href":"https:\/\/colinahomolog.com.br\/dev\/just-real-moms\/wp-json\/wp\/v2\/posts\/23558\/revisions"}],"wp:featuredmedia":[{"embeddable":true,"href":"https:\/\/colinahomolog.com.br\/dev\/just-real-moms\/wp-json\/wp\/v2\/media\/23585"}],"wp:attachment":[{"href":"https:\/\/colinahomolog.com.br\/dev\/just-real-moms\/wp-json\/wp\/v2\/media?parent=23558"}],"wp:term":[{"taxonomy":"category","embeddable":true,"href":"https:\/\/colinahomolog.com.br\/dev\/just-real-moms\/wp-json\/wp\/v2\/categories?post=23558"},{"taxonomy":"post_tag","embeddable":true,"href":"https:\/\/colinahomolog.com.br\/dev\/just-real-moms\/wp-json\/wp\/v2\/tags?post=23558"}],"curies":[{"name":"wp","href":"https:\/\/api.w.org\/{rel}","templated":true}]}}