{"id":23606,"date":"2014-03-20T08:35:26","date_gmt":"2014-03-20T11:35:26","guid":{"rendered":"https:\/\/colinahomolog.com.br\/dev\/just-real-moms\/?p=23606"},"modified":"2016-05-05T19:06:39","modified_gmt":"2016-05-05T22:06:39","slug":"meu-bebe-nasceu-com-uma-manchinha-e-agora-por-dra-juliana-macea","status":"publish","type":"post","link":"https:\/\/colinahomolog.com.br\/dev\/just-real-moms\/meu-bebe-nasceu-com-uma-manchinha-e-agora-por-dra-juliana-macea\/","title":{"rendered":"Meu beb\u00ea nasceu com uma manchinha, e agora? &#8211; por Dra. Juliana Macea"},"content":{"rendered":"<button class=\"simplefavorite-button preset\" data-postid=\"23606\" data-siteid=\"1\" data-groupid=\"1\" data-favoritecount=\"1\" style=\"box-shadow:none;-webkit-box-shadow:none;-moz-box-shadow:none;background-color:#68ccb4;border-color:#68ccb4;color:#ffffff;\"><i class=\"sf-icon-favorite\" style=\"\"><\/i>Favorite<\/button><p>&nbsp;<\/p>\n<p>Oi, meninas, tudo bem?<\/p>\n<p>&nbsp;<\/p>\n<p>Adorei o texto que nossa colunista dermatologista, a Dra.Juliana Macea, nos escreveu este m\u00eas! O texto \u00e9 bastante esclarecedor sobre \u00a0as poss\u00edveis manchas que os beb\u00eas podem ter quando nascem.<\/p>\n<p>&nbsp;<\/p>\n<p>Vale a pena a leitura! Espero que gostem!<\/p>\n<p>&nbsp;<\/p>\n<p>&#8230;&#8230;&#8230;&#8230;&#8230;&#8230;&#8230;&#8230;&#8230;&#8230;&#8230;&#8230;&#8230;&#8230;&#8230;&#8230;&#8230;&#8230;&#8230;&#8230;&#8230;&#8230;&#8230;&#8230;&#8230;&#8230;&#8230;&#8230;&#8230;&#8230;&#8230;&#8230;&#8230;&#8230;&#8230;&#8230;&#8230;&#8230;&#8230;&#8230;&#8230;&#8230;&#8230;&#8230;&#8230;&#8230;&#8230;&#8230;&#8230;&#8230;&#8230;&#8230;<\/p>\n<p>&nbsp;<\/p>\n<p>Uma ansiedade natural de toda m\u00e3e \u00e9 verificar se est\u00e1 tudo certinho com a apar\u00eancia do beb\u00ea logo que ele nasce. E qual n\u00e3o \u00e9 o susto quando se depara com alguma manchinha na pele?\u00a0 A boa not\u00edcia \u00e9 que as manchas mais frequentes s\u00e3o benignas e t\u00eam \u00f3tima evolu\u00e7\u00e3o. Quais s\u00e3o elas?<\/p>\n<p>&nbsp;<\/p>\n<p><strong>&#8211; Mancha mong\u00f3lica:<\/strong> \u00e9 a mancha mais comum entre os rec\u00e9m-nascidos. Caracteriza-se por uma colora\u00e7\u00e3o cinza azulada que numa primeira avalia\u00e7\u00e3o pode at\u00e9 lembrar um hematoma. Normalmente localiza-se nas costas, acima das n\u00e1degas do beb\u00ea. \u00c9 mais frequente em descendentes de orientais e negros nos quais chega a ter incid\u00eancia de mais de 90%. Ela n\u00e3o tem nenhuma rela\u00e7\u00e3o com trauma local. Na realidade, ocorre por um ac\u00famulo de c\u00e9lulas ricas em melanina (que \u00e9 o principal pigmento cut\u00e2neo), numa camada mais profunda da pele e a grande maioria vai desaparecendo nos primeiros anos de vida n\u00e3o sendo necess\u00e1rio qualquer tratamento.<\/p>\n<p>&nbsp;<\/p>\n<p>&nbsp;<\/p>\n<p><img fetchpriority=\"high\" decoding=\"async\" class=\"aligncenter size-full wp-image-23607\" alt=\"Captura de Tela 2014-03-19 \u00e0s 22.44.46\" src=\"https:\/\/colinahomolog.com.br\/dev\/just-real-moms\/wp-content\/uploads\/2014\/03\/Captura-de-Tela-2014-03-19-\u00e0s-22.44.46.png\" width=\"393\" height=\"319\" srcset=\"https:\/\/colinahomolog.com.br\/dev\/just-real-moms\/wp-content\/uploads\/2014\/03\/Captura-de-Tela-2014-03-19-\u00e0s-22.44.46.png 393w, https:\/\/colinahomolog.com.br\/dev\/just-real-moms\/wp-content\/uploads\/2014\/03\/Captura-de-Tela-2014-03-19-\u00e0s-22.44.46-150x121.png 150w, https:\/\/colinahomolog.com.br\/dev\/just-real-moms\/wp-content\/uploads\/2014\/03\/Captura-de-Tela-2014-03-19-\u00e0s-22.44.46-300x243.png 300w\" sizes=\"(max-width: 393px) 100vw, 393px\" \/><\/p>\n<p>&nbsp;<\/p>\n<p>&nbsp;<\/p>\n<p><strong>&#8211; Mancha vascular ou mancha salm\u00e3o<\/strong>: \u00e9 aquela mancha que varia de rosa p\u00e1lida a avermelhada, sem relevo, de contornos irregulares e frequentemente localizada na regi\u00e3o da nuca, p\u00e1lpebras ou testa do beb\u00ea. Nota-se melhor quando o beb\u00ea chora ou faz muita for\u00e7a, pois, nessas situa\u00e7\u00f5es, os vasos se dilatam e ficam cheios de sangue. Ela ocorre por uma altera\u00e7\u00e3o no desenvolvimento dos vasos da pele e normalmente desaparece at\u00e9 os 2 anos de vida. Quando na nuca, 50% persistem na idade adulta, mas sem qualquer sintoma ou problema.<\/p>\n<p>&nbsp;<\/p>\n<p>&nbsp;<\/p>\n<p><img decoding=\"async\" class=\"aligncenter size-full wp-image-23609\" alt=\"Captura de Tela 2014-03-19 \u00e0s 22.57.11\" src=\"https:\/\/colinahomolog.com.br\/dev\/just-real-moms\/wp-content\/uploads\/2014\/03\/Captura-de-Tela-2014-03-19-\u00e0s-22.57.11.png\" width=\"319\" height=\"234\" srcset=\"https:\/\/colinahomolog.com.br\/dev\/just-real-moms\/wp-content\/uploads\/2014\/03\/Captura-de-Tela-2014-03-19-\u00e0s-22.57.11.png 319w, https:\/\/colinahomolog.com.br\/dev\/just-real-moms\/wp-content\/uploads\/2014\/03\/Captura-de-Tela-2014-03-19-\u00e0s-22.57.11-150x110.png 150w, https:\/\/colinahomolog.com.br\/dev\/just-real-moms\/wp-content\/uploads\/2014\/03\/Captura-de-Tela-2014-03-19-\u00e0s-22.57.11-300x220.png 300w\" sizes=\"(max-width: 319px) 100vw, 319px\" \/><\/p>\n<p>&nbsp;<\/p>\n<p>&nbsp;<\/p>\n<p>Espero ter ajudado a esclarecer as mam\u00e3es.<\/p>\n<p>Um abra\u00e7o,<\/p>\n<p>&nbsp;<\/p>\n<p><strong>Dra. Juliana<\/strong><\/p>\n<p><strong><span style=\"color: #0000ff;\"><a href=\"http:\/\/www.masterlaserdermatologia.com.br\" target=\"_blank\"><span style=\"color: #0000ff;\">www.masterlaserdermatologia.com.br<\/span><\/a><\/span><\/strong><\/p>\n<p>Instagram:masterlaserdermatologoa<\/p>\n<p>&nbsp;<\/p>\n<p>&nbsp;<\/p>\n\n    <div class=\"xs_social_share_widget xs_share_url after_content \t\tmain_content  wslu-style-1 wslu-share-box-shaped wslu-fill-colored wslu-none wslu-share-horizontal wslu-theme-font-no wslu-main_content\">\n\n\t\t\n        <ul>\n\t\t\t        <\/ul>\n    <\/div> \n","protected":false},"excerpt":{"rendered":"<p>Favorite&nbsp; Oi, meninas, tudo bem? &nbsp; Adorei o texto que nossa colunista dermatologista, a Dra.Juliana Macea, nos escreveu este m\u00eas! O texto \u00e9 bastante esclarecedor sobre \u00a0as poss\u00edveis manchas que os beb\u00eas podem ter quando nascem. &nbsp; Vale a pena a leitura! Espero que gostem! &nbsp; &#8230;&#8230;&#8230;&#8230;&#8230;&#8230;&#8230;&#8230;&#8230;&#8230;&#8230;&#8230;&#8230;&#8230;&#8230;&#8230;&#8230;&#8230;&#8230;&#8230;&#8230;&#8230;&#8230;&#8230;&#8230;&#8230;&#8230;&#8230;&#8230;&#8230;&#8230;&#8230;&#8230;&#8230;&#8230;&#8230;&#8230;&#8230;&#8230;&#8230;&#8230;&#8230;&#8230;&#8230;&#8230;&#8230;&#8230;&#8230;&#8230;&#8230;&#8230;&#8230; &nbsp; Uma ansiedade natural de toda m\u00e3e \u00e9 [&hellip;]<\/p>\n","protected":false},"author":6,"featured_media":23608,"comment_status":"open","ping_status":"closed","sticky":false,"template":"","format":"standard","meta":{"_acf_changed":false,"footnotes":""},"categories":[30],"tags":[471],"class_list":{"0":"post-23606","1":"post","2":"type-post","3":"status-publish","4":"format-standard","5":"has-post-thumbnail","7":"category-de-mae-para-mae","8":"tag-juliana-macea"},"acf":[],"yoast_head":"<!-- This site is optimized with the Yoast SEO Premium plugin v26.6 (Yoast SEO v26.6) - https:\/\/yoast.com\/wordpress\/plugins\/seo\/ -->\n<title>Meu beb\u00ea nasceu com uma manchinha, e agora? - por Dra. Juliana Macea<\/title>\n<meta name=\"robots\" content=\"index, follow, max-snippet:-1, max-image-preview:large, max-video-preview:-1\" \/>\n<link rel=\"canonical\" href=\"https:\/\/colinahomolog.com.br\/dev\/just-real-moms\/meu-bebe-nasceu-com-uma-manchinha-e-agora-por-dra-juliana-macea\/\" \/>\n<meta property=\"og:locale\" content=\"pt_BR\" \/>\n<meta property=\"og:type\" content=\"article\" \/>\n<meta property=\"og:title\" content=\"Meu beb\u00ea nasceu com uma manchinha, e agora? - por Dra. Juliana Macea\" \/>\n<meta property=\"og:description\" content=\"Favorite&nbsp; Oi, meninas, tudo bem? &nbsp; Adorei o texto que nossa colunista dermatologista, a Dra.Juliana Macea, nos escreveu este m\u00eas! O texto \u00e9 bastante esclarecedor sobre \u00a0as poss\u00edveis manchas que os beb\u00eas podem ter quando nascem. &nbsp; Vale a pena a leitura! Espero que gostem! &nbsp; &#8230;&#8230;&#8230;&#8230;&#8230;&#8230;&#8230;&#8230;&#8230;&#8230;&#8230;&#8230;&#8230;&#8230;&#8230;&#8230;&#8230;&#8230;&#8230;&#8230;&#8230;&#8230;&#8230;&#8230;&#8230;&#8230;&#8230;&#8230;&#8230;&#8230;&#8230;&#8230;&#8230;&#8230;&#8230;&#8230;&#8230;&#8230;&#8230;&#8230;&#8230;&#8230;&#8230;&#8230;&#8230;&#8230;&#8230;&#8230;&#8230;&#8230;&#8230;&#8230; &nbsp; Uma ansiedade natural de toda m\u00e3e \u00e9 [&hellip;]\" \/>\n<meta property=\"og:url\" content=\"https:\/\/colinahomolog.com.br\/dev\/just-real-moms\/meu-bebe-nasceu-com-uma-manchinha-e-agora-por-dra-juliana-macea\/\" \/>\n<meta property=\"og:site_name\" content=\"Just Real Moms - Blog para M\u00e3es\" \/>\n<meta property=\"article:publisher\" content=\"https:\/\/www.facebook.com\/JustRealMoms\" \/>\n<meta property=\"article:published_time\" content=\"2014-03-20T11:35:26+00:00\" \/>\n<meta property=\"article:modified_time\" content=\"2016-05-05T22:06:39+00:00\" \/>\n<meta property=\"og:image\" content=\"https:\/\/colinahomolog.com.br\/dev\/just-real-moms\/wp-content\/uploads\/2014\/03\/Captura-de-Tela-2014-03-19-\u00e0s-22.49.36.png\" \/>\n\t<meta property=\"og:image:width\" content=\"1\" \/>\n\t<meta property=\"og:image:height\" content=\"1\" \/>\n\t<meta property=\"og:image:type\" content=\"image\/png\" \/>\n<meta name=\"author\" content=\"Juliana\" \/>\n<meta name=\"twitter:label1\" content=\"Escrito por\" \/>\n\t<meta name=\"twitter:data1\" content=\"Juliana\" \/>\n\t<meta name=\"twitter:label2\" content=\"Est. tempo de leitura\" \/>\n\t<meta name=\"twitter:data2\" content=\"2 minutos\" \/>\n<script type=\"application\/ld+json\" class=\"yoast-schema-graph\">{\"@context\":\"https:\/\/schema.org\",\"@graph\":[{\"@type\":\"WebPage\",\"@id\":\"https:\/\/colinahomolog.com.br\/dev\/just-real-moms\/meu-bebe-nasceu-com-uma-manchinha-e-agora-por-dra-juliana-macea\/\",\"url\":\"https:\/\/colinahomolog.com.br\/dev\/just-real-moms\/meu-bebe-nasceu-com-uma-manchinha-e-agora-por-dra-juliana-macea\/\",\"name\":\"Meu beb\u00ea nasceu com uma manchinha, e agora? - por Dra. Juliana Macea\",\"isPartOf\":{\"@id\":\"https:\/\/colinahomolog.com.br\/dev\/just-real-moms\/#website\"},\"primaryImageOfPage\":{\"@id\":\"https:\/\/colinahomolog.com.br\/dev\/just-real-moms\/meu-bebe-nasceu-com-uma-manchinha-e-agora-por-dra-juliana-macea\/#primaryimage\"},\"image\":{\"@id\":\"https:\/\/colinahomolog.com.br\/dev\/just-real-moms\/meu-bebe-nasceu-com-uma-manchinha-e-agora-por-dra-juliana-macea\/#primaryimage\"},\"thumbnailUrl\":\"https:\/\/colinahomolog.com.br\/dev\/just-real-moms\/wp-content\/uploads\/2014\/03\/Captura-de-Tela-2014-03-19-\u00e0s-22.49.36.png\",\"datePublished\":\"2014-03-20T11:35:26+00:00\",\"dateModified\":\"2016-05-05T22:06:39+00:00\",\"author\":{\"@id\":\"https:\/\/colinahomolog.com.br\/dev\/just-real-moms\/#\/schema\/person\/8218aa957ba5a31e5f531f3b6561916a\"},\"breadcrumb\":{\"@id\":\"https:\/\/colinahomolog.com.br\/dev\/just-real-moms\/meu-bebe-nasceu-com-uma-manchinha-e-agora-por-dra-juliana-macea\/#breadcrumb\"},\"inLanguage\":\"pt-BR\",\"potentialAction\":[{\"@type\":\"ReadAction\",\"target\":[\"https:\/\/colinahomolog.com.br\/dev\/just-real-moms\/meu-bebe-nasceu-com-uma-manchinha-e-agora-por-dra-juliana-macea\/\"]}]},{\"@type\":\"ImageObject\",\"inLanguage\":\"pt-BR\",\"@id\":\"https:\/\/colinahomolog.com.br\/dev\/just-real-moms\/meu-bebe-nasceu-com-uma-manchinha-e-agora-por-dra-juliana-macea\/#primaryimage\",\"url\":\"https:\/\/colinahomolog.com.br\/dev\/just-real-moms\/wp-content\/uploads\/2014\/03\/Captura-de-Tela-2014-03-19-\u00e0s-22.49.36.png\",\"contentUrl\":\"https:\/\/colinahomolog.com.br\/dev\/just-real-moms\/wp-content\/uploads\/2014\/03\/Captura-de-Tela-2014-03-19-\u00e0s-22.49.36.png\"},{\"@type\":\"BreadcrumbList\",\"@id\":\"https:\/\/colinahomolog.com.br\/dev\/just-real-moms\/meu-bebe-nasceu-com-uma-manchinha-e-agora-por-dra-juliana-macea\/#breadcrumb\",\"itemListElement\":[{\"@type\":\"ListItem\",\"position\":1,\"name\":\"In\u00edcio\",\"item\":\"https:\/\/colinahomolog.com.br\/dev\/just-real-moms\/\"},{\"@type\":\"ListItem\",\"position\":2,\"name\":\"Meu beb\u00ea nasceu com uma manchinha, e agora? &#8211; por Dra. Juliana Macea\"}]},{\"@type\":\"WebSite\",\"@id\":\"https:\/\/colinahomolog.com.br\/dev\/just-real-moms\/#website\",\"url\":\"https:\/\/colinahomolog.com.br\/dev\/just-real-moms\/\",\"name\":\"Just Real Moms - Blog para M\u00e3es\",\"description\":\"O melhor e mais completo portal para m\u00e3es, pais e futuros pais!\",\"potentialAction\":[{\"@type\":\"SearchAction\",\"target\":{\"@type\":\"EntryPoint\",\"urlTemplate\":\"https:\/\/colinahomolog.com.br\/dev\/just-real-moms\/?s={search_term_string}\"},\"query-input\":{\"@type\":\"PropertyValueSpecification\",\"valueRequired\":true,\"valueName\":\"search_term_string\"}}],\"inLanguage\":\"pt-BR\"},{\"@type\":\"Person\",\"@id\":\"https:\/\/colinahomolog.com.br\/dev\/just-real-moms\/#\/schema\/person\/8218aa957ba5a31e5f531f3b6561916a\",\"name\":\"Juliana\",\"url\":\"https:\/\/colinahomolog.com.br\/dev\/just-real-moms\/author\/juliana\/\"}]}<\/script>\n<!-- \/ Yoast SEO Premium plugin. -->","yoast_head_json":{"title":"Meu beb\u00ea nasceu com uma manchinha, e agora? - por Dra. Juliana Macea","robots":{"index":"index","follow":"follow","max-snippet":"max-snippet:-1","max-image-preview":"max-image-preview:large","max-video-preview":"max-video-preview:-1"},"canonical":"https:\/\/colinahomolog.com.br\/dev\/just-real-moms\/meu-bebe-nasceu-com-uma-manchinha-e-agora-por-dra-juliana-macea\/","og_locale":"pt_BR","og_type":"article","og_title":"Meu beb\u00ea nasceu com uma manchinha, e agora? - por Dra. Juliana Macea","og_description":"Favorite&nbsp; Oi, meninas, tudo bem? &nbsp; Adorei o texto que nossa colunista dermatologista, a Dra.Juliana Macea, nos escreveu este m\u00eas! O texto \u00e9 bastante esclarecedor sobre \u00a0as poss\u00edveis manchas que os beb\u00eas podem ter quando nascem. &nbsp; Vale a pena a leitura! Espero que gostem! &nbsp; &#8230;&#8230;&#8230;&#8230;&#8230;&#8230;&#8230;&#8230;&#8230;&#8230;&#8230;&#8230;&#8230;&#8230;&#8230;&#8230;&#8230;&#8230;&#8230;&#8230;&#8230;&#8230;&#8230;&#8230;&#8230;&#8230;&#8230;&#8230;&#8230;&#8230;&#8230;&#8230;&#8230;&#8230;&#8230;&#8230;&#8230;&#8230;&#8230;&#8230;&#8230;&#8230;&#8230;&#8230;&#8230;&#8230;&#8230;&#8230;&#8230;&#8230;&#8230;&#8230; &nbsp; Uma ansiedade natural de toda m\u00e3e \u00e9 [&hellip;]","og_url":"https:\/\/colinahomolog.com.br\/dev\/just-real-moms\/meu-bebe-nasceu-com-uma-manchinha-e-agora-por-dra-juliana-macea\/","og_site_name":"Just Real Moms - Blog para M\u00e3es","article_publisher":"https:\/\/www.facebook.com\/JustRealMoms","article_published_time":"2014-03-20T11:35:26+00:00","article_modified_time":"2016-05-05T22:06:39+00:00","og_image":[{"url":"https:\/\/colinahomolog.com.br\/dev\/just-real-moms\/wp-content\/uploads\/2014\/03\/Captura-de-Tela-2014-03-19-\u00e0s-22.49.36.png","width":1,"height":1,"type":"image\/png"}],"author":"Juliana","twitter_misc":{"Escrito por":"Juliana","Est. tempo de leitura":"2 minutos"},"schema":{"@context":"https:\/\/schema.org","@graph":[{"@type":"WebPage","@id":"https:\/\/colinahomolog.com.br\/dev\/just-real-moms\/meu-bebe-nasceu-com-uma-manchinha-e-agora-por-dra-juliana-macea\/","url":"https:\/\/colinahomolog.com.br\/dev\/just-real-moms\/meu-bebe-nasceu-com-uma-manchinha-e-agora-por-dra-juliana-macea\/","name":"Meu beb\u00ea nasceu com uma manchinha, e agora? - por Dra. Juliana Macea","isPartOf":{"@id":"https:\/\/colinahomolog.com.br\/dev\/just-real-moms\/#website"},"primaryImageOfPage":{"@id":"https:\/\/colinahomolog.com.br\/dev\/just-real-moms\/meu-bebe-nasceu-com-uma-manchinha-e-agora-por-dra-juliana-macea\/#primaryimage"},"image":{"@id":"https:\/\/colinahomolog.com.br\/dev\/just-real-moms\/meu-bebe-nasceu-com-uma-manchinha-e-agora-por-dra-juliana-macea\/#primaryimage"},"thumbnailUrl":"https:\/\/colinahomolog.com.br\/dev\/just-real-moms\/wp-content\/uploads\/2014\/03\/Captura-de-Tela-2014-03-19-\u00e0s-22.49.36.png","datePublished":"2014-03-20T11:35:26+00:00","dateModified":"2016-05-05T22:06:39+00:00","author":{"@id":"https:\/\/colinahomolog.com.br\/dev\/just-real-moms\/#\/schema\/person\/8218aa957ba5a31e5f531f3b6561916a"},"breadcrumb":{"@id":"https:\/\/colinahomolog.com.br\/dev\/just-real-moms\/meu-bebe-nasceu-com-uma-manchinha-e-agora-por-dra-juliana-macea\/#breadcrumb"},"inLanguage":"pt-BR","potentialAction":[{"@type":"ReadAction","target":["https:\/\/colinahomolog.com.br\/dev\/just-real-moms\/meu-bebe-nasceu-com-uma-manchinha-e-agora-por-dra-juliana-macea\/"]}]},{"@type":"ImageObject","inLanguage":"pt-BR","@id":"https:\/\/colinahomolog.com.br\/dev\/just-real-moms\/meu-bebe-nasceu-com-uma-manchinha-e-agora-por-dra-juliana-macea\/#primaryimage","url":"https:\/\/colinahomolog.com.br\/dev\/just-real-moms\/wp-content\/uploads\/2014\/03\/Captura-de-Tela-2014-03-19-\u00e0s-22.49.36.png","contentUrl":"https:\/\/colinahomolog.com.br\/dev\/just-real-moms\/wp-content\/uploads\/2014\/03\/Captura-de-Tela-2014-03-19-\u00e0s-22.49.36.png"},{"@type":"BreadcrumbList","@id":"https:\/\/colinahomolog.com.br\/dev\/just-real-moms\/meu-bebe-nasceu-com-uma-manchinha-e-agora-por-dra-juliana-macea\/#breadcrumb","itemListElement":[{"@type":"ListItem","position":1,"name":"In\u00edcio","item":"https:\/\/colinahomolog.com.br\/dev\/just-real-moms\/"},{"@type":"ListItem","position":2,"name":"Meu beb\u00ea nasceu com uma manchinha, e agora? &#8211; por Dra. Juliana Macea"}]},{"@type":"WebSite","@id":"https:\/\/colinahomolog.com.br\/dev\/just-real-moms\/#website","url":"https:\/\/colinahomolog.com.br\/dev\/just-real-moms\/","name":"Just Real Moms - Blog para M\u00e3es","description":"O melhor e mais completo portal para m\u00e3es, pais e futuros pais!","potentialAction":[{"@type":"SearchAction","target":{"@type":"EntryPoint","urlTemplate":"https:\/\/colinahomolog.com.br\/dev\/just-real-moms\/?s={search_term_string}"},"query-input":{"@type":"PropertyValueSpecification","valueRequired":true,"valueName":"search_term_string"}}],"inLanguage":"pt-BR"},{"@type":"Person","@id":"https:\/\/colinahomolog.com.br\/dev\/just-real-moms\/#\/schema\/person\/8218aa957ba5a31e5f531f3b6561916a","name":"Juliana","url":"https:\/\/colinahomolog.com.br\/dev\/just-real-moms\/author\/juliana\/"}]}},"_links":{"self":[{"href":"https:\/\/colinahomolog.com.br\/dev\/just-real-moms\/wp-json\/wp\/v2\/posts\/23606","targetHints":{"allow":["GET"]}}],"collection":[{"href":"https:\/\/colinahomolog.com.br\/dev\/just-real-moms\/wp-json\/wp\/v2\/posts"}],"about":[{"href":"https:\/\/colinahomolog.com.br\/dev\/just-real-moms\/wp-json\/wp\/v2\/types\/post"}],"author":[{"embeddable":true,"href":"https:\/\/colinahomolog.com.br\/dev\/just-real-moms\/wp-json\/wp\/v2\/users\/6"}],"replies":[{"embeddable":true,"href":"https:\/\/colinahomolog.com.br\/dev\/just-real-moms\/wp-json\/wp\/v2\/comments?post=23606"}],"version-history":[{"count":0,"href":"https:\/\/colinahomolog.com.br\/dev\/just-real-moms\/wp-json\/wp\/v2\/posts\/23606\/revisions"}],"wp:featuredmedia":[{"embeddable":true,"href":"https:\/\/colinahomolog.com.br\/dev\/just-real-moms\/wp-json\/wp\/v2\/media\/23608"}],"wp:attachment":[{"href":"https:\/\/colinahomolog.com.br\/dev\/just-real-moms\/wp-json\/wp\/v2\/media?parent=23606"}],"wp:term":[{"taxonomy":"category","embeddable":true,"href":"https:\/\/colinahomolog.com.br\/dev\/just-real-moms\/wp-json\/wp\/v2\/categories?post=23606"},{"taxonomy":"post_tag","embeddable":true,"href":"https:\/\/colinahomolog.com.br\/dev\/just-real-moms\/wp-json\/wp\/v2\/tags?post=23606"}],"curies":[{"name":"wp","href":"https:\/\/api.w.org\/{rel}","templated":true}]}}