{"id":24167,"date":"2014-04-17T08:30:35","date_gmt":"2014-04-17T11:30:35","guid":{"rendered":"https:\/\/colinahomolog.com.br\/dev\/just-real-moms\/?p=24167"},"modified":"2016-05-05T19:06:39","modified_gmt":"2016-05-05T22:06:39","slug":"programacao-para-as-criancas-no-feriado-da-pascoa-por-bora-ai","status":"publish","type":"post","link":"https:\/\/colinahomolog.com.br\/dev\/just-real-moms\/programacao-para-as-criancas-no-feriado-da-pascoa-por-bora-ai\/","title":{"rendered":"Programa\u00e7\u00e3o para as crian\u00e7as no feriado da P\u00e1scoa &#8211; por Bora.a\u00ed"},"content":{"rendered":"<button class=\"simplefavorite-button preset\" data-postid=\"24167\" data-siteid=\"1\" data-groupid=\"1\" data-favoritecount=\"0\" style=\"box-shadow:none;-webkit-box-shadow:none;-moz-box-shadow:none;background-color:#68ccb4;border-color:#68ccb4;color:#ffffff;\"><i class=\"sf-icon-favorite\" style=\"\"><\/i>Favorite<\/button><p>&nbsp;<\/p>\n<p>Ol\u00e1, mam\u00e3es!<\/p>\n<p>&nbsp;<\/p>\n<p>O post de hoje foi escrito especialmente para quem for ficar em S\u00e3o Paulo durante a P\u00e1scoa! Vai ter muita op\u00e7\u00e3o legal de programas e a Lia, do site <strong>bora.a\u00ed<\/strong>, selecionou as melhores op\u00e7\u00f5es para dividir conosco!<\/p>\n<p>&nbsp;<\/p>\n<p>Divirtam-se!<\/p>\n<p>&nbsp;<\/p>\n<p>&#8230;&#8230;&#8230;&#8230;&#8230;&#8230;&#8230;&#8230;&#8230;&#8230;&#8230;&#8230;&#8230;&#8230;&#8230;&#8230;&#8230;&#8230;&#8230;&#8230;&#8230;&#8230;&#8230;&#8230;&#8230;&#8230;&#8230;&#8230;&#8230;&#8230;&#8230;&#8230;&#8230;&#8230;&#8230;&#8230;<\/p>\n<p>&nbsp;<\/p>\n<p>O feriad\u00e3o da P\u00e1scoa chegou e a programa\u00e7\u00e3o para quem n\u00e3o for viajar est\u00e1 superintensa!<\/p>\n<p>&nbsp;<\/p>\n<p>Duas estreias bacanas neste final de semana: <span style=\"color: #0000ff;\"><a href=\"http:\/\/bora.ai\/passeios\/rapunzel-com-le-plat-du-jour\" target=\"_blank\"><span style=\"color: #0000ff;\">Rapunzel<\/span><\/a> <\/span>no Teatro Alfa e<span style=\"color: #0000ff;\"> <a href=\"http:\/\/bora.ai\/passeios\/menino-maluquinho-o-musical\" target=\"_blank\"><span style=\"color: #0000ff;\">O Menino Maluquinho<\/span><\/a><\/span>, no Teatro Bradesco.<\/p>\n<p>&nbsp;<\/p>\n<p>&nbsp;<\/p>\n<p style=\"text-align: center;\"><img fetchpriority=\"high\" decoding=\"async\" class=\"aligncenter  wp-image-24168\" alt=\"Captura de Tela 2014-04-16 \u00e0s 23.31.58\" src=\"https:\/\/colinahomolog.com.br\/dev\/just-real-moms\/wp-content\/uploads\/2014\/04\/Captura-de-Tela-2014-04-16-\u00e0s-23.31.58.png\" width=\"569\" height=\"295\" srcset=\"https:\/\/colinahomolog.com.br\/dev\/just-real-moms\/wp-content\/uploads\/2014\/04\/Captura-de-Tela-2014-04-16-\u00e0s-23.31.58.png 632w, https:\/\/colinahomolog.com.br\/dev\/just-real-moms\/wp-content\/uploads\/2014\/04\/Captura-de-Tela-2014-04-16-\u00e0s-23.31.58-150x77.png 150w, https:\/\/colinahomolog.com.br\/dev\/just-real-moms\/wp-content\/uploads\/2014\/04\/Captura-de-Tela-2014-04-16-\u00e0s-23.31.58-300x155.png 300w\" sizes=\"(max-width: 569px) 100vw, 569px\" \/><\/p>\n<p>&nbsp;<\/p>\n<p>&nbsp;<\/p>\n<p>A<span style=\"color: #0000ff;\"> <a href=\"http:\/\/bora.ai\/passeios\/pascoa-na-fazendinha-cia-dos-bichos\" target=\"_blank\"><span style=\"color: #0000ff;\">Cia dos Bichos tem programa\u00e7\u00e3o especial de P\u00e1scoa<\/span><\/a><\/span>. A fazendinha estar\u00e1 aberta de sexta \u00e0 segunda-feira e, al\u00e9m das atividades normais com os bichinhos, haver\u00e1 oficina de cenoura de chocolate e visita do Coelhinho da P\u00e1scoa.<\/p>\n<p>&nbsp;<\/p>\n<p>&nbsp;<\/p>\n<p style=\"text-align: center;\"><img decoding=\"async\" class=\"aligncenter  wp-image-24169\" alt=\"Captura de Tela 2014-04-16 \u00e0s 23.32.09\" src=\"https:\/\/colinahomolog.com.br\/dev\/just-real-moms\/wp-content\/uploads\/2014\/04\/Captura-de-Tela-2014-04-16-\u00e0s-23.32.09.png\" width=\"566\" height=\"386\" srcset=\"https:\/\/colinahomolog.com.br\/dev\/just-real-moms\/wp-content\/uploads\/2014\/04\/Captura-de-Tela-2014-04-16-\u00e0s-23.32.09.png 629w, https:\/\/colinahomolog.com.br\/dev\/just-real-moms\/wp-content\/uploads\/2014\/04\/Captura-de-Tela-2014-04-16-\u00e0s-23.32.09-150x102.png 150w, https:\/\/colinahomolog.com.br\/dev\/just-real-moms\/wp-content\/uploads\/2014\/04\/Captura-de-Tela-2014-04-16-\u00e0s-23.32.09-300x204.png 300w\" sizes=\"(max-width: 566px) 100vw, 566px\" \/><\/p>\n<p>&nbsp;<\/p>\n<p>&nbsp;<\/p>\n<p>Domingo de manh\u00e3 ter\u00e1 mais uma edi\u00e7\u00e3o da <span style=\"color: #0000ff;\"><a href=\"http:\/\/bora.ai\/passeios\/segunda-caca-aos-ovos-jk-iguatemi\" target=\"_blank\"><span style=\"color: #0000ff;\">Ca\u00e7a aos Ovos, no Parque do Povo<\/span><\/a><\/span>, promovida pelo JK Iguatemi. No ano passado foi um sucesso!<\/p>\n<p>&nbsp;<\/p>\n<p>&nbsp;<\/p>\n<p style=\"text-align: center;\"><img decoding=\"async\" class=\"aligncenter  wp-image-24170\" alt=\"Captura de Tela 2014-04-16 \u00e0s 23.32.27\" src=\"https:\/\/colinahomolog.com.br\/dev\/just-real-moms\/wp-content\/uploads\/2014\/04\/Captura-de-Tela-2014-04-16-\u00e0s-23.32.27.png\" width=\"568\" height=\"291\" srcset=\"https:\/\/colinahomolog.com.br\/dev\/just-real-moms\/wp-content\/uploads\/2014\/04\/Captura-de-Tela-2014-04-16-\u00e0s-23.32.27.png 631w, https:\/\/colinahomolog.com.br\/dev\/just-real-moms\/wp-content\/uploads\/2014\/04\/Captura-de-Tela-2014-04-16-\u00e0s-23.32.27-150x76.png 150w, https:\/\/colinahomolog.com.br\/dev\/just-real-moms\/wp-content\/uploads\/2014\/04\/Captura-de-Tela-2014-04-16-\u00e0s-23.32.27-300x153.png 300w\" sizes=\"(max-width: 568px) 100vw, 568px\" \/><\/p>\n<p>&nbsp;<\/p>\n<p>&nbsp;<\/p>\n<p>Na segunda-feira o espet\u00e1culo <span style=\"color: #0000ff;\"><a href=\"http:\/\/bora.ai\/passeios\/a-peppa-pig-e-o-porquinho-mau\" target=\"_blank\"><span style=\"color: #0000ff;\">A Peppa Pig e o Lobo Mau<\/span><\/a><\/span> far\u00e1 apresenta\u00e7\u00e3o no Teatro Brigadeiro e tem desconto especial para usu\u00e1rios do bora.ai, confiram l\u00e1 no site!<\/p>\n<p>&nbsp;<\/p>\n<p>&nbsp;<\/p>\n<p style=\"text-align: center;\"><img loading=\"lazy\" decoding=\"async\" class=\"aligncenter  wp-image-24171\" alt=\"Captura de Tela 2014-04-16 \u00e0s 23.32.41\" src=\"https:\/\/colinahomolog.com.br\/dev\/just-real-moms\/wp-content\/uploads\/2014\/04\/Captura-de-Tela-2014-04-16-\u00e0s-23.32.41.png\" width=\"568\" height=\"295\" \/><\/p>\n<p>&nbsp;<\/p>\n<p>&nbsp;<\/p>\n<p>Para acessarem o guia completo com atividades de P\u00e1scoa e para o feriado, acessem\u00a0<strong><span style=\"color: #0000ff;\"><a href=\"http:\/\/www.bora.ai\" target=\"_blank\"><span style=\"color: #0000ff;\">www.bora.ai<\/span><\/a><\/span>.<\/strong><\/p>\n<p align=\"center\"><img loading=\"lazy\" decoding=\"async\" class=\" wp-image-24172 alignleft\" alt=\"Captura de Tela 2014-04-16 \u00e0s 23.32.51\" src=\"https:\/\/colinahomolog.com.br\/dev\/just-real-moms\/wp-content\/uploads\/2014\/04\/Captura-de-Tela-2014-04-16-\u00e0s-23.32.51.png\" width=\"320\" height=\"99\" srcset=\"https:\/\/colinahomolog.com.br\/dev\/just-real-moms\/wp-content\/uploads\/2014\/04\/Captura-de-Tela-2014-04-16-\u00e0s-23.32.51.png 534w, https:\/\/colinahomolog.com.br\/dev\/just-real-moms\/wp-content\/uploads\/2014\/04\/Captura-de-Tela-2014-04-16-\u00e0s-23.32.51-150x46.png 150w, https:\/\/colinahomolog.com.br\/dev\/just-real-moms\/wp-content\/uploads\/2014\/04\/Captura-de-Tela-2014-04-16-\u00e0s-23.32.51-300x92.png 300w\" sizes=\"(max-width: 320px) 100vw, 320px\" \/><\/p>\n<p>&nbsp;<\/p>\n<p>&nbsp;<\/p>\n\n    <div class=\"xs_social_share_widget xs_share_url after_content \t\tmain_content  wslu-style-1 wslu-share-box-shaped wslu-fill-colored wslu-none wslu-share-horizontal wslu-theme-font-no wslu-main_content\">\n\n\t\t\n        <ul>\n\t\t\t        <\/ul>\n    <\/div> \n","protected":false},"excerpt":{"rendered":"<p>Favorite&nbsp; Ol\u00e1, mam\u00e3es! &nbsp; O post de hoje foi escrito especialmente para quem for ficar em S\u00e3o Paulo durante a P\u00e1scoa! Vai ter muita op\u00e7\u00e3o legal de programas e a Lia, do site bora.a\u00ed, selecionou as melhores op\u00e7\u00f5es para dividir conosco! &nbsp; Divirtam-se! &nbsp; &#8230;&#8230;&#8230;&#8230;&#8230;&#8230;&#8230;&#8230;&#8230;&#8230;&#8230;&#8230;&#8230;&#8230;&#8230;&#8230;&#8230;&#8230;&#8230;&#8230;&#8230;&#8230;&#8230;&#8230;&#8230;&#8230;&#8230;&#8230;&#8230;&#8230;&#8230;&#8230;&#8230;&#8230;&#8230;&#8230; &nbsp; O feriad\u00e3o da P\u00e1scoa chegou e a programa\u00e7\u00e3o para [&hellip;]<\/p>\n","protected":false},"author":1010,"featured_media":24171,"comment_status":"open","ping_status":"closed","sticky":false,"template":"","format":"standard","meta":{"_acf_changed":false,"footnotes":""},"categories":[29],"tags":[887],"class_list":{"0":"post-24167","1":"post","2":"type-post","3":"status-publish","4":"format-standard","5":"has-post-thumbnail","7":"category-real-tips","8":"tag-bora-ai"},"acf":[],"yoast_head":"<!-- This site is optimized with the Yoast SEO Premium plugin v26.6 (Yoast SEO v26.6) - https:\/\/yoast.com\/wordpress\/plugins\/seo\/ -->\n<title>Programa\u00e7\u00e3o para as crian\u00e7as no feriado da P\u00e1scoa - por Bora.a\u00ed<\/title>\n<meta name=\"robots\" content=\"index, follow, max-snippet:-1, max-image-preview:large, max-video-preview:-1\" \/>\n<link rel=\"canonical\" href=\"https:\/\/colinahomolog.com.br\/dev\/just-real-moms\/programacao-para-as-criancas-no-feriado-da-pascoa-por-bora-ai\/\" \/>\n<meta property=\"og:locale\" content=\"pt_BR\" \/>\n<meta property=\"og:type\" content=\"article\" \/>\n<meta property=\"og:title\" content=\"Programa\u00e7\u00e3o para as crian\u00e7as no feriado da P\u00e1scoa - por Bora.a\u00ed\" \/>\n<meta property=\"og:description\" content=\"Favorite&nbsp; Ol\u00e1, mam\u00e3es! &nbsp; O post de hoje foi escrito especialmente para quem for ficar em S\u00e3o Paulo durante a P\u00e1scoa! Vai ter muita op\u00e7\u00e3o legal de programas e a Lia, do site bora.a\u00ed, selecionou as melhores op\u00e7\u00f5es para dividir conosco! &nbsp; Divirtam-se! &nbsp; &#8230;&#8230;&#8230;&#8230;&#8230;&#8230;&#8230;&#8230;&#8230;&#8230;&#8230;&#8230;&#8230;&#8230;&#8230;&#8230;&#8230;&#8230;&#8230;&#8230;&#8230;&#8230;&#8230;&#8230;&#8230;&#8230;&#8230;&#8230;&#8230;&#8230;&#8230;&#8230;&#8230;&#8230;&#8230;&#8230; &nbsp; O feriad\u00e3o da P\u00e1scoa chegou e a programa\u00e7\u00e3o para [&hellip;]\" \/>\n<meta property=\"og:url\" content=\"https:\/\/colinahomolog.com.br\/dev\/just-real-moms\/programacao-para-as-criancas-no-feriado-da-pascoa-por-bora-ai\/\" \/>\n<meta property=\"og:site_name\" content=\"Just Real Moms - Blog para M\u00e3es\" \/>\n<meta property=\"article:publisher\" content=\"https:\/\/www.facebook.com\/JustRealMoms\" \/>\n<meta property=\"article:published_time\" content=\"2014-04-17T11:30:35+00:00\" \/>\n<meta property=\"article:modified_time\" content=\"2016-05-05T22:06:39+00:00\" \/>\n<meta property=\"og:image\" content=\"https:\/\/colinahomolog.com.br\/dev\/just-real-moms\/wp-content\/uploads\/2014\/04\/Captura-de-Tela-2014-04-16-\u00e0s-23.32.41.png\" \/>\n\t<meta property=\"og:image:width\" content=\"1\" \/>\n\t<meta property=\"og:image:height\" content=\"1\" \/>\n\t<meta property=\"og:image:type\" content=\"image\/png\" \/>\n<meta name=\"author\" content=\"Lina Brochmann\" \/>\n<meta name=\"twitter:label1\" content=\"Escrito por\" \/>\n\t<meta name=\"twitter:data1\" content=\"Lina Brochmann\" \/>\n\t<meta name=\"twitter:label2\" content=\"Est. tempo de leitura\" \/>\n\t<meta name=\"twitter:data2\" content=\"1 minuto\" \/>\n<script type=\"application\/ld+json\" class=\"yoast-schema-graph\">{\"@context\":\"https:\/\/schema.org\",\"@graph\":[{\"@type\":\"WebPage\",\"@id\":\"https:\/\/colinahomolog.com.br\/dev\/just-real-moms\/programacao-para-as-criancas-no-feriado-da-pascoa-por-bora-ai\/\",\"url\":\"https:\/\/colinahomolog.com.br\/dev\/just-real-moms\/programacao-para-as-criancas-no-feriado-da-pascoa-por-bora-ai\/\",\"name\":\"Programa\u00e7\u00e3o para as crian\u00e7as no feriado da P\u00e1scoa - por Bora.a\u00ed\",\"isPartOf\":{\"@id\":\"https:\/\/colinahomolog.com.br\/dev\/just-real-moms\/#website\"},\"primaryImageOfPage\":{\"@id\":\"https:\/\/colinahomolog.com.br\/dev\/just-real-moms\/programacao-para-as-criancas-no-feriado-da-pascoa-por-bora-ai\/#primaryimage\"},\"image\":{\"@id\":\"https:\/\/colinahomolog.com.br\/dev\/just-real-moms\/programacao-para-as-criancas-no-feriado-da-pascoa-por-bora-ai\/#primaryimage\"},\"thumbnailUrl\":\"https:\/\/colinahomolog.com.br\/dev\/just-real-moms\/wp-content\/uploads\/2014\/04\/Captura-de-Tela-2014-04-16-\u00e0s-23.32.41.png\",\"datePublished\":\"2014-04-17T11:30:35+00:00\",\"dateModified\":\"2016-05-05T22:06:39+00:00\",\"author\":{\"@id\":\"https:\/\/colinahomolog.com.br\/dev\/just-real-moms\/#\/schema\/person\/133479e9262b2f5fb04d34fbcbcd63f9\"},\"breadcrumb\":{\"@id\":\"https:\/\/colinahomolog.com.br\/dev\/just-real-moms\/programacao-para-as-criancas-no-feriado-da-pascoa-por-bora-ai\/#breadcrumb\"},\"inLanguage\":\"pt-BR\",\"potentialAction\":[{\"@type\":\"ReadAction\",\"target\":[\"https:\/\/colinahomolog.com.br\/dev\/just-real-moms\/programacao-para-as-criancas-no-feriado-da-pascoa-por-bora-ai\/\"]}]},{\"@type\":\"ImageObject\",\"inLanguage\":\"pt-BR\",\"@id\":\"https:\/\/colinahomolog.com.br\/dev\/just-real-moms\/programacao-para-as-criancas-no-feriado-da-pascoa-por-bora-ai\/#primaryimage\",\"url\":\"https:\/\/colinahomolog.com.br\/dev\/just-real-moms\/wp-content\/uploads\/2014\/04\/Captura-de-Tela-2014-04-16-\u00e0s-23.32.41.png\",\"contentUrl\":\"https:\/\/colinahomolog.com.br\/dev\/just-real-moms\/wp-content\/uploads\/2014\/04\/Captura-de-Tela-2014-04-16-\u00e0s-23.32.41.png\"},{\"@type\":\"BreadcrumbList\",\"@id\":\"https:\/\/colinahomolog.com.br\/dev\/just-real-moms\/programacao-para-as-criancas-no-feriado-da-pascoa-por-bora-ai\/#breadcrumb\",\"itemListElement\":[{\"@type\":\"ListItem\",\"position\":1,\"name\":\"In\u00edcio\",\"item\":\"https:\/\/colinahomolog.com.br\/dev\/just-real-moms\/\"},{\"@type\":\"ListItem\",\"position\":2,\"name\":\"Programa\u00e7\u00e3o para as crian\u00e7as no feriado da P\u00e1scoa &#8211; por Bora.a\u00ed\"}]},{\"@type\":\"WebSite\",\"@id\":\"https:\/\/colinahomolog.com.br\/dev\/just-real-moms\/#website\",\"url\":\"https:\/\/colinahomolog.com.br\/dev\/just-real-moms\/\",\"name\":\"Just Real Moms - Blog para M\u00e3es\",\"description\":\"O melhor e mais completo portal para m\u00e3es, pais e futuros pais!\",\"potentialAction\":[{\"@type\":\"SearchAction\",\"target\":{\"@type\":\"EntryPoint\",\"urlTemplate\":\"https:\/\/colinahomolog.com.br\/dev\/just-real-moms\/?s={search_term_string}\"},\"query-input\":{\"@type\":\"PropertyValueSpecification\",\"valueRequired\":true,\"valueName\":\"search_term_string\"}}],\"inLanguage\":\"pt-BR\"},{\"@type\":\"Person\",\"@id\":\"https:\/\/colinahomolog.com.br\/dev\/just-real-moms\/#\/schema\/person\/133479e9262b2f5fb04d34fbcbcd63f9\",\"name\":\"Lina Brochmann\",\"description\":\"Programa\u00e7\u00e3o infantil de S\u00e3o Paulo do Bora\u00ed\",\"url\":\"https:\/\/colinahomolog.com.br\/dev\/just-real-moms\/author\/linabrochmann\/\"}]}<\/script>\n<!-- \/ Yoast SEO Premium plugin. -->","yoast_head_json":{"title":"Programa\u00e7\u00e3o para as crian\u00e7as no feriado da P\u00e1scoa - por Bora.a\u00ed","robots":{"index":"index","follow":"follow","max-snippet":"max-snippet:-1","max-image-preview":"max-image-preview:large","max-video-preview":"max-video-preview:-1"},"canonical":"https:\/\/colinahomolog.com.br\/dev\/just-real-moms\/programacao-para-as-criancas-no-feriado-da-pascoa-por-bora-ai\/","og_locale":"pt_BR","og_type":"article","og_title":"Programa\u00e7\u00e3o para as crian\u00e7as no feriado da P\u00e1scoa - por Bora.a\u00ed","og_description":"Favorite&nbsp; Ol\u00e1, mam\u00e3es! &nbsp; O post de hoje foi escrito especialmente para quem for ficar em S\u00e3o Paulo durante a P\u00e1scoa! Vai ter muita op\u00e7\u00e3o legal de programas e a Lia, do site bora.a\u00ed, selecionou as melhores op\u00e7\u00f5es para dividir conosco! &nbsp; Divirtam-se! &nbsp; &#8230;&#8230;&#8230;&#8230;&#8230;&#8230;&#8230;&#8230;&#8230;&#8230;&#8230;&#8230;&#8230;&#8230;&#8230;&#8230;&#8230;&#8230;&#8230;&#8230;&#8230;&#8230;&#8230;&#8230;&#8230;&#8230;&#8230;&#8230;&#8230;&#8230;&#8230;&#8230;&#8230;&#8230;&#8230;&#8230; &nbsp; O feriad\u00e3o da P\u00e1scoa chegou e a programa\u00e7\u00e3o para [&hellip;]","og_url":"https:\/\/colinahomolog.com.br\/dev\/just-real-moms\/programacao-para-as-criancas-no-feriado-da-pascoa-por-bora-ai\/","og_site_name":"Just Real Moms - Blog para M\u00e3es","article_publisher":"https:\/\/www.facebook.com\/JustRealMoms","article_published_time":"2014-04-17T11:30:35+00:00","article_modified_time":"2016-05-05T22:06:39+00:00","og_image":[{"url":"https:\/\/colinahomolog.com.br\/dev\/just-real-moms\/wp-content\/uploads\/2014\/04\/Captura-de-Tela-2014-04-16-\u00e0s-23.32.41.png","width":1,"height":1,"type":"image\/png"}],"author":"Lina Brochmann","twitter_misc":{"Escrito por":"Lina Brochmann","Est. tempo de leitura":"1 minuto"},"schema":{"@context":"https:\/\/schema.org","@graph":[{"@type":"WebPage","@id":"https:\/\/colinahomolog.com.br\/dev\/just-real-moms\/programacao-para-as-criancas-no-feriado-da-pascoa-por-bora-ai\/","url":"https:\/\/colinahomolog.com.br\/dev\/just-real-moms\/programacao-para-as-criancas-no-feriado-da-pascoa-por-bora-ai\/","name":"Programa\u00e7\u00e3o para as crian\u00e7as no feriado da P\u00e1scoa - por Bora.a\u00ed","isPartOf":{"@id":"https:\/\/colinahomolog.com.br\/dev\/just-real-moms\/#website"},"primaryImageOfPage":{"@id":"https:\/\/colinahomolog.com.br\/dev\/just-real-moms\/programacao-para-as-criancas-no-feriado-da-pascoa-por-bora-ai\/#primaryimage"},"image":{"@id":"https:\/\/colinahomolog.com.br\/dev\/just-real-moms\/programacao-para-as-criancas-no-feriado-da-pascoa-por-bora-ai\/#primaryimage"},"thumbnailUrl":"https:\/\/colinahomolog.com.br\/dev\/just-real-moms\/wp-content\/uploads\/2014\/04\/Captura-de-Tela-2014-04-16-\u00e0s-23.32.41.png","datePublished":"2014-04-17T11:30:35+00:00","dateModified":"2016-05-05T22:06:39+00:00","author":{"@id":"https:\/\/colinahomolog.com.br\/dev\/just-real-moms\/#\/schema\/person\/133479e9262b2f5fb04d34fbcbcd63f9"},"breadcrumb":{"@id":"https:\/\/colinahomolog.com.br\/dev\/just-real-moms\/programacao-para-as-criancas-no-feriado-da-pascoa-por-bora-ai\/#breadcrumb"},"inLanguage":"pt-BR","potentialAction":[{"@type":"ReadAction","target":["https:\/\/colinahomolog.com.br\/dev\/just-real-moms\/programacao-para-as-criancas-no-feriado-da-pascoa-por-bora-ai\/"]}]},{"@type":"ImageObject","inLanguage":"pt-BR","@id":"https:\/\/colinahomolog.com.br\/dev\/just-real-moms\/programacao-para-as-criancas-no-feriado-da-pascoa-por-bora-ai\/#primaryimage","url":"https:\/\/colinahomolog.com.br\/dev\/just-real-moms\/wp-content\/uploads\/2014\/04\/Captura-de-Tela-2014-04-16-\u00e0s-23.32.41.png","contentUrl":"https:\/\/colinahomolog.com.br\/dev\/just-real-moms\/wp-content\/uploads\/2014\/04\/Captura-de-Tela-2014-04-16-\u00e0s-23.32.41.png"},{"@type":"BreadcrumbList","@id":"https:\/\/colinahomolog.com.br\/dev\/just-real-moms\/programacao-para-as-criancas-no-feriado-da-pascoa-por-bora-ai\/#breadcrumb","itemListElement":[{"@type":"ListItem","position":1,"name":"In\u00edcio","item":"https:\/\/colinahomolog.com.br\/dev\/just-real-moms\/"},{"@type":"ListItem","position":2,"name":"Programa\u00e7\u00e3o para as crian\u00e7as no feriado da P\u00e1scoa &#8211; por Bora.a\u00ed"}]},{"@type":"WebSite","@id":"https:\/\/colinahomolog.com.br\/dev\/just-real-moms\/#website","url":"https:\/\/colinahomolog.com.br\/dev\/just-real-moms\/","name":"Just Real Moms - Blog para M\u00e3es","description":"O melhor e mais completo portal para m\u00e3es, pais e futuros pais!","potentialAction":[{"@type":"SearchAction","target":{"@type":"EntryPoint","urlTemplate":"https:\/\/colinahomolog.com.br\/dev\/just-real-moms\/?s={search_term_string}"},"query-input":{"@type":"PropertyValueSpecification","valueRequired":true,"valueName":"search_term_string"}}],"inLanguage":"pt-BR"},{"@type":"Person","@id":"https:\/\/colinahomolog.com.br\/dev\/just-real-moms\/#\/schema\/person\/133479e9262b2f5fb04d34fbcbcd63f9","name":"Lina Brochmann","description":"Programa\u00e7\u00e3o infantil de S\u00e3o Paulo do Bora\u00ed","url":"https:\/\/colinahomolog.com.br\/dev\/just-real-moms\/author\/linabrochmann\/"}]}},"_links":{"self":[{"href":"https:\/\/colinahomolog.com.br\/dev\/just-real-moms\/wp-json\/wp\/v2\/posts\/24167","targetHints":{"allow":["GET"]}}],"collection":[{"href":"https:\/\/colinahomolog.com.br\/dev\/just-real-moms\/wp-json\/wp\/v2\/posts"}],"about":[{"href":"https:\/\/colinahomolog.com.br\/dev\/just-real-moms\/wp-json\/wp\/v2\/types\/post"}],"author":[{"embeddable":true,"href":"https:\/\/colinahomolog.com.br\/dev\/just-real-moms\/wp-json\/wp\/v2\/users\/1010"}],"replies":[{"embeddable":true,"href":"https:\/\/colinahomolog.com.br\/dev\/just-real-moms\/wp-json\/wp\/v2\/comments?post=24167"}],"version-history":[{"count":0,"href":"https:\/\/colinahomolog.com.br\/dev\/just-real-moms\/wp-json\/wp\/v2\/posts\/24167\/revisions"}],"wp:featuredmedia":[{"embeddable":true,"href":"https:\/\/colinahomolog.com.br\/dev\/just-real-moms\/wp-json\/wp\/v2\/media\/24171"}],"wp:attachment":[{"href":"https:\/\/colinahomolog.com.br\/dev\/just-real-moms\/wp-json\/wp\/v2\/media?parent=24167"}],"wp:term":[{"taxonomy":"category","embeddable":true,"href":"https:\/\/colinahomolog.com.br\/dev\/just-real-moms\/wp-json\/wp\/v2\/categories?post=24167"},{"taxonomy":"post_tag","embeddable":true,"href":"https:\/\/colinahomolog.com.br\/dev\/just-real-moms\/wp-json\/wp\/v2\/tags?post=24167"}],"curies":[{"name":"wp","href":"https:\/\/api.w.org\/{rel}","templated":true}]}}