{"id":24412,"date":"2014-05-01T08:30:13","date_gmt":"2014-05-01T11:30:13","guid":{"rendered":"https:\/\/colinahomolog.com.br\/dev\/just-real-moms\/?p=24412"},"modified":"2016-05-05T19:06:39","modified_gmt":"2016-05-05T22:06:39","slug":"a-melhor-programacao-para-curtir-o-feriado-com-as-criancas-em-sp-por-bora-ai","status":"publish","type":"post","link":"https:\/\/colinahomolog.com.br\/dev\/just-real-moms\/a-melhor-programacao-para-curtir-o-feriado-com-as-criancas-em-sp-por-bora-ai\/","title":{"rendered":"A melhor programa\u00e7\u00e3o para curtir o feriado com as crian\u00e7as em SP &#8211; por Bora.a\u00ed"},"content":{"rendered":"<button class=\"simplefavorite-button preset\" data-postid=\"24412\" data-siteid=\"1\" data-groupid=\"1\" data-favoritecount=\"0\" style=\"box-shadow:none;-webkit-box-shadow:none;-moz-box-shadow:none;background-color:#68ccb4;border-color:#68ccb4;color:#ffffff;\"><i class=\"sf-icon-favorite\" style=\"\"><\/i>Favorite<\/button><p>&nbsp;<\/p>\n<p>Oi, moms!<\/p>\n<p>&nbsp;<\/p>\n<p>Quem for ficar em S\u00e3o Paulo neste feriad\u00e3o, n\u00e3o pode deixar de ler as dicas das nossas colunistas do <strong><span style=\"color: #0000ff;\"><a title=\"Bora.a\u00ed\" href=\"http:\/\/bora.ai\/\" target=\"_blank\"><span style=\"color: #0000ff;\">Bora.a\u00ed<\/span><\/a><\/span><\/strong>, com a melhor programa\u00e7\u00e3o da cidade para se fazer com os pequenos!<\/p>\n<p>&nbsp;<\/p>\n<p>Tenho certeza de que gostar\u00e3o! Confiram!!<\/p>\n<p>&nbsp;<\/p>\n<p>Mil Bjss<\/p>\n<p>&nbsp;<\/p>\n<p>&nbsp;<\/p>\n<p>\u2026\u2026\u2026\u2026\u2026\u2026\u2026\u2026\u2026\u2026\u2026\u2026\u2026\u2026\u2026\u2026\u2026\u2026\u2026\u2026\u2026\u2026\u2026\u2026\u2026\u2026\u2026\u2026\u2026\u2026\u2026\u2026\u2026\u2026\u2026\u2026\u2026\u2026\u2026\u2026\u2026\u2026\u2026\u2026\u2026<\/p>\n<p>&nbsp;<\/p>\n<p>O <strong><span style=\"color: #0000ff;\"><a title=\"Aquario de S\u00e3o Paulo\" href=\"http:\/\/bora.ai\/passeios\/aquario-de-sao-pauo-veja-um-tubaraeo-de-pertinho\" target=\"_blank\"><span style=\"color: #0000ff;\">Aqu\u00e1rio de S\u00e3o Paulo<\/span><\/a><\/span><\/strong> estar\u00e1 aberto todos os dias deste feriad\u00e3o e ter\u00e1 a apresenta\u00e7\u00e3o das sereias, que tanto encantam as crian\u00e7as. As sess\u00f5es ser\u00e3o das 11h \u00e0s 13h e das 15h \u00e0s 17h.<\/p>\n<p>&nbsp;<\/p>\n<p>&nbsp;<\/p>\n<p><img fetchpriority=\"high\" decoding=\"async\" class=\"size-full wp-image-24414 aligncenter\" src=\"https:\/\/colinahomolog.com.br\/dev\/just-real-moms\/wp-content\/uploads\/2014\/04\/borai11.jpg\" alt=\"borai1\" width=\"304\" height=\"404\" srcset=\"https:\/\/colinahomolog.com.br\/dev\/just-real-moms\/wp-content\/uploads\/2014\/04\/borai11.jpg 304w, https:\/\/colinahomolog.com.br\/dev\/just-real-moms\/wp-content\/uploads\/2014\/04\/borai11-112x150.jpg 112w, https:\/\/colinahomolog.com.br\/dev\/just-real-moms\/wp-content\/uploads\/2014\/04\/borai11-225x300.jpg 225w\" sizes=\"(max-width: 304px) 100vw, 304px\" \/><\/p>\n<p>&nbsp;<\/p>\n<p>&nbsp;<\/p>\n<p>O <strong><span style=\"color: #0000ff;\"><a title=\"Grupo Triii\" href=\"http:\/\/bora.ai\/passeios\/show-balance-grupo-triii\" target=\"_blank\"><span style=\"color: #0000ff;\">Grupo Triii<\/span><\/a><\/span><\/strong> apresentar\u00e1 seu novo show \u201cBalanc\u00ea\u201d no Sesc Santo Amaro, quinta-feira e domingo \u00e0s 16h.<\/p>\n<p>&nbsp;<\/p>\n<p>&nbsp;<\/p>\n<p><img decoding=\"async\" class=\"aligncenter size-full wp-image-24415\" src=\"https:\/\/colinahomolog.com.br\/dev\/just-real-moms\/wp-content\/uploads\/2014\/04\/borai2.jpg\" alt=\"borai2\" width=\"388\" height=\"202\" srcset=\"https:\/\/colinahomolog.com.br\/dev\/just-real-moms\/wp-content\/uploads\/2014\/04\/borai2.jpg 388w, https:\/\/colinahomolog.com.br\/dev\/just-real-moms\/wp-content\/uploads\/2014\/04\/borai2-150x78.jpg 150w, https:\/\/colinahomolog.com.br\/dev\/just-real-moms\/wp-content\/uploads\/2014\/04\/borai2-300x156.jpg 300w\" sizes=\"(max-width: 388px) 100vw, 388px\" \/><\/p>\n<p>&nbsp;<\/p>\n<p>&nbsp;<\/p>\n<p>O Teatro Bibi Ferreira far\u00e1 uma nova temporada do espet\u00e1culo <strong><span style=\"color: #0000ff;\"><a title=\"Dudinha e a Galinha Pintadinha\" href=\"http:\/\/bora.ai\/passeios\/dudinha-e-a-galinha-pintadinha\" target=\"_blank\"><span style=\"color: #0000ff;\">Dudinha e a Galinha Pintadinha<\/span><\/a><\/span><\/strong> a partir de s\u00e1bado e haver\u00e1 sess\u00e3o extra hoje!<\/p>\n<p>&nbsp;<\/p>\n<p>&nbsp;<\/p>\n<p><img decoding=\"async\" class=\"aligncenter size-full wp-image-24416\" src=\"https:\/\/colinahomolog.com.br\/dev\/just-real-moms\/wp-content\/uploads\/2014\/04\/borai3.jpg\" alt=\"borai3\" width=\"388\" height=\"235\" srcset=\"https:\/\/colinahomolog.com.br\/dev\/just-real-moms\/wp-content\/uploads\/2014\/04\/borai3.jpg 388w, https:\/\/colinahomolog.com.br\/dev\/just-real-moms\/wp-content\/uploads\/2014\/04\/borai3-150x90.jpg 150w, https:\/\/colinahomolog.com.br\/dev\/just-real-moms\/wp-content\/uploads\/2014\/04\/borai3-300x181.jpg 300w\" sizes=\"(max-width: 388px) 100vw, 388px\" \/><\/p>\n<p>&nbsp;<\/p>\n<p>&nbsp;<\/p>\n<p><strong><span style=\"color: #0000ff;\"><a title=\"Peppa Pig e o Porquinho Mau\" href=\"http:\/\/bora.ai\/passeios\/a-peppa-pig-e-o-porquinho-mau\" target=\"_blank\"><span style=\"color: #0000ff;\">Peppa Pig e o Porquinho Mau<\/span><\/a><\/span><\/strong> ter\u00e1 tr\u00eas sess\u00f5es hoje no Teatro Brigadeiro: 11h, 12h30 e 14h.<\/p>\n<p>&nbsp;<\/p>\n<p>&nbsp;<\/p>\n<p><img loading=\"lazy\" decoding=\"async\" class=\"aligncenter size-full wp-image-24417\" src=\"https:\/\/colinahomolog.com.br\/dev\/just-real-moms\/wp-content\/uploads\/2014\/04\/borai4.jpg\" alt=\"borai4\" width=\"388\" height=\"202\" srcset=\"https:\/\/colinahomolog.com.br\/dev\/just-real-moms\/wp-content\/uploads\/2014\/04\/borai4.jpg 388w, https:\/\/colinahomolog.com.br\/dev\/just-real-moms\/wp-content\/uploads\/2014\/04\/borai4-150x78.jpg 150w, https:\/\/colinahomolog.com.br\/dev\/just-real-moms\/wp-content\/uploads\/2014\/04\/borai4-300x156.jpg 300w\" sizes=\"(max-width: 388px) 100vw, 388px\" \/><\/p>\n<p>&nbsp;<\/p>\n<p>&nbsp;<\/p>\n<p>O Shopping Market Place prorrogou a atividade <strong><span style=\"color: #0000ff;\"><a title=\"O que voc\u00ea vai ser quando crescer?\" href=\"http:\/\/bora.ai\/passeios\/o-que-voce-vai-ser-quando-crescer\" target=\"_blank\"><span style=\"color: #0000ff;\">O que voc\u00ea vai ser quando <\/span><\/a><\/span><span style=\"color: #0000ff;\"><a title=\"O que voc\u00ea vai ser quando crescer?\" href=\"http:\/\/bora.ai\/passeios\/o-que-voce-vai-ser-quando-crescer\" target=\"_blank\"><span style=\"color: #0000ff;\">crescer?<\/span><\/a><\/span><\/strong>, com os personagens da turma da M\u00f4nica. Hoje \u00e9 o \u00faltimo dia, aproveitem!<\/p>\n<p>&nbsp;<\/p>\n<p>&nbsp;<\/p>\n<p><img loading=\"lazy\" decoding=\"async\" class=\"aligncenter size-full wp-image-24418\" src=\"https:\/\/colinahomolog.com.br\/dev\/just-real-moms\/wp-content\/uploads\/2014\/04\/borai5.jpg\" alt=\"borai5\" width=\"388\" height=\"202\" srcset=\"https:\/\/colinahomolog.com.br\/dev\/just-real-moms\/wp-content\/uploads\/2014\/04\/borai5.jpg 388w, https:\/\/colinahomolog.com.br\/dev\/just-real-moms\/wp-content\/uploads\/2014\/04\/borai5-150x78.jpg 150w, https:\/\/colinahomolog.com.br\/dev\/just-real-moms\/wp-content\/uploads\/2014\/04\/borai5-300x156.jpg 300w\" sizes=\"(max-width: 388px) 100vw, 388px\" \/><\/p>\n<p>&nbsp;<\/p>\n<p>&nbsp;<\/p>\n<p>Al\u00e9m desses destaques para o feriado de hoje, tem mais de cem dicas de programas para o final de semana em nosso site. Acessem o <span style=\"color: #0000ff;\"><a href=\"http:\/\/www.bora.ai\" target=\"_blank\"><span style=\"color: #0000ff;\"><strong>www.bora.ai<\/strong><\/span><\/a><\/span> e escolham o que mais combina com a sua fam\u00edlia!<\/p>\n<p>&nbsp;<\/p>\n<p>&nbsp;<\/p>\n<p><img loading=\"lazy\" decoding=\"async\" class=\"size-full wp-image-24419 alignleft\" src=\"https:\/\/colinahomolog.com.br\/dev\/just-real-moms\/wp-content\/uploads\/2014\/04\/bora.jpg\" alt=\"bora\" width=\"189\" height=\"36\" srcset=\"https:\/\/colinahomolog.com.br\/dev\/just-real-moms\/wp-content\/uploads\/2014\/04\/bora.jpg 189w, https:\/\/colinahomolog.com.br\/dev\/just-real-moms\/wp-content\/uploads\/2014\/04\/bora-150x28.jpg 150w\" sizes=\"(max-width: 189px) 100vw, 189px\" \/><\/p>\n<p>&nbsp;<\/p>\n<p>&nbsp;<\/p>\n\n    <div class=\"xs_social_share_widget xs_share_url after_content \t\tmain_content  wslu-style-1 wslu-share-box-shaped wslu-fill-colored wslu-none wslu-share-horizontal wslu-theme-font-no wslu-main_content\">\n\n\t\t\n        <ul>\n\t\t\t        <\/ul>\n    <\/div> \n","protected":false},"excerpt":{"rendered":"<p>Favorite&nbsp; Oi, moms! &nbsp; Quem for ficar em S\u00e3o Paulo neste feriad\u00e3o, n\u00e3o pode deixar de ler as dicas das nossas colunistas do Bora.a\u00ed, com a melhor programa\u00e7\u00e3o da cidade para se fazer com os pequenos! &nbsp; Tenho certeza de que gostar\u00e3o! Confiram!! &nbsp; Mil Bjss &nbsp; &nbsp; \u2026\u2026\u2026\u2026\u2026\u2026\u2026\u2026\u2026\u2026\u2026\u2026\u2026\u2026\u2026\u2026\u2026\u2026\u2026\u2026\u2026\u2026\u2026\u2026\u2026\u2026\u2026\u2026\u2026\u2026\u2026\u2026\u2026\u2026\u2026\u2026\u2026\u2026\u2026\u2026\u2026\u2026\u2026\u2026\u2026 &nbsp; O Aqu\u00e1rio de S\u00e3o Paulo [&hellip;]<\/p>\n","protected":false},"author":1010,"featured_media":24420,"comment_status":"open","ping_status":"closed","sticky":false,"template":"","format":"standard","meta":{"_acf_changed":false,"footnotes":""},"categories":[33],"tags":[887,740,326,1339,1275],"class_list":{"0":"post-24412","1":"post","2":"type-post","3":"status-publish","4":"format-standard","5":"has-post-thumbnail","7":"category-have-fun","8":"tag-bora-ai","9":"tag-programa-para-as-criancas","10":"tag-programacao","11":"tag-programacao-com-as-criancas","12":"tag-programacao-com-criancas"},"acf":[],"yoast_head":"<!-- This site is optimized with the Yoast SEO Premium plugin v26.6 (Yoast SEO v26.6) - https:\/\/yoast.com\/wordpress\/plugins\/seo\/ -->\n<title>A melhor programa\u00e7\u00e3o para curtir o feriado com as crian\u00e7as em SP - por Bora.a\u00ed<\/title>\n<meta name=\"robots\" content=\"index, follow, max-snippet:-1, max-image-preview:large, max-video-preview:-1\" \/>\n<link rel=\"canonical\" href=\"https:\/\/colinahomolog.com.br\/dev\/just-real-moms\/a-melhor-programacao-para-curtir-o-feriado-com-as-criancas-em-sp-por-bora-ai\/\" \/>\n<meta property=\"og:locale\" content=\"pt_BR\" \/>\n<meta property=\"og:type\" content=\"article\" \/>\n<meta property=\"og:title\" content=\"A melhor programa\u00e7\u00e3o para curtir o feriado com as crian\u00e7as em SP - por Bora.a\u00ed\" \/>\n<meta property=\"og:description\" content=\"Favorite&nbsp; Oi, moms! &nbsp; Quem for ficar em S\u00e3o Paulo neste feriad\u00e3o, n\u00e3o pode deixar de ler as dicas das nossas colunistas do Bora.a\u00ed, com a melhor programa\u00e7\u00e3o da cidade para se fazer com os pequenos! &nbsp; Tenho certeza de que gostar\u00e3o! Confiram!! &nbsp; Mil Bjss &nbsp; &nbsp; \u2026\u2026\u2026\u2026\u2026\u2026\u2026\u2026\u2026\u2026\u2026\u2026\u2026\u2026\u2026\u2026\u2026\u2026\u2026\u2026\u2026\u2026\u2026\u2026\u2026\u2026\u2026\u2026\u2026\u2026\u2026\u2026\u2026\u2026\u2026\u2026\u2026\u2026\u2026\u2026\u2026\u2026\u2026\u2026\u2026 &nbsp; O Aqu\u00e1rio de S\u00e3o Paulo [&hellip;]\" \/>\n<meta property=\"og:url\" content=\"https:\/\/colinahomolog.com.br\/dev\/just-real-moms\/a-melhor-programacao-para-curtir-o-feriado-com-as-criancas-em-sp-por-bora-ai\/\" \/>\n<meta property=\"og:site_name\" content=\"Just Real Moms - Blog para M\u00e3es\" \/>\n<meta property=\"article:publisher\" content=\"https:\/\/www.facebook.com\/JustRealMoms\" \/>\n<meta property=\"article:published_time\" content=\"2014-05-01T11:30:13+00:00\" \/>\n<meta property=\"article:modified_time\" content=\"2016-05-05T22:06:39+00:00\" \/>\n<meta property=\"og:image\" content=\"https:\/\/colinahomolog.com.br\/dev\/just-real-moms\/wp-content\/uploads\/2014\/04\/capaborai.jpg\" \/>\n\t<meta property=\"og:image:width\" content=\"1\" \/>\n\t<meta property=\"og:image:height\" content=\"1\" \/>\n\t<meta property=\"og:image:type\" content=\"image\/jpeg\" \/>\n<meta name=\"author\" content=\"Lina Brochmann\" \/>\n<meta name=\"twitter:label1\" content=\"Escrito por\" \/>\n\t<meta name=\"twitter:data1\" content=\"Lina Brochmann\" \/>\n\t<meta name=\"twitter:label2\" content=\"Est. tempo de leitura\" \/>\n\t<meta name=\"twitter:data2\" content=\"1 minuto\" \/>\n<script type=\"application\/ld+json\" class=\"yoast-schema-graph\">{\"@context\":\"https:\/\/schema.org\",\"@graph\":[{\"@type\":\"WebPage\",\"@id\":\"https:\/\/colinahomolog.com.br\/dev\/just-real-moms\/a-melhor-programacao-para-curtir-o-feriado-com-as-criancas-em-sp-por-bora-ai\/\",\"url\":\"https:\/\/colinahomolog.com.br\/dev\/just-real-moms\/a-melhor-programacao-para-curtir-o-feriado-com-as-criancas-em-sp-por-bora-ai\/\",\"name\":\"A melhor programa\u00e7\u00e3o para curtir o feriado com as crian\u00e7as em SP - por Bora.a\u00ed\",\"isPartOf\":{\"@id\":\"https:\/\/colinahomolog.com.br\/dev\/just-real-moms\/#website\"},\"primaryImageOfPage\":{\"@id\":\"https:\/\/colinahomolog.com.br\/dev\/just-real-moms\/a-melhor-programacao-para-curtir-o-feriado-com-as-criancas-em-sp-por-bora-ai\/#primaryimage\"},\"image\":{\"@id\":\"https:\/\/colinahomolog.com.br\/dev\/just-real-moms\/a-melhor-programacao-para-curtir-o-feriado-com-as-criancas-em-sp-por-bora-ai\/#primaryimage\"},\"thumbnailUrl\":\"https:\/\/colinahomolog.com.br\/dev\/just-real-moms\/wp-content\/uploads\/2014\/04\/capaborai.jpg\",\"datePublished\":\"2014-05-01T11:30:13+00:00\",\"dateModified\":\"2016-05-05T22:06:39+00:00\",\"author\":{\"@id\":\"https:\/\/colinahomolog.com.br\/dev\/just-real-moms\/#\/schema\/person\/133479e9262b2f5fb04d34fbcbcd63f9\"},\"breadcrumb\":{\"@id\":\"https:\/\/colinahomolog.com.br\/dev\/just-real-moms\/a-melhor-programacao-para-curtir-o-feriado-com-as-criancas-em-sp-por-bora-ai\/#breadcrumb\"},\"inLanguage\":\"pt-BR\",\"potentialAction\":[{\"@type\":\"ReadAction\",\"target\":[\"https:\/\/colinahomolog.com.br\/dev\/just-real-moms\/a-melhor-programacao-para-curtir-o-feriado-com-as-criancas-em-sp-por-bora-ai\/\"]}]},{\"@type\":\"ImageObject\",\"inLanguage\":\"pt-BR\",\"@id\":\"https:\/\/colinahomolog.com.br\/dev\/just-real-moms\/a-melhor-programacao-para-curtir-o-feriado-com-as-criancas-em-sp-por-bora-ai\/#primaryimage\",\"url\":\"https:\/\/colinahomolog.com.br\/dev\/just-real-moms\/wp-content\/uploads\/2014\/04\/capaborai.jpg\",\"contentUrl\":\"https:\/\/colinahomolog.com.br\/dev\/just-real-moms\/wp-content\/uploads\/2014\/04\/capaborai.jpg\"},{\"@type\":\"BreadcrumbList\",\"@id\":\"https:\/\/colinahomolog.com.br\/dev\/just-real-moms\/a-melhor-programacao-para-curtir-o-feriado-com-as-criancas-em-sp-por-bora-ai\/#breadcrumb\",\"itemListElement\":[{\"@type\":\"ListItem\",\"position\":1,\"name\":\"In\u00edcio\",\"item\":\"https:\/\/colinahomolog.com.br\/dev\/just-real-moms\/\"},{\"@type\":\"ListItem\",\"position\":2,\"name\":\"A melhor programa\u00e7\u00e3o para curtir o feriado com as crian\u00e7as em SP &#8211; por Bora.a\u00ed\"}]},{\"@type\":\"WebSite\",\"@id\":\"https:\/\/colinahomolog.com.br\/dev\/just-real-moms\/#website\",\"url\":\"https:\/\/colinahomolog.com.br\/dev\/just-real-moms\/\",\"name\":\"Just Real Moms - Blog para M\u00e3es\",\"description\":\"O melhor e mais completo portal para m\u00e3es, pais e futuros pais!\",\"potentialAction\":[{\"@type\":\"SearchAction\",\"target\":{\"@type\":\"EntryPoint\",\"urlTemplate\":\"https:\/\/colinahomolog.com.br\/dev\/just-real-moms\/?s={search_term_string}\"},\"query-input\":{\"@type\":\"PropertyValueSpecification\",\"valueRequired\":true,\"valueName\":\"search_term_string\"}}],\"inLanguage\":\"pt-BR\"},{\"@type\":\"Person\",\"@id\":\"https:\/\/colinahomolog.com.br\/dev\/just-real-moms\/#\/schema\/person\/133479e9262b2f5fb04d34fbcbcd63f9\",\"name\":\"Lina Brochmann\",\"description\":\"Programa\u00e7\u00e3o infantil de S\u00e3o Paulo do Bora\u00ed\",\"url\":\"https:\/\/colinahomolog.com.br\/dev\/just-real-moms\/author\/linabrochmann\/\"}]}<\/script>\n<!-- \/ Yoast SEO Premium plugin. -->","yoast_head_json":{"title":"A melhor programa\u00e7\u00e3o para curtir o feriado com as crian\u00e7as em SP - por Bora.a\u00ed","robots":{"index":"index","follow":"follow","max-snippet":"max-snippet:-1","max-image-preview":"max-image-preview:large","max-video-preview":"max-video-preview:-1"},"canonical":"https:\/\/colinahomolog.com.br\/dev\/just-real-moms\/a-melhor-programacao-para-curtir-o-feriado-com-as-criancas-em-sp-por-bora-ai\/","og_locale":"pt_BR","og_type":"article","og_title":"A melhor programa\u00e7\u00e3o para curtir o feriado com as crian\u00e7as em SP - por Bora.a\u00ed","og_description":"Favorite&nbsp; Oi, moms! &nbsp; Quem for ficar em S\u00e3o Paulo neste feriad\u00e3o, n\u00e3o pode deixar de ler as dicas das nossas colunistas do Bora.a\u00ed, com a melhor programa\u00e7\u00e3o da cidade para se fazer com os pequenos! &nbsp; Tenho certeza de que gostar\u00e3o! Confiram!! &nbsp; Mil Bjss &nbsp; &nbsp; \u2026\u2026\u2026\u2026\u2026\u2026\u2026\u2026\u2026\u2026\u2026\u2026\u2026\u2026\u2026\u2026\u2026\u2026\u2026\u2026\u2026\u2026\u2026\u2026\u2026\u2026\u2026\u2026\u2026\u2026\u2026\u2026\u2026\u2026\u2026\u2026\u2026\u2026\u2026\u2026\u2026\u2026\u2026\u2026\u2026 &nbsp; O Aqu\u00e1rio de S\u00e3o Paulo [&hellip;]","og_url":"https:\/\/colinahomolog.com.br\/dev\/just-real-moms\/a-melhor-programacao-para-curtir-o-feriado-com-as-criancas-em-sp-por-bora-ai\/","og_site_name":"Just Real Moms - Blog para M\u00e3es","article_publisher":"https:\/\/www.facebook.com\/JustRealMoms","article_published_time":"2014-05-01T11:30:13+00:00","article_modified_time":"2016-05-05T22:06:39+00:00","og_image":[{"url":"https:\/\/colinahomolog.com.br\/dev\/just-real-moms\/wp-content\/uploads\/2014\/04\/capaborai.jpg","width":1,"height":1,"type":"image\/jpeg"}],"author":"Lina Brochmann","twitter_misc":{"Escrito por":"Lina Brochmann","Est. tempo de leitura":"1 minuto"},"schema":{"@context":"https:\/\/schema.org","@graph":[{"@type":"WebPage","@id":"https:\/\/colinahomolog.com.br\/dev\/just-real-moms\/a-melhor-programacao-para-curtir-o-feriado-com-as-criancas-em-sp-por-bora-ai\/","url":"https:\/\/colinahomolog.com.br\/dev\/just-real-moms\/a-melhor-programacao-para-curtir-o-feriado-com-as-criancas-em-sp-por-bora-ai\/","name":"A melhor programa\u00e7\u00e3o para curtir o feriado com as crian\u00e7as em SP - por Bora.a\u00ed","isPartOf":{"@id":"https:\/\/colinahomolog.com.br\/dev\/just-real-moms\/#website"},"primaryImageOfPage":{"@id":"https:\/\/colinahomolog.com.br\/dev\/just-real-moms\/a-melhor-programacao-para-curtir-o-feriado-com-as-criancas-em-sp-por-bora-ai\/#primaryimage"},"image":{"@id":"https:\/\/colinahomolog.com.br\/dev\/just-real-moms\/a-melhor-programacao-para-curtir-o-feriado-com-as-criancas-em-sp-por-bora-ai\/#primaryimage"},"thumbnailUrl":"https:\/\/colinahomolog.com.br\/dev\/just-real-moms\/wp-content\/uploads\/2014\/04\/capaborai.jpg","datePublished":"2014-05-01T11:30:13+00:00","dateModified":"2016-05-05T22:06:39+00:00","author":{"@id":"https:\/\/colinahomolog.com.br\/dev\/just-real-moms\/#\/schema\/person\/133479e9262b2f5fb04d34fbcbcd63f9"},"breadcrumb":{"@id":"https:\/\/colinahomolog.com.br\/dev\/just-real-moms\/a-melhor-programacao-para-curtir-o-feriado-com-as-criancas-em-sp-por-bora-ai\/#breadcrumb"},"inLanguage":"pt-BR","potentialAction":[{"@type":"ReadAction","target":["https:\/\/colinahomolog.com.br\/dev\/just-real-moms\/a-melhor-programacao-para-curtir-o-feriado-com-as-criancas-em-sp-por-bora-ai\/"]}]},{"@type":"ImageObject","inLanguage":"pt-BR","@id":"https:\/\/colinahomolog.com.br\/dev\/just-real-moms\/a-melhor-programacao-para-curtir-o-feriado-com-as-criancas-em-sp-por-bora-ai\/#primaryimage","url":"https:\/\/colinahomolog.com.br\/dev\/just-real-moms\/wp-content\/uploads\/2014\/04\/capaborai.jpg","contentUrl":"https:\/\/colinahomolog.com.br\/dev\/just-real-moms\/wp-content\/uploads\/2014\/04\/capaborai.jpg"},{"@type":"BreadcrumbList","@id":"https:\/\/colinahomolog.com.br\/dev\/just-real-moms\/a-melhor-programacao-para-curtir-o-feriado-com-as-criancas-em-sp-por-bora-ai\/#breadcrumb","itemListElement":[{"@type":"ListItem","position":1,"name":"In\u00edcio","item":"https:\/\/colinahomolog.com.br\/dev\/just-real-moms\/"},{"@type":"ListItem","position":2,"name":"A melhor programa\u00e7\u00e3o para curtir o feriado com as crian\u00e7as em SP &#8211; por Bora.a\u00ed"}]},{"@type":"WebSite","@id":"https:\/\/colinahomolog.com.br\/dev\/just-real-moms\/#website","url":"https:\/\/colinahomolog.com.br\/dev\/just-real-moms\/","name":"Just Real Moms - Blog para M\u00e3es","description":"O melhor e mais completo portal para m\u00e3es, pais e futuros pais!","potentialAction":[{"@type":"SearchAction","target":{"@type":"EntryPoint","urlTemplate":"https:\/\/colinahomolog.com.br\/dev\/just-real-moms\/?s={search_term_string}"},"query-input":{"@type":"PropertyValueSpecification","valueRequired":true,"valueName":"search_term_string"}}],"inLanguage":"pt-BR"},{"@type":"Person","@id":"https:\/\/colinahomolog.com.br\/dev\/just-real-moms\/#\/schema\/person\/133479e9262b2f5fb04d34fbcbcd63f9","name":"Lina Brochmann","description":"Programa\u00e7\u00e3o infantil de S\u00e3o Paulo do Bora\u00ed","url":"https:\/\/colinahomolog.com.br\/dev\/just-real-moms\/author\/linabrochmann\/"}]}},"_links":{"self":[{"href":"https:\/\/colinahomolog.com.br\/dev\/just-real-moms\/wp-json\/wp\/v2\/posts\/24412","targetHints":{"allow":["GET"]}}],"collection":[{"href":"https:\/\/colinahomolog.com.br\/dev\/just-real-moms\/wp-json\/wp\/v2\/posts"}],"about":[{"href":"https:\/\/colinahomolog.com.br\/dev\/just-real-moms\/wp-json\/wp\/v2\/types\/post"}],"author":[{"embeddable":true,"href":"https:\/\/colinahomolog.com.br\/dev\/just-real-moms\/wp-json\/wp\/v2\/users\/1010"}],"replies":[{"embeddable":true,"href":"https:\/\/colinahomolog.com.br\/dev\/just-real-moms\/wp-json\/wp\/v2\/comments?post=24412"}],"version-history":[{"count":0,"href":"https:\/\/colinahomolog.com.br\/dev\/just-real-moms\/wp-json\/wp\/v2\/posts\/24412\/revisions"}],"wp:featuredmedia":[{"embeddable":true,"href":"https:\/\/colinahomolog.com.br\/dev\/just-real-moms\/wp-json\/wp\/v2\/media\/24420"}],"wp:attachment":[{"href":"https:\/\/colinahomolog.com.br\/dev\/just-real-moms\/wp-json\/wp\/v2\/media?parent=24412"}],"wp:term":[{"taxonomy":"category","embeddable":true,"href":"https:\/\/colinahomolog.com.br\/dev\/just-real-moms\/wp-json\/wp\/v2\/categories?post=24412"},{"taxonomy":"post_tag","embeddable":true,"href":"https:\/\/colinahomolog.com.br\/dev\/just-real-moms\/wp-json\/wp\/v2\/tags?post=24412"}],"curies":[{"name":"wp","href":"https:\/\/api.w.org\/{rel}","templated":true}]}}