{"id":24513,"date":"2014-05-09T08:41:47","date_gmt":"2014-05-09T11:41:47","guid":{"rendered":"https:\/\/colinahomolog.com.br\/dev\/just-real-moms\/?p=24513"},"modified":"2016-05-05T19:06:39","modified_gmt":"2016-05-05T22:06:39","slug":"programacao-para-o-final-de-semana-do-dia-das-maes","status":"publish","type":"post","link":"https:\/\/colinahomolog.com.br\/dev\/just-real-moms\/programacao-para-o-final-de-semana-do-dia-das-maes\/","title":{"rendered":"Programa\u00e7\u00e3o para o final de semana do Dia das M\u00e3es!"},"content":{"rendered":"<button class=\"simplefavorite-button preset\" data-postid=\"24513\" data-siteid=\"1\" data-groupid=\"1\" data-favoritecount=\"0\" style=\"box-shadow:none;-webkit-box-shadow:none;-moz-box-shadow:none;background-color:#68ccb4;border-color:#68ccb4;color:#ffffff;\"><i class=\"sf-icon-favorite\" style=\"\"><\/i>Favorite<\/button><p>&nbsp;<\/p>\n<p>Oi, meninas!<\/p>\n<p>&nbsp;<\/p>\n<p>O final de semana chegou para ficarmos grudadinhas com nossos filhos e aproveitar cada minuto do Dia das M\u00e3es!<\/p>\n<p>&nbsp;<\/p>\n<p>A previs\u00e3o do tempo \u00e9 friozinho, sendo assim uma \u00f3tima oportunidade para programa\u00e7\u00f5es indoor! Vejam as dicas que a Lina do site <strong>Bora.a\u00ed<\/strong> selecionou para nos indicar.<\/p>\n<p>&nbsp;<\/p>\n<p>Divirtam-se!<\/p>\n<p>&nbsp;<\/p>\n<p>&#8230;&#8230;&#8230;&#8230;&#8230;&#8230;&#8230;&#8230;&#8230;&#8230;&#8230;&#8230;&#8230;&#8230;&#8230;&#8230;&#8230;&#8230;&#8230;&#8230;&#8230;&#8230;&#8230;&#8230;&#8230;&#8230;&#8230;&#8230;&#8230;&#8230;&#8230;&#8230;&#8230;&#8230;&#8230;&#8230;&#8230;&#8230;&#8230;&#8230;&#8230;&#8230;&#8230;&#8230;&#8230;&#8230;&#8230;&#8230;&#8230;.<\/p>\n<p>&nbsp;<\/p>\n<p>O Grupo Tiquequ\u00ea far\u00e1 um <span style=\"color: #0000ff;\"><strong><a href=\"http:\/\/bora.ai\/passeios\/era-uma-vez-um-gigante-com-grupo-tiqueque\" target=\"_blank\"><span style=\"color: #0000ff;\">show gratuito no Dia das M\u00e3es<\/span><\/a><\/strong><\/span>, domingo, \u00e0s 11h, no Gin\u00e1sio do Ibirapuera. Cheguem cedo para garantirem seus lugares!<\/p>\n<p>&nbsp;<\/p>\n<p>&nbsp;<\/p>\n<p><a href=\"http:\/\/bora.ai\/passeios\/era-uma-vez-um-gigante-com-grupo-tiqueque\" target=\"_blank\"><img fetchpriority=\"high\" decoding=\"async\" class=\"aligncenter wp-image-24514\" src=\"https:\/\/colinahomolog.com.br\/dev\/just-real-moms\/wp-content\/uploads\/2014\/05\/Captura-de-Tela-2014-05-09-\u00e0s-08.32.28.png\" alt=\"Captura de Tela 2014-05-09 \u00e0s 08.32.28\" width=\"500\" height=\"258\" \/><\/a><\/p>\n<p>&nbsp;<\/p>\n<p>&nbsp;<\/p>\n<p>O Shopping Market Place tem uma atividade super bacana: <span style=\"color: #0000ff;\"><strong><a href=\"http:\/\/bora.ai\/busca\/palavra-chave\/market+place\" target=\"_blank\"><span style=\"color: #0000ff;\">mini F\u00f3rmula 1 <\/span><\/a><\/strong><\/span>para as crian\u00e7as! Aproveitem e levem os pequenos para assistirem tamb\u00e9m a um dos espet\u00e1culos em cartaz: \u201cShow Ninho Musical\u201d ou \u201cAs Hist\u00f3rias da Mam\u00e3e Ganso\u201d, na Livraria Cultura do mesmo shopping.<\/p>\n<p>&nbsp;<\/p>\n<p>&nbsp;<\/p>\n<p><a href=\"http:\/\/bora.ai\/busca\/palavra-chave\/market+place\" target=\"_blank\"><img decoding=\"async\" class=\"aligncenter wp-image-24515\" src=\"https:\/\/colinahomolog.com.br\/dev\/just-real-moms\/wp-content\/uploads\/2014\/05\/Captura-de-Tela-2014-05-09-\u00e0s-08.32.35.png\" alt=\"Captura de Tela 2014-05-09 \u00e0s 08.32.35\" width=\"500\" height=\"259\" srcset=\"https:\/\/colinahomolog.com.br\/dev\/just-real-moms\/wp-content\/uploads\/2014\/05\/Captura-de-Tela-2014-05-09-\u00e0s-08.32.35.png 632w, https:\/\/colinahomolog.com.br\/dev\/just-real-moms\/wp-content\/uploads\/2014\/05\/Captura-de-Tela-2014-05-09-\u00e0s-08.32.35-150x77.png 150w, https:\/\/colinahomolog.com.br\/dev\/just-real-moms\/wp-content\/uploads\/2014\/05\/Captura-de-Tela-2014-05-09-\u00e0s-08.32.35-300x155.png 300w\" sizes=\"(max-width: 500px) 100vw, 500px\" \/><\/a><\/p>\n<p>&nbsp;<\/p>\n<p>&nbsp;<\/p>\n<p>A <strong><span style=\"color: #0000ff;\"><a href=\"http:\/\/bora.ai\/passeios\/lancamento-de-livro-e-contacaeo-na-novesete\" target=\"_blank\"><span style=\"color: #0000ff;\">Livraria Nove Sete<\/span><\/a><\/span><\/strong> ter\u00e1 duas atividades para as crian\u00e7as neste s\u00e1bado, confiram!<\/p>\n<p>&nbsp;<\/p>\n<p>&nbsp;<\/p>\n<p><a href=\"http:\/\/bora.ai\/passeios\/lancamento-de-livro-e-contacaeo-na-novesete\" target=\"_blank\"><img decoding=\"async\" class=\"aligncenter wp-image-24516\" src=\"https:\/\/colinahomolog.com.br\/dev\/just-real-moms\/wp-content\/uploads\/2014\/05\/Captura-de-Tela-2014-05-09-\u00e0s-08.32.42.png\" alt=\"Captura de Tela 2014-05-09 \u00e0s 08.32.42\" width=\"500\" height=\"261\" srcset=\"https:\/\/colinahomolog.com.br\/dev\/just-real-moms\/wp-content\/uploads\/2014\/05\/Captura-de-Tela-2014-05-09-\u00e0s-08.32.42.png 635w, https:\/\/colinahomolog.com.br\/dev\/just-real-moms\/wp-content\/uploads\/2014\/05\/Captura-de-Tela-2014-05-09-\u00e0s-08.32.42-150x78.png 150w, https:\/\/colinahomolog.com.br\/dev\/just-real-moms\/wp-content\/uploads\/2014\/05\/Captura-de-Tela-2014-05-09-\u00e0s-08.32.42-300x156.png 300w\" sizes=\"(max-width: 500px) 100vw, 500px\" \/><\/a><\/p>\n<p>&nbsp;<\/p>\n<p>&nbsp;<\/p>\n<p>A Livraria Cultura, do Shopping Iguatemi S\u00e3o Paulo, est\u00e1 recheada de programa\u00e7\u00f5es bacanas! Amanh\u00e3, \u00e0s 15h, ter\u00e1 conta\u00e7\u00e3o de hist\u00f3ria e lan\u00e7amento do livro\u00a0<strong><span style=\"color: #0000ff;\"><a title=\"Livraria Cultura - as aventuras de Newneu\" href=\"http:\/\/www.livrariacultura.com.br\/scripts\/eventos\/resenha\/resenha.asp?nevento=36875\" target=\"_blank\"><span style=\"color: #0000ff;\">As aventuras de Newneu<\/span><\/a><\/span><\/strong>. Neste s\u00e1bado, come\u00e7a, tamb\u00e9m, os encontros para <strong><span style=\"color: #0000ff;\"><a title=\"Livraria Cultura - troca de figurinhas\" href=\"http:\/\/www.livrariacultura.com.br\/scripts\/eventos\/resenha\/resenha.asp?nevento=36928\" target=\"_blank\"><span style=\"color: #0000ff;\">trocas de figurinhas do \u00e1lbum da Copa<\/span><\/a><\/span><\/strong> (das 15h \u00e0s 19h)!<\/p>\n<p>&nbsp;<\/p>\n<p>&nbsp;<\/p>\n<p><img loading=\"lazy\" decoding=\"async\" class=\"aligncenter  wp-image-24522\" src=\"https:\/\/colinahomolog.com.br\/dev\/just-real-moms\/wp-content\/uploads\/2014\/05\/copaG1.jpg\" alt=\"copaG1\" width=\"506\" height=\"237\" srcset=\"https:\/\/colinahomolog.com.br\/dev\/just-real-moms\/wp-content\/uploads\/2014\/05\/copaG1.jpg 640w, https:\/\/colinahomolog.com.br\/dev\/just-real-moms\/wp-content\/uploads\/2014\/05\/copaG1-150x70.jpg 150w, https:\/\/colinahomolog.com.br\/dev\/just-real-moms\/wp-content\/uploads\/2014\/05\/copaG1-300x140.jpg 300w\" sizes=\"(max-width: 506px) 100vw, 506px\" \/><\/p>\n<p>&nbsp;<\/p>\n<p>&nbsp;<\/p>\n<p>E a \u00faltima dica vai para as mam\u00e3es que ainda n\u00e3o organizaram as f\u00e9rias de julho das crian\u00e7as: um guia com os <strong><span style=\"color: #0000ff;\"><a href=\"http:\/\/bora.ai\/oque\/acampamentos-de-ferias\" target=\"_blank\"><span style=\"color: #0000ff;\">principais acampamentos.<\/span><\/a><\/span><\/strong><\/p>\n<p>&nbsp;<\/p>\n<p>&nbsp;<\/p>\n<p><img loading=\"lazy\" decoding=\"async\" class=\"aligncenter wp-image-24517\" src=\"https:\/\/colinahomolog.com.br\/dev\/just-real-moms\/wp-content\/uploads\/2014\/05\/Captura-de-Tela-2014-05-09-\u00e0s-08.32.52.png\" alt=\"Captura de Tela 2014-05-09 \u00e0s 08.32.52\" width=\"500\" height=\"211\" srcset=\"https:\/\/colinahomolog.com.br\/dev\/just-real-moms\/wp-content\/uploads\/2014\/05\/Captura-de-Tela-2014-05-09-\u00e0s-08.32.52.png 634w, https:\/\/colinahomolog.com.br\/dev\/just-real-moms\/wp-content\/uploads\/2014\/05\/Captura-de-Tela-2014-05-09-\u00e0s-08.32.52-150x63.png 150w, https:\/\/colinahomolog.com.br\/dev\/just-real-moms\/wp-content\/uploads\/2014\/05\/Captura-de-Tela-2014-05-09-\u00e0s-08.32.52-300x126.png 300w\" sizes=\"(max-width: 500px) 100vw, 500px\" \/><\/p>\n<p>&nbsp;<\/p>\n<p>&nbsp;<\/p>\n<p>Curtiram?<\/p>\n<p>&nbsp;<\/p>\n<p>Ent\u00e3o confiram a agenda completa no <strong><span style=\"color: #0000ff;\"><a href=\"http:\/\/www.bora.ai\" target=\"_blank\"><span style=\"color: #0000ff;\">www.bora.ai<\/span><\/a><\/span><\/strong><\/p>\n<p>&nbsp;<\/p>\n<p><a href=\"http:\/\/www.bora.ai\" target=\"_blank\"><img loading=\"lazy\" decoding=\"async\" class=\"alignleft wp-image-24518\" src=\"https:\/\/colinahomolog.com.br\/dev\/just-real-moms\/wp-content\/uploads\/2014\/05\/Captura-de-Tela-2014-05-09-\u00e0s-08.33.00.png\" alt=\"Captura de Tela 2014-05-09 \u00e0s 08.33.00\" width=\"300\" height=\"74\" srcset=\"https:\/\/colinahomolog.com.br\/dev\/just-real-moms\/wp-content\/uploads\/2014\/05\/Captura-de-Tela-2014-05-09-\u00e0s-08.33.00.png 530w, https:\/\/colinahomolog.com.br\/dev\/just-real-moms\/wp-content\/uploads\/2014\/05\/Captura-de-Tela-2014-05-09-\u00e0s-08.33.00-150x37.png 150w, https:\/\/colinahomolog.com.br\/dev\/just-real-moms\/wp-content\/uploads\/2014\/05\/Captura-de-Tela-2014-05-09-\u00e0s-08.33.00-300x74.png 300w\" sizes=\"(max-width: 300px) 100vw, 300px\" \/><\/a><\/p>\n<p>&nbsp;<\/p>\n<p>&nbsp;<\/p>\n\n    <div class=\"xs_social_share_widget xs_share_url after_content \t\tmain_content  wslu-style-1 wslu-share-box-shaped wslu-fill-colored wslu-none wslu-share-horizontal wslu-theme-font-no wslu-main_content\">\n\n\t\t\n        <ul>\n\t\t\t        <\/ul>\n    <\/div> \n","protected":false},"excerpt":{"rendered":"<p>Favorite&nbsp; Oi, meninas! &nbsp; O final de semana chegou para ficarmos grudadinhas com nossos filhos e aproveitar cada minuto do Dia das M\u00e3es! &nbsp; A previs\u00e3o do tempo \u00e9 friozinho, sendo assim uma \u00f3tima oportunidade para programa\u00e7\u00f5es indoor! Vejam as dicas que a Lina do site Bora.a\u00ed selecionou para nos indicar. &nbsp; Divirtam-se! &nbsp; &#8230;&#8230;&#8230;&#8230;&#8230;&#8230;&#8230;&#8230;&#8230;&#8230;&#8230;&#8230;&#8230;&#8230;&#8230;&#8230;&#8230;&#8230;&#8230;&#8230;&#8230;&#8230;&#8230;&#8230;&#8230;&#8230;&#8230;&#8230;&#8230;&#8230;&#8230;&#8230;&#8230;&#8230;&#8230;&#8230;&#8230;&#8230;&#8230;&#8230;&#8230;&#8230;&#8230;&#8230;&#8230;&#8230;&#8230;&#8230;&#8230;. [&hellip;]<\/p>\n","protected":false},"author":6,"featured_media":24514,"comment_status":"open","ping_status":"closed","sticky":false,"template":"","format":"standard","meta":{"_acf_changed":false,"footnotes":""},"categories":[33],"tags":[887],"class_list":{"0":"post-24513","1":"post","2":"type-post","3":"status-publish","4":"format-standard","5":"has-post-thumbnail","7":"category-have-fun","8":"tag-bora-ai"},"acf":[],"yoast_head":"<!-- This site is optimized with the Yoast SEO Premium plugin v26.6 (Yoast SEO v26.6) - https:\/\/yoast.com\/wordpress\/plugins\/seo\/ -->\n<title>Programa\u00e7\u00e3o para o final de semana do Dia das M\u00e3es!<\/title>\n<meta name=\"robots\" content=\"index, follow, max-snippet:-1, max-image-preview:large, max-video-preview:-1\" \/>\n<link rel=\"canonical\" href=\"https:\/\/colinahomolog.com.br\/dev\/just-real-moms\/programacao-para-o-final-de-semana-do-dia-das-maes\/\" \/>\n<meta property=\"og:locale\" content=\"pt_BR\" \/>\n<meta property=\"og:type\" content=\"article\" \/>\n<meta property=\"og:title\" content=\"Programa\u00e7\u00e3o para o final de semana do Dia das M\u00e3es!\" \/>\n<meta property=\"og:description\" content=\"Favorite&nbsp; Oi, meninas! &nbsp; O final de semana chegou para ficarmos grudadinhas com nossos filhos e aproveitar cada minuto do Dia das M\u00e3es! &nbsp; A previs\u00e3o do tempo \u00e9 friozinho, sendo assim uma \u00f3tima oportunidade para programa\u00e7\u00f5es indoor! Vejam as dicas que a Lina do site Bora.a\u00ed selecionou para nos indicar. &nbsp; Divirtam-se! &nbsp; &#8230;&#8230;&#8230;&#8230;&#8230;&#8230;&#8230;&#8230;&#8230;&#8230;&#8230;&#8230;&#8230;&#8230;&#8230;&#8230;&#8230;&#8230;&#8230;&#8230;&#8230;&#8230;&#8230;&#8230;&#8230;&#8230;&#8230;&#8230;&#8230;&#8230;&#8230;&#8230;&#8230;&#8230;&#8230;&#8230;&#8230;&#8230;&#8230;&#8230;&#8230;&#8230;&#8230;&#8230;&#8230;&#8230;&#8230;&#8230;&#8230;. [&hellip;]\" \/>\n<meta property=\"og:url\" content=\"https:\/\/colinahomolog.com.br\/dev\/just-real-moms\/programacao-para-o-final-de-semana-do-dia-das-maes\/\" \/>\n<meta property=\"og:site_name\" content=\"Just Real Moms - Blog para M\u00e3es\" \/>\n<meta property=\"article:publisher\" content=\"https:\/\/www.facebook.com\/JustRealMoms\" \/>\n<meta property=\"article:published_time\" content=\"2014-05-09T11:41:47+00:00\" \/>\n<meta property=\"article:modified_time\" content=\"2016-05-05T22:06:39+00:00\" \/>\n<meta property=\"og:image\" content=\"https:\/\/colinahomolog.com.br\/dev\/just-real-moms\/wp-content\/uploads\/2014\/05\/Captura-de-Tela-2014-05-09-\u00e0s-08.32.28.png\" \/>\n\t<meta property=\"og:image:width\" content=\"1\" \/>\n\t<meta property=\"og:image:height\" content=\"1\" \/>\n\t<meta property=\"og:image:type\" content=\"image\/png\" \/>\n<meta name=\"author\" content=\"Juliana\" \/>\n<meta name=\"twitter:label1\" content=\"Escrito por\" \/>\n\t<meta name=\"twitter:data1\" content=\"Juliana\" \/>\n\t<meta name=\"twitter:label2\" content=\"Est. tempo de leitura\" \/>\n\t<meta name=\"twitter:data2\" content=\"1 minuto\" \/>\n<script type=\"application\/ld+json\" class=\"yoast-schema-graph\">{\"@context\":\"https:\/\/schema.org\",\"@graph\":[{\"@type\":\"WebPage\",\"@id\":\"https:\/\/colinahomolog.com.br\/dev\/just-real-moms\/programacao-para-o-final-de-semana-do-dia-das-maes\/\",\"url\":\"https:\/\/colinahomolog.com.br\/dev\/just-real-moms\/programacao-para-o-final-de-semana-do-dia-das-maes\/\",\"name\":\"Programa\u00e7\u00e3o para o final de semana do Dia das M\u00e3es!\",\"isPartOf\":{\"@id\":\"https:\/\/colinahomolog.com.br\/dev\/just-real-moms\/#website\"},\"primaryImageOfPage\":{\"@id\":\"https:\/\/colinahomolog.com.br\/dev\/just-real-moms\/programacao-para-o-final-de-semana-do-dia-das-maes\/#primaryimage\"},\"image\":{\"@id\":\"https:\/\/colinahomolog.com.br\/dev\/just-real-moms\/programacao-para-o-final-de-semana-do-dia-das-maes\/#primaryimage\"},\"thumbnailUrl\":\"https:\/\/colinahomolog.com.br\/dev\/just-real-moms\/wp-content\/uploads\/2014\/05\/Captura-de-Tela-2014-05-09-\u00e0s-08.32.28.png\",\"datePublished\":\"2014-05-09T11:41:47+00:00\",\"dateModified\":\"2016-05-05T22:06:39+00:00\",\"author\":{\"@id\":\"https:\/\/colinahomolog.com.br\/dev\/just-real-moms\/#\/schema\/person\/8218aa957ba5a31e5f531f3b6561916a\"},\"breadcrumb\":{\"@id\":\"https:\/\/colinahomolog.com.br\/dev\/just-real-moms\/programacao-para-o-final-de-semana-do-dia-das-maes\/#breadcrumb\"},\"inLanguage\":\"pt-BR\",\"potentialAction\":[{\"@type\":\"ReadAction\",\"target\":[\"https:\/\/colinahomolog.com.br\/dev\/just-real-moms\/programacao-para-o-final-de-semana-do-dia-das-maes\/\"]}]},{\"@type\":\"ImageObject\",\"inLanguage\":\"pt-BR\",\"@id\":\"https:\/\/colinahomolog.com.br\/dev\/just-real-moms\/programacao-para-o-final-de-semana-do-dia-das-maes\/#primaryimage\",\"url\":\"https:\/\/colinahomolog.com.br\/dev\/just-real-moms\/wp-content\/uploads\/2014\/05\/Captura-de-Tela-2014-05-09-\u00e0s-08.32.28.png\",\"contentUrl\":\"https:\/\/colinahomolog.com.br\/dev\/just-real-moms\/wp-content\/uploads\/2014\/05\/Captura-de-Tela-2014-05-09-\u00e0s-08.32.28.png\"},{\"@type\":\"BreadcrumbList\",\"@id\":\"https:\/\/colinahomolog.com.br\/dev\/just-real-moms\/programacao-para-o-final-de-semana-do-dia-das-maes\/#breadcrumb\",\"itemListElement\":[{\"@type\":\"ListItem\",\"position\":1,\"name\":\"In\u00edcio\",\"item\":\"https:\/\/colinahomolog.com.br\/dev\/just-real-moms\/\"},{\"@type\":\"ListItem\",\"position\":2,\"name\":\"Programa\u00e7\u00e3o para o final de semana do Dia das M\u00e3es!\"}]},{\"@type\":\"WebSite\",\"@id\":\"https:\/\/colinahomolog.com.br\/dev\/just-real-moms\/#website\",\"url\":\"https:\/\/colinahomolog.com.br\/dev\/just-real-moms\/\",\"name\":\"Just Real Moms - Blog para M\u00e3es\",\"description\":\"O melhor e mais completo portal para m\u00e3es, pais e futuros pais!\",\"potentialAction\":[{\"@type\":\"SearchAction\",\"target\":{\"@type\":\"EntryPoint\",\"urlTemplate\":\"https:\/\/colinahomolog.com.br\/dev\/just-real-moms\/?s={search_term_string}\"},\"query-input\":{\"@type\":\"PropertyValueSpecification\",\"valueRequired\":true,\"valueName\":\"search_term_string\"}}],\"inLanguage\":\"pt-BR\"},{\"@type\":\"Person\",\"@id\":\"https:\/\/colinahomolog.com.br\/dev\/just-real-moms\/#\/schema\/person\/8218aa957ba5a31e5f531f3b6561916a\",\"name\":\"Juliana\",\"url\":\"https:\/\/colinahomolog.com.br\/dev\/just-real-moms\/author\/juliana\/\"}]}<\/script>\n<!-- \/ Yoast SEO Premium plugin. -->","yoast_head_json":{"title":"Programa\u00e7\u00e3o para o final de semana do Dia das M\u00e3es!","robots":{"index":"index","follow":"follow","max-snippet":"max-snippet:-1","max-image-preview":"max-image-preview:large","max-video-preview":"max-video-preview:-1"},"canonical":"https:\/\/colinahomolog.com.br\/dev\/just-real-moms\/programacao-para-o-final-de-semana-do-dia-das-maes\/","og_locale":"pt_BR","og_type":"article","og_title":"Programa\u00e7\u00e3o para o final de semana do Dia das M\u00e3es!","og_description":"Favorite&nbsp; Oi, meninas! &nbsp; O final de semana chegou para ficarmos grudadinhas com nossos filhos e aproveitar cada minuto do Dia das M\u00e3es! &nbsp; A previs\u00e3o do tempo \u00e9 friozinho, sendo assim uma \u00f3tima oportunidade para programa\u00e7\u00f5es indoor! Vejam as dicas que a Lina do site Bora.a\u00ed selecionou para nos indicar. &nbsp; Divirtam-se! &nbsp; &#8230;&#8230;&#8230;&#8230;&#8230;&#8230;&#8230;&#8230;&#8230;&#8230;&#8230;&#8230;&#8230;&#8230;&#8230;&#8230;&#8230;&#8230;&#8230;&#8230;&#8230;&#8230;&#8230;&#8230;&#8230;&#8230;&#8230;&#8230;&#8230;&#8230;&#8230;&#8230;&#8230;&#8230;&#8230;&#8230;&#8230;&#8230;&#8230;&#8230;&#8230;&#8230;&#8230;&#8230;&#8230;&#8230;&#8230;&#8230;&#8230;. [&hellip;]","og_url":"https:\/\/colinahomolog.com.br\/dev\/just-real-moms\/programacao-para-o-final-de-semana-do-dia-das-maes\/","og_site_name":"Just Real Moms - Blog para M\u00e3es","article_publisher":"https:\/\/www.facebook.com\/JustRealMoms","article_published_time":"2014-05-09T11:41:47+00:00","article_modified_time":"2016-05-05T22:06:39+00:00","og_image":[{"url":"https:\/\/colinahomolog.com.br\/dev\/just-real-moms\/wp-content\/uploads\/2014\/05\/Captura-de-Tela-2014-05-09-\u00e0s-08.32.28.png","width":1,"height":1,"type":"image\/png"}],"author":"Juliana","twitter_misc":{"Escrito por":"Juliana","Est. tempo de leitura":"1 minuto"},"schema":{"@context":"https:\/\/schema.org","@graph":[{"@type":"WebPage","@id":"https:\/\/colinahomolog.com.br\/dev\/just-real-moms\/programacao-para-o-final-de-semana-do-dia-das-maes\/","url":"https:\/\/colinahomolog.com.br\/dev\/just-real-moms\/programacao-para-o-final-de-semana-do-dia-das-maes\/","name":"Programa\u00e7\u00e3o para o final de semana do Dia das M\u00e3es!","isPartOf":{"@id":"https:\/\/colinahomolog.com.br\/dev\/just-real-moms\/#website"},"primaryImageOfPage":{"@id":"https:\/\/colinahomolog.com.br\/dev\/just-real-moms\/programacao-para-o-final-de-semana-do-dia-das-maes\/#primaryimage"},"image":{"@id":"https:\/\/colinahomolog.com.br\/dev\/just-real-moms\/programacao-para-o-final-de-semana-do-dia-das-maes\/#primaryimage"},"thumbnailUrl":"https:\/\/colinahomolog.com.br\/dev\/just-real-moms\/wp-content\/uploads\/2014\/05\/Captura-de-Tela-2014-05-09-\u00e0s-08.32.28.png","datePublished":"2014-05-09T11:41:47+00:00","dateModified":"2016-05-05T22:06:39+00:00","author":{"@id":"https:\/\/colinahomolog.com.br\/dev\/just-real-moms\/#\/schema\/person\/8218aa957ba5a31e5f531f3b6561916a"},"breadcrumb":{"@id":"https:\/\/colinahomolog.com.br\/dev\/just-real-moms\/programacao-para-o-final-de-semana-do-dia-das-maes\/#breadcrumb"},"inLanguage":"pt-BR","potentialAction":[{"@type":"ReadAction","target":["https:\/\/colinahomolog.com.br\/dev\/just-real-moms\/programacao-para-o-final-de-semana-do-dia-das-maes\/"]}]},{"@type":"ImageObject","inLanguage":"pt-BR","@id":"https:\/\/colinahomolog.com.br\/dev\/just-real-moms\/programacao-para-o-final-de-semana-do-dia-das-maes\/#primaryimage","url":"https:\/\/colinahomolog.com.br\/dev\/just-real-moms\/wp-content\/uploads\/2014\/05\/Captura-de-Tela-2014-05-09-\u00e0s-08.32.28.png","contentUrl":"https:\/\/colinahomolog.com.br\/dev\/just-real-moms\/wp-content\/uploads\/2014\/05\/Captura-de-Tela-2014-05-09-\u00e0s-08.32.28.png"},{"@type":"BreadcrumbList","@id":"https:\/\/colinahomolog.com.br\/dev\/just-real-moms\/programacao-para-o-final-de-semana-do-dia-das-maes\/#breadcrumb","itemListElement":[{"@type":"ListItem","position":1,"name":"In\u00edcio","item":"https:\/\/colinahomolog.com.br\/dev\/just-real-moms\/"},{"@type":"ListItem","position":2,"name":"Programa\u00e7\u00e3o para o final de semana do Dia das M\u00e3es!"}]},{"@type":"WebSite","@id":"https:\/\/colinahomolog.com.br\/dev\/just-real-moms\/#website","url":"https:\/\/colinahomolog.com.br\/dev\/just-real-moms\/","name":"Just Real Moms - Blog para M\u00e3es","description":"O melhor e mais completo portal para m\u00e3es, pais e futuros pais!","potentialAction":[{"@type":"SearchAction","target":{"@type":"EntryPoint","urlTemplate":"https:\/\/colinahomolog.com.br\/dev\/just-real-moms\/?s={search_term_string}"},"query-input":{"@type":"PropertyValueSpecification","valueRequired":true,"valueName":"search_term_string"}}],"inLanguage":"pt-BR"},{"@type":"Person","@id":"https:\/\/colinahomolog.com.br\/dev\/just-real-moms\/#\/schema\/person\/8218aa957ba5a31e5f531f3b6561916a","name":"Juliana","url":"https:\/\/colinahomolog.com.br\/dev\/just-real-moms\/author\/juliana\/"}]}},"_links":{"self":[{"href":"https:\/\/colinahomolog.com.br\/dev\/just-real-moms\/wp-json\/wp\/v2\/posts\/24513","targetHints":{"allow":["GET"]}}],"collection":[{"href":"https:\/\/colinahomolog.com.br\/dev\/just-real-moms\/wp-json\/wp\/v2\/posts"}],"about":[{"href":"https:\/\/colinahomolog.com.br\/dev\/just-real-moms\/wp-json\/wp\/v2\/types\/post"}],"author":[{"embeddable":true,"href":"https:\/\/colinahomolog.com.br\/dev\/just-real-moms\/wp-json\/wp\/v2\/users\/6"}],"replies":[{"embeddable":true,"href":"https:\/\/colinahomolog.com.br\/dev\/just-real-moms\/wp-json\/wp\/v2\/comments?post=24513"}],"version-history":[{"count":0,"href":"https:\/\/colinahomolog.com.br\/dev\/just-real-moms\/wp-json\/wp\/v2\/posts\/24513\/revisions"}],"wp:featuredmedia":[{"embeddable":true,"href":"https:\/\/colinahomolog.com.br\/dev\/just-real-moms\/wp-json\/wp\/v2\/media\/24514"}],"wp:attachment":[{"href":"https:\/\/colinahomolog.com.br\/dev\/just-real-moms\/wp-json\/wp\/v2\/media?parent=24513"}],"wp:term":[{"taxonomy":"category","embeddable":true,"href":"https:\/\/colinahomolog.com.br\/dev\/just-real-moms\/wp-json\/wp\/v2\/categories?post=24513"},{"taxonomy":"post_tag","embeddable":true,"href":"https:\/\/colinahomolog.com.br\/dev\/just-real-moms\/wp-json\/wp\/v2\/tags?post=24513"}],"curies":[{"name":"wp","href":"https:\/\/api.w.org\/{rel}","templated":true}]}}