{"id":26636,"date":"2018-02-15T08:30:43","date_gmt":"2018-02-15T10:30:43","guid":{"rendered":"https:\/\/colinahomolog.com.br\/dev\/just-real-moms\/?p=26636"},"modified":"2023-01-02T14:06:00","modified_gmt":"2023-01-02T17:06:00","slug":"chegou-hora-de-mudar-do-berco-para-cama","status":"publish","type":"post","link":"https:\/\/colinahomolog.com.br\/dev\/just-real-moms\/chegou-hora-de-mudar-do-berco-para-cama\/","title":{"rendered":"Chegou a hora de mudar do ber\u00e7o para a cama?"},"content":{"rendered":"<button class=\"simplefavorite-button preset\" data-postid=\"26636\" data-siteid=\"1\" data-groupid=\"1\" data-favoritecount=\"0\" style=\"box-shadow:none;-webkit-box-shadow:none;-moz-box-shadow:none;background-color:#68ccb4;border-color:#68ccb4;color:#ffffff;\"><i class=\"sf-icon-favorite\" style=\"\"><\/i>Favorite<\/button><p>&nbsp;<\/p>\n<p>Ol\u00e1, moms,<\/p>\n<p>Tudo bem?<\/p>\n<p>Este final de semana estava conversando com uma amiga sobre a transi\u00e7\u00e3o do Olavinho do ber\u00e7o para a cama e me lembrei que n\u00e3o foi nada traum\u00e1tico! Pensei, ent\u00e3o, em escrever algumas dicas que funcionaram para mim e que talvez possam ajudar algumas m\u00e3es que estejam passando por este processo:<\/p>\n<p>&nbsp;<\/p>\n<p><strong>1- Idade<\/strong><\/p>\n<p>A primeira dica foi a idade que fiz essa transi\u00e7\u00e3o, na \u00e9poca o Olavinho tinha 2 anos e 2 meses e eu j\u00e1 estava gr\u00e1vida da Ana Helena e j\u00e1 tinha a inten\u00e7\u00e3o de aproveitar o ber\u00e7o para o quartinho novo dela. Achei essa idade perfeita.<\/p>\n<p>&nbsp;<\/p>\n<p><strong>2- Naninha ou objeto de seguran\u00e7a<\/strong><\/p>\n<p>Outro ponto importante foi ter levado algum objeto do ber\u00e7o para a cama, de maneira que\u00a0ele n\u00e3o estranhasse tanto a mudan\u00e7a. Ele amava a lateral do protetor do ber\u00e7o, dormia abra\u00e7ado com isso, ent\u00e3o utilizei o mesmo protetor na cama. Mesmo n\u00e3o combinando com a nova colcha, achei melhor manter algo que transmitisse seguran\u00e7a para ele.<\/p>\n<p>&nbsp;<\/p>\n<p><strong>3- Grade protetora<\/strong><\/p>\n<p>Uma grade especial para camas \u00e9 algo fundamental para essa primeira etapa da transi\u00e7\u00e3o, comprei a minha fora do Brasil quando fui fazer o enxoval da Ana Helena, mas j\u00e1 encontrei essa grade em v\u00e1rias lojas por aqui.<\/p>\n<p>&nbsp;<\/p>\n<p><img fetchpriority=\"high\" decoding=\"async\" class=\"size-full wp-image-26637 aligncenter\" src=\"https:\/\/colinahomolog.com.br\/dev\/just-real-moms\/wp-content\/uploads\/2014\/08\/Captura-de-Tela-2014-08-26-\u00e0s-22.58.34.png\" alt=\"Captura de Tela 2014-08-26 \u00e0s 22.58.34\" width=\"416\" height=\"398\" srcset=\"https:\/\/colinahomolog.com.br\/dev\/just-real-moms\/wp-content\/uploads\/2014\/08\/Captura-de-Tela-2014-08-26-\u00e0s-22.58.34.png 416w, https:\/\/colinahomolog.com.br\/dev\/just-real-moms\/wp-content\/uploads\/2014\/08\/Captura-de-Tela-2014-08-26-\u00e0s-22.58.34-280x267.png 280w\" sizes=\"(max-width: 416px) 100vw, 416px\" \/><\/p>\n<p>&nbsp;<\/p>\n<p><strong>4- Tornar a nova cama atrativa<\/strong><\/p>\n<p>Lembro que eu e meu marido valorizamos muito a ida dele para uma &#8220;cama grande&#8221;, diz\u00edamos que ele ia ter mais espa\u00e7o para dormir, que ia dormir em cama grande como o papai e a mam\u00e3e etc.<\/p>\n<p>&nbsp;<\/p>\n<p><strong>5- Deixar o ber\u00e7o no quarto se houver espa\u00e7o<\/strong><\/p>\n<p>Na \u00e9poca tinha lido em algumas mat\u00e9rias que diziam que nos primeiros dias da transi\u00e7\u00e3o dever\u00edamos deixar o ber\u00e7o ainda no quarto caso a crian\u00e7a tenha uma reca\u00edda e queira voltar para o ber\u00e7o. O Olavinho nunca quis, mas deixei o ber\u00e7o l\u00e1 por 1 semana.<\/p>\n<p>&nbsp;<\/p>\n<p><strong>6- Roupas de cama novas<\/strong><\/p>\n<p>Se a crian\u00e7a tiver alguma personagem ou tema que adore, pode ser uma op\u00e7\u00e3o decorar o novo quarto ou comprar roupas de cama com esse diferencial. O Olavinho adorava avi\u00f5es e amou dormir nos len\u00e7\u00f3is novos.<\/p>\n<p>A\u00a0cama do Olavinho n\u00e3o \u00e9 aquela caminha baixa, mas aquele modelo tradicional de solteiro. Agora vou esperar para ver como ser\u00e1 minha experi\u00eancia com a Ana Helena que j\u00e1 est\u00e1 com 1 ano e meio, ent\u00e3o acho que vou tir\u00e1-la do ber\u00e7o no pr\u00f3ximo ano.<\/p>\n<p>Enquanto escrevia este post, pesquisei algumas camas modernas e charmosas para inspirar as mam\u00e3es que est\u00e3o passando por essa fase. Vejam que lindas! Me apaixonei por todas!<\/p>\n<p>&nbsp;<\/p>\n<p><img decoding=\"async\" class=\"size-full wp-image-26638 aligncenter\" src=\"https:\/\/colinahomolog.com.br\/dev\/just-real-moms\/wp-content\/uploads\/2014\/08\/Captura-de-Tela-2014-08-26-\u00e0s-23.13.11.png\" alt=\"Captura de Tela 2014-08-26 \u00e0s 23.13.11\" width=\"474\" height=\"606\" srcset=\"https:\/\/colinahomolog.com.br\/dev\/just-real-moms\/wp-content\/uploads\/2014\/08\/Captura-de-Tela-2014-08-26-\u00e0s-23.13.11.png 474w, https:\/\/colinahomolog.com.br\/dev\/just-real-moms\/wp-content\/uploads\/2014\/08\/Captura-de-Tela-2014-08-26-\u00e0s-23.13.11-280x357.png 280w\" sizes=\"(max-width: 474px) 100vw, 474px\" \/><\/p>\n<p><img decoding=\"async\" class=\"aligncenter wp-image-26639\" src=\"https:\/\/colinahomolog.com.br\/dev\/just-real-moms\/wp-content\/uploads\/2014\/08\/Captura-de-Tela-2014-08-26-\u00e0s-23.16.08.png\" alt=\"Captura de Tela 2014-08-26 \u00e0s 23.16.08\" width=\"474\" height=\"455\" srcset=\"https:\/\/colinahomolog.com.br\/dev\/just-real-moms\/wp-content\/uploads\/2014\/08\/Captura-de-Tela-2014-08-26-\u00e0s-23.16.08.png 523w, https:\/\/colinahomolog.com.br\/dev\/just-real-moms\/wp-content\/uploads\/2014\/08\/Captura-de-Tela-2014-08-26-\u00e0s-23.16.08-280x268.png 280w\" sizes=\"(max-width: 474px) 100vw, 474px\" \/><\/p>\n<p><img loading=\"lazy\" decoding=\"async\" class=\"aligncenter wp-image-26640\" src=\"https:\/\/colinahomolog.com.br\/dev\/just-real-moms\/wp-content\/uploads\/2014\/08\/Captura-de-Tela-2014-08-26-\u00e0s-23.18.02.png\" alt=\"Captura de Tela 2014-08-26 \u00e0s 23.18.02\" width=\"474\" height=\"444\" \/><\/p>\n<p><img loading=\"lazy\" decoding=\"async\" class=\"aligncenter wp-image-26641\" src=\"https:\/\/colinahomolog.com.br\/dev\/just-real-moms\/wp-content\/uploads\/2014\/08\/Captura-de-Tela-2014-08-26-\u00e0s-23.18.17.png\" alt=\"Captura de Tela 2014-08-26 \u00e0s 23.18.17\" width=\"474\" height=\"371\" srcset=\"https:\/\/colinahomolog.com.br\/dev\/just-real-moms\/wp-content\/uploads\/2014\/08\/Captura-de-Tela-2014-08-26-\u00e0s-23.18.17.png 487w, https:\/\/colinahomolog.com.br\/dev\/just-real-moms\/wp-content\/uploads\/2014\/08\/Captura-de-Tela-2014-08-26-\u00e0s-23.18.17-280x219.png 280w\" sizes=\"(max-width: 474px) 100vw, 474px\" \/><\/p>\n<p><img loading=\"lazy\" decoding=\"async\" class=\"wp-image-26643 aligncenter\" src=\"https:\/\/colinahomolog.com.br\/dev\/just-real-moms\/wp-content\/uploads\/2014\/08\/Captura-de-Tela-2014-08-26-\u00e0s-23.23.37.png\" alt=\"Captura de Tela 2014-08-26 \u00e0s 23.23.37\" width=\"474\" height=\"456\" srcset=\"https:\/\/colinahomolog.com.br\/dev\/just-real-moms\/wp-content\/uploads\/2014\/08\/Captura-de-Tela-2014-08-26-\u00e0s-23.23.37.png 541w, https:\/\/colinahomolog.com.br\/dev\/just-real-moms\/wp-content\/uploads\/2014\/08\/Captura-de-Tela-2014-08-26-\u00e0s-23.23.37-280x269.png 280w\" sizes=\"(max-width: 474px) 100vw, 474px\" \/><\/p>\n<p><img loading=\"lazy\" decoding=\"async\" class=\"wp-image-26644 aligncenter\" src=\"https:\/\/colinahomolog.com.br\/dev\/just-real-moms\/wp-content\/uploads\/2014\/08\/Captura-de-Tela-2014-08-26-\u00e0s-23.24.57.png\" alt=\"Captura de Tela 2014-08-26 \u00e0s 23.24.57\" width=\"474\" height=\"516\" srcset=\"https:\/\/colinahomolog.com.br\/dev\/just-real-moms\/wp-content\/uploads\/2014\/08\/Captura-de-Tela-2014-08-26-\u00e0s-23.24.57.png 581w, https:\/\/colinahomolog.com.br\/dev\/just-real-moms\/wp-content\/uploads\/2014\/08\/Captura-de-Tela-2014-08-26-\u00e0s-23.24.57-280x305.png 280w\" sizes=\"(max-width: 474px) 100vw, 474px\" \/><\/p>\n<p><img loading=\"lazy\" decoding=\"async\" class=\"size-full wp-image-26645 aligncenter\" src=\"https:\/\/colinahomolog.com.br\/dev\/just-real-moms\/wp-content\/uploads\/2014\/08\/Captura-de-Tela-2014-08-26-\u00e0s-23.28.26.png\" alt=\"Captura de Tela 2014-08-26 \u00e0s 23.28.26\" width=\"468\" height=\"462\" srcset=\"https:\/\/colinahomolog.com.br\/dev\/just-real-moms\/wp-content\/uploads\/2014\/08\/Captura-de-Tela-2014-08-26-\u00e0s-23.28.26.png 468w, https:\/\/colinahomolog.com.br\/dev\/just-real-moms\/wp-content\/uploads\/2014\/08\/Captura-de-Tela-2014-08-26-\u00e0s-23.28.26-280x276.png 280w\" sizes=\"(max-width: 468px) 100vw, 468px\" \/><\/p>\n<p><img loading=\"lazy\" decoding=\"async\" class=\"size-full wp-image-26646 aligncenter\" src=\"https:\/\/colinahomolog.com.br\/dev\/just-real-moms\/wp-content\/uploads\/2014\/08\/Captura-de-Tela-2014-08-26-\u00e0s-23.28.39.png\" alt=\"Captura de Tela 2014-08-26 \u00e0s 23.28.39\" width=\"473\" height=\"466\" srcset=\"https:\/\/colinahomolog.com.br\/dev\/just-real-moms\/wp-content\/uploads\/2014\/08\/Captura-de-Tela-2014-08-26-\u00e0s-23.28.39.png 473w, https:\/\/colinahomolog.com.br\/dev\/just-real-moms\/wp-content\/uploads\/2014\/08\/Captura-de-Tela-2014-08-26-\u00e0s-23.28.39-280x275.png 280w\" sizes=\"(max-width: 473px) 100vw, 473px\" \/><\/p>\n<p>&nbsp;<\/p>\n\n    <div class=\"xs_social_share_widget xs_share_url after_content \t\tmain_content  wslu-style-1 wslu-share-box-shaped wslu-fill-colored wslu-none wslu-share-horizontal wslu-theme-font-no wslu-main_content\">\n\n\t\t\n        <ul>\n\t\t\t        <\/ul>\n    <\/div> \n","protected":false},"excerpt":{"rendered":"<p>Favorite&nbsp; Ol\u00e1, moms, Tudo bem? Este final de semana estava conversando com uma amiga sobre a transi\u00e7\u00e3o do Olavinho do ber\u00e7o para a cama e me lembrei que n\u00e3o foi nada traum\u00e1tico! Pensei, ent\u00e3o, em escrever algumas dicas que funcionaram para mim e que talvez possam ajudar algumas m\u00e3es que estejam passando por este processo: [&hellip;]<\/p>\n","protected":false},"author":6,"featured_media":33340,"comment_status":"open","ping_status":"closed","sticky":false,"template":"","format":"standard","meta":{"_acf_changed":false,"footnotes":""},"categories":[32],"tags":[],"class_list":{"0":"post-26636","1":"post","2":"type-post","3":"status-publish","4":"format-standard","5":"has-post-thumbnail","7":"category-decor"},"acf":[],"yoast_head":"<!-- This site is optimized with the Yoast SEO Premium plugin v26.6 (Yoast SEO v26.6) - https:\/\/yoast.com\/wordpress\/plugins\/seo\/ -->\n<title>Chegou a hora de mudar do ber\u00e7o para a cama?<\/title>\n<meta name=\"robots\" content=\"index, follow, max-snippet:-1, max-image-preview:large, max-video-preview:-1\" \/>\n<link rel=\"canonical\" href=\"https:\/\/colinahomolog.com.br\/dev\/just-real-moms\/chegou-hora-de-mudar-do-berco-para-cama\/\" \/>\n<meta property=\"og:locale\" content=\"pt_BR\" \/>\n<meta property=\"og:type\" content=\"article\" \/>\n<meta property=\"og:title\" content=\"Chegou a hora de mudar do ber\u00e7o para a cama?\" \/>\n<meta property=\"og:description\" content=\"Favorite&nbsp; Ol\u00e1, moms, Tudo bem? Este final de semana estava conversando com uma amiga sobre a transi\u00e7\u00e3o do Olavinho do ber\u00e7o para a cama e me lembrei que n\u00e3o foi nada traum\u00e1tico! Pensei, ent\u00e3o, em escrever algumas dicas que funcionaram para mim e que talvez possam ajudar algumas m\u00e3es que estejam passando por este processo: [&hellip;]\" \/>\n<meta property=\"og:url\" content=\"https:\/\/colinahomolog.com.br\/dev\/just-real-moms\/chegou-hora-de-mudar-do-berco-para-cama\/\" \/>\n<meta property=\"og:site_name\" content=\"Just Real Moms - Blog para M\u00e3es\" \/>\n<meta property=\"article:publisher\" content=\"https:\/\/www.facebook.com\/JustRealMoms\" \/>\n<meta property=\"article:published_time\" content=\"2018-02-15T10:30:43+00:00\" \/>\n<meta property=\"article:modified_time\" content=\"2023-01-02T17:06:00+00:00\" \/>\n<meta property=\"og:image\" content=\"https:\/\/colinahomolog.com.br\/dev\/just-real-moms\/wp-content\/uploads\/2017\/01\/image.png\" \/>\n\t<meta property=\"og:image:width\" content=\"491\" \/>\n\t<meta property=\"og:image:height\" content=\"460\" \/>\n\t<meta property=\"og:image:type\" content=\"image\/png\" \/>\n<meta name=\"author\" content=\"Juliana\" \/>\n<meta name=\"twitter:label1\" content=\"Escrito por\" \/>\n\t<meta name=\"twitter:data1\" content=\"Juliana\" \/>\n\t<meta name=\"twitter:label2\" content=\"Est. tempo de leitura\" \/>\n\t<meta name=\"twitter:data2\" content=\"5 minutos\" \/>\n<script type=\"application\/ld+json\" class=\"yoast-schema-graph\">{\"@context\":\"https:\/\/schema.org\",\"@graph\":[{\"@type\":\"WebPage\",\"@id\":\"https:\/\/colinahomolog.com.br\/dev\/just-real-moms\/chegou-hora-de-mudar-do-berco-para-cama\/\",\"url\":\"https:\/\/colinahomolog.com.br\/dev\/just-real-moms\/chegou-hora-de-mudar-do-berco-para-cama\/\",\"name\":\"Chegou a hora de mudar do ber\u00e7o para a cama?\",\"isPartOf\":{\"@id\":\"https:\/\/colinahomolog.com.br\/dev\/just-real-moms\/#website\"},\"primaryImageOfPage\":{\"@id\":\"https:\/\/colinahomolog.com.br\/dev\/just-real-moms\/chegou-hora-de-mudar-do-berco-para-cama\/#primaryimage\"},\"image\":{\"@id\":\"https:\/\/colinahomolog.com.br\/dev\/just-real-moms\/chegou-hora-de-mudar-do-berco-para-cama\/#primaryimage\"},\"thumbnailUrl\":\"https:\/\/colinahomolog.com.br\/dev\/just-real-moms\/wp-content\/uploads\/2014\/08\/downdogdivan_1.jpg\",\"datePublished\":\"2018-02-15T10:30:43+00:00\",\"dateModified\":\"2023-01-02T17:06:00+00:00\",\"author\":{\"@id\":\"https:\/\/colinahomolog.com.br\/dev\/just-real-moms\/#\/schema\/person\/8218aa957ba5a31e5f531f3b6561916a\"},\"breadcrumb\":{\"@id\":\"https:\/\/colinahomolog.com.br\/dev\/just-real-moms\/chegou-hora-de-mudar-do-berco-para-cama\/#breadcrumb\"},\"inLanguage\":\"pt-BR\",\"potentialAction\":[{\"@type\":\"ReadAction\",\"target\":[\"https:\/\/colinahomolog.com.br\/dev\/just-real-moms\/chegou-hora-de-mudar-do-berco-para-cama\/\"]}]},{\"@type\":\"ImageObject\",\"inLanguage\":\"pt-BR\",\"@id\":\"https:\/\/colinahomolog.com.br\/dev\/just-real-moms\/chegou-hora-de-mudar-do-berco-para-cama\/#primaryimage\",\"url\":\"https:\/\/colinahomolog.com.br\/dev\/just-real-moms\/wp-content\/uploads\/2014\/08\/downdogdivan_1.jpg\",\"contentUrl\":\"https:\/\/colinahomolog.com.br\/dev\/just-real-moms\/wp-content\/uploads\/2014\/08\/downdogdivan_1.jpg\"},{\"@type\":\"BreadcrumbList\",\"@id\":\"https:\/\/colinahomolog.com.br\/dev\/just-real-moms\/chegou-hora-de-mudar-do-berco-para-cama\/#breadcrumb\",\"itemListElement\":[{\"@type\":\"ListItem\",\"position\":1,\"name\":\"In\u00edcio\",\"item\":\"https:\/\/colinahomolog.com.br\/dev\/just-real-moms\/\"},{\"@type\":\"ListItem\",\"position\":2,\"name\":\"Chegou a hora de mudar do ber\u00e7o para a cama?\"}]},{\"@type\":\"WebSite\",\"@id\":\"https:\/\/colinahomolog.com.br\/dev\/just-real-moms\/#website\",\"url\":\"https:\/\/colinahomolog.com.br\/dev\/just-real-moms\/\",\"name\":\"Just Real Moms - Blog para M\u00e3es\",\"description\":\"O melhor e mais completo portal para m\u00e3es, pais e futuros pais!\",\"potentialAction\":[{\"@type\":\"SearchAction\",\"target\":{\"@type\":\"EntryPoint\",\"urlTemplate\":\"https:\/\/colinahomolog.com.br\/dev\/just-real-moms\/?s={search_term_string}\"},\"query-input\":{\"@type\":\"PropertyValueSpecification\",\"valueRequired\":true,\"valueName\":\"search_term_string\"}}],\"inLanguage\":\"pt-BR\"},{\"@type\":\"Person\",\"@id\":\"https:\/\/colinahomolog.com.br\/dev\/just-real-moms\/#\/schema\/person\/8218aa957ba5a31e5f531f3b6561916a\",\"name\":\"Juliana\",\"url\":\"https:\/\/colinahomolog.com.br\/dev\/just-real-moms\/author\/juliana\/\"}]}<\/script>\n<!-- \/ Yoast SEO Premium plugin. -->","yoast_head_json":{"title":"Chegou a hora de mudar do ber\u00e7o para a cama?","robots":{"index":"index","follow":"follow","max-snippet":"max-snippet:-1","max-image-preview":"max-image-preview:large","max-video-preview":"max-video-preview:-1"},"canonical":"https:\/\/colinahomolog.com.br\/dev\/just-real-moms\/chegou-hora-de-mudar-do-berco-para-cama\/","og_locale":"pt_BR","og_type":"article","og_title":"Chegou a hora de mudar do ber\u00e7o para a cama?","og_description":"Favorite&nbsp; Ol\u00e1, moms, Tudo bem? Este final de semana estava conversando com uma amiga sobre a transi\u00e7\u00e3o do Olavinho do ber\u00e7o para a cama e me lembrei que n\u00e3o foi nada traum\u00e1tico! Pensei, ent\u00e3o, em escrever algumas dicas que funcionaram para mim e que talvez possam ajudar algumas m\u00e3es que estejam passando por este processo: [&hellip;]","og_url":"https:\/\/colinahomolog.com.br\/dev\/just-real-moms\/chegou-hora-de-mudar-do-berco-para-cama\/","og_site_name":"Just Real Moms - Blog para M\u00e3es","article_publisher":"https:\/\/www.facebook.com\/JustRealMoms","article_published_time":"2018-02-15T10:30:43+00:00","article_modified_time":"2023-01-02T17:06:00+00:00","og_image":[{"width":491,"height":460,"url":"https:\/\/colinahomolog.com.br\/dev\/just-real-moms\/wp-content\/uploads\/2017\/01\/image.png","type":"image\/png"}],"author":"Juliana","twitter_misc":{"Escrito por":"Juliana","Est. tempo de leitura":"5 minutos"},"schema":{"@context":"https:\/\/schema.org","@graph":[{"@type":"WebPage","@id":"https:\/\/colinahomolog.com.br\/dev\/just-real-moms\/chegou-hora-de-mudar-do-berco-para-cama\/","url":"https:\/\/colinahomolog.com.br\/dev\/just-real-moms\/chegou-hora-de-mudar-do-berco-para-cama\/","name":"Chegou a hora de mudar do ber\u00e7o para a cama?","isPartOf":{"@id":"https:\/\/colinahomolog.com.br\/dev\/just-real-moms\/#website"},"primaryImageOfPage":{"@id":"https:\/\/colinahomolog.com.br\/dev\/just-real-moms\/chegou-hora-de-mudar-do-berco-para-cama\/#primaryimage"},"image":{"@id":"https:\/\/colinahomolog.com.br\/dev\/just-real-moms\/chegou-hora-de-mudar-do-berco-para-cama\/#primaryimage"},"thumbnailUrl":"https:\/\/colinahomolog.com.br\/dev\/just-real-moms\/wp-content\/uploads\/2014\/08\/downdogdivan_1.jpg","datePublished":"2018-02-15T10:30:43+00:00","dateModified":"2023-01-02T17:06:00+00:00","author":{"@id":"https:\/\/colinahomolog.com.br\/dev\/just-real-moms\/#\/schema\/person\/8218aa957ba5a31e5f531f3b6561916a"},"breadcrumb":{"@id":"https:\/\/colinahomolog.com.br\/dev\/just-real-moms\/chegou-hora-de-mudar-do-berco-para-cama\/#breadcrumb"},"inLanguage":"pt-BR","potentialAction":[{"@type":"ReadAction","target":["https:\/\/colinahomolog.com.br\/dev\/just-real-moms\/chegou-hora-de-mudar-do-berco-para-cama\/"]}]},{"@type":"ImageObject","inLanguage":"pt-BR","@id":"https:\/\/colinahomolog.com.br\/dev\/just-real-moms\/chegou-hora-de-mudar-do-berco-para-cama\/#primaryimage","url":"https:\/\/colinahomolog.com.br\/dev\/just-real-moms\/wp-content\/uploads\/2014\/08\/downdogdivan_1.jpg","contentUrl":"https:\/\/colinahomolog.com.br\/dev\/just-real-moms\/wp-content\/uploads\/2014\/08\/downdogdivan_1.jpg"},{"@type":"BreadcrumbList","@id":"https:\/\/colinahomolog.com.br\/dev\/just-real-moms\/chegou-hora-de-mudar-do-berco-para-cama\/#breadcrumb","itemListElement":[{"@type":"ListItem","position":1,"name":"In\u00edcio","item":"https:\/\/colinahomolog.com.br\/dev\/just-real-moms\/"},{"@type":"ListItem","position":2,"name":"Chegou a hora de mudar do ber\u00e7o para a cama?"}]},{"@type":"WebSite","@id":"https:\/\/colinahomolog.com.br\/dev\/just-real-moms\/#website","url":"https:\/\/colinahomolog.com.br\/dev\/just-real-moms\/","name":"Just Real Moms - Blog para M\u00e3es","description":"O melhor e mais completo portal para m\u00e3es, pais e futuros pais!","potentialAction":[{"@type":"SearchAction","target":{"@type":"EntryPoint","urlTemplate":"https:\/\/colinahomolog.com.br\/dev\/just-real-moms\/?s={search_term_string}"},"query-input":{"@type":"PropertyValueSpecification","valueRequired":true,"valueName":"search_term_string"}}],"inLanguage":"pt-BR"},{"@type":"Person","@id":"https:\/\/colinahomolog.com.br\/dev\/just-real-moms\/#\/schema\/person\/8218aa957ba5a31e5f531f3b6561916a","name":"Juliana","url":"https:\/\/colinahomolog.com.br\/dev\/just-real-moms\/author\/juliana\/"}]}},"_links":{"self":[{"href":"https:\/\/colinahomolog.com.br\/dev\/just-real-moms\/wp-json\/wp\/v2\/posts\/26636","targetHints":{"allow":["GET"]}}],"collection":[{"href":"https:\/\/colinahomolog.com.br\/dev\/just-real-moms\/wp-json\/wp\/v2\/posts"}],"about":[{"href":"https:\/\/colinahomolog.com.br\/dev\/just-real-moms\/wp-json\/wp\/v2\/types\/post"}],"author":[{"embeddable":true,"href":"https:\/\/colinahomolog.com.br\/dev\/just-real-moms\/wp-json\/wp\/v2\/users\/6"}],"replies":[{"embeddable":true,"href":"https:\/\/colinahomolog.com.br\/dev\/just-real-moms\/wp-json\/wp\/v2\/comments?post=26636"}],"version-history":[{"count":0,"href":"https:\/\/colinahomolog.com.br\/dev\/just-real-moms\/wp-json\/wp\/v2\/posts\/26636\/revisions"}],"wp:featuredmedia":[{"embeddable":true,"href":"https:\/\/colinahomolog.com.br\/dev\/just-real-moms\/wp-json\/wp\/v2\/media\/33340"}],"wp:attachment":[{"href":"https:\/\/colinahomolog.com.br\/dev\/just-real-moms\/wp-json\/wp\/v2\/media?parent=26636"}],"wp:term":[{"taxonomy":"category","embeddable":true,"href":"https:\/\/colinahomolog.com.br\/dev\/just-real-moms\/wp-json\/wp\/v2\/categories?post=26636"},{"taxonomy":"post_tag","embeddable":true,"href":"https:\/\/colinahomolog.com.br\/dev\/just-real-moms\/wp-json\/wp\/v2\/tags?post=26636"}],"curies":[{"name":"wp","href":"https:\/\/api.w.org\/{rel}","templated":true}]}}