{"id":28141,"date":"2014-10-31T08:31:36","date_gmt":"2014-10-31T10:31:36","guid":{"rendered":"https:\/\/colinahomolog.com.br\/dev\/just-real-moms\/?p=28141"},"modified":"2016-05-05T19:06:39","modified_gmt":"2016-05-05T22:06:39","slug":"por-rio-kids2","status":"publish","type":"post","link":"https:\/\/colinahomolog.com.br\/dev\/just-real-moms\/por-rio-kids2\/","title":{"rendered":"Passeios super divertidos para quem vai ficar no Rio de Janeiro no fim de semana \u2013 por Rio Kids"},"content":{"rendered":"<button class=\"simplefavorite-button preset\" data-postid=\"28141\" data-siteid=\"1\" data-groupid=\"1\" data-favoritecount=\"0\" style=\"box-shadow:none;-webkit-box-shadow:none;-moz-box-shadow:none;background-color:#68ccb4;border-color:#68ccb4;color:#ffffff;\"><i class=\"sf-icon-favorite\" style=\"\"><\/i>Favorite<\/button><p>&nbsp;<\/p>\n<p>Ol\u00e1, moms!<\/p>\n<p>Est\u00e3o no Rio de Janeiro neste fim de semana e querem se divertir com os pequenos? Temos aqui a melhor programa\u00e7\u00e3o para as crian\u00e7as, feita pelo nosso colaborador, <a href=\"http:\/\/riokids.com.br\/\" target=\"_blank\">Rio Kids<\/a>. Confiram e divirtam-se!<\/p>\n<p>Bom fim de semana!<\/p>\n<p>&nbsp;<\/p>\n<hr \/>\n<p>&nbsp;<\/p>\n<p><strong>Primavera dos Livros<\/strong><\/p>\n<p>No fim de semana, a garotada do Rio tem uma op\u00e7\u00e3o bem bacana para se divertir.\u00a0Acontece a\u00a014\u00aa edi\u00e7\u00e3o da Primavera dos Livros que oferecer\u00e1 atividades voltadas para toda a fam\u00edlia. Uma dica para a crian\u00e7ada se divertir bastante \u00e9 a Tenda Saci Perer\u00ea, que ter\u00e1 uma programa\u00e7\u00e3o recheada de oficinas de leitura e de desenho. J\u00e1 para os pais, a feira contar\u00e1 com a presen\u00e7a de 120 editoras, disponibilizando diversos livros com at\u00e9 50% de desconto, e da Poeme-se, grife po\u00e9tica pioneira no Brasil, que inaugura o primeiro espa\u00e7o de moda liter\u00e1ria da feira. A entrada \u00e9 gratuita.<\/p>\n<p>&nbsp;<\/p>\n<p><img fetchpriority=\"high\" decoding=\"async\" class=\"aligncenter size-full wp-image-28133\" src=\"https:\/\/colinahomolog.com.br\/dev\/just-real-moms\/wp-content\/uploads\/2014\/10\/riokids-porai-primaveradoslivros3.jpg\" alt=\"riokids-porai-primaveradoslivros3\" width=\"350\" height=\"398\" srcset=\"https:\/\/colinahomolog.com.br\/dev\/just-real-moms\/wp-content\/uploads\/2014\/10\/riokids-porai-primaveradoslivros3.jpg 350w, https:\/\/colinahomolog.com.br\/dev\/just-real-moms\/wp-content\/uploads\/2014\/10\/riokids-porai-primaveradoslivros3-280x318.jpg 280w, https:\/\/colinahomolog.com.br\/dev\/just-real-moms\/wp-content\/uploads\/2014\/10\/riokids-porai-primaveradoslivros3-300x340.jpg 300w\" sizes=\"(max-width: 350px) 100vw, 350px\" \/><\/p>\n<p>&nbsp;<\/p>\n<p>O evento acontece no Museu da Rep\u00fablica, Catete, nos dias 01 e 02 de novembro, das 10h \u00e0s 21h.<\/p>\n<p>&nbsp;<\/p>\n<p><strong>Exposi\u00e7\u00e3o no MIAN<\/strong><\/p>\n<p>O\u00a0Museu Internacional de Arte Na\u00eff do Brasil (MIAN) inaugura a\u00a0exposi\u00e7\u00e3o\u00a0\u201cMem\u00f3ria Ol\u00edmpica pelo Olhar Na\u00eff\u201d. Unindo arte e esporte, a mostra apresenta\u00a0cerca de\u00a040 quadros\u00a0divididos em cinco categorias: esportes aqu\u00e1ticos, esportes de quadra, esportes ao ar livre e Capoeira, inclu\u00edda recentemente nas Olimp\u00edadas.<\/p>\n<p>O p\u00fablico vai poder conferir, tamb\u00e9m,\u00a0uma instala\u00e7\u00e3o com raquetes, bolas de t\u00eanis, remo, fitas de gin\u00e1stica ol\u00edmpica, chuteiras e outros objetos esportivos que podem ser tocados pelos visitantes, com um\u00a0p\u00f3dio para que crian\u00e7as e deficientes tamb\u00e9m possam ter acesso a essa instala\u00e7\u00e3o, al\u00e9m de um gramado sint\u00e9tico.<\/p>\n<p>&nbsp;<\/p>\n<p><img decoding=\"async\" class=\"aligncenter size-full wp-image-28132\" src=\"https:\/\/colinahomolog.com.br\/dev\/just-real-moms\/wp-content\/uploads\/2014\/10\/riokids-exposi\u00e7ao-mian.jpg\" alt=\"riokids-exposi\u00e7ao-mian\" width=\"550\" height=\"404\" srcset=\"https:\/\/colinahomolog.com.br\/dev\/just-real-moms\/wp-content\/uploads\/2014\/10\/riokids-exposi\u00e7ao-mian.jpg 550w, https:\/\/colinahomolog.com.br\/dev\/just-real-moms\/wp-content\/uploads\/2014\/10\/riokids-exposi\u00e7ao-mian-280x205.jpg 280w\" sizes=\"(max-width: 550px) 100vw, 550px\" \/><\/p>\n<p>&nbsp;<\/p>\n<p>O exposi\u00e7\u00e3o acontece no MIAN, Cosme Velho, a partir do dia 31 de outubro, sexta-feira, \u00e0s 17h.<br \/>\nTer\u00e7as \u00e0s sextas, de 10h \u00e0s 18h; s\u00e1bados e domingos, de 10h \u00e0s 17h.<\/p>\n<p>&nbsp;<\/p>\n<p><strong>Musical Branca de Neve<\/strong><\/p>\n<p>O musical Branca de Neve, montagem baseada no cl\u00e1ssico dos Irm\u00e2os Grimm, que j\u00e1 encantou quase 300.000 espectadores em nove cidades brasileiras e outras tantas na Argentina, Chile e Peru, chega ao Teatro Bradesco Rio para temporada de 01 a 16 de novembro.<\/p>\n<p>Branca de Neve tem os di\u00e1logos e m\u00fasicas cantadas em portugu\u00eas, al\u00e9m de muitos efeitos especiais e de ilumina\u00e7\u00e3o.<\/p>\n<p>No palco Branca de Neve, o pr\u00edncipe, os an\u00f5es, a bruxa m\u00e1 e o rei v\u00e3o dancar, cantar e atuar, num espet\u00e1culo que tem ainda recursos de gelo seco, tel\u00f5es em 3D, levita\u00e7\u00f5es, ilusionismo, explos\u00f5es e um sem fim de equipamentos que fazem a plateia ter a sensa\u00e7\u00e3o de estar dentro da pe\u00e7a. Uma das surpresas \u00e9 o chamado 4D: elementos sensoriais que v\u00e3o fazer ventanias, neve e chuva, para a diversao de toda a fam\u00edlia.<\/p>\n<p>&nbsp;<\/p>\n<p><img decoding=\"async\" class=\"aligncenter wp-image-28134 size-large\" src=\"https:\/\/colinahomolog.com.br\/dev\/just-real-moms\/wp-content\/uploads\/2014\/10\/riokids-teatro-musicalbrancadeneve-590x393.jpg\" alt=\"riokids-teatro-musicalbrancadeneve\" width=\"590\" height=\"393\" \/><\/p>\n<p>&nbsp;<\/p>\n<p>Em cartaz no Teatro Bradesco, Shopping Village Mall, s\u00e1bados e domingos, \u00e0s 15h.<\/p>\n<p>&nbsp;<\/p>\n<p><strong>O Beb\u00ea e o Mar<\/strong><\/p>\n<p>Um espet\u00e1culo para beb\u00eas e primeira inf\u00e2ncia que encanta toda fam\u00edlia. No primeiro momento do espet\u00e1culo, dentro do \u00fatero, \u00e9 apresentado o ambiente onde a bebezinha J\u00falia interage de forma divertida com bichinhos e objetos de sua rotina em uma grande atra\u00e7\u00e3o \u00e0s crian\u00e7as que acompanham ao espet\u00e1culo \u201chipnotizadas\u201d com a linguagem apropriada a idade. No final, as crian\u00e7as participam de uma viv\u00eancia sensorial com seus pais com os objetos de cena e bichinhos que tanto chamaram a aten\u00e7\u00e3o durante o espet\u00e1culo.<\/p>\n<p>&nbsp;<\/p>\n<p><img loading=\"lazy\" decoding=\"async\" class=\"aligncenter size-full wp-image-28135\" src=\"https:\/\/colinahomolog.com.br\/dev\/just-real-moms\/wp-content\/uploads\/2014\/10\/riokids-teatro-obebeeomar.jpg\" alt=\"riokids-teatro-obebeeomar\" width=\"440\" height=\"280\" srcset=\"https:\/\/colinahomolog.com.br\/dev\/just-real-moms\/wp-content\/uploads\/2014\/10\/riokids-teatro-obebeeomar.jpg 440w, https:\/\/colinahomolog.com.br\/dev\/just-real-moms\/wp-content\/uploads\/2014\/10\/riokids-teatro-obebeeomar-280x178.jpg 280w\" sizes=\"(max-width: 440px) 100vw, 440px\" \/><\/p>\n<p>&nbsp;<\/p>\n<p>Em cartaz no Teatro\u00a0Ziembinski, na Tijuca, s\u00e1bados e domingos, \u00e0s 16h.<\/p>\n<p>&nbsp;<\/p>\n<p><strong>Um her\u00f3i fanfarr\u00e3o e sua m\u00e3e bem valente<\/strong><\/p>\n<p>Estreia dia 1\u00ba de novembro, o espet\u00e1culo &#8220;Um her\u00f3i fanfarr\u00e3o e sua m\u00e3e bem valente&#8221;. A adapta\u00e7\u00e3o conta a hist\u00f3ria de um grupo de funcion\u00e1rios que tem seu cotidiano alterado quando o livro chega por malote. A leitura proporciona um jogo que modifica o \u00e2nimo daquelas pessoas e abre uma nova perspectiva em seu cotidiano. Acompanha-se, assim, a saga desse her\u00f3i fanfarr\u00e3o que passa por diversas perip\u00e9cias em busca de uma noiva e \u00e9 resgatado por sua m\u00e3e bem valente, que o traz de volta para casa.<\/p>\n<p>&nbsp;<\/p>\n<p><img loading=\"lazy\" decoding=\"async\" class=\"aligncenter wp-image-28136 size-large\" src=\"https:\/\/colinahomolog.com.br\/dev\/just-real-moms\/wp-content\/uploads\/2014\/10\/riokids-teatro-umheroifanfarraoesuamaebemvalente-590x234.jpg\" alt=\"riokids-teatro-umheroifanfarraoesuamaebemvalente\" width=\"590\" height=\"234\" srcset=\"https:\/\/colinahomolog.com.br\/dev\/just-real-moms\/wp-content\/uploads\/2014\/10\/riokids-teatro-umheroifanfarraoesuamaebemvalente-590x234.jpg 590w, https:\/\/colinahomolog.com.br\/dev\/just-real-moms\/wp-content\/uploads\/2014\/10\/riokids-teatro-umheroifanfarraoesuamaebemvalente-280x111.jpg 280w\" sizes=\"(max-width: 590px) 100vw, 590px\" \/><\/p>\n<p>&nbsp;<\/p>\n<p>Em cartaz no Centro Cultural da Justi\u00e7a Federal, no Centro, s\u00e1bados e domingos, \u00e0s 14h.<\/p>\n<p>&nbsp;<\/p>\n<p>Confiram a programa\u00e7\u00e3o completa para este fim de semana no <a href=\"http:\/\/riokids.com.br\/programacao\/programacao-final-de-semana-de-01-e-02-de-novembro14\/\" target=\"_blank\">Rio Kids<\/a>!<\/p>\n<p>&nbsp;<\/p>\n\n    <div class=\"xs_social_share_widget xs_share_url after_content \t\tmain_content  wslu-style-1 wslu-share-box-shaped wslu-fill-colored wslu-none wslu-share-horizontal wslu-theme-font-no wslu-main_content\">\n\n\t\t\n        <ul>\n\t\t\t        <\/ul>\n    <\/div> \n","protected":false},"excerpt":{"rendered":"<p>Favorite&nbsp; Ol\u00e1, moms! Est\u00e3o no Rio de Janeiro neste fim de semana e querem se divertir com os pequenos? Temos aqui a melhor programa\u00e7\u00e3o para as crian\u00e7as, feita pelo nosso colaborador, Rio Kids. Confiram e divirtam-se! Bom fim de semana! &nbsp; &nbsp; Primavera dos Livros No fim de semana, a garotada do Rio tem uma [&hellip;]<\/p>\n","protected":false},"author":1014,"featured_media":28134,"comment_status":"open","ping_status":"closed","sticky":false,"template":"","format":"standard","meta":{"_acf_changed":false,"footnotes":""},"categories":[33],"tags":[],"class_list":{"0":"post-28141","1":"post","2":"type-post","3":"status-publish","4":"format-standard","5":"has-post-thumbnail","7":"category-have-fun"},"acf":[],"yoast_head":"<!-- This site is optimized with the Yoast SEO Premium plugin v26.6 (Yoast SEO v26.6) - https:\/\/yoast.com\/wordpress\/plugins\/seo\/ -->\n<title>Passeios super divertidos para quem vai ficar no Rio de Janeiro no fim de semana \u2013 por Rio Kids<\/title>\n<meta name=\"robots\" content=\"index, follow, max-snippet:-1, max-image-preview:large, max-video-preview:-1\" \/>\n<link rel=\"canonical\" href=\"https:\/\/colinahomolog.com.br\/dev\/just-real-moms\/por-rio-kids2\/\" \/>\n<meta property=\"og:locale\" content=\"pt_BR\" \/>\n<meta property=\"og:type\" content=\"article\" \/>\n<meta property=\"og:title\" content=\"Passeios super divertidos para quem vai ficar no Rio de Janeiro no fim de semana \u2013 por Rio Kids\" \/>\n<meta property=\"og:description\" content=\"Favorite&nbsp; Ol\u00e1, moms! Est\u00e3o no Rio de Janeiro neste fim de semana e querem se divertir com os pequenos? Temos aqui a melhor programa\u00e7\u00e3o para as crian\u00e7as, feita pelo nosso colaborador, Rio Kids. Confiram e divirtam-se! Bom fim de semana! &nbsp; &nbsp; Primavera dos Livros No fim de semana, a garotada do Rio tem uma [&hellip;]\" \/>\n<meta property=\"og:url\" content=\"https:\/\/colinahomolog.com.br\/dev\/just-real-moms\/por-rio-kids2\/\" \/>\n<meta property=\"og:site_name\" content=\"Just Real Moms - Blog para M\u00e3es\" \/>\n<meta property=\"article:publisher\" content=\"https:\/\/www.facebook.com\/JustRealMoms\" \/>\n<meta property=\"article:published_time\" content=\"2014-10-31T10:31:36+00:00\" \/>\n<meta property=\"article:modified_time\" content=\"2016-05-05T22:06:39+00:00\" \/>\n<meta property=\"og:image\" content=\"https:\/\/colinahomolog.com.br\/dev\/just-real-moms\/wp-content\/uploads\/2014\/10\/riokids-teatro-musicalbrancadeneve.jpg\" \/>\n\t<meta property=\"og:image:width\" content=\"1\" \/>\n\t<meta property=\"og:image:height\" content=\"1\" \/>\n\t<meta property=\"og:image:type\" content=\"image\/jpeg\" \/>\n<meta name=\"author\" content=\"Joyce &amp; Daniele\" \/>\n<meta name=\"twitter:label1\" content=\"Escrito por\" \/>\n\t<meta name=\"twitter:data1\" content=\"Joyce &amp; Daniele\" \/>\n\t<meta name=\"twitter:label2\" content=\"Est. tempo de leitura\" \/>\n\t<meta name=\"twitter:data2\" content=\"4 minutos\" \/>\n<script type=\"application\/ld+json\" class=\"yoast-schema-graph\">{\"@context\":\"https:\/\/schema.org\",\"@graph\":[{\"@type\":\"WebPage\",\"@id\":\"https:\/\/colinahomolog.com.br\/dev\/just-real-moms\/por-rio-kids2\/\",\"url\":\"https:\/\/colinahomolog.com.br\/dev\/just-real-moms\/por-rio-kids2\/\",\"name\":\"Passeios super divertidos para quem vai ficar no Rio de Janeiro no fim de semana \u2013 por Rio Kids\",\"isPartOf\":{\"@id\":\"https:\/\/colinahomolog.com.br\/dev\/just-real-moms\/#website\"},\"primaryImageOfPage\":{\"@id\":\"https:\/\/colinahomolog.com.br\/dev\/just-real-moms\/por-rio-kids2\/#primaryimage\"},\"image\":{\"@id\":\"https:\/\/colinahomolog.com.br\/dev\/just-real-moms\/por-rio-kids2\/#primaryimage\"},\"thumbnailUrl\":\"https:\/\/colinahomolog.com.br\/dev\/just-real-moms\/wp-content\/uploads\/2014\/10\/riokids-teatro-musicalbrancadeneve.jpg\",\"datePublished\":\"2014-10-31T10:31:36+00:00\",\"dateModified\":\"2016-05-05T22:06:39+00:00\",\"author\":{\"@id\":\"https:\/\/colinahomolog.com.br\/dev\/just-real-moms\/#\/schema\/person\/12eef6b29ccae4a2af1291ef6d2e0ca5\"},\"breadcrumb\":{\"@id\":\"https:\/\/colinahomolog.com.br\/dev\/just-real-moms\/por-rio-kids2\/#breadcrumb\"},\"inLanguage\":\"pt-BR\",\"potentialAction\":[{\"@type\":\"ReadAction\",\"target\":[\"https:\/\/colinahomolog.com.br\/dev\/just-real-moms\/por-rio-kids2\/\"]}]},{\"@type\":\"ImageObject\",\"inLanguage\":\"pt-BR\",\"@id\":\"https:\/\/colinahomolog.com.br\/dev\/just-real-moms\/por-rio-kids2\/#primaryimage\",\"url\":\"https:\/\/colinahomolog.com.br\/dev\/just-real-moms\/wp-content\/uploads\/2014\/10\/riokids-teatro-musicalbrancadeneve.jpg\",\"contentUrl\":\"https:\/\/colinahomolog.com.br\/dev\/just-real-moms\/wp-content\/uploads\/2014\/10\/riokids-teatro-musicalbrancadeneve.jpg\"},{\"@type\":\"BreadcrumbList\",\"@id\":\"https:\/\/colinahomolog.com.br\/dev\/just-real-moms\/por-rio-kids2\/#breadcrumb\",\"itemListElement\":[{\"@type\":\"ListItem\",\"position\":1,\"name\":\"In\u00edcio\",\"item\":\"https:\/\/colinahomolog.com.br\/dev\/just-real-moms\/\"},{\"@type\":\"ListItem\",\"position\":2,\"name\":\"Passeios super divertidos para quem vai ficar no Rio de Janeiro no fim de semana \u2013 por Rio Kids\"}]},{\"@type\":\"WebSite\",\"@id\":\"https:\/\/colinahomolog.com.br\/dev\/just-real-moms\/#website\",\"url\":\"https:\/\/colinahomolog.com.br\/dev\/just-real-moms\/\",\"name\":\"Just Real Moms - Blog para M\u00e3es\",\"description\":\"O melhor e mais completo portal para m\u00e3es, pais e futuros pais!\",\"potentialAction\":[{\"@type\":\"SearchAction\",\"target\":{\"@type\":\"EntryPoint\",\"urlTemplate\":\"https:\/\/colinahomolog.com.br\/dev\/just-real-moms\/?s={search_term_string}\"},\"query-input\":{\"@type\":\"PropertyValueSpecification\",\"valueRequired\":true,\"valueName\":\"search_term_string\"}}],\"inLanguage\":\"pt-BR\"},{\"@type\":\"Person\",\"@id\":\"https:\/\/colinahomolog.com.br\/dev\/just-real-moms\/#\/schema\/person\/12eef6b29ccae4a2af1291ef6d2e0ca5\",\"name\":\"Joyce &amp; Daniele\",\"description\":\"Programa\u00e7\u00e3o infantil do Rio de Janeiro por RioKids\",\"url\":\"https:\/\/colinahomolog.com.br\/dev\/just-real-moms\/author\/joycedanielle\/\"}]}<\/script>\n<!-- \/ Yoast SEO Premium plugin. -->","yoast_head_json":{"title":"Passeios super divertidos para quem vai ficar no Rio de Janeiro no fim de semana \u2013 por Rio Kids","robots":{"index":"index","follow":"follow","max-snippet":"max-snippet:-1","max-image-preview":"max-image-preview:large","max-video-preview":"max-video-preview:-1"},"canonical":"https:\/\/colinahomolog.com.br\/dev\/just-real-moms\/por-rio-kids2\/","og_locale":"pt_BR","og_type":"article","og_title":"Passeios super divertidos para quem vai ficar no Rio de Janeiro no fim de semana \u2013 por Rio Kids","og_description":"Favorite&nbsp; Ol\u00e1, moms! Est\u00e3o no Rio de Janeiro neste fim de semana e querem se divertir com os pequenos? Temos aqui a melhor programa\u00e7\u00e3o para as crian\u00e7as, feita pelo nosso colaborador, Rio Kids. Confiram e divirtam-se! Bom fim de semana! &nbsp; &nbsp; Primavera dos Livros No fim de semana, a garotada do Rio tem uma [&hellip;]","og_url":"https:\/\/colinahomolog.com.br\/dev\/just-real-moms\/por-rio-kids2\/","og_site_name":"Just Real Moms - Blog para M\u00e3es","article_publisher":"https:\/\/www.facebook.com\/JustRealMoms","article_published_time":"2014-10-31T10:31:36+00:00","article_modified_time":"2016-05-05T22:06:39+00:00","og_image":[{"url":"https:\/\/colinahomolog.com.br\/dev\/just-real-moms\/wp-content\/uploads\/2014\/10\/riokids-teatro-musicalbrancadeneve.jpg","width":1,"height":1,"type":"image\/jpeg"}],"author":"Joyce &amp; Daniele","twitter_misc":{"Escrito por":"Joyce &amp; Daniele","Est. tempo de leitura":"4 minutos"},"schema":{"@context":"https:\/\/schema.org","@graph":[{"@type":"WebPage","@id":"https:\/\/colinahomolog.com.br\/dev\/just-real-moms\/por-rio-kids2\/","url":"https:\/\/colinahomolog.com.br\/dev\/just-real-moms\/por-rio-kids2\/","name":"Passeios super divertidos para quem vai ficar no Rio de Janeiro no fim de semana \u2013 por Rio Kids","isPartOf":{"@id":"https:\/\/colinahomolog.com.br\/dev\/just-real-moms\/#website"},"primaryImageOfPage":{"@id":"https:\/\/colinahomolog.com.br\/dev\/just-real-moms\/por-rio-kids2\/#primaryimage"},"image":{"@id":"https:\/\/colinahomolog.com.br\/dev\/just-real-moms\/por-rio-kids2\/#primaryimage"},"thumbnailUrl":"https:\/\/colinahomolog.com.br\/dev\/just-real-moms\/wp-content\/uploads\/2014\/10\/riokids-teatro-musicalbrancadeneve.jpg","datePublished":"2014-10-31T10:31:36+00:00","dateModified":"2016-05-05T22:06:39+00:00","author":{"@id":"https:\/\/colinahomolog.com.br\/dev\/just-real-moms\/#\/schema\/person\/12eef6b29ccae4a2af1291ef6d2e0ca5"},"breadcrumb":{"@id":"https:\/\/colinahomolog.com.br\/dev\/just-real-moms\/por-rio-kids2\/#breadcrumb"},"inLanguage":"pt-BR","potentialAction":[{"@type":"ReadAction","target":["https:\/\/colinahomolog.com.br\/dev\/just-real-moms\/por-rio-kids2\/"]}]},{"@type":"ImageObject","inLanguage":"pt-BR","@id":"https:\/\/colinahomolog.com.br\/dev\/just-real-moms\/por-rio-kids2\/#primaryimage","url":"https:\/\/colinahomolog.com.br\/dev\/just-real-moms\/wp-content\/uploads\/2014\/10\/riokids-teatro-musicalbrancadeneve.jpg","contentUrl":"https:\/\/colinahomolog.com.br\/dev\/just-real-moms\/wp-content\/uploads\/2014\/10\/riokids-teatro-musicalbrancadeneve.jpg"},{"@type":"BreadcrumbList","@id":"https:\/\/colinahomolog.com.br\/dev\/just-real-moms\/por-rio-kids2\/#breadcrumb","itemListElement":[{"@type":"ListItem","position":1,"name":"In\u00edcio","item":"https:\/\/colinahomolog.com.br\/dev\/just-real-moms\/"},{"@type":"ListItem","position":2,"name":"Passeios super divertidos para quem vai ficar no Rio de Janeiro no fim de semana \u2013 por Rio Kids"}]},{"@type":"WebSite","@id":"https:\/\/colinahomolog.com.br\/dev\/just-real-moms\/#website","url":"https:\/\/colinahomolog.com.br\/dev\/just-real-moms\/","name":"Just Real Moms - Blog para M\u00e3es","description":"O melhor e mais completo portal para m\u00e3es, pais e futuros pais!","potentialAction":[{"@type":"SearchAction","target":{"@type":"EntryPoint","urlTemplate":"https:\/\/colinahomolog.com.br\/dev\/just-real-moms\/?s={search_term_string}"},"query-input":{"@type":"PropertyValueSpecification","valueRequired":true,"valueName":"search_term_string"}}],"inLanguage":"pt-BR"},{"@type":"Person","@id":"https:\/\/colinahomolog.com.br\/dev\/just-real-moms\/#\/schema\/person\/12eef6b29ccae4a2af1291ef6d2e0ca5","name":"Joyce &amp; Daniele","description":"Programa\u00e7\u00e3o infantil do Rio de Janeiro por RioKids","url":"https:\/\/colinahomolog.com.br\/dev\/just-real-moms\/author\/joycedanielle\/"}]}},"_links":{"self":[{"href":"https:\/\/colinahomolog.com.br\/dev\/just-real-moms\/wp-json\/wp\/v2\/posts\/28141","targetHints":{"allow":["GET"]}}],"collection":[{"href":"https:\/\/colinahomolog.com.br\/dev\/just-real-moms\/wp-json\/wp\/v2\/posts"}],"about":[{"href":"https:\/\/colinahomolog.com.br\/dev\/just-real-moms\/wp-json\/wp\/v2\/types\/post"}],"author":[{"embeddable":true,"href":"https:\/\/colinahomolog.com.br\/dev\/just-real-moms\/wp-json\/wp\/v2\/users\/1014"}],"replies":[{"embeddable":true,"href":"https:\/\/colinahomolog.com.br\/dev\/just-real-moms\/wp-json\/wp\/v2\/comments?post=28141"}],"version-history":[{"count":0,"href":"https:\/\/colinahomolog.com.br\/dev\/just-real-moms\/wp-json\/wp\/v2\/posts\/28141\/revisions"}],"wp:featuredmedia":[{"embeddable":true,"href":"https:\/\/colinahomolog.com.br\/dev\/just-real-moms\/wp-json\/wp\/v2\/media\/28134"}],"wp:attachment":[{"href":"https:\/\/colinahomolog.com.br\/dev\/just-real-moms\/wp-json\/wp\/v2\/media?parent=28141"}],"wp:term":[{"taxonomy":"category","embeddable":true,"href":"https:\/\/colinahomolog.com.br\/dev\/just-real-moms\/wp-json\/wp\/v2\/categories?post=28141"},{"taxonomy":"post_tag","embeddable":true,"href":"https:\/\/colinahomolog.com.br\/dev\/just-real-moms\/wp-json\/wp\/v2\/tags?post=28141"}],"curies":[{"name":"wp","href":"https:\/\/api.w.org\/{rel}","templated":true}]}}