{"id":28306,"date":"2014-11-07T08:32:24","date_gmt":"2014-11-07T10:32:24","guid":{"rendered":"https:\/\/colinahomolog.com.br\/dev\/just-real-moms\/?p=28306"},"modified":"2016-05-05T19:06:39","modified_gmt":"2016-05-05T22:06:39","slug":"melhor-programacao-infantil-para-quem-vai-ficar-rio-de-janeiro-neste-fim-de-semana-por-rio-kids1","status":"publish","type":"post","link":"https:\/\/colinahomolog.com.br\/dev\/just-real-moms\/melhor-programacao-infantil-para-quem-vai-ficar-rio-de-janeiro-neste-fim-de-semana-por-rio-kids1\/","title":{"rendered":"A melhor programa\u00e7\u00e3o infantil para quem vai ficar no Rio de Janeiro neste fim de semana &#8211; por Rio Kids"},"content":{"rendered":"<button class=\"simplefavorite-button preset\" data-postid=\"28306\" data-siteid=\"1\" data-groupid=\"1\" data-favoritecount=\"0\" style=\"box-shadow:none;-webkit-box-shadow:none;-moz-box-shadow:none;background-color:#68ccb4;border-color:#68ccb4;color:#ffffff;\"><i class=\"sf-icon-favorite\" style=\"\"><\/i>Favorite<\/button><p>&nbsp;<\/p>\n<p>Ol\u00e1, moms!<\/p>\n<p>Querem fazer um passeio bacana com os pequenos neste fim de semana? Olhem que legal a programa\u00e7\u00e3o infantil para quem estar\u00e1 no Rio de Janeiro!<\/p>\n<p>Nosso colaborador <a href=\"http:\/\/riokids.com.br\/\" target=\"_blank\"><strong>Rio Kids<\/strong><\/a> selecionou os melhores passeios.<\/p>\n<p>Divirtam-se!<\/p>\n<p>&nbsp;<\/p>\n<hr \/>\n<p>&nbsp;<\/p>\n<p><strong>1. Conta\u00e7\u00e3o de Hist\u00f3ria no Emp\u00f3rio da Papinha<\/strong><\/p>\n<p>S\u00e1bado, dia 08 de novembro, vai acontecer um evento muito legal para as crian\u00e7as no Emp\u00f3rio da Papinha: conta\u00e7\u00e3o de hist\u00f3ria do livro &#8220;O Mochil\u00e3o de Tiago&#8221;, degusta\u00e7\u00e3o e venda de deliciosas papinhas, al\u00e9m de showroom da <a href=\"https:\/\/www.facebook.com\/barioledesign\" target=\"_blank\">Bariol\u00e9 Design<\/a>\u00a0e venda do livro com aut\u00f3grafo da autora.<\/p>\n<p>&#8220;O livro conta a hist\u00f3ria de um menino chamado Tiago, que ganha um mochil\u00e3o de presente de anivers\u00e1rio. Inicialmente, Tiago brinca muito com seu novo companheiro de aventura e leva seus segredos e o que mais gosta dentro do seu mochil\u00e3o. At\u00e9 que um dia, Tiago come\u00e7a a achar coisas estranhas na sua mochila. Coisas que\u00a0pesam e que ele nunca viu. Parece at\u00e9 que o mundo est\u00e1 em suas costas. O que ser\u00e1?&#8221;.<\/p>\n<p>O evento acontece no Emp\u00f3rio da Papinha, Itanhang\u00e1, \u00e0s 10h. Inscri\u00e7\u00f5es antecipadas pelo email: <a href=\"mailto:emporiodapapinhario@gmail.com\" target=\"_blank\">emporiodapapinhario@gmail.com<\/a><\/p>\n<p>&nbsp;<\/p>\n<p><img fetchpriority=\"high\" decoding=\"async\" class=\"aligncenter wp-image-28308 size-full\" src=\"https:\/\/colinahomolog.com.br\/dev\/just-real-moms\/wp-content\/uploads\/2014\/11\/riokids-porai-emporiodapapinha2.png\" alt=\"riokids-porai-emporiodapapinha2\" width=\"520\" height=\"523\" srcset=\"https:\/\/colinahomolog.com.br\/dev\/just-real-moms\/wp-content\/uploads\/2014\/11\/riokids-porai-emporiodapapinha2.png 520w, https:\/\/colinahomolog.com.br\/dev\/just-real-moms\/wp-content\/uploads\/2014\/11\/riokids-porai-emporiodapapinha2-280x281.png 280w\" sizes=\"(max-width: 520px) 100vw, 520px\" \/><\/p>\n<p>&nbsp;<\/p>\n<p><strong>2. Natal no Rio Design Barra<\/strong><\/p>\n<p>O clima de Natal est\u00e1 invadindo a cidade. No pr\u00f3ximo s\u00e1bado, 08 de novembro \u00e9 a vez do Rio Design Barra receber o Papai Noel e inaugurar a decora\u00e7\u00e3o de Natal com muita alegria.<\/p>\n<p>Assinada pela decoradora Cecilia Dale, \u201cNatal Gelado na Su\u00ed\u00e7a\u201d, \u00e9 o tema deste ano, inspirando o cen\u00e1rio\u00a0da minicidade que estar\u00e1 montada na Pra\u00e7a Central do shopping. L\u00e1 o\u00a0visitante encontrar\u00e1 queijaria, chocolateria, relojoaria, empacotaria e loja de brinquedos, tudo no clima de Alpes Su\u00ed\u00e7os, com muita neve e frio.<\/p>\n<p>Outra atra\u00e7\u00e3o \u00e9\u00a0o\u00a0&#8220;Tren\u00f3 Encantado&#8221; (com capacidade para 12 pessoas \u2013 seis crian\u00e7as e seis adultos) e a &#8220;Esta\u00e7\u00e3o de Trem&#8221;, al\u00e9m da\u00a0tradicional \u00e1rvore de Natal da Pra\u00e7a, com 10 metros de altura. No local haver\u00e1, tamb\u00e9m, uma\u00a0loja exclusiva da Victorinox (marca de rel\u00f3gios su\u00ed\u00e7os) e uma loja oficial de fantasias da Disney.<\/p>\n<p>A chegada do Papai Noel come\u00e7a a partir das 17h\u00a0com a apresenta\u00e7\u00e3o do trio de m\u00fasica su\u00ed\u00e7a\u00a0Schwiizergruess, seguida por um\u00a0flashmob\u00a0surpresa, e terminando com a chegada do Bom Velhinho.<\/p>\n<p>&nbsp;<\/p>\n<p><img decoding=\"async\" class=\"aligncenter wp-image-28309 size-full\" src=\"https:\/\/colinahomolog.com.br\/dev\/just-real-moms\/wp-content\/uploads\/2014\/11\/riokids-shopping-riodesignbarra.jpg\" alt=\"riokids-shopping-riodesignbarra\" width=\"500\" height=\"358\" srcset=\"https:\/\/colinahomolog.com.br\/dev\/just-real-moms\/wp-content\/uploads\/2014\/11\/riokids-shopping-riodesignbarra.jpg 500w, https:\/\/colinahomolog.com.br\/dev\/just-real-moms\/wp-content\/uploads\/2014\/11\/riokids-shopping-riodesignbarra-280x200.jpg 280w\" sizes=\"(max-width: 500px) 100vw, 500px\" \/><\/p>\n<p>&nbsp;<\/p>\n<p><strong>3. Peixonauta: O caso do piquenique<\/strong><\/p>\n<p>Peixonauta \u00e9 um peixe dentro de um traje similar ao de um astronauta, que o permite voar e respirar fora d\u2019\u00e1gua. Ele \u00e9 detetive profissional que junto a seus amigos (Marina e Zico) desvendam os mist\u00e9rios usando a POP, uma bola m\u00e1gica e colorida que sempre envia pistas para os protagonistas resolverem algum problema, e quando eles conseguem, envia uma recompensa.<\/p>\n<p>Em cartaz no Teatro Vanucci, Shopping da G\u00e1vea, s\u00e1bados \u00e0s 13h30.<\/p>\n<p>&nbsp;<\/p>\n<p><img decoding=\"async\" class=\"aligncenter wp-image-28311 size-large\" src=\"https:\/\/colinahomolog.com.br\/dev\/just-real-moms\/wp-content\/uploads\/2014\/11\/riokids-teatro-peixonauta-590x442.jpg\" alt=\"riokids-teatro-peixonauta\" width=\"590\" height=\"442\" \/><\/p>\n<p>&nbsp;<\/p>\n<p><strong>4. Girass\u00f3is<\/strong><\/p>\n<p>Espet\u00e1culo de dan\u00e7a contempor\u00e2nea que leva a marca da Companhia Druw, Girass\u00f3is dialoga com as obras de Van Gogh, na tentativa de reproduzir, no palco, as pinceladas inconfund\u00edveis do pintor holand\u00eas. \u00c0 frente de cen\u00e1rio repleto de cores, personagens de suas telas famosas ganham vida por meio de uma dan\u00e7a fren\u00e9tica e bem marcada. Serviram de inspira\u00e7\u00e3o quadros como Camponeses, Comedores de Batata, Semeadores e, claro, Girass\u00f3is.<\/p>\n<p>Em cartaz no Teatro de Arene, Centro, de quinta a domingo, \u00e0s 16h.<\/p>\n<p>&nbsp;<\/p>\n<p><img loading=\"lazy\" decoding=\"async\" class=\"aligncenter wp-image-28310 size-large\" src=\"https:\/\/colinahomolog.com.br\/dev\/just-real-moms\/wp-content\/uploads\/2014\/11\/riokids-teatro-girassois-1-590x374.jpeg\" alt=\"riokids-teatro-girassois (1)\" width=\"590\" height=\"374\" srcset=\"https:\/\/colinahomolog.com.br\/dev\/just-real-moms\/wp-content\/uploads\/2014\/11\/riokids-teatro-girassois-1-590x374.jpeg 590w, https:\/\/colinahomolog.com.br\/dev\/just-real-moms\/wp-content\/uploads\/2014\/11\/riokids-teatro-girassois-1-280x177.jpeg 280w, https:\/\/colinahomolog.com.br\/dev\/just-real-moms\/wp-content\/uploads\/2014\/11\/riokids-teatro-girassois-1.jpeg 620w\" sizes=\"(max-width: 590px) 100vw, 590px\" \/><\/p>\n<p>&nbsp;<\/p>\n<p><strong>5.\u00a0Febril na lona de Circo Crescer e Viver<\/strong><\/p>\n<p>O Circo Crescer e Viver apresenta em sua lona, instalada no centro da cidade, o espet\u00e1culo \u201cFebril\u201d, livremente inspirado na obra de Gabriel Garc\u00eda M\u00e1rquez.<\/p>\n<p>Al\u00e9m de diversas t\u00e9cnicas circenses, como acrobacias, a\u00e9reos, portagem, diabol\u00f4s e malabares, a s\u00e9tima produ\u00e7\u00e3o do Circo Crescer e Viver re\u00fane ainda linguagens como a dan\u00e7a e o teatro, que se harmonizam na constru\u00e7\u00e3o das cenas, que contam ainda com m\u00fasica ao vivo interpretada pelos pr\u00f3prios artistas. \u201cFebril\u201d conta a hist\u00f3ria de uma fam\u00edlia que tem sua vida modificada pela chegada de uma trupe de ciganos no lugarejo em que vivem. A organiza\u00e7\u00e3o hier\u00e1rquica, social e afetiva se parte e toda a ordem social \u00e9 alterada. Os conflitos familiares v\u00eam \u00e0 tona violentamente, at\u00e9 que a cidade explode em uma guerra devastadora. Ao final do conflito, o lugarejo \u00e9 invadido por pestes e seus habitantes passam a conviver com os mortos.<\/p>\n<p>Ao final da apresenta\u00e7\u00e3o o p\u00fablico ser\u00e1 convidado a contribuir com a quantia que puder ou quiser. \u201cQuanto vale o show?\u201d \u2013 Esta ser\u00e1 a pergunta feita aos espectadores, cuja contribui\u00e7\u00e3o ser\u00e1 revertida integralmente aos projetos sociais e de forma\u00e7\u00e3o art\u00edstica do Circo Crescer e Viver.<\/p>\n<p>\u201cFebril\u201d fica em cartaz de quinta a domingo, at\u00e9 23 de novembro, com entrada gratuita.<\/p>\n<p>&nbsp;<\/p>\n<p><img loading=\"lazy\" decoding=\"async\" class=\"aligncenter wp-image-28307 \" src=\"https:\/\/colinahomolog.com.br\/dev\/just-real-moms\/wp-content\/uploads\/2014\/11\/riokids-circo-febril-200x300.jpg\" alt=\"riokids-circo-febril-200x300\" width=\"251\" height=\"377\" \/><\/p>\n<p>&nbsp;<\/p>\n<p>Para conferirem mais dicas de passeios super divertidos, acessem o <strong><a href=\"http:\/\/riokids.com.br\/sem-categoria\/programacao-da-semana-8-e-9-de-novembro14\/\">Rio Kids<\/a><\/strong>!<\/p>\n<p>&nbsp;<\/p>\n\n    <div class=\"xs_social_share_widget xs_share_url after_content \t\tmain_content  wslu-style-1 wslu-share-box-shaped wslu-fill-colored wslu-none wslu-share-horizontal wslu-theme-font-no wslu-main_content\">\n\n\t\t\n        <ul>\n\t\t\t        <\/ul>\n    <\/div> \n","protected":false},"excerpt":{"rendered":"<p>Favorite&nbsp; Ol\u00e1, moms! Querem fazer um passeio bacana com os pequenos neste fim de semana? Olhem que legal a programa\u00e7\u00e3o infantil para quem estar\u00e1 no Rio de Janeiro! Nosso colaborador Rio Kids selecionou os melhores passeios. Divirtam-se! &nbsp; &nbsp; 1. Conta\u00e7\u00e3o de Hist\u00f3ria no Emp\u00f3rio da Papinha S\u00e1bado, dia 08 de novembro, vai acontecer um [&hellip;]<\/p>\n","protected":false},"author":1014,"featured_media":28311,"comment_status":"open","ping_status":"closed","sticky":false,"template":"","format":"standard","meta":{"_acf_changed":false,"footnotes":""},"categories":[33],"tags":[],"class_list":{"0":"post-28306","1":"post","2":"type-post","3":"status-publish","4":"format-standard","5":"has-post-thumbnail","7":"category-have-fun"},"acf":[],"yoast_head":"<!-- This site is optimized with the Yoast SEO Premium plugin v26.6 (Yoast SEO v26.6) - https:\/\/yoast.com\/wordpress\/plugins\/seo\/ -->\n<title>A melhor programa\u00e7\u00e3o infantil para quem vai ficar no Rio de Janeiro neste fim de semana - por Rio Kids<\/title>\n<meta name=\"robots\" content=\"index, follow, max-snippet:-1, max-image-preview:large, max-video-preview:-1\" \/>\n<link rel=\"canonical\" href=\"https:\/\/colinahomolog.com.br\/dev\/just-real-moms\/melhor-programacao-infantil-para-quem-vai-ficar-rio-de-janeiro-neste-fim-de-semana-por-rio-kids1\/\" \/>\n<meta property=\"og:locale\" content=\"pt_BR\" \/>\n<meta property=\"og:type\" content=\"article\" \/>\n<meta property=\"og:title\" content=\"A melhor programa\u00e7\u00e3o infantil para quem vai ficar no Rio de Janeiro neste fim de semana - por Rio Kids\" \/>\n<meta property=\"og:description\" content=\"Favorite&nbsp; Ol\u00e1, moms! Querem fazer um passeio bacana com os pequenos neste fim de semana? Olhem que legal a programa\u00e7\u00e3o infantil para quem estar\u00e1 no Rio de Janeiro! Nosso colaborador Rio Kids selecionou os melhores passeios. Divirtam-se! &nbsp; &nbsp; 1. Conta\u00e7\u00e3o de Hist\u00f3ria no Emp\u00f3rio da Papinha S\u00e1bado, dia 08 de novembro, vai acontecer um [&hellip;]\" \/>\n<meta property=\"og:url\" content=\"https:\/\/colinahomolog.com.br\/dev\/just-real-moms\/melhor-programacao-infantil-para-quem-vai-ficar-rio-de-janeiro-neste-fim-de-semana-por-rio-kids1\/\" \/>\n<meta property=\"og:site_name\" content=\"Just Real Moms - Blog para M\u00e3es\" \/>\n<meta property=\"article:publisher\" content=\"https:\/\/www.facebook.com\/JustRealMoms\" \/>\n<meta property=\"article:published_time\" content=\"2014-11-07T10:32:24+00:00\" \/>\n<meta property=\"article:modified_time\" content=\"2016-05-05T22:06:39+00:00\" \/>\n<meta property=\"og:image\" content=\"https:\/\/colinahomolog.com.br\/dev\/just-real-moms\/wp-content\/uploads\/2014\/11\/riokids-teatro-peixonauta.jpg\" \/>\n\t<meta property=\"og:image:width\" content=\"1\" \/>\n\t<meta property=\"og:image:height\" content=\"1\" \/>\n\t<meta property=\"og:image:type\" content=\"image\/jpeg\" \/>\n<meta name=\"author\" content=\"Joyce &amp; Daniele\" \/>\n<meta name=\"twitter:label1\" content=\"Escrito por\" \/>\n\t<meta name=\"twitter:data1\" content=\"Joyce &amp; Daniele\" \/>\n\t<meta name=\"twitter:label2\" content=\"Est. tempo de leitura\" \/>\n\t<meta name=\"twitter:data2\" content=\"4 minutos\" \/>\n<script type=\"application\/ld+json\" class=\"yoast-schema-graph\">{\"@context\":\"https:\/\/schema.org\",\"@graph\":[{\"@type\":\"WebPage\",\"@id\":\"https:\/\/colinahomolog.com.br\/dev\/just-real-moms\/melhor-programacao-infantil-para-quem-vai-ficar-rio-de-janeiro-neste-fim-de-semana-por-rio-kids1\/\",\"url\":\"https:\/\/colinahomolog.com.br\/dev\/just-real-moms\/melhor-programacao-infantil-para-quem-vai-ficar-rio-de-janeiro-neste-fim-de-semana-por-rio-kids1\/\",\"name\":\"A melhor programa\u00e7\u00e3o infantil para quem vai ficar no Rio de Janeiro neste fim de semana - por Rio Kids\",\"isPartOf\":{\"@id\":\"https:\/\/colinahomolog.com.br\/dev\/just-real-moms\/#website\"},\"primaryImageOfPage\":{\"@id\":\"https:\/\/colinahomolog.com.br\/dev\/just-real-moms\/melhor-programacao-infantil-para-quem-vai-ficar-rio-de-janeiro-neste-fim-de-semana-por-rio-kids1\/#primaryimage\"},\"image\":{\"@id\":\"https:\/\/colinahomolog.com.br\/dev\/just-real-moms\/melhor-programacao-infantil-para-quem-vai-ficar-rio-de-janeiro-neste-fim-de-semana-por-rio-kids1\/#primaryimage\"},\"thumbnailUrl\":\"https:\/\/colinahomolog.com.br\/dev\/just-real-moms\/wp-content\/uploads\/2014\/11\/riokids-teatro-peixonauta.jpg\",\"datePublished\":\"2014-11-07T10:32:24+00:00\",\"dateModified\":\"2016-05-05T22:06:39+00:00\",\"author\":{\"@id\":\"https:\/\/colinahomolog.com.br\/dev\/just-real-moms\/#\/schema\/person\/12eef6b29ccae4a2af1291ef6d2e0ca5\"},\"breadcrumb\":{\"@id\":\"https:\/\/colinahomolog.com.br\/dev\/just-real-moms\/melhor-programacao-infantil-para-quem-vai-ficar-rio-de-janeiro-neste-fim-de-semana-por-rio-kids1\/#breadcrumb\"},\"inLanguage\":\"pt-BR\",\"potentialAction\":[{\"@type\":\"ReadAction\",\"target\":[\"https:\/\/colinahomolog.com.br\/dev\/just-real-moms\/melhor-programacao-infantil-para-quem-vai-ficar-rio-de-janeiro-neste-fim-de-semana-por-rio-kids1\/\"]}]},{\"@type\":\"ImageObject\",\"inLanguage\":\"pt-BR\",\"@id\":\"https:\/\/colinahomolog.com.br\/dev\/just-real-moms\/melhor-programacao-infantil-para-quem-vai-ficar-rio-de-janeiro-neste-fim-de-semana-por-rio-kids1\/#primaryimage\",\"url\":\"https:\/\/colinahomolog.com.br\/dev\/just-real-moms\/wp-content\/uploads\/2014\/11\/riokids-teatro-peixonauta.jpg\",\"contentUrl\":\"https:\/\/colinahomolog.com.br\/dev\/just-real-moms\/wp-content\/uploads\/2014\/11\/riokids-teatro-peixonauta.jpg\"},{\"@type\":\"BreadcrumbList\",\"@id\":\"https:\/\/colinahomolog.com.br\/dev\/just-real-moms\/melhor-programacao-infantil-para-quem-vai-ficar-rio-de-janeiro-neste-fim-de-semana-por-rio-kids1\/#breadcrumb\",\"itemListElement\":[{\"@type\":\"ListItem\",\"position\":1,\"name\":\"In\u00edcio\",\"item\":\"https:\/\/colinahomolog.com.br\/dev\/just-real-moms\/\"},{\"@type\":\"ListItem\",\"position\":2,\"name\":\"A melhor programa\u00e7\u00e3o infantil para quem vai ficar no Rio de Janeiro neste fim de semana &#8211; por Rio Kids\"}]},{\"@type\":\"WebSite\",\"@id\":\"https:\/\/colinahomolog.com.br\/dev\/just-real-moms\/#website\",\"url\":\"https:\/\/colinahomolog.com.br\/dev\/just-real-moms\/\",\"name\":\"Just Real Moms - Blog para M\u00e3es\",\"description\":\"O melhor e mais completo portal para m\u00e3es, pais e futuros pais!\",\"potentialAction\":[{\"@type\":\"SearchAction\",\"target\":{\"@type\":\"EntryPoint\",\"urlTemplate\":\"https:\/\/colinahomolog.com.br\/dev\/just-real-moms\/?s={search_term_string}\"},\"query-input\":{\"@type\":\"PropertyValueSpecification\",\"valueRequired\":true,\"valueName\":\"search_term_string\"}}],\"inLanguage\":\"pt-BR\"},{\"@type\":\"Person\",\"@id\":\"https:\/\/colinahomolog.com.br\/dev\/just-real-moms\/#\/schema\/person\/12eef6b29ccae4a2af1291ef6d2e0ca5\",\"name\":\"Joyce &amp; Daniele\",\"description\":\"Programa\u00e7\u00e3o infantil do Rio de Janeiro por RioKids\",\"url\":\"https:\/\/colinahomolog.com.br\/dev\/just-real-moms\/author\/joycedanielle\/\"}]}<\/script>\n<!-- \/ Yoast SEO Premium plugin. -->","yoast_head_json":{"title":"A melhor programa\u00e7\u00e3o infantil para quem vai ficar no Rio de Janeiro neste fim de semana - por Rio Kids","robots":{"index":"index","follow":"follow","max-snippet":"max-snippet:-1","max-image-preview":"max-image-preview:large","max-video-preview":"max-video-preview:-1"},"canonical":"https:\/\/colinahomolog.com.br\/dev\/just-real-moms\/melhor-programacao-infantil-para-quem-vai-ficar-rio-de-janeiro-neste-fim-de-semana-por-rio-kids1\/","og_locale":"pt_BR","og_type":"article","og_title":"A melhor programa\u00e7\u00e3o infantil para quem vai ficar no Rio de Janeiro neste fim de semana - por Rio Kids","og_description":"Favorite&nbsp; Ol\u00e1, moms! Querem fazer um passeio bacana com os pequenos neste fim de semana? Olhem que legal a programa\u00e7\u00e3o infantil para quem estar\u00e1 no Rio de Janeiro! Nosso colaborador Rio Kids selecionou os melhores passeios. Divirtam-se! &nbsp; &nbsp; 1. Conta\u00e7\u00e3o de Hist\u00f3ria no Emp\u00f3rio da Papinha S\u00e1bado, dia 08 de novembro, vai acontecer um [&hellip;]","og_url":"https:\/\/colinahomolog.com.br\/dev\/just-real-moms\/melhor-programacao-infantil-para-quem-vai-ficar-rio-de-janeiro-neste-fim-de-semana-por-rio-kids1\/","og_site_name":"Just Real Moms - Blog para M\u00e3es","article_publisher":"https:\/\/www.facebook.com\/JustRealMoms","article_published_time":"2014-11-07T10:32:24+00:00","article_modified_time":"2016-05-05T22:06:39+00:00","og_image":[{"url":"https:\/\/colinahomolog.com.br\/dev\/just-real-moms\/wp-content\/uploads\/2014\/11\/riokids-teatro-peixonauta.jpg","width":1,"height":1,"type":"image\/jpeg"}],"author":"Joyce &amp; Daniele","twitter_misc":{"Escrito por":"Joyce &amp; Daniele","Est. tempo de leitura":"4 minutos"},"schema":{"@context":"https:\/\/schema.org","@graph":[{"@type":"WebPage","@id":"https:\/\/colinahomolog.com.br\/dev\/just-real-moms\/melhor-programacao-infantil-para-quem-vai-ficar-rio-de-janeiro-neste-fim-de-semana-por-rio-kids1\/","url":"https:\/\/colinahomolog.com.br\/dev\/just-real-moms\/melhor-programacao-infantil-para-quem-vai-ficar-rio-de-janeiro-neste-fim-de-semana-por-rio-kids1\/","name":"A melhor programa\u00e7\u00e3o infantil para quem vai ficar no Rio de Janeiro neste fim de semana - por Rio Kids","isPartOf":{"@id":"https:\/\/colinahomolog.com.br\/dev\/just-real-moms\/#website"},"primaryImageOfPage":{"@id":"https:\/\/colinahomolog.com.br\/dev\/just-real-moms\/melhor-programacao-infantil-para-quem-vai-ficar-rio-de-janeiro-neste-fim-de-semana-por-rio-kids1\/#primaryimage"},"image":{"@id":"https:\/\/colinahomolog.com.br\/dev\/just-real-moms\/melhor-programacao-infantil-para-quem-vai-ficar-rio-de-janeiro-neste-fim-de-semana-por-rio-kids1\/#primaryimage"},"thumbnailUrl":"https:\/\/colinahomolog.com.br\/dev\/just-real-moms\/wp-content\/uploads\/2014\/11\/riokids-teatro-peixonauta.jpg","datePublished":"2014-11-07T10:32:24+00:00","dateModified":"2016-05-05T22:06:39+00:00","author":{"@id":"https:\/\/colinahomolog.com.br\/dev\/just-real-moms\/#\/schema\/person\/12eef6b29ccae4a2af1291ef6d2e0ca5"},"breadcrumb":{"@id":"https:\/\/colinahomolog.com.br\/dev\/just-real-moms\/melhor-programacao-infantil-para-quem-vai-ficar-rio-de-janeiro-neste-fim-de-semana-por-rio-kids1\/#breadcrumb"},"inLanguage":"pt-BR","potentialAction":[{"@type":"ReadAction","target":["https:\/\/colinahomolog.com.br\/dev\/just-real-moms\/melhor-programacao-infantil-para-quem-vai-ficar-rio-de-janeiro-neste-fim-de-semana-por-rio-kids1\/"]}]},{"@type":"ImageObject","inLanguage":"pt-BR","@id":"https:\/\/colinahomolog.com.br\/dev\/just-real-moms\/melhor-programacao-infantil-para-quem-vai-ficar-rio-de-janeiro-neste-fim-de-semana-por-rio-kids1\/#primaryimage","url":"https:\/\/colinahomolog.com.br\/dev\/just-real-moms\/wp-content\/uploads\/2014\/11\/riokids-teatro-peixonauta.jpg","contentUrl":"https:\/\/colinahomolog.com.br\/dev\/just-real-moms\/wp-content\/uploads\/2014\/11\/riokids-teatro-peixonauta.jpg"},{"@type":"BreadcrumbList","@id":"https:\/\/colinahomolog.com.br\/dev\/just-real-moms\/melhor-programacao-infantil-para-quem-vai-ficar-rio-de-janeiro-neste-fim-de-semana-por-rio-kids1\/#breadcrumb","itemListElement":[{"@type":"ListItem","position":1,"name":"In\u00edcio","item":"https:\/\/colinahomolog.com.br\/dev\/just-real-moms\/"},{"@type":"ListItem","position":2,"name":"A melhor programa\u00e7\u00e3o infantil para quem vai ficar no Rio de Janeiro neste fim de semana &#8211; por Rio Kids"}]},{"@type":"WebSite","@id":"https:\/\/colinahomolog.com.br\/dev\/just-real-moms\/#website","url":"https:\/\/colinahomolog.com.br\/dev\/just-real-moms\/","name":"Just Real Moms - Blog para M\u00e3es","description":"O melhor e mais completo portal para m\u00e3es, pais e futuros pais!","potentialAction":[{"@type":"SearchAction","target":{"@type":"EntryPoint","urlTemplate":"https:\/\/colinahomolog.com.br\/dev\/just-real-moms\/?s={search_term_string}"},"query-input":{"@type":"PropertyValueSpecification","valueRequired":true,"valueName":"search_term_string"}}],"inLanguage":"pt-BR"},{"@type":"Person","@id":"https:\/\/colinahomolog.com.br\/dev\/just-real-moms\/#\/schema\/person\/12eef6b29ccae4a2af1291ef6d2e0ca5","name":"Joyce &amp; Daniele","description":"Programa\u00e7\u00e3o infantil do Rio de Janeiro por RioKids","url":"https:\/\/colinahomolog.com.br\/dev\/just-real-moms\/author\/joycedanielle\/"}]}},"_links":{"self":[{"href":"https:\/\/colinahomolog.com.br\/dev\/just-real-moms\/wp-json\/wp\/v2\/posts\/28306","targetHints":{"allow":["GET"]}}],"collection":[{"href":"https:\/\/colinahomolog.com.br\/dev\/just-real-moms\/wp-json\/wp\/v2\/posts"}],"about":[{"href":"https:\/\/colinahomolog.com.br\/dev\/just-real-moms\/wp-json\/wp\/v2\/types\/post"}],"author":[{"embeddable":true,"href":"https:\/\/colinahomolog.com.br\/dev\/just-real-moms\/wp-json\/wp\/v2\/users\/1014"}],"replies":[{"embeddable":true,"href":"https:\/\/colinahomolog.com.br\/dev\/just-real-moms\/wp-json\/wp\/v2\/comments?post=28306"}],"version-history":[{"count":0,"href":"https:\/\/colinahomolog.com.br\/dev\/just-real-moms\/wp-json\/wp\/v2\/posts\/28306\/revisions"}],"wp:featuredmedia":[{"embeddable":true,"href":"https:\/\/colinahomolog.com.br\/dev\/just-real-moms\/wp-json\/wp\/v2\/media\/28311"}],"wp:attachment":[{"href":"https:\/\/colinahomolog.com.br\/dev\/just-real-moms\/wp-json\/wp\/v2\/media?parent=28306"}],"wp:term":[{"taxonomy":"category","embeddable":true,"href":"https:\/\/colinahomolog.com.br\/dev\/just-real-moms\/wp-json\/wp\/v2\/categories?post=28306"},{"taxonomy":"post_tag","embeddable":true,"href":"https:\/\/colinahomolog.com.br\/dev\/just-real-moms\/wp-json\/wp\/v2\/tags?post=28306"}],"curies":[{"name":"wp","href":"https:\/\/api.w.org\/{rel}","templated":true}]}}