{"id":28830,"date":"2014-12-02T08:30:14","date_gmt":"2014-12-02T10:30:14","guid":{"rendered":"https:\/\/colinahomolog.com.br\/dev\/just-real-moms\/?p=28830"},"modified":"2016-05-05T19:06:39","modified_gmt":"2016-05-05T22:06:39","slug":"paula-carvalho-da-dicas1","status":"publish","type":"post","link":"https:\/\/colinahomolog.com.br\/dev\/just-real-moms\/paula-carvalho-da-dicas1\/","title":{"rendered":"Paula Carvalho d\u00e1 as dicas!"},"content":{"rendered":"<button class=\"simplefavorite-button preset\" data-postid=\"28830\" data-siteid=\"1\" data-groupid=\"1\" data-favoritecount=\"0\" style=\"box-shadow:none;-webkit-box-shadow:none;-moz-box-shadow:none;background-color:#68ccb4;border-color:#68ccb4;color:#ffffff;\"><i class=\"sf-icon-favorite\" style=\"\"><\/i>Favorite<\/button><p>&nbsp;<\/p>\n<p>Ol\u00e1, moms!<\/p>\n<p>Hoje a querida <strong>Paula Carvalho<\/strong> \u00e9 quem d\u00e1 as dicas! A Paulinha j\u00e1 nos deu uma entrevista (confiram <a href=\"https:\/\/colinahomolog.com.br\/dev\/just-real-moms\/paula-carvalho-da-as-dicas\/\" target=\"_blank\">aqui<\/a>) quando tinha apenas o Jo\u00e3o, que hoje est\u00e1 com 3 anos. H\u00e1 1 ano e 6 meses chegou\u00a0o Ant\u00f4nio, e agora, ela fala\u00a0como \u00e9 ser m\u00e3e de dois filhos e as mudan\u00e7as que a chegada do segundo beb\u00ea causa! A Paulinha est\u00e1 envolvida em um projeto que \u00e9 demais\u00a0 na <strong>R\u00e1dio Jovem Pan<\/strong>, o programa <a href=\"http:\/\/www.jpfm.com.br\/morningshow\" target=\"_blank\">Morning Show<\/a>, quem nunca ouviu ou assistiu, vale MUITO a pena! L\u00e1, eles falam de tudo um pouco com muito bom humor e com uma vis\u00e3o &#8220;jovem&#8221; de tudo que acontece no mundo! Al\u00e9m disso, escreve o <a href=\"http:\/\/blog.jovempan.uol.com.br\/planeta\/category\/planeta-baby\/\" target=\"_blank\">Blog do Planeta Baby<\/a>, que \u00e9 super descolado e interessante!<\/p>\n<p>Confiram as dicas que ela tem para nos contar sendo agora, m\u00e3e de dois!<\/p>\n<p>&nbsp;<\/p>\n<p><img fetchpriority=\"high\" decoding=\"async\" class=\"aligncenter wp-image-28833\" src=\"https:\/\/colinahomolog.com.br\/dev\/just-real-moms\/wp-content\/uploads\/2014\/12\/fotofamilia.jpg\" alt=\"fotofamilia\" width=\"500\" height=\"332\" srcset=\"https:\/\/colinahomolog.com.br\/dev\/just-real-moms\/wp-content\/uploads\/2014\/12\/fotofamilia.jpg 700w, https:\/\/colinahomolog.com.br\/dev\/just-real-moms\/wp-content\/uploads\/2014\/12\/fotofamilia-280x186.jpg 280w, https:\/\/colinahomolog.com.br\/dev\/just-real-moms\/wp-content\/uploads\/2014\/12\/fotofamilia-590x391.jpg 590w\" sizes=\"(max-width: 500px) 100vw, 500px\" \/><\/p>\n<p>&nbsp;<\/p>\n<p>\u2026\u2026\u2026\u2026\u2026\u2026\u2026\u2026\u2026\u2026\u2026\u2026\u2026\u2026\u2026\u2026\u2026\u2026\u2026\u2026\u2026\u2026\u2026\u2026\u2026\u2026\u2026\u2026\u2026\u2026\u2026\u2026\u2026\u2026\u2026\u2026\u2026\u2026\u2026\u2026\u2026\u2026\u2026\u2026\u2026\u2026\u2026\u2026\u2026\u2026\u2026\u2026\u2026\u2026\u2026.<\/p>\n<p>&nbsp;<\/p>\n<p><img decoding=\"async\" class=\"aligncenter wp-image-28493\" src=\"https:\/\/colinahomolog.com.br\/dev\/just-real-moms\/wp-content\/uploads\/2014\/11\/temas1.jpg\" alt=\"temas1\" width=\"265\" height=\"247\" srcset=\"https:\/\/colinahomolog.com.br\/dev\/just-real-moms\/wp-content\/uploads\/2014\/11\/temas1.jpg 298w, https:\/\/colinahomolog.com.br\/dev\/just-real-moms\/wp-content\/uploads\/2014\/11\/temas1-280x261.jpg 280w\" sizes=\"(max-width: 265px) 100vw, 265px\" \/><\/p>\n<p>&nbsp;<\/p>\n<p>Um produto que usamos e foi bem legal foi um <strong>carrinho para dois<\/strong>. O Jo\u00e3o tinha 1 ano e 10 meses quando o Ant\u00f4nio nasceu, ent\u00e3o usamos muito com os dois deitadinhos, ou para passear at\u00e9 o parque. Ainda hoje usamos bastante. O carinho que escolhemos \u00e9 da<em> phil&amp;teds<\/em>.<\/p>\n<p>&nbsp;<\/p>\n<p><img decoding=\"async\" class=\"aligncenter wp-image-28832 size-large\" src=\"https:\/\/colinahomolog.com.br\/dev\/just-real-moms\/wp-content\/uploads\/2014\/12\/FullSizeRender-21-590x586.jpg\" alt=\"FullSizeRender (21)\" width=\"590\" height=\"586\" srcset=\"https:\/\/colinahomolog.com.br\/dev\/just-real-moms\/wp-content\/uploads\/2014\/12\/FullSizeRender-21-590x586.jpg 590w, https:\/\/colinahomolog.com.br\/dev\/just-real-moms\/wp-content\/uploads\/2014\/12\/FullSizeRender-21-280x278.jpg 280w, https:\/\/colinahomolog.com.br\/dev\/just-real-moms\/wp-content\/uploads\/2014\/12\/FullSizeRender-21.jpg 636w\" sizes=\"(max-width: 590px) 100vw, 590px\" \/><\/p>\n<p>&nbsp;<\/p>\n<p>Usamos o mesmo ber\u00e7o para o Ant\u00f4nio, por isso tirei o Jo\u00e3o do bercinho para a cama antes do que imaginava. Comprei uma mini cama, o que me pareceu legal. Depois percebi ser meio errado&#8230; \u00c9 bem na idade em que voc\u00ea deita um pouquinho para contar hist\u00f3rias antes de dormir e eu at\u00e9 hoje desmaio toda torta na mini cama&#8230; Kkkkkkk! <strong>Se eu pudesse voltar no tempo, teria comprado uma cama de solteiro mesmo.<\/strong><\/p>\n<p>Para me ajudar com o meu primeiro filho tive uma enfermeira, o que foi muito bom para tirar a ansiedade e aprender sobre o comportamento dos pequenos. J\u00e1 com o segundo filho achei que podia encarar sozinha. E foi \u00f3timo!<\/p>\n<p>Fiz <strong>fotos deles rec\u00e9m-nascidos<\/strong>&#8230; Vejo at\u00e9 hoje e acho muito legal. A Carla D&#8217;aqui quem fez.<\/p>\n<p>&nbsp;<\/p>\n<p><img loading=\"lazy\" decoding=\"async\" class=\"aligncenter wp-image-28831\" src=\"https:\/\/colinahomolog.com.br\/dev\/just-real-moms\/wp-content\/uploads\/2014\/12\/FullSizeRender-22-590x578.jpg\" alt=\"FullSizeRender (22)\" width=\"500\" height=\"491\" srcset=\"https:\/\/colinahomolog.com.br\/dev\/just-real-moms\/wp-content\/uploads\/2014\/12\/FullSizeRender-22-590x578.jpg 590w, https:\/\/colinahomolog.com.br\/dev\/just-real-moms\/wp-content\/uploads\/2014\/12\/FullSizeRender-22-280x274.jpg 280w, https:\/\/colinahomolog.com.br\/dev\/just-real-moms\/wp-content\/uploads\/2014\/12\/FullSizeRender-22.jpg 638w\" sizes=\"(max-width: 500px) 100vw, 500px\" \/><\/p>\n<p><img loading=\"lazy\" decoding=\"async\" class=\"aligncenter wp-image-28853\" src=\"https:\/\/colinahomolog.com.br\/dev\/just-real-moms\/wp-content\/uploads\/2014\/12\/FullSizeRender-1-590x579.jpg\" alt=\"FullSizeRender (1)\" width=\"500\" height=\"491\" srcset=\"https:\/\/colinahomolog.com.br\/dev\/just-real-moms\/wp-content\/uploads\/2014\/12\/FullSizeRender-1-590x579.jpg 590w, https:\/\/colinahomolog.com.br\/dev\/just-real-moms\/wp-content\/uploads\/2014\/12\/FullSizeRender-1-280x275.jpg 280w, https:\/\/colinahomolog.com.br\/dev\/just-real-moms\/wp-content\/uploads\/2014\/12\/FullSizeRender-1.jpg 636w\" sizes=\"(max-width: 500px) 100vw, 500px\" \/><\/p>\n<p><img loading=\"lazy\" decoding=\"async\" class=\"aligncenter wp-image-28856\" src=\"https:\/\/colinahomolog.com.br\/dev\/just-real-moms\/wp-content\/uploads\/2014\/12\/FullSizeRender-590x580.jpg\" alt=\"FullSizeRender\" width=\"500\" height=\"492\" srcset=\"https:\/\/colinahomolog.com.br\/dev\/just-real-moms\/wp-content\/uploads\/2014\/12\/FullSizeRender-590x580.jpg 590w, https:\/\/colinahomolog.com.br\/dev\/just-real-moms\/wp-content\/uploads\/2014\/12\/FullSizeRender-280x275.jpg 280w, https:\/\/colinahomolog.com.br\/dev\/just-real-moms\/wp-content\/uploads\/2014\/12\/FullSizeRender.jpg 640w\" sizes=\"(max-width: 500px) 100vw, 500px\" \/><\/p>\n<p>&nbsp;<\/p>\n<p>\u2026\u2026\u2026\u2026\u2026\u2026\u2026\u2026\u2026\u2026\u2026\u2026\u2026\u2026\u2026\u2026\u2026\u2026\u2026\u2026\u2026\u2026\u2026\u2026\u2026\u2026\u2026\u2026\u2026\u2026\u2026\u2026\u2026\u2026\u2026\u2026\u2026\u2026\u2026\u2026\u2026\u2026\u2026\u2026\u2026\u2026\u2026\u2026\u2026\u2026\u2026\u2026\u2026\u2026\u2026.<\/p>\n<p>&nbsp;<\/p>\n<p><img loading=\"lazy\" decoding=\"async\" class=\"aligncenter wp-image-28494\" src=\"https:\/\/colinahomolog.com.br\/dev\/just-real-moms\/wp-content\/uploads\/2014\/11\/temas2.jpg\" alt=\"temas2\" width=\"265\" height=\"246\" srcset=\"https:\/\/colinahomolog.com.br\/dev\/just-real-moms\/wp-content\/uploads\/2014\/11\/temas2.jpg 299w, https:\/\/colinahomolog.com.br\/dev\/just-real-moms\/wp-content\/uploads\/2014\/11\/temas2-280x260.jpg 280w\" sizes=\"(max-width: 265px) 100vw, 265px\" \/><\/p>\n<p>&nbsp;<\/p>\n<p><strong>O conselho para uma m\u00e3e de dois filhos \u00e9 ter paci\u00eancia e muito amor para receber seu mais novo e explicar a nova situa\u00e7\u00e3o para o mais velho.<\/strong> Ser\u00e1 um exerc\u00edcio di\u00e1rio de paci\u00eancia para voc\u00ea e para o seu mais velho, que vai aprender a amar seu novo irm\u00e3ozinho aos poucos. O melhor \u00e9 voc\u00ea envolver o mais velho nos cuidados que voc\u00ea ter\u00e1 com o mais novo. Tenha paci\u00eancia, e n\u00e3o deixe de viver alguns momentos apenas com o mais velho, para que ele perceba que tamb\u00e9m tem seu espa\u00e7o.<\/p>\n<p>&nbsp;<\/p>\n<p><img loading=\"lazy\" decoding=\"async\" class=\"aligncenter wp-image-28854\" src=\"https:\/\/colinahomolog.com.br\/dev\/just-real-moms\/wp-content\/uploads\/2014\/12\/FullSizeRender-2.jpg\" alt=\"FullSizeRender (2)\" width=\"500\" height=\"500\" srcset=\"https:\/\/colinahomolog.com.br\/dev\/just-real-moms\/wp-content\/uploads\/2014\/12\/FullSizeRender-2.jpg 636w, https:\/\/colinahomolog.com.br\/dev\/just-real-moms\/wp-content\/uploads\/2014\/12\/FullSizeRender-2-280x280.jpg 280w, https:\/\/colinahomolog.com.br\/dev\/just-real-moms\/wp-content\/uploads\/2014\/12\/FullSizeRender-2-590x590.jpg 590w\" sizes=\"(max-width: 500px) 100vw, 500px\" \/><\/p>\n<p>&nbsp;<\/p>\n<p>\u2026\u2026\u2026\u2026\u2026\u2026\u2026\u2026\u2026\u2026\u2026\u2026\u2026\u2026\u2026\u2026\u2026\u2026\u2026\u2026\u2026\u2026\u2026\u2026\u2026\u2026\u2026\u2026\u2026\u2026\u2026\u2026\u2026\u2026\u2026\u2026\u2026\u2026\u2026\u2026\u2026\u2026\u2026\u2026\u2026\u2026\u2026\u2026\u2026\u2026\u2026\u2026\u2026\u2026\u2026.<\/p>\n<p>&nbsp;<\/p>\n<p><img loading=\"lazy\" decoding=\"async\" class=\"aligncenter wp-image-28495\" src=\"https:\/\/colinahomolog.com.br\/dev\/just-real-moms\/wp-content\/uploads\/2014\/11\/temas3.jpg\" alt=\"temas3\" width=\"265\" height=\"246\" srcset=\"https:\/\/colinahomolog.com.br\/dev\/just-real-moms\/wp-content\/uploads\/2014\/11\/temas3.jpg 299w, https:\/\/colinahomolog.com.br\/dev\/just-real-moms\/wp-content\/uploads\/2014\/11\/temas3-280x260.jpg 280w\" sizes=\"(max-width: 265px) 100vw, 265px\" \/><\/p>\n<p>&nbsp;<\/p>\n<p>Gosto de vesti-los com conforto. O Jo\u00e3o j\u00e1 tem suas prefer\u00eancias por personagens e cores. J\u00e1 o Ant\u00f4nio tem herdado muita coisa&#8230; <strong>Repasso todas as roupas sem medo de ser feliz.<\/strong> Eles t\u00eam um primo mais velho que tamb\u00e9m ajuda a incrementar o arm\u00e1rio.<\/p>\n<p>Compro tudo quanto \u00e9 roupa pela web e pe\u00e7o pra trazerem de fora&#8230; Aqui no Brasil a loja que sintetiza o que imagino de roupa infantil \u00e9 a <a href=\"http:\/\/www.gouachelab.com.br\/\" target=\"_blank\"><strong>Gouache<\/strong><\/a>, da Claudinha Imperial.<\/p>\n<p>&nbsp;<\/p>\n<p><img loading=\"lazy\" decoding=\"async\" class=\"aligncenter wp-image-28834\" src=\"https:\/\/colinahomolog.com.br\/dev\/just-real-moms\/wp-content\/uploads\/2014\/12\/FullSizeRender-5.jpg\" alt=\"FullSizeRender (5)\" width=\"500\" height=\"485\" srcset=\"https:\/\/colinahomolog.com.br\/dev\/just-real-moms\/wp-content\/uploads\/2014\/12\/FullSizeRender-5.jpg 640w, https:\/\/colinahomolog.com.br\/dev\/just-real-moms\/wp-content\/uploads\/2014\/12\/FullSizeRender-5-280x271.jpg 280w, https:\/\/colinahomolog.com.br\/dev\/just-real-moms\/wp-content\/uploads\/2014\/12\/FullSizeRender-5-590x572.jpg 590w\" sizes=\"(max-width: 500px) 100vw, 500px\" \/><\/p>\n<p><img loading=\"lazy\" decoding=\"async\" class=\"aligncenter wp-image-28836\" src=\"https:\/\/colinahomolog.com.br\/dev\/just-real-moms\/wp-content\/uploads\/2014\/12\/FullSizeRender-7-590x579.jpg\" alt=\"FullSizeRender (7)\" width=\"500\" height=\"491\" srcset=\"https:\/\/colinahomolog.com.br\/dev\/just-real-moms\/wp-content\/uploads\/2014\/12\/FullSizeRender-7-590x579.jpg 590w, https:\/\/colinahomolog.com.br\/dev\/just-real-moms\/wp-content\/uploads\/2014\/12\/FullSizeRender-7-280x275.jpg 280w, https:\/\/colinahomolog.com.br\/dev\/just-real-moms\/wp-content\/uploads\/2014\/12\/FullSizeRender-7.jpg 640w\" sizes=\"(max-width: 500px) 100vw, 500px\" \/><\/p>\n<p><img loading=\"lazy\" decoding=\"async\" class=\"aligncenter wp-image-28845\" src=\"https:\/\/colinahomolog.com.br\/dev\/just-real-moms\/wp-content\/uploads\/2014\/12\/FullSizeRender-12-590x559.jpg\" alt=\"FullSizeRender (12)\" width=\"500\" height=\"474\" srcset=\"https:\/\/colinahomolog.com.br\/dev\/just-real-moms\/wp-content\/uploads\/2014\/12\/FullSizeRender-12-590x559.jpg 590w, https:\/\/colinahomolog.com.br\/dev\/just-real-moms\/wp-content\/uploads\/2014\/12\/FullSizeRender-12-280x265.jpg 280w, https:\/\/colinahomolog.com.br\/dev\/just-real-moms\/wp-content\/uploads\/2014\/12\/FullSizeRender-12.jpg 640w\" sizes=\"(max-width: 500px) 100vw, 500px\" \/><\/p>\n<p>&nbsp;<\/p>\n<p>\u2026\u2026\u2026\u2026\u2026\u2026\u2026\u2026\u2026\u2026\u2026\u2026\u2026\u2026\u2026\u2026\u2026\u2026\u2026\u2026\u2026\u2026\u2026\u2026\u2026\u2026\u2026\u2026\u2026\u2026\u2026\u2026\u2026\u2026\u2026\u2026\u2026\u2026\u2026\u2026\u2026\u2026\u2026\u2026\u2026\u2026\u2026\u2026\u2026\u2026\u2026\u2026\u2026\u2026\u2026.<\/p>\n<p>&nbsp;<\/p>\n<p><img loading=\"lazy\" decoding=\"async\" class=\"aligncenter wp-image-28496\" src=\"https:\/\/colinahomolog.com.br\/dev\/just-real-moms\/wp-content\/uploads\/2014\/11\/temas4.jpg\" alt=\"temas4\" width=\"265\" height=\"247\" srcset=\"https:\/\/colinahomolog.com.br\/dev\/just-real-moms\/wp-content\/uploads\/2014\/11\/temas4.jpg 298w, https:\/\/colinahomolog.com.br\/dev\/just-real-moms\/wp-content\/uploads\/2014\/11\/temas4-280x261.jpg 280w\" sizes=\"(max-width: 265px) 100vw, 265px\" \/><\/p>\n<p>&nbsp;<\/p>\n<p>Anivers\u00e1rios s\u00e3o sempre maravilhosos! Adoro envolver as crian\u00e7as com temas e coisas assim. O aniver de 2 anos do Jo\u00e3o foi muito especial! Fizemos uma mini festa no est\u00fadio da Carla D&#8217;aqui (a mesma que fez as fotos deles rec\u00e9m-nascidos) <strong>e chamamos o SOS Mata Atl\u00e2ntica, que levou bichos diversos e at\u00e9 uma cobra. O Jo\u00e3o pirou! <\/strong>Ele se lembra disso sempre e pede para voltar para esse anivers\u00e1rio.<\/p>\n<p>&nbsp;<\/p>\n<p><img loading=\"lazy\" decoding=\"async\" class=\"aligncenter wp-image-28839\" src=\"https:\/\/colinahomolog.com.br\/dev\/just-real-moms\/wp-content\/uploads\/2014\/12\/FullSizeRender-4-590x582.jpg\" alt=\"FullSizeRender (4)\" width=\"500\" height=\"494\" srcset=\"https:\/\/colinahomolog.com.br\/dev\/just-real-moms\/wp-content\/uploads\/2014\/12\/FullSizeRender-4-590x582.jpg 590w, https:\/\/colinahomolog.com.br\/dev\/just-real-moms\/wp-content\/uploads\/2014\/12\/FullSizeRender-4-280x276.jpg 280w, https:\/\/colinahomolog.com.br\/dev\/just-real-moms\/wp-content\/uploads\/2014\/12\/FullSizeRender-4.jpg 640w\" sizes=\"(max-width: 500px) 100vw, 500px\" \/><\/p>\n<p>&nbsp;<\/p>\n<p>O Ant\u00f4nio teve uma festa com tema &#8220;m\u00fasica&#8221;, aqui em casa mesmo. Amo fazer a decora\u00e7\u00e3o com elementos do pr\u00f3prio dia a dia da crian\u00e7a. O 3\u00ba anivers\u00e1rio do Jo\u00e3o foi uma festa cheia de dinossauros, tamb\u00e9m em casa. O<strong> Natal tamb\u00e9m \u00e9 super especial. Sempre rola montagem da \u00e1rvore na minha m\u00e3e.<\/strong> Eles se divertem muito!<\/p>\n<p>&nbsp;<\/p>\n<p><img loading=\"lazy\" decoding=\"async\" class=\"aligncenter wp-image-28840\" src=\"https:\/\/colinahomolog.com.br\/dev\/just-real-moms\/wp-content\/uploads\/2014\/12\/FullSizeRender-3-590x572.jpg\" alt=\"FullSizeRender (3)\" width=\"500\" height=\"485\" srcset=\"https:\/\/colinahomolog.com.br\/dev\/just-real-moms\/wp-content\/uploads\/2014\/12\/FullSizeRender-3-590x572.jpg 590w, https:\/\/colinahomolog.com.br\/dev\/just-real-moms\/wp-content\/uploads\/2014\/12\/FullSizeRender-3-280x271.jpg 280w, https:\/\/colinahomolog.com.br\/dev\/just-real-moms\/wp-content\/uploads\/2014\/12\/FullSizeRender-3.jpg 640w\" sizes=\"(max-width: 500px) 100vw, 500px\" \/><\/p>\n<p><img loading=\"lazy\" decoding=\"async\" class=\"aligncenter wp-image-28855\" src=\"https:\/\/colinahomolog.com.br\/dev\/just-real-moms\/wp-content\/uploads\/2014\/12\/FullSizeRender-20-590x579.jpg\" alt=\"FullSizeRender (20)\" width=\"500\" height=\"491\" srcset=\"https:\/\/colinahomolog.com.br\/dev\/just-real-moms\/wp-content\/uploads\/2014\/12\/FullSizeRender-20-590x579.jpg 590w, https:\/\/colinahomolog.com.br\/dev\/just-real-moms\/wp-content\/uploads\/2014\/12\/FullSizeRender-20-280x275.jpg 280w, https:\/\/colinahomolog.com.br\/dev\/just-real-moms\/wp-content\/uploads\/2014\/12\/FullSizeRender-20.jpg 640w\" sizes=\"(max-width: 500px) 100vw, 500px\" \/><\/p>\n<p>&nbsp;<\/p>\n<p>\u2026\u2026\u2026\u2026\u2026\u2026\u2026\u2026\u2026\u2026\u2026\u2026\u2026\u2026\u2026\u2026\u2026\u2026\u2026\u2026\u2026\u2026\u2026\u2026\u2026\u2026\u2026\u2026\u2026\u2026\u2026\u2026\u2026\u2026\u2026\u2026\u2026\u2026\u2026\u2026\u2026\u2026\u2026\u2026\u2026\u2026\u2026\u2026\u2026\u2026\u2026\u2026\u2026\u2026\u2026.<\/p>\n<p>&nbsp;<\/p>\n<p><img loading=\"lazy\" decoding=\"async\" class=\"aligncenter wp-image-28497\" src=\"https:\/\/colinahomolog.com.br\/dev\/just-real-moms\/wp-content\/uploads\/2014\/11\/temas5.jpg\" alt=\"temas5\" width=\"265\" height=\"246\" srcset=\"https:\/\/colinahomolog.com.br\/dev\/just-real-moms\/wp-content\/uploads\/2014\/11\/temas5.jpg 299w, https:\/\/colinahomolog.com.br\/dev\/just-real-moms\/wp-content\/uploads\/2014\/11\/temas5-280x260.jpg 280w\" sizes=\"(max-width: 265px) 100vw, 265px\" \/><\/p>\n<p>&nbsp;<\/p>\n<p>Quando o Ant\u00f4nio nasceu, meus filhos dormiram por um tempo em quartos separados. Mas logo que o Ant\u00f4nio passou a dormir a noite toda, coloquei os dois juntos, e fiz de um dos quartos uma sala de brinquedos. Eu adoro decor e fiz eu mesma os dois quartos. Vivo mudando as camas de lugar, colocando uma coisinha aqui e ali, mas via de regra eu <strong>gosto que eles tenham acesso aos brinquedos e que possam desenhar com giz pelas paredes&#8230; Kkkkkkk!!<\/strong><\/p>\n<p>&nbsp;<\/p>\n<p><img loading=\"lazy\" decoding=\"async\" class=\"aligncenter wp-image-28843\" src=\"https:\/\/colinahomolog.com.br\/dev\/just-real-moms\/wp-content\/uploads\/2014\/12\/FullSizeRender-111-590x575.jpg\" alt=\"FullSizeRender (11)\" width=\"500\" height=\"488\" srcset=\"https:\/\/colinahomolog.com.br\/dev\/just-real-moms\/wp-content\/uploads\/2014\/12\/FullSizeRender-111-590x575.jpg 590w, https:\/\/colinahomolog.com.br\/dev\/just-real-moms\/wp-content\/uploads\/2014\/12\/FullSizeRender-111-280x273.jpg 280w, https:\/\/colinahomolog.com.br\/dev\/just-real-moms\/wp-content\/uploads\/2014\/12\/FullSizeRender-111.jpg 640w\" sizes=\"(max-width: 500px) 100vw, 500px\" \/><\/p>\n<p><img loading=\"lazy\" decoding=\"async\" class=\"aligncenter wp-image-28844\" src=\"https:\/\/colinahomolog.com.br\/dev\/just-real-moms\/wp-content\/uploads\/2014\/12\/IMG_5782-590x590.jpg\" alt=\"IMG_5782\" width=\"500\" height=\"500\" srcset=\"https:\/\/colinahomolog.com.br\/dev\/just-real-moms\/wp-content\/uploads\/2014\/12\/IMG_5782-590x590.jpg 590w, https:\/\/colinahomolog.com.br\/dev\/just-real-moms\/wp-content\/uploads\/2014\/12\/IMG_5782-280x280.jpg 280w\" sizes=\"(max-width: 500px) 100vw, 500px\" \/><\/p>\n<p>&nbsp;<\/p>\n<p>\u2026\u2026\u2026\u2026\u2026\u2026\u2026\u2026\u2026\u2026\u2026\u2026\u2026\u2026\u2026\u2026\u2026\u2026\u2026\u2026\u2026\u2026\u2026\u2026\u2026\u2026\u2026\u2026\u2026\u2026\u2026\u2026\u2026\u2026\u2026\u2026\u2026\u2026\u2026\u2026\u2026\u2026\u2026\u2026\u2026\u2026\u2026\u2026\u2026\u2026\u2026\u2026\u2026\u2026\u2026.<\/p>\n<p>&nbsp;<\/p>\n<p><img loading=\"lazy\" decoding=\"async\" class=\"aligncenter wp-image-28498\" src=\"https:\/\/colinahomolog.com.br\/dev\/just-real-moms\/wp-content\/uploads\/2014\/11\/temas6.jpg\" alt=\"temas6\" width=\"265\" height=\"247\" srcset=\"https:\/\/colinahomolog.com.br\/dev\/just-real-moms\/wp-content\/uploads\/2014\/11\/temas6.jpg 298w, https:\/\/colinahomolog.com.br\/dev\/just-real-moms\/wp-content\/uploads\/2014\/11\/temas6-280x261.jpg 280w\" sizes=\"(max-width: 265px) 100vw, 265px\" \/><\/p>\n<p>&nbsp;<\/p>\n<p>Viagens s\u00e3o sempre especiais! Acho que com 1 ano e 4 meses a crian\u00e7a j\u00e1 curte bem uma viagem. Ir para a praia \u00e9 sempre legal. Fomos para <strong>S\u00e3o Miguel dos Milagres<\/strong>, na Pousada do Toque, e foi inesquec\u00edvel. Eu ainda estava gr\u00e1vida do Ant\u00f4nio. Tamb\u00e9m fomos para <strong>Barbados<\/strong> com os dois, Ant\u00f4nio ainda muito pequeno, mas o Jo\u00e3o entrou em del\u00edrio! Realmente foi muito gostoso! <strong>Campos do Jord\u00e3o<\/strong> tem op\u00e7\u00f5es bem legais para curtir com os pequenos. E tem o <strong>s\u00edtio<\/strong> dos meus sogros que sempre enlouquece os pequenos: galinha, cachorro&#8230; Todos os bichos que eles amam. Acho bem importante sair de SP&#8230; Se der, \u00e9 uma \u00f3tima forma de relaxar pais e filhos.<\/p>\n<p>&nbsp;<\/p>\n<p><img loading=\"lazy\" decoding=\"async\" class=\"aligncenter wp-image-28846\" src=\"https:\/\/colinahomolog.com.br\/dev\/just-real-moms\/wp-content\/uploads\/2014\/12\/FullSizeRender-13-590x570.jpg\" alt=\"FullSizeRender (13)\" width=\"500\" height=\"484\" srcset=\"https:\/\/colinahomolog.com.br\/dev\/just-real-moms\/wp-content\/uploads\/2014\/12\/FullSizeRender-13-590x570.jpg 590w, https:\/\/colinahomolog.com.br\/dev\/just-real-moms\/wp-content\/uploads\/2014\/12\/FullSizeRender-13-280x270.jpg 280w, https:\/\/colinahomolog.com.br\/dev\/just-real-moms\/wp-content\/uploads\/2014\/12\/FullSizeRender-13.jpg 640w\" sizes=\"(max-width: 500px) 100vw, 500px\" \/><\/p>\n<p><img loading=\"lazy\" decoding=\"async\" class=\"aligncenter wp-image-28847\" src=\"https:\/\/colinahomolog.com.br\/dev\/just-real-moms\/wp-content\/uploads\/2014\/12\/FullSizeRender-15-590x597.jpg\" alt=\"FullSizeRender (15)\" width=\"500\" height=\"506\" srcset=\"https:\/\/colinahomolog.com.br\/dev\/just-real-moms\/wp-content\/uploads\/2014\/12\/FullSizeRender-15-590x597.jpg 590w, https:\/\/colinahomolog.com.br\/dev\/just-real-moms\/wp-content\/uploads\/2014\/12\/FullSizeRender-15-280x283.jpg 280w, https:\/\/colinahomolog.com.br\/dev\/just-real-moms\/wp-content\/uploads\/2014\/12\/FullSizeRender-15.jpg 626w\" sizes=\"(max-width: 500px) 100vw, 500px\" \/><\/p>\n<p><img loading=\"lazy\" decoding=\"async\" class=\"aligncenter wp-image-28848\" src=\"https:\/\/colinahomolog.com.br\/dev\/just-real-moms\/wp-content\/uploads\/2014\/12\/FullSizeRender-16-590x579.jpg\" alt=\"FullSizeRender (16)\" width=\"500\" height=\"491\" srcset=\"https:\/\/colinahomolog.com.br\/dev\/just-real-moms\/wp-content\/uploads\/2014\/12\/FullSizeRender-16-590x579.jpg 590w, https:\/\/colinahomolog.com.br\/dev\/just-real-moms\/wp-content\/uploads\/2014\/12\/FullSizeRender-16-280x275.jpg 280w, https:\/\/colinahomolog.com.br\/dev\/just-real-moms\/wp-content\/uploads\/2014\/12\/FullSizeRender-16.jpg 639w\" sizes=\"(max-width: 500px) 100vw, 500px\" \/><\/p>\n<p><img loading=\"lazy\" decoding=\"async\" class=\"aligncenter wp-image-28849\" src=\"https:\/\/colinahomolog.com.br\/dev\/just-real-moms\/wp-content\/uploads\/2014\/12\/FullSizeRender-17-590x594.jpg\" alt=\"FullSizeRender (17)\" width=\"500\" height=\"504\" srcset=\"https:\/\/colinahomolog.com.br\/dev\/just-real-moms\/wp-content\/uploads\/2014\/12\/FullSizeRender-17-590x594.jpg 590w, https:\/\/colinahomolog.com.br\/dev\/just-real-moms\/wp-content\/uploads\/2014\/12\/FullSizeRender-17-280x282.jpg 280w, https:\/\/colinahomolog.com.br\/dev\/just-real-moms\/wp-content\/uploads\/2014\/12\/FullSizeRender-17.jpg 627w\" sizes=\"(max-width: 500px) 100vw, 500px\" \/><\/p>\n<p><img loading=\"lazy\" decoding=\"async\" class=\"aligncenter wp-image-28850\" src=\"https:\/\/colinahomolog.com.br\/dev\/just-real-moms\/wp-content\/uploads\/2014\/12\/FullSizeRender-18-590x592.jpg\" alt=\"FullSizeRender (18)\" width=\"500\" height=\"502\" srcset=\"https:\/\/colinahomolog.com.br\/dev\/just-real-moms\/wp-content\/uploads\/2014\/12\/FullSizeRender-18-590x592.jpg 590w, https:\/\/colinahomolog.com.br\/dev\/just-real-moms\/wp-content\/uploads\/2014\/12\/FullSizeRender-18-280x281.jpg 280w, https:\/\/colinahomolog.com.br\/dev\/just-real-moms\/wp-content\/uploads\/2014\/12\/FullSizeRender-18.jpg 625w\" sizes=\"(max-width: 500px) 100vw, 500px\" \/><\/p>\n<p><img loading=\"lazy\" decoding=\"async\" class=\"aligncenter wp-image-28851\" src=\"https:\/\/colinahomolog.com.br\/dev\/just-real-moms\/wp-content\/uploads\/2014\/12\/FullSizeRender-23-590x576.jpg\" alt=\"FullSizeRender (23)\" width=\"500\" height=\"488\" srcset=\"https:\/\/colinahomolog.com.br\/dev\/just-real-moms\/wp-content\/uploads\/2014\/12\/FullSizeRender-23-590x576.jpg 590w, https:\/\/colinahomolog.com.br\/dev\/just-real-moms\/wp-content\/uploads\/2014\/12\/FullSizeRender-23-280x273.jpg 280w, https:\/\/colinahomolog.com.br\/dev\/just-real-moms\/wp-content\/uploads\/2014\/12\/FullSizeRender-23.jpg 640w\" sizes=\"(max-width: 500px) 100vw, 500px\" \/><\/p>\n<p>&nbsp;<\/p>\n<p>&nbsp;<\/p>\n<p>&nbsp;<\/p>\n\n    <div class=\"xs_social_share_widget xs_share_url after_content \t\tmain_content  wslu-style-1 wslu-share-box-shaped wslu-fill-colored wslu-none wslu-share-horizontal wslu-theme-font-no wslu-main_content\">\n\n\t\t\n        <ul>\n\t\t\t        <\/ul>\n    <\/div> \n","protected":false},"excerpt":{"rendered":"<p>Favorite&nbsp; Ol\u00e1, moms! Hoje a querida Paula Carvalho \u00e9 quem d\u00e1 as dicas! A Paulinha j\u00e1 nos deu uma entrevista (confiram aqui) quando tinha apenas o Jo\u00e3o, que hoje est\u00e1 com 3 anos. H\u00e1 1 ano e 6 meses chegou\u00a0o Ant\u00f4nio, e agora, ela fala\u00a0como \u00e9 ser m\u00e3e de dois filhos e as mudan\u00e7as que [&hellip;]<\/p>\n","protected":false},"author":4,"featured_media":28852,"comment_status":"open","ping_status":"closed","sticky":false,"template":"","format":"standard","meta":{"_acf_changed":false,"footnotes":""},"categories":[264],"tags":[410,5,57,407],"class_list":{"0":"post-28830","1":"post","2":"type-post","3":"status-publish","4":"format-standard","5":"has-post-thumbnail","7":"category-entrevistas","8":"tag-comportamento","9":"tag-dicas","10":"tag-entrevista","11":"tag-paula-carvalho"},"acf":[],"yoast_head":"<!-- This site is optimized with the Yoast SEO Premium plugin v26.6 (Yoast SEO v26.6) - https:\/\/yoast.com\/wordpress\/plugins\/seo\/ -->\n<title>Paula Carvalho d\u00e1 as dicas!<\/title>\n<meta name=\"robots\" content=\"index, follow, max-snippet:-1, max-image-preview:large, max-video-preview:-1\" \/>\n<link rel=\"canonical\" href=\"https:\/\/colinahomolog.com.br\/dev\/just-real-moms\/paula-carvalho-da-dicas1\/\" \/>\n<meta property=\"og:locale\" content=\"pt_BR\" \/>\n<meta property=\"og:type\" content=\"article\" \/>\n<meta property=\"og:title\" content=\"Paula Carvalho d\u00e1 as dicas!\" \/>\n<meta property=\"og:description\" content=\"Favorite&nbsp; Ol\u00e1, moms! Hoje a querida Paula Carvalho \u00e9 quem d\u00e1 as dicas! A Paulinha j\u00e1 nos deu uma entrevista (confiram aqui) quando tinha apenas o Jo\u00e3o, que hoje est\u00e1 com 3 anos. H\u00e1 1 ano e 6 meses chegou\u00a0o Ant\u00f4nio, e agora, ela fala\u00a0como \u00e9 ser m\u00e3e de dois filhos e as mudan\u00e7as que [&hellip;]\" \/>\n<meta property=\"og:url\" content=\"https:\/\/colinahomolog.com.br\/dev\/just-real-moms\/paula-carvalho-da-dicas1\/\" \/>\n<meta property=\"og:site_name\" content=\"Just Real Moms - Blog para M\u00e3es\" \/>\n<meta property=\"article:publisher\" content=\"https:\/\/www.facebook.com\/JustRealMoms\" \/>\n<meta property=\"article:published_time\" content=\"2014-12-02T10:30:14+00:00\" \/>\n<meta property=\"article:modified_time\" content=\"2016-05-05T22:06:39+00:00\" \/>\n<meta property=\"og:image\" content=\"https:\/\/colinahomolog.com.br\/dev\/just-real-moms\/wp-content\/uploads\/2014\/12\/fotofamilia1.jpg\" \/>\n\t<meta property=\"og:image:width\" content=\"1\" \/>\n\t<meta property=\"og:image:height\" content=\"1\" \/>\n\t<meta property=\"og:image:type\" content=\"image\/jpeg\" \/>\n<meta name=\"author\" content=\"Renata\" \/>\n<meta name=\"twitter:label1\" content=\"Escrito por\" \/>\n\t<meta name=\"twitter:data1\" content=\"Renata\" \/>\n\t<meta name=\"twitter:label2\" content=\"Est. tempo de leitura\" \/>\n\t<meta name=\"twitter:data2\" content=\"4 minutos\" \/>\n<script type=\"application\/ld+json\" class=\"yoast-schema-graph\">{\"@context\":\"https:\/\/schema.org\",\"@graph\":[{\"@type\":\"WebPage\",\"@id\":\"https:\/\/colinahomolog.com.br\/dev\/just-real-moms\/paula-carvalho-da-dicas1\/\",\"url\":\"https:\/\/colinahomolog.com.br\/dev\/just-real-moms\/paula-carvalho-da-dicas1\/\",\"name\":\"Paula Carvalho d\u00e1 as dicas!\",\"isPartOf\":{\"@id\":\"https:\/\/colinahomolog.com.br\/dev\/just-real-moms\/#website\"},\"primaryImageOfPage\":{\"@id\":\"https:\/\/colinahomolog.com.br\/dev\/just-real-moms\/paula-carvalho-da-dicas1\/#primaryimage\"},\"image\":{\"@id\":\"https:\/\/colinahomolog.com.br\/dev\/just-real-moms\/paula-carvalho-da-dicas1\/#primaryimage\"},\"thumbnailUrl\":\"https:\/\/colinahomolog.com.br\/dev\/just-real-moms\/wp-content\/uploads\/2014\/12\/fotofamilia1.jpg\",\"datePublished\":\"2014-12-02T10:30:14+00:00\",\"dateModified\":\"2016-05-05T22:06:39+00:00\",\"author\":{\"@id\":\"https:\/\/colinahomolog.com.br\/dev\/just-real-moms\/#\/schema\/person\/2f9d85c04a6847c0f366e0a40924a2fa\"},\"breadcrumb\":{\"@id\":\"https:\/\/colinahomolog.com.br\/dev\/just-real-moms\/paula-carvalho-da-dicas1\/#breadcrumb\"},\"inLanguage\":\"pt-BR\",\"potentialAction\":[{\"@type\":\"ReadAction\",\"target\":[\"https:\/\/colinahomolog.com.br\/dev\/just-real-moms\/paula-carvalho-da-dicas1\/\"]}]},{\"@type\":\"ImageObject\",\"inLanguage\":\"pt-BR\",\"@id\":\"https:\/\/colinahomolog.com.br\/dev\/just-real-moms\/paula-carvalho-da-dicas1\/#primaryimage\",\"url\":\"https:\/\/colinahomolog.com.br\/dev\/just-real-moms\/wp-content\/uploads\/2014\/12\/fotofamilia1.jpg\",\"contentUrl\":\"https:\/\/colinahomolog.com.br\/dev\/just-real-moms\/wp-content\/uploads\/2014\/12\/fotofamilia1.jpg\"},{\"@type\":\"BreadcrumbList\",\"@id\":\"https:\/\/colinahomolog.com.br\/dev\/just-real-moms\/paula-carvalho-da-dicas1\/#breadcrumb\",\"itemListElement\":[{\"@type\":\"ListItem\",\"position\":1,\"name\":\"In\u00edcio\",\"item\":\"https:\/\/colinahomolog.com.br\/dev\/just-real-moms\/\"},{\"@type\":\"ListItem\",\"position\":2,\"name\":\"Paula Carvalho d\u00e1 as dicas!\"}]},{\"@type\":\"WebSite\",\"@id\":\"https:\/\/colinahomolog.com.br\/dev\/just-real-moms\/#website\",\"url\":\"https:\/\/colinahomolog.com.br\/dev\/just-real-moms\/\",\"name\":\"Just Real Moms - Blog para M\u00e3es\",\"description\":\"O melhor e mais completo portal para m\u00e3es, pais e futuros pais!\",\"potentialAction\":[{\"@type\":\"SearchAction\",\"target\":{\"@type\":\"EntryPoint\",\"urlTemplate\":\"https:\/\/colinahomolog.com.br\/dev\/just-real-moms\/?s={search_term_string}\"},\"query-input\":{\"@type\":\"PropertyValueSpecification\",\"valueRequired\":true,\"valueName\":\"search_term_string\"}}],\"inLanguage\":\"pt-BR\"},{\"@type\":\"Person\",\"@id\":\"https:\/\/colinahomolog.com.br\/dev\/just-real-moms\/#\/schema\/person\/2f9d85c04a6847c0f366e0a40924a2fa\",\"name\":\"Renata\",\"url\":\"https:\/\/colinahomolog.com.br\/dev\/just-real-moms\/author\/renata\/\"}]}<\/script>\n<!-- \/ Yoast SEO Premium plugin. -->","yoast_head_json":{"title":"Paula Carvalho d\u00e1 as dicas!","robots":{"index":"index","follow":"follow","max-snippet":"max-snippet:-1","max-image-preview":"max-image-preview:large","max-video-preview":"max-video-preview:-1"},"canonical":"https:\/\/colinahomolog.com.br\/dev\/just-real-moms\/paula-carvalho-da-dicas1\/","og_locale":"pt_BR","og_type":"article","og_title":"Paula Carvalho d\u00e1 as dicas!","og_description":"Favorite&nbsp; Ol\u00e1, moms! Hoje a querida Paula Carvalho \u00e9 quem d\u00e1 as dicas! A Paulinha j\u00e1 nos deu uma entrevista (confiram aqui) quando tinha apenas o Jo\u00e3o, que hoje est\u00e1 com 3 anos. H\u00e1 1 ano e 6 meses chegou\u00a0o Ant\u00f4nio, e agora, ela fala\u00a0como \u00e9 ser m\u00e3e de dois filhos e as mudan\u00e7as que [&hellip;]","og_url":"https:\/\/colinahomolog.com.br\/dev\/just-real-moms\/paula-carvalho-da-dicas1\/","og_site_name":"Just Real Moms - Blog para M\u00e3es","article_publisher":"https:\/\/www.facebook.com\/JustRealMoms","article_published_time":"2014-12-02T10:30:14+00:00","article_modified_time":"2016-05-05T22:06:39+00:00","og_image":[{"url":"https:\/\/colinahomolog.com.br\/dev\/just-real-moms\/wp-content\/uploads\/2014\/12\/fotofamilia1.jpg","width":1,"height":1,"type":"image\/jpeg"}],"author":"Renata","twitter_misc":{"Escrito por":"Renata","Est. tempo de leitura":"4 minutos"},"schema":{"@context":"https:\/\/schema.org","@graph":[{"@type":"WebPage","@id":"https:\/\/colinahomolog.com.br\/dev\/just-real-moms\/paula-carvalho-da-dicas1\/","url":"https:\/\/colinahomolog.com.br\/dev\/just-real-moms\/paula-carvalho-da-dicas1\/","name":"Paula Carvalho d\u00e1 as dicas!","isPartOf":{"@id":"https:\/\/colinahomolog.com.br\/dev\/just-real-moms\/#website"},"primaryImageOfPage":{"@id":"https:\/\/colinahomolog.com.br\/dev\/just-real-moms\/paula-carvalho-da-dicas1\/#primaryimage"},"image":{"@id":"https:\/\/colinahomolog.com.br\/dev\/just-real-moms\/paula-carvalho-da-dicas1\/#primaryimage"},"thumbnailUrl":"https:\/\/colinahomolog.com.br\/dev\/just-real-moms\/wp-content\/uploads\/2014\/12\/fotofamilia1.jpg","datePublished":"2014-12-02T10:30:14+00:00","dateModified":"2016-05-05T22:06:39+00:00","author":{"@id":"https:\/\/colinahomolog.com.br\/dev\/just-real-moms\/#\/schema\/person\/2f9d85c04a6847c0f366e0a40924a2fa"},"breadcrumb":{"@id":"https:\/\/colinahomolog.com.br\/dev\/just-real-moms\/paula-carvalho-da-dicas1\/#breadcrumb"},"inLanguage":"pt-BR","potentialAction":[{"@type":"ReadAction","target":["https:\/\/colinahomolog.com.br\/dev\/just-real-moms\/paula-carvalho-da-dicas1\/"]}]},{"@type":"ImageObject","inLanguage":"pt-BR","@id":"https:\/\/colinahomolog.com.br\/dev\/just-real-moms\/paula-carvalho-da-dicas1\/#primaryimage","url":"https:\/\/colinahomolog.com.br\/dev\/just-real-moms\/wp-content\/uploads\/2014\/12\/fotofamilia1.jpg","contentUrl":"https:\/\/colinahomolog.com.br\/dev\/just-real-moms\/wp-content\/uploads\/2014\/12\/fotofamilia1.jpg"},{"@type":"BreadcrumbList","@id":"https:\/\/colinahomolog.com.br\/dev\/just-real-moms\/paula-carvalho-da-dicas1\/#breadcrumb","itemListElement":[{"@type":"ListItem","position":1,"name":"In\u00edcio","item":"https:\/\/colinahomolog.com.br\/dev\/just-real-moms\/"},{"@type":"ListItem","position":2,"name":"Paula Carvalho d\u00e1 as dicas!"}]},{"@type":"WebSite","@id":"https:\/\/colinahomolog.com.br\/dev\/just-real-moms\/#website","url":"https:\/\/colinahomolog.com.br\/dev\/just-real-moms\/","name":"Just Real Moms - Blog para M\u00e3es","description":"O melhor e mais completo portal para m\u00e3es, pais e futuros pais!","potentialAction":[{"@type":"SearchAction","target":{"@type":"EntryPoint","urlTemplate":"https:\/\/colinahomolog.com.br\/dev\/just-real-moms\/?s={search_term_string}"},"query-input":{"@type":"PropertyValueSpecification","valueRequired":true,"valueName":"search_term_string"}}],"inLanguage":"pt-BR"},{"@type":"Person","@id":"https:\/\/colinahomolog.com.br\/dev\/just-real-moms\/#\/schema\/person\/2f9d85c04a6847c0f366e0a40924a2fa","name":"Renata","url":"https:\/\/colinahomolog.com.br\/dev\/just-real-moms\/author\/renata\/"}]}},"_links":{"self":[{"href":"https:\/\/colinahomolog.com.br\/dev\/just-real-moms\/wp-json\/wp\/v2\/posts\/28830","targetHints":{"allow":["GET"]}}],"collection":[{"href":"https:\/\/colinahomolog.com.br\/dev\/just-real-moms\/wp-json\/wp\/v2\/posts"}],"about":[{"href":"https:\/\/colinahomolog.com.br\/dev\/just-real-moms\/wp-json\/wp\/v2\/types\/post"}],"author":[{"embeddable":true,"href":"https:\/\/colinahomolog.com.br\/dev\/just-real-moms\/wp-json\/wp\/v2\/users\/4"}],"replies":[{"embeddable":true,"href":"https:\/\/colinahomolog.com.br\/dev\/just-real-moms\/wp-json\/wp\/v2\/comments?post=28830"}],"version-history":[{"count":0,"href":"https:\/\/colinahomolog.com.br\/dev\/just-real-moms\/wp-json\/wp\/v2\/posts\/28830\/revisions"}],"wp:featuredmedia":[{"embeddable":true,"href":"https:\/\/colinahomolog.com.br\/dev\/just-real-moms\/wp-json\/wp\/v2\/media\/28852"}],"wp:attachment":[{"href":"https:\/\/colinahomolog.com.br\/dev\/just-real-moms\/wp-json\/wp\/v2\/media?parent=28830"}],"wp:term":[{"taxonomy":"category","embeddable":true,"href":"https:\/\/colinahomolog.com.br\/dev\/just-real-moms\/wp-json\/wp\/v2\/categories?post=28830"},{"taxonomy":"post_tag","embeddable":true,"href":"https:\/\/colinahomolog.com.br\/dev\/just-real-moms\/wp-json\/wp\/v2\/tags?post=28830"}],"curies":[{"name":"wp","href":"https:\/\/api.w.org\/{rel}","templated":true}]}}