{"id":29717,"date":"2015-02-04T08:30:42","date_gmt":"2015-02-04T10:30:42","guid":{"rendered":"https:\/\/colinahomolog.com.br\/dev\/just-real-moms\/?p=29717"},"modified":"2023-01-15T16:56:12","modified_gmt":"2023-01-15T19:56:12","slug":"ainda-nao-escolheu-fantasia-de-carnaval-para-seu-filho","status":"publish","type":"post","link":"https:\/\/colinahomolog.com.br\/dev\/just-real-moms\/ainda-nao-escolheu-fantasia-de-carnaval-para-seu-filho\/","title":{"rendered":"Ainda n\u00e3o escolheu a fantasia de Carnaval para seu filho? Confira nossas dicas!"},"content":{"rendered":"<button class=\"simplefavorite-button preset\" data-postid=\"29717\" data-siteid=\"1\" data-groupid=\"1\" data-favoritecount=\"0\" style=\"box-shadow:none;-webkit-box-shadow:none;-moz-box-shadow:none;background-color:#68ccb4;border-color:#68ccb4;color:#ffffff;\"><i class=\"sf-icon-favorite\" style=\"\"><\/i>Favorite<\/button><p>&nbsp;<\/p>\n<p>Oi, meninas!<\/p>\n<p>O Carnaval est\u00e1 quase a\u00ed! Estou super empolgada e louca para fantasiar meus pequenos! Acho bem dif\u00edcil a escolha da fantasia&#8230; Sempre quero alguma bonita e, ao mesmo tempo, confort\u00e1vel. E agora, eles est\u00e3o em uma fase que querem escolher tudo!<\/p>\n<p>Para facilitar essa escolha, resolvi fazer um post com v\u00e1rias op\u00e7\u00f5es, tanto para as meninas, quanto para os meninos. \u00c9 uma fantasia mais fofa e charmosa do que a outra! Escolhi aquelas que realmente colocaria nos meus filhos!<\/p>\n<p>Espero que ajude!<\/p>\n<p>&nbsp;<\/p>\n<p>\u2026\u2026\u2026\u2026\u2026\u2026\u2026\u2026\u2026\u2026\u2026\u2026\u2026\u2026\u2026\u2026\u2026\u2026\u2026\u2026\u2026\u2026\u2026\u2026\u2026\u2026\u2026\u2026\u2026\u2026\u2026\u2026\u2026\u2026\u2026\u2026\u2026\u2026\u2026\u2026\u2026\u2026\u2026\u2026\u2026\u2026\u2026\u2026\u2026\u2026\u2026\u2026\u2026\u2026\u2026.<\/p>\n<p>&nbsp;<\/p>\n<p style=\"text-align: center;\"><span style=\"text-decoration: underline;\"><strong>Para os meninos<\/strong><\/span><\/p>\n<p>&nbsp;<\/p>\n<p><img fetchpriority=\"high\" decoding=\"async\" class=\"aligncenter wp-image-29718\" src=\"https:\/\/colinahomolog.com.br\/dev\/just-real-moms\/wp-content\/uploads\/2015\/01\/fantasiascarnaval.jpg\" alt=\"fantasiascarnaval\" width=\"590\" height=\"399\" srcset=\"https:\/\/colinahomolog.com.br\/dev\/just-real-moms\/wp-content\/uploads\/2015\/01\/fantasiascarnaval.jpg 685w, https:\/\/colinahomolog.com.br\/dev\/just-real-moms\/wp-content\/uploads\/2015\/01\/fantasiascarnaval-280x189.jpg 280w, https:\/\/colinahomolog.com.br\/dev\/just-real-moms\/wp-content\/uploads\/2015\/01\/fantasiascarnaval-590x399.jpg 590w\" sizes=\"(max-width: 590px) 100vw, 590px\" \/><\/p>\n<p>&nbsp;<\/p>\n<p><strong>1) Capit\u00e3o Am\u00e9rica &#8211;<\/strong> <strong><span style=\"text-decoration: underline;\"><span style=\"color: #0000ff; text-decoration: underline;\"><a style=\"color: #0000ff; text-decoration: underline;\" title=\"A Pa\u00e7oca - Capit\u00e3o America\" href=\"https:\/\/www.apacoca.com.br\/carrinho\/produto\/418-Camiseta-Estrela--Mascara\" target=\"_blank\" rel=\"noopener\">A Pa\u00e7oca<\/a><\/span><\/span><\/strong><\/p>\n<p><strong>2) Camiseta e gorro &#8220;Onde est\u00e1 Wally&#8221; &#8211;<\/strong> <strong><span style=\"text-decoration: underline;\"><span style=\"color: #0000ff; text-decoration: underline;\"><a style=\"color: #0000ff; text-decoration: underline;\" title=\"A Pa\u00e7oca - Wally\" href=\"https:\/\/www.apacoca.com.br\/carrinho\/produto\/963-Wally-Manga-Longa\" target=\"_blank\" rel=\"noopener\">A Pa\u00e7oca<\/a><\/span><\/span><\/strong><\/p>\n<p><strong>3) Capa Lobo Mau &#8211;<\/strong> <strong><span style=\"text-decoration: underline;\"><span style=\"color: #0000ff; text-decoration: underline;\"><a style=\"color: #0000ff; text-decoration: underline;\" title=\"Os Quindins - Lobo Mau\" href=\"http:\/\/www.osquindins.com.br\/loja\/index.php?land=detalhe_produto&amp;idProduto=1145&amp;idCategoria=1000005\" target=\"_blank\" rel=\"noopener\">Os Quindins<\/a><\/span><\/span><\/strong><\/p>\n<p><strong>4) Colete com capuz Zebra &#8211;<\/strong> <strong><span style=\"text-decoration: underline;\"><span style=\"color: #0000ff; text-decoration: underline;\"><a style=\"color: #0000ff; text-decoration: underline;\" title=\"E-Mini - Zebra\" href=\"http:\/\/www.e-mini.com.br\/fantasia-zebra\" target=\"_blank\" rel=\"noopener\">E-Mini<\/a><\/span><\/span><\/strong><\/p>\n<p><strong>5) Macac\u00e3o Pirata &#8211;<\/strong> <strong><span style=\"text-decoration: underline;\"><span style=\"color: #0000ff; text-decoration: underline;\"><a style=\"color: #0000ff; text-decoration: underline;\" title=\"Os Quindins - Body Pirata\" href=\"http:\/\/www.osquindins.com.br\/loja\/index.php?land=detalhe_produto&amp;idProduto=1105&amp;idCategoria=1000000\" target=\"_blank\" rel=\"noopener\">Os Quindins<\/a><\/span><\/span><\/strong><\/p>\n<p><strong>6) Body Bambam &#8211;<\/strong> <strong><span style=\"text-decoration: underline;\"><span style=\"color: #0000ff; text-decoration: underline;\"><a style=\"color: #0000ff; text-decoration: underline;\" title=\"Os Quindins - Body Bam Bam\" href=\"http:\/\/www.osquindins.com.br\/loja\/index.php?land=detalhe_produto&amp;idProduto=1181&amp;idCategoria=1000000\" target=\"_blank\" rel=\"noopener\">Os Quindins<\/a><\/span><\/span><\/strong><\/p>\n<p><strong>7) Macac\u00e3o Hulk &#8211;<\/strong> <strong><span style=\"text-decoration: underline;\"><span style=\"color: #0000ff; text-decoration: underline;\"><a style=\"color: #0000ff; text-decoration: underline;\" title=\"Cocae Baby - Hulk\" href=\"http:\/\/www.cocarbaby.com.br\/cat\/kids-menino\/7354.html\" target=\"_blank\" rel=\"noopener\">Cocar Baby<\/a><\/span><\/span><\/strong><\/p>\n<p><strong>8) Macac\u00e3o Batman &#8211; <span style=\"text-decoration: underline;\"><span style=\"color: #0000ff; text-decoration: underline;\"><a style=\"color: #0000ff; text-decoration: underline;\" title=\"Cocar Baby - Batman\" href=\"http:\/\/www.cocarbaby.com.br\/cat\/kids-menino\/5642.html\" target=\"_blank\" rel=\"noopener\">Cocar Baby<\/a><\/span><\/span><\/strong><\/p>\n<p><strong>9) Colete e juba de Le\u00e3o &#8211;<\/strong> <strong><span style=\"text-decoration: underline;\"><span style=\"color: #0000ff; text-decoration: underline;\"><a style=\"color: #0000ff; text-decoration: underline;\" title=\"Mini Pop - Le\u00e3o\" href=\"http:\/\/www.minipop.com.br\/fantasia-le-o.html\" target=\"_blank\" rel=\"noopener\">Mini Pop<\/a><\/span><\/span><\/strong><\/p>\n<p><strong>10) Colete com capuz Girafa &#8211; <span style=\"text-decoration: underline;\"><span style=\"color: #0000ff; text-decoration: underline;\"><a style=\"color: #0000ff; text-decoration: underline;\" title=\"E-Mini - Girafa\" href=\"http:\/\/www.e-mini.com.br\/fantasia-girafa\" target=\"_blank\" rel=\"noopener\">E-Mini<\/a><\/span><\/span><\/strong><\/p>\n<p><strong>11) Macac\u00e3o e chap\u00e9u Woody &#8211; <span style=\"text-decoration: underline;\"><span style=\"color: #0000ff; text-decoration: underline;\"><a style=\"color: #0000ff; text-decoration: underline;\" title=\"Piks - Woody\" href=\"http:\/\/www.piks.com.br\/loja-virtual-produto.php?codproduto=3137\" target=\"_blank\" rel=\"noopener\">Piks <\/a><\/span><\/span><\/strong><span style=\"text-decoration: underline;\"><span style=\"color: #0000ff; text-decoration: underline;\"><a style=\"color: #0000ff; text-decoration: underline;\" title=\"Piks - Woody\" href=\"http:\/\/www.piks.com.br\/loja-virtual-produto.php?codproduto=3137\" target=\"_blank\" rel=\"noopener\"><strong>Iguatemi S\u00e3o Paulo<\/strong><\/a><\/span><\/span><\/p>\n<p><strong>12) Roupa completa de Soldado &#8211; <span style=\"text-decoration: underline;\"><span style=\"color: #0000ff; text-decoration: underline;\"><a style=\"color: #0000ff; text-decoration: underline;\" title=\"Piks - Soldado\" href=\"http:\/\/www.piks.com.br\/loja-virtual-produto.php?codproduto=912\" target=\"_blank\" rel=\"noopener\">Piks Iguatemi S\u00e3o Paulo<\/a><\/span><\/span><\/strong><\/p>\n<p><strong>13) Camiseta e gancho de Pirata &#8211; <span style=\"text-decoration: underline;\"><span style=\"color: #0000ff; text-decoration: underline;\"><a style=\"color: #0000ff; text-decoration: underline;\" title=\"Os Quindins - Pirata\" href=\"http:\/\/www.osquindins.com.br\/loja\/index.php?land=detalhe_produto&amp;idProduto=1123&amp;idCategoria=1000005\" target=\"_blank\" rel=\"noopener\">Os Quindins<\/a><\/span><\/span><\/strong><\/p>\n<p><strong>14) Body Mike SA &#8211; <span style=\"text-decoration: underline;\"><span style=\"color: #0000ff; text-decoration: underline;\"><a style=\"color: #0000ff; text-decoration: underline;\" title=\"Os Quindins - Mike\" href=\"http:\/\/www.osquindins.com.br\/loja\/index.php?land=detalhe_produto&amp;idProduto=1189&amp;idCategoria=1000005\" target=\"_blank\" rel=\"noopener\">Os Quindins<\/a><\/span><\/span><\/strong><\/p>\n<p>&nbsp;<\/p>\n<p>\u2026\u2026\u2026\u2026\u2026\u2026\u2026\u2026\u2026\u2026\u2026\u2026\u2026\u2026\u2026\u2026\u2026\u2026\u2026\u2026\u2026\u2026\u2026\u2026\u2026\u2026\u2026\u2026\u2026\u2026\u2026\u2026\u2026\u2026\u2026\u2026\u2026\u2026\u2026\u2026\u2026\u2026\u2026\u2026\u2026\u2026\u2026\u2026\u2026\u2026\u2026\u2026\u2026\u2026\u2026.<\/p>\n<p>&nbsp;<\/p>\n<p style=\"text-align: center;\"><strong><span style=\"text-decoration: underline;\">Para as meninas<\/span><\/strong><\/p>\n<p>&nbsp;<\/p>\n<p><img decoding=\"async\" class=\"aligncenter wp-image-29719\" src=\"https:\/\/colinahomolog.com.br\/dev\/just-real-moms\/wp-content\/uploads\/2015\/01\/fantasiascarnaval2.jpg\" alt=\"fantasiascarnaval2\" width=\"590\" height=\"391\" srcset=\"https:\/\/colinahomolog.com.br\/dev\/just-real-moms\/wp-content\/uploads\/2015\/01\/fantasiascarnaval2.jpg 699w, https:\/\/colinahomolog.com.br\/dev\/just-real-moms\/wp-content\/uploads\/2015\/01\/fantasiascarnaval2-280x185.jpg 280w, https:\/\/colinahomolog.com.br\/dev\/just-real-moms\/wp-content\/uploads\/2015\/01\/fantasiascarnaval2-590x391.jpg 590w\" sizes=\"(max-width: 590px) 100vw, 590px\" \/><\/p>\n<p>&nbsp;<\/p>\n<p><strong>1) Roupa e tiara Ol\u00edvia Palito &#8211; <span style=\"text-decoration: underline;\"><span style=\"color: #0000ff; text-decoration: underline;\"><a style=\"color: #0000ff; text-decoration: underline;\" title=\"A Pa\u00e7oca - Ol\u00edvia Palito\" href=\"https:\/\/www.apacoca.com.br\/carrinho\/produto\/393-Olivia-Palito\" target=\"_blank\" rel=\"noopener\">A Pa\u00e7oca<\/a><\/span><\/span><\/strong><\/p>\n<p><strong>2) Vestido e coroa Mulher Maravilha &#8211;<\/strong> <strong><span style=\"text-decoration: underline;\"><span style=\"color: #0000ff; text-decoration: underline;\"><a style=\"color: #0000ff; text-decoration: underline;\" title=\"A Pa\u00e7oca - Mulher Maravilha\" href=\"https:\/\/www.apacoca.com.br\/carrinho\/produto\/878-Super-Garota\" target=\"_blank\" rel=\"noopener\">A Pa\u00e7oca<\/a><\/span><\/span><\/strong><\/p>\n<p><strong>3) Vestido de festa Sereia Ariel &#8211;<\/strong> <strong><span style=\"text-decoration: underline;\"><span style=\"color: #0000ff; text-decoration: underline;\"><a style=\"color: #0000ff; text-decoration: underline;\" title=\"Os Quindins - Sereia\" href=\"http:\/\/www.osquindins.com.br\/loja\/index.php?land=detalhe_produto&amp;idProduto=1117&amp;idCategoria=1000005\" target=\"_blank\" rel=\"noopener\">Os Quindins<\/a><\/span><\/span><\/strong><\/p>\n<p><strong>4) Vestido e tiara Branca de Neve &#8211; <a title=\"PoshLittle - Branca de Neve\" href=\"http:\/\/www.poshlittle.com.br\/fantasia-branca-de-neve-inspired-521.aspx\/p?cbc=1&amp;sk=726391\" target=\"_blank\" rel=\"noopener\"><span style=\"text-decoration: underline;\"><span style=\"color: #0000ff; text-decoration: underline;\">Posh Little<\/span><\/span><\/a><\/strong><\/p>\n<p><strong>5) Vestido e tiara Minnie &#8211; <span style=\"text-decoration: underline;\"><span style=\"color: #0000ff; text-decoration: underline;\"><a style=\"color: #0000ff; text-decoration: underline;\" title=\"Os Quindins - Minnie\" href=\"http:\/\/www.osquindins.com.br\/loja\/index.php?land=detalhe_produto&amp;idProduto=1028&amp;idCategoria=1000005\" target=\"_blank\" rel=\"noopener\">Os Quindins<\/a><\/span><\/span><\/strong><\/p>\n<p><strong>6) Body Pedrita &#8211; <span style=\"text-decoration: underline;\"><span style=\"color: #0000ff; text-decoration: underline;\"><a style=\"color: #0000ff; text-decoration: underline;\" title=\"Os Quindins - Pedrita\" href=\"http:\/\/www.osquindins.com.br\/loja\/index.php?land=detalhe_produto&amp;idProduto=1107&amp;idCategoria=1000000\" target=\"_blank\" rel=\"noopener\">Os Quindins<\/a><\/span><\/span><\/strong><\/p>\n<p><strong>7) Vestido e cesta Chapeuzinho Vermelho &#8211; <span style=\"text-decoration: underline;\"><span style=\"color: #0000ff; text-decoration: underline;\"><a style=\"color: #0000ff; text-decoration: underline;\" title=\"Os Quindins - Chapeuzinho Vermelho\" href=\"http:\/\/www.osquindins.com.br\/loja\/index.php?land=detalhe_produto&amp;idProduto=1190&amp;idCategoria=1000005\" target=\"_blank\" rel=\"noopener\">Os Quindins<\/a><\/span><\/span><\/strong><\/p>\n<p><strong>8) Vestido e coroa Elsa &#8211; <span style=\"text-decoration: underline;\"><span style=\"color: #0000ff; text-decoration: underline;\"><a style=\"color: #0000ff; text-decoration: underline;\" title=\"Cocar Baby - Elsa\" href=\"http:\/\/www.cocarbaby.com.br\/cat\/kids-menina\/7030.html\" target=\"_blank\" rel=\"noopener\">Cocar Baby<\/a><\/span><\/span><\/strong><\/p>\n<p><strong>9) Fantasia Princesa Brilhante &#8211; <span style=\"text-decoration: underline;\"><span style=\"color: #0000ff; text-decoration: underline;\"><a style=\"color: #0000ff; text-decoration: underline;\" title=\"Piks - Princesa Brilhante\" href=\"http:\/\/www.piks.com.br\/loja-virtual-produto.php?codproduto=112\" target=\"_blank\" rel=\"noopener\">Piks Iguatemi S\u00e3o Paulo<\/a><\/span><\/span><\/strong><\/p>\n<p><strong>10) Vestido e leque de Chinesinha &#8211; <span style=\"text-decoration: underline;\"><span style=\"color: #0000ff; text-decoration: underline;\"><a style=\"color: #0000ff; text-decoration: underline;\" title=\"Mini Pop - Chinesinha\" href=\"http:\/\/www.minipop.com.br\/vestido-chinesinha.html\" target=\"_blank\" rel=\"noopener\">Mini Pop<\/a><\/span><\/span><\/strong><\/p>\n<p><strong>11) Fantasia Fada Brilhante &#8211; <span style=\"text-decoration: underline;\"><span style=\"color: #0000ff; text-decoration: underline;\"><a style=\"color: #0000ff; text-decoration: underline;\" title=\"Piks - Fada Brilhante\" href=\"http:\/\/www.piks.com.br\/loja-virtual-produto.php?codproduto=111\" target=\"_blank\" rel=\"noopener\">Piks Iguatemi S\u00e3o Paulo<\/a><\/span><\/span><\/strong><\/p>\n<p><strong>12) Vestido e tiara Alice no Pa\u00eds das Maravilhas &#8211;<\/strong> <strong><span style=\"text-decoration: underline;\"><span style=\"color: #0000ff; text-decoration: underline;\"><a style=\"color: #0000ff; text-decoration: underline;\" title=\"A Pa\u00e7oca - Alice\" href=\"https:\/\/www.apacoca.com.br\/carrinho\/produto\/79-Alice\" target=\"_blank\" rel=\"noopener\">A Pa\u00e7oca<\/a><\/span><\/span><\/strong><\/p>\n<p><strong>13) Asa de Borboleta Roxa e tiara &#8211;<\/strong> <strong><span style=\"text-decoration: underline;\"><span style=\"color: #0000ff; text-decoration: underline;\"><a style=\"color: #0000ff; text-decoration: underline;\" title=\"A Pa\u00e7oca - Asa Borboleta\" href=\"https:\/\/www.apacoca.com.br\/carrinho\/produto\/463-Asa-De-Borboleta-Roxa-Tiara-Laco\" target=\"_blank\" rel=\"noopener\">A Pa\u00e7oca<\/a><\/span><\/span><\/strong><\/p>\n<p><strong>14) Fantasia Dorothy (M\u00e1gico de Oz) com tran\u00e7a &#8211;<\/strong> <strong><span style=\"text-decoration: underline;\"><span style=\"color: #0000ff; text-decoration: underline;\"><a style=\"color: #0000ff; text-decoration: underline;\" title=\"E-Mini - Dorothy\" href=\"http:\/\/www.e-mini.com.br\/fantasia-dorothy\" target=\"_blank\" rel=\"noopener\">E-Mini<\/a><\/span><\/span><\/strong><\/p>\n<p>&nbsp;<\/p>\n\n    <div class=\"xs_social_share_widget xs_share_url after_content \t\tmain_content  wslu-style-1 wslu-share-box-shaped wslu-fill-colored wslu-none wslu-share-horizontal wslu-theme-font-no wslu-main_content\">\n\n\t\t\n        <ul>\n\t\t\t        <\/ul>\n    <\/div> \n","protected":false},"excerpt":{"rendered":"<p>Favorite&nbsp; Oi, meninas! O Carnaval est\u00e1 quase a\u00ed! Estou super empolgada e louca para fantasiar meus pequenos! Acho bem dif\u00edcil a escolha da fantasia&#8230; Sempre quero alguma bonita e, ao mesmo tempo, confort\u00e1vel. E agora, eles est\u00e3o em uma fase que querem escolher tudo! Para facilitar essa escolha, resolvi fazer um post com v\u00e1rias op\u00e7\u00f5es, [&hellip;]<\/p>\n","protected":false},"author":4,"featured_media":29832,"comment_status":"open","ping_status":"closed","sticky":false,"template":"","format":"standard","meta":{"_acf_changed":false,"footnotes":""},"categories":[28],"tags":[591],"class_list":{"0":"post-29717","1":"post","2":"type-post","3":"status-publish","4":"format-standard","5":"has-post-thumbnail","7":"category-moda","8":"tag-fantasias"},"acf":[],"yoast_head":"<!-- This site is optimized with the Yoast SEO Premium plugin v26.6 (Yoast SEO v26.6) - https:\/\/yoast.com\/wordpress\/plugins\/seo\/ -->\n<title>Ainda n\u00e3o escolheu a fantasia de Carnaval para seu filho? Confira nossas dicas!<\/title>\n<meta name=\"robots\" content=\"index, follow, max-snippet:-1, max-image-preview:large, max-video-preview:-1\" \/>\n<link rel=\"canonical\" href=\"https:\/\/colinahomolog.com.br\/dev\/just-real-moms\/ainda-nao-escolheu-fantasia-de-carnaval-para-seu-filho\/\" \/>\n<meta property=\"og:locale\" content=\"pt_BR\" \/>\n<meta property=\"og:type\" content=\"article\" \/>\n<meta property=\"og:title\" content=\"Ainda n\u00e3o escolheu a fantasia de Carnaval para seu filho? Confira nossas dicas!\" \/>\n<meta property=\"og:description\" content=\"Favorite&nbsp; Oi, meninas! O Carnaval est\u00e1 quase a\u00ed! Estou super empolgada e louca para fantasiar meus pequenos! Acho bem dif\u00edcil a escolha da fantasia&#8230; Sempre quero alguma bonita e, ao mesmo tempo, confort\u00e1vel. E agora, eles est\u00e3o em uma fase que querem escolher tudo! Para facilitar essa escolha, resolvi fazer um post com v\u00e1rias op\u00e7\u00f5es, [&hellip;]\" \/>\n<meta property=\"og:url\" content=\"https:\/\/colinahomolog.com.br\/dev\/just-real-moms\/ainda-nao-escolheu-fantasia-de-carnaval-para-seu-filho\/\" \/>\n<meta property=\"og:site_name\" content=\"Just Real Moms - Blog para M\u00e3es\" \/>\n<meta property=\"article:publisher\" content=\"https:\/\/www.facebook.com\/JustRealMoms\" \/>\n<meta property=\"article:published_time\" content=\"2015-02-04T10:30:42+00:00\" \/>\n<meta property=\"article:modified_time\" content=\"2023-01-15T19:56:12+00:00\" \/>\n<meta property=\"og:image\" content=\"https:\/\/colinahomolog.com.br\/dev\/just-real-moms\/wp-content\/uploads\/2015\/02\/image1.jpg\" \/>\n\t<meta property=\"og:image:width\" content=\"1\" \/>\n\t<meta property=\"og:image:height\" content=\"1\" \/>\n\t<meta property=\"og:image:type\" content=\"image\/jpeg\" \/>\n<meta name=\"author\" content=\"Renata\" \/>\n<meta name=\"twitter:label1\" content=\"Escrito por\" \/>\n\t<meta name=\"twitter:data1\" content=\"Renata\" \/>\n\t<meta name=\"twitter:label2\" content=\"Est. tempo de leitura\" \/>\n\t<meta name=\"twitter:data2\" content=\"3 minutos\" \/>\n<script type=\"application\/ld+json\" class=\"yoast-schema-graph\">{\"@context\":\"https:\/\/schema.org\",\"@graph\":[{\"@type\":\"WebPage\",\"@id\":\"https:\/\/colinahomolog.com.br\/dev\/just-real-moms\/ainda-nao-escolheu-fantasia-de-carnaval-para-seu-filho\/\",\"url\":\"https:\/\/colinahomolog.com.br\/dev\/just-real-moms\/ainda-nao-escolheu-fantasia-de-carnaval-para-seu-filho\/\",\"name\":\"Ainda n\u00e3o escolheu a fantasia de Carnaval para seu filho? Confira nossas dicas!\",\"isPartOf\":{\"@id\":\"https:\/\/colinahomolog.com.br\/dev\/just-real-moms\/#website\"},\"primaryImageOfPage\":{\"@id\":\"https:\/\/colinahomolog.com.br\/dev\/just-real-moms\/ainda-nao-escolheu-fantasia-de-carnaval-para-seu-filho\/#primaryimage\"},\"image\":{\"@id\":\"https:\/\/colinahomolog.com.br\/dev\/just-real-moms\/ainda-nao-escolheu-fantasia-de-carnaval-para-seu-filho\/#primaryimage\"},\"thumbnailUrl\":\"https:\/\/colinahomolog.com.br\/dev\/just-real-moms\/wp-content\/uploads\/2015\/02\/image1.jpg\",\"datePublished\":\"2015-02-04T10:30:42+00:00\",\"dateModified\":\"2023-01-15T19:56:12+00:00\",\"author\":{\"@id\":\"https:\/\/colinahomolog.com.br\/dev\/just-real-moms\/#\/schema\/person\/2f9d85c04a6847c0f366e0a40924a2fa\"},\"breadcrumb\":{\"@id\":\"https:\/\/colinahomolog.com.br\/dev\/just-real-moms\/ainda-nao-escolheu-fantasia-de-carnaval-para-seu-filho\/#breadcrumb\"},\"inLanguage\":\"pt-BR\",\"potentialAction\":[{\"@type\":\"ReadAction\",\"target\":[\"https:\/\/colinahomolog.com.br\/dev\/just-real-moms\/ainda-nao-escolheu-fantasia-de-carnaval-para-seu-filho\/\"]}]},{\"@type\":\"ImageObject\",\"inLanguage\":\"pt-BR\",\"@id\":\"https:\/\/colinahomolog.com.br\/dev\/just-real-moms\/ainda-nao-escolheu-fantasia-de-carnaval-para-seu-filho\/#primaryimage\",\"url\":\"https:\/\/colinahomolog.com.br\/dev\/just-real-moms\/wp-content\/uploads\/2015\/02\/image1.jpg\",\"contentUrl\":\"https:\/\/colinahomolog.com.br\/dev\/just-real-moms\/wp-content\/uploads\/2015\/02\/image1.jpg\"},{\"@type\":\"BreadcrumbList\",\"@id\":\"https:\/\/colinahomolog.com.br\/dev\/just-real-moms\/ainda-nao-escolheu-fantasia-de-carnaval-para-seu-filho\/#breadcrumb\",\"itemListElement\":[{\"@type\":\"ListItem\",\"position\":1,\"name\":\"In\u00edcio\",\"item\":\"https:\/\/colinahomolog.com.br\/dev\/just-real-moms\/\"},{\"@type\":\"ListItem\",\"position\":2,\"name\":\"Ainda n\u00e3o escolheu a fantasia de Carnaval para seu filho? Confira nossas dicas!\"}]},{\"@type\":\"WebSite\",\"@id\":\"https:\/\/colinahomolog.com.br\/dev\/just-real-moms\/#website\",\"url\":\"https:\/\/colinahomolog.com.br\/dev\/just-real-moms\/\",\"name\":\"Just Real Moms - Blog para M\u00e3es\",\"description\":\"O melhor e mais completo portal para m\u00e3es, pais e futuros pais!\",\"potentialAction\":[{\"@type\":\"SearchAction\",\"target\":{\"@type\":\"EntryPoint\",\"urlTemplate\":\"https:\/\/colinahomolog.com.br\/dev\/just-real-moms\/?s={search_term_string}\"},\"query-input\":{\"@type\":\"PropertyValueSpecification\",\"valueRequired\":true,\"valueName\":\"search_term_string\"}}],\"inLanguage\":\"pt-BR\"},{\"@type\":\"Person\",\"@id\":\"https:\/\/colinahomolog.com.br\/dev\/just-real-moms\/#\/schema\/person\/2f9d85c04a6847c0f366e0a40924a2fa\",\"name\":\"Renata\",\"url\":\"https:\/\/colinahomolog.com.br\/dev\/just-real-moms\/author\/renata\/\"}]}<\/script>\n<!-- \/ Yoast SEO Premium plugin. -->","yoast_head_json":{"title":"Ainda n\u00e3o escolheu a fantasia de Carnaval para seu filho? Confira nossas dicas!","robots":{"index":"index","follow":"follow","max-snippet":"max-snippet:-1","max-image-preview":"max-image-preview:large","max-video-preview":"max-video-preview:-1"},"canonical":"https:\/\/colinahomolog.com.br\/dev\/just-real-moms\/ainda-nao-escolheu-fantasia-de-carnaval-para-seu-filho\/","og_locale":"pt_BR","og_type":"article","og_title":"Ainda n\u00e3o escolheu a fantasia de Carnaval para seu filho? Confira nossas dicas!","og_description":"Favorite&nbsp; Oi, meninas! O Carnaval est\u00e1 quase a\u00ed! Estou super empolgada e louca para fantasiar meus pequenos! Acho bem dif\u00edcil a escolha da fantasia&#8230; Sempre quero alguma bonita e, ao mesmo tempo, confort\u00e1vel. E agora, eles est\u00e3o em uma fase que querem escolher tudo! Para facilitar essa escolha, resolvi fazer um post com v\u00e1rias op\u00e7\u00f5es, [&hellip;]","og_url":"https:\/\/colinahomolog.com.br\/dev\/just-real-moms\/ainda-nao-escolheu-fantasia-de-carnaval-para-seu-filho\/","og_site_name":"Just Real Moms - Blog para M\u00e3es","article_publisher":"https:\/\/www.facebook.com\/JustRealMoms","article_published_time":"2015-02-04T10:30:42+00:00","article_modified_time":"2023-01-15T19:56:12+00:00","og_image":[{"url":"https:\/\/colinahomolog.com.br\/dev\/just-real-moms\/wp-content\/uploads\/2015\/02\/image1.jpg","width":1,"height":1,"type":"image\/jpeg"}],"author":"Renata","twitter_misc":{"Escrito por":"Renata","Est. tempo de leitura":"3 minutos"},"schema":{"@context":"https:\/\/schema.org","@graph":[{"@type":"WebPage","@id":"https:\/\/colinahomolog.com.br\/dev\/just-real-moms\/ainda-nao-escolheu-fantasia-de-carnaval-para-seu-filho\/","url":"https:\/\/colinahomolog.com.br\/dev\/just-real-moms\/ainda-nao-escolheu-fantasia-de-carnaval-para-seu-filho\/","name":"Ainda n\u00e3o escolheu a fantasia de Carnaval para seu filho? Confira nossas dicas!","isPartOf":{"@id":"https:\/\/colinahomolog.com.br\/dev\/just-real-moms\/#website"},"primaryImageOfPage":{"@id":"https:\/\/colinahomolog.com.br\/dev\/just-real-moms\/ainda-nao-escolheu-fantasia-de-carnaval-para-seu-filho\/#primaryimage"},"image":{"@id":"https:\/\/colinahomolog.com.br\/dev\/just-real-moms\/ainda-nao-escolheu-fantasia-de-carnaval-para-seu-filho\/#primaryimage"},"thumbnailUrl":"https:\/\/colinahomolog.com.br\/dev\/just-real-moms\/wp-content\/uploads\/2015\/02\/image1.jpg","datePublished":"2015-02-04T10:30:42+00:00","dateModified":"2023-01-15T19:56:12+00:00","author":{"@id":"https:\/\/colinahomolog.com.br\/dev\/just-real-moms\/#\/schema\/person\/2f9d85c04a6847c0f366e0a40924a2fa"},"breadcrumb":{"@id":"https:\/\/colinahomolog.com.br\/dev\/just-real-moms\/ainda-nao-escolheu-fantasia-de-carnaval-para-seu-filho\/#breadcrumb"},"inLanguage":"pt-BR","potentialAction":[{"@type":"ReadAction","target":["https:\/\/colinahomolog.com.br\/dev\/just-real-moms\/ainda-nao-escolheu-fantasia-de-carnaval-para-seu-filho\/"]}]},{"@type":"ImageObject","inLanguage":"pt-BR","@id":"https:\/\/colinahomolog.com.br\/dev\/just-real-moms\/ainda-nao-escolheu-fantasia-de-carnaval-para-seu-filho\/#primaryimage","url":"https:\/\/colinahomolog.com.br\/dev\/just-real-moms\/wp-content\/uploads\/2015\/02\/image1.jpg","contentUrl":"https:\/\/colinahomolog.com.br\/dev\/just-real-moms\/wp-content\/uploads\/2015\/02\/image1.jpg"},{"@type":"BreadcrumbList","@id":"https:\/\/colinahomolog.com.br\/dev\/just-real-moms\/ainda-nao-escolheu-fantasia-de-carnaval-para-seu-filho\/#breadcrumb","itemListElement":[{"@type":"ListItem","position":1,"name":"In\u00edcio","item":"https:\/\/colinahomolog.com.br\/dev\/just-real-moms\/"},{"@type":"ListItem","position":2,"name":"Ainda n\u00e3o escolheu a fantasia de Carnaval para seu filho? Confira nossas dicas!"}]},{"@type":"WebSite","@id":"https:\/\/colinahomolog.com.br\/dev\/just-real-moms\/#website","url":"https:\/\/colinahomolog.com.br\/dev\/just-real-moms\/","name":"Just Real Moms - Blog para M\u00e3es","description":"O melhor e mais completo portal para m\u00e3es, pais e futuros pais!","potentialAction":[{"@type":"SearchAction","target":{"@type":"EntryPoint","urlTemplate":"https:\/\/colinahomolog.com.br\/dev\/just-real-moms\/?s={search_term_string}"},"query-input":{"@type":"PropertyValueSpecification","valueRequired":true,"valueName":"search_term_string"}}],"inLanguage":"pt-BR"},{"@type":"Person","@id":"https:\/\/colinahomolog.com.br\/dev\/just-real-moms\/#\/schema\/person\/2f9d85c04a6847c0f366e0a40924a2fa","name":"Renata","url":"https:\/\/colinahomolog.com.br\/dev\/just-real-moms\/author\/renata\/"}]}},"_links":{"self":[{"href":"https:\/\/colinahomolog.com.br\/dev\/just-real-moms\/wp-json\/wp\/v2\/posts\/29717","targetHints":{"allow":["GET"]}}],"collection":[{"href":"https:\/\/colinahomolog.com.br\/dev\/just-real-moms\/wp-json\/wp\/v2\/posts"}],"about":[{"href":"https:\/\/colinahomolog.com.br\/dev\/just-real-moms\/wp-json\/wp\/v2\/types\/post"}],"author":[{"embeddable":true,"href":"https:\/\/colinahomolog.com.br\/dev\/just-real-moms\/wp-json\/wp\/v2\/users\/4"}],"replies":[{"embeddable":true,"href":"https:\/\/colinahomolog.com.br\/dev\/just-real-moms\/wp-json\/wp\/v2\/comments?post=29717"}],"version-history":[{"count":0,"href":"https:\/\/colinahomolog.com.br\/dev\/just-real-moms\/wp-json\/wp\/v2\/posts\/29717\/revisions"}],"wp:featuredmedia":[{"embeddable":true,"href":"https:\/\/colinahomolog.com.br\/dev\/just-real-moms\/wp-json\/wp\/v2\/media\/29832"}],"wp:attachment":[{"href":"https:\/\/colinahomolog.com.br\/dev\/just-real-moms\/wp-json\/wp\/v2\/media?parent=29717"}],"wp:term":[{"taxonomy":"category","embeddable":true,"href":"https:\/\/colinahomolog.com.br\/dev\/just-real-moms\/wp-json\/wp\/v2\/categories?post=29717"},{"taxonomy":"post_tag","embeddable":true,"href":"https:\/\/colinahomolog.com.br\/dev\/just-real-moms\/wp-json\/wp\/v2\/tags?post=29717"}],"curies":[{"name":"wp","href":"https:\/\/api.w.org\/{rel}","templated":true}]}}