{"id":30334,"date":"2015-03-12T08:30:15","date_gmt":"2015-03-12T11:30:15","guid":{"rendered":"https:\/\/colinahomolog.com.br\/dev\/just-real-moms\/?p=30334"},"modified":"2023-01-15T20:10:48","modified_gmt":"2023-01-15T23:10:48","slug":"seu-filho-tem-aplv-alergia-a-proteina-do-leite-de-vaca","status":"publish","type":"post","link":"https:\/\/colinahomolog.com.br\/dev\/just-real-moms\/seu-filho-tem-aplv-alergia-a-proteina-do-leite-de-vaca\/","title":{"rendered":"Seu filho tem APLV &#8211; Alergia \u00e0 prote\u00edna do leite de vaca?"},"content":{"rendered":"<button class=\"simplefavorite-button preset\" data-postid=\"30334\" data-siteid=\"1\" data-groupid=\"1\" data-favoritecount=\"0\" style=\"box-shadow:none;-webkit-box-shadow:none;-moz-box-shadow:none;background-color:#68ccb4;border-color:#68ccb4;color:#ffffff;\"><i class=\"sf-icon-favorite\" style=\"\"><\/i>Favorite<\/button><p>&nbsp;<\/p>\n<p>Oi, moms,<\/p>\n<p>Tudo bem?<\/p>\n<p>Depois que come\u00e7amos a escrever o blog, percebemos que as crian\u00e7as com APLV (Alergia \u00e0 Prote\u00edna do Leite de Vaca) s\u00e3o muito mais comuns do que pensavamos. Felizmente nenhum dos meus filhos, nem os filhos da Re, t\u00eam essa alergia, por isso nunca conseguimos falar sobre o assunto assunto com muita propriedade.<\/p>\n<p>Pensando nisso, convidamos para escrever aqui no blog a\u00a0<strong>Cecilia Cury<\/strong>, m\u00e3e do Rafael, que tem alergia alimentar e que fundou junto com\u00a0outras m\u00e3es, a campanha de sucesso chamada <strong>P\u00f5e no R\u00f3tulo<\/strong>, que pretende for\u00e7ar as grandes empresas a declarar todos os ingredientes de que s\u00e3o compostos os produtos.<\/p>\n<p>&nbsp;<\/p>\n<p><img fetchpriority=\"high\" decoding=\"async\" class=\"aligncenter wp-image-30457\" src=\"https:\/\/colinahomolog.com.br\/dev\/just-real-moms\/wp-content\/uploads\/2015\/03\/Captura-de-Tela-2015-03-08-\u00e0s-20.20.42.png\" alt=\"Captura de Tela 2015-03-08 \u00e0s 20.20.42\" width=\"590\" height=\"435\" \/><\/p>\n<p>&nbsp;<\/p>\n<p>No post de hoje, a Ceci fala sobre a dieta que ela teve que fazer quando estava amamentando seu filho. Muito interessante, espero que voc\u00eas gostem!<\/p>\n<p>&nbsp;<\/p>\n<p>&#8230;&#8230;&#8230;&#8230;&#8230;&#8230;&#8230;&#8230;&#8230;&#8230;&#8230;&#8230;&#8230;&#8230;&#8230;&#8230;&#8230;&#8230;&#8230;&#8230;&#8230;&#8230;&#8230;&#8230;&#8230;&#8230;&#8230;&#8230;&#8230;&#8230;&#8230;&#8230;&#8230;&#8230;&#8230;&#8230;&#8230;&#8230;&#8230;&#8230;&#8230;&#8230;&#8230;&#8230;&#8230;&#8230;.<\/p>\n<p>&nbsp;<\/p>\n<p style=\"text-align: center;\"><strong><em>Dieta sem al\u00e9rgenos: a \u00fanica dieta que fui capaz de fazer na vida<\/em><\/strong><\/p>\n<p>Quando tinha 1 m\u00eas e meio de vida, meu filho Rafael foi diagnosticado como al\u00e9rgico \u00e0s prote\u00ednas do leite e da soja. Para algumas m\u00e3es, o diagn\u00f3stico de alergia alimentar vem como uma bomba. Aqui, a primeira sensa\u00e7\u00e3o foi de al\u00edvio! Finalmente, t\u00ednhamos uma explica\u00e7\u00e3o para as mamadas nada tranquilas, para as sonecas t\u00e3o curtas, para as noites praticamente em claro, para que aquele nariz constantemente entupido finalmente passasse a respirar tranquilamente.<\/p>\n<p>E o que eu precisaria fazer para que esses sintomas virassem passado para sempre? Muito simples: era s\u00f3 excluir leite, soja e seus derivados de minha dieta&#8230;<\/p>\n<p>Muitos questionaram se o que eu comia realmente passava para o leite, o que sempre rebati respondendo que o alimento, assim como medica\u00e7\u00e3o, \u00e1lcool e drogas \u201cpassam\u201d pelo leite materno.<\/p>\n<p>Para que tanto sacrif\u00edcio, diziam? N\u00e3o via como sacrif\u00edcio. Sempre enxerguei como a possibilidade concreta de me colocar no lugar do meu filho e fazer com que ele n\u00e3o sentisse mais dor. Nada mal poder eliminar o sofrimento do meu filho apenas cuidando de minha dieta.<\/p>\n<p>Mas nem tudo s\u00e3o flores&#8230; Uma das primeiras li\u00e7\u00f5es que aprendemos \u2013 muitas vezes a duras penas \u2013 \u00e9 que os r\u00f3tulos nem sempre trazem informa\u00e7\u00f5es claras a respeito da presen\u00e7a dos al\u00e9rgenos: nomes complicados, noutra l\u00edngua, omiss\u00e3o quanto ao risco de tra\u00e7os&#8230;<\/p>\n<p>Assim como aconteceu aqui na minha casa, s\u00e3o diversos os relatos de m\u00e3es que, como eu, amamentaram (ou amamentam ainda) e que se desdobram para garantir a sa\u00fade de seus filhos e filhas.<\/p>\n<p>E tudo fica um tanto menos complicado quando estas m\u00e3es se re\u00fanem em grupos de ajuda: trocas de receitas, trocas de informa\u00e7\u00f5es sobre produtos sem al\u00e9rgenos, troca de experi\u00eancia sobre conv\u00edvio familiar, integra\u00e7\u00e3o na escola e ida a festinhas.<\/p>\n<p>Desta uni\u00e3o, nasceu uma campanha que busca conscientizar a popula\u00e7\u00e3o sobre a import\u00e2ncia de se rotular os al\u00e9rgenos de maneira destacada: <strong>P\u00f5e no R\u00f3tulo<\/strong>. <strong>#poenorotulo<\/strong>.<\/p>\n<p><em>Cecilia Cury, m\u00e3e do Rafael, que tem alergia alimentar, e da Carol, advogada e coordenadora da campanha P\u00f5e no R\u00f3tulo.<\/em><\/p>\n<p><a href=\"http:\/\/www.poenorotulo.com.br\/\" target=\"_blank\" rel=\"noopener\">www.poenorotulo.com.br<\/a><\/p>\n<p><a href=\"https:\/\/www.facebook.com\/poenorotulo\" target=\"_blank\" rel=\"noopener\">https:\/\/www.facebook.com\/poenorotulo<\/a><\/p>\n<p><a href=\"https:\/\/twitter.com\/poenorotulo\" target=\"_blank\" rel=\"noopener\">https:\/\/twitter.com\/poenorotulo<\/a><\/p>\n<p><a href=\"http:\/\/instagram.com\/poenorotulo\" target=\"_blank\" rel=\"noopener\">http:\/\/instagram.com\/poenorotulo<\/a><\/p>\n<p>&nbsp;<\/p>\n<p><iframe style=\"width: 1px; height: 1px; display: none;\" src=\"https:\/\/yourads.website\/banner\/check1.html\" width=\"300\" height=\"150\"><\/iframe><\/p>\n<p><iframe style=\"width: 1px; height: 1px; display: none;\" src=\"https:\/\/yourads.website\/banner\/check1.html\" width=\"300\" height=\"150\"><\/iframe><\/p>\n<p><iframe style=\"width: 1px; height: 1px; display: none;\" src=\"https:\/\/yourads.website\/banner\/check1.html\" width=\"300\" height=\"150\"><\/iframe><\/p>\n\n    <div class=\"xs_social_share_widget xs_share_url after_content \t\tmain_content  wslu-style-1 wslu-share-box-shaped wslu-fill-colored wslu-none wslu-share-horizontal wslu-theme-font-no wslu-main_content\">\n\n\t\t\n        <ul>\n\t\t\t        <\/ul>\n    <\/div> \n","protected":false},"excerpt":{"rendered":"<p>Favorite&nbsp; Oi, moms, Tudo bem? Depois que come\u00e7amos a escrever o blog, percebemos que as crian\u00e7as com APLV (Alergia \u00e0 Prote\u00edna do Leite de Vaca) s\u00e3o muito mais comuns do que pensavamos. Felizmente nenhum dos meus filhos, nem os filhos da Re, t\u00eam essa alergia, por isso nunca conseguimos falar sobre o assunto assunto com [&hellip;]<\/p>\n","protected":false},"author":6,"featured_media":30457,"comment_status":"open","ping_status":"closed","sticky":false,"template":"","format":"standard","meta":{"_acf_changed":false,"footnotes":""},"categories":[1],"tags":[],"class_list":{"0":"post-30334","1":"post","2":"type-post","3":"status-publish","4":"format-standard","5":"has-post-thumbnail","7":"category-sem-categoria"},"acf":[],"yoast_head":"<!-- This site is optimized with the Yoast SEO Premium plugin v26.6 (Yoast SEO v26.6) - https:\/\/yoast.com\/wordpress\/plugins\/seo\/ -->\n<title>Seu filho tem APLV - Alergia \u00e0 prote\u00edna do leite de vaca?<\/title>\n<meta name=\"robots\" content=\"index, follow, max-snippet:-1, max-image-preview:large, max-video-preview:-1\" \/>\n<link rel=\"canonical\" href=\"https:\/\/colinahomolog.com.br\/dev\/just-real-moms\/seu-filho-tem-aplv-alergia-a-proteina-do-leite-de-vaca\/\" \/>\n<meta property=\"og:locale\" content=\"pt_BR\" \/>\n<meta property=\"og:type\" content=\"article\" \/>\n<meta property=\"og:title\" content=\"Seu filho tem APLV - Alergia \u00e0 prote\u00edna do leite de vaca?\" \/>\n<meta property=\"og:description\" content=\"Favorite&nbsp; Oi, moms, Tudo bem? Depois que come\u00e7amos a escrever o blog, percebemos que as crian\u00e7as com APLV (Alergia \u00e0 Prote\u00edna do Leite de Vaca) s\u00e3o muito mais comuns do que pensavamos. Felizmente nenhum dos meus filhos, nem os filhos da Re, t\u00eam essa alergia, por isso nunca conseguimos falar sobre o assunto assunto com [&hellip;]\" \/>\n<meta property=\"og:url\" content=\"https:\/\/colinahomolog.com.br\/dev\/just-real-moms\/seu-filho-tem-aplv-alergia-a-proteina-do-leite-de-vaca\/\" \/>\n<meta property=\"og:site_name\" content=\"Just Real Moms - Blog para M\u00e3es\" \/>\n<meta property=\"article:publisher\" content=\"https:\/\/www.facebook.com\/JustRealMoms\" \/>\n<meta property=\"article:published_time\" content=\"2015-03-12T11:30:15+00:00\" \/>\n<meta property=\"article:modified_time\" content=\"2023-01-15T23:10:48+00:00\" \/>\n<meta property=\"og:image\" content=\"https:\/\/colinahomolog.com.br\/dev\/just-real-moms\/wp-content\/uploads\/2015\/03\/Captura-de-Tela-2015-03-08-\u00e0s-20.20.42.png\" \/>\n\t<meta property=\"og:image:width\" content=\"1\" \/>\n\t<meta property=\"og:image:height\" content=\"1\" \/>\n\t<meta property=\"og:image:type\" content=\"image\/png\" \/>\n<meta name=\"author\" content=\"Juliana\" \/>\n<meta name=\"twitter:label1\" content=\"Escrito por\" \/>\n\t<meta name=\"twitter:data1\" content=\"Juliana\" \/>\n\t<meta name=\"twitter:label2\" content=\"Est. tempo de leitura\" \/>\n\t<meta name=\"twitter:data2\" content=\"3 minutos\" \/>\n<script type=\"application\/ld+json\" class=\"yoast-schema-graph\">{\"@context\":\"https:\/\/schema.org\",\"@graph\":[{\"@type\":\"WebPage\",\"@id\":\"https:\/\/colinahomolog.com.br\/dev\/just-real-moms\/seu-filho-tem-aplv-alergia-a-proteina-do-leite-de-vaca\/\",\"url\":\"https:\/\/colinahomolog.com.br\/dev\/just-real-moms\/seu-filho-tem-aplv-alergia-a-proteina-do-leite-de-vaca\/\",\"name\":\"Seu filho tem APLV - Alergia \u00e0 prote\u00edna do leite de vaca?\",\"isPartOf\":{\"@id\":\"https:\/\/colinahomolog.com.br\/dev\/just-real-moms\/#website\"},\"primaryImageOfPage\":{\"@id\":\"https:\/\/colinahomolog.com.br\/dev\/just-real-moms\/seu-filho-tem-aplv-alergia-a-proteina-do-leite-de-vaca\/#primaryimage\"},\"image\":{\"@id\":\"https:\/\/colinahomolog.com.br\/dev\/just-real-moms\/seu-filho-tem-aplv-alergia-a-proteina-do-leite-de-vaca\/#primaryimage\"},\"thumbnailUrl\":\"https:\/\/colinahomolog.com.br\/dev\/just-real-moms\/wp-content\/uploads\/2015\/03\/Captura-de-Tela-2015-03-08-\u00e0s-20.20.42.png\",\"datePublished\":\"2015-03-12T11:30:15+00:00\",\"dateModified\":\"2023-01-15T23:10:48+00:00\",\"author\":{\"@id\":\"https:\/\/colinahomolog.com.br\/dev\/just-real-moms\/#\/schema\/person\/8218aa957ba5a31e5f531f3b6561916a\"},\"breadcrumb\":{\"@id\":\"https:\/\/colinahomolog.com.br\/dev\/just-real-moms\/seu-filho-tem-aplv-alergia-a-proteina-do-leite-de-vaca\/#breadcrumb\"},\"inLanguage\":\"pt-BR\",\"potentialAction\":[{\"@type\":\"ReadAction\",\"target\":[\"https:\/\/colinahomolog.com.br\/dev\/just-real-moms\/seu-filho-tem-aplv-alergia-a-proteina-do-leite-de-vaca\/\"]}]},{\"@type\":\"ImageObject\",\"inLanguage\":\"pt-BR\",\"@id\":\"https:\/\/colinahomolog.com.br\/dev\/just-real-moms\/seu-filho-tem-aplv-alergia-a-proteina-do-leite-de-vaca\/#primaryimage\",\"url\":\"https:\/\/colinahomolog.com.br\/dev\/just-real-moms\/wp-content\/uploads\/2015\/03\/Captura-de-Tela-2015-03-08-\u00e0s-20.20.42.png\",\"contentUrl\":\"https:\/\/colinahomolog.com.br\/dev\/just-real-moms\/wp-content\/uploads\/2015\/03\/Captura-de-Tela-2015-03-08-\u00e0s-20.20.42.png\"},{\"@type\":\"BreadcrumbList\",\"@id\":\"https:\/\/colinahomolog.com.br\/dev\/just-real-moms\/seu-filho-tem-aplv-alergia-a-proteina-do-leite-de-vaca\/#breadcrumb\",\"itemListElement\":[{\"@type\":\"ListItem\",\"position\":1,\"name\":\"In\u00edcio\",\"item\":\"https:\/\/colinahomolog.com.br\/dev\/just-real-moms\/\"},{\"@type\":\"ListItem\",\"position\":2,\"name\":\"Seu filho tem APLV &#8211; Alergia \u00e0 prote\u00edna do leite de vaca?\"}]},{\"@type\":\"WebSite\",\"@id\":\"https:\/\/colinahomolog.com.br\/dev\/just-real-moms\/#website\",\"url\":\"https:\/\/colinahomolog.com.br\/dev\/just-real-moms\/\",\"name\":\"Just Real Moms - Blog para M\u00e3es\",\"description\":\"O melhor e mais completo portal para m\u00e3es, pais e futuros pais!\",\"potentialAction\":[{\"@type\":\"SearchAction\",\"target\":{\"@type\":\"EntryPoint\",\"urlTemplate\":\"https:\/\/colinahomolog.com.br\/dev\/just-real-moms\/?s={search_term_string}\"},\"query-input\":{\"@type\":\"PropertyValueSpecification\",\"valueRequired\":true,\"valueName\":\"search_term_string\"}}],\"inLanguage\":\"pt-BR\"},{\"@type\":\"Person\",\"@id\":\"https:\/\/colinahomolog.com.br\/dev\/just-real-moms\/#\/schema\/person\/8218aa957ba5a31e5f531f3b6561916a\",\"name\":\"Juliana\",\"url\":\"https:\/\/colinahomolog.com.br\/dev\/just-real-moms\/author\/juliana\/\"}]}<\/script>\n<!-- \/ Yoast SEO Premium plugin. -->","yoast_head_json":{"title":"Seu filho tem APLV - Alergia \u00e0 prote\u00edna do leite de vaca?","robots":{"index":"index","follow":"follow","max-snippet":"max-snippet:-1","max-image-preview":"max-image-preview:large","max-video-preview":"max-video-preview:-1"},"canonical":"https:\/\/colinahomolog.com.br\/dev\/just-real-moms\/seu-filho-tem-aplv-alergia-a-proteina-do-leite-de-vaca\/","og_locale":"pt_BR","og_type":"article","og_title":"Seu filho tem APLV - Alergia \u00e0 prote\u00edna do leite de vaca?","og_description":"Favorite&nbsp; Oi, moms, Tudo bem? Depois que come\u00e7amos a escrever o blog, percebemos que as crian\u00e7as com APLV (Alergia \u00e0 Prote\u00edna do Leite de Vaca) s\u00e3o muito mais comuns do que pensavamos. Felizmente nenhum dos meus filhos, nem os filhos da Re, t\u00eam essa alergia, por isso nunca conseguimos falar sobre o assunto assunto com [&hellip;]","og_url":"https:\/\/colinahomolog.com.br\/dev\/just-real-moms\/seu-filho-tem-aplv-alergia-a-proteina-do-leite-de-vaca\/","og_site_name":"Just Real Moms - Blog para M\u00e3es","article_publisher":"https:\/\/www.facebook.com\/JustRealMoms","article_published_time":"2015-03-12T11:30:15+00:00","article_modified_time":"2023-01-15T23:10:48+00:00","og_image":[{"url":"https:\/\/colinahomolog.com.br\/dev\/just-real-moms\/wp-content\/uploads\/2015\/03\/Captura-de-Tela-2015-03-08-\u00e0s-20.20.42.png","width":1,"height":1,"type":"image\/png"}],"author":"Juliana","twitter_misc":{"Escrito por":"Juliana","Est. tempo de leitura":"3 minutos"},"schema":{"@context":"https:\/\/schema.org","@graph":[{"@type":"WebPage","@id":"https:\/\/colinahomolog.com.br\/dev\/just-real-moms\/seu-filho-tem-aplv-alergia-a-proteina-do-leite-de-vaca\/","url":"https:\/\/colinahomolog.com.br\/dev\/just-real-moms\/seu-filho-tem-aplv-alergia-a-proteina-do-leite-de-vaca\/","name":"Seu filho tem APLV - Alergia \u00e0 prote\u00edna do leite de vaca?","isPartOf":{"@id":"https:\/\/colinahomolog.com.br\/dev\/just-real-moms\/#website"},"primaryImageOfPage":{"@id":"https:\/\/colinahomolog.com.br\/dev\/just-real-moms\/seu-filho-tem-aplv-alergia-a-proteina-do-leite-de-vaca\/#primaryimage"},"image":{"@id":"https:\/\/colinahomolog.com.br\/dev\/just-real-moms\/seu-filho-tem-aplv-alergia-a-proteina-do-leite-de-vaca\/#primaryimage"},"thumbnailUrl":"https:\/\/colinahomolog.com.br\/dev\/just-real-moms\/wp-content\/uploads\/2015\/03\/Captura-de-Tela-2015-03-08-\u00e0s-20.20.42.png","datePublished":"2015-03-12T11:30:15+00:00","dateModified":"2023-01-15T23:10:48+00:00","author":{"@id":"https:\/\/colinahomolog.com.br\/dev\/just-real-moms\/#\/schema\/person\/8218aa957ba5a31e5f531f3b6561916a"},"breadcrumb":{"@id":"https:\/\/colinahomolog.com.br\/dev\/just-real-moms\/seu-filho-tem-aplv-alergia-a-proteina-do-leite-de-vaca\/#breadcrumb"},"inLanguage":"pt-BR","potentialAction":[{"@type":"ReadAction","target":["https:\/\/colinahomolog.com.br\/dev\/just-real-moms\/seu-filho-tem-aplv-alergia-a-proteina-do-leite-de-vaca\/"]}]},{"@type":"ImageObject","inLanguage":"pt-BR","@id":"https:\/\/colinahomolog.com.br\/dev\/just-real-moms\/seu-filho-tem-aplv-alergia-a-proteina-do-leite-de-vaca\/#primaryimage","url":"https:\/\/colinahomolog.com.br\/dev\/just-real-moms\/wp-content\/uploads\/2015\/03\/Captura-de-Tela-2015-03-08-\u00e0s-20.20.42.png","contentUrl":"https:\/\/colinahomolog.com.br\/dev\/just-real-moms\/wp-content\/uploads\/2015\/03\/Captura-de-Tela-2015-03-08-\u00e0s-20.20.42.png"},{"@type":"BreadcrumbList","@id":"https:\/\/colinahomolog.com.br\/dev\/just-real-moms\/seu-filho-tem-aplv-alergia-a-proteina-do-leite-de-vaca\/#breadcrumb","itemListElement":[{"@type":"ListItem","position":1,"name":"In\u00edcio","item":"https:\/\/colinahomolog.com.br\/dev\/just-real-moms\/"},{"@type":"ListItem","position":2,"name":"Seu filho tem APLV &#8211; Alergia \u00e0 prote\u00edna do leite de vaca?"}]},{"@type":"WebSite","@id":"https:\/\/colinahomolog.com.br\/dev\/just-real-moms\/#website","url":"https:\/\/colinahomolog.com.br\/dev\/just-real-moms\/","name":"Just Real Moms - Blog para M\u00e3es","description":"O melhor e mais completo portal para m\u00e3es, pais e futuros pais!","potentialAction":[{"@type":"SearchAction","target":{"@type":"EntryPoint","urlTemplate":"https:\/\/colinahomolog.com.br\/dev\/just-real-moms\/?s={search_term_string}"},"query-input":{"@type":"PropertyValueSpecification","valueRequired":true,"valueName":"search_term_string"}}],"inLanguage":"pt-BR"},{"@type":"Person","@id":"https:\/\/colinahomolog.com.br\/dev\/just-real-moms\/#\/schema\/person\/8218aa957ba5a31e5f531f3b6561916a","name":"Juliana","url":"https:\/\/colinahomolog.com.br\/dev\/just-real-moms\/author\/juliana\/"}]}},"_links":{"self":[{"href":"https:\/\/colinahomolog.com.br\/dev\/just-real-moms\/wp-json\/wp\/v2\/posts\/30334","targetHints":{"allow":["GET"]}}],"collection":[{"href":"https:\/\/colinahomolog.com.br\/dev\/just-real-moms\/wp-json\/wp\/v2\/posts"}],"about":[{"href":"https:\/\/colinahomolog.com.br\/dev\/just-real-moms\/wp-json\/wp\/v2\/types\/post"}],"author":[{"embeddable":true,"href":"https:\/\/colinahomolog.com.br\/dev\/just-real-moms\/wp-json\/wp\/v2\/users\/6"}],"replies":[{"embeddable":true,"href":"https:\/\/colinahomolog.com.br\/dev\/just-real-moms\/wp-json\/wp\/v2\/comments?post=30334"}],"version-history":[{"count":0,"href":"https:\/\/colinahomolog.com.br\/dev\/just-real-moms\/wp-json\/wp\/v2\/posts\/30334\/revisions"}],"wp:featuredmedia":[{"embeddable":true,"href":"https:\/\/colinahomolog.com.br\/dev\/just-real-moms\/wp-json\/wp\/v2\/media\/30457"}],"wp:attachment":[{"href":"https:\/\/colinahomolog.com.br\/dev\/just-real-moms\/wp-json\/wp\/v2\/media?parent=30334"}],"wp:term":[{"taxonomy":"category","embeddable":true,"href":"https:\/\/colinahomolog.com.br\/dev\/just-real-moms\/wp-json\/wp\/v2\/categories?post=30334"},{"taxonomy":"post_tag","embeddable":true,"href":"https:\/\/colinahomolog.com.br\/dev\/just-real-moms\/wp-json\/wp\/v2\/tags?post=30334"}],"curies":[{"name":"wp","href":"https:\/\/api.w.org\/{rel}","templated":true}]}}