{"id":31571,"date":"2015-05-12T08:30:47","date_gmt":"2015-05-12T11:30:47","guid":{"rendered":"https:\/\/colinahomolog.com.br\/dev\/just-real-moms\/?p=31571"},"modified":"2024-09-30T10:30:04","modified_gmt":"2024-09-30T13:30:04","slug":"alergia-alimentar-nao-e-moda","status":"publish","type":"post","link":"https:\/\/colinahomolog.com.br\/dev\/just-real-moms\/alergia-alimentar-nao-e-moda\/","title":{"rendered":"Alergia alimentar n\u00e3o \u00e9 moda!"},"content":{"rendered":"<button class=\"simplefavorite-button preset\" data-postid=\"31571\" data-siteid=\"1\" data-groupid=\"1\" data-favoritecount=\"0\" style=\"box-shadow:none;-webkit-box-shadow:none;-moz-box-shadow:none;background-color:#68ccb4;border-color:#68ccb4;color:#ffffff;\"><i class=\"sf-icon-favorite\" style=\"\"><\/i>Favorite<\/button><h2>A alergia alimentar n\u00e3o \u00e9 moda! \u00c9 um tema hiper preocupante e que tira o sono de muitos pais. Ent\u00e3o, entenda melhor abaixo.<\/h2>\n<p><img fetchpriority=\"high\" decoding=\"async\" class=\" wp-image-33353 aligncenter\" src=\"https:\/\/colinahomolog.com.br\/dev\/just-real-moms\/wp-content\/uploads\/2015\/05\/alergia_alimentar-just_real_moms-820x513.jpg\" alt=\"Alergia alimentar n\u00e3o \u00e9 moda! - Just Real Moms\" width=\"550\" height=\"344\" srcset=\"https:\/\/colinahomolog.com.br\/dev\/just-real-moms\/wp-content\/uploads\/2015\/05\/alergia_alimentar-just_real_moms-820x513.jpg 820w, https:\/\/colinahomolog.com.br\/dev\/just-real-moms\/wp-content\/uploads\/2015\/05\/alergia_alimentar-just_real_moms-400x250.jpg 400w, https:\/\/colinahomolog.com.br\/dev\/just-real-moms\/wp-content\/uploads\/2015\/05\/alergia_alimentar-just_real_moms.jpg 960w\" sizes=\"(max-width: 550px) 100vw, 550px\" \/><\/p>\n<p>Ol\u00e1, moms! A Cecilia Cury, advogada, m\u00e3e do Rafael e criadora do projeto <strong>P\u00f5e no R\u00f3tulo<\/strong>\u00a0(que pretende for\u00e7ar as grandes empresas a declarar todos os ingredientes de que s\u00e3o compostos os produtos), j\u00e1 escreveu\u00a0anteriormente\u00a0para o blog falando sobre a <strong>APLV<\/strong> (vejam em <strong><a href=\"https:\/\/colinahomolog.com.br\/dev\/just-real-moms\/seu-filho-tem-aplv-alergia-a-proteina-do-leite-de-vaca1\/\">Seu filho tem APLV &#8211; Alergia \u00e0 prote\u00edna do leite de vaca?<\/a><\/strong>).<\/p>\n<p>Hoje, ela fala sobre como o grande aumento das alergias alimentares no mundo fez parecer que o problema \u00e9 &#8220;moda&#8221;.<\/p>\n<p>Mas, pelo contr\u00e1rio, ele existe, \u00e9 preocupante, e os casos\u00a0devem ser acompanhados com aten\u00e7\u00e3o e cuidado. A Cecilia conta isso e muito mais para a gente, confiram!<\/p>\n<hr \/>\n<p>Temos ouvido falar cada dia mais neste assunto, n\u00e3o \u00e9 mesmo? Parece at\u00e9 modismo, mas n\u00e3o \u00e9. Mas por que ser\u00e1 que os casos est\u00e3o aumentando?<\/p>\n<p>A alergia alimentar \u00e9 uma resposta do sistema imunol\u00f3gico que gera uma resposta exagerada ao entrar em contato com um dado ingrediente (na inf\u00e2ncia, os mais comuns s\u00e3o leite, soja e ovo, mas qualquer alimento pode provocar alergia).<\/p>\n<h3>S\u00e3o diversos os fatores: gen\u00e9tica, h\u00e1bitos de vida, consumo de alimentos mais processados e menos caseiros, excesso de higiene em rela\u00e7\u00e3o aos tempos de nossas av\u00f3s.<\/h3>\n<p>O fato \u00e9 que os casos de alergia alimentar est\u00e3o mesmo aumentando pelo mundo: mais diagn\u00f3sticos, alergias mais duradoras e rea\u00e7\u00f5es cada vez mais severas.<\/p>\n<p>Aqui no Brasil, a Associa\u00e7\u00e3o Brasileira de Alergia e Imunopatologia (ASBAI) estima que entre 6% a 8% das crian\u00e7as sofrem de alergia alimentar e que entre 2% a 3% da popula\u00e7\u00e3o adulta padecem de tal restri\u00e7\u00e3o diet\u00e9tica (Fonte: <strong><a href=\"\/\/www.sbai.org.br\/secao.asp?s=81&amp;id=306\" target=\"_blank\" rel=\"noopener\">aqui<\/a><\/strong>).<\/p>\n<p>Os sintomas podem variar muito: desde incha\u00e7o, edema de glote, urtic\u00e1rias, at\u00e9 sintomas respirat\u00f3rios ou gastrointestinais. Havendo suspeita, a fam\u00edlia deve procurar por um m\u00e9dico que entenda de alergia alimentar, geralmente, alergistas ou gastropediatras.<\/p>\n<p>O diagn\u00f3stico da alergia alimentar pode assustar um pouco no come\u00e7o: O que meu filho vai poder comer? Como ser\u00e1 na festa da escola? Mas, ao mesmo tempo que assusta, \u00e9 bom demais saber o que fazia mal ao seu filho ou filha.<\/p>\n<p>Muitas vezes, ap\u00f3s o diagn\u00f3stico, vamos buscar informa\u00e7\u00f5es no Google e nas redes sociais, o que ajuda em muitos aspectos, mas piora em muitos outros \u2013 afinal a internet est\u00e1 cheia de besteiras. Quando o assunto \u00e9 sa\u00fade, precisamos sempre ter o m\u00e9dico de nossa confian\u00e7a ao lado, evitando tamb\u00e9m trocar de especialista a cada consulta.<\/p>\n<hr \/>\n<p><em>Cecilia Cury, advogada e coordenadora da campanha<strong> P\u00f5e no R\u00f3tulo<\/strong>, m\u00e3e do Rafael, que tem alergia alimentar, e da Carol.<\/em><\/p>\n<p><em><strong>Site:\u00a0<a href=\"http:\/\/www.poenorotulo.com.br\/\" target=\"_blank\" rel=\"noopener\">www.poenorotulo.com.br<br \/>\n<\/a>Facebook:\u00a0<a href=\"https:\/\/www.facebook.com\/poenorotulo\" target=\"_blank\" rel=\"noopener\">https:\/\/www.facebook.com\/poenorotulo<br \/>\n<\/a>Twitter:\u00a0<a href=\"https:\/\/twitter.com\/poenorotulo\" target=\"_blank\" rel=\"noopener\">https:\/\/twitter.com\/poenorotulo<br \/>\n<\/a>Instagram:\u00a0<a href=\"http:\/\/instagram.com\/poenorotulo\" target=\"_blank\" rel=\"noopener\">http:\/\/instagram.com\/poenorotulo<\/a><\/strong><\/em><\/p>\n\n    <div class=\"xs_social_share_widget xs_share_url after_content \t\tmain_content  wslu-style-1 wslu-share-box-shaped wslu-fill-colored wslu-none wslu-share-horizontal wslu-theme-font-no wslu-main_content\">\n\n\t\t\n        <ul>\n\t\t\t        <\/ul>\n    <\/div> \n","protected":false},"excerpt":{"rendered":"<p>FavoriteA alergia alimentar n\u00e3o \u00e9 moda! \u00c9 um tema hiper preocupante e que tira o sono de muitos pais. Ent\u00e3o, entenda melhor abaixo. Ol\u00e1, moms! A Cecilia Cury, advogada, m\u00e3e do Rafael e criadora do projeto P\u00f5e no R\u00f3tulo\u00a0(que pretende for\u00e7ar as grandes empresas a declarar todos os ingredientes de que s\u00e3o compostos os produtos), [&hellip;]<\/p>\n","protected":false},"author":1021,"featured_media":31572,"comment_status":"open","ping_status":"closed","sticky":false,"template":"","format":"standard","meta":{"_acf_changed":false,"footnotes":""},"categories":[1779,30,453],"tags":[2384,3653,2478,2471],"class_list":{"0":"post-31571","1":"post","2":"type-post","3":"status-publish","4":"format-standard","5":"has-post-thumbnail","7":"category-alimentacao","8":"category-de-mae-para-mae","9":"category-dicas-dos-especialistas","10":"tag-alergia","11":"tag-alergia-alimentar","12":"tag-alergista","13":"tag-cuidados"},"acf":[],"yoast_head":"<!-- This site is optimized with the Yoast SEO Premium plugin v26.6 (Yoast SEO v26.6) - https:\/\/yoast.com\/wordpress\/plugins\/seo\/ -->\n<title>Alergia alimentar n\u00e3o \u00e9 moda!<\/title>\n<meta name=\"description\" content=\"Seu filho ou filha tem alergia alimentar? Saiba algumas informa\u00e7\u00f5es importantes sobre o assunto quando se trata de crian\u00e7as e beb\u00eas.\" \/>\n<meta name=\"robots\" content=\"index, follow, max-snippet:-1, max-image-preview:large, max-video-preview:-1\" \/>\n<link rel=\"canonical\" href=\"https:\/\/colinahomolog.com.br\/dev\/just-real-moms\/alergia-alimentar-nao-e-moda\/\" \/>\n<meta property=\"og:locale\" content=\"pt_BR\" \/>\n<meta property=\"og:type\" content=\"article\" \/>\n<meta property=\"og:title\" content=\"Alergia alimentar n\u00e3o \u00e9 moda!\" \/>\n<meta property=\"og:description\" content=\"Seu filho ou filha tem alergia alimentar? Saiba algumas informa\u00e7\u00f5es importantes sobre o assunto quando se trata de crian\u00e7as e beb\u00eas.\" \/>\n<meta property=\"og:url\" content=\"https:\/\/colinahomolog.com.br\/dev\/just-real-moms\/alergia-alimentar-nao-e-moda\/\" \/>\n<meta property=\"og:site_name\" content=\"Just Real Moms - Blog para M\u00e3es\" \/>\n<meta property=\"article:publisher\" content=\"https:\/\/www.facebook.com\/JustRealMoms\" \/>\n<meta property=\"article:published_time\" content=\"2015-05-12T11:30:47+00:00\" \/>\n<meta property=\"article:modified_time\" content=\"2024-09-30T13:30:04+00:00\" \/>\n<meta property=\"og:image\" content=\"https:\/\/colinahomolog.com.br\/dev\/just-real-moms\/wp-content\/uploads\/2015\/05\/cafe.jpg\" \/>\n\t<meta property=\"og:image:width\" content=\"1\" \/>\n\t<meta property=\"og:image:height\" content=\"1\" \/>\n\t<meta property=\"og:image:type\" content=\"image\/jpeg\" \/>\n<meta name=\"author\" content=\"justrealmoms\" \/>\n<meta name=\"twitter:label1\" content=\"Escrito por\" \/>\n\t<meta name=\"twitter:data1\" content=\"justrealmoms\" \/>\n\t<meta name=\"twitter:label2\" content=\"Est. tempo de leitura\" \/>\n\t<meta name=\"twitter:data2\" content=\"3 minutos\" \/>\n<script type=\"application\/ld+json\" class=\"yoast-schema-graph\">{\"@context\":\"https:\/\/schema.org\",\"@graph\":[{\"@type\":\"WebPage\",\"@id\":\"https:\/\/colinahomolog.com.br\/dev\/just-real-moms\/alergia-alimentar-nao-e-moda\/\",\"url\":\"https:\/\/colinahomolog.com.br\/dev\/just-real-moms\/alergia-alimentar-nao-e-moda\/\",\"name\":\"Alergia alimentar n\u00e3o \u00e9 moda!\",\"isPartOf\":{\"@id\":\"https:\/\/colinahomolog.com.br\/dev\/just-real-moms\/#website\"},\"primaryImageOfPage\":{\"@id\":\"https:\/\/colinahomolog.com.br\/dev\/just-real-moms\/alergia-alimentar-nao-e-moda\/#primaryimage\"},\"image\":{\"@id\":\"https:\/\/colinahomolog.com.br\/dev\/just-real-moms\/alergia-alimentar-nao-e-moda\/#primaryimage\"},\"thumbnailUrl\":\"https:\/\/colinahomolog.com.br\/dev\/just-real-moms\/wp-content\/uploads\/2015\/05\/cafe.jpg\",\"datePublished\":\"2015-05-12T11:30:47+00:00\",\"dateModified\":\"2024-09-30T13:30:04+00:00\",\"author\":{\"@id\":\"https:\/\/colinahomolog.com.br\/dev\/just-real-moms\/#\/schema\/person\/710e1cdbe2d7728946b52caa0ce49db5\"},\"description\":\"Seu filho ou filha tem alergia alimentar? Saiba algumas informa\u00e7\u00f5es importantes sobre o assunto quando se trata de crian\u00e7as e beb\u00eas.\",\"breadcrumb\":{\"@id\":\"https:\/\/colinahomolog.com.br\/dev\/just-real-moms\/alergia-alimentar-nao-e-moda\/#breadcrumb\"},\"inLanguage\":\"pt-BR\",\"potentialAction\":[{\"@type\":\"ReadAction\",\"target\":[\"https:\/\/colinahomolog.com.br\/dev\/just-real-moms\/alergia-alimentar-nao-e-moda\/\"]}]},{\"@type\":\"ImageObject\",\"inLanguage\":\"pt-BR\",\"@id\":\"https:\/\/colinahomolog.com.br\/dev\/just-real-moms\/alergia-alimentar-nao-e-moda\/#primaryimage\",\"url\":\"https:\/\/colinahomolog.com.br\/dev\/just-real-moms\/wp-content\/uploads\/2015\/05\/cafe.jpg\",\"contentUrl\":\"https:\/\/colinahomolog.com.br\/dev\/just-real-moms\/wp-content\/uploads\/2015\/05\/cafe.jpg\"},{\"@type\":\"BreadcrumbList\",\"@id\":\"https:\/\/colinahomolog.com.br\/dev\/just-real-moms\/alergia-alimentar-nao-e-moda\/#breadcrumb\",\"itemListElement\":[{\"@type\":\"ListItem\",\"position\":1,\"name\":\"In\u00edcio\",\"item\":\"https:\/\/colinahomolog.com.br\/dev\/just-real-moms\/\"},{\"@type\":\"ListItem\",\"position\":2,\"name\":\"Alergia alimentar n\u00e3o \u00e9 moda!\"}]},{\"@type\":\"WebSite\",\"@id\":\"https:\/\/colinahomolog.com.br\/dev\/just-real-moms\/#website\",\"url\":\"https:\/\/colinahomolog.com.br\/dev\/just-real-moms\/\",\"name\":\"Just Real Moms - Blog para M\u00e3es\",\"description\":\"O melhor e mais completo portal para m\u00e3es, pais e futuros pais!\",\"potentialAction\":[{\"@type\":\"SearchAction\",\"target\":{\"@type\":\"EntryPoint\",\"urlTemplate\":\"https:\/\/colinahomolog.com.br\/dev\/just-real-moms\/?s={search_term_string}\"},\"query-input\":{\"@type\":\"PropertyValueSpecification\",\"valueRequired\":true,\"valueName\":\"search_term_string\"}}],\"inLanguage\":\"pt-BR\"},{\"@type\":\"Person\",\"@id\":\"https:\/\/colinahomolog.com.br\/dev\/just-real-moms\/#\/schema\/person\/710e1cdbe2d7728946b52caa0ce49db5\",\"name\":\"justrealmoms\",\"sameAs\":[\"https:\/\/colinahomolog.com.br\/dev\/just-real-moms\"],\"url\":\"https:\/\/colinahomolog.com.br\/dev\/just-real-moms\/author\/justrealmoms\/\"}]}<\/script>\n<!-- \/ Yoast SEO Premium plugin. -->","yoast_head_json":{"title":"Alergia alimentar n\u00e3o \u00e9 moda!","description":"Seu filho ou filha tem alergia alimentar? Saiba algumas informa\u00e7\u00f5es importantes sobre o assunto quando se trata de crian\u00e7as e beb\u00eas.","robots":{"index":"index","follow":"follow","max-snippet":"max-snippet:-1","max-image-preview":"max-image-preview:large","max-video-preview":"max-video-preview:-1"},"canonical":"https:\/\/colinahomolog.com.br\/dev\/just-real-moms\/alergia-alimentar-nao-e-moda\/","og_locale":"pt_BR","og_type":"article","og_title":"Alergia alimentar n\u00e3o \u00e9 moda!","og_description":"Seu filho ou filha tem alergia alimentar? Saiba algumas informa\u00e7\u00f5es importantes sobre o assunto quando se trata de crian\u00e7as e beb\u00eas.","og_url":"https:\/\/colinahomolog.com.br\/dev\/just-real-moms\/alergia-alimentar-nao-e-moda\/","og_site_name":"Just Real Moms - Blog para M\u00e3es","article_publisher":"https:\/\/www.facebook.com\/JustRealMoms","article_published_time":"2015-05-12T11:30:47+00:00","article_modified_time":"2024-09-30T13:30:04+00:00","og_image":[{"url":"https:\/\/colinahomolog.com.br\/dev\/just-real-moms\/wp-content\/uploads\/2015\/05\/cafe.jpg","width":1,"height":1,"type":"image\/jpeg"}],"author":"justrealmoms","twitter_misc":{"Escrito por":"justrealmoms","Est. tempo de leitura":"3 minutos"},"schema":{"@context":"https:\/\/schema.org","@graph":[{"@type":"WebPage","@id":"https:\/\/colinahomolog.com.br\/dev\/just-real-moms\/alergia-alimentar-nao-e-moda\/","url":"https:\/\/colinahomolog.com.br\/dev\/just-real-moms\/alergia-alimentar-nao-e-moda\/","name":"Alergia alimentar n\u00e3o \u00e9 moda!","isPartOf":{"@id":"https:\/\/colinahomolog.com.br\/dev\/just-real-moms\/#website"},"primaryImageOfPage":{"@id":"https:\/\/colinahomolog.com.br\/dev\/just-real-moms\/alergia-alimentar-nao-e-moda\/#primaryimage"},"image":{"@id":"https:\/\/colinahomolog.com.br\/dev\/just-real-moms\/alergia-alimentar-nao-e-moda\/#primaryimage"},"thumbnailUrl":"https:\/\/colinahomolog.com.br\/dev\/just-real-moms\/wp-content\/uploads\/2015\/05\/cafe.jpg","datePublished":"2015-05-12T11:30:47+00:00","dateModified":"2024-09-30T13:30:04+00:00","author":{"@id":"https:\/\/colinahomolog.com.br\/dev\/just-real-moms\/#\/schema\/person\/710e1cdbe2d7728946b52caa0ce49db5"},"description":"Seu filho ou filha tem alergia alimentar? Saiba algumas informa\u00e7\u00f5es importantes sobre o assunto quando se trata de crian\u00e7as e beb\u00eas.","breadcrumb":{"@id":"https:\/\/colinahomolog.com.br\/dev\/just-real-moms\/alergia-alimentar-nao-e-moda\/#breadcrumb"},"inLanguage":"pt-BR","potentialAction":[{"@type":"ReadAction","target":["https:\/\/colinahomolog.com.br\/dev\/just-real-moms\/alergia-alimentar-nao-e-moda\/"]}]},{"@type":"ImageObject","inLanguage":"pt-BR","@id":"https:\/\/colinahomolog.com.br\/dev\/just-real-moms\/alergia-alimentar-nao-e-moda\/#primaryimage","url":"https:\/\/colinahomolog.com.br\/dev\/just-real-moms\/wp-content\/uploads\/2015\/05\/cafe.jpg","contentUrl":"https:\/\/colinahomolog.com.br\/dev\/just-real-moms\/wp-content\/uploads\/2015\/05\/cafe.jpg"},{"@type":"BreadcrumbList","@id":"https:\/\/colinahomolog.com.br\/dev\/just-real-moms\/alergia-alimentar-nao-e-moda\/#breadcrumb","itemListElement":[{"@type":"ListItem","position":1,"name":"In\u00edcio","item":"https:\/\/colinahomolog.com.br\/dev\/just-real-moms\/"},{"@type":"ListItem","position":2,"name":"Alergia alimentar n\u00e3o \u00e9 moda!"}]},{"@type":"WebSite","@id":"https:\/\/colinahomolog.com.br\/dev\/just-real-moms\/#website","url":"https:\/\/colinahomolog.com.br\/dev\/just-real-moms\/","name":"Just Real Moms - Blog para M\u00e3es","description":"O melhor e mais completo portal para m\u00e3es, pais e futuros pais!","potentialAction":[{"@type":"SearchAction","target":{"@type":"EntryPoint","urlTemplate":"https:\/\/colinahomolog.com.br\/dev\/just-real-moms\/?s={search_term_string}"},"query-input":{"@type":"PropertyValueSpecification","valueRequired":true,"valueName":"search_term_string"}}],"inLanguage":"pt-BR"},{"@type":"Person","@id":"https:\/\/colinahomolog.com.br\/dev\/just-real-moms\/#\/schema\/person\/710e1cdbe2d7728946b52caa0ce49db5","name":"justrealmoms","sameAs":["https:\/\/colinahomolog.com.br\/dev\/just-real-moms"],"url":"https:\/\/colinahomolog.com.br\/dev\/just-real-moms\/author\/justrealmoms\/"}]}},"_links":{"self":[{"href":"https:\/\/colinahomolog.com.br\/dev\/just-real-moms\/wp-json\/wp\/v2\/posts\/31571","targetHints":{"allow":["GET"]}}],"collection":[{"href":"https:\/\/colinahomolog.com.br\/dev\/just-real-moms\/wp-json\/wp\/v2\/posts"}],"about":[{"href":"https:\/\/colinahomolog.com.br\/dev\/just-real-moms\/wp-json\/wp\/v2\/types\/post"}],"author":[{"embeddable":true,"href":"https:\/\/colinahomolog.com.br\/dev\/just-real-moms\/wp-json\/wp\/v2\/users\/1021"}],"replies":[{"embeddable":true,"href":"https:\/\/colinahomolog.com.br\/dev\/just-real-moms\/wp-json\/wp\/v2\/comments?post=31571"}],"version-history":[{"count":2,"href":"https:\/\/colinahomolog.com.br\/dev\/just-real-moms\/wp-json\/wp\/v2\/posts\/31571\/revisions"}],"predecessor-version":[{"id":235642,"href":"https:\/\/colinahomolog.com.br\/dev\/just-real-moms\/wp-json\/wp\/v2\/posts\/31571\/revisions\/235642"}],"wp:featuredmedia":[{"embeddable":true,"href":"https:\/\/colinahomolog.com.br\/dev\/just-real-moms\/wp-json\/wp\/v2\/media\/31572"}],"wp:attachment":[{"href":"https:\/\/colinahomolog.com.br\/dev\/just-real-moms\/wp-json\/wp\/v2\/media?parent=31571"}],"wp:term":[{"taxonomy":"category","embeddable":true,"href":"https:\/\/colinahomolog.com.br\/dev\/just-real-moms\/wp-json\/wp\/v2\/categories?post=31571"},{"taxonomy":"post_tag","embeddable":true,"href":"https:\/\/colinahomolog.com.br\/dev\/just-real-moms\/wp-json\/wp\/v2\/tags?post=31571"}],"curies":[{"name":"wp","href":"https:\/\/api.w.org\/{rel}","templated":true}]}}