{"id":32445,"date":"2015-06-20T08:30:07","date_gmt":"2015-06-20T11:30:07","guid":{"rendered":"https:\/\/colinahomolog.com.br\/dev\/just-real-moms\/?p=32445"},"modified":"2016-05-05T19:06:39","modified_gmt":"2016-05-05T22:06:39","slug":"quarto-infantil-preto-e-branco","status":"publish","type":"post","link":"https:\/\/colinahomolog.com.br\/dev\/just-real-moms\/quarto-infantil-preto-e-branco\/","title":{"rendered":"Quarto infantil preto e branco!"},"content":{"rendered":"<button class=\"simplefavorite-button preset\" data-postid=\"32445\" data-siteid=\"1\" data-groupid=\"1\" data-favoritecount=\"0\" style=\"box-shadow:none;-webkit-box-shadow:none;-moz-box-shadow:none;background-color:#68ccb4;border-color:#68ccb4;color:#ffffff;\"><i class=\"sf-icon-favorite\" style=\"\"><\/i>Favorite<\/button><p>&nbsp;<\/p>\n<p>Ol\u00e1, moms!<\/p>\n<p><strong>Quarto infantil preto e branco<\/strong>: Acho lindo DEMAIS! Esse \u00e9 o tema do post de hoje que a\u00a0Luciana Raunaimer, criadora do<a href=\"http:\/\/www.ameisedesign.com.br\/\" target=\"_blank\"> <strong>Est\u00fadio<\/strong>\u00a0<strong>Ameise Design<\/strong><\/a>, traz para a gente.<\/p>\n<p>Descubram como decorar o quarto em preto e branco de forma que o espa\u00e7o fique super elegante e n\u00e3o se torne pesado.<\/p>\n<p>Confiram!<\/p>\n<p>&nbsp;<\/p>\n<hr \/>\n<p>&nbsp;<\/p>\n<p>Hoje vim comentar sobre uma tend\u00eancia forte no mundo da decora\u00e7\u00e3o infantil que j\u00e1 ganhou muito espa\u00e7o no exterior e cresce a cada dia por aqui, o\u00a0<strong>quarto infantil preto e branco<\/strong>!<\/p>\n<p>Muitos acham que essa combina\u00e7\u00e3o pode resultar um \u00a0visual pesado, outra acham que \u00e9 s\u00e9rio ou adulto demais para <strong>quartos de crian\u00e7as<\/strong>, mas o fato \u00e9 que, assim como na moda, o preto e branco \u00e9 uma combina\u00e7\u00e3o cl\u00e1ssica, sin\u00f4nimo de eleg\u00e2ncia.<\/p>\n<p>O segredo para se decorar com este estilo \u00e9 abusar do branco e pontuar os elementos em preto, assim \u00e9 certo o resultado esperado.<\/p>\n<p>Outro item importante neste tipo de composi\u00e7\u00e3o \u00e9 que o uso da madeira na cor natural \u00e9 restrito, quase ornamental, utilizado apenas nos m\u00f3veis em que se deseja dar destaque ou \u00eanfase. E a mistura com elementos naturais complementa bem este tipo de decora\u00e7\u00e3o.<\/p>\n<p>Algo muito divertido no tema preto e branco \u00e9 que as estampas n\u00e3o precisam coordenar, pode-se usar estampas geom\u00e9tricas com estampas mais org\u00e2nicas sem nenhum medo.<\/p>\n<p>Em espa\u00e7os menores, evite o preto de modo predominante, como uma parede inteira nessa cor. Isso cria um contraste forte e reduz a percep\u00e7\u00e3o do espa\u00e7o. Por isso, ao optar em fazer um \u00a0quadro negro sempre marque um\u00a0ret\u00e2ngulo, sem que o mesmo encoste no teto ou no ch\u00e3o; assim, ficar\u00e1 lindo sem causar a sensa\u00e7\u00e3o de visual pesado.<\/p>\n<p>Se n\u00e3o quiser ficar com um \u00a0resultado t\u00e3o monocrom\u00e1tico, mas mantendo a tend\u00eancia \u201cBlack and White\u201d<em>,\u00a0<\/em>cores com um \u00a0toque neon d\u00e3o o complemento certo \u00e0 composi\u00e7\u00e3o, tais como o amarelo, o pink, ou at\u00e9 o verde-\u00e1gua.<\/p>\n<p>Selecionamos trinta imagens para inspirar as mam\u00e3es de plant\u00e3o!<\/p>\n<p>&nbsp;<\/p>\n<p><img fetchpriority=\"high\" decoding=\"async\" class=\"aligncenter wp-image-32452 size-medium\" src=\"https:\/\/colinahomolog.com.br\/dev\/just-real-moms\/wp-content\/uploads\/2015\/06\/quarto_infantil_preto_e_branco-just_real_moms-400x600.jpg\" alt=\"Quarto infantil preto e branco - Just Real Moms\" width=\"400\" height=\"600\" srcset=\"https:\/\/colinahomolog.com.br\/dev\/just-real-moms\/wp-content\/uploads\/2015\/06\/quarto_infantil_preto_e_branco-just_real_moms-400x600.jpg 400w, https:\/\/colinahomolog.com.br\/dev\/just-real-moms\/wp-content\/uploads\/2015\/06\/quarto_infantil_preto_e_branco-just_real_moms.jpg 640w\" sizes=\"(max-width: 400px) 100vw, 400px\" \/><\/p>\n<p><img decoding=\"async\" class=\"aligncenter wp-image-32453 size-medium\" src=\"https:\/\/colinahomolog.com.br\/dev\/just-real-moms\/wp-content\/uploads\/2015\/06\/quarto_infantil_preto_e_branco-just_real_moms-2-400x600.jpg\" alt=\"Quarto infantil preto e branco - Just Real Moms\" width=\"400\" height=\"600\" srcset=\"https:\/\/colinahomolog.com.br\/dev\/just-real-moms\/wp-content\/uploads\/2015\/06\/quarto_infantil_preto_e_branco-just_real_moms-2-400x600.jpg 400w, https:\/\/colinahomolog.com.br\/dev\/just-real-moms\/wp-content\/uploads\/2015\/06\/quarto_infantil_preto_e_branco-just_real_moms-2.jpg 530w\" sizes=\"(max-width: 400px) 100vw, 400px\" \/><\/p>\n<p><img decoding=\"async\" class=\"aligncenter wp-image-32454 size-medium\" src=\"https:\/\/colinahomolog.com.br\/dev\/just-real-moms\/wp-content\/uploads\/2015\/06\/quarto_infantil_preto_e_branco-just_real_moms-3-400x400.jpg\" alt=\"Quarto infantil preto e branco - Just Real Moms\" width=\"400\" height=\"400\" srcset=\"https:\/\/colinahomolog.com.br\/dev\/just-real-moms\/wp-content\/uploads\/2015\/06\/quarto_infantil_preto_e_branco-just_real_moms-3-400x400.jpg 400w, https:\/\/colinahomolog.com.br\/dev\/just-real-moms\/wp-content\/uploads\/2015\/06\/quarto_infantil_preto_e_branco-just_real_moms-3.jpg 500w\" sizes=\"(max-width: 400px) 100vw, 400px\" \/><\/p>\n<p><img loading=\"lazy\" decoding=\"async\" class=\"aligncenter wp-image-32455 size-medium\" src=\"https:\/\/colinahomolog.com.br\/dev\/just-real-moms\/wp-content\/uploads\/2015\/06\/quarto_infantil_preto_e_branco-just_real_moms-4-400x600.jpg\" alt=\"Quarto infantil preto e branco - Just Real Moms\" width=\"400\" height=\"600\" srcset=\"https:\/\/colinahomolog.com.br\/dev\/just-real-moms\/wp-content\/uploads\/2015\/06\/quarto_infantil_preto_e_branco-just_real_moms-4-400x600.jpg 400w, https:\/\/colinahomolog.com.br\/dev\/just-real-moms\/wp-content\/uploads\/2015\/06\/quarto_infantil_preto_e_branco-just_real_moms-4.jpg 683w\" sizes=\"(max-width: 400px) 100vw, 400px\" \/><\/p>\n<p><img loading=\"lazy\" decoding=\"async\" class=\"aligncenter wp-image-32457 size-medium\" src=\"https:\/\/colinahomolog.com.br\/dev\/just-real-moms\/wp-content\/uploads\/2015\/06\/quarto_infantil_preto_e_branco-just_real_moms-6-400x600.jpg\" alt=\"Quarto infantil preto e branco - Just Real Moms\" width=\"400\" height=\"600\" srcset=\"https:\/\/colinahomolog.com.br\/dev\/just-real-moms\/wp-content\/uploads\/2015\/06\/quarto_infantil_preto_e_branco-just_real_moms-6-400x600.jpg 400w, https:\/\/colinahomolog.com.br\/dev\/just-real-moms\/wp-content\/uploads\/2015\/06\/quarto_infantil_preto_e_branco-just_real_moms-6.jpg 540w\" sizes=\"(max-width: 400px) 100vw, 400px\" \/><\/p>\n<p><img loading=\"lazy\" decoding=\"async\" class=\"aligncenter wp-image-32458 size-medium\" src=\"https:\/\/colinahomolog.com.br\/dev\/just-real-moms\/wp-content\/uploads\/2015\/06\/quarto_infantil_preto_e_branco-just_real_moms-7-400x535.jpg\" alt=\"Quarto infantil preto e branco - Just Real Moms\" width=\"400\" height=\"535\" srcset=\"https:\/\/colinahomolog.com.br\/dev\/just-real-moms\/wp-content\/uploads\/2015\/06\/quarto_infantil_preto_e_branco-just_real_moms-7-400x535.jpg 400w, https:\/\/colinahomolog.com.br\/dev\/just-real-moms\/wp-content\/uploads\/2015\/06\/quarto_infantil_preto_e_branco-just_real_moms-7.jpg 486w\" sizes=\"(max-width: 400px) 100vw, 400px\" \/><\/p>\n<p><img loading=\"lazy\" decoding=\"async\" class=\"aligncenter wp-image-32459 size-medium\" src=\"https:\/\/colinahomolog.com.br\/dev\/just-real-moms\/wp-content\/uploads\/2015\/06\/quarto_infantil_preto_e_branco-just_real_moms-8-400x600.jpg\" alt=\"Quarto infantil preto e branco - Just Real Moms\" width=\"400\" height=\"600\" srcset=\"https:\/\/colinahomolog.com.br\/dev\/just-real-moms\/wp-content\/uploads\/2015\/06\/quarto_infantil_preto_e_branco-just_real_moms-8-400x600.jpg 400w, https:\/\/colinahomolog.com.br\/dev\/just-real-moms\/wp-content\/uploads\/2015\/06\/quarto_infantil_preto_e_branco-just_real_moms-8.jpg 736w\" sizes=\"(max-width: 400px) 100vw, 400px\" \/><\/p>\n<p><img loading=\"lazy\" decoding=\"async\" class=\"aligncenter wp-image-32460 size-medium\" src=\"https:\/\/colinahomolog.com.br\/dev\/just-real-moms\/wp-content\/uploads\/2015\/06\/quarto_infantil_preto_e_branco-just_real_moms-9-400x534.jpg\" alt=\"Quarto infantil preto e branco - Just Real Moms\" width=\"400\" height=\"534\" srcset=\"https:\/\/colinahomolog.com.br\/dev\/just-real-moms\/wp-content\/uploads\/2015\/06\/quarto_infantil_preto_e_branco-just_real_moms-9-400x534.jpg 400w, https:\/\/colinahomolog.com.br\/dev\/just-real-moms\/wp-content\/uploads\/2015\/06\/quarto_infantil_preto_e_branco-just_real_moms-9.jpg 500w\" sizes=\"(max-width: 400px) 100vw, 400px\" \/><\/p>\n<p><img loading=\"lazy\" decoding=\"async\" class=\"aligncenter wp-image-32461 size-medium\" src=\"https:\/\/colinahomolog.com.br\/dev\/just-real-moms\/wp-content\/uploads\/2015\/06\/quarto_infantil_preto_e_branco-just_real_moms-10-400x533.jpg\" alt=\"Quarto infantil preto e branco - Just Real Moms\" width=\"400\" height=\"533\" srcset=\"https:\/\/colinahomolog.com.br\/dev\/just-real-moms\/wp-content\/uploads\/2015\/06\/quarto_infantil_preto_e_branco-just_real_moms-10-400x533.jpg 400w, https:\/\/colinahomolog.com.br\/dev\/just-real-moms\/wp-content\/uploads\/2015\/06\/quarto_infantil_preto_e_branco-just_real_moms-10.jpg 736w\" sizes=\"(max-width: 400px) 100vw, 400px\" \/><\/p>\n<p><img loading=\"lazy\" decoding=\"async\" class=\"aligncenter wp-image-32456 size-medium\" src=\"https:\/\/colinahomolog.com.br\/dev\/just-real-moms\/wp-content\/uploads\/2015\/06\/quarto_infantil_preto_e_branco-just_real_moms-5-400x400.jpg\" alt=\"Quarto infantil preto e branco - Just Real Moms\" width=\"400\" height=\"400\" srcset=\"https:\/\/colinahomolog.com.br\/dev\/just-real-moms\/wp-content\/uploads\/2015\/06\/quarto_infantil_preto_e_branco-just_real_moms-5-400x400.jpg 400w, https:\/\/colinahomolog.com.br\/dev\/just-real-moms\/wp-content\/uploads\/2015\/06\/quarto_infantil_preto_e_branco-just_real_moms-5.jpg 640w\" sizes=\"(max-width: 400px) 100vw, 400px\" \/><\/p>\n<p><img loading=\"lazy\" decoding=\"async\" class=\"aligncenter wp-image-32462 size-medium\" src=\"https:\/\/colinahomolog.com.br\/dev\/just-real-moms\/wp-content\/uploads\/2015\/06\/quarto_infantil_preto_e_branco-just_real_moms-11-400x563.jpg\" alt=\"Quarto infantil preto e branco - Just Real Moms\" width=\"400\" height=\"563\" srcset=\"https:\/\/colinahomolog.com.br\/dev\/just-real-moms\/wp-content\/uploads\/2015\/06\/quarto_infantil_preto_e_branco-just_real_moms-11-400x563.jpg 400w, https:\/\/colinahomolog.com.br\/dev\/just-real-moms\/wp-content\/uploads\/2015\/06\/quarto_infantil_preto_e_branco-just_real_moms-11.jpg 700w\" sizes=\"(max-width: 400px) 100vw, 400px\" \/><\/p>\n<p><img loading=\"lazy\" decoding=\"async\" class=\"aligncenter wp-image-32463 size-medium\" src=\"https:\/\/colinahomolog.com.br\/dev\/just-real-moms\/wp-content\/uploads\/2015\/06\/quarto_infantil_preto_e_branco-just_real_moms-12-400x400.jpg\" alt=\"Quarto infantil preto e branco - Just Real Moms\" width=\"400\" height=\"400\" srcset=\"https:\/\/colinahomolog.com.br\/dev\/just-real-moms\/wp-content\/uploads\/2015\/06\/quarto_infantil_preto_e_branco-just_real_moms-12-400x400.jpg 400w, https:\/\/colinahomolog.com.br\/dev\/just-real-moms\/wp-content\/uploads\/2015\/06\/quarto_infantil_preto_e_branco-just_real_moms-12.jpg 640w\" sizes=\"(max-width: 400px) 100vw, 400px\" \/><\/p>\n<p><img loading=\"lazy\" decoding=\"async\" class=\"aligncenter wp-image-32464 size-medium\" src=\"https:\/\/colinahomolog.com.br\/dev\/just-real-moms\/wp-content\/uploads\/2015\/06\/quarto_infantil_preto_e_branco-just_real_moms-13-400x601.jpg\" alt=\"Quarto infantil preto e branco - Just Real Moms\" width=\"400\" height=\"601\" srcset=\"https:\/\/colinahomolog.com.br\/dev\/just-real-moms\/wp-content\/uploads\/2015\/06\/quarto_infantil_preto_e_branco-just_real_moms-13-400x601.jpg 400w, https:\/\/colinahomolog.com.br\/dev\/just-real-moms\/wp-content\/uploads\/2015\/06\/quarto_infantil_preto_e_branco-just_real_moms-13.jpg 499w\" sizes=\"(max-width: 400px) 100vw, 400px\" \/><\/p>\n<p><img loading=\"lazy\" decoding=\"async\" class=\"aligncenter wp-image-32465 size-full\" src=\"https:\/\/colinahomolog.com.br\/dev\/just-real-moms\/wp-content\/uploads\/2015\/06\/quarto_infantil_preto_e_branco-just_real_moms-14.jpg\" alt=\"Quarto infantil preto e branco - Just Real Moms\" width=\"399\" height=\"600\" \/><\/p>\n<p><img loading=\"lazy\" decoding=\"async\" class=\"aligncenter wp-image-32466 size-medium\" src=\"https:\/\/colinahomolog.com.br\/dev\/just-real-moms\/wp-content\/uploads\/2015\/06\/quarto_infantil_preto_e_branco-just_real_moms-15-400x500.jpg\" alt=\"Quarto infantil preto e branco - Just Real Moms\" width=\"400\" height=\"500\" srcset=\"https:\/\/colinahomolog.com.br\/dev\/just-real-moms\/wp-content\/uploads\/2015\/06\/quarto_infantil_preto_e_branco-just_real_moms-15-400x500.jpg 400w, https:\/\/colinahomolog.com.br\/dev\/just-real-moms\/wp-content\/uploads\/2015\/06\/quarto_infantil_preto_e_branco-just_real_moms-15.jpg 580w\" sizes=\"(max-width: 400px) 100vw, 400px\" \/><\/p>\n<p><img loading=\"lazy\" decoding=\"async\" class=\"aligncenter wp-image-32467 size-medium\" src=\"https:\/\/colinahomolog.com.br\/dev\/just-real-moms\/wp-content\/uploads\/2015\/06\/quarto_infantil_preto_e_branco-just_real_moms-16-400x600.jpg\" alt=\"Quarto infantil preto e branco - Just Real Moms\" width=\"400\" height=\"600\" srcset=\"https:\/\/colinahomolog.com.br\/dev\/just-real-moms\/wp-content\/uploads\/2015\/06\/quarto_infantil_preto_e_branco-just_real_moms-16-400x600.jpg 400w, https:\/\/colinahomolog.com.br\/dev\/just-real-moms\/wp-content\/uploads\/2015\/06\/quarto_infantil_preto_e_branco-just_real_moms-16.jpg 683w\" sizes=\"(max-width: 400px) 100vw, 400px\" \/><\/p>\n<p><img loading=\"lazy\" decoding=\"async\" class=\"aligncenter wp-image-32468 size-medium\" src=\"https:\/\/colinahomolog.com.br\/dev\/just-real-moms\/wp-content\/uploads\/2015\/06\/quarto_infantil_preto_e_branco-just_real_moms-17-400x400.jpg\" alt=\"Quarto infantil preto e branco - Just Real Moms\" width=\"400\" height=\"400\" srcset=\"https:\/\/colinahomolog.com.br\/dev\/just-real-moms\/wp-content\/uploads\/2015\/06\/quarto_infantil_preto_e_branco-just_real_moms-17-400x400.jpg 400w, https:\/\/colinahomolog.com.br\/dev\/just-real-moms\/wp-content\/uploads\/2015\/06\/quarto_infantil_preto_e_branco-just_real_moms-17.jpg 640w\" sizes=\"(max-width: 400px) 100vw, 400px\" \/><\/p>\n<p><img loading=\"lazy\" decoding=\"async\" class=\"aligncenter wp-image-32469 size-medium\" src=\"https:\/\/colinahomolog.com.br\/dev\/just-real-moms\/wp-content\/uploads\/2015\/06\/quarto_infantil_preto_e_branco-just_real_moms-18-400x533.jpg\" alt=\"Quartos infantis preto e branco - Just Real Moms\" width=\"400\" height=\"533\" srcset=\"https:\/\/colinahomolog.com.br\/dev\/just-real-moms\/wp-content\/uploads\/2015\/06\/quarto_infantil_preto_e_branco-just_real_moms-18-400x533.jpg 400w, https:\/\/colinahomolog.com.br\/dev\/just-real-moms\/wp-content\/uploads\/2015\/06\/quarto_infantil_preto_e_branco-just_real_moms-18.jpg 480w\" sizes=\"(max-width: 400px) 100vw, 400px\" \/><\/p>\n<p><img loading=\"lazy\" decoding=\"async\" class=\"aligncenter wp-image-32470 size-medium\" src=\"https:\/\/colinahomolog.com.br\/dev\/just-real-moms\/wp-content\/uploads\/2015\/06\/quarto_infantil_preto_e_branco-just_real_moms-19-400x400.jpg\" alt=\"Quartos infantis preto e branco - Just Real Moms\" width=\"400\" height=\"400\" srcset=\"https:\/\/colinahomolog.com.br\/dev\/just-real-moms\/wp-content\/uploads\/2015\/06\/quarto_infantil_preto_e_branco-just_real_moms-19-400x400.jpg 400w, https:\/\/colinahomolog.com.br\/dev\/just-real-moms\/wp-content\/uploads\/2015\/06\/quarto_infantil_preto_e_branco-just_real_moms-19.jpg 640w\" sizes=\"(max-width: 400px) 100vw, 400px\" \/><\/p>\n<p><img loading=\"lazy\" decoding=\"async\" class=\"aligncenter wp-image-32471 size-medium\" src=\"https:\/\/colinahomolog.com.br\/dev\/just-real-moms\/wp-content\/uploads\/2015\/06\/quarto_infantil_preto_e_branco-just_real_moms-20-400x602.jpg\" alt=\"Quartos infantis preto e branco - Just Real Moms\" width=\"400\" height=\"602\" srcset=\"https:\/\/colinahomolog.com.br\/dev\/just-real-moms\/wp-content\/uploads\/2015\/06\/quarto_infantil_preto_e_branco-just_real_moms-20-400x602.jpg 400w, https:\/\/colinahomolog.com.br\/dev\/just-real-moms\/wp-content\/uploads\/2015\/06\/quarto_infantil_preto_e_branco-just_real_moms-20.jpg 736w\" sizes=\"(max-width: 400px) 100vw, 400px\" \/><\/p>\n<p><img loading=\"lazy\" decoding=\"async\" class=\"aligncenter wp-image-32472 size-medium\" src=\"https:\/\/colinahomolog.com.br\/dev\/just-real-moms\/wp-content\/uploads\/2015\/06\/quarto_infantil_preto_e_branco-just_real_moms-21-400x600.jpg\" alt=\"Quartos infantis preto e branco - Just Real Moms\" width=\"400\" height=\"600\" srcset=\"https:\/\/colinahomolog.com.br\/dev\/just-real-moms\/wp-content\/uploads\/2015\/06\/quarto_infantil_preto_e_branco-just_real_moms-21-400x600.jpg 400w, https:\/\/colinahomolog.com.br\/dev\/just-real-moms\/wp-content\/uploads\/2015\/06\/quarto_infantil_preto_e_branco-just_real_moms-21.jpg 427w\" sizes=\"(max-width: 400px) 100vw, 400px\" \/><\/p>\n<p><img loading=\"lazy\" decoding=\"async\" class=\"aligncenter wp-image-32473 size-medium\" src=\"https:\/\/colinahomolog.com.br\/dev\/just-real-moms\/wp-content\/uploads\/2015\/06\/quarto_infantil_preto_e_branco-just_real_moms-22-400x601.jpg\" alt=\"Quartos infantis preto e branco - Just Real Moms\" width=\"400\" height=\"601\" srcset=\"https:\/\/colinahomolog.com.br\/dev\/just-real-moms\/wp-content\/uploads\/2015\/06\/quarto_infantil_preto_e_branco-just_real_moms-22-400x601.jpg 400w, https:\/\/colinahomolog.com.br\/dev\/just-real-moms\/wp-content\/uploads\/2015\/06\/quarto_infantil_preto_e_branco-just_real_moms-22.jpg 540w\" sizes=\"(max-width: 400px) 100vw, 400px\" \/><\/p>\n<p><img loading=\"lazy\" decoding=\"async\" class=\"aligncenter wp-image-32474 size-medium\" src=\"https:\/\/colinahomolog.com.br\/dev\/just-real-moms\/wp-content\/uploads\/2015\/06\/quarto_infantil_preto_e_branco-just_real_moms-23-400x602.jpg\" alt=\"Quartos infantis preto e branco - Just Real Moms\" width=\"400\" height=\"602\" srcset=\"https:\/\/colinahomolog.com.br\/dev\/just-real-moms\/wp-content\/uploads\/2015\/06\/quarto_infantil_preto_e_branco-just_real_moms-23-400x602.jpg 400w, https:\/\/colinahomolog.com.br\/dev\/just-real-moms\/wp-content\/uploads\/2015\/06\/quarto_infantil_preto_e_branco-just_real_moms-23.jpg 500w\" sizes=\"(max-width: 400px) 100vw, 400px\" \/><\/p>\n<p><img loading=\"lazy\" decoding=\"async\" class=\"aligncenter wp-image-32475 size-medium\" src=\"https:\/\/colinahomolog.com.br\/dev\/just-real-moms\/wp-content\/uploads\/2015\/06\/quarto_infantil_preto_e_branco-just_real_moms-24-400x570.jpg\" alt=\"Quartos infantis preto e branco - Just Real Moms\" width=\"400\" height=\"570\" srcset=\"https:\/\/colinahomolog.com.br\/dev\/just-real-moms\/wp-content\/uploads\/2015\/06\/quarto_infantil_preto_e_branco-just_real_moms-24-400x570.jpg 400w, https:\/\/colinahomolog.com.br\/dev\/just-real-moms\/wp-content\/uploads\/2015\/06\/quarto_infantil_preto_e_branco-just_real_moms-24.jpg 549w\" sizes=\"(max-width: 400px) 100vw, 400px\" \/><\/p>\n<p><img loading=\"lazy\" decoding=\"async\" class=\"aligncenter wp-image-32476 size-medium\" src=\"https:\/\/colinahomolog.com.br\/dev\/just-real-moms\/wp-content\/uploads\/2015\/06\/quarto_infantil_preto_e_branco-just_real_moms-25-400x593.jpg\" alt=\"Quartos infantis preto e branco - Just Real Moms\" width=\"400\" height=\"593\" srcset=\"https:\/\/colinahomolog.com.br\/dev\/just-real-moms\/wp-content\/uploads\/2015\/06\/quarto_infantil_preto_e_branco-just_real_moms-25-400x593.jpg 400w, https:\/\/colinahomolog.com.br\/dev\/just-real-moms\/wp-content\/uploads\/2015\/06\/quarto_infantil_preto_e_branco-just_real_moms-25.jpg 500w\" sizes=\"(max-width: 400px) 100vw, 400px\" \/><\/p>\n<p><img loading=\"lazy\" decoding=\"async\" class=\"aligncenter wp-image-32477 size-medium\" src=\"https:\/\/colinahomolog.com.br\/dev\/just-real-moms\/wp-content\/uploads\/2015\/06\/quarto_infantil_preto_e_branco-just_real_moms-26-400x547.jpg\" alt=\"Quartos infantis preto e branco - Just Real Moms\" width=\"400\" height=\"547\" srcset=\"https:\/\/colinahomolog.com.br\/dev\/just-real-moms\/wp-content\/uploads\/2015\/06\/quarto_infantil_preto_e_branco-just_real_moms-26-400x547.jpg 400w, https:\/\/colinahomolog.com.br\/dev\/just-real-moms\/wp-content\/uploads\/2015\/06\/quarto_infantil_preto_e_branco-just_real_moms-26.jpg 690w\" sizes=\"(max-width: 400px) 100vw, 400px\" \/><\/p>\n<p><img loading=\"lazy\" decoding=\"async\" class=\"aligncenter wp-image-32478 size-medium\" src=\"https:\/\/colinahomolog.com.br\/dev\/just-real-moms\/wp-content\/uploads\/2015\/06\/quarto_infantil_preto_e_branco-just_real_moms-27-400x608.jpg\" alt=\"Quartos infantis preto e branco - Just Real Moms\" width=\"400\" height=\"608\" srcset=\"https:\/\/colinahomolog.com.br\/dev\/just-real-moms\/wp-content\/uploads\/2015\/06\/quarto_infantil_preto_e_branco-just_real_moms-27-400x608.jpg 400w, https:\/\/colinahomolog.com.br\/dev\/just-real-moms\/wp-content\/uploads\/2015\/06\/quarto_infantil_preto_e_branco-just_real_moms-27.jpg 736w\" sizes=\"(max-width: 400px) 100vw, 400px\" \/><\/p>\n<p><img loading=\"lazy\" decoding=\"async\" class=\"aligncenter wp-image-32479 size-medium\" src=\"https:\/\/colinahomolog.com.br\/dev\/just-real-moms\/wp-content\/uploads\/2015\/06\/quarto_infantil_preto_e_branco-just_real_moms-28-400x539.jpg\" alt=\"Quartos infantis preto e branco - Just Real Moms\" width=\"400\" height=\"539\" srcset=\"https:\/\/colinahomolog.com.br\/dev\/just-real-moms\/wp-content\/uploads\/2015\/06\/quarto_infantil_preto_e_branco-just_real_moms-28-400x539.jpg 400w, https:\/\/colinahomolog.com.br\/dev\/just-real-moms\/wp-content\/uploads\/2015\/06\/quarto_infantil_preto_e_branco-just_real_moms-28.jpg 736w\" sizes=\"(max-width: 400px) 100vw, 400px\" \/><\/p>\n<p><img loading=\"lazy\" decoding=\"async\" class=\"aligncenter wp-image-32480 size-medium\" src=\"https:\/\/colinahomolog.com.br\/dev\/just-real-moms\/wp-content\/uploads\/2015\/06\/quarto_infantil_preto_e_branco-just_real_moms-29-400x600.jpg\" alt=\"Quartos infantis preto e branco - Just Real Moms\" width=\"400\" height=\"600\" srcset=\"https:\/\/colinahomolog.com.br\/dev\/just-real-moms\/wp-content\/uploads\/2015\/06\/quarto_infantil_preto_e_branco-just_real_moms-29-400x600.jpg 400w, https:\/\/colinahomolog.com.br\/dev\/just-real-moms\/wp-content\/uploads\/2015\/06\/quarto_infantil_preto_e_branco-just_real_moms-29.jpg 492w\" sizes=\"(max-width: 400px) 100vw, 400px\" \/><\/p>\n<p><img loading=\"lazy\" decoding=\"async\" class=\"aligncenter wp-image-32481 size-medium\" src=\"https:\/\/colinahomolog.com.br\/dev\/just-real-moms\/wp-content\/uploads\/2015\/06\/quarto_infantil_preto_e_branco-just_real_moms-30-400x713.jpg\" alt=\"Quartos infantis preto e branco - Just Real Moms\" width=\"400\" height=\"713\" srcset=\"https:\/\/colinahomolog.com.br\/dev\/just-real-moms\/wp-content\/uploads\/2015\/06\/quarto_infantil_preto_e_branco-just_real_moms-30-400x713.jpg 400w, https:\/\/colinahomolog.com.br\/dev\/just-real-moms\/wp-content\/uploads\/2015\/06\/quarto_infantil_preto_e_branco-just_real_moms-30.jpg 500w\" sizes=\"(max-width: 400px) 100vw, 400px\" \/><\/p>\n<p>&nbsp;<\/p>\n<p><strong>Conte\u00fado exclusivo do site Just Real Moms.\u00a0<\/strong><br \/>\n<strong>Categoria: Gravidez, maternidade, blog de m\u00e3e, blog para m\u00e3e, dicas de m\u00e3e, dicas para gr\u00e1vidas, dicas de maternidade.<\/strong><\/p>\n<p>&nbsp;<\/p>\n\n    <div class=\"xs_social_share_widget xs_share_url after_content \t\tmain_content  wslu-style-1 wslu-share-box-shaped wslu-fill-colored wslu-none wslu-share-horizontal wslu-theme-font-no wslu-main_content\">\n\n\t\t\n        <ul>\n\t\t\t        <\/ul>\n    <\/div> \n","protected":false},"excerpt":{"rendered":"<p>Favorite&nbsp; Ol\u00e1, moms! Quarto infantil preto e branco: Acho lindo DEMAIS! Esse \u00e9 o tema do post de hoje que a\u00a0Luciana Raunaimer, criadora do Est\u00fadio\u00a0Ameise Design, traz para a gente. Descubram como decorar o quarto em preto e branco de forma que o espa\u00e7o fique super elegante e n\u00e3o se torne pesado. Confiram! &nbsp; &nbsp; [&hellip;]<\/p>\n","protected":false},"author":1021,"featured_media":32485,"comment_status":"open","ping_status":"closed","sticky":false,"template":"","format":"standard","meta":{"_acf_changed":false,"footnotes":""},"categories":[32],"tags":[],"class_list":{"0":"post-32445","1":"post","2":"type-post","3":"status-publish","4":"format-standard","5":"has-post-thumbnail","7":"category-decor"},"acf":[],"yoast_head":"<!-- This site is optimized with the Yoast SEO Premium plugin v26.6 (Yoast SEO v26.6) - https:\/\/yoast.com\/wordpress\/plugins\/seo\/ -->\n<title>Quarto infantil preto e branco!<\/title>\n<meta name=\"description\" content=\"O quarto infantil preto e branco \u00e9 uma tend\u00eancia mundial que traz eleg\u00e2ncia. Veja dicas de especialista para montar um quarto nesse estilo!\" \/>\n<meta name=\"robots\" content=\"index, follow, max-snippet:-1, max-image-preview:large, max-video-preview:-1\" \/>\n<link rel=\"canonical\" href=\"https:\/\/colinahomolog.com.br\/dev\/just-real-moms\/quarto-infantil-preto-e-branco\/\" \/>\n<meta property=\"og:locale\" content=\"pt_BR\" \/>\n<meta property=\"og:type\" content=\"article\" \/>\n<meta property=\"og:title\" content=\"Quarto infantil preto e branco!\" \/>\n<meta property=\"og:description\" content=\"O quarto infantil preto e branco \u00e9 uma tend\u00eancia mundial que traz eleg\u00e2ncia. Veja dicas de especialista para montar um quarto nesse estilo!\" \/>\n<meta property=\"og:url\" content=\"https:\/\/colinahomolog.com.br\/dev\/just-real-moms\/quarto-infantil-preto-e-branco\/\" \/>\n<meta property=\"og:site_name\" content=\"Just Real Moms - Blog para M\u00e3es\" \/>\n<meta property=\"article:publisher\" content=\"https:\/\/www.facebook.com\/JustRealMoms\" \/>\n<meta property=\"article:published_time\" content=\"2015-06-20T11:30:07+00:00\" \/>\n<meta property=\"article:modified_time\" content=\"2016-05-05T22:06:39+00:00\" \/>\n<meta property=\"og:image\" content=\"https:\/\/colinahomolog.com.br\/dev\/just-real-moms\/wp-content\/uploads\/2015\/06\/quartos_infantis_preto_e_branco-just_real_moms.jpg\" \/>\n\t<meta property=\"og:image:width\" content=\"1\" \/>\n\t<meta property=\"og:image:height\" content=\"1\" \/>\n\t<meta property=\"og:image:type\" content=\"image\/jpeg\" \/>\n<meta name=\"author\" content=\"justrealmoms\" \/>\n<meta name=\"twitter:label1\" content=\"Escrito por\" \/>\n\t<meta name=\"twitter:data1\" content=\"justrealmoms\" \/>\n\t<meta name=\"twitter:label2\" content=\"Est. tempo de leitura\" \/>\n\t<meta name=\"twitter:data2\" content=\"2 minutos\" \/>\n<script type=\"application\/ld+json\" class=\"yoast-schema-graph\">{\"@context\":\"https:\/\/schema.org\",\"@graph\":[{\"@type\":\"WebPage\",\"@id\":\"https:\/\/colinahomolog.com.br\/dev\/just-real-moms\/quarto-infantil-preto-e-branco\/\",\"url\":\"https:\/\/colinahomolog.com.br\/dev\/just-real-moms\/quarto-infantil-preto-e-branco\/\",\"name\":\"Quarto infantil preto e branco!\",\"isPartOf\":{\"@id\":\"https:\/\/colinahomolog.com.br\/dev\/just-real-moms\/#website\"},\"primaryImageOfPage\":{\"@id\":\"https:\/\/colinahomolog.com.br\/dev\/just-real-moms\/quarto-infantil-preto-e-branco\/#primaryimage\"},\"image\":{\"@id\":\"https:\/\/colinahomolog.com.br\/dev\/just-real-moms\/quarto-infantil-preto-e-branco\/#primaryimage\"},\"thumbnailUrl\":\"https:\/\/colinahomolog.com.br\/dev\/just-real-moms\/wp-content\/uploads\/2015\/06\/quartos_infantis_preto_e_branco-just_real_moms.jpg\",\"datePublished\":\"2015-06-20T11:30:07+00:00\",\"dateModified\":\"2016-05-05T22:06:39+00:00\",\"author\":{\"@id\":\"https:\/\/colinahomolog.com.br\/dev\/just-real-moms\/#\/schema\/person\/710e1cdbe2d7728946b52caa0ce49db5\"},\"description\":\"O quarto infantil preto e branco \u00e9 uma tend\u00eancia mundial que traz eleg\u00e2ncia. Veja dicas de especialista para montar um quarto nesse estilo!\",\"breadcrumb\":{\"@id\":\"https:\/\/colinahomolog.com.br\/dev\/just-real-moms\/quarto-infantil-preto-e-branco\/#breadcrumb\"},\"inLanguage\":\"pt-BR\",\"potentialAction\":[{\"@type\":\"ReadAction\",\"target\":[\"https:\/\/colinahomolog.com.br\/dev\/just-real-moms\/quarto-infantil-preto-e-branco\/\"]}]},{\"@type\":\"ImageObject\",\"inLanguage\":\"pt-BR\",\"@id\":\"https:\/\/colinahomolog.com.br\/dev\/just-real-moms\/quarto-infantil-preto-e-branco\/#primaryimage\",\"url\":\"https:\/\/colinahomolog.com.br\/dev\/just-real-moms\/wp-content\/uploads\/2015\/06\/quartos_infantis_preto_e_branco-just_real_moms.jpg\",\"contentUrl\":\"https:\/\/colinahomolog.com.br\/dev\/just-real-moms\/wp-content\/uploads\/2015\/06\/quartos_infantis_preto_e_branco-just_real_moms.jpg\",\"caption\":\"Quarto infantil preto e branco\"},{\"@type\":\"BreadcrumbList\",\"@id\":\"https:\/\/colinahomolog.com.br\/dev\/just-real-moms\/quarto-infantil-preto-e-branco\/#breadcrumb\",\"itemListElement\":[{\"@type\":\"ListItem\",\"position\":1,\"name\":\"In\u00edcio\",\"item\":\"https:\/\/colinahomolog.com.br\/dev\/just-real-moms\/\"},{\"@type\":\"ListItem\",\"position\":2,\"name\":\"Quarto infantil preto e branco!\"}]},{\"@type\":\"WebSite\",\"@id\":\"https:\/\/colinahomolog.com.br\/dev\/just-real-moms\/#website\",\"url\":\"https:\/\/colinahomolog.com.br\/dev\/just-real-moms\/\",\"name\":\"Just Real Moms - Blog para M\u00e3es\",\"description\":\"O melhor e mais completo portal para m\u00e3es, pais e futuros pais!\",\"potentialAction\":[{\"@type\":\"SearchAction\",\"target\":{\"@type\":\"EntryPoint\",\"urlTemplate\":\"https:\/\/colinahomolog.com.br\/dev\/just-real-moms\/?s={search_term_string}\"},\"query-input\":{\"@type\":\"PropertyValueSpecification\",\"valueRequired\":true,\"valueName\":\"search_term_string\"}}],\"inLanguage\":\"pt-BR\"},{\"@type\":\"Person\",\"@id\":\"https:\/\/colinahomolog.com.br\/dev\/just-real-moms\/#\/schema\/person\/710e1cdbe2d7728946b52caa0ce49db5\",\"name\":\"justrealmoms\",\"sameAs\":[\"https:\/\/colinahomolog.com.br\/dev\/just-real-moms\"],\"url\":\"https:\/\/colinahomolog.com.br\/dev\/just-real-moms\/author\/justrealmoms\/\"}]}<\/script>\n<!-- \/ Yoast SEO Premium plugin. -->","yoast_head_json":{"title":"Quarto infantil preto e branco!","description":"O quarto infantil preto e branco \u00e9 uma tend\u00eancia mundial que traz eleg\u00e2ncia. Veja dicas de especialista para montar um quarto nesse estilo!","robots":{"index":"index","follow":"follow","max-snippet":"max-snippet:-1","max-image-preview":"max-image-preview:large","max-video-preview":"max-video-preview:-1"},"canonical":"https:\/\/colinahomolog.com.br\/dev\/just-real-moms\/quarto-infantil-preto-e-branco\/","og_locale":"pt_BR","og_type":"article","og_title":"Quarto infantil preto e branco!","og_description":"O quarto infantil preto e branco \u00e9 uma tend\u00eancia mundial que traz eleg\u00e2ncia. Veja dicas de especialista para montar um quarto nesse estilo!","og_url":"https:\/\/colinahomolog.com.br\/dev\/just-real-moms\/quarto-infantil-preto-e-branco\/","og_site_name":"Just Real Moms - Blog para M\u00e3es","article_publisher":"https:\/\/www.facebook.com\/JustRealMoms","article_published_time":"2015-06-20T11:30:07+00:00","article_modified_time":"2016-05-05T22:06:39+00:00","og_image":[{"url":"https:\/\/colinahomolog.com.br\/dev\/just-real-moms\/wp-content\/uploads\/2015\/06\/quartos_infantis_preto_e_branco-just_real_moms.jpg","width":1,"height":1,"type":"image\/jpeg"}],"author":"justrealmoms","twitter_misc":{"Escrito por":"justrealmoms","Est. tempo de leitura":"2 minutos"},"schema":{"@context":"https:\/\/schema.org","@graph":[{"@type":"WebPage","@id":"https:\/\/colinahomolog.com.br\/dev\/just-real-moms\/quarto-infantil-preto-e-branco\/","url":"https:\/\/colinahomolog.com.br\/dev\/just-real-moms\/quarto-infantil-preto-e-branco\/","name":"Quarto infantil preto e branco!","isPartOf":{"@id":"https:\/\/colinahomolog.com.br\/dev\/just-real-moms\/#website"},"primaryImageOfPage":{"@id":"https:\/\/colinahomolog.com.br\/dev\/just-real-moms\/quarto-infantil-preto-e-branco\/#primaryimage"},"image":{"@id":"https:\/\/colinahomolog.com.br\/dev\/just-real-moms\/quarto-infantil-preto-e-branco\/#primaryimage"},"thumbnailUrl":"https:\/\/colinahomolog.com.br\/dev\/just-real-moms\/wp-content\/uploads\/2015\/06\/quartos_infantis_preto_e_branco-just_real_moms.jpg","datePublished":"2015-06-20T11:30:07+00:00","dateModified":"2016-05-05T22:06:39+00:00","author":{"@id":"https:\/\/colinahomolog.com.br\/dev\/just-real-moms\/#\/schema\/person\/710e1cdbe2d7728946b52caa0ce49db5"},"description":"O quarto infantil preto e branco \u00e9 uma tend\u00eancia mundial que traz eleg\u00e2ncia. Veja dicas de especialista para montar um quarto nesse estilo!","breadcrumb":{"@id":"https:\/\/colinahomolog.com.br\/dev\/just-real-moms\/quarto-infantil-preto-e-branco\/#breadcrumb"},"inLanguage":"pt-BR","potentialAction":[{"@type":"ReadAction","target":["https:\/\/colinahomolog.com.br\/dev\/just-real-moms\/quarto-infantil-preto-e-branco\/"]}]},{"@type":"ImageObject","inLanguage":"pt-BR","@id":"https:\/\/colinahomolog.com.br\/dev\/just-real-moms\/quarto-infantil-preto-e-branco\/#primaryimage","url":"https:\/\/colinahomolog.com.br\/dev\/just-real-moms\/wp-content\/uploads\/2015\/06\/quartos_infantis_preto_e_branco-just_real_moms.jpg","contentUrl":"https:\/\/colinahomolog.com.br\/dev\/just-real-moms\/wp-content\/uploads\/2015\/06\/quartos_infantis_preto_e_branco-just_real_moms.jpg","caption":"Quarto infantil preto e branco"},{"@type":"BreadcrumbList","@id":"https:\/\/colinahomolog.com.br\/dev\/just-real-moms\/quarto-infantil-preto-e-branco\/#breadcrumb","itemListElement":[{"@type":"ListItem","position":1,"name":"In\u00edcio","item":"https:\/\/colinahomolog.com.br\/dev\/just-real-moms\/"},{"@type":"ListItem","position":2,"name":"Quarto infantil preto e branco!"}]},{"@type":"WebSite","@id":"https:\/\/colinahomolog.com.br\/dev\/just-real-moms\/#website","url":"https:\/\/colinahomolog.com.br\/dev\/just-real-moms\/","name":"Just Real Moms - Blog para M\u00e3es","description":"O melhor e mais completo portal para m\u00e3es, pais e futuros pais!","potentialAction":[{"@type":"SearchAction","target":{"@type":"EntryPoint","urlTemplate":"https:\/\/colinahomolog.com.br\/dev\/just-real-moms\/?s={search_term_string}"},"query-input":{"@type":"PropertyValueSpecification","valueRequired":true,"valueName":"search_term_string"}}],"inLanguage":"pt-BR"},{"@type":"Person","@id":"https:\/\/colinahomolog.com.br\/dev\/just-real-moms\/#\/schema\/person\/710e1cdbe2d7728946b52caa0ce49db5","name":"justrealmoms","sameAs":["https:\/\/colinahomolog.com.br\/dev\/just-real-moms"],"url":"https:\/\/colinahomolog.com.br\/dev\/just-real-moms\/author\/justrealmoms\/"}]}},"_links":{"self":[{"href":"https:\/\/colinahomolog.com.br\/dev\/just-real-moms\/wp-json\/wp\/v2\/posts\/32445","targetHints":{"allow":["GET"]}}],"collection":[{"href":"https:\/\/colinahomolog.com.br\/dev\/just-real-moms\/wp-json\/wp\/v2\/posts"}],"about":[{"href":"https:\/\/colinahomolog.com.br\/dev\/just-real-moms\/wp-json\/wp\/v2\/types\/post"}],"author":[{"embeddable":true,"href":"https:\/\/colinahomolog.com.br\/dev\/just-real-moms\/wp-json\/wp\/v2\/users\/1021"}],"replies":[{"embeddable":true,"href":"https:\/\/colinahomolog.com.br\/dev\/just-real-moms\/wp-json\/wp\/v2\/comments?post=32445"}],"version-history":[{"count":0,"href":"https:\/\/colinahomolog.com.br\/dev\/just-real-moms\/wp-json\/wp\/v2\/posts\/32445\/revisions"}],"wp:featuredmedia":[{"embeddable":true,"href":"https:\/\/colinahomolog.com.br\/dev\/just-real-moms\/wp-json\/wp\/v2\/media\/32485"}],"wp:attachment":[{"href":"https:\/\/colinahomolog.com.br\/dev\/just-real-moms\/wp-json\/wp\/v2\/media?parent=32445"}],"wp:term":[{"taxonomy":"category","embeddable":true,"href":"https:\/\/colinahomolog.com.br\/dev\/just-real-moms\/wp-json\/wp\/v2\/categories?post=32445"},{"taxonomy":"post_tag","embeddable":true,"href":"https:\/\/colinahomolog.com.br\/dev\/just-real-moms\/wp-json\/wp\/v2\/tags?post=32445"}],"curies":[{"name":"wp","href":"https:\/\/api.w.org\/{rel}","templated":true}]}}