{"id":33002,"date":"2019-02-16T08:30:31","date_gmt":"2019-02-16T10:30:31","guid":{"rendered":"https:\/\/colinahomolog.com.br\/dev\/just-real-moms\/?p=33002"},"modified":"2023-07-26T14:12:37","modified_gmt":"2023-07-26T17:12:37","slug":"dicas-de-viagem-com-o-bebe1","status":"publish","type":"post","link":"https:\/\/colinahomolog.com.br\/dev\/just-real-moms\/dicas-de-viagem-com-o-bebe1\/","title":{"rendered":"Dicas de viagem com o beb\u00ea!"},"content":{"rendered":"<button class=\"simplefavorite-button preset\" data-postid=\"33002\" data-siteid=\"1\" data-groupid=\"1\" data-favoritecount=\"0\" style=\"box-shadow:none;-webkit-box-shadow:none;-moz-box-shadow:none;background-color:#68ccb4;border-color:#68ccb4;color:#ffffff;\"><i class=\"sf-icon-favorite\" style=\"\"><\/i>Favorite<\/button><p>&nbsp;<\/p>\n<p>Ol\u00e1, moms!<\/p>\n<p>Viajar com o beb\u00ea pode n\u00e3o ser a tarefa mais f\u00e1cil do mundo. Algumas coisas (muitas, na verdade) s\u00e3o important\u00edssimas\u00a0e n\u00e3o podemos esquecer de levar.<\/p>\n<p>Al\u00e9m disso, a mudan\u00e7a da rotina na viagem pode alterar um pouco e deixar o beb\u00ea mais cansado. Por isso,\u00a0hoje a <strong>Gabrielle Oliveira<\/strong>, nossa colunista de NY e mam\u00e3e do Jack, trouxe algumas\u00a0dicas para viajar com o beb\u00ea!<\/p>\n<p>Para quem n\u00e3o sabe, a Gabi \u00e9 doutorada em Antropologia pela Universidade de Columbia, Nova York, e pesquisa h\u00e1 5 anos temas sobre a maternidade e educa\u00e7\u00e3o de crian\u00e7as e adolescentes.<\/p>\n<p>Confiram!<\/p>\n<p>&nbsp;<\/p>\n<hr \/>\n<p>&nbsp;<\/p>\n<p>Oi\u00ea, mam\u00e3es de plant\u00e3o!<\/p>\n<p>No \u00faltimo ano eu e o meu marido (e \u00e0s vezes eu sozinha) levamos nosso filho Jack para diversos lugares.<\/p>\n<p>Fomos para Wisconsin e Calif\u00f3rnia visitar a fam\u00edlia do meu marido e meu sobrinho e afilhado, fomos para o Brasil para f\u00e9rias e o casamento da Mica (a dinda do Jack!), fomos para Miami, e finalmente fomos para Bahamas para a segunda festa da Mica! Vamos sempre sem bab\u00e1. N\u00e3o porque eu ache ruim, mas porque a vida aqui \u00e9 assim!<\/p>\n<p>Fora isso tudo, j\u00e1 fizemos diversas viagens de carro (de 4 a 6 horas) e ficamos em hot\u00e9is, casas de amigos e familiares etc.<\/p>\n<p>A nossa realidade aqui em NY \u00e9 que n\u00e3o temos fam\u00edlia perto, ent\u00e3o vivemos viajando. Aqui divido algumas dicas de como viajar com o\u00a0beb\u00ea. E, claro, a minha experi\u00eancia \u00e9 de viajar com o beb\u00ea\u00a0quando ele est\u00e1 entre 4 meses e 1 ano. Acho que outras mam\u00e3es com filhotes maiores podem dividir os truques de viajar com crian\u00e7as tamb\u00e9m!<\/p>\n<p>&nbsp;<\/p>\n<p><img fetchpriority=\"high\" decoding=\"async\" class=\"aligncenter wp-image-33008\" src=\"https:\/\/colinahomolog.com.br\/dev\/just-real-moms\/wp-content\/uploads\/2015\/07\/blog-viajar-beb-maternis-e1426845231605.jpg\" alt=\"Dicas para viajar com o beb\u00ea - Just Real Moms\" width=\"550\" height=\"300\" srcset=\"https:\/\/colinahomolog.com.br\/dev\/just-real-moms\/wp-content\/uploads\/2015\/07\/blog-viajar-beb-maternis-e1426845231605.jpg 2362w, https:\/\/colinahomolog.com.br\/dev\/just-real-moms\/wp-content\/uploads\/2015\/07\/blog-viajar-beb-maternis-e1426845231605-400x218.jpg 400w, https:\/\/colinahomolog.com.br\/dev\/just-real-moms\/wp-content\/uploads\/2015\/07\/blog-viajar-beb-maternis-e1426845231605-820x447.jpg 820w\" sizes=\"(max-width: 550px) 100vw, 550px\" \/><\/p>\n<p>&nbsp;<\/p>\n<h3><strong>1\u00aa\u00a0dica<\/strong><\/h3>\n<p>Eu tento me preparar sempre antes de viajar com o beb\u00ea, pode ser que ele tenha um dia dif\u00edcil. Pode ser que ele tenha dor de ouvido, c\u00f3lica, enjoo ou simplesmente esteja de mau humor porque n\u00e3o dormiu direito. Essas coisas, infelizmente, n\u00f3s n\u00e3o controlamos. Ent\u00e3o, a primeira dica \u00e9: aceite a realidade e abrace o momento.<\/p>\n<p>Eu sou daquelas que fica em p\u00e2nico quando meu filho \u201cincomoda\u201d pessoas no avi\u00e3o. Na \u00faltima viagem (voltando de Bahamas, duas horas e meia de NY), o Jack estava IMPOSS\u00cdVEL. N\u00e3o sossegava. Ele est\u00e1 com 1 ano e s\u00f3 quer andar. Pergunta se ele queria sentar e brincar? Ou dormir? N\u00e3o! Ent\u00e3o eu levei umas olhadas de passageiros e meu marido me disse: Calma, respira.<\/p>\n<h3><strong>2\u00aa dica<\/strong><\/h3>\n<p>Se voc\u00ea for viajar com o beb\u00ea sozinha, os melhores \u201cequipamentos\u201d na minha opini\u00e3o s\u00e3o:<\/p>\n<p>&#8211; Um carrinho leve que voc\u00ea consiga dobrar sozinha. Eu uso o Mclaren Mark II que custou 140 d\u00f3lares na Buy Buy Baby aqui em NY. \u00c9 o chamado carrinho \u201cguarda-chuva\u201d, n\u00e3o pesa nem 4 quilos e voc\u00ea dobra e carrega como se fosse uma raquete de t\u00eanis.<\/p>\n<p>&#8211; Um canguru bom: eu uso o Baby Beco Gemini. \u00c9 legal porque as m\u00e3os ficam livres e \u00e0s vezes os babies conseguem at\u00e9 tirar uma soneca grudadinhos na gente.<\/p>\n<p>&#8211; Uma mochila: essa dica mudou minha vida. De novo, viajar com m\u00e3os livres \u00e9 o que almejamos! Eu uso a mochila da marca japonesa SuperDry que \u00e9 ultra \u00e0 prova d\u2019\u00e1gua. E claro, cabe TUDO e mais um pouco na mochila&#8230; Eu aprendi a ter 3 trocas de roupa, porque ele resolvia fazer &#8220;n\u00famero 2&#8221; mais vezes no avi\u00e3o!<\/p>\n<p>Ah! E n\u00e3o se esque\u00e7a: pe\u00e7a ajuda! As pessoas \u00e0s vezes acham que s\u00e3o intrometidas se tentam ajudar, ent\u00e3o pe\u00e7a ajuda!<\/p>\n<h3><strong>3\u00aa dica<\/strong><\/h3>\n<p>Aproveite para viajar com o\u00a0beb\u00ea at\u00e9 ele ter 6-8 meses. Depois o jogo muda completamente. At\u00e9 essa idade o Jack entrava no avi\u00e3o e dormia. Ou eu amamentava ou eu dava uma mamadeira com meu leite no avi\u00e3o.<\/p>\n<p>De qualquer forma, era s\u00f3 leite! Super f\u00e1cil. Quando eu voltei do Brasil s\u00f3 com o Jack para NY (10 horas de voo, fora as horas de aeroporto etc.), ele dormiu 6 horas no avi\u00e3o durante a noite. Ent\u00e3o, se seu beb\u00ea j\u00e1 dorme a noite toda, voos notunos podem ser uma boa pedida.<\/p>\n<p>Eu fiz uma caminha para ele do meu lado e ele demorou, mas dormiu. De novo, se ele fosse bebezinho ele dormiria ou no ber\u00e7o do avi\u00e3o (que voc\u00ea pode pedir ao fazer check in) ou no meu colo. Mas como meu beb\u00ea sempre foi giga, ele nunca coube no ber\u00e7o! Para eu ir ao banheiro, pedi para a aeromo\u00e7a ficar com ele. E ela adorou!<\/p>\n<p>&nbsp;<\/p>\n<p><img decoding=\"async\" class=\"aligncenter wp-image-33013\" src=\"https:\/\/colinahomolog.com.br\/dev\/just-real-moms\/wp-content\/uploads\/2015\/07\/perelet_s_rebenkom.jpg\" alt=\"Dicas para viajar com o beb\u00ea - Just Real Moms\" width=\"550\" height=\"367\" srcset=\"https:\/\/colinahomolog.com.br\/dev\/just-real-moms\/wp-content\/uploads\/2015\/07\/perelet_s_rebenkom.jpg 1000w, https:\/\/colinahomolog.com.br\/dev\/just-real-moms\/wp-content\/uploads\/2015\/07\/perelet_s_rebenkom-400x267.jpg 400w, https:\/\/colinahomolog.com.br\/dev\/just-real-moms\/wp-content\/uploads\/2015\/07\/perelet_s_rebenkom-820x547.jpg 820w\" sizes=\"(max-width: 550px) 100vw, 550px\" \/><\/p>\n<p>&nbsp;<\/p>\n<h3><strong>4\u00aa\u00a0dica<\/strong><\/h3>\n<p>Eu sempre fui chata com rotina. Se a hora de dormir \u00e9 \u00e0s 19h, sou bem pontual. Mas quando viajo com o beb\u00ea,\u00a0eu tento ser mais flex\u00edvel. Fuso hor\u00e1rio muda, ele fica cansado da viagem, \u00e0s vezes perde o apetite, tem alergias ao ar do avi\u00e3o etc.<\/p>\n<p>Ent\u00e3o, quando tem diferen\u00e7a de hor\u00e1rio, eu tento flexibilizar, mas manter a rotina. Por exemplo: a diferen\u00e7a de hor\u00e1rio daqui para a Calif\u00f3rnia s\u00e3o 3 horas. Se o hor\u00e1rio do Jack de dormir \u00e9 as 19h, l\u00e1 em S\u00e3o Francisco seriam 16h! Ent\u00e3o, como passamos poucos dias eu tento n\u00e3o mudar a rotina dele completamente.<\/p>\n<p>O hor\u00e1rio dele dormir virou entre 5:30-6h l\u00e1 na casa dos av\u00f3s (tamb\u00e9m quer dizer que ele acordava as 5:30-6h da manh\u00e3!). As sonecas se adaptam mais r\u00e1pido, pois os beb\u00eas dormem a cada 1-2 horas quando s\u00e3o pequeninos ou a cada 3-4 quando s\u00e3o maiores.<\/p>\n<h3><strong>5\u00aa dica<\/strong><\/h3>\n<p>Se \u00e9 dif\u00edcil para voc\u00ea amamentar no avi\u00e3o (ou amamentar em geral) existem maneiras de levar o leite materno no avi\u00e3o quando for viajar com o beb\u00ea. No cooler com 3 pacotes de gelo encostando em cada mamadeira ou saquinho, o leite dura at\u00e9 24 horas.<\/p>\n<p>Se voc\u00ea esquentar uma mamadeira antes de sair de casa, tente usar at\u00e9 4 horas depois. Isso s\u00e3o orienta\u00e7\u00f5es da minha pediatra de Nova York. Eu sei que no Brasil pode ser diferente, mas fiz isso muitas vezes com o Jack e deu tudo certo! At\u00e9 leite materno congelado eu j\u00e1 levei!<\/p>\n<p>E chegou no Brasil (12 horas depois) CONGELADO! Quando eu doei leite at\u00e9 para \u00c1frica eles mandaram congelado! Quem tiver interesse eu sei todos os truques, hahaha!<\/p>\n<p>Caso voc\u00ea use f\u00f3rmula, tenho amigas que apenas levavam a \u00e1gua j\u00e1 aquecida em uma garrafa t\u00e9rmica e misturavam o p\u00f3 no avi\u00e3o mesmo.<\/p>\n<p>Nos Estados Unidos n\u00e3o existe limite de l\u00edquido quando o assunto \u00e9: leite e f\u00f3rmula do beb\u00ea. Outro dia, quando fui viajar com o beb\u00ea, a pessoa do raio x colocou a mamadeira com leite materno na m\u00e1quina e a m\u00e1quina apitou (sempre acontece).<\/p>\n<p>Ent\u00e3o a mulher me falou: \u201cEsse leite n\u00e3o vai\u201d. Eu disse: \u201cVai sim\u201d. Ela disse: \u201cN\u00e3o porque est\u00e1 apitando\u201d. Eu contestei: &#8220;Sim, mas voc\u00ea pode fazer um outro teste que se chama strip test\u201d \u2013 basicamente eles abrem a mamadeira (com luvas) e seguram um pedacinho de papel em cima sem tocar no leite e esperam para ver se tem rea\u00e7\u00e3o qu\u00edmica.<\/p>\n<p>A mulher quase me matou. Mas eu disse para ela chamar a chefe dela. No final, o leite veio comigo&#8230;<\/p>\n<p>Boa viagem, mam\u00e3es!<\/p>\n<p>Gabi<\/p>\n<p><strong>Conte\u00fado exclusivo do site Just Real Moms.\u00a0<\/strong><br \/>\n<strong>Categoria: Gravidez, maternidade, blog de m\u00e3e, blog para m\u00e3e, dicas de m\u00e3e, dicas para gr\u00e1vidas, dicas de maternidade.<\/strong><\/p>\n\n    <div class=\"xs_social_share_widget xs_share_url after_content \t\tmain_content  wslu-style-1 wslu-share-box-shaped wslu-fill-colored wslu-none wslu-share-horizontal wslu-theme-font-no wslu-main_content\">\n\n\t\t\n        <ul>\n\t\t\t        <\/ul>\n    <\/div> \n","protected":false},"excerpt":{"rendered":"<p>Favorite&nbsp; Ol\u00e1, moms! Viajar com o beb\u00ea pode n\u00e3o ser a tarefa mais f\u00e1cil do mundo. Algumas coisas (muitas, na verdade) s\u00e3o important\u00edssimas\u00a0e n\u00e3o podemos esquecer de levar. Al\u00e9m disso, a mudan\u00e7a da rotina na viagem pode alterar um pouco e deixar o beb\u00ea mais cansado. Por isso,\u00a0hoje a Gabrielle Oliveira, nossa colunista de NY [&hellip;]<\/p>\n","protected":false},"author":6,"featured_media":33007,"comment_status":"open","ping_status":"closed","sticky":false,"template":"","format":"standard","meta":{"_acf_changed":false,"footnotes":""},"categories":[453],"tags":[],"class_list":{"0":"post-33002","1":"post","2":"type-post","3":"status-publish","4":"format-standard","5":"has-post-thumbnail","7":"category-dicas-dos-especialistas"},"acf":[],"yoast_head":"<!-- This site is optimized with the Yoast SEO Premium plugin v26.6 (Yoast SEO v26.6) - https:\/\/yoast.com\/wordpress\/plugins\/seo\/ -->\n<title>Dicas de viagem com o beb\u00ea!<\/title>\n<meta name=\"description\" content=\"Viajar com o beb\u00ea requer aten\u00e7\u00e3o! Veja dicas do que levar, como adaptar a rotina, amamenta\u00e7\u00e3o na viagem e sono do pequeno.\" \/>\n<meta name=\"robots\" content=\"index, follow, max-snippet:-1, max-image-preview:large, max-video-preview:-1\" \/>\n<link rel=\"canonical\" href=\"https:\/\/colinahomolog.com.br\/dev\/just-real-moms\/dicas-de-viagem-com-o-bebe1\/\" \/>\n<meta property=\"og:locale\" content=\"pt_BR\" \/>\n<meta property=\"og:type\" content=\"article\" \/>\n<meta property=\"og:title\" content=\"Dicas para viajar com o beb\u00ea!\" \/>\n<meta property=\"og:description\" content=\"Viajar com o beb\u00ea requer aten\u00e7\u00e3o! Veja dicas do que levar, como adaptar a rotina, amamenta\u00e7\u00e3o na viagem e sono do pequeno.\" \/>\n<meta property=\"og:url\" content=\"https:\/\/colinahomolog.com.br\/dev\/just-real-moms\/dicas-de-viagem-com-o-bebe1\/\" \/>\n<meta property=\"og:site_name\" content=\"Just Real Moms - Blog para M\u00e3es\" \/>\n<meta property=\"article:publisher\" content=\"https:\/\/www.facebook.com\/JustRealMoms\" \/>\n<meta property=\"article:published_time\" content=\"2019-02-16T10:30:31+00:00\" \/>\n<meta property=\"article:modified_time\" content=\"2023-07-26T17:12:37+00:00\" \/>\n<meta property=\"og:image\" content=\"https:\/\/colinahomolog.com.br\/dev\/just-real-moms\/wp-content\/uploads\/2017\/12\/img_4756.jpg\" \/>\n\t<meta property=\"og:image:width\" content=\"532\" \/>\n\t<meta property=\"og:image:height\" content=\"444\" \/>\n\t<meta property=\"og:image:type\" content=\"image\/jpeg\" \/>\n<meta name=\"author\" content=\"Juliana\" \/>\n<meta name=\"twitter:label1\" content=\"Escrito por\" \/>\n\t<meta name=\"twitter:data1\" content=\"Juliana\" \/>\n\t<meta name=\"twitter:label2\" content=\"Est. tempo de leitura\" \/>\n\t<meta name=\"twitter:data2\" content=\"7 minutos\" \/>\n<script type=\"application\/ld+json\" class=\"yoast-schema-graph\">{\"@context\":\"https:\/\/schema.org\",\"@graph\":[{\"@type\":\"WebPage\",\"@id\":\"https:\/\/colinahomolog.com.br\/dev\/just-real-moms\/dicas-de-viagem-com-o-bebe1\/\",\"url\":\"https:\/\/colinahomolog.com.br\/dev\/just-real-moms\/dicas-de-viagem-com-o-bebe1\/\",\"name\":\"Dicas de viagem com o beb\u00ea!\",\"isPartOf\":{\"@id\":\"https:\/\/colinahomolog.com.br\/dev\/just-real-moms\/#website\"},\"primaryImageOfPage\":{\"@id\":\"https:\/\/colinahomolog.com.br\/dev\/just-real-moms\/dicas-de-viagem-com-o-bebe1\/#primaryimage\"},\"image\":{\"@id\":\"https:\/\/colinahomolog.com.br\/dev\/just-real-moms\/dicas-de-viagem-com-o-bebe1\/#primaryimage\"},\"thumbnailUrl\":\"https:\/\/colinahomolog.com.br\/dev\/just-real-moms\/wp-content\/uploads\/2015\/07\/1-cc-by-nd-keri-flickr-com_2.jpg\",\"datePublished\":\"2019-02-16T10:30:31+00:00\",\"dateModified\":\"2023-07-26T17:12:37+00:00\",\"author\":{\"@id\":\"https:\/\/colinahomolog.com.br\/dev\/just-real-moms\/#\/schema\/person\/8218aa957ba5a31e5f531f3b6561916a\"},\"description\":\"Viajar com o beb\u00ea requer aten\u00e7\u00e3o! Veja dicas do que levar, como adaptar a rotina, amamenta\u00e7\u00e3o na viagem e sono do pequeno.\",\"breadcrumb\":{\"@id\":\"https:\/\/colinahomolog.com.br\/dev\/just-real-moms\/dicas-de-viagem-com-o-bebe1\/#breadcrumb\"},\"inLanguage\":\"pt-BR\",\"potentialAction\":[{\"@type\":\"ReadAction\",\"target\":[\"https:\/\/colinahomolog.com.br\/dev\/just-real-moms\/dicas-de-viagem-com-o-bebe1\/\"]}]},{\"@type\":\"ImageObject\",\"inLanguage\":\"pt-BR\",\"@id\":\"https:\/\/colinahomolog.com.br\/dev\/just-real-moms\/dicas-de-viagem-com-o-bebe1\/#primaryimage\",\"url\":\"https:\/\/colinahomolog.com.br\/dev\/just-real-moms\/wp-content\/uploads\/2015\/07\/1-cc-by-nd-keri-flickr-com_2.jpg\",\"contentUrl\":\"https:\/\/colinahomolog.com.br\/dev\/just-real-moms\/wp-content\/uploads\/2015\/07\/1-cc-by-nd-keri-flickr-com_2.jpg\"},{\"@type\":\"BreadcrumbList\",\"@id\":\"https:\/\/colinahomolog.com.br\/dev\/just-real-moms\/dicas-de-viagem-com-o-bebe1\/#breadcrumb\",\"itemListElement\":[{\"@type\":\"ListItem\",\"position\":1,\"name\":\"In\u00edcio\",\"item\":\"https:\/\/colinahomolog.com.br\/dev\/just-real-moms\/\"},{\"@type\":\"ListItem\",\"position\":2,\"name\":\"Dicas de viagem com o beb\u00ea!\"}]},{\"@type\":\"WebSite\",\"@id\":\"https:\/\/colinahomolog.com.br\/dev\/just-real-moms\/#website\",\"url\":\"https:\/\/colinahomolog.com.br\/dev\/just-real-moms\/\",\"name\":\"Just Real Moms - Blog para M\u00e3es\",\"description\":\"O melhor e mais completo portal para m\u00e3es, pais e futuros pais!\",\"potentialAction\":[{\"@type\":\"SearchAction\",\"target\":{\"@type\":\"EntryPoint\",\"urlTemplate\":\"https:\/\/colinahomolog.com.br\/dev\/just-real-moms\/?s={search_term_string}\"},\"query-input\":{\"@type\":\"PropertyValueSpecification\",\"valueRequired\":true,\"valueName\":\"search_term_string\"}}],\"inLanguage\":\"pt-BR\"},{\"@type\":\"Person\",\"@id\":\"https:\/\/colinahomolog.com.br\/dev\/just-real-moms\/#\/schema\/person\/8218aa957ba5a31e5f531f3b6561916a\",\"name\":\"Juliana\",\"url\":\"https:\/\/colinahomolog.com.br\/dev\/just-real-moms\/author\/juliana\/\"}]}<\/script>\n<!-- \/ Yoast SEO Premium plugin. -->","yoast_head_json":{"title":"Dicas de viagem com o beb\u00ea!","description":"Viajar com o beb\u00ea requer aten\u00e7\u00e3o! Veja dicas do que levar, como adaptar a rotina, amamenta\u00e7\u00e3o na viagem e sono do pequeno.","robots":{"index":"index","follow":"follow","max-snippet":"max-snippet:-1","max-image-preview":"max-image-preview:large","max-video-preview":"max-video-preview:-1"},"canonical":"https:\/\/colinahomolog.com.br\/dev\/just-real-moms\/dicas-de-viagem-com-o-bebe1\/","og_locale":"pt_BR","og_type":"article","og_title":"Dicas para viajar com o beb\u00ea!","og_description":"Viajar com o beb\u00ea requer aten\u00e7\u00e3o! Veja dicas do que levar, como adaptar a rotina, amamenta\u00e7\u00e3o na viagem e sono do pequeno.","og_url":"https:\/\/colinahomolog.com.br\/dev\/just-real-moms\/dicas-de-viagem-com-o-bebe1\/","og_site_name":"Just Real Moms - Blog para M\u00e3es","article_publisher":"https:\/\/www.facebook.com\/JustRealMoms","article_published_time":"2019-02-16T10:30:31+00:00","article_modified_time":"2023-07-26T17:12:37+00:00","og_image":[{"width":532,"height":444,"url":"https:\/\/colinahomolog.com.br\/dev\/just-real-moms\/wp-content\/uploads\/2017\/12\/img_4756.jpg","type":"image\/jpeg"}],"author":"Juliana","twitter_misc":{"Escrito por":"Juliana","Est. tempo de leitura":"7 minutos"},"schema":{"@context":"https:\/\/schema.org","@graph":[{"@type":"WebPage","@id":"https:\/\/colinahomolog.com.br\/dev\/just-real-moms\/dicas-de-viagem-com-o-bebe1\/","url":"https:\/\/colinahomolog.com.br\/dev\/just-real-moms\/dicas-de-viagem-com-o-bebe1\/","name":"Dicas de viagem com o beb\u00ea!","isPartOf":{"@id":"https:\/\/colinahomolog.com.br\/dev\/just-real-moms\/#website"},"primaryImageOfPage":{"@id":"https:\/\/colinahomolog.com.br\/dev\/just-real-moms\/dicas-de-viagem-com-o-bebe1\/#primaryimage"},"image":{"@id":"https:\/\/colinahomolog.com.br\/dev\/just-real-moms\/dicas-de-viagem-com-o-bebe1\/#primaryimage"},"thumbnailUrl":"https:\/\/colinahomolog.com.br\/dev\/just-real-moms\/wp-content\/uploads\/2015\/07\/1-cc-by-nd-keri-flickr-com_2.jpg","datePublished":"2019-02-16T10:30:31+00:00","dateModified":"2023-07-26T17:12:37+00:00","author":{"@id":"https:\/\/colinahomolog.com.br\/dev\/just-real-moms\/#\/schema\/person\/8218aa957ba5a31e5f531f3b6561916a"},"description":"Viajar com o beb\u00ea requer aten\u00e7\u00e3o! Veja dicas do que levar, como adaptar a rotina, amamenta\u00e7\u00e3o na viagem e sono do pequeno.","breadcrumb":{"@id":"https:\/\/colinahomolog.com.br\/dev\/just-real-moms\/dicas-de-viagem-com-o-bebe1\/#breadcrumb"},"inLanguage":"pt-BR","potentialAction":[{"@type":"ReadAction","target":["https:\/\/colinahomolog.com.br\/dev\/just-real-moms\/dicas-de-viagem-com-o-bebe1\/"]}]},{"@type":"ImageObject","inLanguage":"pt-BR","@id":"https:\/\/colinahomolog.com.br\/dev\/just-real-moms\/dicas-de-viagem-com-o-bebe1\/#primaryimage","url":"https:\/\/colinahomolog.com.br\/dev\/just-real-moms\/wp-content\/uploads\/2015\/07\/1-cc-by-nd-keri-flickr-com_2.jpg","contentUrl":"https:\/\/colinahomolog.com.br\/dev\/just-real-moms\/wp-content\/uploads\/2015\/07\/1-cc-by-nd-keri-flickr-com_2.jpg"},{"@type":"BreadcrumbList","@id":"https:\/\/colinahomolog.com.br\/dev\/just-real-moms\/dicas-de-viagem-com-o-bebe1\/#breadcrumb","itemListElement":[{"@type":"ListItem","position":1,"name":"In\u00edcio","item":"https:\/\/colinahomolog.com.br\/dev\/just-real-moms\/"},{"@type":"ListItem","position":2,"name":"Dicas de viagem com o beb\u00ea!"}]},{"@type":"WebSite","@id":"https:\/\/colinahomolog.com.br\/dev\/just-real-moms\/#website","url":"https:\/\/colinahomolog.com.br\/dev\/just-real-moms\/","name":"Just Real Moms - Blog para M\u00e3es","description":"O melhor e mais completo portal para m\u00e3es, pais e futuros pais!","potentialAction":[{"@type":"SearchAction","target":{"@type":"EntryPoint","urlTemplate":"https:\/\/colinahomolog.com.br\/dev\/just-real-moms\/?s={search_term_string}"},"query-input":{"@type":"PropertyValueSpecification","valueRequired":true,"valueName":"search_term_string"}}],"inLanguage":"pt-BR"},{"@type":"Person","@id":"https:\/\/colinahomolog.com.br\/dev\/just-real-moms\/#\/schema\/person\/8218aa957ba5a31e5f531f3b6561916a","name":"Juliana","url":"https:\/\/colinahomolog.com.br\/dev\/just-real-moms\/author\/juliana\/"}]}},"_links":{"self":[{"href":"https:\/\/colinahomolog.com.br\/dev\/just-real-moms\/wp-json\/wp\/v2\/posts\/33002","targetHints":{"allow":["GET"]}}],"collection":[{"href":"https:\/\/colinahomolog.com.br\/dev\/just-real-moms\/wp-json\/wp\/v2\/posts"}],"about":[{"href":"https:\/\/colinahomolog.com.br\/dev\/just-real-moms\/wp-json\/wp\/v2\/types\/post"}],"author":[{"embeddable":true,"href":"https:\/\/colinahomolog.com.br\/dev\/just-real-moms\/wp-json\/wp\/v2\/users\/6"}],"replies":[{"embeddable":true,"href":"https:\/\/colinahomolog.com.br\/dev\/just-real-moms\/wp-json\/wp\/v2\/comments?post=33002"}],"version-history":[{"count":0,"href":"https:\/\/colinahomolog.com.br\/dev\/just-real-moms\/wp-json\/wp\/v2\/posts\/33002\/revisions"}],"wp:featuredmedia":[{"embeddable":true,"href":"https:\/\/colinahomolog.com.br\/dev\/just-real-moms\/wp-json\/wp\/v2\/media\/33007"}],"wp:attachment":[{"href":"https:\/\/colinahomolog.com.br\/dev\/just-real-moms\/wp-json\/wp\/v2\/media?parent=33002"}],"wp:term":[{"taxonomy":"category","embeddable":true,"href":"https:\/\/colinahomolog.com.br\/dev\/just-real-moms\/wp-json\/wp\/v2\/categories?post=33002"},{"taxonomy":"post_tag","embeddable":true,"href":"https:\/\/colinahomolog.com.br\/dev\/just-real-moms\/wp-json\/wp\/v2\/tags?post=33002"}],"curies":[{"name":"wp","href":"https:\/\/api.w.org\/{rel}","templated":true}]}}