{"id":33586,"date":"2015-07-10T08:30:58","date_gmt":"2015-07-10T11:30:58","guid":{"rendered":"https:\/\/colinahomolog.com.br\/dev\/just-real-moms\/?p=33586"},"modified":"2016-05-05T19:06:39","modified_gmt":"2016-05-05T22:06:39","slug":"a-melhor-programacao-infantil-no-rio-de-janeiro-no-fim-de-semana","status":"publish","type":"post","link":"https:\/\/colinahomolog.com.br\/dev\/just-real-moms\/a-melhor-programacao-infantil-no-rio-de-janeiro-no-fim-de-semana\/","title":{"rendered":"A melhor programa\u00e7\u00e3o infantil no Rio de Janeiro no fim de semana! &#8211; por Rio Kids"},"content":{"rendered":"<button class=\"simplefavorite-button preset\" data-postid=\"33586\" data-siteid=\"1\" data-groupid=\"1\" data-favoritecount=\"0\" style=\"box-shadow:none;-webkit-box-shadow:none;-moz-box-shadow:none;background-color:#68ccb4;border-color:#68ccb4;color:#ffffff;\"><i class=\"sf-icon-favorite\" style=\"\"><\/i>Favorite<\/button><p>&nbsp;<\/p>\n<p>Ol\u00e1, moms!<\/p>\n<p>Quer fazer algo diferente mas n\u00e3o sabe aonde levar as crian\u00e7as? O nosso colunista\u00a0<a href=\"http:\/\/wp.me\/p45x3E-3Cp\">Rio Kids <\/a>selecionou uma programa\u00e7\u00e3o infantil fant\u00e1stica para aproveitar nesse fim de semana!<\/p>\n<p>Confira!<\/p>\n<hr \/>\n<p>&nbsp;<\/p>\n<p><strong>1. Baby Boom<\/strong><\/p>\n<p>A Baby Boom, a primeira e \u00fanica festa de rock para pais e filhos, acontecer\u00e1 no Miranda dia 12 de julho, das 17h \u00e0s 21h, aproveitando o per\u00edodo de f\u00e9rias escolar! Vai ser um grande tributo aos Beatles para os pequenos, com show da banda Beatleman\u00edacos.<\/p>\n<p>Al\u00e9m do show, DJs se apresentam com um repert\u00f3rio muito especial para fazer os pais e filhos dan\u00e7arem e muitas brincadeiras como pintura de rosto, pula pula e muito mais.<\/p>\n<p>Os ingressos custam R$50,00 para os pais e R$25,00 para crian\u00e7as e s\u00e3o vendidos no site:\u00a0<a href=\"https:\/\/www.bilheteriadigital.com\/baby-boom-12-de-julho\">https:\/\/www.bilheteriadigital.com\/baby-boom-12-de-julho<\/a><\/p>\n<p>Endere\u00e7o:\u00a0Av. Borges de Medeiros, 1424, bloco 1 \/ piso 2 &#8211; Lagoa<\/p>\n<p>&nbsp;<\/p>\n<p><strong>2. MONSTER HIGH<\/strong><\/p>\n<p>Nas f\u00e9rias de julho, o Rio Design Barra em parceria com a Mattel, vai trazer para a crian\u00e7ada uma viagem de arrepiar pelo universo MONSTER HIGH. De 2 de julho a 2 de agosto, a Pra\u00e7a Central do shopping vai receber o evento pela primeira vez no Rio de Janeiro. No espa\u00e7o tem\u00e1tico de mais de 200 metros quadrados, crian\u00e7as de 04 a 12 anos v\u00e3o se divertir em cinco esta\u00e7\u00f5es interativas com atividades l\u00fadicas envolvendo o universo dos personagens. O evento Monster High permite que as crian\u00e7as vivenciem uma experi\u00eancia assustadoramente \u00fanica, como se estivessem em seu primeiro dia de aula na escola de monstros. A ideia \u00e9 que os pequenos possam se familiarizar com os personagens e que tamb\u00e9m participem de atividades multissensoriais.<\/p>\n<p>Al\u00e9m das atividades interativas, as crian\u00e7as v\u00e3o conferir tamb\u00e9m uma exposi\u00e7\u00e3o in\u00e9dita das bonecas Monster High. Ao final do circuito, que tem dura\u00e7\u00e3o de 30 minutos, todos recebem a carteirinha de estudante de Monster High. \u201c\u00c9 criativo, \u00e9 inovador e o evento ainda surpreende com uma tem\u00e1tica que evidencia e aceita as diferen\u00e7as\u201d, afirma Cecilia Figueiredo, gerente de Marketing do Rio Design Barra.<\/p>\n<p>Monster High contar\u00e1 com as seguintes atividades:<\/p>\n<p>1) Corredor monstromorfose: As crian\u00e7as conhecer\u00e3o as regras da escola mais horripilante de todos os tempos e poder\u00e3o se caracterizar com adere\u00e7os inspirados em seus personagens favoritos, ficando com um visual de arrepiar.<\/p>\n<p>2) Sala de aula: As crian\u00e7as e respons\u00e1veis participam da Reuni\u00e3o de Pais &amp; Monstros, conhecendo curiosidades sobre alunos veteranos de Monster High e montando suas \u00e1rvores monstrol\u00f3gicas e quebra-cabe\u00e7as.<\/p>\n<p>3) Laborat\u00f3rio monster: Ao entrar neste ambiente repleto de surpresas, as crian\u00e7as recebem jalecos Monster High e participam de experimentos cient\u00edficos, montando sua pr\u00f3pria criatura na bancada do laborat\u00f3rio.<\/p>\n<p>4) Catacumba: Neste ambiente os visitantes podem admirar a exposi\u00e7\u00e3o com seus personagens favoritos de Monster High em vers\u00f5es de arrepiar, conhecendo hist\u00f3rias eletrizantes e curiosidades sinistras.<\/p>\n<p>5) Gin\u00e1sio: \u00c9 nesse espa\u00e7o que a garotada celebra o esp\u00edrito de grupo Monster High, participando do treino da torcida ao som da m\u00fasica-tema da escola. Os f\u00e3s podem tirar fotos com a grande ilustra\u00e7\u00e3o das suas monstrinhas favoritas dispostas de forma conjunta no palco.<\/p>\n<p>Para mais informa\u00e7\u00f5es acesse www.monsterhigh.com.br<\/p>\n<p><img fetchpriority=\"high\" decoding=\"async\" class=\"aligncenter wp-image-33587\" src=\"https:\/\/colinahomolog.com.br\/dev\/just-real-moms\/wp-content\/uploads\/2015\/07\/riokids-mosnterhigh1.jpg\" alt=\"riokids-mosnterhigh1\" width=\"550\" height=\"550\" \/><\/p>\n<p><strong>3. Oficinas no Espa\u00e7o Itanhang\u00e1<\/strong><\/p>\n<p>Cada vez mais o\u00a0Espa\u00e7o\u00a0Itanhang\u00e1\u00a0est\u00e1 sendo procurado por pessoas que querem\u00a0desfrutar da natureza com seguran\u00e7a e prazer. \u00c9 tempo de f\u00e9rias escolares e muitos pais n\u00e3o querem passear com seus filhos em \u00a0shoppings centers fechados e convencionais. Por isso, o Espa\u00e7o Itanhang\u00e1 acreditando cada vez mais que estar na sintonia com a vida \u00e9 ver e sentir a grandeza de interagir com a natureza sem agred\u00ed-la, est\u00e1 oferecendo oficinas de f\u00e9rias com sustentabilidade, arte e moda para os pequenos.<\/p>\n<p>Nos pr\u00f3ximos s\u00e1bados, dias 11, 18 e 28 de julho, \u00e0s 11h, o espa\u00e7o Itanhang\u00e1 realiza uma a\u00e7\u00e3o super bacana e gratuita com os pequenos, as oficinas de f\u00e9rias ministradas pelo Studio Crian\u00e7a com aulas sobre sustentabilidade, moda e arte para crian\u00e7as a partir de 4 anos a 10 anos. No final de todas as oficinas ter\u00e3o distribui\u00e7\u00e3o de sementes &#8220;Plantas M\u00e1gicas&#8221; com mensagens especiais para serem plantadas em casa com a fam\u00edlia.<\/p>\n<p>Agenda:<\/p>\n<p>DIA 11 &#8211; Oficina Feij\u00f5es M\u00e1gicos<\/p>\n<p>DIA 18 &#8211; Oficina Keka Ta na Moda para crian\u00e7as<\/p>\n<p>DIA 25 &#8211; Mandalas para crian\u00e7as.<\/p>\n<p>Durante o evento, al\u00e9m das oficinas, o Emp\u00f3rio da Papinha oferecer\u00e1 uma degusta\u00e7\u00e3o de comidinhas org\u00e2nicas e sorteios de brindes. As Claras criou um menu especial de p\u00e3es e sandu\u00edches org\u00e2nicos, o POMAR ORG\u00c2NICO realizar\u00e1 sua feira org\u00e2nica e o RAJABRA estar\u00e1 com aulas de Stand Up na praia.<\/p>\n<p><img decoding=\"async\" class=\"aligncenter wp-image-33588\" src=\"https:\/\/colinahomolog.com.br\/dev\/just-real-moms\/wp-content\/uploads\/2015\/07\/riokids-espacoitanhanga.png\" alt=\"riokids-espacoitanhanga\" width=\"240\" height=\"240\" \/><\/p>\n<p>&nbsp;<\/p>\n<p><strong>4. CRON\u00d3PIO &#8211; AS AVENTURAS DE UM HER\u00d3I DESAJUSTADO<\/strong><\/p>\n<p>Livremente inspirado na obra de Julio Cort\u00e1zar. A saga do libert\u00e1rio Cron\u00f3pio, que desafia um mundo de ordem e dribla todas as regras para fazer de sua vida uma experi\u00eancia po\u00e9tica.<\/p>\n<p>Em cartaz no Teatro Municipal Maria Clara Machado, Planet\u00e1rio da G\u00e1vea, s\u00e1bados e domingos, \u00e0s 17h.<\/p>\n<p>Temporada: at\u00e9 02 de agosto.<\/p>\n<p><img decoding=\"async\" class=\"aligncenter wp-image-33589\" src=\"https:\/\/colinahomolog.com.br\/dev\/just-real-moms\/wp-content\/uploads\/2015\/07\/riokids-teatro-cronopio.jpg\" alt=\"riokids-teatro-cronopio\" width=\"550\" height=\"342\" srcset=\"https:\/\/colinahomolog.com.br\/dev\/just-real-moms\/wp-content\/uploads\/2015\/07\/riokids-teatro-cronopio.jpg 600w, https:\/\/colinahomolog.com.br\/dev\/just-real-moms\/wp-content\/uploads\/2015\/07\/riokids-teatro-cronopio-400x249.jpg 400w\" sizes=\"(max-width: 550px) 100vw, 550px\" \/><\/p>\n<p>&nbsp;<\/p>\n<p><strong>5. JUVENAL, PITA E O VELOC\u00cdPEDE<\/strong><\/p>\n<p>Juvenal tem cinco anos de idade e adora brincar com o seu veloc\u00edpede. Um dia descansando embaixo de um cajueiro, ele conhece uma menina chamada Pita. Eles se tornam amigos insepar\u00e1veis e vivem grandes aventuras a bordo de um veloc\u00edpede constru\u00eddo pelo tio do menino.<\/p>\n<p>Em cartaz no Centro Cultural da Justi\u00e7a Federal, Centro, s\u00e1bados e domingos, \u00e0s 16h.<\/p>\n<p>Temporada: 11 de julho a 13 de setembro.<\/p>\n<p><img loading=\"lazy\" decoding=\"async\" class=\"aligncenter wp-image-33590\" src=\"https:\/\/colinahomolog.com.br\/dev\/just-real-moms\/wp-content\/uploads\/2015\/07\/riokids-teatro-juvenal.jpg\" alt=\"riokids-teatro-juvenal\" width=\"550\" height=\"342\" srcset=\"https:\/\/colinahomolog.com.br\/dev\/just-real-moms\/wp-content\/uploads\/2015\/07\/riokids-teatro-juvenal.jpg 450w, https:\/\/colinahomolog.com.br\/dev\/just-real-moms\/wp-content\/uploads\/2015\/07\/riokids-teatro-juvenal-400x249.jpg 400w\" sizes=\"(max-width: 550px) 100vw, 550px\" \/><\/p>\n<p>&nbsp;<\/p>\n<p><strong>6. O Novo Mundo Encantado Buarque de Hollanda<\/strong><\/p>\n<p>A partir do dia 11 de julho, o p\u00fablico infantil poder\u00e1 conferir o musical \u201c O novo mundo encantando Buarque de Hollanda\u201d dire\u00e7\u00e3o de Marco Andr\u00e9 Nunes, estrelado pela atriz e idealizadora do projeto, Anna Markun, no Teatro Fashion Mail, em S\u00e3o Conrado, aos S\u00e1bados e domingos. \u00e0s 17h30. O musical \u00e9 direcionado ao p\u00fablico infantil, mas tamb\u00e9m encanta e emociona os pais. Com dura\u00e7\u00e3o de 50 minutos, o espet\u00e1culo cont\u00e9m 11 m\u00fasicas de Chico Buarque que s\u00e3o costuradas pela hist\u00f3ria que \u00e9 narrada pelos personagens: Tiana, Rico, Rena, Papel e Foca. Eles s\u00e3o uma trupe de mambembe que vem do Novo Mundo Encantado e desvendam o imagin\u00e1rio de um menino\u00a0muito criativo chamado Chico.<\/p>\n<p>Durante o espet\u00e1culo\u00a0uma banda ao vivo d\u00e1 o tom as m\u00fasicas e que recebem vida e novos arranjos atrav\u00e9s de\u00a0v\u00e1rios personagens criados para a pe\u00e7a.\u00a0 A personagem principal, Tiana, uma cantora, interpretada pela atriz Ana Markun e seus amigos\u00a0utilizam da\u00a0m\u00fasica de qualidade, mesclando\u00a0uma\u00a0linguagem clara e objetiva, \u00a0para educar\u00a0e divertir\u00a0as\u00a0crian\u00e7as e inspirar\u00a0doces recorda\u00e7\u00f5es aos pais.<\/p>\n<p>Temporada: 11 de julho a 30 de agosto.<\/p>\n<p><img loading=\"lazy\" decoding=\"async\" class=\"aligncenter wp-image-33591\" src=\"https:\/\/colinahomolog.com.br\/dev\/just-real-moms\/wp-content\/uploads\/2015\/07\/riokids-chicobuarque.jpg\" alt=\"riokids-chicobuarque\" width=\"550\" height=\"550\" srcset=\"https:\/\/colinahomolog.com.br\/dev\/just-real-moms\/wp-content\/uploads\/2015\/07\/riokids-chicobuarque.jpg 900w, https:\/\/colinahomolog.com.br\/dev\/just-real-moms\/wp-content\/uploads\/2015\/07\/riokids-chicobuarque-400x400.jpg 400w, https:\/\/colinahomolog.com.br\/dev\/just-real-moms\/wp-content\/uploads\/2015\/07\/riokids-chicobuarque-820x820.jpg 820w\" sizes=\"(max-width: 550px) 100vw, 550px\" \/><\/p>\n<p>&nbsp;<\/p>\n<p>Para conferirem a programa\u00e7\u00e3o completa, acessem o<a href=\"http:\/\/wp.me\/p45x3E-3Cp\"> site do Rio Kids<\/a>!<\/p>\n<p>&nbsp;<\/p>\n<p><strong>Conte\u00fado exclusivo do site Just Real Moms.\u00a0<\/strong><br \/>\n<strong>Categoria: Gravidez, maternidade, blog de m\u00e3e, blog para m\u00e3e, dicas de m\u00e3e, dicas para gr\u00e1vidas, dicas de maternidade.<\/strong><\/p>\n<p>&nbsp;<\/p>\n<p>&nbsp;<\/p>\n<p>&nbsp;<\/p>\n<p>&nbsp;<\/p>\n\n    <div class=\"xs_social_share_widget xs_share_url after_content \t\tmain_content  wslu-style-1 wslu-share-box-shaped wslu-fill-colored wslu-none wslu-share-horizontal wslu-theme-font-no wslu-main_content\">\n\n\t\t\n        <ul>\n\t\t\t        <\/ul>\n    <\/div> \n","protected":false},"excerpt":{"rendered":"<p>Favorite&nbsp; Ol\u00e1, moms! Quer fazer algo diferente mas n\u00e3o sabe aonde levar as crian\u00e7as? O nosso colunista\u00a0Rio Kids selecionou uma programa\u00e7\u00e3o infantil fant\u00e1stica para aproveitar nesse fim de semana! Confira! &nbsp; 1. Baby Boom A Baby Boom, a primeira e \u00fanica festa de rock para pais e filhos, acontecer\u00e1 no Miranda dia 12 de julho, [&hellip;]<\/p>\n","protected":false},"author":1021,"featured_media":33587,"comment_status":"open","ping_status":"closed","sticky":false,"template":"","format":"standard","meta":{"_acf_changed":false,"footnotes":""},"categories":[33],"tags":[],"class_list":{"0":"post-33586","1":"post","2":"type-post","3":"status-publish","4":"format-standard","5":"has-post-thumbnail","7":"category-have-fun"},"acf":[],"yoast_head":"<!-- This site is optimized with the Yoast SEO Premium plugin v26.6 (Yoast SEO v26.6) - https:\/\/yoast.com\/wordpress\/plugins\/seo\/ -->\n<title>A melhor programa\u00e7\u00e3o infantil no Rio de Janeiro no fim de semana! - por Rio Kids<\/title>\n<meta name=\"robots\" content=\"index, follow, max-snippet:-1, max-image-preview:large, max-video-preview:-1\" \/>\n<link rel=\"canonical\" href=\"https:\/\/colinahomolog.com.br\/dev\/just-real-moms\/a-melhor-programacao-infantil-no-rio-de-janeiro-no-fim-de-semana\/\" \/>\n<meta property=\"og:locale\" content=\"pt_BR\" \/>\n<meta property=\"og:type\" content=\"article\" \/>\n<meta property=\"og:title\" content=\"A melhor programa\u00e7\u00e3o infantil no Rio de Janeiro no fim de semana! - por Rio Kids\" \/>\n<meta property=\"og:description\" content=\"Favorite&nbsp; Ol\u00e1, moms! Quer fazer algo diferente mas n\u00e3o sabe aonde levar as crian\u00e7as? O nosso colunista\u00a0Rio Kids selecionou uma programa\u00e7\u00e3o infantil fant\u00e1stica para aproveitar nesse fim de semana! Confira! &nbsp; 1. Baby Boom A Baby Boom, a primeira e \u00fanica festa de rock para pais e filhos, acontecer\u00e1 no Miranda dia 12 de julho, [&hellip;]\" \/>\n<meta property=\"og:url\" content=\"https:\/\/colinahomolog.com.br\/dev\/just-real-moms\/a-melhor-programacao-infantil-no-rio-de-janeiro-no-fim-de-semana\/\" \/>\n<meta property=\"og:site_name\" content=\"Just Real Moms - Blog para M\u00e3es\" \/>\n<meta property=\"article:publisher\" content=\"https:\/\/www.facebook.com\/JustRealMoms\" \/>\n<meta property=\"article:published_time\" content=\"2015-07-10T11:30:58+00:00\" \/>\n<meta property=\"article:modified_time\" content=\"2016-05-05T22:06:39+00:00\" \/>\n<meta property=\"og:image\" content=\"https:\/\/colinahomolog.com.br\/dev\/just-real-moms\/wp-content\/uploads\/2015\/07\/riokids-mosnterhigh1.jpg\" \/>\n\t<meta property=\"og:image:width\" content=\"1\" \/>\n\t<meta property=\"og:image:height\" content=\"1\" \/>\n\t<meta property=\"og:image:type\" content=\"image\/jpeg\" \/>\n<meta name=\"author\" content=\"justrealmoms\" \/>\n<meta name=\"twitter:label1\" content=\"Escrito por\" \/>\n\t<meta name=\"twitter:data1\" content=\"justrealmoms\" \/>\n\t<meta name=\"twitter:label2\" content=\"Est. tempo de leitura\" \/>\n\t<meta name=\"twitter:data2\" content=\"6 minutos\" \/>\n<script type=\"application\/ld+json\" class=\"yoast-schema-graph\">{\"@context\":\"https:\/\/schema.org\",\"@graph\":[{\"@type\":\"WebPage\",\"@id\":\"https:\/\/colinahomolog.com.br\/dev\/just-real-moms\/a-melhor-programacao-infantil-no-rio-de-janeiro-no-fim-de-semana\/\",\"url\":\"https:\/\/colinahomolog.com.br\/dev\/just-real-moms\/a-melhor-programacao-infantil-no-rio-de-janeiro-no-fim-de-semana\/\",\"name\":\"A melhor programa\u00e7\u00e3o infantil no Rio de Janeiro no fim de semana! - por Rio Kids\",\"isPartOf\":{\"@id\":\"https:\/\/colinahomolog.com.br\/dev\/just-real-moms\/#website\"},\"primaryImageOfPage\":{\"@id\":\"https:\/\/colinahomolog.com.br\/dev\/just-real-moms\/a-melhor-programacao-infantil-no-rio-de-janeiro-no-fim-de-semana\/#primaryimage\"},\"image\":{\"@id\":\"https:\/\/colinahomolog.com.br\/dev\/just-real-moms\/a-melhor-programacao-infantil-no-rio-de-janeiro-no-fim-de-semana\/#primaryimage\"},\"thumbnailUrl\":\"https:\/\/colinahomolog.com.br\/dev\/just-real-moms\/wp-content\/uploads\/2015\/07\/riokids-mosnterhigh1.jpg\",\"datePublished\":\"2015-07-10T11:30:58+00:00\",\"dateModified\":\"2016-05-05T22:06:39+00:00\",\"author\":{\"@id\":\"https:\/\/colinahomolog.com.br\/dev\/just-real-moms\/#\/schema\/person\/710e1cdbe2d7728946b52caa0ce49db5\"},\"breadcrumb\":{\"@id\":\"https:\/\/colinahomolog.com.br\/dev\/just-real-moms\/a-melhor-programacao-infantil-no-rio-de-janeiro-no-fim-de-semana\/#breadcrumb\"},\"inLanguage\":\"pt-BR\",\"potentialAction\":[{\"@type\":\"ReadAction\",\"target\":[\"https:\/\/colinahomolog.com.br\/dev\/just-real-moms\/a-melhor-programacao-infantil-no-rio-de-janeiro-no-fim-de-semana\/\"]}]},{\"@type\":\"ImageObject\",\"inLanguage\":\"pt-BR\",\"@id\":\"https:\/\/colinahomolog.com.br\/dev\/just-real-moms\/a-melhor-programacao-infantil-no-rio-de-janeiro-no-fim-de-semana\/#primaryimage\",\"url\":\"https:\/\/colinahomolog.com.br\/dev\/just-real-moms\/wp-content\/uploads\/2015\/07\/riokids-mosnterhigh1.jpg\",\"contentUrl\":\"https:\/\/colinahomolog.com.br\/dev\/just-real-moms\/wp-content\/uploads\/2015\/07\/riokids-mosnterhigh1.jpg\"},{\"@type\":\"BreadcrumbList\",\"@id\":\"https:\/\/colinahomolog.com.br\/dev\/just-real-moms\/a-melhor-programacao-infantil-no-rio-de-janeiro-no-fim-de-semana\/#breadcrumb\",\"itemListElement\":[{\"@type\":\"ListItem\",\"position\":1,\"name\":\"In\u00edcio\",\"item\":\"https:\/\/colinahomolog.com.br\/dev\/just-real-moms\/\"},{\"@type\":\"ListItem\",\"position\":2,\"name\":\"A melhor programa\u00e7\u00e3o infantil no Rio de Janeiro no fim de semana! &#8211; por Rio Kids\"}]},{\"@type\":\"WebSite\",\"@id\":\"https:\/\/colinahomolog.com.br\/dev\/just-real-moms\/#website\",\"url\":\"https:\/\/colinahomolog.com.br\/dev\/just-real-moms\/\",\"name\":\"Just Real Moms - Blog para M\u00e3es\",\"description\":\"O melhor e mais completo portal para m\u00e3es, pais e futuros pais!\",\"potentialAction\":[{\"@type\":\"SearchAction\",\"target\":{\"@type\":\"EntryPoint\",\"urlTemplate\":\"https:\/\/colinahomolog.com.br\/dev\/just-real-moms\/?s={search_term_string}\"},\"query-input\":{\"@type\":\"PropertyValueSpecification\",\"valueRequired\":true,\"valueName\":\"search_term_string\"}}],\"inLanguage\":\"pt-BR\"},{\"@type\":\"Person\",\"@id\":\"https:\/\/colinahomolog.com.br\/dev\/just-real-moms\/#\/schema\/person\/710e1cdbe2d7728946b52caa0ce49db5\",\"name\":\"justrealmoms\",\"sameAs\":[\"https:\/\/colinahomolog.com.br\/dev\/just-real-moms\"],\"url\":\"https:\/\/colinahomolog.com.br\/dev\/just-real-moms\/author\/justrealmoms\/\"}]}<\/script>\n<!-- \/ Yoast SEO Premium plugin. -->","yoast_head_json":{"title":"A melhor programa\u00e7\u00e3o infantil no Rio de Janeiro no fim de semana! - por Rio Kids","robots":{"index":"index","follow":"follow","max-snippet":"max-snippet:-1","max-image-preview":"max-image-preview:large","max-video-preview":"max-video-preview:-1"},"canonical":"https:\/\/colinahomolog.com.br\/dev\/just-real-moms\/a-melhor-programacao-infantil-no-rio-de-janeiro-no-fim-de-semana\/","og_locale":"pt_BR","og_type":"article","og_title":"A melhor programa\u00e7\u00e3o infantil no Rio de Janeiro no fim de semana! - por Rio Kids","og_description":"Favorite&nbsp; Ol\u00e1, moms! Quer fazer algo diferente mas n\u00e3o sabe aonde levar as crian\u00e7as? O nosso colunista\u00a0Rio Kids selecionou uma programa\u00e7\u00e3o infantil fant\u00e1stica para aproveitar nesse fim de semana! Confira! &nbsp; 1. Baby Boom A Baby Boom, a primeira e \u00fanica festa de rock para pais e filhos, acontecer\u00e1 no Miranda dia 12 de julho, [&hellip;]","og_url":"https:\/\/colinahomolog.com.br\/dev\/just-real-moms\/a-melhor-programacao-infantil-no-rio-de-janeiro-no-fim-de-semana\/","og_site_name":"Just Real Moms - Blog para M\u00e3es","article_publisher":"https:\/\/www.facebook.com\/JustRealMoms","article_published_time":"2015-07-10T11:30:58+00:00","article_modified_time":"2016-05-05T22:06:39+00:00","og_image":[{"url":"https:\/\/colinahomolog.com.br\/dev\/just-real-moms\/wp-content\/uploads\/2015\/07\/riokids-mosnterhigh1.jpg","width":1,"height":1,"type":"image\/jpeg"}],"author":"justrealmoms","twitter_misc":{"Escrito por":"justrealmoms","Est. tempo de leitura":"6 minutos"},"schema":{"@context":"https:\/\/schema.org","@graph":[{"@type":"WebPage","@id":"https:\/\/colinahomolog.com.br\/dev\/just-real-moms\/a-melhor-programacao-infantil-no-rio-de-janeiro-no-fim-de-semana\/","url":"https:\/\/colinahomolog.com.br\/dev\/just-real-moms\/a-melhor-programacao-infantil-no-rio-de-janeiro-no-fim-de-semana\/","name":"A melhor programa\u00e7\u00e3o infantil no Rio de Janeiro no fim de semana! - por Rio Kids","isPartOf":{"@id":"https:\/\/colinahomolog.com.br\/dev\/just-real-moms\/#website"},"primaryImageOfPage":{"@id":"https:\/\/colinahomolog.com.br\/dev\/just-real-moms\/a-melhor-programacao-infantil-no-rio-de-janeiro-no-fim-de-semana\/#primaryimage"},"image":{"@id":"https:\/\/colinahomolog.com.br\/dev\/just-real-moms\/a-melhor-programacao-infantil-no-rio-de-janeiro-no-fim-de-semana\/#primaryimage"},"thumbnailUrl":"https:\/\/colinahomolog.com.br\/dev\/just-real-moms\/wp-content\/uploads\/2015\/07\/riokids-mosnterhigh1.jpg","datePublished":"2015-07-10T11:30:58+00:00","dateModified":"2016-05-05T22:06:39+00:00","author":{"@id":"https:\/\/colinahomolog.com.br\/dev\/just-real-moms\/#\/schema\/person\/710e1cdbe2d7728946b52caa0ce49db5"},"breadcrumb":{"@id":"https:\/\/colinahomolog.com.br\/dev\/just-real-moms\/a-melhor-programacao-infantil-no-rio-de-janeiro-no-fim-de-semana\/#breadcrumb"},"inLanguage":"pt-BR","potentialAction":[{"@type":"ReadAction","target":["https:\/\/colinahomolog.com.br\/dev\/just-real-moms\/a-melhor-programacao-infantil-no-rio-de-janeiro-no-fim-de-semana\/"]}]},{"@type":"ImageObject","inLanguage":"pt-BR","@id":"https:\/\/colinahomolog.com.br\/dev\/just-real-moms\/a-melhor-programacao-infantil-no-rio-de-janeiro-no-fim-de-semana\/#primaryimage","url":"https:\/\/colinahomolog.com.br\/dev\/just-real-moms\/wp-content\/uploads\/2015\/07\/riokids-mosnterhigh1.jpg","contentUrl":"https:\/\/colinahomolog.com.br\/dev\/just-real-moms\/wp-content\/uploads\/2015\/07\/riokids-mosnterhigh1.jpg"},{"@type":"BreadcrumbList","@id":"https:\/\/colinahomolog.com.br\/dev\/just-real-moms\/a-melhor-programacao-infantil-no-rio-de-janeiro-no-fim-de-semana\/#breadcrumb","itemListElement":[{"@type":"ListItem","position":1,"name":"In\u00edcio","item":"https:\/\/colinahomolog.com.br\/dev\/just-real-moms\/"},{"@type":"ListItem","position":2,"name":"A melhor programa\u00e7\u00e3o infantil no Rio de Janeiro no fim de semana! &#8211; por Rio Kids"}]},{"@type":"WebSite","@id":"https:\/\/colinahomolog.com.br\/dev\/just-real-moms\/#website","url":"https:\/\/colinahomolog.com.br\/dev\/just-real-moms\/","name":"Just Real Moms - Blog para M\u00e3es","description":"O melhor e mais completo portal para m\u00e3es, pais e futuros pais!","potentialAction":[{"@type":"SearchAction","target":{"@type":"EntryPoint","urlTemplate":"https:\/\/colinahomolog.com.br\/dev\/just-real-moms\/?s={search_term_string}"},"query-input":{"@type":"PropertyValueSpecification","valueRequired":true,"valueName":"search_term_string"}}],"inLanguage":"pt-BR"},{"@type":"Person","@id":"https:\/\/colinahomolog.com.br\/dev\/just-real-moms\/#\/schema\/person\/710e1cdbe2d7728946b52caa0ce49db5","name":"justrealmoms","sameAs":["https:\/\/colinahomolog.com.br\/dev\/just-real-moms"],"url":"https:\/\/colinahomolog.com.br\/dev\/just-real-moms\/author\/justrealmoms\/"}]}},"_links":{"self":[{"href":"https:\/\/colinahomolog.com.br\/dev\/just-real-moms\/wp-json\/wp\/v2\/posts\/33586","targetHints":{"allow":["GET"]}}],"collection":[{"href":"https:\/\/colinahomolog.com.br\/dev\/just-real-moms\/wp-json\/wp\/v2\/posts"}],"about":[{"href":"https:\/\/colinahomolog.com.br\/dev\/just-real-moms\/wp-json\/wp\/v2\/types\/post"}],"author":[{"embeddable":true,"href":"https:\/\/colinahomolog.com.br\/dev\/just-real-moms\/wp-json\/wp\/v2\/users\/1021"}],"replies":[{"embeddable":true,"href":"https:\/\/colinahomolog.com.br\/dev\/just-real-moms\/wp-json\/wp\/v2\/comments?post=33586"}],"version-history":[{"count":0,"href":"https:\/\/colinahomolog.com.br\/dev\/just-real-moms\/wp-json\/wp\/v2\/posts\/33586\/revisions"}],"wp:featuredmedia":[{"embeddable":true,"href":"https:\/\/colinahomolog.com.br\/dev\/just-real-moms\/wp-json\/wp\/v2\/media\/33587"}],"wp:attachment":[{"href":"https:\/\/colinahomolog.com.br\/dev\/just-real-moms\/wp-json\/wp\/v2\/media?parent=33586"}],"wp:term":[{"taxonomy":"category","embeddable":true,"href":"https:\/\/colinahomolog.com.br\/dev\/just-real-moms\/wp-json\/wp\/v2\/categories?post=33586"},{"taxonomy":"post_tag","embeddable":true,"href":"https:\/\/colinahomolog.com.br\/dev\/just-real-moms\/wp-json\/wp\/v2\/tags?post=33586"}],"curies":[{"name":"wp","href":"https:\/\/api.w.org\/{rel}","templated":true}]}}