{"id":35331,"date":"2018-10-08T08:30:42","date_gmt":"2018-10-08T11:30:42","guid":{"rendered":"https:\/\/colinahomolog.com.br\/dev\/just-real-moms\/?p=35331"},"modified":"2025-01-29T21:46:14","modified_gmt":"2025-01-30T00:46:14","slug":"30-cortes-de-cabelo-para-meninos","status":"publish","type":"post","link":"https:\/\/colinahomolog.com.br\/dev\/just-real-moms\/30-cortes-de-cabelo-para-meninos\/","title":{"rendered":"30 cortes de cabelo para meninos!"},"content":{"rendered":"<button class=\"simplefavorite-button preset\" data-postid=\"35331\" data-siteid=\"1\" data-groupid=\"1\" data-favoritecount=\"49\" style=\"box-shadow:none;-webkit-box-shadow:none;-moz-box-shadow:none;background-color:#68ccb4;border-color:#68ccb4;color:#ffffff;\"><i class=\"sf-icon-favorite\" style=\"\"><\/i>Favorite<\/button>\t\t<div data-elementor-type=\"wp-post\" data-elementor-id=\"35331\" class=\"elementor elementor-35331\">\n\t\t\t\t<div class=\"elementor-element elementor-element-ade822 e-flex e-con-boxed e-con e-parent\" data-id=\"ade822\" data-element_type=\"container\" data-settings=\"{&quot;jet_parallax_layout_list&quot;:[]}\">\n\t\t\t\t\t<div class=\"e-con-inner\">\n\t\t\t\t<div class=\"elementor-element elementor-element-2f631a11 elementor-widget elementor-widget-text-editor\" data-id=\"2f631a11\" data-element_type=\"widget\" data-widget_type=\"text-editor.default\">\n\t\t\t\t<div class=\"elementor-widget-container\">\n\t\t\t\t\t\t\t\t\t\n<h2 id=\"h-hoje-trouxemos-um-post-super-bacana-com-30-cortes-de-cabelo-para-meninos-venha-conferir-e-por-que-nao-perguntar-para-o-seu-filho-qual-ele-vai-escolher-na-proximo-corte\" class=\"wp-block-heading\">Hoje trouxemos um post super bacana com 30 cortes de cabelo para meninos! Venha conferir e por que n\u00e3o perguntar para o seu filho, qual ele vai escolher na pr\u00f3ximo corte?!<\/h2>\n\n<figure class=\"wp-block-image\"><a href=\"https:\/\/colinahomolog.com.br\/dev\/just-real-moms\/wp-content\/uploads\/2018\/10\/30-cortes-de-cabelo-para-meninos-Just-Real-Moms.webp\"><img fetchpriority=\"high\" decoding=\"async\" width=\"1500\" height=\"1000\" class=\"wp-image-187430\" src=\"https:\/\/colinahomolog.com.br\/dev\/just-real-moms\/wp-content\/uploads\/2018\/10\/30-cortes-de-cabelo-para-meninos-Just-Real-Moms.webp\" alt=\"Menino pequeno sorrido sentado com avental na cadeira do cabeleireiro\" srcset=\"https:\/\/colinahomolog.com.br\/dev\/just-real-moms\/wp-content\/uploads\/2018\/10\/30-cortes-de-cabelo-para-meninos-Just-Real-Moms.webp 1500w, https:\/\/colinahomolog.com.br\/dev\/just-real-moms\/wp-content\/uploads\/2018\/10\/30-cortes-de-cabelo-para-meninos-Just-Real-Moms-400x267.webp 400w, https:\/\/colinahomolog.com.br\/dev\/just-real-moms\/wp-content\/uploads\/2018\/10\/30-cortes-de-cabelo-para-meninos-Just-Real-Moms-820x547.webp 820w, https:\/\/colinahomolog.com.br\/dev\/just-real-moms\/wp-content\/uploads\/2018\/10\/30-cortes-de-cabelo-para-meninos-Just-Real-Moms-300x200.webp 300w, https:\/\/colinahomolog.com.br\/dev\/just-real-moms\/wp-content\/uploads\/2018\/10\/30-cortes-de-cabelo-para-meninos-Just-Real-Moms-768x512.webp 768w, https:\/\/colinahomolog.com.br\/dev\/just-real-moms\/wp-content\/uploads\/2018\/10\/30-cortes-de-cabelo-para-meninos-Just-Real-Moms-150x100.webp 150w, https:\/\/colinahomolog.com.br\/dev\/just-real-moms\/wp-content\/uploads\/2018\/10\/30-cortes-de-cabelo-para-meninos-Just-Real-Moms-696x464.webp 696w, https:\/\/colinahomolog.com.br\/dev\/just-real-moms\/wp-content\/uploads\/2018\/10\/30-cortes-de-cabelo-para-meninos-Just-Real-Moms-1068x712.webp 1068w\" sizes=\"(max-width: 1500px) 100vw, 1500px\" \/><\/a><\/figure>\n\n<p>Oi, mam\u00e3es e papais! H\u00e1 algum tempo postamos aqui no blog <strong><a href=\"https:\/\/colinahomolog.com.br\/dev\/just-real-moms\/40-ideias-de-penteados-para-cabelos-de-meninas\/\" target=\"_blank\" rel=\"noopener\">40 ideias para penteados para cabelos de meninas.<\/a><\/strong> E agora, para ajudar as mam\u00e3es dos pequenos, o post de hoje \u00e9 com inspira\u00e7\u00f5es lindas para cortes de cabelo para meninos!<\/p>\n\n<p>Acho que ainda n\u00e3o consegui acertar 100% no corte do meu filho. Por isso, essas refer\u00eancias serviram para me ajudar muito tamb\u00e9m! Tem para todos os tipos de cabelos: lisos, enrolados e ondulados&#8230;<\/p>\n<hr \/>\n<h3 id=\"h-voce-sabe-porque-as-criancas-choram-quando-vao-ao-cortar-o-cabelo\" class=\"wp-block-heading\">Voc\u00ea sabe porque as crian\u00e7as choram quando v\u00e3o ao cortar o cabelo?<\/h3>\n\n<div class=\"group w-full text-token-text-primary border-b border-black\/10 gizmo:border-0 dark:border-gray-900\/50 gizmo:dark:border-0 bg-gray-50 gizmo:bg-transparent dark:bg-[#444654] gizmo:dark:bg-transparent\" data-testid=\"conversation-turn-9\">\n<div class=\"p-4 gizmo:py-2 justify-center text-base md:gap-6 md:py-6 m-auto\">\n<div class=\"flex flex-1 gap-4 text-base mx-auto md:gap-6 gizmo:gap-3 gizmo:md:px-5 gizmo:lg:px-1 gizmo:xl:px-5 md:max-w-2xl lg:max-w-[38rem] gizmo:md:max-w-3xl gizmo:lg:max-w-[40rem] gizmo:xl:max-w-[48rem] xl:max-w-3xl }\">\n<div class=\"relative flex w-[calc(100%-50px)] flex-col gizmo:w-full lg:w-[calc(100%-115px)] agent-turn\">\n<div class=\"flex-col gap-1 md:gap-3\">\n<div class=\"flex flex-grow flex-col gap-3 max-w-full\">\n<div class=\"min-h-[20px] flex flex-col items-start gap-3 whitespace-pre-wrap break-words overflow-x-auto\" data-message-author-role=\"assistant\" data-message-id=\"08994df2-f549-4d3f-a375-630102854f15\">\n<div class=\"markdown prose w-full break-words dark:prose-invert light\">\n<p>As crian\u00e7as muitas vezes choram quando v\u00e3o ao cabeleireiro devido a uma combina\u00e7\u00e3o de fatores, como o medo do desconhecido, a sensa\u00e7\u00e3o de vulnerabilidade e a poss\u00edvel inquieta\u00e7\u00e3o causada pelo processo de cortar o cabelo.<\/p>\n<p>Muitas crian\u00e7as t\u00eam receios naturais, especialmente quando algo novo e potencialmente desconfort\u00e1vel est\u00e1 acontecendo perto de seu rosto e cabe\u00e7a.<\/p>\n<p>Al\u00e9m disso, o barulho de m\u00e1quinas de cortar cabelo e a presen\u00e7a de estranhos podem contribuir para a ansiedade das crian\u00e7as.<\/p>\n<p>\u00c9 importante que n\u00f3s (os pais) e cabeleireiros sejam pacientes e acolhedores, para ajudar a acalmar as preocupa\u00e7\u00f5es das crian\u00e7as durante o corte de cabelo.<\/p>\n<\/div>\n<\/div>\n<\/div>\n<\/div>\n<\/div>\n<\/div>\n<\/div>\n<\/div>\n<p><script async src=\"https:\/\/pagead2.googlesyndication.com\/pagead\/js\/adsbygoogle.js?client=ca-pub-2333057208211626\"\n     crossorigin=\"anonymous\"><\/script> <ins class=\"adsbygoogle\" style=\"display: block; text-align: center;\" data-ad-layout=\"in-article\" data-ad-format=\"fluid\" data-ad-client=\"ca-pub-2333057208211626\" data-ad-slot=\"6951660428\"><\/ins> <script>\n     (adsbygoogle = window.adsbygoogle || []).push({});\n<\/script><\/p>\n<hr \/>\n<h3 id=\"h-dando-estilo-aos-pequenos-30-cortes-de-cabelo-para-arrasar\" class=\"wp-block-heading\">Dando Estilo aos Pequenos: 30 Cortes de Cabelo para Arrasar!<\/h3>\n\n<p>Crian\u00e7as crescem t\u00e3o r\u00e1pido, n\u00e3o \u00e9 mesmo? E enquanto elas crescem, seus estilos e personalidades tamb\u00e9m evoluem. Uma maneira fant\u00e1stica de expressar a individualidade dos nossos pequenos \u00e9 atrav\u00e9s de cortes de cabelo incr\u00edveis!<\/p>\n\n<p>Mas, antes de mergulharmos nesses cortes estilosos, aqui est\u00e1 <strong>uma dica valiosa!<\/strong> Leve em considera\u00e7\u00e3o o tipo de cabelo do seu filho ao escolher um corte. Alguns estilos podem ser mais pr\u00e1ticos para o dia a dia, enquanto outros s\u00e3o perfeitos para ocasi\u00f5es especiais.<\/p>\n\n<p><strong>Aqui est\u00e1 a curiosidade:<\/strong> Voc\u00ea sabia que o primeiro corte de cabelo de uma crian\u00e7a \u00e9 uma tradi\u00e7\u00e3o em muitas culturas ao redor do mundo? \u00c9 um rito de passagem simb\u00f3lico, que marca o in\u00edcio de sua jornada de crescimento.<\/p>\n\n<p>Agora, vamos explorar 30 cortes de cabelo ador\u00e1veis e cheios de estilo para os pequenos da fam\u00edlia. Estamos prestes a transformar os momentos de cuidado com o cabelo em divers\u00e3o para toda a fam\u00edlia!<\/p>\n\n<p>Espero que gostem! Mil Beijos!<\/p>\n<hr \/><div class=\"wp-block-image\">\n<figure class=\"aligncenter\"><img decoding=\"async\" class=\"wp-image-35338\" src=\"https:\/\/colinahomolog.com.br\/dev\/just-real-moms\/wp-content\/uploads\/2015\/09\/corte_de_cabelo_para_menino-just_real_moms-14.jpg\" alt=\"Corte de cabelo para meninos - Just Real Moms\" \/><\/figure>\n<\/div><div class=\"wp-block-image\">\n<figure class=\"aligncenter\"><img decoding=\"async\" width=\"563\" height=\"478\" class=\"wp-image-35348\" src=\"https:\/\/colinahomolog.com.br\/dev\/just-real-moms\/wp-content\/uploads\/2015\/09\/corte_de_cabelo_para_menino-just_real_moms-11.jpg\" alt=\"Corte de cabelo para meninos - Just Real Moms\" srcset=\"https:\/\/colinahomolog.com.br\/dev\/just-real-moms\/wp-content\/uploads\/2015\/09\/corte_de_cabelo_para_menino-just_real_moms-11.jpg 563w, https:\/\/colinahomolog.com.br\/dev\/just-real-moms\/wp-content\/uploads\/2015\/09\/corte_de_cabelo_para_menino-just_real_moms-11-400x340.jpg 400w\" sizes=\"(max-width: 563px) 100vw, 563px\" \/><\/figure>\n<\/div><div class=\"wp-block-image\">\n<figure class=\"aligncenter\"><img decoding=\"async\" width=\"566\" height=\"526\" class=\"wp-image-35353\" src=\"https:\/\/colinahomolog.com.br\/dev\/just-real-moms\/wp-content\/uploads\/2015\/09\/corte_de_cabelo_para_menino-just_real_moms-15.jpg\" alt=\"Corte de cabelo para meninos - Just Real Moms\" srcset=\"https:\/\/colinahomolog.com.br\/dev\/just-real-moms\/wp-content\/uploads\/2015\/09\/corte_de_cabelo_para_menino-just_real_moms-15.jpg 566w, https:\/\/colinahomolog.com.br\/dev\/just-real-moms\/wp-content\/uploads\/2015\/09\/corte_de_cabelo_para_menino-just_real_moms-15-400x372.jpg 400w\" sizes=\"(max-width: 566px) 100vw, 566px\" \/><\/figure>\n<\/div><div class=\"wp-block-image\">\n<figure class=\"aligncenter\"><img loading=\"lazy\" decoding=\"async\" width=\"572\" height=\"526\" class=\"wp-image-35358\" src=\"https:\/\/colinahomolog.com.br\/dev\/just-real-moms\/wp-content\/uploads\/2015\/09\/corte_de_cabelo_para_menino-just_real_moms-7.jpg\" alt=\"Corte de cabelo para meninos - Just Real Moms\" srcset=\"https:\/\/colinahomolog.com.br\/dev\/just-real-moms\/wp-content\/uploads\/2015\/09\/corte_de_cabelo_para_menino-just_real_moms-7.jpg 572w, https:\/\/colinahomolog.com.br\/dev\/just-real-moms\/wp-content\/uploads\/2015\/09\/corte_de_cabelo_para_menino-just_real_moms-7-400x368.jpg 400w\" sizes=\"(max-width: 572px) 100vw, 572px\" \/><\/figure>\n<\/div><div class=\"wp-block-image\">\n<figure class=\"aligncenter\"><img loading=\"lazy\" decoding=\"async\" width=\"535\" height=\"526\" class=\"wp-image-35336\" src=\"https:\/\/colinahomolog.com.br\/dev\/just-real-moms\/wp-content\/uploads\/2015\/09\/corte_de_cabelo_para_menino-just_real_moms-2.jpg\" alt=\"Corte de cabelo para meninos - Just Real Moms\" srcset=\"https:\/\/colinahomolog.com.br\/dev\/just-real-moms\/wp-content\/uploads\/2015\/09\/corte_de_cabelo_para_menino-just_real_moms-2.jpg 535w, https:\/\/colinahomolog.com.br\/dev\/just-real-moms\/wp-content\/uploads\/2015\/09\/corte_de_cabelo_para_menino-just_real_moms-2-400x393.jpg 400w\" sizes=\"(max-width: 535px) 100vw, 535px\" \/><\/figure>\n<\/div><div class=\"wp-block-image\">\n<figure class=\"aligncenter\"><img loading=\"lazy\" decoding=\"async\" width=\"501\" height=\"588\" class=\"wp-image-35347\" src=\"https:\/\/colinahomolog.com.br\/dev\/just-real-moms\/wp-content\/uploads\/2015\/09\/corte_de_cabelo_para_menino-just_real_moms-6.jpg\" alt=\"Corte de cabelo para meninos - Just Real Moms\" srcset=\"https:\/\/colinahomolog.com.br\/dev\/just-real-moms\/wp-content\/uploads\/2015\/09\/corte_de_cabelo_para_menino-just_real_moms-6.jpg 501w, https:\/\/colinahomolog.com.br\/dev\/just-real-moms\/wp-content\/uploads\/2015\/09\/corte_de_cabelo_para_menino-just_real_moms-6-400x469.jpg 400w\" sizes=\"(max-width: 501px) 100vw, 501px\" \/><\/figure>\n<\/div><p><script async src=\"https:\/\/pagead2.googlesyndication.com\/pagead\/js\/adsbygoogle.js?client=ca-pub-2333057208211626\"\n     crossorigin=\"anonymous\"><\/script> <ins class=\"adsbygoogle\" style=\"display: block; text-align: center;\" data-ad-layout=\"in-article\" data-ad-format=\"fluid\" data-ad-client=\"ca-pub-2333057208211626\" data-ad-slot=\"6951660428\"><\/ins> <script>\n     (adsbygoogle = window.adsbygoogle || []).push({});\n<\/script><\/p>\n<div class=\"wp-block-image\">\n<figure class=\"aligncenter\"><img loading=\"lazy\" decoding=\"async\" width=\"416\" height=\"372\" class=\"wp-image-35356\" src=\"https:\/\/colinahomolog.com.br\/dev\/just-real-moms\/wp-content\/uploads\/2015\/09\/corte_de_cabelo_para_meninos-just_real_moms-9.jpg\" alt=\"Corte de cabelo para meninos - Just Real Moms\" srcset=\"https:\/\/colinahomolog.com.br\/dev\/just-real-moms\/wp-content\/uploads\/2015\/09\/corte_de_cabelo_para_meninos-just_real_moms-9.jpg 416w, https:\/\/colinahomolog.com.br\/dev\/just-real-moms\/wp-content\/uploads\/2015\/09\/corte_de_cabelo_para_meninos-just_real_moms-9-400x358.jpg 400w\" sizes=\"(max-width: 416px) 100vw, 416px\" \/><\/figure>\n<\/div><div class=\"wp-block-image\">\n<figure class=\"aligncenter\"><img loading=\"lazy\" decoding=\"async\" width=\"736\" height=\"1104\" class=\"wp-image-35362\" src=\"https:\/\/colinahomolog.com.br\/dev\/just-real-moms\/wp-content\/uploads\/2015\/09\/corte_de_cabelo_para_meninos-just_real_moms-27.jpg\" alt=\"Corte de cabelo para meninos - Just Real Moms\" srcset=\"https:\/\/colinahomolog.com.br\/dev\/just-real-moms\/wp-content\/uploads\/2015\/09\/corte_de_cabelo_para_meninos-just_real_moms-27.jpg 736w, https:\/\/colinahomolog.com.br\/dev\/just-real-moms\/wp-content\/uploads\/2015\/09\/corte_de_cabelo_para_meninos-just_real_moms-27-400x600.jpg 400w\" sizes=\"(max-width: 736px) 100vw, 736px\" \/><\/figure>\n<\/div><div class=\"wp-block-image\">\n<figure class=\"aligncenter\"><img loading=\"lazy\" decoding=\"async\" width=\"501\" height=\"526\" class=\"wp-image-35335\" src=\"https:\/\/colinahomolog.com.br\/dev\/just-real-moms\/wp-content\/uploads\/2015\/09\/corte_de_cabelo_para_menino-just_real_moms-1.jpg\" alt=\"Corte de cabelo para meninos - Just Real Moms\" srcset=\"https:\/\/colinahomolog.com.br\/dev\/just-real-moms\/wp-content\/uploads\/2015\/09\/corte_de_cabelo_para_menino-just_real_moms-1.jpg 501w, https:\/\/colinahomolog.com.br\/dev\/just-real-moms\/wp-content\/uploads\/2015\/09\/corte_de_cabelo_para_menino-just_real_moms-1-400x420.jpg 400w\" sizes=\"(max-width: 501px) 100vw, 501px\" \/><\/figure>\n<\/div><div class=\"wp-block-image\">\n<figure class=\"aligncenter\"><img loading=\"lazy\" decoding=\"async\" width=\"736\" height=\"1103\" class=\"wp-image-35351\" src=\"https:\/\/colinahomolog.com.br\/dev\/just-real-moms\/wp-content\/uploads\/2015\/09\/corte_de_cabelo_para_meninos-just_real_moms-13.jpg\" alt=\"Corte de cabelo para meninos - Just Real Moms\" srcset=\"https:\/\/colinahomolog.com.br\/dev\/just-real-moms\/wp-content\/uploads\/2015\/09\/corte_de_cabelo_para_meninos-just_real_moms-13.jpg 736w, https:\/\/colinahomolog.com.br\/dev\/just-real-moms\/wp-content\/uploads\/2015\/09\/corte_de_cabelo_para_meninos-just_real_moms-13-400x599.jpg 400w\" sizes=\"(max-width: 736px) 100vw, 736px\" \/><\/figure>\n<\/div><div class=\"wp-block-image\">\n<figure class=\"aligncenter\"><img loading=\"lazy\" decoding=\"async\" width=\"500\" height=\"527\" class=\"wp-image-35357\" src=\"https:\/\/colinahomolog.com.br\/dev\/just-real-moms\/wp-content\/uploads\/2015\/09\/corte_de_cabelo_para_meninos-just_real_moms-28.jpg\" alt=\"Corte de cabelo para meninos - Just Real Moms\" srcset=\"https:\/\/colinahomolog.com.br\/dev\/just-real-moms\/wp-content\/uploads\/2015\/09\/corte_de_cabelo_para_meninos-just_real_moms-28.jpg 500w, https:\/\/colinahomolog.com.br\/dev\/just-real-moms\/wp-content\/uploads\/2015\/09\/corte_de_cabelo_para_meninos-just_real_moms-28-400x422.jpg 400w\" sizes=\"(max-width: 500px) 100vw, 500px\" \/><\/figure>\n<\/div><div class=\"wp-block-image\">\n<figure class=\"aligncenter\"><img loading=\"lazy\" decoding=\"async\" width=\"736\" height=\"1104\" class=\"wp-image-35361\" src=\"https:\/\/colinahomolog.com.br\/dev\/just-real-moms\/wp-content\/uploads\/2015\/09\/corte_de_cabelo_para_meninos-just_real_moms-26.jpg\" alt=\"Corte de cabelo para meninos - Just Real Moms\" srcset=\"https:\/\/colinahomolog.com.br\/dev\/just-real-moms\/wp-content\/uploads\/2015\/09\/corte_de_cabelo_para_meninos-just_real_moms-26.jpg 736w, https:\/\/colinahomolog.com.br\/dev\/just-real-moms\/wp-content\/uploads\/2015\/09\/corte_de_cabelo_para_meninos-just_real_moms-26-400x600.jpg 400w\" sizes=\"(max-width: 736px) 100vw, 736px\" \/><\/figure>\n<\/div><div class=\"wp-block-image\">\n<figure class=\"aligncenter\"><img loading=\"lazy\" decoding=\"async\" width=\"500\" height=\"506\" class=\"wp-image-35334\" src=\"https:\/\/colinahomolog.com.br\/dev\/just-real-moms\/wp-content\/uploads\/2015\/09\/corte_de_cabelo_para_meninos-just_real_moms-31.jpg\" alt=\"Corte de cabelo para meninos - Just Real Moms\" srcset=\"https:\/\/colinahomolog.com.br\/dev\/just-real-moms\/wp-content\/uploads\/2015\/09\/corte_de_cabelo_para_meninos-just_real_moms-31.jpg 500w, https:\/\/colinahomolog.com.br\/dev\/just-real-moms\/wp-content\/uploads\/2015\/09\/corte_de_cabelo_para_meninos-just_real_moms-31-400x405.jpg 400w\" sizes=\"(max-width: 500px) 100vw, 500px\" \/><\/figure>\n<\/div><div class=\"wp-block-image\">\n<figure class=\"aligncenter\"><img loading=\"lazy\" decoding=\"async\" width=\"597\" height=\"464\" class=\"wp-image-35344\" src=\"https:\/\/colinahomolog.com.br\/dev\/just-real-moms\/wp-content\/uploads\/2015\/09\/corte_de_cabelo_para_meninos-just_real_moms-17.jpg\" alt=\"Corte de cabelo para meninos - Just Real Moms\" srcset=\"https:\/\/colinahomolog.com.br\/dev\/just-real-moms\/wp-content\/uploads\/2015\/09\/corte_de_cabelo_para_meninos-just_real_moms-17.jpg 597w, https:\/\/colinahomolog.com.br\/dev\/just-real-moms\/wp-content\/uploads\/2015\/09\/corte_de_cabelo_para_meninos-just_real_moms-17-400x311.jpg 400w\" sizes=\"(max-width: 597px) 100vw, 597px\" \/><\/figure>\n<\/div><div class=\"wp-block-image\">\n<figure class=\"aligncenter\"><img loading=\"lazy\" decoding=\"async\" width=\"330\" height=\"440\" class=\"wp-image-35350\" src=\"https:\/\/colinahomolog.com.br\/dev\/just-real-moms\/wp-content\/uploads\/2015\/09\/corte_de_cabelo_para_meninos-just_real_moms-8.jpg\" alt=\"Corte de cabelo para meninos - Just Real Moms\" \/><\/figure>\n<\/div><div class=\"wp-block-image\">\n<figure class=\"aligncenter\"><img loading=\"lazy\" decoding=\"async\" width=\"554\" height=\"408\" class=\"wp-image-35365\" src=\"https:\/\/colinahomolog.com.br\/dev\/just-real-moms\/wp-content\/uploads\/2015\/09\/corte_de_cabelo_para_menino-just_real_moms-38.jpg\" alt=\"Corte de cabelo para meninos - Just Real Moms\" srcset=\"https:\/\/colinahomolog.com.br\/dev\/just-real-moms\/wp-content\/uploads\/2015\/09\/corte_de_cabelo_para_menino-just_real_moms-38.jpg 554w, https:\/\/colinahomolog.com.br\/dev\/just-real-moms\/wp-content\/uploads\/2015\/09\/corte_de_cabelo_para_menino-just_real_moms-38-400x295.jpg 400w\" sizes=\"(max-width: 554px) 100vw, 554px\" \/><\/figure>\n<\/div><div class=\"wp-block-image\">\n<figure class=\"aligncenter\"><img loading=\"lazy\" decoding=\"async\" width=\"685\" height=\"1023\" class=\"wp-image-35360\" src=\"https:\/\/colinahomolog.com.br\/dev\/just-real-moms\/wp-content\/uploads\/2015\/09\/corte_de_cabelo_para_meninos-just_real_moms-25.jpg\" alt=\"Corte de cabelo para meninos - Just Real Moms\" srcset=\"https:\/\/colinahomolog.com.br\/dev\/just-real-moms\/wp-content\/uploads\/2015\/09\/corte_de_cabelo_para_meninos-just_real_moms-25.jpg 685w, https:\/\/colinahomolog.com.br\/dev\/just-real-moms\/wp-content\/uploads\/2015\/09\/corte_de_cabelo_para_meninos-just_real_moms-25-400x597.jpg 400w\" sizes=\"(max-width: 685px) 100vw, 685px\" \/><\/figure>\n<\/div><p><script async src=\"https:\/\/pagead2.googlesyndication.com\/pagead\/js\/adsbygoogle.js?client=ca-pub-2333057208211626\"\n     crossorigin=\"anonymous\"><\/script> <ins class=\"adsbygoogle\" style=\"display: block; text-align: center;\" data-ad-layout=\"in-article\" data-ad-format=\"fluid\" data-ad-client=\"ca-pub-2333057208211626\" data-ad-slot=\"6951660428\"><\/ins> <script>\n     (adsbygoogle = window.adsbygoogle || []).push({});\n<\/script><\/p>\n<div class=\"wp-block-image\">\n<figure class=\"aligncenter\"><img loading=\"lazy\" decoding=\"async\" width=\"236\" height=\"309\" class=\"wp-image-35332\" src=\"https:\/\/colinahomolog.com.br\/dev\/just-real-moms\/wp-content\/uploads\/2015\/09\/corte_de_cabelo_para_meninos-just_real_moms-29.jpg\" alt=\"Corte de cabelo para meninos - Just Real Moms\" \/><\/figure>\n<\/div><div class=\"wp-block-image\">\n<figure class=\"aligncenter\"><img loading=\"lazy\" decoding=\"async\" width=\"736\" height=\"743\" class=\"wp-image-35341\" src=\"https:\/\/colinahomolog.com.br\/dev\/just-real-moms\/wp-content\/uploads\/2015\/09\/corte_de_cabelo_para_meninos-just_real_moms-4.jpg\" alt=\"Corte de cabelo para meninos - Just Real Moms\" srcset=\"https:\/\/colinahomolog.com.br\/dev\/just-real-moms\/wp-content\/uploads\/2015\/09\/corte_de_cabelo_para_meninos-just_real_moms-4.jpg 736w, https:\/\/colinahomolog.com.br\/dev\/just-real-moms\/wp-content\/uploads\/2015\/09\/corte_de_cabelo_para_meninos-just_real_moms-4-400x404.jpg 400w\" sizes=\"(max-width: 736px) 100vw, 736px\" \/><\/figure>\n<\/div><div class=\"wp-block-image\">\n<figure class=\"aligncenter\"><img loading=\"lazy\" decoding=\"async\" width=\"547\" height=\"495\" class=\"wp-image-35346\" src=\"https:\/\/colinahomolog.com.br\/dev\/just-real-moms\/wp-content\/uploads\/2015\/09\/corte_de_cabelo_para_menino-just_real_moms-5.jpg\" alt=\"Corte de cabelo para meninos - Just Real Moms\" srcset=\"https:\/\/colinahomolog.com.br\/dev\/just-real-moms\/wp-content\/uploads\/2015\/09\/corte_de_cabelo_para_menino-just_real_moms-5.jpg 547w, https:\/\/colinahomolog.com.br\/dev\/just-real-moms\/wp-content\/uploads\/2015\/09\/corte_de_cabelo_para_menino-just_real_moms-5-400x362.jpg 400w\" sizes=\"(max-width: 547px) 100vw, 547px\" \/><\/figure>\n<\/div><div class=\"wp-block-image\">\n<figure class=\"aligncenter\"><img loading=\"lazy\" decoding=\"async\" width=\"501\" height=\"371\" class=\"wp-image-35364\" src=\"https:\/\/colinahomolog.com.br\/dev\/just-real-moms\/wp-content\/uploads\/2015\/09\/corte_de_cabelo_para_menino-just_real_moms-37.jpg\" alt=\"Corte de cabelo para meninos - Just Real Moms\" srcset=\"https:\/\/colinahomolog.com.br\/dev\/just-real-moms\/wp-content\/uploads\/2015\/09\/corte_de_cabelo_para_menino-just_real_moms-37.jpg 501w, https:\/\/colinahomolog.com.br\/dev\/just-real-moms\/wp-content\/uploads\/2015\/09\/corte_de_cabelo_para_menino-just_real_moms-37-400x296.jpg 400w\" sizes=\"(max-width: 501px) 100vw, 501px\" \/><\/figure>\n<\/div><div class=\"wp-block-image\">\n<figure class=\"aligncenter\"><img loading=\"lazy\" decoding=\"async\" width=\"425\" height=\"482\" class=\"wp-image-35359\" src=\"https:\/\/colinahomolog.com.br\/dev\/just-real-moms\/wp-content\/uploads\/2015\/09\/corte_de_cabelo_para_meninos-just_real_moms-24.png\" alt=\"Corte de cabelo para meninos - Just Real Moms\" srcset=\"https:\/\/colinahomolog.com.br\/dev\/just-real-moms\/wp-content\/uploads\/2015\/09\/corte_de_cabelo_para_meninos-just_real_moms-24.png 425w, https:\/\/colinahomolog.com.br\/dev\/just-real-moms\/wp-content\/uploads\/2015\/09\/corte_de_cabelo_para_meninos-just_real_moms-24-400x454.png 400w, https:\/\/colinahomolog.com.br\/dev\/just-real-moms\/wp-content\/uploads\/2015\/09\/corte_de_cabelo_para_meninos-just_real_moms-24-300x340.png 300w\" sizes=\"(max-width: 425px) 100vw, 425px\" \/><\/figure>\n<\/div><div class=\"wp-block-image\">\n<figure class=\"aligncenter\"><img loading=\"lazy\" decoding=\"async\" width=\"236\" height=\"354\" class=\"wp-image-35333\" src=\"https:\/\/colinahomolog.com.br\/dev\/just-real-moms\/wp-content\/uploads\/2015\/09\/corte_de_cabelo_para_meninos-just_real_moms-30.jpg\" alt=\"Corte de cabelo para meninos - Just Real Moms\" \/><\/figure>\n<\/div><div class=\"wp-block-image\">\n<figure class=\"aligncenter\"><img loading=\"lazy\" decoding=\"async\" width=\"540\" height=\"526\" class=\"wp-image-35337\" src=\"https:\/\/colinahomolog.com.br\/dev\/just-real-moms\/wp-content\/uploads\/2015\/09\/corte_de_cabelo_para_menino-just_real_moms-3.jpg\" alt=\"Corte de cabelo para meninos - Just Real Moms\" srcset=\"https:\/\/colinahomolog.com.br\/dev\/just-real-moms\/wp-content\/uploads\/2015\/09\/corte_de_cabelo_para_menino-just_real_moms-3.jpg 540w, https:\/\/colinahomolog.com.br\/dev\/just-real-moms\/wp-content\/uploads\/2015\/09\/corte_de_cabelo_para_menino-just_real_moms-3-400x390.jpg 400w\" sizes=\"(max-width: 540px) 100vw, 540px\" \/><\/figure>\n<\/div><div class=\"wp-block-image\">\n<figure class=\"aligncenter\"><img loading=\"lazy\" decoding=\"async\" width=\"587\" height=\"430\" class=\"wp-image-35367\" src=\"https:\/\/colinahomolog.com.br\/dev\/just-real-moms\/wp-content\/uploads\/2015\/09\/corte_de_cabelo_para_meninos-just_real_moms-40.jpg\" alt=\"Corte de cabelo para meninos - Just Real Moms\" srcset=\"https:\/\/colinahomolog.com.br\/dev\/just-real-moms\/wp-content\/uploads\/2015\/09\/corte_de_cabelo_para_meninos-just_real_moms-40.jpg 587w, https:\/\/colinahomolog.com.br\/dev\/just-real-moms\/wp-content\/uploads\/2015\/09\/corte_de_cabelo_para_meninos-just_real_moms-40-400x293.jpg 400w\" sizes=\"(max-width: 587px) 100vw, 587px\" \/><\/figure>\n<\/div><div class=\"wp-block-image\">\n<figure class=\"aligncenter\"><img loading=\"lazy\" decoding=\"async\" width=\"556\" height=\"364\" class=\"wp-image-35363\" src=\"https:\/\/colinahomolog.com.br\/dev\/just-real-moms\/wp-content\/uploads\/2015\/09\/corte_de_cabelo_para_menino-just_real_moms-36.jpg\" alt=\"Corte de cabelo para meninos - Just Real Moms\" srcset=\"https:\/\/colinahomolog.com.br\/dev\/just-real-moms\/wp-content\/uploads\/2015\/09\/corte_de_cabelo_para_menino-just_real_moms-36.jpg 556w, https:\/\/colinahomolog.com.br\/dev\/just-real-moms\/wp-content\/uploads\/2015\/09\/corte_de_cabelo_para_menino-just_real_moms-36-400x262.jpg 400w, https:\/\/colinahomolog.com.br\/dev\/just-real-moms\/wp-content\/uploads\/2015\/09\/corte_de_cabelo_para_menino-just_real_moms-36-380x250.jpg 380w\" sizes=\"(max-width: 556px) 100vw, 556px\" \/><\/figure>\n<\/div><div class=\"wp-block-image\">\n<figure class=\"aligncenter\"><img loading=\"lazy\" decoding=\"async\" width=\"333\" height=\"500\" class=\"wp-image-35342\" src=\"https:\/\/colinahomolog.com.br\/dev\/just-real-moms\/wp-content\/uploads\/2015\/09\/corte_de_cabelo_para_meninos-just_real_moms-10.jpg\" alt=\"Corte de cabelo para meninos - Just Real Moms\" \/><\/figure>\n<\/div><div class=\"wp-block-image\">\n<figure class=\"aligncenter\"><img loading=\"lazy\" decoding=\"async\" width=\"589\" height=\"526\" class=\"wp-image-35339\" src=\"https:\/\/colinahomolog.com.br\/dev\/just-real-moms\/wp-content\/uploads\/2015\/09\/corte_de_cabelo_para_menino-just_real_moms-18.jpg\" alt=\"Corte de cabelo para meninos - Just Real Moms\" srcset=\"https:\/\/colinahomolog.com.br\/dev\/just-real-moms\/wp-content\/uploads\/2015\/09\/corte_de_cabelo_para_menino-just_real_moms-18.jpg 589w, https:\/\/colinahomolog.com.br\/dev\/just-real-moms\/wp-content\/uploads\/2015\/09\/corte_de_cabelo_para_menino-just_real_moms-18-400x357.jpg 400w\" sizes=\"(max-width: 589px) 100vw, 589px\" \/><\/figure>\n<\/div><div class=\"wp-block-image\">\n<figure class=\"aligncenter\"><img loading=\"lazy\" decoding=\"async\" width=\"643\" height=\"523\" class=\"wp-image-35366\" src=\"https:\/\/colinahomolog.com.br\/dev\/just-real-moms\/wp-content\/uploads\/2015\/09\/corte_de_cabelo_para_meninos-just_real_moms-39.jpg\" alt=\"Corte de cabelo para meninos - Just Real Moms\" srcset=\"https:\/\/colinahomolog.com.br\/dev\/just-real-moms\/wp-content\/uploads\/2015\/09\/corte_de_cabelo_para_meninos-just_real_moms-39.jpg 643w, https:\/\/colinahomolog.com.br\/dev\/just-real-moms\/wp-content\/uploads\/2015\/09\/corte_de_cabelo_para_meninos-just_real_moms-39-400x325.jpg 400w\" sizes=\"(max-width: 643px) 100vw, 643px\" \/><\/figure>\n<\/div><div class=\"wp-block-image\">\n<figure class=\"aligncenter\"><img loading=\"lazy\" decoding=\"async\" width=\"562\" height=\"482\" class=\"wp-image-35345\" src=\"https:\/\/colinahomolog.com.br\/dev\/just-real-moms\/wp-content\/uploads\/2015\/09\/corte_de_cabelo_para_meninos-just_real_moms-20.png\" alt=\"Corte de cabelo para meninos - Just Real Moms\" srcset=\"https:\/\/colinahomolog.com.br\/dev\/just-real-moms\/wp-content\/uploads\/2015\/09\/corte_de_cabelo_para_meninos-just_real_moms-20.png 562w, https:\/\/colinahomolog.com.br\/dev\/just-real-moms\/wp-content\/uploads\/2015\/09\/corte_de_cabelo_para_meninos-just_real_moms-20-400x343.png 400w\" sizes=\"(max-width: 562px) 100vw, 562px\" \/><\/figure>\n<\/div>\t\t\t\t\t\t\t\t<\/div>\n\t\t\t\t<\/div>\n\t\t\t\t\t<\/div>\n\t\t\t\t<\/div>\n\t\t<div class=\"elementor-element elementor-element-4259ff2 e-flex e-con-boxed e-con e-parent\" data-id=\"4259ff2\" data-element_type=\"container\" data-settings=\"{&quot;jet_parallax_layout_list&quot;:[]}\">\n\t\t\t\t\t<div class=\"e-con-inner\">\n\t\t\t\t<div class=\"elementor-element elementor-element-0c29f4b elementor-widget elementor-widget-html\" data-id=\"0c29f4b\" data-element_type=\"widget\" data-widget_type=\"html.default\">\n\t\t\t\t<div class=\"elementor-widget-container\">\n\t\t\t\t\t<meta name=\"author\" content=\"just real moms\" \/>\r\n<meta name=\"publisher\" content=\"just real moms\" \/>\r\n<meta name=\"copyright\" content=\"just real moms\" \/>\r\n<meta name=\"audience\" content=\"All\" \/>\r\n<meta name=\"page-topic\" content=\"Portal sobre Maternidade e Paternidade\" \/>\r\n<meta name=\"revisit-after\" content=\"1 day\" \/>\r\n<meta name=\"robots\" content=\"max-image-preview:large\">\r\n<meta name=\"viewport\" content=\"width=device-width, initial-scale=1.0\">\t\t\t\t<\/div>\n\t\t\t\t<\/div>\n\t\t\t\t\t<\/div>\n\t\t\t\t<\/div>\n\t\t\t\t<\/div>\n\t\t\n    <div class=\"xs_social_share_widget xs_share_url after_content \t\tmain_content  wslu-style-1 wslu-share-box-shaped wslu-fill-colored wslu-none wslu-share-horizontal wslu-theme-font-no wslu-main_content\">\n\n\t\t\n        <ul>\n\t\t\t        <\/ul>\n    <\/div> \n","protected":false},"excerpt":{"rendered":"<p>Favorite Hoje trouxemos um post super bacana com 30 cortes de cabelo para meninos! Venha conferir e por que n\u00e3o perguntar para o seu filho, qual ele vai escolher na pr\u00f3ximo corte?! Oi, mam\u00e3es e papais! H\u00e1 algum tempo postamos aqui no blog 40 ideias para penteados para cabelos de meninas. E agora, para ajudar [&hellip;]<\/p>\n","protected":false},"author":4,"featured_media":187430,"comment_status":"open","ping_status":"closed","sticky":false,"template":"","format":"standard","meta":{"_acf_changed":false,"footnotes":""},"categories":[1790,1767,30,29],"tags":[3538,67,3539,3537],"class_list":{"0":"post-35331","1":"post","2":"type-post","3":"status-publish","4":"format-standard","5":"has-post-thumbnail","7":"category-beleza","8":"category-cabelos-e-penteados","9":"category-de-mae-para-mae","10":"category-real-tips","11":"tag-cabelo-de-crianca","12":"tag-cabelos","13":"tag-como-cortar-o-cabelo","14":"tag-corte-de-cabelo"},"acf":[],"yoast_head":"<!-- This site is optimized with the Yoast SEO Premium plugin v26.6 (Yoast SEO v26.6) - https:\/\/yoast.com\/wordpress\/plugins\/seo\/ -->\n<title>30 cortes de cabelo para meninos: estilos modernos e atitude!<\/title>\n<meta name=\"description\" content=\"Hoje trouxemos um post super bacana com 30 cortes de cabelo para meninos! Venha conferir! Qual ele vai escolher na pr\u00f3ximo corte?!\" \/>\n<meta name=\"robots\" content=\"index, follow, max-snippet:-1, max-image-preview:large, max-video-preview:-1\" \/>\n<link rel=\"canonical\" href=\"https:\/\/colinahomolog.com.br\/dev\/just-real-moms\/30-cortes-de-cabelo-para-meninos\/\" \/>\n<meta property=\"og:locale\" content=\"pt_BR\" \/>\n<meta property=\"og:type\" content=\"article\" \/>\n<meta property=\"og:title\" content=\"30 cortes de cabelo para meninos!\" \/>\n<meta property=\"og:description\" content=\"Hoje trouxemos um post super bacana com 30 cortes de cabelo para meninos! Venha conferir! Qual ele vai escolher na pr\u00f3ximo corte?!\" \/>\n<meta property=\"og:url\" content=\"https:\/\/colinahomolog.com.br\/dev\/just-real-moms\/30-cortes-de-cabelo-para-meninos\/\" \/>\n<meta property=\"og:site_name\" content=\"Just Real Moms - Blog para M\u00e3es\" \/>\n<meta property=\"article:publisher\" content=\"https:\/\/www.facebook.com\/JustRealMoms\" \/>\n<meta property=\"article:published_time\" content=\"2018-10-08T11:30:42+00:00\" \/>\n<meta property=\"article:modified_time\" content=\"2025-01-30T00:46:14+00:00\" \/>\n<meta property=\"og:image\" content=\"https:\/\/colinahomolog.com.br\/dev\/just-real-moms\/wp-content\/uploads\/2018\/10\/30-cortes-de-cabelo-para-meninos-Just-Real-Moms.webp\" \/>\n\t<meta property=\"og:image:width\" content=\"1500\" \/>\n\t<meta property=\"og:image:height\" content=\"1000\" \/>\n\t<meta property=\"og:image:type\" content=\"image\/webp\" \/>\n<meta name=\"author\" content=\"Renata\" \/>\n<meta name=\"twitter:label1\" content=\"Escrito por\" \/>\n\t<meta name=\"twitter:data1\" content=\"Renata\" \/>\n\t<meta name=\"twitter:label2\" content=\"Est. tempo de leitura\" \/>\n\t<meta name=\"twitter:data2\" content=\"9 minutos\" \/>\n<script type=\"application\/ld+json\" class=\"yoast-schema-graph\">{\"@context\":\"https:\/\/schema.org\",\"@graph\":[{\"@type\":\"WebPage\",\"@id\":\"https:\/\/colinahomolog.com.br\/dev\/just-real-moms\/30-cortes-de-cabelo-para-meninos\/\",\"url\":\"https:\/\/colinahomolog.com.br\/dev\/just-real-moms\/30-cortes-de-cabelo-para-meninos\/\",\"name\":\"30 cortes de cabelo para meninos: estilos modernos e atitude!\",\"isPartOf\":{\"@id\":\"https:\/\/colinahomolog.com.br\/dev\/just-real-moms\/#website\"},\"primaryImageOfPage\":{\"@id\":\"https:\/\/colinahomolog.com.br\/dev\/just-real-moms\/30-cortes-de-cabelo-para-meninos\/#primaryimage\"},\"image\":{\"@id\":\"https:\/\/colinahomolog.com.br\/dev\/just-real-moms\/30-cortes-de-cabelo-para-meninos\/#primaryimage\"},\"thumbnailUrl\":\"https:\/\/colinahomolog.com.br\/dev\/just-real-moms\/wp-content\/uploads\/2018\/10\/30-cortes-de-cabelo-para-meninos-Just-Real-Moms.webp\",\"datePublished\":\"2018-10-08T11:30:42+00:00\",\"dateModified\":\"2025-01-30T00:46:14+00:00\",\"author\":{\"@id\":\"https:\/\/colinahomolog.com.br\/dev\/just-real-moms\/#\/schema\/person\/2f9d85c04a6847c0f366e0a40924a2fa\"},\"description\":\"Hoje trouxemos um post super bacana com 30 cortes de cabelo para meninos! Venha conferir! Qual ele vai escolher na pr\u00f3ximo corte?!\",\"breadcrumb\":{\"@id\":\"https:\/\/colinahomolog.com.br\/dev\/just-real-moms\/30-cortes-de-cabelo-para-meninos\/#breadcrumb\"},\"inLanguage\":\"pt-BR\",\"potentialAction\":[{\"@type\":\"ReadAction\",\"target\":[\"https:\/\/colinahomolog.com.br\/dev\/just-real-moms\/30-cortes-de-cabelo-para-meninos\/\"]}]},{\"@type\":\"ImageObject\",\"inLanguage\":\"pt-BR\",\"@id\":\"https:\/\/colinahomolog.com.br\/dev\/just-real-moms\/30-cortes-de-cabelo-para-meninos\/#primaryimage\",\"url\":\"https:\/\/colinahomolog.com.br\/dev\/just-real-moms\/wp-content\/uploads\/2018\/10\/30-cortes-de-cabelo-para-meninos-Just-Real-Moms.webp\",\"contentUrl\":\"https:\/\/colinahomolog.com.br\/dev\/just-real-moms\/wp-content\/uploads\/2018\/10\/30-cortes-de-cabelo-para-meninos-Just-Real-Moms.webp\",\"width\":1500,\"height\":1000,\"caption\":\"Menino pequeno sorrido sentado com avental na cadeira do cabeleireiro\"},{\"@type\":\"BreadcrumbList\",\"@id\":\"https:\/\/colinahomolog.com.br\/dev\/just-real-moms\/30-cortes-de-cabelo-para-meninos\/#breadcrumb\",\"itemListElement\":[{\"@type\":\"ListItem\",\"position\":1,\"name\":\"In\u00edcio\",\"item\":\"https:\/\/colinahomolog.com.br\/dev\/just-real-moms\/\"},{\"@type\":\"ListItem\",\"position\":2,\"name\":\"30 cortes de cabelo para meninos!\"}]},{\"@type\":\"WebSite\",\"@id\":\"https:\/\/colinahomolog.com.br\/dev\/just-real-moms\/#website\",\"url\":\"https:\/\/colinahomolog.com.br\/dev\/just-real-moms\/\",\"name\":\"Just Real Moms - Blog para M\u00e3es\",\"description\":\"O melhor e mais completo portal para m\u00e3es, pais e futuros pais!\",\"potentialAction\":[{\"@type\":\"SearchAction\",\"target\":{\"@type\":\"EntryPoint\",\"urlTemplate\":\"https:\/\/colinahomolog.com.br\/dev\/just-real-moms\/?s={search_term_string}\"},\"query-input\":{\"@type\":\"PropertyValueSpecification\",\"valueRequired\":true,\"valueName\":\"search_term_string\"}}],\"inLanguage\":\"pt-BR\"},{\"@type\":\"Person\",\"@id\":\"https:\/\/colinahomolog.com.br\/dev\/just-real-moms\/#\/schema\/person\/2f9d85c04a6847c0f366e0a40924a2fa\",\"name\":\"Renata\",\"url\":\"https:\/\/colinahomolog.com.br\/dev\/just-real-moms\/author\/renata\/\"}]}<\/script>\n<!-- \/ Yoast SEO Premium plugin. -->","yoast_head_json":{"title":"30 cortes de cabelo para meninos: estilos modernos e atitude!","description":"Hoje trouxemos um post super bacana com 30 cortes de cabelo para meninos! Venha conferir! Qual ele vai escolher na pr\u00f3ximo corte?!","robots":{"index":"index","follow":"follow","max-snippet":"max-snippet:-1","max-image-preview":"max-image-preview:large","max-video-preview":"max-video-preview:-1"},"canonical":"https:\/\/colinahomolog.com.br\/dev\/just-real-moms\/30-cortes-de-cabelo-para-meninos\/","og_locale":"pt_BR","og_type":"article","og_title":"30 cortes de cabelo para meninos!","og_description":"Hoje trouxemos um post super bacana com 30 cortes de cabelo para meninos! Venha conferir! Qual ele vai escolher na pr\u00f3ximo corte?!","og_url":"https:\/\/colinahomolog.com.br\/dev\/just-real-moms\/30-cortes-de-cabelo-para-meninos\/","og_site_name":"Just Real Moms - Blog para M\u00e3es","article_publisher":"https:\/\/www.facebook.com\/JustRealMoms","article_published_time":"2018-10-08T11:30:42+00:00","article_modified_time":"2025-01-30T00:46:14+00:00","og_image":[{"width":1500,"height":1000,"url":"https:\/\/colinahomolog.com.br\/dev\/just-real-moms\/wp-content\/uploads\/2018\/10\/30-cortes-de-cabelo-para-meninos-Just-Real-Moms.webp","type":"image\/webp"}],"author":"Renata","twitter_misc":{"Escrito por":"Renata","Est. tempo de leitura":"9 minutos"},"schema":{"@context":"https:\/\/schema.org","@graph":[{"@type":"WebPage","@id":"https:\/\/colinahomolog.com.br\/dev\/just-real-moms\/30-cortes-de-cabelo-para-meninos\/","url":"https:\/\/colinahomolog.com.br\/dev\/just-real-moms\/30-cortes-de-cabelo-para-meninos\/","name":"30 cortes de cabelo para meninos: estilos modernos e atitude!","isPartOf":{"@id":"https:\/\/colinahomolog.com.br\/dev\/just-real-moms\/#website"},"primaryImageOfPage":{"@id":"https:\/\/colinahomolog.com.br\/dev\/just-real-moms\/30-cortes-de-cabelo-para-meninos\/#primaryimage"},"image":{"@id":"https:\/\/colinahomolog.com.br\/dev\/just-real-moms\/30-cortes-de-cabelo-para-meninos\/#primaryimage"},"thumbnailUrl":"https:\/\/colinahomolog.com.br\/dev\/just-real-moms\/wp-content\/uploads\/2018\/10\/30-cortes-de-cabelo-para-meninos-Just-Real-Moms.webp","datePublished":"2018-10-08T11:30:42+00:00","dateModified":"2025-01-30T00:46:14+00:00","author":{"@id":"https:\/\/colinahomolog.com.br\/dev\/just-real-moms\/#\/schema\/person\/2f9d85c04a6847c0f366e0a40924a2fa"},"description":"Hoje trouxemos um post super bacana com 30 cortes de cabelo para meninos! Venha conferir! Qual ele vai escolher na pr\u00f3ximo corte?!","breadcrumb":{"@id":"https:\/\/colinahomolog.com.br\/dev\/just-real-moms\/30-cortes-de-cabelo-para-meninos\/#breadcrumb"},"inLanguage":"pt-BR","potentialAction":[{"@type":"ReadAction","target":["https:\/\/colinahomolog.com.br\/dev\/just-real-moms\/30-cortes-de-cabelo-para-meninos\/"]}]},{"@type":"ImageObject","inLanguage":"pt-BR","@id":"https:\/\/colinahomolog.com.br\/dev\/just-real-moms\/30-cortes-de-cabelo-para-meninos\/#primaryimage","url":"https:\/\/colinahomolog.com.br\/dev\/just-real-moms\/wp-content\/uploads\/2018\/10\/30-cortes-de-cabelo-para-meninos-Just-Real-Moms.webp","contentUrl":"https:\/\/colinahomolog.com.br\/dev\/just-real-moms\/wp-content\/uploads\/2018\/10\/30-cortes-de-cabelo-para-meninos-Just-Real-Moms.webp","width":1500,"height":1000,"caption":"Menino pequeno sorrido sentado com avental na cadeira do cabeleireiro"},{"@type":"BreadcrumbList","@id":"https:\/\/colinahomolog.com.br\/dev\/just-real-moms\/30-cortes-de-cabelo-para-meninos\/#breadcrumb","itemListElement":[{"@type":"ListItem","position":1,"name":"In\u00edcio","item":"https:\/\/colinahomolog.com.br\/dev\/just-real-moms\/"},{"@type":"ListItem","position":2,"name":"30 cortes de cabelo para meninos!"}]},{"@type":"WebSite","@id":"https:\/\/colinahomolog.com.br\/dev\/just-real-moms\/#website","url":"https:\/\/colinahomolog.com.br\/dev\/just-real-moms\/","name":"Just Real Moms - Blog para M\u00e3es","description":"O melhor e mais completo portal para m\u00e3es, pais e futuros pais!","potentialAction":[{"@type":"SearchAction","target":{"@type":"EntryPoint","urlTemplate":"https:\/\/colinahomolog.com.br\/dev\/just-real-moms\/?s={search_term_string}"},"query-input":{"@type":"PropertyValueSpecification","valueRequired":true,"valueName":"search_term_string"}}],"inLanguage":"pt-BR"},{"@type":"Person","@id":"https:\/\/colinahomolog.com.br\/dev\/just-real-moms\/#\/schema\/person\/2f9d85c04a6847c0f366e0a40924a2fa","name":"Renata","url":"https:\/\/colinahomolog.com.br\/dev\/just-real-moms\/author\/renata\/"}]}},"_links":{"self":[{"href":"https:\/\/colinahomolog.com.br\/dev\/just-real-moms\/wp-json\/wp\/v2\/posts\/35331","targetHints":{"allow":["GET"]}}],"collection":[{"href":"https:\/\/colinahomolog.com.br\/dev\/just-real-moms\/wp-json\/wp\/v2\/posts"}],"about":[{"href":"https:\/\/colinahomolog.com.br\/dev\/just-real-moms\/wp-json\/wp\/v2\/types\/post"}],"author":[{"embeddable":true,"href":"https:\/\/colinahomolog.com.br\/dev\/just-real-moms\/wp-json\/wp\/v2\/users\/4"}],"replies":[{"embeddable":true,"href":"https:\/\/colinahomolog.com.br\/dev\/just-real-moms\/wp-json\/wp\/v2\/comments?post=35331"}],"version-history":[{"count":6,"href":"https:\/\/colinahomolog.com.br\/dev\/just-real-moms\/wp-json\/wp\/v2\/posts\/35331\/revisions"}],"predecessor-version":[{"id":236559,"href":"https:\/\/colinahomolog.com.br\/dev\/just-real-moms\/wp-json\/wp\/v2\/posts\/35331\/revisions\/236559"}],"wp:featuredmedia":[{"embeddable":true,"href":"https:\/\/colinahomolog.com.br\/dev\/just-real-moms\/wp-json\/wp\/v2\/media\/187430"}],"wp:attachment":[{"href":"https:\/\/colinahomolog.com.br\/dev\/just-real-moms\/wp-json\/wp\/v2\/media?parent=35331"}],"wp:term":[{"taxonomy":"category","embeddable":true,"href":"https:\/\/colinahomolog.com.br\/dev\/just-real-moms\/wp-json\/wp\/v2\/categories?post=35331"},{"taxonomy":"post_tag","embeddable":true,"href":"https:\/\/colinahomolog.com.br\/dev\/just-real-moms\/wp-json\/wp\/v2\/tags?post=35331"}],"curies":[{"name":"wp","href":"https:\/\/api.w.org\/{rel}","templated":true}]}}