{"id":35444,"date":"2015-09-25T08:30:46","date_gmt":"2015-09-25T11:30:46","guid":{"rendered":"https:\/\/colinahomolog.com.br\/dev\/just-real-moms\/?p=35444"},"modified":"2016-05-05T19:06:39","modified_gmt":"2016-05-05T22:06:39","slug":"programacao-especial-infantil-em-sao-paulo-por-bora-ai-3","status":"publish","type":"post","link":"https:\/\/colinahomolog.com.br\/dev\/just-real-moms\/programacao-especial-infantil-em-sao-paulo-por-bora-ai-3\/","title":{"rendered":"Programa\u00e7\u00e3o especial infantil em S\u00e3o Paulo &#8211; por bora.a\u00ed"},"content":{"rendered":"<button class=\"simplefavorite-button preset\" data-postid=\"35444\" data-siteid=\"1\" data-groupid=\"1\" data-favoritecount=\"0\" style=\"box-shadow:none;-webkit-box-shadow:none;-moz-box-shadow:none;background-color:#68ccb4;border-color:#68ccb4;color:#ffffff;\"><i class=\"sf-icon-favorite\" style=\"\"><\/i>Favorite<\/button><p>&nbsp;<\/p>\n<p>Ol\u00e1, moms!<\/p>\n<p>Tudo bem?<\/p>\n<p>O final de semana est\u00e1 chegando e, justamente por isso, o nosso colaborador <a href=\"http:\/\/bora.ai\/\" target=\"_blank\">bora.a\u00ed\u00a0<\/a>trouxe a melhor <strong>programa\u00e7\u00e3o especial infantil em S\u00e3o Paulo<\/strong>! Confiram essas dicas incr\u00edveis!<\/p>\n<p>&nbsp;<\/p>\n<p>___________________________________________________________<\/p>\n<p>&nbsp;<\/p>\n<p>Domingo come\u00e7a a programa\u00e7\u00e3o do <strong><a href=\"http:\/\/bora.ai\/passeios\/cine-vista-no-jk\" target=\"_blank\">Cine Vista no JK Iguatemi<\/a><\/strong>, com sess\u00f5es de cinema a c\u00e9u aberto.<\/p>\n<p>&nbsp;<\/p>\n<p><img fetchpriority=\"high\" decoding=\"async\" class=\"aligncenter wp-image-35448\" src=\"https:\/\/colinahomolog.com.br\/dev\/just-real-moms\/wp-content\/uploads\/2015\/09\/programacao_especial_infantil_sp-just_real_moms.jpg\" alt=\"Programa\u00e7\u00e3o especial infantil em S\u00e3o Paulo\" width=\"550\" height=\"286\" srcset=\"https:\/\/colinahomolog.com.br\/dev\/just-real-moms\/wp-content\/uploads\/2015\/09\/programacao_especial_infantil_sp-just_real_moms.jpg 646w, https:\/\/colinahomolog.com.br\/dev\/just-real-moms\/wp-content\/uploads\/2015\/09\/programacao_especial_infantil_sp-just_real_moms-400x208.jpg 400w\" sizes=\"(max-width: 550px) 100vw, 550px\" \/><\/p>\n<p>&nbsp;<\/p>\n<p>O <strong><a href=\"http:\/\/bora.ai\/passeios\/o-grande-circo-cientifico-com-mad-science\" target=\"_blank\">Grande Circo Cient\u00edfico<\/a><\/strong> com a Mad Science teve sua temporada prorrogada no Espa\u00e7o Promon.<\/p>\n<p>&nbsp;<\/p>\n<p><img decoding=\"async\" class=\"aligncenter wp-image-35445\" src=\"https:\/\/colinahomolog.com.br\/dev\/just-real-moms\/wp-content\/uploads\/2015\/09\/programacao_especial_infantil_sp_2-just_real_moms-820x461.jpg\" alt=\"Programa\u00e7\u00e3o especial infantil em S\u00e3o Paulo\" width=\"550\" height=\"309\" srcset=\"https:\/\/colinahomolog.com.br\/dev\/just-real-moms\/wp-content\/uploads\/2015\/09\/programacao_especial_infantil_sp_2-just_real_moms-820x461.jpg 820w, https:\/\/colinahomolog.com.br\/dev\/just-real-moms\/wp-content\/uploads\/2015\/09\/programacao_especial_infantil_sp_2-just_real_moms-400x225.jpg 400w, https:\/\/colinahomolog.com.br\/dev\/just-real-moms\/wp-content\/uploads\/2015\/09\/programacao_especial_infantil_sp_2-just_real_moms.jpg 1040w\" sizes=\"(max-width: 550px) 100vw, 550px\" \/><\/p>\n<p>&nbsp;<\/p>\n<p>A exposi\u00e7\u00e3o da <strong><a href=\"http:\/\/bora.ai\/passeios\/exposicaeo-frida-kahlo\" target=\"_blank\">Frida Kahlo<\/a><\/strong> inaugura no dia 27 de setembro, domingo, no Instituto Tomie Ohtake e promete ser mais um sucesso de p\u00fablico.<\/p>\n<p>&nbsp;<\/p>\n<p><img decoding=\"async\" class=\"aligncenter wp-image-35446\" src=\"https:\/\/colinahomolog.com.br\/dev\/just-real-moms\/wp-content\/uploads\/2015\/09\/programacao_especial_infantil_sp_3-just_real_moms.jpg\" alt=\"Programa\u00e7\u00e3o especial infantil em S\u00e3o Paulo\" width=\"550\" height=\"286\" \/><\/p>\n<p>&nbsp;<\/p>\n<p>Uma dica para programa bate-volta com as crian\u00e7as: <strong><a href=\"http:\/\/bora.ai\/passeios\/parque-maeda-em-itu\" target=\"_blank\">Parque Maeda em Itu<\/a><\/strong>.<\/p>\n<p>&nbsp;<\/p>\n<p><img loading=\"lazy\" decoding=\"async\" class=\"aligncenter wp-image-35447\" src=\"https:\/\/colinahomolog.com.br\/dev\/just-real-moms\/wp-content\/uploads\/2015\/09\/programacao_especial_infantil_sp_4-just_real_moms-820x547.jpg\" alt=\"Programa\u00e7\u00e3o especial infantil em S\u00e3o Paulo\" width=\"550\" height=\"367\" srcset=\"https:\/\/colinahomolog.com.br\/dev\/just-real-moms\/wp-content\/uploads\/2015\/09\/programacao_especial_infantil_sp_4-just_real_moms-820x547.jpg 820w, https:\/\/colinahomolog.com.br\/dev\/just-real-moms\/wp-content\/uploads\/2015\/09\/programacao_especial_infantil_sp_4-just_real_moms-400x267.jpg 400w, https:\/\/colinahomolog.com.br\/dev\/just-real-moms\/wp-content\/uploads\/2015\/09\/programacao_especial_infantil_sp_4-just_real_moms.jpg 960w\" sizes=\"(max-width: 550px) 100vw, 550px\" \/><\/p>\n<p>&nbsp;<\/p>\n<p>Acessem o <a href=\"http:\/\/bora.ai\">bora.ai<\/a> para consultar a agenda completa de programa\u00e7\u00e3o infantil em S\u00e3o Paulo.<\/p>\n<p><a href=\"http:\/\/bora.ai\/\"><img loading=\"lazy\" decoding=\"async\" class=\"alignleft wp-image-35290 size-medium\" src=\"https:\/\/colinahomolog.com.br\/dev\/just-real-moms\/wp-content\/uploads\/2015\/09\/bora_ai-just_real_moms2-400x76.jpg\" alt=\"bora_ai-just_real_moms\" width=\"400\" height=\"76\" srcset=\"https:\/\/colinahomolog.com.br\/dev\/just-real-moms\/wp-content\/uploads\/2015\/09\/bora_ai-just_real_moms2-400x76.jpg 400w, https:\/\/colinahomolog.com.br\/dev\/just-real-moms\/wp-content\/uploads\/2015\/09\/bora_ai-just_real_moms2.jpg 554w\" sizes=\"(max-width: 400px) 100vw, 400px\" \/><\/a><\/p>\n<p>&nbsp;<\/p>\n\n    <div class=\"xs_social_share_widget xs_share_url after_content \t\tmain_content  wslu-style-1 wslu-share-box-shaped wslu-fill-colored wslu-none wslu-share-horizontal wslu-theme-font-no wslu-main_content\">\n\n\t\t\n        <ul>\n\t\t\t        <\/ul>\n    <\/div> \n","protected":false},"excerpt":{"rendered":"<p>Favorite&nbsp; Ol\u00e1, moms! Tudo bem? O final de semana est\u00e1 chegando e, justamente por isso, o nosso colaborador bora.a\u00ed\u00a0trouxe a melhor programa\u00e7\u00e3o especial infantil em S\u00e3o Paulo! Confiram essas dicas incr\u00edveis! &nbsp; ___________________________________________________________ &nbsp; Domingo come\u00e7a a programa\u00e7\u00e3o do Cine Vista no JK Iguatemi, com sess\u00f5es de cinema a c\u00e9u aberto. &nbsp; &nbsp; O Grande [&hellip;]<\/p>\n","protected":false},"author":6,"featured_media":35446,"comment_status":"open","ping_status":"closed","sticky":false,"template":"","format":"standard","meta":{"_acf_changed":false,"footnotes":""},"categories":[29,33,1742,1823],"tags":[],"class_list":{"0":"post-35444","1":"post","2":"type-post","3":"status-publish","4":"format-standard","5":"has-post-thumbnail","7":"category-real-tips","8":"category-have-fun","9":"category-programacao","10":"category-programacao-sao-paulo"},"acf":[],"yoast_head":"<!-- This site is optimized with the Yoast SEO Premium plugin v26.6 (Yoast SEO v26.6) - https:\/\/yoast.com\/wordpress\/plugins\/seo\/ -->\n<title>Programa\u00e7\u00e3o especial infantil em S\u00e3o Paulo - por bora.a\u00ed<\/title>\n<meta name=\"description\" content=\"Confira dicas incr\u00edveis direto do site do bora.a\u00ed de programa\u00e7\u00e3o especial infantil em S\u00e3o Paulo, para fazer no final de semana! Para toda fam\u00edlia!\" \/>\n<meta name=\"robots\" content=\"index, follow, max-snippet:-1, max-image-preview:large, max-video-preview:-1\" \/>\n<link rel=\"canonical\" href=\"https:\/\/colinahomolog.com.br\/dev\/just-real-moms\/programacao-especial-infantil-em-sao-paulo-por-bora-ai-3\/\" \/>\n<meta property=\"og:locale\" content=\"pt_BR\" \/>\n<meta property=\"og:type\" content=\"article\" \/>\n<meta property=\"og:title\" content=\"Programa\u00e7\u00e3o especial infantil em S\u00e3o Paulo - por bora.a\u00ed\" \/>\n<meta property=\"og:description\" content=\"Confira dicas incr\u00edveis direto do site do bora.a\u00ed de programa\u00e7\u00e3o especial infantil em S\u00e3o Paulo, para fazer no final de semana! Para toda fam\u00edlia!\" \/>\n<meta property=\"og:url\" content=\"https:\/\/colinahomolog.com.br\/dev\/just-real-moms\/programacao-especial-infantil-em-sao-paulo-por-bora-ai-3\/\" \/>\n<meta property=\"og:site_name\" content=\"Just Real Moms - Blog para M\u00e3es\" \/>\n<meta property=\"article:publisher\" content=\"https:\/\/www.facebook.com\/JustRealMoms\" \/>\n<meta property=\"article:published_time\" content=\"2015-09-25T11:30:46+00:00\" \/>\n<meta property=\"article:modified_time\" content=\"2016-05-05T22:06:39+00:00\" \/>\n<meta property=\"og:image\" content=\"https:\/\/colinahomolog.com.br\/dev\/just-real-moms\/wp-content\/uploads\/2015\/09\/programacao_especial_infantil_sp_3-just_real_moms.jpg\" \/>\n\t<meta property=\"og:image:width\" content=\"1\" \/>\n\t<meta property=\"og:image:height\" content=\"1\" \/>\n\t<meta property=\"og:image:type\" content=\"image\/jpeg\" \/>\n<meta name=\"author\" content=\"Juliana\" \/>\n<meta name=\"twitter:label1\" content=\"Escrito por\" \/>\n\t<meta name=\"twitter:data1\" content=\"Juliana\" \/>\n\t<meta name=\"twitter:label2\" content=\"Est. tempo de leitura\" \/>\n\t<meta name=\"twitter:data2\" content=\"1 minuto\" \/>\n<script type=\"application\/ld+json\" class=\"yoast-schema-graph\">{\"@context\":\"https:\/\/schema.org\",\"@graph\":[{\"@type\":\"WebPage\",\"@id\":\"https:\/\/colinahomolog.com.br\/dev\/just-real-moms\/programacao-especial-infantil-em-sao-paulo-por-bora-ai-3\/\",\"url\":\"https:\/\/colinahomolog.com.br\/dev\/just-real-moms\/programacao-especial-infantil-em-sao-paulo-por-bora-ai-3\/\",\"name\":\"Programa\u00e7\u00e3o especial infantil em S\u00e3o Paulo - por bora.a\u00ed\",\"isPartOf\":{\"@id\":\"https:\/\/colinahomolog.com.br\/dev\/just-real-moms\/#website\"},\"primaryImageOfPage\":{\"@id\":\"https:\/\/colinahomolog.com.br\/dev\/just-real-moms\/programacao-especial-infantil-em-sao-paulo-por-bora-ai-3\/#primaryimage\"},\"image\":{\"@id\":\"https:\/\/colinahomolog.com.br\/dev\/just-real-moms\/programacao-especial-infantil-em-sao-paulo-por-bora-ai-3\/#primaryimage\"},\"thumbnailUrl\":\"https:\/\/colinahomolog.com.br\/dev\/just-real-moms\/wp-content\/uploads\/2015\/09\/programacao_especial_infantil_sp_3-just_real_moms.jpg\",\"datePublished\":\"2015-09-25T11:30:46+00:00\",\"dateModified\":\"2016-05-05T22:06:39+00:00\",\"author\":{\"@id\":\"https:\/\/colinahomolog.com.br\/dev\/just-real-moms\/#\/schema\/person\/8218aa957ba5a31e5f531f3b6561916a\"},\"description\":\"Confira dicas incr\u00edveis direto do site do bora.a\u00ed de programa\u00e7\u00e3o especial infantil em S\u00e3o Paulo, para fazer no final de semana! Para toda fam\u00edlia!\",\"breadcrumb\":{\"@id\":\"https:\/\/colinahomolog.com.br\/dev\/just-real-moms\/programacao-especial-infantil-em-sao-paulo-por-bora-ai-3\/#breadcrumb\"},\"inLanguage\":\"pt-BR\",\"potentialAction\":[{\"@type\":\"ReadAction\",\"target\":[\"https:\/\/colinahomolog.com.br\/dev\/just-real-moms\/programacao-especial-infantil-em-sao-paulo-por-bora-ai-3\/\"]}]},{\"@type\":\"ImageObject\",\"inLanguage\":\"pt-BR\",\"@id\":\"https:\/\/colinahomolog.com.br\/dev\/just-real-moms\/programacao-especial-infantil-em-sao-paulo-por-bora-ai-3\/#primaryimage\",\"url\":\"https:\/\/colinahomolog.com.br\/dev\/just-real-moms\/wp-content\/uploads\/2015\/09\/programacao_especial_infantil_sp_3-just_real_moms.jpg\",\"contentUrl\":\"https:\/\/colinahomolog.com.br\/dev\/just-real-moms\/wp-content\/uploads\/2015\/09\/programacao_especial_infantil_sp_3-just_real_moms.jpg\",\"caption\":\"Programa\u00e7\u00e3o especial infantil em S\u00e3o Paulo\"},{\"@type\":\"BreadcrumbList\",\"@id\":\"https:\/\/colinahomolog.com.br\/dev\/just-real-moms\/programacao-especial-infantil-em-sao-paulo-por-bora-ai-3\/#breadcrumb\",\"itemListElement\":[{\"@type\":\"ListItem\",\"position\":1,\"name\":\"In\u00edcio\",\"item\":\"https:\/\/colinahomolog.com.br\/dev\/just-real-moms\/\"},{\"@type\":\"ListItem\",\"position\":2,\"name\":\"Programa\u00e7\u00e3o especial infantil em S\u00e3o Paulo &#8211; por bora.a\u00ed\"}]},{\"@type\":\"WebSite\",\"@id\":\"https:\/\/colinahomolog.com.br\/dev\/just-real-moms\/#website\",\"url\":\"https:\/\/colinahomolog.com.br\/dev\/just-real-moms\/\",\"name\":\"Just Real Moms - Blog para M\u00e3es\",\"description\":\"O melhor e mais completo portal para m\u00e3es, pais e futuros pais!\",\"potentialAction\":[{\"@type\":\"SearchAction\",\"target\":{\"@type\":\"EntryPoint\",\"urlTemplate\":\"https:\/\/colinahomolog.com.br\/dev\/just-real-moms\/?s={search_term_string}\"},\"query-input\":{\"@type\":\"PropertyValueSpecification\",\"valueRequired\":true,\"valueName\":\"search_term_string\"}}],\"inLanguage\":\"pt-BR\"},{\"@type\":\"Person\",\"@id\":\"https:\/\/colinahomolog.com.br\/dev\/just-real-moms\/#\/schema\/person\/8218aa957ba5a31e5f531f3b6561916a\",\"name\":\"Juliana\",\"url\":\"https:\/\/colinahomolog.com.br\/dev\/just-real-moms\/author\/juliana\/\"}]}<\/script>\n<!-- \/ Yoast SEO Premium plugin. -->","yoast_head_json":{"title":"Programa\u00e7\u00e3o especial infantil em S\u00e3o Paulo - por bora.a\u00ed","description":"Confira dicas incr\u00edveis direto do site do bora.a\u00ed de programa\u00e7\u00e3o especial infantil em S\u00e3o Paulo, para fazer no final de semana! Para toda fam\u00edlia!","robots":{"index":"index","follow":"follow","max-snippet":"max-snippet:-1","max-image-preview":"max-image-preview:large","max-video-preview":"max-video-preview:-1"},"canonical":"https:\/\/colinahomolog.com.br\/dev\/just-real-moms\/programacao-especial-infantil-em-sao-paulo-por-bora-ai-3\/","og_locale":"pt_BR","og_type":"article","og_title":"Programa\u00e7\u00e3o especial infantil em S\u00e3o Paulo - por bora.a\u00ed","og_description":"Confira dicas incr\u00edveis direto do site do bora.a\u00ed de programa\u00e7\u00e3o especial infantil em S\u00e3o Paulo, para fazer no final de semana! Para toda fam\u00edlia!","og_url":"https:\/\/colinahomolog.com.br\/dev\/just-real-moms\/programacao-especial-infantil-em-sao-paulo-por-bora-ai-3\/","og_site_name":"Just Real Moms - Blog para M\u00e3es","article_publisher":"https:\/\/www.facebook.com\/JustRealMoms","article_published_time":"2015-09-25T11:30:46+00:00","article_modified_time":"2016-05-05T22:06:39+00:00","og_image":[{"url":"https:\/\/colinahomolog.com.br\/dev\/just-real-moms\/wp-content\/uploads\/2015\/09\/programacao_especial_infantil_sp_3-just_real_moms.jpg","width":1,"height":1,"type":"image\/jpeg"}],"author":"Juliana","twitter_misc":{"Escrito por":"Juliana","Est. tempo de leitura":"1 minuto"},"schema":{"@context":"https:\/\/schema.org","@graph":[{"@type":"WebPage","@id":"https:\/\/colinahomolog.com.br\/dev\/just-real-moms\/programacao-especial-infantil-em-sao-paulo-por-bora-ai-3\/","url":"https:\/\/colinahomolog.com.br\/dev\/just-real-moms\/programacao-especial-infantil-em-sao-paulo-por-bora-ai-3\/","name":"Programa\u00e7\u00e3o especial infantil em S\u00e3o Paulo - por bora.a\u00ed","isPartOf":{"@id":"https:\/\/colinahomolog.com.br\/dev\/just-real-moms\/#website"},"primaryImageOfPage":{"@id":"https:\/\/colinahomolog.com.br\/dev\/just-real-moms\/programacao-especial-infantil-em-sao-paulo-por-bora-ai-3\/#primaryimage"},"image":{"@id":"https:\/\/colinahomolog.com.br\/dev\/just-real-moms\/programacao-especial-infantil-em-sao-paulo-por-bora-ai-3\/#primaryimage"},"thumbnailUrl":"https:\/\/colinahomolog.com.br\/dev\/just-real-moms\/wp-content\/uploads\/2015\/09\/programacao_especial_infantil_sp_3-just_real_moms.jpg","datePublished":"2015-09-25T11:30:46+00:00","dateModified":"2016-05-05T22:06:39+00:00","author":{"@id":"https:\/\/colinahomolog.com.br\/dev\/just-real-moms\/#\/schema\/person\/8218aa957ba5a31e5f531f3b6561916a"},"description":"Confira dicas incr\u00edveis direto do site do bora.a\u00ed de programa\u00e7\u00e3o especial infantil em S\u00e3o Paulo, para fazer no final de semana! Para toda fam\u00edlia!","breadcrumb":{"@id":"https:\/\/colinahomolog.com.br\/dev\/just-real-moms\/programacao-especial-infantil-em-sao-paulo-por-bora-ai-3\/#breadcrumb"},"inLanguage":"pt-BR","potentialAction":[{"@type":"ReadAction","target":["https:\/\/colinahomolog.com.br\/dev\/just-real-moms\/programacao-especial-infantil-em-sao-paulo-por-bora-ai-3\/"]}]},{"@type":"ImageObject","inLanguage":"pt-BR","@id":"https:\/\/colinahomolog.com.br\/dev\/just-real-moms\/programacao-especial-infantil-em-sao-paulo-por-bora-ai-3\/#primaryimage","url":"https:\/\/colinahomolog.com.br\/dev\/just-real-moms\/wp-content\/uploads\/2015\/09\/programacao_especial_infantil_sp_3-just_real_moms.jpg","contentUrl":"https:\/\/colinahomolog.com.br\/dev\/just-real-moms\/wp-content\/uploads\/2015\/09\/programacao_especial_infantil_sp_3-just_real_moms.jpg","caption":"Programa\u00e7\u00e3o especial infantil em S\u00e3o Paulo"},{"@type":"BreadcrumbList","@id":"https:\/\/colinahomolog.com.br\/dev\/just-real-moms\/programacao-especial-infantil-em-sao-paulo-por-bora-ai-3\/#breadcrumb","itemListElement":[{"@type":"ListItem","position":1,"name":"In\u00edcio","item":"https:\/\/colinahomolog.com.br\/dev\/just-real-moms\/"},{"@type":"ListItem","position":2,"name":"Programa\u00e7\u00e3o especial infantil em S\u00e3o Paulo &#8211; por bora.a\u00ed"}]},{"@type":"WebSite","@id":"https:\/\/colinahomolog.com.br\/dev\/just-real-moms\/#website","url":"https:\/\/colinahomolog.com.br\/dev\/just-real-moms\/","name":"Just Real Moms - Blog para M\u00e3es","description":"O melhor e mais completo portal para m\u00e3es, pais e futuros pais!","potentialAction":[{"@type":"SearchAction","target":{"@type":"EntryPoint","urlTemplate":"https:\/\/colinahomolog.com.br\/dev\/just-real-moms\/?s={search_term_string}"},"query-input":{"@type":"PropertyValueSpecification","valueRequired":true,"valueName":"search_term_string"}}],"inLanguage":"pt-BR"},{"@type":"Person","@id":"https:\/\/colinahomolog.com.br\/dev\/just-real-moms\/#\/schema\/person\/8218aa957ba5a31e5f531f3b6561916a","name":"Juliana","url":"https:\/\/colinahomolog.com.br\/dev\/just-real-moms\/author\/juliana\/"}]}},"_links":{"self":[{"href":"https:\/\/colinahomolog.com.br\/dev\/just-real-moms\/wp-json\/wp\/v2\/posts\/35444","targetHints":{"allow":["GET"]}}],"collection":[{"href":"https:\/\/colinahomolog.com.br\/dev\/just-real-moms\/wp-json\/wp\/v2\/posts"}],"about":[{"href":"https:\/\/colinahomolog.com.br\/dev\/just-real-moms\/wp-json\/wp\/v2\/types\/post"}],"author":[{"embeddable":true,"href":"https:\/\/colinahomolog.com.br\/dev\/just-real-moms\/wp-json\/wp\/v2\/users\/6"}],"replies":[{"embeddable":true,"href":"https:\/\/colinahomolog.com.br\/dev\/just-real-moms\/wp-json\/wp\/v2\/comments?post=35444"}],"version-history":[{"count":0,"href":"https:\/\/colinahomolog.com.br\/dev\/just-real-moms\/wp-json\/wp\/v2\/posts\/35444\/revisions"}],"wp:featuredmedia":[{"embeddable":true,"href":"https:\/\/colinahomolog.com.br\/dev\/just-real-moms\/wp-json\/wp\/v2\/media\/35446"}],"wp:attachment":[{"href":"https:\/\/colinahomolog.com.br\/dev\/just-real-moms\/wp-json\/wp\/v2\/media?parent=35444"}],"wp:term":[{"taxonomy":"category","embeddable":true,"href":"https:\/\/colinahomolog.com.br\/dev\/just-real-moms\/wp-json\/wp\/v2\/categories?post=35444"},{"taxonomy":"post_tag","embeddable":true,"href":"https:\/\/colinahomolog.com.br\/dev\/just-real-moms\/wp-json\/wp\/v2\/tags?post=35444"}],"curies":[{"name":"wp","href":"https:\/\/api.w.org\/{rel}","templated":true}]}}