{"id":36145,"date":"2015-10-23T14:57:01","date_gmt":"2015-10-23T16:57:01","guid":{"rendered":"https:\/\/colinahomolog.com.br\/dev\/just-real-moms\/?p=36145"},"modified":"2022-08-25T20:00:12","modified_gmt":"2022-08-25T23:00:12","slug":"ate-quando-usar-o-trocador-de-bebe","status":"publish","type":"post","link":"https:\/\/colinahomolog.com.br\/dev\/just-real-moms\/ate-quando-usar-o-trocador-de-bebe\/","title":{"rendered":"At\u00e9 quando usar o trocador de beb\u00ea?"},"content":{"rendered":"<button class=\"simplefavorite-button preset\" data-postid=\"36145\" data-siteid=\"1\" data-groupid=\"1\" data-favoritecount=\"0\" style=\"box-shadow:none;-webkit-box-shadow:none;-moz-box-shadow:none;background-color:#68ccb4;border-color:#68ccb4;color:#ffffff;\"><i class=\"sf-icon-favorite\" style=\"\"><\/i>Favorite<\/button><h2>Oi, mam\u00e3es e papais! Atendendo a pedidos, hoje vamos falar sobre at\u00e9 quando usar a c\u00f4moda \/ trocador de beb\u00ea.<\/h2>\n<p><img fetchpriority=\"high\" decoding=\"async\" class=\"aligncenter size-full wp-image-36146\" src=\"https:\/\/colinahomolog.com.br\/dev\/just-real-moms\/wp-content\/uploads\/2015\/10\/trocador-just_real_moms.jpg\" alt=\"Trocador de fraldas\" width=\"557\" height=\"683\" \/><\/p>\n<p>A verdade \u00e9 que n\u00e3o existe regra e voc\u00ea pode usar at\u00e9 quando achar conveniente.<\/p>\n<p>Mas pela minha experi\u00eancia com meu filho mais velho, e pelo que conversei com algumas amigas e leitoras, o trocador fica no quarto at\u00e9 o filho completar 3 ou 4 anos, quando as m\u00e3es decidem mudar o quarto de beb\u00ea para um quarto de crian\u00e7a maiorzinha!<\/p>\n<p>Minha filha j\u00e1 est\u00e1 com 2 anos e meio e n\u00e3o usa mais fralda durante o dia, apenas \u00e0 noite e, mesmo assim, continuo usando muuuuuito o trocador, acreditam?<\/p>\n<p>Fa\u00e7o tudo em cima do trocador: todas as trocas de roupa, troca da fralda da noite, todas as escova\u00e7\u00f5es dos dentes e penteados de cabelo. Acho t\u00e3o mais f\u00e1cil, pois ela fica na minha altura e evito ficar agachando.<\/p>\n<p>Mesmo com as crian\u00e7as maiores temos que tomar muito cuidado para\u00a0n\u00e3o deix\u00e1-las sozinhas em cima do trocador, pois elas podem cair ou querer brincar de pular.<\/p>\n<p>Tomando os devidos cuidados, acho o trocador um item indispens\u00e1vel no quarto de beb\u00ea e um grande facilitador para as\u00a0m\u00e3es.<\/p>\n<p>Os itens que deixo em cima da <a href=\"https:\/\/colinahomolog.com.br\/dev\/just-real-moms\/dicas-de-como-arrumar-comoda-do-bebe\/\" target=\"_blank\" rel=\"noopener\">c\u00f4moda<\/a> da Ana Helena s\u00e3o:<\/p>\n<p>&#8211; Kit higiene: Com \u00e1gua morna, algod\u00e3o, cotonete, escovas e pentes.<\/p>\n<p>&#8211; Produtos: Creme para preven\u00e7\u00e3o de assaduras e col\u00f4nia\u00a0(todos da linha <a href=\"https:\/\/amzn.to\/3wutT1m\" target=\"_blank\" rel=\"noopener\">BABY DOVE <\/a>s\u00e3o os meus preferidos).<\/p>\n<p>&#8211; Caixa de la\u00e7os: la\u00e7os, fivelas e tiaras.<\/p>\n<p>Fiz um v\u00eddeo com os itens que deixo na c\u00f4moda da Ana Helena para voc\u00eas visualizarem melhor.\u00a0Espero que gostem!<\/p>\n<div class=\"youtube-embed\" data-video_id=\"6DFy1F55sU4\"><iframe title=\"COMO ORGANIZAR A C\u00d4MODA DO BEB\u00ca\" width=\"696\" height=\"392\" src=\"https:\/\/www.youtube.com\/embed\/6DFy1F55sU4?feature=oembed&#038;enablejsapi=1\" frameborder=\"0\" allow=\"accelerometer; autoplay; clipboard-write; encrypted-media; gyroscope; picture-in-picture; web-share\" allowfullscreen><\/iframe><\/div>\n<p>Beijos!<\/p>\n<p>#BabyDove #ConfieNoSeuJeito<\/p>\n<hr \/>\n<p><img decoding=\"async\" class=\"aligncenter size-full wp-image-36147\" src=\"https:\/\/colinahomolog.com.br\/dev\/just-real-moms\/wp-content\/uploads\/2015\/10\/jrm-publipost.jpg\" alt=\"JRM PUBLIPOST\" width=\"705\" height=\"144\" srcset=\"https:\/\/colinahomolog.com.br\/dev\/just-real-moms\/wp-content\/uploads\/2015\/10\/jrm-publipost.jpg 705w, https:\/\/colinahomolog.com.br\/dev\/just-real-moms\/wp-content\/uploads\/2015\/10\/jrm-publipost-400x82.jpg 400w\" sizes=\"(max-width: 705px) 100vw, 705px\" \/><\/p>\n\n    <div class=\"xs_social_share_widget xs_share_url after_content \t\tmain_content  wslu-style-1 wslu-share-box-shaped wslu-fill-colored wslu-none wslu-share-horizontal wslu-theme-font-no wslu-main_content\">\n\n\t\t\n        <ul>\n\t\t\t        <\/ul>\n    <\/div> \n","protected":false},"excerpt":{"rendered":"<p>FavoriteOi, mam\u00e3es e papais! Atendendo a pedidos, hoje vamos falar sobre at\u00e9 quando usar a c\u00f4moda \/ trocador de beb\u00ea. A verdade \u00e9 que n\u00e3o existe regra e voc\u00ea pode usar at\u00e9 quando achar conveniente. Mas pela minha experi\u00eancia com meu filho mais velho, e pelo que conversei com algumas amigas e leitoras, o trocador [&hellip;]<\/p>\n","protected":false},"author":6,"featured_media":36146,"comment_status":"open","ping_status":"closed","sticky":false,"template":"","format":"standard","meta":{"_acf_changed":false,"footnotes":""},"categories":[1796,30,29,1774,1760,1764,596,1795,1778],"tags":[2734,2733,94,2735,1576,1577],"class_list":{"0":"post-36145","1":"post","2":"type-post","3":"status-publish","4":"format-standard","5":"has-post-thumbnail","7":"category-bebe","8":"category-de-mae-para-mae","9":"category-real-tips","10":"category-dicas-praticas","11":"category-fases","12":"category-produtos-diferentes","13":"category-publipost","14":"category-recem-nascido","15":"category-saude-da-crianca","16":"tag-creme-assadura","17":"tag-dove","18":"tag-fraldas","19":"tag-kit-higiene","20":"tag-trocador","21":"tag-trocador-bebe"},"acf":[],"yoast_head":"<!-- This site is optimized with the Yoast SEO Premium plugin v26.6 (Yoast SEO v26.6) - https:\/\/yoast.com\/wordpress\/plugins\/seo\/ -->\n<title>At\u00e9 quando usar o trocador de beb\u00ea?<\/title>\n<meta name=\"description\" content=\"Confira dicas de como e at\u00e9 quando usar o trocador de beb\u00ea, al\u00e9m de produtos necess\u00e1rios para este momento especial para m\u00e3es e filhos.\" \/>\n<meta name=\"robots\" content=\"index, follow, max-snippet:-1, max-image-preview:large, max-video-preview:-1\" \/>\n<link rel=\"canonical\" href=\"https:\/\/colinahomolog.com.br\/dev\/just-real-moms\/ate-quando-usar-o-trocador-de-bebe\/\" \/>\n<meta property=\"og:locale\" content=\"pt_BR\" \/>\n<meta property=\"og:type\" content=\"article\" \/>\n<meta property=\"og:title\" content=\"At\u00e9 quando usar o trocador de beb\u00ea?\" \/>\n<meta property=\"og:description\" content=\"Confira dicas de como e at\u00e9 quando usar o trocador de beb\u00ea, al\u00e9m de produtos necess\u00e1rios para este momento especial para m\u00e3es e filhos.\" \/>\n<meta property=\"og:url\" content=\"https:\/\/colinahomolog.com.br\/dev\/just-real-moms\/ate-quando-usar-o-trocador-de-bebe\/\" \/>\n<meta property=\"og:site_name\" content=\"Just Real Moms - Blog para M\u00e3es\" \/>\n<meta property=\"article:publisher\" content=\"https:\/\/www.facebook.com\/JustRealMoms\" \/>\n<meta property=\"article:published_time\" content=\"2015-10-23T16:57:01+00:00\" \/>\n<meta property=\"article:modified_time\" content=\"2022-08-25T23:00:12+00:00\" \/>\n<meta property=\"og:image\" content=\"https:\/\/colinahomolog.com.br\/dev\/just-real-moms\/wp-content\/uploads\/2015\/10\/trocador-just_real_moms.jpg\" \/>\n\t<meta property=\"og:image:width\" content=\"1\" \/>\n\t<meta property=\"og:image:height\" content=\"1\" \/>\n\t<meta property=\"og:image:type\" content=\"image\/jpeg\" \/>\n<meta name=\"author\" content=\"Juliana\" \/>\n<meta name=\"twitter:label1\" content=\"Escrito por\" \/>\n\t<meta name=\"twitter:data1\" content=\"Juliana\" \/>\n\t<meta name=\"twitter:label2\" content=\"Est. tempo de leitura\" \/>\n\t<meta name=\"twitter:data2\" content=\"2 minutos\" \/>\n<script type=\"application\/ld+json\" class=\"yoast-schema-graph\">{\"@context\":\"https:\/\/schema.org\",\"@graph\":[{\"@type\":\"WebPage\",\"@id\":\"https:\/\/colinahomolog.com.br\/dev\/just-real-moms\/ate-quando-usar-o-trocador-de-bebe\/\",\"url\":\"https:\/\/colinahomolog.com.br\/dev\/just-real-moms\/ate-quando-usar-o-trocador-de-bebe\/\",\"name\":\"At\u00e9 quando usar o trocador de beb\u00ea?\",\"isPartOf\":{\"@id\":\"https:\/\/colinahomolog.com.br\/dev\/just-real-moms\/#website\"},\"primaryImageOfPage\":{\"@id\":\"https:\/\/colinahomolog.com.br\/dev\/just-real-moms\/ate-quando-usar-o-trocador-de-bebe\/#primaryimage\"},\"image\":{\"@id\":\"https:\/\/colinahomolog.com.br\/dev\/just-real-moms\/ate-quando-usar-o-trocador-de-bebe\/#primaryimage\"},\"thumbnailUrl\":\"https:\/\/colinahomolog.com.br\/dev\/just-real-moms\/wp-content\/uploads\/2015\/10\/trocador-just_real_moms.jpg\",\"datePublished\":\"2015-10-23T16:57:01+00:00\",\"dateModified\":\"2022-08-25T23:00:12+00:00\",\"author\":{\"@id\":\"https:\/\/colinahomolog.com.br\/dev\/just-real-moms\/#\/schema\/person\/8218aa957ba5a31e5f531f3b6561916a\"},\"description\":\"Confira dicas de como e at\u00e9 quando usar o trocador de beb\u00ea, al\u00e9m de produtos necess\u00e1rios para este momento especial para m\u00e3es e filhos.\",\"breadcrumb\":{\"@id\":\"https:\/\/colinahomolog.com.br\/dev\/just-real-moms\/ate-quando-usar-o-trocador-de-bebe\/#breadcrumb\"},\"inLanguage\":\"pt-BR\",\"potentialAction\":[{\"@type\":\"ReadAction\",\"target\":[\"https:\/\/colinahomolog.com.br\/dev\/just-real-moms\/ate-quando-usar-o-trocador-de-bebe\/\"]}]},{\"@type\":\"ImageObject\",\"inLanguage\":\"pt-BR\",\"@id\":\"https:\/\/colinahomolog.com.br\/dev\/just-real-moms\/ate-quando-usar-o-trocador-de-bebe\/#primaryimage\",\"url\":\"https:\/\/colinahomolog.com.br\/dev\/just-real-moms\/wp-content\/uploads\/2015\/10\/trocador-just_real_moms.jpg\",\"contentUrl\":\"https:\/\/colinahomolog.com.br\/dev\/just-real-moms\/wp-content\/uploads\/2015\/10\/trocador-just_real_moms.jpg\",\"caption\":\"Trocador de fraldas\"},{\"@type\":\"BreadcrumbList\",\"@id\":\"https:\/\/colinahomolog.com.br\/dev\/just-real-moms\/ate-quando-usar-o-trocador-de-bebe\/#breadcrumb\",\"itemListElement\":[{\"@type\":\"ListItem\",\"position\":1,\"name\":\"In\u00edcio\",\"item\":\"https:\/\/colinahomolog.com.br\/dev\/just-real-moms\/\"},{\"@type\":\"ListItem\",\"position\":2,\"name\":\"At\u00e9 quando usar o trocador de beb\u00ea?\"}]},{\"@type\":\"WebSite\",\"@id\":\"https:\/\/colinahomolog.com.br\/dev\/just-real-moms\/#website\",\"url\":\"https:\/\/colinahomolog.com.br\/dev\/just-real-moms\/\",\"name\":\"Just Real Moms - Blog para M\u00e3es\",\"description\":\"O melhor e mais completo portal para m\u00e3es, pais e futuros pais!\",\"potentialAction\":[{\"@type\":\"SearchAction\",\"target\":{\"@type\":\"EntryPoint\",\"urlTemplate\":\"https:\/\/colinahomolog.com.br\/dev\/just-real-moms\/?s={search_term_string}\"},\"query-input\":{\"@type\":\"PropertyValueSpecification\",\"valueRequired\":true,\"valueName\":\"search_term_string\"}}],\"inLanguage\":\"pt-BR\"},{\"@type\":\"Person\",\"@id\":\"https:\/\/colinahomolog.com.br\/dev\/just-real-moms\/#\/schema\/person\/8218aa957ba5a31e5f531f3b6561916a\",\"name\":\"Juliana\",\"url\":\"https:\/\/colinahomolog.com.br\/dev\/just-real-moms\/author\/juliana\/\"}]}<\/script>\n<!-- \/ Yoast SEO Premium plugin. -->","yoast_head_json":{"title":"At\u00e9 quando usar o trocador de beb\u00ea?","description":"Confira dicas de como e at\u00e9 quando usar o trocador de beb\u00ea, al\u00e9m de produtos necess\u00e1rios para este momento especial para m\u00e3es e filhos.","robots":{"index":"index","follow":"follow","max-snippet":"max-snippet:-1","max-image-preview":"max-image-preview:large","max-video-preview":"max-video-preview:-1"},"canonical":"https:\/\/colinahomolog.com.br\/dev\/just-real-moms\/ate-quando-usar-o-trocador-de-bebe\/","og_locale":"pt_BR","og_type":"article","og_title":"At\u00e9 quando usar o trocador de beb\u00ea?","og_description":"Confira dicas de como e at\u00e9 quando usar o trocador de beb\u00ea, al\u00e9m de produtos necess\u00e1rios para este momento especial para m\u00e3es e filhos.","og_url":"https:\/\/colinahomolog.com.br\/dev\/just-real-moms\/ate-quando-usar-o-trocador-de-bebe\/","og_site_name":"Just Real Moms - Blog para M\u00e3es","article_publisher":"https:\/\/www.facebook.com\/JustRealMoms","article_published_time":"2015-10-23T16:57:01+00:00","article_modified_time":"2022-08-25T23:00:12+00:00","og_image":[{"url":"https:\/\/colinahomolog.com.br\/dev\/just-real-moms\/wp-content\/uploads\/2015\/10\/trocador-just_real_moms.jpg","width":1,"height":1,"type":"image\/jpeg"}],"author":"Juliana","twitter_misc":{"Escrito por":"Juliana","Est. tempo de leitura":"2 minutos"},"schema":{"@context":"https:\/\/schema.org","@graph":[{"@type":"WebPage","@id":"https:\/\/colinahomolog.com.br\/dev\/just-real-moms\/ate-quando-usar-o-trocador-de-bebe\/","url":"https:\/\/colinahomolog.com.br\/dev\/just-real-moms\/ate-quando-usar-o-trocador-de-bebe\/","name":"At\u00e9 quando usar o trocador de beb\u00ea?","isPartOf":{"@id":"https:\/\/colinahomolog.com.br\/dev\/just-real-moms\/#website"},"primaryImageOfPage":{"@id":"https:\/\/colinahomolog.com.br\/dev\/just-real-moms\/ate-quando-usar-o-trocador-de-bebe\/#primaryimage"},"image":{"@id":"https:\/\/colinahomolog.com.br\/dev\/just-real-moms\/ate-quando-usar-o-trocador-de-bebe\/#primaryimage"},"thumbnailUrl":"https:\/\/colinahomolog.com.br\/dev\/just-real-moms\/wp-content\/uploads\/2015\/10\/trocador-just_real_moms.jpg","datePublished":"2015-10-23T16:57:01+00:00","dateModified":"2022-08-25T23:00:12+00:00","author":{"@id":"https:\/\/colinahomolog.com.br\/dev\/just-real-moms\/#\/schema\/person\/8218aa957ba5a31e5f531f3b6561916a"},"description":"Confira dicas de como e at\u00e9 quando usar o trocador de beb\u00ea, al\u00e9m de produtos necess\u00e1rios para este momento especial para m\u00e3es e filhos.","breadcrumb":{"@id":"https:\/\/colinahomolog.com.br\/dev\/just-real-moms\/ate-quando-usar-o-trocador-de-bebe\/#breadcrumb"},"inLanguage":"pt-BR","potentialAction":[{"@type":"ReadAction","target":["https:\/\/colinahomolog.com.br\/dev\/just-real-moms\/ate-quando-usar-o-trocador-de-bebe\/"]}]},{"@type":"ImageObject","inLanguage":"pt-BR","@id":"https:\/\/colinahomolog.com.br\/dev\/just-real-moms\/ate-quando-usar-o-trocador-de-bebe\/#primaryimage","url":"https:\/\/colinahomolog.com.br\/dev\/just-real-moms\/wp-content\/uploads\/2015\/10\/trocador-just_real_moms.jpg","contentUrl":"https:\/\/colinahomolog.com.br\/dev\/just-real-moms\/wp-content\/uploads\/2015\/10\/trocador-just_real_moms.jpg","caption":"Trocador de fraldas"},{"@type":"BreadcrumbList","@id":"https:\/\/colinahomolog.com.br\/dev\/just-real-moms\/ate-quando-usar-o-trocador-de-bebe\/#breadcrumb","itemListElement":[{"@type":"ListItem","position":1,"name":"In\u00edcio","item":"https:\/\/colinahomolog.com.br\/dev\/just-real-moms\/"},{"@type":"ListItem","position":2,"name":"At\u00e9 quando usar o trocador de beb\u00ea?"}]},{"@type":"WebSite","@id":"https:\/\/colinahomolog.com.br\/dev\/just-real-moms\/#website","url":"https:\/\/colinahomolog.com.br\/dev\/just-real-moms\/","name":"Just Real Moms - Blog para M\u00e3es","description":"O melhor e mais completo portal para m\u00e3es, pais e futuros pais!","potentialAction":[{"@type":"SearchAction","target":{"@type":"EntryPoint","urlTemplate":"https:\/\/colinahomolog.com.br\/dev\/just-real-moms\/?s={search_term_string}"},"query-input":{"@type":"PropertyValueSpecification","valueRequired":true,"valueName":"search_term_string"}}],"inLanguage":"pt-BR"},{"@type":"Person","@id":"https:\/\/colinahomolog.com.br\/dev\/just-real-moms\/#\/schema\/person\/8218aa957ba5a31e5f531f3b6561916a","name":"Juliana","url":"https:\/\/colinahomolog.com.br\/dev\/just-real-moms\/author\/juliana\/"}]}},"_links":{"self":[{"href":"https:\/\/colinahomolog.com.br\/dev\/just-real-moms\/wp-json\/wp\/v2\/posts\/36145","targetHints":{"allow":["GET"]}}],"collection":[{"href":"https:\/\/colinahomolog.com.br\/dev\/just-real-moms\/wp-json\/wp\/v2\/posts"}],"about":[{"href":"https:\/\/colinahomolog.com.br\/dev\/just-real-moms\/wp-json\/wp\/v2\/types\/post"}],"author":[{"embeddable":true,"href":"https:\/\/colinahomolog.com.br\/dev\/just-real-moms\/wp-json\/wp\/v2\/users\/6"}],"replies":[{"embeddable":true,"href":"https:\/\/colinahomolog.com.br\/dev\/just-real-moms\/wp-json\/wp\/v2\/comments?post=36145"}],"version-history":[{"count":0,"href":"https:\/\/colinahomolog.com.br\/dev\/just-real-moms\/wp-json\/wp\/v2\/posts\/36145\/revisions"}],"wp:featuredmedia":[{"embeddable":true,"href":"https:\/\/colinahomolog.com.br\/dev\/just-real-moms\/wp-json\/wp\/v2\/media\/36146"}],"wp:attachment":[{"href":"https:\/\/colinahomolog.com.br\/dev\/just-real-moms\/wp-json\/wp\/v2\/media?parent=36145"}],"wp:term":[{"taxonomy":"category","embeddable":true,"href":"https:\/\/colinahomolog.com.br\/dev\/just-real-moms\/wp-json\/wp\/v2\/categories?post=36145"},{"taxonomy":"post_tag","embeddable":true,"href":"https:\/\/colinahomolog.com.br\/dev\/just-real-moms\/wp-json\/wp\/v2\/tags?post=36145"}],"curies":[{"name":"wp","href":"https:\/\/api.w.org\/{rel}","templated":true}]}}