{"id":36305,"date":"2015-10-30T08:35:22","date_gmt":"2015-10-30T10:35:22","guid":{"rendered":"https:\/\/colinahomolog.com.br\/dev\/just-real-moms\/?p=36305"},"modified":"2016-05-05T19:06:39","modified_gmt":"2016-05-05T22:06:39","slug":"programacao-especial-infantil-no-rio-de-janeiro-por-rio-kids","status":"publish","type":"post","link":"https:\/\/colinahomolog.com.br\/dev\/just-real-moms\/programacao-especial-infantil-no-rio-de-janeiro-por-rio-kids\/","title":{"rendered":"Programa\u00e7\u00e3o especial infantil no Rio de Janeiro &#8211; por Rio Kids"},"content":{"rendered":"<button class=\"simplefavorite-button preset\" data-postid=\"36305\" data-siteid=\"1\" data-groupid=\"1\" data-favoritecount=\"0\" style=\"box-shadow:none;-webkit-box-shadow:none;-moz-box-shadow:none;background-color:#68ccb4;border-color:#68ccb4;color:#ffffff;\"><i class=\"sf-icon-favorite\" style=\"\"><\/i>Favorite<\/button><p>&nbsp;<\/p>\n<p>Ol\u00e1, meninas!<\/p>\n<p>Tudo bem?<\/p>\n<p>N\u00f3s sabemos que esse final de semana ser\u00e1 prolongado, j\u00e1 que segunda-feira \u00e9 feriado. Isso nos d\u00e1 mais tempo para passar com os pequenos, o que \u00e9 maravilhoso! Pensando nisso, nossas colaboradoras do <a href=\"http:\/\/riokids.com.br\/\" target=\"_blank\">Rio Kids<\/a>\u00a0selecionaram uma <strong>programa\u00e7\u00e3o especial infantil no Rio de Janeiro<\/strong>, que os eles v\u00e3o amar!<\/p>\n<p>Confiram as dicas abaixo!<\/p>\n<p>&nbsp;<\/p>\n<p>___________________________________________________________________<\/p>\n<p>&nbsp;<\/p>\n<p><strong>\u00daltima edi\u00e7\u00e3o do \u2018Circuito Cultura na Pra\u00e7a\u2019 acontecer\u00e1 na Barra<\/strong><\/p>\n<p>O col\u00e9gio Mopi, em parceria com a Prefeitura do Rio de\u00a0Janeiro e com a Secretaria Municipal de Cultura, promover\u00e1 a \u00faltima edi\u00e7\u00e3o do \u2018Circuito Cultura na Pra\u00e7a\u2019, no pr\u00f3ximo s\u00e1bado, 31 de outubro, a partir das 9h. Sucesso nas edi\u00e7\u00f5es dos dias 12, 17 e 24 de outubro, a iniciativa vai promover atividades socioculturais na Pra\u00e7a do Pomar, localizada na Barra da Tijuca, Zona Oeste do Rio. Dentro das seis horas de programa\u00e7\u00e3o, h\u00e1 diversas oficinas e atividades voltadas ao p\u00fablico infantil, como apresenta\u00e7\u00e3o de m\u00fasicas, aulas de musicaliza\u00e7\u00e3o, shows de m\u00e1gica, aula de acrobacia e conta\u00e7\u00e3o de hist\u00f3rias.<\/p>\n<p>O evento tamb\u00e9m marca a ado\u00e7\u00e3o da Pra\u00e7a do Pomar que ganhar\u00e1 em breve um novo sistema de sinaliza\u00e7\u00e3o, consolidando a parceria com a Prefeitura e a Comlurb na conserva\u00e7\u00e3o da \u00e1rea. O apadrinhamento do espa\u00e7o dar\u00e1 continuidade a a\u00e7\u00f5es desenvolvidas pelo Mopi no local desde 2013, como a\u00e7\u00f5es de revitaliza\u00e7\u00e3o e manuten\u00e7\u00e3o dos banheiros e execu\u00e7\u00e3o de um novo projeto para o parquinho.<\/p>\n<p>&nbsp;<\/p>\n<p><img decoding=\"async\" class=\"aligncenter wp-image-36307 size-full\" src=\"https:\/\/colinahomolog.com.br\/dev\/just-real-moms\/wp-content\/uploads\/2015\/10\/programacao_especial_infantil_rio_de_janeiro_2-just_real_moms.jpg\" alt=\"Programa\u00e7\u00e3o especial infantil no Rio de Janeiro\" width=\"240\" height=\"180\" \/><\/p>\n<p>&nbsp;<\/p>\n<p><strong>Clubinho Via Parque<\/strong><\/p>\n<p>No m\u00eas das crian\u00e7as, o Via Parque Shopping traz uma extensa programa\u00e7\u00e3o para os pequenos comemorarem o Dia das Bruxas. As atra\u00e7\u00f5es ser\u00e3o realizadas aos s\u00e1bados e domingos, \u00e0s 17h, no 2\u00ba piso do mall.<\/p>\n<p>Em comemora\u00e7\u00e3o ao Dia das Bruxas, as crian\u00e7as aprender\u00e3o a decorar um balde de guloseimas. Os participantes da oficina v\u00e3o colar adere\u00e7os como aranha, caveiras e bruxas no baldinho que usar\u00e3o para recolher doces. Ap\u00f3s a atividade, uma divertida <strong>ca\u00e7a \u00e0s guloseimas<\/strong> com personagens promete animar a tarde. J\u00e1 no domingo, dia 1\u00ba de novembro, \u00e9 a vez do espet\u00e1culo <strong>\u201cUma Escola de Arrepiar\u201d<\/strong> entreter as crian\u00e7as. E para terminar o fim de semana, um super <strong>concurso de fantasias<\/strong>.<\/p>\n<p><u>Servi\u00e7o:<\/u><\/p>\n<p>Clubinho Via Parque<br \/>\nEndere\u00e7o: Avenida Ayrton Senna, 3.000 \u2013 Barra da Tijuca<br \/>\nHor\u00e1rio: 17h<br \/>\nLocal: 2\u00ba Piso (Em frente \u00e0 loja Ri Happy)<br \/>\nEvento Gratuito<br \/>\nMais informa\u00e7\u00f5es:\u00a0<a href=\"callto:(21)%202430-5100\" target=\"_blank\">(21) 2430-5100<\/a>\u00a0ou\u00a0<a href=\"http:\/\/www.viaparqueshopping.com.br\/\" target=\"_blank\">www.viaparqueshopping.com.br<\/a><\/p>\n<p>&nbsp;<\/p>\n<p><strong>Halloween no Lagoon<\/strong><\/p>\n<p>O Espa\u00e7o Infantil \u201cMeu Parquinho\u201d, no Lagoon, ter\u00e1 programa\u00e7\u00e3o especial para o Dia das Bruxas em fam\u00edlia, pois os adultos tamb\u00e9m est\u00e3o convidados a participar da festa: enquanto a crian\u00e7ada se diverte na \u00e1rea interna com uma programa\u00e7\u00e3o para l\u00e1 de animada, os pais e respons\u00e1veis relaxam e aproveitam um caf\u00e9 da manh\u00e3 especial. O evento conta com conta\u00e7\u00e3o de hist\u00f3rias de \u201cterror\u201d, desfile de fantasias, hora do lanchinho com a bruxa, oficinas e muito mais.<\/p>\n<p>Card\u00e1pio do caf\u00e9 da manh\u00e3: caf\u00e9, leite, sucos, mate, p\u00e3es variados doces e salgados, mini sandu\u00edches, manteiga, polenguinho, geleias, salada de frutas, frios, petit four, iogurte, granola, mel e bolo.<\/p>\n<p>Card\u00e1pio do lanchinho das crian\u00e7as: mini cachorro-quente, mini p\u00e3o de batata com requeij\u00e3o e peito de peru, mini cheeseburguer, mini pizza, p\u00e3o de queijo, pipoca, \u00e1gua, sucos (uva, caju e maracuj\u00e1) e leite achocolatado.<\/p>\n<p>O Lagoon fica na Lagoa.<\/p>\n<p>&nbsp;<\/p>\n<p><img fetchpriority=\"high\" decoding=\"async\" class=\"aligncenter wp-image-36308 size-medium\" src=\"https:\/\/colinahomolog.com.br\/dev\/just-real-moms\/wp-content\/uploads\/2015\/10\/programacao_especial_infantil_rio_de_janeiro_3-just_real_moms-400x227.jpg\" alt=\"Programa\u00e7\u00e3o especial infantil no Rio de Janeiro\" width=\"400\" height=\"227\" srcset=\"https:\/\/colinahomolog.com.br\/dev\/just-real-moms\/wp-content\/uploads\/2015\/10\/programacao_especial_infantil_rio_de_janeiro_3-just_real_moms-400x227.jpg 400w, https:\/\/colinahomolog.com.br\/dev\/just-real-moms\/wp-content\/uploads\/2015\/10\/programacao_especial_infantil_rio_de_janeiro_3-just_real_moms.jpg 600w\" sizes=\"(max-width: 400px) 100vw, 400px\" \/><\/p>\n<p>&nbsp;<\/p>\n<p><strong>Semana do Clima no Planet\u00e1rio<\/strong><\/p>\n<p>De\u00a030 de outubro e 6 de novembro a\u00a0Funda\u00e7\u00e3o Planet\u00e1rio\u00a0em parceria com\u00a0a Delega\u00e7\u00e3o da Uni\u00e3o Europeia no Brasil e do WWF-Brasil\u00a0apresentam o evento\u00a0\u201cMudan\u00e7as Clim\u00e1ticas, Somos Todos Respons\u00e1veis\u201d\u00a0com o objetivo de\u00a0discutir solu\u00e7\u00f5es e iniciativas para as quest\u00f5es relacionadas \u00e0s mudan\u00e7as clim\u00e1ticas.<\/p>\n<p>A programa\u00e7\u00e3o conta com palestras, workshops, filmes e exposi\u00e7\u00f5es, al\u00e9m de\u00a0atividades gratuitas para crian\u00e7as entre 4 e 10 anos como\u00a0planta\u00e7\u00e3o de hortas, conta\u00e7\u00e3o de hist\u00f3rias, filmes educativos e confec\u00e7\u00e3o de livros.<\/p>\n<p>O evento acontece no Planet\u00e1rio da G\u00e1vea, das 10h \u00e0s 17h.<\/p>\n<p>Para conferirem a programa\u00e7\u00e3o completa do evento, acessem: <a href=\"http:\/\/www.semanadoclima.org.br\" target=\"_blank\">www.semanadoclima.org.br<\/a><\/p>\n<p>&nbsp;<\/p>\n<p><img decoding=\"async\" class=\"aligncenter size-medium wp-image-36311\" src=\"https:\/\/colinahomolog.com.br\/dev\/just-real-moms\/wp-content\/uploads\/2015\/10\/programacao_especial_infantil_rio_de_janeiro-just_real_moms-400x266.jpg\" alt=\"Programa\u00e7\u00e3o especial infantil no Rio de Janeiro\" width=\"400\" height=\"266\" \/><\/p>\n<p>&nbsp;<\/p>\n<p><strong>O menino do Dedo Verde<\/strong><\/p>\n<p>O espet\u00e1culo \u201cO menino do Dedo Verde\u201d \u00e9 uma adapta\u00e7\u00e3o do livro hom\u00f4nimo de Maurice Druon, para teatro. Ele conta a hist\u00f3ria de um menino chamado Tistu que, definitivamente, n\u00e3o \u00e9 como todo mundo. Tistu tem a dif\u00edcil miss\u00e3o de desafiar as ideias pr\u00e9-concebidas da sua \u00e9poca \u2013 uma \u00e9poca conturbada pelas guerras, num mundo industrializado e movido pelo com\u00e9rcio.<\/p>\n<p>Filho \u00fanico de um brilhante fabricante de armas, pr\u00e9-alfabetizado em casa por sua m\u00e3e e vivendo numa bela e rica casa n\u00e3o se podia esperar tanta confus\u00e3o na vida dessa crian\u00e7a! Para come\u00e7ar, ele n\u00e3o consegue ficar na escola. Em seguida, tendo aulas com o jardineiro, descobre que tem o raro poder de fazer florescer em segundos qualquer semente em qualquer lugar \u2013 s\u00f3 com o toque de seus polegares! O melhor \u00e9 manter segredo\u2026<\/p>\n<p>Aprendendo que, para al\u00e9m de sua casa, h\u00e1 pres\u00eddios, favelas, doen\u00e7as e guerras, Tistu percebe que esses males estendem-se at\u00e9 sua casa, fam\u00edlia e amigos. Apesar de t\u00e3o jovem, ele sabe muito bem o que deve fazer e seus polegares n\u00e3o t\u00eam mais sossego, levando o poder de transforma\u00e7\u00e3o das flores a provocar as mais fant\u00e1sticas situa\u00e7\u00f5es!<\/p>\n<p>Em cartaz no Teatro Notre Dame, Ipanema, domingos, \u00e0s 17h.<\/p>\n<p>Temporada: At\u00e9 29 de novembro.<\/p>\n<p>&nbsp;<\/p>\n<p><img loading=\"lazy\" decoding=\"async\" class=\"aligncenter size-full wp-image-36309\" src=\"https:\/\/colinahomolog.com.br\/dev\/just-real-moms\/wp-content\/uploads\/2015\/10\/programacao_especial_infantil_rio_de_janeiro_4-just_real_moms.jpg\" alt=\"Programa\u00e7\u00e3o especial infantil no Rio de Janeiro\" width=\"300\" height=\"280\" \/><\/p>\n<p>&nbsp;<\/p>\n\n    <div class=\"xs_social_share_widget xs_share_url after_content \t\tmain_content  wslu-style-1 wslu-share-box-shaped wslu-fill-colored wslu-none wslu-share-horizontal wslu-theme-font-no wslu-main_content\">\n\n\t\t\n        <ul>\n\t\t\t        <\/ul>\n    <\/div> \n","protected":false},"excerpt":{"rendered":"<p>Favorite&nbsp; Ol\u00e1, meninas! Tudo bem? N\u00f3s sabemos que esse final de semana ser\u00e1 prolongado, j\u00e1 que segunda-feira \u00e9 feriado. Isso nos d\u00e1 mais tempo para passar com os pequenos, o que \u00e9 maravilhoso! Pensando nisso, nossas colaboradoras do Rio Kids\u00a0selecionaram uma programa\u00e7\u00e3o especial infantil no Rio de Janeiro, que os eles v\u00e3o amar! Confiram as [&hellip;]<\/p>\n","protected":false},"author":6,"featured_media":36311,"comment_status":"open","ping_status":"closed","sticky":false,"template":"","format":"standard","meta":{"_acf_changed":false,"footnotes":""},"categories":[29,33,1742,1824],"tags":[],"class_list":{"0":"post-36305","1":"post","2":"type-post","3":"status-publish","4":"format-standard","5":"has-post-thumbnail","7":"category-real-tips","8":"category-have-fun","9":"category-programacao","10":"category-programacao-rio-de-janeiro"},"acf":[],"yoast_head":"<!-- This site is optimized with the Yoast SEO Premium plugin v26.6 (Yoast SEO v26.6) - https:\/\/yoast.com\/wordpress\/plugins\/seo\/ -->\n<title>Programa\u00e7\u00e3o especial infantil no Rio de Janeiro - por Rio Kids<\/title>\n<meta name=\"description\" content=\"Quer uma programa\u00e7\u00e3o incr\u00edvel para fazer com seus filhos no final de semana do Halloween? Confira essa programa\u00e7\u00e3o especial infantil no Rio de Janeiro!\" \/>\n<meta name=\"robots\" content=\"index, follow, max-snippet:-1, max-image-preview:large, max-video-preview:-1\" \/>\n<link rel=\"canonical\" href=\"https:\/\/colinahomolog.com.br\/dev\/just-real-moms\/programacao-especial-infantil-no-rio-de-janeiro-por-rio-kids\/\" \/>\n<meta property=\"og:locale\" content=\"pt_BR\" \/>\n<meta property=\"og:type\" content=\"article\" \/>\n<meta property=\"og:title\" content=\"Programa\u00e7\u00e3o especial infantil no Rio de Janeiro - por Rio Kids\" \/>\n<meta property=\"og:description\" content=\"Quer uma programa\u00e7\u00e3o incr\u00edvel para fazer com seus filhos no final de semana do Halloween? Confira essa programa\u00e7\u00e3o especial infantil no Rio de Janeiro!\" \/>\n<meta property=\"og:url\" content=\"https:\/\/colinahomolog.com.br\/dev\/just-real-moms\/programacao-especial-infantil-no-rio-de-janeiro-por-rio-kids\/\" \/>\n<meta property=\"og:site_name\" content=\"Just Real Moms - Blog para M\u00e3es\" \/>\n<meta property=\"article:publisher\" content=\"https:\/\/www.facebook.com\/JustRealMoms\" \/>\n<meta property=\"article:published_time\" content=\"2015-10-30T10:35:22+00:00\" \/>\n<meta property=\"article:modified_time\" content=\"2016-05-05T22:06:39+00:00\" \/>\n<meta property=\"og:image\" content=\"https:\/\/colinahomolog.com.br\/dev\/just-real-moms\/wp-content\/uploads\/2015\/10\/programacao_especial_infantil_rio_de_janeiro-just_real_moms.jpg\" \/>\n\t<meta property=\"og:image:width\" content=\"1\" \/>\n\t<meta property=\"og:image:height\" content=\"1\" \/>\n\t<meta property=\"og:image:type\" content=\"image\/jpeg\" \/>\n<meta name=\"author\" content=\"Juliana\" \/>\n<meta name=\"twitter:label1\" content=\"Escrito por\" \/>\n\t<meta name=\"twitter:data1\" content=\"Juliana\" \/>\n\t<meta name=\"twitter:label2\" content=\"Est. tempo de leitura\" \/>\n\t<meta name=\"twitter:data2\" content=\"5 minutos\" \/>\n<script type=\"application\/ld+json\" class=\"yoast-schema-graph\">{\"@context\":\"https:\/\/schema.org\",\"@graph\":[{\"@type\":\"WebPage\",\"@id\":\"https:\/\/colinahomolog.com.br\/dev\/just-real-moms\/programacao-especial-infantil-no-rio-de-janeiro-por-rio-kids\/\",\"url\":\"https:\/\/colinahomolog.com.br\/dev\/just-real-moms\/programacao-especial-infantil-no-rio-de-janeiro-por-rio-kids\/\",\"name\":\"Programa\u00e7\u00e3o especial infantil no Rio de Janeiro - por Rio Kids\",\"isPartOf\":{\"@id\":\"https:\/\/colinahomolog.com.br\/dev\/just-real-moms\/#website\"},\"primaryImageOfPage\":{\"@id\":\"https:\/\/colinahomolog.com.br\/dev\/just-real-moms\/programacao-especial-infantil-no-rio-de-janeiro-por-rio-kids\/#primaryimage\"},\"image\":{\"@id\":\"https:\/\/colinahomolog.com.br\/dev\/just-real-moms\/programacao-especial-infantil-no-rio-de-janeiro-por-rio-kids\/#primaryimage\"},\"thumbnailUrl\":\"https:\/\/colinahomolog.com.br\/dev\/just-real-moms\/wp-content\/uploads\/2015\/10\/programacao_especial_infantil_rio_de_janeiro-just_real_moms.jpg\",\"datePublished\":\"2015-10-30T10:35:22+00:00\",\"dateModified\":\"2016-05-05T22:06:39+00:00\",\"author\":{\"@id\":\"https:\/\/colinahomolog.com.br\/dev\/just-real-moms\/#\/schema\/person\/8218aa957ba5a31e5f531f3b6561916a\"},\"description\":\"Quer uma programa\u00e7\u00e3o incr\u00edvel para fazer com seus filhos no final de semana do Halloween? Confira essa programa\u00e7\u00e3o especial infantil no Rio de Janeiro!\",\"breadcrumb\":{\"@id\":\"https:\/\/colinahomolog.com.br\/dev\/just-real-moms\/programacao-especial-infantil-no-rio-de-janeiro-por-rio-kids\/#breadcrumb\"},\"inLanguage\":\"pt-BR\",\"potentialAction\":[{\"@type\":\"ReadAction\",\"target\":[\"https:\/\/colinahomolog.com.br\/dev\/just-real-moms\/programacao-especial-infantil-no-rio-de-janeiro-por-rio-kids\/\"]}]},{\"@type\":\"ImageObject\",\"inLanguage\":\"pt-BR\",\"@id\":\"https:\/\/colinahomolog.com.br\/dev\/just-real-moms\/programacao-especial-infantil-no-rio-de-janeiro-por-rio-kids\/#primaryimage\",\"url\":\"https:\/\/colinahomolog.com.br\/dev\/just-real-moms\/wp-content\/uploads\/2015\/10\/programacao_especial_infantil_rio_de_janeiro-just_real_moms.jpg\",\"contentUrl\":\"https:\/\/colinahomolog.com.br\/dev\/just-real-moms\/wp-content\/uploads\/2015\/10\/programacao_especial_infantil_rio_de_janeiro-just_real_moms.jpg\",\"caption\":\"Programa\u00e7\u00e3o especial infantil no Rio de Janeiro\"},{\"@type\":\"BreadcrumbList\",\"@id\":\"https:\/\/colinahomolog.com.br\/dev\/just-real-moms\/programacao-especial-infantil-no-rio-de-janeiro-por-rio-kids\/#breadcrumb\",\"itemListElement\":[{\"@type\":\"ListItem\",\"position\":1,\"name\":\"In\u00edcio\",\"item\":\"https:\/\/colinahomolog.com.br\/dev\/just-real-moms\/\"},{\"@type\":\"ListItem\",\"position\":2,\"name\":\"Programa\u00e7\u00e3o especial infantil no Rio de Janeiro &#8211; por Rio Kids\"}]},{\"@type\":\"WebSite\",\"@id\":\"https:\/\/colinahomolog.com.br\/dev\/just-real-moms\/#website\",\"url\":\"https:\/\/colinahomolog.com.br\/dev\/just-real-moms\/\",\"name\":\"Just Real Moms - Blog para M\u00e3es\",\"description\":\"O melhor e mais completo portal para m\u00e3es, pais e futuros pais!\",\"potentialAction\":[{\"@type\":\"SearchAction\",\"target\":{\"@type\":\"EntryPoint\",\"urlTemplate\":\"https:\/\/colinahomolog.com.br\/dev\/just-real-moms\/?s={search_term_string}\"},\"query-input\":{\"@type\":\"PropertyValueSpecification\",\"valueRequired\":true,\"valueName\":\"search_term_string\"}}],\"inLanguage\":\"pt-BR\"},{\"@type\":\"Person\",\"@id\":\"https:\/\/colinahomolog.com.br\/dev\/just-real-moms\/#\/schema\/person\/8218aa957ba5a31e5f531f3b6561916a\",\"name\":\"Juliana\",\"url\":\"https:\/\/colinahomolog.com.br\/dev\/just-real-moms\/author\/juliana\/\"}]}<\/script>\n<!-- \/ Yoast SEO Premium plugin. -->","yoast_head_json":{"title":"Programa\u00e7\u00e3o especial infantil no Rio de Janeiro - por Rio Kids","description":"Quer uma programa\u00e7\u00e3o incr\u00edvel para fazer com seus filhos no final de semana do Halloween? Confira essa programa\u00e7\u00e3o especial infantil no Rio de Janeiro!","robots":{"index":"index","follow":"follow","max-snippet":"max-snippet:-1","max-image-preview":"max-image-preview:large","max-video-preview":"max-video-preview:-1"},"canonical":"https:\/\/colinahomolog.com.br\/dev\/just-real-moms\/programacao-especial-infantil-no-rio-de-janeiro-por-rio-kids\/","og_locale":"pt_BR","og_type":"article","og_title":"Programa\u00e7\u00e3o especial infantil no Rio de Janeiro - por Rio Kids","og_description":"Quer uma programa\u00e7\u00e3o incr\u00edvel para fazer com seus filhos no final de semana do Halloween? Confira essa programa\u00e7\u00e3o especial infantil no Rio de Janeiro!","og_url":"https:\/\/colinahomolog.com.br\/dev\/just-real-moms\/programacao-especial-infantil-no-rio-de-janeiro-por-rio-kids\/","og_site_name":"Just Real Moms - Blog para M\u00e3es","article_publisher":"https:\/\/www.facebook.com\/JustRealMoms","article_published_time":"2015-10-30T10:35:22+00:00","article_modified_time":"2016-05-05T22:06:39+00:00","og_image":[{"url":"https:\/\/colinahomolog.com.br\/dev\/just-real-moms\/wp-content\/uploads\/2015\/10\/programacao_especial_infantil_rio_de_janeiro-just_real_moms.jpg","width":1,"height":1,"type":"image\/jpeg"}],"author":"Juliana","twitter_misc":{"Escrito por":"Juliana","Est. tempo de leitura":"5 minutos"},"schema":{"@context":"https:\/\/schema.org","@graph":[{"@type":"WebPage","@id":"https:\/\/colinahomolog.com.br\/dev\/just-real-moms\/programacao-especial-infantil-no-rio-de-janeiro-por-rio-kids\/","url":"https:\/\/colinahomolog.com.br\/dev\/just-real-moms\/programacao-especial-infantil-no-rio-de-janeiro-por-rio-kids\/","name":"Programa\u00e7\u00e3o especial infantil no Rio de Janeiro - por Rio Kids","isPartOf":{"@id":"https:\/\/colinahomolog.com.br\/dev\/just-real-moms\/#website"},"primaryImageOfPage":{"@id":"https:\/\/colinahomolog.com.br\/dev\/just-real-moms\/programacao-especial-infantil-no-rio-de-janeiro-por-rio-kids\/#primaryimage"},"image":{"@id":"https:\/\/colinahomolog.com.br\/dev\/just-real-moms\/programacao-especial-infantil-no-rio-de-janeiro-por-rio-kids\/#primaryimage"},"thumbnailUrl":"https:\/\/colinahomolog.com.br\/dev\/just-real-moms\/wp-content\/uploads\/2015\/10\/programacao_especial_infantil_rio_de_janeiro-just_real_moms.jpg","datePublished":"2015-10-30T10:35:22+00:00","dateModified":"2016-05-05T22:06:39+00:00","author":{"@id":"https:\/\/colinahomolog.com.br\/dev\/just-real-moms\/#\/schema\/person\/8218aa957ba5a31e5f531f3b6561916a"},"description":"Quer uma programa\u00e7\u00e3o incr\u00edvel para fazer com seus filhos no final de semana do Halloween? Confira essa programa\u00e7\u00e3o especial infantil no Rio de Janeiro!","breadcrumb":{"@id":"https:\/\/colinahomolog.com.br\/dev\/just-real-moms\/programacao-especial-infantil-no-rio-de-janeiro-por-rio-kids\/#breadcrumb"},"inLanguage":"pt-BR","potentialAction":[{"@type":"ReadAction","target":["https:\/\/colinahomolog.com.br\/dev\/just-real-moms\/programacao-especial-infantil-no-rio-de-janeiro-por-rio-kids\/"]}]},{"@type":"ImageObject","inLanguage":"pt-BR","@id":"https:\/\/colinahomolog.com.br\/dev\/just-real-moms\/programacao-especial-infantil-no-rio-de-janeiro-por-rio-kids\/#primaryimage","url":"https:\/\/colinahomolog.com.br\/dev\/just-real-moms\/wp-content\/uploads\/2015\/10\/programacao_especial_infantil_rio_de_janeiro-just_real_moms.jpg","contentUrl":"https:\/\/colinahomolog.com.br\/dev\/just-real-moms\/wp-content\/uploads\/2015\/10\/programacao_especial_infantil_rio_de_janeiro-just_real_moms.jpg","caption":"Programa\u00e7\u00e3o especial infantil no Rio de Janeiro"},{"@type":"BreadcrumbList","@id":"https:\/\/colinahomolog.com.br\/dev\/just-real-moms\/programacao-especial-infantil-no-rio-de-janeiro-por-rio-kids\/#breadcrumb","itemListElement":[{"@type":"ListItem","position":1,"name":"In\u00edcio","item":"https:\/\/colinahomolog.com.br\/dev\/just-real-moms\/"},{"@type":"ListItem","position":2,"name":"Programa\u00e7\u00e3o especial infantil no Rio de Janeiro &#8211; por Rio Kids"}]},{"@type":"WebSite","@id":"https:\/\/colinahomolog.com.br\/dev\/just-real-moms\/#website","url":"https:\/\/colinahomolog.com.br\/dev\/just-real-moms\/","name":"Just Real Moms - Blog para M\u00e3es","description":"O melhor e mais completo portal para m\u00e3es, pais e futuros pais!","potentialAction":[{"@type":"SearchAction","target":{"@type":"EntryPoint","urlTemplate":"https:\/\/colinahomolog.com.br\/dev\/just-real-moms\/?s={search_term_string}"},"query-input":{"@type":"PropertyValueSpecification","valueRequired":true,"valueName":"search_term_string"}}],"inLanguage":"pt-BR"},{"@type":"Person","@id":"https:\/\/colinahomolog.com.br\/dev\/just-real-moms\/#\/schema\/person\/8218aa957ba5a31e5f531f3b6561916a","name":"Juliana","url":"https:\/\/colinahomolog.com.br\/dev\/just-real-moms\/author\/juliana\/"}]}},"_links":{"self":[{"href":"https:\/\/colinahomolog.com.br\/dev\/just-real-moms\/wp-json\/wp\/v2\/posts\/36305","targetHints":{"allow":["GET"]}}],"collection":[{"href":"https:\/\/colinahomolog.com.br\/dev\/just-real-moms\/wp-json\/wp\/v2\/posts"}],"about":[{"href":"https:\/\/colinahomolog.com.br\/dev\/just-real-moms\/wp-json\/wp\/v2\/types\/post"}],"author":[{"embeddable":true,"href":"https:\/\/colinahomolog.com.br\/dev\/just-real-moms\/wp-json\/wp\/v2\/users\/6"}],"replies":[{"embeddable":true,"href":"https:\/\/colinahomolog.com.br\/dev\/just-real-moms\/wp-json\/wp\/v2\/comments?post=36305"}],"version-history":[{"count":0,"href":"https:\/\/colinahomolog.com.br\/dev\/just-real-moms\/wp-json\/wp\/v2\/posts\/36305\/revisions"}],"wp:featuredmedia":[{"embeddable":true,"href":"https:\/\/colinahomolog.com.br\/dev\/just-real-moms\/wp-json\/wp\/v2\/media\/36311"}],"wp:attachment":[{"href":"https:\/\/colinahomolog.com.br\/dev\/just-real-moms\/wp-json\/wp\/v2\/media?parent=36305"}],"wp:term":[{"taxonomy":"category","embeddable":true,"href":"https:\/\/colinahomolog.com.br\/dev\/just-real-moms\/wp-json\/wp\/v2\/categories?post=36305"},{"taxonomy":"post_tag","embeddable":true,"href":"https:\/\/colinahomolog.com.br\/dev\/just-real-moms\/wp-json\/wp\/v2\/tags?post=36305"}],"curies":[{"name":"wp","href":"https:\/\/api.w.org\/{rel}","templated":true}]}}