{"id":37249,"date":"2015-12-18T12:00:35","date_gmt":"2015-12-18T14:00:35","guid":{"rendered":"https:\/\/colinahomolog.com.br\/dev\/just-real-moms\/?p=37249"},"modified":"2016-05-05T19:06:39","modified_gmt":"2016-05-05T22:06:39","slug":"como-preparar-a-casa-para-evitar-os-mosquitos-no-verao","status":"publish","type":"post","link":"https:\/\/colinahomolog.com.br\/dev\/just-real-moms\/como-preparar-a-casa-para-evitar-os-mosquitos-no-verao\/","title":{"rendered":"Como preparar a casa para evitar os mosquitos no ver\u00e3o!"},"content":{"rendered":"<button class=\"simplefavorite-button preset\" data-postid=\"37249\" data-siteid=\"1\" data-groupid=\"1\" data-favoritecount=\"0\" style=\"box-shadow:none;-webkit-box-shadow:none;-moz-box-shadow:none;background-color:#68ccb4;border-color:#68ccb4;color:#ffffff;\"><i class=\"sf-icon-favorite\" style=\"\"><\/i>Favorite<\/button><p>&nbsp;<\/p>\n<p>Ol\u00e1, meninas!<\/p>\n<p>Tudo bem?<\/p>\n<p>Voc\u00eas j\u00e1 viram nos notici\u00e1rios que nos \u00faltimos dias um surto muito s\u00e9rio est\u00e1 assustando parte da popula\u00e7\u00e3o brasileira, principalmente na regi\u00e3o nordeste do pa\u00eds. Os casos de microcefalia, que s\u00e3o aqueles onde o beb\u00ea nasce com m\u00e1 forma\u00e7\u00e3o do c\u00e9rebro, j\u00e1 que a massa encef\u00e1lica \u00e9 menor do que o normal, subiram de modo preocupante. J\u00e1 s\u00e3o mais de 1700\u00a0casos suspeitos registrados em 2015, sendo que em 2014 foram registrados por volta de 140. O Minist\u00e9rio da Sa\u00fade j\u00e1 confirmou que o Zika v\u00edrus est\u00e1 causando o surto. Esse v\u00edrus \u00e9 transmitido principalmente pelo mosquito da dengue. \u00c9 justamente no ver\u00e3o que os mosquitos se proliferam e, por isso, precisamos de alguns cuidados.<\/p>\n<p>A preven\u00e7\u00e3o contra o mosquito da dengue \u00e9 algo que deve ser levado muito a s\u00e9rio, independentemente da esta\u00e7\u00e3o do ano. Sempre devemos lembrar que \u00e9 importante checar em casa se existe \u00e1gua acumulada em locais como pneus, vasos, caixas d\u00b4\u00e1gua etc. \u00c9 nesses locais onde o mosquito deixa seus ovos.<\/p>\n<p>Al\u00e9m dos mosquitos da dengue, temos os mosquitos \u201cnormais\u201d, que tamb\u00e9m costumam vir mais na \u00e9poca do ver\u00e3o e no per\u00edodo da noite. Eles n\u00e3o s\u00f3 atrapalham meu sono e dos meus filhos, mas tamb\u00e9m picam bastante. N\u00e3o temos nenhuma alergia, mas as picadas incomodam bastante por conta da coceira. Por isso, tomo alguns cuidados em casa:<\/p>\n<p><strong>Janelas fechadas e telas<\/strong><\/p>\n<p>Quando chega no fim da tarde, tenho o costume de fechar as janelas (se n\u00e3o estiver muito calor). Isso faz muita diferen\u00e7a na entrada de mosquitos. Tamb\u00e9m tenho aquelas telas anti-mosquito em todas as janelas, o que ajuda bastante. J\u00e1 que estamos com temperaturas mais elevadas, nessa \u00e9poca do ano tamb\u00e9m ligo o ventilador no quarto dos pequenos, isso faz com que n\u00e3o venham tantos mosquitos.<\/p>\n<p><strong>Evitar \u00e1gua parada<\/strong><\/p>\n<p>As larvas do mosquito s\u00e3o incubadas em locais com presen\u00e7a de \u00e1gua parada. Ainda n\u00e3o existe uma vacina para prevenir a doen\u00e7a, por isso a elimina\u00e7\u00e3o desses criadouros \u00e9 t\u00e3o importante. S\u00e3o medidas simples, como evitar deixar \u00e1gua parada em vasos de plantas e pneus velhos, por exemplo.<\/p>\n<p><strong>Mosqueteiro<\/strong><\/p>\n<p>Se seu filho dorme em ber\u00e7o, o mosqueteiro pode ser uma \u00f3tima sa\u00edda.<\/p>\n<p><strong>Repelente el\u00e9trico<\/strong><\/p>\n<p>Outra dica que descobri recentemente e que funciona muito bem \u00e9 o repelente el\u00e9trico! Comprei um da Raid, o Raid El\u00e9trico L\u00edquido Advanced e estou gostando bastante. \u00c9 bem f\u00e1cil de usar, porque \u00e9 s\u00f3 colocar na tomada e pronto. J\u00e1 coloquei no meu quarto, no das crian\u00e7as e na sala. Achei que esse \u00e9 bem eficaz, tanto que meus filhos n\u00e3o reclamam mais de pernilongos durante a noite. Outro ponto positivo desse repelente el\u00e9trico \u00e9 que ele pode funcionar automaticamente, ent\u00e3o d\u00e1 para ajustar por 8, 12 e 24 horas. Ele \u00e9 um produto um pouco mais caro, mas vale muito o pre\u00e7o, j\u00e1 que ele dura at\u00e9 45 noites (quando usado 8 horas por noite na intensidade baixa). E como o ver\u00e3o est\u00e1 quase a\u00ed, a intensidade dele \u00e9 ajust\u00e1vel \u2013 o que ajuda bastante nessa \u00e9poca, j\u00e1 que a quantidade de mosquitos \u00e9 bem maior. O Raid El\u00e9trico L\u00edquido tem uma a\u00e7\u00e3o bem r\u00e1pida, ent\u00e3o os mosquitos (inclusive os da dengue e do Z\u00edka v\u00edrus) v\u00e3o embora logo!<\/p>\n<p>&nbsp;<\/p>\n<p><img fetchpriority=\"high\" decoding=\"async\" class=\"aligncenter size-full wp-image-37251\" src=\"https:\/\/colinahomolog.com.br\/dev\/just-real-moms\/wp-content\/uploads\/2015\/12\/Captura-de-Tela-2015-12-17-\u00e0s-22.21.54.png\" alt=\"Captura de Tela 2015-12-17 \u00e0s 22.21.54\" width=\"458\" height=\"458\" srcset=\"https:\/\/colinahomolog.com.br\/dev\/just-real-moms\/wp-content\/uploads\/2015\/12\/Captura-de-Tela-2015-12-17-\u00e0s-22.21.54.png 458w, https:\/\/colinahomolog.com.br\/dev\/just-real-moms\/wp-content\/uploads\/2015\/12\/Captura-de-Tela-2015-12-17-\u00e0s-22.21.54-400x400.png 400w\" sizes=\"(max-width: 458px) 100vw, 458px\" \/><\/p>\n<p>&nbsp;<\/p>\n<p>Esperamos que tenham gostado das dicas e que elas sejam bastante \u00fateis!<\/p>\n<p>Beijos!<\/p>\n<p>&nbsp;<\/p>\n\n    <div class=\"xs_social_share_widget xs_share_url after_content \t\tmain_content  wslu-style-1 wslu-share-box-shaped wslu-fill-colored wslu-none wslu-share-horizontal wslu-theme-font-no wslu-main_content\">\n\n\t\t\n        <ul>\n\t\t\t        <\/ul>\n    <\/div> \n","protected":false},"excerpt":{"rendered":"<p>Favorite&nbsp; Ol\u00e1, meninas! Tudo bem? Voc\u00eas j\u00e1 viram nos notici\u00e1rios que nos \u00faltimos dias um surto muito s\u00e9rio est\u00e1 assustando parte da popula\u00e7\u00e3o brasileira, principalmente na regi\u00e3o nordeste do pa\u00eds. Os casos de microcefalia, que s\u00e3o aqueles onde o beb\u00ea nasce com m\u00e1 forma\u00e7\u00e3o do c\u00e9rebro, j\u00e1 que a massa encef\u00e1lica \u00e9 menor do que [&hellip;]<\/p>\n","protected":false},"author":6,"featured_media":37251,"comment_status":"open","ping_status":"closed","sticky":false,"template":"","format":"standard","meta":{"_acf_changed":false,"footnotes":""},"categories":[29,1764,596],"tags":[],"class_list":{"0":"post-37249","1":"post","2":"type-post","3":"status-publish","4":"format-standard","5":"has-post-thumbnail","7":"category-real-tips","8":"category-produtos-diferentes","9":"category-publipost"},"acf":[],"yoast_head":"<!-- This site is optimized with the Yoast SEO Premium plugin v26.6 (Yoast SEO v26.6) - https:\/\/yoast.com\/wordpress\/plugins\/seo\/ -->\n<title>Como preparar a casa para evitar os mosquitos no ver\u00e3o!<\/title>\n<meta name=\"robots\" content=\"index, follow, max-snippet:-1, max-image-preview:large, max-video-preview:-1\" \/>\n<link rel=\"canonical\" href=\"https:\/\/colinahomolog.com.br\/dev\/just-real-moms\/como-preparar-a-casa-para-evitar-os-mosquitos-no-verao\/\" \/>\n<meta property=\"og:locale\" content=\"pt_BR\" \/>\n<meta property=\"og:type\" content=\"article\" \/>\n<meta property=\"og:title\" content=\"Como preparar a casa para evitar os mosquitos no ver\u00e3o!\" \/>\n<meta property=\"og:description\" content=\"Favorite&nbsp; Ol\u00e1, meninas! Tudo bem? Voc\u00eas j\u00e1 viram nos notici\u00e1rios que nos \u00faltimos dias um surto muito s\u00e9rio est\u00e1 assustando parte da popula\u00e7\u00e3o brasileira, principalmente na regi\u00e3o nordeste do pa\u00eds. Os casos de microcefalia, que s\u00e3o aqueles onde o beb\u00ea nasce com m\u00e1 forma\u00e7\u00e3o do c\u00e9rebro, j\u00e1 que a massa encef\u00e1lica \u00e9 menor do que [&hellip;]\" \/>\n<meta property=\"og:url\" content=\"https:\/\/colinahomolog.com.br\/dev\/just-real-moms\/como-preparar-a-casa-para-evitar-os-mosquitos-no-verao\/\" \/>\n<meta property=\"og:site_name\" content=\"Just Real Moms - Blog para M\u00e3es\" \/>\n<meta property=\"article:publisher\" content=\"https:\/\/www.facebook.com\/JustRealMoms\" \/>\n<meta property=\"article:published_time\" content=\"2015-12-18T14:00:35+00:00\" \/>\n<meta property=\"article:modified_time\" content=\"2016-05-05T22:06:39+00:00\" \/>\n<meta property=\"og:image\" content=\"https:\/\/colinahomolog.com.br\/dev\/just-real-moms\/wp-content\/uploads\/2015\/12\/Captura-de-Tela-2015-12-17-\u00e0s-22.21.54.png\" \/>\n\t<meta property=\"og:image:width\" content=\"458\" \/>\n\t<meta property=\"og:image:height\" content=\"458\" \/>\n\t<meta property=\"og:image:type\" content=\"image\/png\" \/>\n<meta name=\"author\" content=\"Juliana\" \/>\n<meta name=\"twitter:label1\" content=\"Escrito por\" \/>\n\t<meta name=\"twitter:data1\" content=\"Juliana\" \/>\n\t<meta name=\"twitter:label2\" content=\"Est. tempo de leitura\" \/>\n\t<meta name=\"twitter:data2\" content=\"3 minutos\" \/>\n<script type=\"application\/ld+json\" class=\"yoast-schema-graph\">{\"@context\":\"https:\/\/schema.org\",\"@graph\":[{\"@type\":\"WebPage\",\"@id\":\"https:\/\/colinahomolog.com.br\/dev\/just-real-moms\/como-preparar-a-casa-para-evitar-os-mosquitos-no-verao\/\",\"url\":\"https:\/\/colinahomolog.com.br\/dev\/just-real-moms\/como-preparar-a-casa-para-evitar-os-mosquitos-no-verao\/\",\"name\":\"Como preparar a casa para evitar os mosquitos no ver\u00e3o!\",\"isPartOf\":{\"@id\":\"https:\/\/colinahomolog.com.br\/dev\/just-real-moms\/#website\"},\"primaryImageOfPage\":{\"@id\":\"https:\/\/colinahomolog.com.br\/dev\/just-real-moms\/como-preparar-a-casa-para-evitar-os-mosquitos-no-verao\/#primaryimage\"},\"image\":{\"@id\":\"https:\/\/colinahomolog.com.br\/dev\/just-real-moms\/como-preparar-a-casa-para-evitar-os-mosquitos-no-verao\/#primaryimage\"},\"thumbnailUrl\":\"https:\/\/colinahomolog.com.br\/dev\/just-real-moms\/wp-content\/uploads\/2015\/12\/Captura-de-Tela-2015-12-17-\u00e0s-22.21.54.png\",\"datePublished\":\"2015-12-18T14:00:35+00:00\",\"dateModified\":\"2016-05-05T22:06:39+00:00\",\"author\":{\"@id\":\"https:\/\/colinahomolog.com.br\/dev\/just-real-moms\/#\/schema\/person\/8218aa957ba5a31e5f531f3b6561916a\"},\"breadcrumb\":{\"@id\":\"https:\/\/colinahomolog.com.br\/dev\/just-real-moms\/como-preparar-a-casa-para-evitar-os-mosquitos-no-verao\/#breadcrumb\"},\"inLanguage\":\"pt-BR\",\"potentialAction\":[{\"@type\":\"ReadAction\",\"target\":[\"https:\/\/colinahomolog.com.br\/dev\/just-real-moms\/como-preparar-a-casa-para-evitar-os-mosquitos-no-verao\/\"]}]},{\"@type\":\"ImageObject\",\"inLanguage\":\"pt-BR\",\"@id\":\"https:\/\/colinahomolog.com.br\/dev\/just-real-moms\/como-preparar-a-casa-para-evitar-os-mosquitos-no-verao\/#primaryimage\",\"url\":\"https:\/\/colinahomolog.com.br\/dev\/just-real-moms\/wp-content\/uploads\/2015\/12\/Captura-de-Tela-2015-12-17-\u00e0s-22.21.54.png\",\"contentUrl\":\"https:\/\/colinahomolog.com.br\/dev\/just-real-moms\/wp-content\/uploads\/2015\/12\/Captura-de-Tela-2015-12-17-\u00e0s-22.21.54.png\",\"width\":458,\"height\":458},{\"@type\":\"BreadcrumbList\",\"@id\":\"https:\/\/colinahomolog.com.br\/dev\/just-real-moms\/como-preparar-a-casa-para-evitar-os-mosquitos-no-verao\/#breadcrumb\",\"itemListElement\":[{\"@type\":\"ListItem\",\"position\":1,\"name\":\"In\u00edcio\",\"item\":\"https:\/\/colinahomolog.com.br\/dev\/just-real-moms\/\"},{\"@type\":\"ListItem\",\"position\":2,\"name\":\"Como preparar a casa para evitar os mosquitos no ver\u00e3o!\"}]},{\"@type\":\"WebSite\",\"@id\":\"https:\/\/colinahomolog.com.br\/dev\/just-real-moms\/#website\",\"url\":\"https:\/\/colinahomolog.com.br\/dev\/just-real-moms\/\",\"name\":\"Just Real Moms - Blog para M\u00e3es\",\"description\":\"O melhor e mais completo portal para m\u00e3es, pais e futuros pais!\",\"potentialAction\":[{\"@type\":\"SearchAction\",\"target\":{\"@type\":\"EntryPoint\",\"urlTemplate\":\"https:\/\/colinahomolog.com.br\/dev\/just-real-moms\/?s={search_term_string}\"},\"query-input\":{\"@type\":\"PropertyValueSpecification\",\"valueRequired\":true,\"valueName\":\"search_term_string\"}}],\"inLanguage\":\"pt-BR\"},{\"@type\":\"Person\",\"@id\":\"https:\/\/colinahomolog.com.br\/dev\/just-real-moms\/#\/schema\/person\/8218aa957ba5a31e5f531f3b6561916a\",\"name\":\"Juliana\",\"url\":\"https:\/\/colinahomolog.com.br\/dev\/just-real-moms\/author\/juliana\/\"}]}<\/script>\n<!-- \/ Yoast SEO Premium plugin. -->","yoast_head_json":{"title":"Como preparar a casa para evitar os mosquitos no ver\u00e3o!","robots":{"index":"index","follow":"follow","max-snippet":"max-snippet:-1","max-image-preview":"max-image-preview:large","max-video-preview":"max-video-preview:-1"},"canonical":"https:\/\/colinahomolog.com.br\/dev\/just-real-moms\/como-preparar-a-casa-para-evitar-os-mosquitos-no-verao\/","og_locale":"pt_BR","og_type":"article","og_title":"Como preparar a casa para evitar os mosquitos no ver\u00e3o!","og_description":"Favorite&nbsp; Ol\u00e1, meninas! Tudo bem? Voc\u00eas j\u00e1 viram nos notici\u00e1rios que nos \u00faltimos dias um surto muito s\u00e9rio est\u00e1 assustando parte da popula\u00e7\u00e3o brasileira, principalmente na regi\u00e3o nordeste do pa\u00eds. Os casos de microcefalia, que s\u00e3o aqueles onde o beb\u00ea nasce com m\u00e1 forma\u00e7\u00e3o do c\u00e9rebro, j\u00e1 que a massa encef\u00e1lica \u00e9 menor do que [&hellip;]","og_url":"https:\/\/colinahomolog.com.br\/dev\/just-real-moms\/como-preparar-a-casa-para-evitar-os-mosquitos-no-verao\/","og_site_name":"Just Real Moms - Blog para M\u00e3es","article_publisher":"https:\/\/www.facebook.com\/JustRealMoms","article_published_time":"2015-12-18T14:00:35+00:00","article_modified_time":"2016-05-05T22:06:39+00:00","og_image":[{"width":458,"height":458,"url":"https:\/\/colinahomolog.com.br\/dev\/just-real-moms\/wp-content\/uploads\/2015\/12\/Captura-de-Tela-2015-12-17-\u00e0s-22.21.54.png","type":"image\/png"}],"author":"Juliana","twitter_misc":{"Escrito por":"Juliana","Est. tempo de leitura":"3 minutos"},"schema":{"@context":"https:\/\/schema.org","@graph":[{"@type":"WebPage","@id":"https:\/\/colinahomolog.com.br\/dev\/just-real-moms\/como-preparar-a-casa-para-evitar-os-mosquitos-no-verao\/","url":"https:\/\/colinahomolog.com.br\/dev\/just-real-moms\/como-preparar-a-casa-para-evitar-os-mosquitos-no-verao\/","name":"Como preparar a casa para evitar os mosquitos no ver\u00e3o!","isPartOf":{"@id":"https:\/\/colinahomolog.com.br\/dev\/just-real-moms\/#website"},"primaryImageOfPage":{"@id":"https:\/\/colinahomolog.com.br\/dev\/just-real-moms\/como-preparar-a-casa-para-evitar-os-mosquitos-no-verao\/#primaryimage"},"image":{"@id":"https:\/\/colinahomolog.com.br\/dev\/just-real-moms\/como-preparar-a-casa-para-evitar-os-mosquitos-no-verao\/#primaryimage"},"thumbnailUrl":"https:\/\/colinahomolog.com.br\/dev\/just-real-moms\/wp-content\/uploads\/2015\/12\/Captura-de-Tela-2015-12-17-\u00e0s-22.21.54.png","datePublished":"2015-12-18T14:00:35+00:00","dateModified":"2016-05-05T22:06:39+00:00","author":{"@id":"https:\/\/colinahomolog.com.br\/dev\/just-real-moms\/#\/schema\/person\/8218aa957ba5a31e5f531f3b6561916a"},"breadcrumb":{"@id":"https:\/\/colinahomolog.com.br\/dev\/just-real-moms\/como-preparar-a-casa-para-evitar-os-mosquitos-no-verao\/#breadcrumb"},"inLanguage":"pt-BR","potentialAction":[{"@type":"ReadAction","target":["https:\/\/colinahomolog.com.br\/dev\/just-real-moms\/como-preparar-a-casa-para-evitar-os-mosquitos-no-verao\/"]}]},{"@type":"ImageObject","inLanguage":"pt-BR","@id":"https:\/\/colinahomolog.com.br\/dev\/just-real-moms\/como-preparar-a-casa-para-evitar-os-mosquitos-no-verao\/#primaryimage","url":"https:\/\/colinahomolog.com.br\/dev\/just-real-moms\/wp-content\/uploads\/2015\/12\/Captura-de-Tela-2015-12-17-\u00e0s-22.21.54.png","contentUrl":"https:\/\/colinahomolog.com.br\/dev\/just-real-moms\/wp-content\/uploads\/2015\/12\/Captura-de-Tela-2015-12-17-\u00e0s-22.21.54.png","width":458,"height":458},{"@type":"BreadcrumbList","@id":"https:\/\/colinahomolog.com.br\/dev\/just-real-moms\/como-preparar-a-casa-para-evitar-os-mosquitos-no-verao\/#breadcrumb","itemListElement":[{"@type":"ListItem","position":1,"name":"In\u00edcio","item":"https:\/\/colinahomolog.com.br\/dev\/just-real-moms\/"},{"@type":"ListItem","position":2,"name":"Como preparar a casa para evitar os mosquitos no ver\u00e3o!"}]},{"@type":"WebSite","@id":"https:\/\/colinahomolog.com.br\/dev\/just-real-moms\/#website","url":"https:\/\/colinahomolog.com.br\/dev\/just-real-moms\/","name":"Just Real Moms - Blog para M\u00e3es","description":"O melhor e mais completo portal para m\u00e3es, pais e futuros pais!","potentialAction":[{"@type":"SearchAction","target":{"@type":"EntryPoint","urlTemplate":"https:\/\/colinahomolog.com.br\/dev\/just-real-moms\/?s={search_term_string}"},"query-input":{"@type":"PropertyValueSpecification","valueRequired":true,"valueName":"search_term_string"}}],"inLanguage":"pt-BR"},{"@type":"Person","@id":"https:\/\/colinahomolog.com.br\/dev\/just-real-moms\/#\/schema\/person\/8218aa957ba5a31e5f531f3b6561916a","name":"Juliana","url":"https:\/\/colinahomolog.com.br\/dev\/just-real-moms\/author\/juliana\/"}]}},"_links":{"self":[{"href":"https:\/\/colinahomolog.com.br\/dev\/just-real-moms\/wp-json\/wp\/v2\/posts\/37249","targetHints":{"allow":["GET"]}}],"collection":[{"href":"https:\/\/colinahomolog.com.br\/dev\/just-real-moms\/wp-json\/wp\/v2\/posts"}],"about":[{"href":"https:\/\/colinahomolog.com.br\/dev\/just-real-moms\/wp-json\/wp\/v2\/types\/post"}],"author":[{"embeddable":true,"href":"https:\/\/colinahomolog.com.br\/dev\/just-real-moms\/wp-json\/wp\/v2\/users\/6"}],"replies":[{"embeddable":true,"href":"https:\/\/colinahomolog.com.br\/dev\/just-real-moms\/wp-json\/wp\/v2\/comments?post=37249"}],"version-history":[{"count":0,"href":"https:\/\/colinahomolog.com.br\/dev\/just-real-moms\/wp-json\/wp\/v2\/posts\/37249\/revisions"}],"wp:featuredmedia":[{"embeddable":true,"href":"https:\/\/colinahomolog.com.br\/dev\/just-real-moms\/wp-json\/wp\/v2\/media\/37251"}],"wp:attachment":[{"href":"https:\/\/colinahomolog.com.br\/dev\/just-real-moms\/wp-json\/wp\/v2\/media?parent=37249"}],"wp:term":[{"taxonomy":"category","embeddable":true,"href":"https:\/\/colinahomolog.com.br\/dev\/just-real-moms\/wp-json\/wp\/v2\/categories?post=37249"},{"taxonomy":"post_tag","embeddable":true,"href":"https:\/\/colinahomolog.com.br\/dev\/just-real-moms\/wp-json\/wp\/v2\/tags?post=37249"}],"curies":[{"name":"wp","href":"https:\/\/api.w.org\/{rel}","templated":true}]}}