{"id":37444,"date":"2016-01-08T08:30:47","date_gmt":"2016-01-08T10:30:47","guid":{"rendered":"https:\/\/colinahomolog.com.br\/dev\/just-real-moms\/?p=37444"},"modified":"2016-05-05T19:06:39","modified_gmt":"2016-05-05T22:06:39","slug":"ferias-em-sao-paulo-com-as-criancas-por-bora-ai","status":"publish","type":"post","link":"https:\/\/colinahomolog.com.br\/dev\/just-real-moms\/ferias-em-sao-paulo-com-as-criancas-por-bora-ai\/","title":{"rendered":"F\u00e9rias em S\u00e3o Paulo com as crian\u00e7as! &#8211; por bora.a\u00ed"},"content":{"rendered":"<button class=\"simplefavorite-button preset\" data-postid=\"37444\" data-siteid=\"1\" data-groupid=\"1\" data-favoritecount=\"0\" style=\"box-shadow:none;-webkit-box-shadow:none;-moz-box-shadow:none;background-color:#68ccb4;border-color:#68ccb4;color:#ffffff;\"><i class=\"sf-icon-favorite\" style=\"\"><\/i>Favorite<\/button><p>&nbsp;<\/p>\n<p>Ol\u00e1, meninas!<\/p>\n<p>Tudo bem?<\/p>\n<p>Esses dias de ver\u00e3o est\u00e3o incr\u00edveis para sair e se divertir com as crian\u00e7as! Pensando nisso, o bora.a\u00ed separou super indica\u00e7\u00f5es de como aproveitar as <strong>f\u00e9rias em S\u00e3o Paulo com as crian\u00e7as!\u00a0<\/strong>Eles selecionaram uma programa\u00e7\u00e3o super interessante, adorei as dicas!<\/p>\n<p>O que voc\u00eas acham? Confiram a lista e anotem em suas agendas!<\/p>\n<p>&nbsp;<\/p>\n<p>____________________________________________________________________________________________________<\/p>\n<p>&nbsp;<\/p>\n<p>Tr\u00eas teatros oferecem programa\u00e7\u00e3o de f\u00e9rias para a crian\u00e7ada, com apresenta\u00e7\u00f5es infantis diariamente ao longo deste m\u00eas. Consultem a programa\u00e7\u00e3o do <a href=\"http:\/\/bora.ai\/passeios\/ferias-no-teatro-umc\">Teatro UMC<\/a>, na Vila Leopoldina, <a href=\"http:\/\/bora.ai\/passeios\/teatro-nas-ferias\">Teatro Viradalata<\/a>, em Perdizes, e <a href=\"http:\/\/bora.ai\/passeios\/festival-de-ferias-espetaculos-diarios\">Teatro Folha<\/a>, em Higien\u00f3polis.<\/p>\n<p>&nbsp;<\/p>\n<p><img fetchpriority=\"high\" decoding=\"async\" class=\"aligncenter wp-image-37445\" src=\"https:\/\/colinahomolog.com.br\/dev\/just-real-moms\/wp-content\/uploads\/2016\/01\/ferias_em_sao_paulo_com_as_criancas-just_real_moms.png\" alt=\"F\u00e9rias em S\u00e3o Paulo com as crian\u00e7as!\" width=\"500\" height=\"352\" srcset=\"https:\/\/colinahomolog.com.br\/dev\/just-real-moms\/wp-content\/uploads\/2016\/01\/ferias_em_sao_paulo_com_as_criancas-just_real_moms.png 480w, https:\/\/colinahomolog.com.br\/dev\/just-real-moms\/wp-content\/uploads\/2016\/01\/ferias_em_sao_paulo_com_as_criancas-just_real_moms-400x282.png 400w\" sizes=\"(max-width: 500px) 100vw, 500px\" \/><\/p>\n<p>&nbsp;<\/p>\n<p>Estreou esta semana a nova anima\u00e7\u00e3o da Disney-Pixar, <a href=\"http:\/\/bora.ai\/passeios\/o-bom-dinossauro\">O Bom Dinossauro<\/a>. Levar as crian\u00e7as ao cinema \u00e9 sempre um \u00f3timo programa!<\/p>\n<p>&nbsp;<\/p>\n<p><img decoding=\"async\" class=\"aligncenter wp-image-37446\" src=\"https:\/\/colinahomolog.com.br\/dev\/just-real-moms\/wp-content\/uploads\/2016\/01\/ferias_em_sao_paulo_com_as_criancas_2-just_real_moms.png.jpg\" alt=\"Estreou esta semana a nova anima\u00e7\u00e3o da Disney-Pixar, O Bom Dinossauro. Levar as crian\u00e7as ao cinema \u00e9 sempre um \u00f3timo programa!\" width=\"500\" height=\"260\" srcset=\"https:\/\/colinahomolog.com.br\/dev\/just-real-moms\/wp-content\/uploads\/2016\/01\/ferias_em_sao_paulo_com_as_criancas_2-just_real_moms.png.jpg 646w, https:\/\/colinahomolog.com.br\/dev\/just-real-moms\/wp-content\/uploads\/2016\/01\/ferias_em_sao_paulo_com_as_criancas_2-just_real_moms.png-400x208.jpg 400w\" sizes=\"(max-width: 500px) 100vw, 500px\" \/><\/p>\n<p>&nbsp;<\/p>\n<p>Uma dica de restaurante com espa\u00e7o kids que est\u00e1 fazendo o maior sucesso \u00e9 o <a href=\"http:\/\/bora.ai\/passeios\/lanafranca\">L\u00e1nafranca<\/a> que como o pr\u00f3prio nome diz, fica na Alameda Franca, nos Jardins.<\/p>\n<p>&nbsp;<\/p>\n<p><img decoding=\"async\" class=\"aligncenter wp-image-37447\" src=\"https:\/\/colinahomolog.com.br\/dev\/just-real-moms\/wp-content\/uploads\/2016\/01\/ferias_em_sao_paulo_com_as_criancas_3-just_real_moms.png.jpg\" alt=\"F\u00e9rias em S\u00e3o Paulo com as crian\u00e7as!\" width=\"500\" height=\"273\" srcset=\"https:\/\/colinahomolog.com.br\/dev\/just-real-moms\/wp-content\/uploads\/2016\/01\/ferias_em_sao_paulo_com_as_criancas_3-just_real_moms.png.jpg 932w, https:\/\/colinahomolog.com.br\/dev\/just-real-moms\/wp-content\/uploads\/2016\/01\/ferias_em_sao_paulo_com_as_criancas_3-just_real_moms.png-400x218.jpg 400w, https:\/\/colinahomolog.com.br\/dev\/just-real-moms\/wp-content\/uploads\/2016\/01\/ferias_em_sao_paulo_com_as_criancas_3-just_real_moms.png-768x419.jpg 768w, https:\/\/colinahomolog.com.br\/dev\/just-real-moms\/wp-content\/uploads\/2016\/01\/ferias_em_sao_paulo_com_as_criancas_3-just_real_moms.png-820x448.jpg 820w\" sizes=\"(max-width: 500px) 100vw, 500px\" \/><\/p>\n<p>&nbsp;<\/p>\n<p>Para consultarem a agenda completa de eventos infantis em S\u00e3o Paulo, acessem o <a href=\"http:\/\/bora.ai\">bora.ai<\/a>.<\/p>\n<p><a href=\"http:\/\/http:\/\/bora.ai\/\" rel=\"attachment wp-att-37448\"><img loading=\"lazy\" decoding=\"async\" class=\"alignleft wp-image-37448 size-medium\" src=\"https:\/\/colinahomolog.com.br\/dev\/just-real-moms\/wp-content\/uploads\/2016\/01\/bora-ai-400x80.jpg\" alt=\"bora ai\" width=\"400\" height=\"80\" srcset=\"https:\/\/colinahomolog.com.br\/dev\/just-real-moms\/wp-content\/uploads\/2016\/01\/bora-ai-400x80.jpg 400w, https:\/\/colinahomolog.com.br\/dev\/just-real-moms\/wp-content\/uploads\/2016\/01\/bora-ai.jpg 700w\" sizes=\"(max-width: 400px) 100vw, 400px\" \/><\/a><\/p>\n<p>&nbsp;<\/p>\n\n    <div class=\"xs_social_share_widget xs_share_url after_content \t\tmain_content  wslu-style-1 wslu-share-box-shaped wslu-fill-colored wslu-none wslu-share-horizontal wslu-theme-font-no wslu-main_content\">\n\n\t\t\n        <ul>\n\t\t\t        <\/ul>\n    <\/div> \n","protected":false},"excerpt":{"rendered":"<p>Favorite&nbsp; Ol\u00e1, meninas! Tudo bem? Esses dias de ver\u00e3o est\u00e3o incr\u00edveis para sair e se divertir com as crian\u00e7as! Pensando nisso, o bora.a\u00ed separou super indica\u00e7\u00f5es de como aproveitar as f\u00e9rias em S\u00e3o Paulo com as crian\u00e7as!\u00a0Eles selecionaram uma programa\u00e7\u00e3o super interessante, adorei as dicas! O que voc\u00eas acham? Confiram a lista e anotem em [&hellip;]<\/p>\n","protected":false},"author":6,"featured_media":37446,"comment_status":"open","ping_status":"closed","sticky":false,"template":"","format":"standard","meta":{"_acf_changed":false,"footnotes":""},"categories":[33,1742,1823],"tags":[],"class_list":{"0":"post-37444","1":"post","2":"type-post","3":"status-publish","4":"format-standard","5":"has-post-thumbnail","7":"category-have-fun","8":"category-programacao","9":"category-programacao-sao-paulo"},"acf":[],"yoast_head":"<!-- This site is optimized with the Yoast SEO Premium plugin v26.6 (Yoast SEO v26.6) - https:\/\/yoast.com\/wordpress\/plugins\/seo\/ -->\n<title>F\u00e9rias em S\u00e3o Paulo com as crian\u00e7as! - por bora.a\u00ed<\/title>\n<meta name=\"description\" content=\"Que tal conferir programas super legais para passar as f\u00e9rias em S\u00e3o Paulo com as crian\u00e7as?\" \/>\n<meta name=\"robots\" content=\"index, follow, max-snippet:-1, max-image-preview:large, max-video-preview:-1\" \/>\n<link rel=\"canonical\" href=\"https:\/\/colinahomolog.com.br\/dev\/just-real-moms\/ferias-em-sao-paulo-com-as-criancas-por-bora-ai\/\" \/>\n<meta property=\"og:locale\" content=\"pt_BR\" \/>\n<meta property=\"og:type\" content=\"article\" \/>\n<meta property=\"og:title\" content=\"F\u00e9rias em S\u00e3o Paulo com as crian\u00e7as! - por bora.a\u00ed\" \/>\n<meta property=\"og:description\" content=\"Que tal conferir programas super legais para passar as f\u00e9rias em S\u00e3o Paulo com as crian\u00e7as?\" \/>\n<meta property=\"og:url\" content=\"https:\/\/colinahomolog.com.br\/dev\/just-real-moms\/ferias-em-sao-paulo-com-as-criancas-por-bora-ai\/\" \/>\n<meta property=\"og:site_name\" content=\"Just Real Moms - Blog para M\u00e3es\" \/>\n<meta property=\"article:publisher\" content=\"https:\/\/www.facebook.com\/JustRealMoms\" \/>\n<meta property=\"article:published_time\" content=\"2016-01-08T10:30:47+00:00\" \/>\n<meta property=\"article:modified_time\" content=\"2016-05-05T22:06:39+00:00\" \/>\n<meta property=\"og:image\" content=\"https:\/\/colinahomolog.com.br\/dev\/just-real-moms\/wp-content\/uploads\/2016\/01\/ferias_em_sao_paulo_com_as_criancas_2-just_real_moms.png.jpg\" \/>\n\t<meta property=\"og:image:width\" content=\"646\" \/>\n\t<meta property=\"og:image:height\" content=\"336\" \/>\n\t<meta property=\"og:image:type\" content=\"image\/jpeg\" \/>\n<meta name=\"author\" content=\"Juliana\" \/>\n<meta name=\"twitter:label1\" content=\"Escrito por\" \/>\n\t<meta name=\"twitter:data1\" content=\"Juliana\" \/>\n\t<meta name=\"twitter:label2\" content=\"Est. tempo de leitura\" \/>\n\t<meta name=\"twitter:data2\" content=\"1 minuto\" \/>\n<script type=\"application\/ld+json\" class=\"yoast-schema-graph\">{\"@context\":\"https:\/\/schema.org\",\"@graph\":[{\"@type\":\"WebPage\",\"@id\":\"https:\/\/colinahomolog.com.br\/dev\/just-real-moms\/ferias-em-sao-paulo-com-as-criancas-por-bora-ai\/\",\"url\":\"https:\/\/colinahomolog.com.br\/dev\/just-real-moms\/ferias-em-sao-paulo-com-as-criancas-por-bora-ai\/\",\"name\":\"F\u00e9rias em S\u00e3o Paulo com as crian\u00e7as! - por bora.a\u00ed\",\"isPartOf\":{\"@id\":\"https:\/\/colinahomolog.com.br\/dev\/just-real-moms\/#website\"},\"primaryImageOfPage\":{\"@id\":\"https:\/\/colinahomolog.com.br\/dev\/just-real-moms\/ferias-em-sao-paulo-com-as-criancas-por-bora-ai\/#primaryimage\"},\"image\":{\"@id\":\"https:\/\/colinahomolog.com.br\/dev\/just-real-moms\/ferias-em-sao-paulo-com-as-criancas-por-bora-ai\/#primaryimage\"},\"thumbnailUrl\":\"https:\/\/colinahomolog.com.br\/dev\/just-real-moms\/wp-content\/uploads\/2016\/01\/ferias_em_sao_paulo_com_as_criancas_2-just_real_moms.png.jpg\",\"datePublished\":\"2016-01-08T10:30:47+00:00\",\"dateModified\":\"2016-05-05T22:06:39+00:00\",\"author\":{\"@id\":\"https:\/\/colinahomolog.com.br\/dev\/just-real-moms\/#\/schema\/person\/8218aa957ba5a31e5f531f3b6561916a\"},\"description\":\"Que tal conferir programas super legais para passar as f\u00e9rias em S\u00e3o Paulo com as crian\u00e7as?\",\"breadcrumb\":{\"@id\":\"https:\/\/colinahomolog.com.br\/dev\/just-real-moms\/ferias-em-sao-paulo-com-as-criancas-por-bora-ai\/#breadcrumb\"},\"inLanguage\":\"pt-BR\",\"potentialAction\":[{\"@type\":\"ReadAction\",\"target\":[\"https:\/\/colinahomolog.com.br\/dev\/just-real-moms\/ferias-em-sao-paulo-com-as-criancas-por-bora-ai\/\"]}]},{\"@type\":\"ImageObject\",\"inLanguage\":\"pt-BR\",\"@id\":\"https:\/\/colinahomolog.com.br\/dev\/just-real-moms\/ferias-em-sao-paulo-com-as-criancas-por-bora-ai\/#primaryimage\",\"url\":\"https:\/\/colinahomolog.com.br\/dev\/just-real-moms\/wp-content\/uploads\/2016\/01\/ferias_em_sao_paulo_com_as_criancas_2-just_real_moms.png.jpg\",\"contentUrl\":\"https:\/\/colinahomolog.com.br\/dev\/just-real-moms\/wp-content\/uploads\/2016\/01\/ferias_em_sao_paulo_com_as_criancas_2-just_real_moms.png.jpg\",\"width\":646,\"height\":336,\"caption\":\"F\u00e9rias em S\u00e3o Paulo com as crian\u00e7as!\"},{\"@type\":\"BreadcrumbList\",\"@id\":\"https:\/\/colinahomolog.com.br\/dev\/just-real-moms\/ferias-em-sao-paulo-com-as-criancas-por-bora-ai\/#breadcrumb\",\"itemListElement\":[{\"@type\":\"ListItem\",\"position\":1,\"name\":\"In\u00edcio\",\"item\":\"https:\/\/colinahomolog.com.br\/dev\/just-real-moms\/\"},{\"@type\":\"ListItem\",\"position\":2,\"name\":\"F\u00e9rias em S\u00e3o Paulo com as crian\u00e7as! &#8211; por bora.a\u00ed\"}]},{\"@type\":\"WebSite\",\"@id\":\"https:\/\/colinahomolog.com.br\/dev\/just-real-moms\/#website\",\"url\":\"https:\/\/colinahomolog.com.br\/dev\/just-real-moms\/\",\"name\":\"Just Real Moms - Blog para M\u00e3es\",\"description\":\"O melhor e mais completo portal para m\u00e3es, pais e futuros pais!\",\"potentialAction\":[{\"@type\":\"SearchAction\",\"target\":{\"@type\":\"EntryPoint\",\"urlTemplate\":\"https:\/\/colinahomolog.com.br\/dev\/just-real-moms\/?s={search_term_string}\"},\"query-input\":{\"@type\":\"PropertyValueSpecification\",\"valueRequired\":true,\"valueName\":\"search_term_string\"}}],\"inLanguage\":\"pt-BR\"},{\"@type\":\"Person\",\"@id\":\"https:\/\/colinahomolog.com.br\/dev\/just-real-moms\/#\/schema\/person\/8218aa957ba5a31e5f531f3b6561916a\",\"name\":\"Juliana\",\"url\":\"https:\/\/colinahomolog.com.br\/dev\/just-real-moms\/author\/juliana\/\"}]}<\/script>\n<!-- \/ Yoast SEO Premium plugin. -->","yoast_head_json":{"title":"F\u00e9rias em S\u00e3o Paulo com as crian\u00e7as! - por bora.a\u00ed","description":"Que tal conferir programas super legais para passar as f\u00e9rias em S\u00e3o Paulo com as crian\u00e7as?","robots":{"index":"index","follow":"follow","max-snippet":"max-snippet:-1","max-image-preview":"max-image-preview:large","max-video-preview":"max-video-preview:-1"},"canonical":"https:\/\/colinahomolog.com.br\/dev\/just-real-moms\/ferias-em-sao-paulo-com-as-criancas-por-bora-ai\/","og_locale":"pt_BR","og_type":"article","og_title":"F\u00e9rias em S\u00e3o Paulo com as crian\u00e7as! - por bora.a\u00ed","og_description":"Que tal conferir programas super legais para passar as f\u00e9rias em S\u00e3o Paulo com as crian\u00e7as?","og_url":"https:\/\/colinahomolog.com.br\/dev\/just-real-moms\/ferias-em-sao-paulo-com-as-criancas-por-bora-ai\/","og_site_name":"Just Real Moms - Blog para M\u00e3es","article_publisher":"https:\/\/www.facebook.com\/JustRealMoms","article_published_time":"2016-01-08T10:30:47+00:00","article_modified_time":"2016-05-05T22:06:39+00:00","og_image":[{"width":646,"height":336,"url":"https:\/\/colinahomolog.com.br\/dev\/just-real-moms\/wp-content\/uploads\/2016\/01\/ferias_em_sao_paulo_com_as_criancas_2-just_real_moms.png.jpg","type":"image\/jpeg"}],"author":"Juliana","twitter_misc":{"Escrito por":"Juliana","Est. tempo de leitura":"1 minuto"},"schema":{"@context":"https:\/\/schema.org","@graph":[{"@type":"WebPage","@id":"https:\/\/colinahomolog.com.br\/dev\/just-real-moms\/ferias-em-sao-paulo-com-as-criancas-por-bora-ai\/","url":"https:\/\/colinahomolog.com.br\/dev\/just-real-moms\/ferias-em-sao-paulo-com-as-criancas-por-bora-ai\/","name":"F\u00e9rias em S\u00e3o Paulo com as crian\u00e7as! - por bora.a\u00ed","isPartOf":{"@id":"https:\/\/colinahomolog.com.br\/dev\/just-real-moms\/#website"},"primaryImageOfPage":{"@id":"https:\/\/colinahomolog.com.br\/dev\/just-real-moms\/ferias-em-sao-paulo-com-as-criancas-por-bora-ai\/#primaryimage"},"image":{"@id":"https:\/\/colinahomolog.com.br\/dev\/just-real-moms\/ferias-em-sao-paulo-com-as-criancas-por-bora-ai\/#primaryimage"},"thumbnailUrl":"https:\/\/colinahomolog.com.br\/dev\/just-real-moms\/wp-content\/uploads\/2016\/01\/ferias_em_sao_paulo_com_as_criancas_2-just_real_moms.png.jpg","datePublished":"2016-01-08T10:30:47+00:00","dateModified":"2016-05-05T22:06:39+00:00","author":{"@id":"https:\/\/colinahomolog.com.br\/dev\/just-real-moms\/#\/schema\/person\/8218aa957ba5a31e5f531f3b6561916a"},"description":"Que tal conferir programas super legais para passar as f\u00e9rias em S\u00e3o Paulo com as crian\u00e7as?","breadcrumb":{"@id":"https:\/\/colinahomolog.com.br\/dev\/just-real-moms\/ferias-em-sao-paulo-com-as-criancas-por-bora-ai\/#breadcrumb"},"inLanguage":"pt-BR","potentialAction":[{"@type":"ReadAction","target":["https:\/\/colinahomolog.com.br\/dev\/just-real-moms\/ferias-em-sao-paulo-com-as-criancas-por-bora-ai\/"]}]},{"@type":"ImageObject","inLanguage":"pt-BR","@id":"https:\/\/colinahomolog.com.br\/dev\/just-real-moms\/ferias-em-sao-paulo-com-as-criancas-por-bora-ai\/#primaryimage","url":"https:\/\/colinahomolog.com.br\/dev\/just-real-moms\/wp-content\/uploads\/2016\/01\/ferias_em_sao_paulo_com_as_criancas_2-just_real_moms.png.jpg","contentUrl":"https:\/\/colinahomolog.com.br\/dev\/just-real-moms\/wp-content\/uploads\/2016\/01\/ferias_em_sao_paulo_com_as_criancas_2-just_real_moms.png.jpg","width":646,"height":336,"caption":"F\u00e9rias em S\u00e3o Paulo com as crian\u00e7as!"},{"@type":"BreadcrumbList","@id":"https:\/\/colinahomolog.com.br\/dev\/just-real-moms\/ferias-em-sao-paulo-com-as-criancas-por-bora-ai\/#breadcrumb","itemListElement":[{"@type":"ListItem","position":1,"name":"In\u00edcio","item":"https:\/\/colinahomolog.com.br\/dev\/just-real-moms\/"},{"@type":"ListItem","position":2,"name":"F\u00e9rias em S\u00e3o Paulo com as crian\u00e7as! &#8211; por bora.a\u00ed"}]},{"@type":"WebSite","@id":"https:\/\/colinahomolog.com.br\/dev\/just-real-moms\/#website","url":"https:\/\/colinahomolog.com.br\/dev\/just-real-moms\/","name":"Just Real Moms - Blog para M\u00e3es","description":"O melhor e mais completo portal para m\u00e3es, pais e futuros pais!","potentialAction":[{"@type":"SearchAction","target":{"@type":"EntryPoint","urlTemplate":"https:\/\/colinahomolog.com.br\/dev\/just-real-moms\/?s={search_term_string}"},"query-input":{"@type":"PropertyValueSpecification","valueRequired":true,"valueName":"search_term_string"}}],"inLanguage":"pt-BR"},{"@type":"Person","@id":"https:\/\/colinahomolog.com.br\/dev\/just-real-moms\/#\/schema\/person\/8218aa957ba5a31e5f531f3b6561916a","name":"Juliana","url":"https:\/\/colinahomolog.com.br\/dev\/just-real-moms\/author\/juliana\/"}]}},"_links":{"self":[{"href":"https:\/\/colinahomolog.com.br\/dev\/just-real-moms\/wp-json\/wp\/v2\/posts\/37444","targetHints":{"allow":["GET"]}}],"collection":[{"href":"https:\/\/colinahomolog.com.br\/dev\/just-real-moms\/wp-json\/wp\/v2\/posts"}],"about":[{"href":"https:\/\/colinahomolog.com.br\/dev\/just-real-moms\/wp-json\/wp\/v2\/types\/post"}],"author":[{"embeddable":true,"href":"https:\/\/colinahomolog.com.br\/dev\/just-real-moms\/wp-json\/wp\/v2\/users\/6"}],"replies":[{"embeddable":true,"href":"https:\/\/colinahomolog.com.br\/dev\/just-real-moms\/wp-json\/wp\/v2\/comments?post=37444"}],"version-history":[{"count":0,"href":"https:\/\/colinahomolog.com.br\/dev\/just-real-moms\/wp-json\/wp\/v2\/posts\/37444\/revisions"}],"wp:featuredmedia":[{"embeddable":true,"href":"https:\/\/colinahomolog.com.br\/dev\/just-real-moms\/wp-json\/wp\/v2\/media\/37446"}],"wp:attachment":[{"href":"https:\/\/colinahomolog.com.br\/dev\/just-real-moms\/wp-json\/wp\/v2\/media?parent=37444"}],"wp:term":[{"taxonomy":"category","embeddable":true,"href":"https:\/\/colinahomolog.com.br\/dev\/just-real-moms\/wp-json\/wp\/v2\/categories?post=37444"},{"taxonomy":"post_tag","embeddable":true,"href":"https:\/\/colinahomolog.com.br\/dev\/just-real-moms\/wp-json\/wp\/v2\/tags?post=37444"}],"curies":[{"name":"wp","href":"https:\/\/api.w.org\/{rel}","templated":true}]}}