{"id":37808,"date":"2016-02-05T08:30:26","date_gmt":"2016-02-05T10:30:26","guid":{"rendered":"https:\/\/colinahomolog.com.br\/dev\/just-real-moms\/?p=37808"},"modified":"2016-05-05T19:06:39","modified_gmt":"2016-05-05T22:06:39","slug":"o-que-fazer-com-as-criancas-nesse-fim-de-semana-em-sao-paulo-por-bora-ai","status":"publish","type":"post","link":"https:\/\/colinahomolog.com.br\/dev\/just-real-moms\/o-que-fazer-com-as-criancas-nesse-fim-de-semana-em-sao-paulo-por-bora-ai\/","title":{"rendered":"O que fazer com as crian\u00e7as nesse fim de semana em S\u00e3o Paulo &#8211; por bora.a\u00ed"},"content":{"rendered":"<button class=\"simplefavorite-button preset\" data-postid=\"37808\" data-siteid=\"1\" data-groupid=\"1\" data-favoritecount=\"0\" style=\"box-shadow:none;-webkit-box-shadow:none;-moz-box-shadow:none;background-color:#68ccb4;border-color:#68ccb4;color:#ffffff;\"><i class=\"sf-icon-favorite\" style=\"\"><\/i>Favorite<\/button><p>&nbsp;<\/p>\n<p>Oi, moms!<\/p>\n<p>Tudo bem?<\/p>\n<p>O Carnaval est\u00e1 a\u00ed e temos dicas bem legais de programa\u00e7\u00e3o! Para quem prefere fazer outros passeios, a <a href=\"http:\/\/bora.ai\/\" target=\"_blank\">bora.a\u00ed<\/a> traz dicas tamb\u00e9m!<\/p>\n<p>A agenda de S\u00e3o Paulo para os pequenos est\u00e1 bem legal, confiram!<\/p>\n<p>&nbsp;<br \/>\n___________________________________________________________________________________________________<\/p>\n<p>&nbsp;<\/p>\n<p>Se voc\u00ea vai passar os pr\u00f3ximos dias em S\u00e3o Paulo e gosta de Carnaval, pode come\u00e7ar a se preparar, pois n\u00e3o faltam op\u00e7\u00f5es de festas, bailes e atividades carnavalescas. Consulte o <a href=\"http:\/\/bora.ai\/oque\/carnaval\" target=\"_blank\">especial de carnaval do bora.ai<\/a> e programe-se!<\/p>\n<p>&nbsp;<\/p>\n<p><img fetchpriority=\"high\" decoding=\"async\" class=\"aligncenter wp-image-37809\" src=\"https:\/\/colinahomolog.com.br\/dev\/just-real-moms\/wp-content\/uploads\/2016\/02\/o_que_fazer_com_as_criancas_nesse_fim_de_semana_em_sao_paulo-just_real_moms.jpg\" alt=\"o_que_fazer_com_as_criancas_nesse_fim_de_semana_em_sao_paulo-just_real_moms\" width=\"600\" height=\"400\" srcset=\"https:\/\/colinahomolog.com.br\/dev\/just-real-moms\/wp-content\/uploads\/2016\/02\/o_que_fazer_com_as_criancas_nesse_fim_de_semana_em_sao_paulo-just_real_moms.jpg 640w, https:\/\/colinahomolog.com.br\/dev\/just-real-moms\/wp-content\/uploads\/2016\/02\/o_que_fazer_com_as_criancas_nesse_fim_de_semana_em_sao_paulo-just_real_moms-400x267.jpg 400w, https:\/\/colinahomolog.com.br\/dev\/just-real-moms\/wp-content\/uploads\/2016\/02\/o_que_fazer_com_as_criancas_nesse_fim_de_semana_em_sao_paulo-just_real_moms-225x150.jpg 225w\" sizes=\"(max-width: 600px) 100vw, 600px\" \/><\/p>\n<p>&nbsp;<\/p>\n<p>Mas se voc\u00ea n\u00e3o curte a folia, a dica \u00e9 aproveitar a tranquilidade da cidade para fazer aquele programa que voc\u00ea quer h\u00e1 meses, mas nunca tem tempo, como um passeio ao <a href=\"http:\/\/bora.ai\/passeios\/aquario-de-sao-pauo-veja-um-tubaraeo-de-pertinho\">Aqu\u00e1rio de S\u00e3o Paulo<\/a> ou ao <a href=\"http:\/\/bora.ai\/passeios\/kidzania-saeo-paulo-no-shopping-eldorado\">Kidzania<\/a>.<\/p>\n<p>&nbsp;<\/p>\n<p><img decoding=\"async\" class=\"aligncenter wp-image-37810\" src=\"https:\/\/colinahomolog.com.br\/dev\/just-real-moms\/wp-content\/uploads\/2016\/02\/o_que_fazer_com_as_criancas_nesse_fim_de_semana_em_sao_paulo_2-just_real_moms.jpg\" alt=\"o_que_fazer_com_as_criancas_nesse_fim_de_semana_em_sao_paulo_2-just_real_moms\" width=\"600\" height=\"337\" srcset=\"https:\/\/colinahomolog.com.br\/dev\/just-real-moms\/wp-content\/uploads\/2016\/02\/o_que_fazer_com_as_criancas_nesse_fim_de_semana_em_sao_paulo_2-just_real_moms.jpg 619w, https:\/\/colinahomolog.com.br\/dev\/just-real-moms\/wp-content\/uploads\/2016\/02\/o_que_fazer_com_as_criancas_nesse_fim_de_semana_em_sao_paulo_2-just_real_moms-400x225.jpg 400w\" sizes=\"(max-width: 600px) 100vw, 600px\" \/><\/p>\n<p>&nbsp;<\/p>\n<p>Alguns espet\u00e1culos ter\u00e3o sess\u00e3o extra no Carnaval, como <a href=\"http:\/\/bora.ai\/passeios\/viagem-ao-centro-da-terra\">Viagem ao Centro da Terra<\/a> no Sesc Pomp\u00e9ia e <a href=\"http:\/\/bora.ai\/passeios\/espetaculo-pedro-e-o-lobo\">Pedro e o Lobo<\/a> no Teatro Folha.<\/p>\n<p>&nbsp;<\/p>\n<p><img decoding=\"async\" class=\"aligncenter wp-image-37811\" src=\"https:\/\/colinahomolog.com.br\/dev\/just-real-moms\/wp-content\/uploads\/2016\/02\/o_que_fazer_com_as_criancas_nesse_fim_de_semana_em_sao_paulo_3-just_real_moms.jpg\" alt=\"o_que_fazer_com_as_criancas_nesse_fim_de_semana_em_sao_paulo_3-just_real_moms\" width=\"600\" height=\"328\" srcset=\"https:\/\/colinahomolog.com.br\/dev\/just-real-moms\/wp-content\/uploads\/2016\/02\/o_que_fazer_com_as_criancas_nesse_fim_de_semana_em_sao_paulo_3-just_real_moms.jpg 932w, https:\/\/colinahomolog.com.br\/dev\/just-real-moms\/wp-content\/uploads\/2016\/02\/o_que_fazer_com_as_criancas_nesse_fim_de_semana_em_sao_paulo_3-just_real_moms-400x218.jpg 400w, https:\/\/colinahomolog.com.br\/dev\/just-real-moms\/wp-content\/uploads\/2016\/02\/o_que_fazer_com_as_criancas_nesse_fim_de_semana_em_sao_paulo_3-just_real_moms-768x419.jpg 768w, https:\/\/colinahomolog.com.br\/dev\/just-real-moms\/wp-content\/uploads\/2016\/02\/o_que_fazer_com_as_criancas_nesse_fim_de_semana_em_sao_paulo_3-just_real_moms-820x448.jpg 820w\" sizes=\"(max-width: 600px) 100vw, 600px\" \/><\/p>\n<p>&nbsp;<\/p>\n<p>Acessem o <a href=\"http:\/\/www.bora.ai\">bora.ai<\/a> para saber tudo o que rola para crian\u00e7as em S\u00e3o Paulo.<\/p>\n<p>&nbsp;<\/p>\n\n    <div class=\"xs_social_share_widget xs_share_url after_content \t\tmain_content  wslu-style-1 wslu-share-box-shaped wslu-fill-colored wslu-none wslu-share-horizontal wslu-theme-font-no wslu-main_content\">\n\n\t\t\n        <ul>\n\t\t\t        <\/ul>\n    <\/div> \n","protected":false},"excerpt":{"rendered":"<p>Favorite&nbsp; Oi, moms! Tudo bem? O Carnaval est\u00e1 a\u00ed e temos dicas bem legais de programa\u00e7\u00e3o! Para quem prefere fazer outros passeios, a bora.a\u00ed traz dicas tamb\u00e9m! A agenda de S\u00e3o Paulo para os pequenos est\u00e1 bem legal, confiram! &nbsp; ___________________________________________________________________________________________________ &nbsp; Se voc\u00ea vai passar os pr\u00f3ximos dias em S\u00e3o Paulo e gosta de [&hellip;]<\/p>\n","protected":false},"author":6,"featured_media":37809,"comment_status":"open","ping_status":"closed","sticky":false,"template":"","format":"standard","meta":{"_acf_changed":false,"footnotes":""},"categories":[33,1742,1823],"tags":[],"class_list":{"0":"post-37808","1":"post","2":"type-post","3":"status-publish","4":"format-standard","5":"has-post-thumbnail","7":"category-have-fun","8":"category-programacao","9":"category-programacao-sao-paulo"},"acf":[],"yoast_head":"<!-- This site is optimized with the Yoast SEO Premium plugin v26.6 (Yoast SEO v26.6) - https:\/\/yoast.com\/wordpress\/plugins\/seo\/ -->\n<title>O que fazer com as crian\u00e7as nesse fim de semana em S\u00e3o Paulo - por bora.a\u00ed<\/title>\n<meta name=\"robots\" content=\"index, follow, max-snippet:-1, max-image-preview:large, max-video-preview:-1\" \/>\n<link rel=\"canonical\" href=\"https:\/\/colinahomolog.com.br\/dev\/just-real-moms\/o-que-fazer-com-as-criancas-nesse-fim-de-semana-em-sao-paulo-por-bora-ai\/\" \/>\n<meta property=\"og:locale\" content=\"pt_BR\" \/>\n<meta property=\"og:type\" content=\"article\" \/>\n<meta property=\"og:title\" content=\"O que fazer com as crian\u00e7as nesse fim de semana em S\u00e3o Paulo - por bora.a\u00ed\" \/>\n<meta property=\"og:description\" content=\"Favorite&nbsp; Oi, moms! Tudo bem? O Carnaval est\u00e1 a\u00ed e temos dicas bem legais de programa\u00e7\u00e3o! Para quem prefere fazer outros passeios, a bora.a\u00ed traz dicas tamb\u00e9m! A agenda de S\u00e3o Paulo para os pequenos est\u00e1 bem legal, confiram! &nbsp; ___________________________________________________________________________________________________ &nbsp; Se voc\u00ea vai passar os pr\u00f3ximos dias em S\u00e3o Paulo e gosta de [&hellip;]\" \/>\n<meta property=\"og:url\" content=\"https:\/\/colinahomolog.com.br\/dev\/just-real-moms\/o-que-fazer-com-as-criancas-nesse-fim-de-semana-em-sao-paulo-por-bora-ai\/\" \/>\n<meta property=\"og:site_name\" content=\"Just Real Moms - Blog para M\u00e3es\" \/>\n<meta property=\"article:publisher\" content=\"https:\/\/www.facebook.com\/JustRealMoms\" \/>\n<meta property=\"article:published_time\" content=\"2016-02-05T10:30:26+00:00\" \/>\n<meta property=\"article:modified_time\" content=\"2016-05-05T22:06:39+00:00\" \/>\n<meta property=\"og:image\" content=\"https:\/\/colinahomolog.com.br\/dev\/just-real-moms\/wp-content\/uploads\/2016\/02\/o_que_fazer_com_as_criancas_nesse_fim_de_semana_em_sao_paulo-just_real_moms.jpg\" \/>\n\t<meta property=\"og:image:width\" content=\"640\" \/>\n\t<meta property=\"og:image:height\" content=\"427\" \/>\n\t<meta property=\"og:image:type\" content=\"image\/jpeg\" \/>\n<meta name=\"author\" content=\"Juliana\" \/>\n<meta name=\"twitter:label1\" content=\"Escrito por\" \/>\n\t<meta name=\"twitter:data1\" content=\"Juliana\" \/>\n\t<meta name=\"twitter:label2\" content=\"Est. tempo de leitura\" \/>\n\t<meta name=\"twitter:data2\" content=\"1 minuto\" \/>\n<script type=\"application\/ld+json\" class=\"yoast-schema-graph\">{\"@context\":\"https:\/\/schema.org\",\"@graph\":[{\"@type\":\"WebPage\",\"@id\":\"https:\/\/colinahomolog.com.br\/dev\/just-real-moms\/o-que-fazer-com-as-criancas-nesse-fim-de-semana-em-sao-paulo-por-bora-ai\/\",\"url\":\"https:\/\/colinahomolog.com.br\/dev\/just-real-moms\/o-que-fazer-com-as-criancas-nesse-fim-de-semana-em-sao-paulo-por-bora-ai\/\",\"name\":\"O que fazer com as crian\u00e7as nesse fim de semana em S\u00e3o Paulo - por bora.a\u00ed\",\"isPartOf\":{\"@id\":\"https:\/\/colinahomolog.com.br\/dev\/just-real-moms\/#website\"},\"primaryImageOfPage\":{\"@id\":\"https:\/\/colinahomolog.com.br\/dev\/just-real-moms\/o-que-fazer-com-as-criancas-nesse-fim-de-semana-em-sao-paulo-por-bora-ai\/#primaryimage\"},\"image\":{\"@id\":\"https:\/\/colinahomolog.com.br\/dev\/just-real-moms\/o-que-fazer-com-as-criancas-nesse-fim-de-semana-em-sao-paulo-por-bora-ai\/#primaryimage\"},\"thumbnailUrl\":\"https:\/\/colinahomolog.com.br\/dev\/just-real-moms\/wp-content\/uploads\/2016\/02\/o_que_fazer_com_as_criancas_nesse_fim_de_semana_em_sao_paulo-just_real_moms.jpg\",\"datePublished\":\"2016-02-05T10:30:26+00:00\",\"dateModified\":\"2016-05-05T22:06:39+00:00\",\"author\":{\"@id\":\"https:\/\/colinahomolog.com.br\/dev\/just-real-moms\/#\/schema\/person\/8218aa957ba5a31e5f531f3b6561916a\"},\"breadcrumb\":{\"@id\":\"https:\/\/colinahomolog.com.br\/dev\/just-real-moms\/o-que-fazer-com-as-criancas-nesse-fim-de-semana-em-sao-paulo-por-bora-ai\/#breadcrumb\"},\"inLanguage\":\"pt-BR\",\"potentialAction\":[{\"@type\":\"ReadAction\",\"target\":[\"https:\/\/colinahomolog.com.br\/dev\/just-real-moms\/o-que-fazer-com-as-criancas-nesse-fim-de-semana-em-sao-paulo-por-bora-ai\/\"]}]},{\"@type\":\"ImageObject\",\"inLanguage\":\"pt-BR\",\"@id\":\"https:\/\/colinahomolog.com.br\/dev\/just-real-moms\/o-que-fazer-com-as-criancas-nesse-fim-de-semana-em-sao-paulo-por-bora-ai\/#primaryimage\",\"url\":\"https:\/\/colinahomolog.com.br\/dev\/just-real-moms\/wp-content\/uploads\/2016\/02\/o_que_fazer_com_as_criancas_nesse_fim_de_semana_em_sao_paulo-just_real_moms.jpg\",\"contentUrl\":\"https:\/\/colinahomolog.com.br\/dev\/just-real-moms\/wp-content\/uploads\/2016\/02\/o_que_fazer_com_as_criancas_nesse_fim_de_semana_em_sao_paulo-just_real_moms.jpg\",\"width\":640,\"height\":427},{\"@type\":\"BreadcrumbList\",\"@id\":\"https:\/\/colinahomolog.com.br\/dev\/just-real-moms\/o-que-fazer-com-as-criancas-nesse-fim-de-semana-em-sao-paulo-por-bora-ai\/#breadcrumb\",\"itemListElement\":[{\"@type\":\"ListItem\",\"position\":1,\"name\":\"In\u00edcio\",\"item\":\"https:\/\/colinahomolog.com.br\/dev\/just-real-moms\/\"},{\"@type\":\"ListItem\",\"position\":2,\"name\":\"O que fazer com as crian\u00e7as nesse fim de semana em S\u00e3o Paulo &#8211; por bora.a\u00ed\"}]},{\"@type\":\"WebSite\",\"@id\":\"https:\/\/colinahomolog.com.br\/dev\/just-real-moms\/#website\",\"url\":\"https:\/\/colinahomolog.com.br\/dev\/just-real-moms\/\",\"name\":\"Just Real Moms - Blog para M\u00e3es\",\"description\":\"O melhor e mais completo portal para m\u00e3es, pais e futuros pais!\",\"potentialAction\":[{\"@type\":\"SearchAction\",\"target\":{\"@type\":\"EntryPoint\",\"urlTemplate\":\"https:\/\/colinahomolog.com.br\/dev\/just-real-moms\/?s={search_term_string}\"},\"query-input\":{\"@type\":\"PropertyValueSpecification\",\"valueRequired\":true,\"valueName\":\"search_term_string\"}}],\"inLanguage\":\"pt-BR\"},{\"@type\":\"Person\",\"@id\":\"https:\/\/colinahomolog.com.br\/dev\/just-real-moms\/#\/schema\/person\/8218aa957ba5a31e5f531f3b6561916a\",\"name\":\"Juliana\",\"url\":\"https:\/\/colinahomolog.com.br\/dev\/just-real-moms\/author\/juliana\/\"}]}<\/script>\n<!-- \/ Yoast SEO Premium plugin. -->","yoast_head_json":{"title":"O que fazer com as crian\u00e7as nesse fim de semana em S\u00e3o Paulo - por bora.a\u00ed","robots":{"index":"index","follow":"follow","max-snippet":"max-snippet:-1","max-image-preview":"max-image-preview:large","max-video-preview":"max-video-preview:-1"},"canonical":"https:\/\/colinahomolog.com.br\/dev\/just-real-moms\/o-que-fazer-com-as-criancas-nesse-fim-de-semana-em-sao-paulo-por-bora-ai\/","og_locale":"pt_BR","og_type":"article","og_title":"O que fazer com as crian\u00e7as nesse fim de semana em S\u00e3o Paulo - por bora.a\u00ed","og_description":"Favorite&nbsp; Oi, moms! Tudo bem? O Carnaval est\u00e1 a\u00ed e temos dicas bem legais de programa\u00e7\u00e3o! Para quem prefere fazer outros passeios, a bora.a\u00ed traz dicas tamb\u00e9m! A agenda de S\u00e3o Paulo para os pequenos est\u00e1 bem legal, confiram! &nbsp; ___________________________________________________________________________________________________ &nbsp; Se voc\u00ea vai passar os pr\u00f3ximos dias em S\u00e3o Paulo e gosta de [&hellip;]","og_url":"https:\/\/colinahomolog.com.br\/dev\/just-real-moms\/o-que-fazer-com-as-criancas-nesse-fim-de-semana-em-sao-paulo-por-bora-ai\/","og_site_name":"Just Real Moms - Blog para M\u00e3es","article_publisher":"https:\/\/www.facebook.com\/JustRealMoms","article_published_time":"2016-02-05T10:30:26+00:00","article_modified_time":"2016-05-05T22:06:39+00:00","og_image":[{"width":640,"height":427,"url":"https:\/\/colinahomolog.com.br\/dev\/just-real-moms\/wp-content\/uploads\/2016\/02\/o_que_fazer_com_as_criancas_nesse_fim_de_semana_em_sao_paulo-just_real_moms.jpg","type":"image\/jpeg"}],"author":"Juliana","twitter_misc":{"Escrito por":"Juliana","Est. tempo de leitura":"1 minuto"},"schema":{"@context":"https:\/\/schema.org","@graph":[{"@type":"WebPage","@id":"https:\/\/colinahomolog.com.br\/dev\/just-real-moms\/o-que-fazer-com-as-criancas-nesse-fim-de-semana-em-sao-paulo-por-bora-ai\/","url":"https:\/\/colinahomolog.com.br\/dev\/just-real-moms\/o-que-fazer-com-as-criancas-nesse-fim-de-semana-em-sao-paulo-por-bora-ai\/","name":"O que fazer com as crian\u00e7as nesse fim de semana em S\u00e3o Paulo - por bora.a\u00ed","isPartOf":{"@id":"https:\/\/colinahomolog.com.br\/dev\/just-real-moms\/#website"},"primaryImageOfPage":{"@id":"https:\/\/colinahomolog.com.br\/dev\/just-real-moms\/o-que-fazer-com-as-criancas-nesse-fim-de-semana-em-sao-paulo-por-bora-ai\/#primaryimage"},"image":{"@id":"https:\/\/colinahomolog.com.br\/dev\/just-real-moms\/o-que-fazer-com-as-criancas-nesse-fim-de-semana-em-sao-paulo-por-bora-ai\/#primaryimage"},"thumbnailUrl":"https:\/\/colinahomolog.com.br\/dev\/just-real-moms\/wp-content\/uploads\/2016\/02\/o_que_fazer_com_as_criancas_nesse_fim_de_semana_em_sao_paulo-just_real_moms.jpg","datePublished":"2016-02-05T10:30:26+00:00","dateModified":"2016-05-05T22:06:39+00:00","author":{"@id":"https:\/\/colinahomolog.com.br\/dev\/just-real-moms\/#\/schema\/person\/8218aa957ba5a31e5f531f3b6561916a"},"breadcrumb":{"@id":"https:\/\/colinahomolog.com.br\/dev\/just-real-moms\/o-que-fazer-com-as-criancas-nesse-fim-de-semana-em-sao-paulo-por-bora-ai\/#breadcrumb"},"inLanguage":"pt-BR","potentialAction":[{"@type":"ReadAction","target":["https:\/\/colinahomolog.com.br\/dev\/just-real-moms\/o-que-fazer-com-as-criancas-nesse-fim-de-semana-em-sao-paulo-por-bora-ai\/"]}]},{"@type":"ImageObject","inLanguage":"pt-BR","@id":"https:\/\/colinahomolog.com.br\/dev\/just-real-moms\/o-que-fazer-com-as-criancas-nesse-fim-de-semana-em-sao-paulo-por-bora-ai\/#primaryimage","url":"https:\/\/colinahomolog.com.br\/dev\/just-real-moms\/wp-content\/uploads\/2016\/02\/o_que_fazer_com_as_criancas_nesse_fim_de_semana_em_sao_paulo-just_real_moms.jpg","contentUrl":"https:\/\/colinahomolog.com.br\/dev\/just-real-moms\/wp-content\/uploads\/2016\/02\/o_que_fazer_com_as_criancas_nesse_fim_de_semana_em_sao_paulo-just_real_moms.jpg","width":640,"height":427},{"@type":"BreadcrumbList","@id":"https:\/\/colinahomolog.com.br\/dev\/just-real-moms\/o-que-fazer-com-as-criancas-nesse-fim-de-semana-em-sao-paulo-por-bora-ai\/#breadcrumb","itemListElement":[{"@type":"ListItem","position":1,"name":"In\u00edcio","item":"https:\/\/colinahomolog.com.br\/dev\/just-real-moms\/"},{"@type":"ListItem","position":2,"name":"O que fazer com as crian\u00e7as nesse fim de semana em S\u00e3o Paulo &#8211; por bora.a\u00ed"}]},{"@type":"WebSite","@id":"https:\/\/colinahomolog.com.br\/dev\/just-real-moms\/#website","url":"https:\/\/colinahomolog.com.br\/dev\/just-real-moms\/","name":"Just Real Moms - Blog para M\u00e3es","description":"O melhor e mais completo portal para m\u00e3es, pais e futuros pais!","potentialAction":[{"@type":"SearchAction","target":{"@type":"EntryPoint","urlTemplate":"https:\/\/colinahomolog.com.br\/dev\/just-real-moms\/?s={search_term_string}"},"query-input":{"@type":"PropertyValueSpecification","valueRequired":true,"valueName":"search_term_string"}}],"inLanguage":"pt-BR"},{"@type":"Person","@id":"https:\/\/colinahomolog.com.br\/dev\/just-real-moms\/#\/schema\/person\/8218aa957ba5a31e5f531f3b6561916a","name":"Juliana","url":"https:\/\/colinahomolog.com.br\/dev\/just-real-moms\/author\/juliana\/"}]}},"_links":{"self":[{"href":"https:\/\/colinahomolog.com.br\/dev\/just-real-moms\/wp-json\/wp\/v2\/posts\/37808","targetHints":{"allow":["GET"]}}],"collection":[{"href":"https:\/\/colinahomolog.com.br\/dev\/just-real-moms\/wp-json\/wp\/v2\/posts"}],"about":[{"href":"https:\/\/colinahomolog.com.br\/dev\/just-real-moms\/wp-json\/wp\/v2\/types\/post"}],"author":[{"embeddable":true,"href":"https:\/\/colinahomolog.com.br\/dev\/just-real-moms\/wp-json\/wp\/v2\/users\/6"}],"replies":[{"embeddable":true,"href":"https:\/\/colinahomolog.com.br\/dev\/just-real-moms\/wp-json\/wp\/v2\/comments?post=37808"}],"version-history":[{"count":0,"href":"https:\/\/colinahomolog.com.br\/dev\/just-real-moms\/wp-json\/wp\/v2\/posts\/37808\/revisions"}],"wp:featuredmedia":[{"embeddable":true,"href":"https:\/\/colinahomolog.com.br\/dev\/just-real-moms\/wp-json\/wp\/v2\/media\/37809"}],"wp:attachment":[{"href":"https:\/\/colinahomolog.com.br\/dev\/just-real-moms\/wp-json\/wp\/v2\/media?parent=37808"}],"wp:term":[{"taxonomy":"category","embeddable":true,"href":"https:\/\/colinahomolog.com.br\/dev\/just-real-moms\/wp-json\/wp\/v2\/categories?post=37808"},{"taxonomy":"post_tag","embeddable":true,"href":"https:\/\/colinahomolog.com.br\/dev\/just-real-moms\/wp-json\/wp\/v2\/tags?post=37808"}],"curies":[{"name":"wp","href":"https:\/\/api.w.org\/{rel}","templated":true}]}}