{"id":38211,"date":"2016-03-04T08:30:01","date_gmt":"2016-03-04T11:30:01","guid":{"rendered":"https:\/\/colinahomolog.com.br\/dev\/just-real-moms\/?p=38211"},"modified":"2016-05-05T19:06:39","modified_gmt":"2016-05-05T22:06:39","slug":"programe-se-para-o-fim-de-semana-em-sao-paulo-por-bora-ai","status":"publish","type":"post","link":"https:\/\/colinahomolog.com.br\/dev\/just-real-moms\/programe-se-para-o-fim-de-semana-em-sao-paulo-por-bora-ai\/","title":{"rendered":"Programe-se para o fim de semana em S\u00e3o Paulo! &#8211; por bora.a\u00ed"},"content":{"rendered":"<button class=\"simplefavorite-button preset\" data-postid=\"38211\" data-siteid=\"1\" data-groupid=\"1\" data-favoritecount=\"0\" style=\"box-shadow:none;-webkit-box-shadow:none;-moz-box-shadow:none;background-color:#68ccb4;border-color:#68ccb4;color:#ffffff;\"><i class=\"sf-icon-favorite\" style=\"\"><\/i>Favorite<\/button><p>Oi, moms!<\/p>\n<p>Tudo bem?<\/p>\n<p>O bora.a\u00ed trouxe dicas maravilhosas para passar o fim de semana com as crian\u00e7as, que tal dar uma olhada?<\/p>\n<p>&nbsp;<\/p>\n<p>O musical da Broadway <strong><a href=\"http:\/\/bora.ai\/passeios\/meu-amigo-charlie-brown-um-musical-da-broadway\" target=\"_blank\">Meu Amigo, Charlie Brown<\/a><\/strong>, baseado nos quadrinhos do consagrado desenhista Charles M. Schulz, conta com Tiago Abravanel no papel de Snoopy e Leandro Luna interpretando Charlie Brown. Em cartaz no Teatro Shopping Frei Caneca at\u00e9 24 de abril.<\/p>\n<p><img fetchpriority=\"high\" decoding=\"async\" class=\"aligncenter wp-image-38212\" src=\"https:\/\/colinahomolog.com.br\/dev\/just-real-moms\/wp-content\/uploads\/2016\/03\/programese_para_o_fim_de_semana_em_sao_paulo-just_real_moms.jpg\" alt=\"programese_para_o_fim_de_semana_em_sao_paulo-just_real_moms\" width=\"500\" height=\"333\" srcset=\"https:\/\/colinahomolog.com.br\/dev\/just-real-moms\/wp-content\/uploads\/2016\/03\/programese_para_o_fim_de_semana_em_sao_paulo-just_real_moms.jpg 480w, https:\/\/colinahomolog.com.br\/dev\/just-real-moms\/wp-content\/uploads\/2016\/03\/programese_para_o_fim_de_semana_em_sao_paulo-just_real_moms-400x267.jpg 400w, https:\/\/colinahomolog.com.br\/dev\/just-real-moms\/wp-content\/uploads\/2016\/03\/programese_para_o_fim_de_semana_em_sao_paulo-just_real_moms-225x150.jpg 225w\" sizes=\"(max-width: 500px) 100vw, 500px\" \/><\/p>\n<p>&nbsp;<\/p>\n<p>Duas atra\u00e7\u00f5es incr\u00edveis para as crian\u00e7as acontecem neste final de semana no Sesc Pinheiros:<\/p>\n<ul>\n<li>Show gratis do <strong><a href=\"http:\/\/bora.ai\/passeios\/show-beatles-para-criancas\" target=\"_blank\">Beatles para Crian\u00e7as<\/a><\/strong> s\u00e1bado e domingo \u00e0s 16h<\/li>\n<li>Com\u00e9dia musical <strong><a href=\"http:\/\/bora.ai\/passeios\/cinderela-la-la-la\" target=\"_blank\">Cinderela L\u00e1 L\u00e1 L\u00e1<\/a><\/strong>, com a Cia Le Plat du Jour, domingo \u00e0s 15h e 17h\n<p><img decoding=\"async\" class=\"aligncenter wp-image-38213\" src=\"https:\/\/colinahomolog.com.br\/dev\/just-real-moms\/wp-content\/uploads\/2016\/03\/programese_para_o_fim_de_semana_em_sao_paulo_2-just_real_moms.jpg\" alt=\"programese_para_o_fim_de_semana_em_sao_paulo_2-just_real_moms\" width=\"500\" height=\"273\" srcset=\"https:\/\/colinahomolog.com.br\/dev\/just-real-moms\/wp-content\/uploads\/2016\/03\/programese_para_o_fim_de_semana_em_sao_paulo_2-just_real_moms.jpg 932w, https:\/\/colinahomolog.com.br\/dev\/just-real-moms\/wp-content\/uploads\/2016\/03\/programese_para_o_fim_de_semana_em_sao_paulo_2-just_real_moms-400x218.jpg 400w, https:\/\/colinahomolog.com.br\/dev\/just-real-moms\/wp-content\/uploads\/2016\/03\/programese_para_o_fim_de_semana_em_sao_paulo_2-just_real_moms-768x419.jpg 768w, https:\/\/colinahomolog.com.br\/dev\/just-real-moms\/wp-content\/uploads\/2016\/03\/programese_para_o_fim_de_semana_em_sao_paulo_2-just_real_moms-820x448.jpg 820w\" sizes=\"(max-width: 500px) 100vw, 500px\" \/><\/li>\n<\/ul>\n<p>O premiedo espet\u00e1culo <strong><a href=\"http:\/\/bora.ai\/passeios\/simbad-o-navegante\" target=\"_blank\">Simbad, O Navegante<\/a><\/strong>, estreia nova temporada no Tetaro J. Safra, com apresenta\u00e7\u00f5es aos s\u00e1bados e domingos \u00e0s 16h.<\/p>\n<p><img decoding=\"async\" class=\"aligncenter wp-image-38214\" src=\"https:\/\/colinahomolog.com.br\/dev\/just-real-moms\/wp-content\/uploads\/2016\/03\/programese_para_o_fim_de_semana_em_sao_paulo_3-just_real_moms.jpg\" alt=\"S11 ARQUIVO   12\/02\/2015   GUIA DIVIRTA-SE  Imagens do espet\u00e1culo Simbad, o Navegante, da Cia. Circo M\u00ednimo. Dire\u00e7\u00e3o Carla Candiotto Na foto: Rodrigo Matheus e Ronaldo Aguiar  Foto   Paulo Barbuto\" width=\"500\" height=\"333\" srcset=\"https:\/\/colinahomolog.com.br\/dev\/just-real-moms\/wp-content\/uploads\/2016\/03\/programese_para_o_fim_de_semana_em_sao_paulo_3-just_real_moms.jpg 640w, https:\/\/colinahomolog.com.br\/dev\/just-real-moms\/wp-content\/uploads\/2016\/03\/programese_para_o_fim_de_semana_em_sao_paulo_3-just_real_moms-400x266.jpg 400w, https:\/\/colinahomolog.com.br\/dev\/just-real-moms\/wp-content\/uploads\/2016\/03\/programese_para_o_fim_de_semana_em_sao_paulo_3-just_real_moms-225x150.jpg 225w\" sizes=\"(max-width: 500px) 100vw, 500px\" \/><\/p>\n<p>&nbsp;<\/p>\n<p>Para quem tem filho adolescente: o espet\u00e1culo <strong><a href=\"http:\/\/bora.ai\/passeios\/o-alvo\" target=\"_blank\">O Alvo<\/a><\/strong> trata de bullying e estreia nesse final de semana no teatro da Livraria da Vila do do JK Iguatemi.<\/p>\n<p><img loading=\"lazy\" decoding=\"async\" class=\"aligncenter wp-image-38215\" src=\"https:\/\/colinahomolog.com.br\/dev\/just-real-moms\/wp-content\/uploads\/2016\/03\/programese_para_o_fim_de_semana_em_sao_paulo_4-just_real_moms.jpg\" alt=\"programese_para_o_fim_de_semana_em_sao_paulo_4-just_real_moms\" width=\"500\" height=\"749\" srcset=\"https:\/\/colinahomolog.com.br\/dev\/just-real-moms\/wp-content\/uploads\/2016\/03\/programese_para_o_fim_de_semana_em_sao_paulo_4-just_real_moms.jpg 1088w, https:\/\/colinahomolog.com.br\/dev\/just-real-moms\/wp-content\/uploads\/2016\/03\/programese_para_o_fim_de_semana_em_sao_paulo_4-just_real_moms-400x599.jpg 400w, https:\/\/colinahomolog.com.br\/dev\/just-real-moms\/wp-content\/uploads\/2016\/03\/programese_para_o_fim_de_semana_em_sao_paulo_4-just_real_moms-768x1151.jpg 768w, https:\/\/colinahomolog.com.br\/dev\/just-real-moms\/wp-content\/uploads\/2016\/03\/programese_para_o_fim_de_semana_em_sao_paulo_4-just_real_moms-820x1228.jpg 820w\" sizes=\"(max-width: 500px) 100vw, 500px\" \/><\/p>\n<p>&nbsp;<\/p>\n<p>Acesse o <a href=\"http:\/\/www.bora.ai\">bora.ai<\/a> para saber tudo o que rola para crian\u00e7as em S\u00e3o Paulo.<\/p>\n\n    <div class=\"xs_social_share_widget xs_share_url after_content \t\tmain_content  wslu-style-1 wslu-share-box-shaped wslu-fill-colored wslu-none wslu-share-horizontal wslu-theme-font-no wslu-main_content\">\n\n\t\t\n        <ul>\n\t\t\t        <\/ul>\n    <\/div> \n","protected":false},"excerpt":{"rendered":"<p>FavoriteOi, moms! Tudo bem? O bora.a\u00ed trouxe dicas maravilhosas para passar o fim de semana com as crian\u00e7as, que tal dar uma olhada? &nbsp; O musical da Broadway Meu Amigo, Charlie Brown, baseado nos quadrinhos do consagrado desenhista Charles M. Schulz, conta com Tiago Abravanel no papel de Snoopy e Leandro Luna interpretando Charlie Brown. [&hellip;]<\/p>\n","protected":false},"author":6,"featured_media":38213,"comment_status":"open","ping_status":"closed","sticky":false,"template":"","format":"standard","meta":{"_acf_changed":false,"footnotes":""},"categories":[33,1742,1823],"tags":[],"class_list":{"0":"post-38211","1":"post","2":"type-post","3":"status-publish","4":"format-standard","5":"has-post-thumbnail","7":"category-have-fun","8":"category-programacao","9":"category-programacao-sao-paulo"},"acf":[],"yoast_head":"<!-- This site is optimized with the Yoast SEO Premium plugin v26.6 (Yoast SEO v26.6) - https:\/\/yoast.com\/wordpress\/plugins\/seo\/ -->\n<title>Programe-se para o fim de semana em S\u00e3o Paulo! - por bora.a\u00ed<\/title>\n<meta name=\"robots\" content=\"index, follow, max-snippet:-1, max-image-preview:large, max-video-preview:-1\" \/>\n<link rel=\"canonical\" href=\"https:\/\/colinahomolog.com.br\/dev\/just-real-moms\/programe-se-para-o-fim-de-semana-em-sao-paulo-por-bora-ai\/\" \/>\n<meta property=\"og:locale\" content=\"pt_BR\" \/>\n<meta property=\"og:type\" content=\"article\" \/>\n<meta property=\"og:title\" content=\"Programe-se para o fim de semana em S\u00e3o Paulo! - por bora.a\u00ed\" \/>\n<meta property=\"og:description\" content=\"FavoriteOi, moms! Tudo bem? O bora.a\u00ed trouxe dicas maravilhosas para passar o fim de semana com as crian\u00e7as, que tal dar uma olhada? &nbsp; O musical da Broadway Meu Amigo, Charlie Brown, baseado nos quadrinhos do consagrado desenhista Charles M. Schulz, conta com Tiago Abravanel no papel de Snoopy e Leandro Luna interpretando Charlie Brown. [&hellip;]\" \/>\n<meta property=\"og:url\" content=\"https:\/\/colinahomolog.com.br\/dev\/just-real-moms\/programe-se-para-o-fim-de-semana-em-sao-paulo-por-bora-ai\/\" \/>\n<meta property=\"og:site_name\" content=\"Just Real Moms - Blog para M\u00e3es\" \/>\n<meta property=\"article:publisher\" content=\"https:\/\/www.facebook.com\/JustRealMoms\" \/>\n<meta property=\"article:published_time\" content=\"2016-03-04T11:30:01+00:00\" \/>\n<meta property=\"article:modified_time\" content=\"2016-05-05T22:06:39+00:00\" \/>\n<meta property=\"og:image\" content=\"https:\/\/colinahomolog.com.br\/dev\/just-real-moms\/wp-content\/uploads\/2016\/03\/programese_para_o_fim_de_semana_em_sao_paulo_2-just_real_moms.jpg\" \/>\n\t<meta property=\"og:image:width\" content=\"932\" \/>\n\t<meta property=\"og:image:height\" content=\"509\" \/>\n\t<meta property=\"og:image:type\" content=\"image\/jpeg\" \/>\n<meta name=\"author\" content=\"Juliana\" \/>\n<meta name=\"twitter:label1\" content=\"Escrito por\" \/>\n\t<meta name=\"twitter:data1\" content=\"Juliana\" \/>\n\t<meta name=\"twitter:label2\" content=\"Est. tempo de leitura\" \/>\n\t<meta name=\"twitter:data2\" content=\"1 minuto\" \/>\n<script type=\"application\/ld+json\" class=\"yoast-schema-graph\">{\"@context\":\"https:\/\/schema.org\",\"@graph\":[{\"@type\":\"WebPage\",\"@id\":\"https:\/\/colinahomolog.com.br\/dev\/just-real-moms\/programe-se-para-o-fim-de-semana-em-sao-paulo-por-bora-ai\/\",\"url\":\"https:\/\/colinahomolog.com.br\/dev\/just-real-moms\/programe-se-para-o-fim-de-semana-em-sao-paulo-por-bora-ai\/\",\"name\":\"Programe-se para o fim de semana em S\u00e3o Paulo! - por bora.a\u00ed\",\"isPartOf\":{\"@id\":\"https:\/\/colinahomolog.com.br\/dev\/just-real-moms\/#website\"},\"primaryImageOfPage\":{\"@id\":\"https:\/\/colinahomolog.com.br\/dev\/just-real-moms\/programe-se-para-o-fim-de-semana-em-sao-paulo-por-bora-ai\/#primaryimage\"},\"image\":{\"@id\":\"https:\/\/colinahomolog.com.br\/dev\/just-real-moms\/programe-se-para-o-fim-de-semana-em-sao-paulo-por-bora-ai\/#primaryimage\"},\"thumbnailUrl\":\"https:\/\/colinahomolog.com.br\/dev\/just-real-moms\/wp-content\/uploads\/2016\/03\/programese_para_o_fim_de_semana_em_sao_paulo_2-just_real_moms.jpg\",\"datePublished\":\"2016-03-04T11:30:01+00:00\",\"dateModified\":\"2016-05-05T22:06:39+00:00\",\"author\":{\"@id\":\"https:\/\/colinahomolog.com.br\/dev\/just-real-moms\/#\/schema\/person\/8218aa957ba5a31e5f531f3b6561916a\"},\"breadcrumb\":{\"@id\":\"https:\/\/colinahomolog.com.br\/dev\/just-real-moms\/programe-se-para-o-fim-de-semana-em-sao-paulo-por-bora-ai\/#breadcrumb\"},\"inLanguage\":\"pt-BR\",\"potentialAction\":[{\"@type\":\"ReadAction\",\"target\":[\"https:\/\/colinahomolog.com.br\/dev\/just-real-moms\/programe-se-para-o-fim-de-semana-em-sao-paulo-por-bora-ai\/\"]}]},{\"@type\":\"ImageObject\",\"inLanguage\":\"pt-BR\",\"@id\":\"https:\/\/colinahomolog.com.br\/dev\/just-real-moms\/programe-se-para-o-fim-de-semana-em-sao-paulo-por-bora-ai\/#primaryimage\",\"url\":\"https:\/\/colinahomolog.com.br\/dev\/just-real-moms\/wp-content\/uploads\/2016\/03\/programese_para_o_fim_de_semana_em_sao_paulo_2-just_real_moms.jpg\",\"contentUrl\":\"https:\/\/colinahomolog.com.br\/dev\/just-real-moms\/wp-content\/uploads\/2016\/03\/programese_para_o_fim_de_semana_em_sao_paulo_2-just_real_moms.jpg\",\"width\":932,\"height\":509},{\"@type\":\"BreadcrumbList\",\"@id\":\"https:\/\/colinahomolog.com.br\/dev\/just-real-moms\/programe-se-para-o-fim-de-semana-em-sao-paulo-por-bora-ai\/#breadcrumb\",\"itemListElement\":[{\"@type\":\"ListItem\",\"position\":1,\"name\":\"In\u00edcio\",\"item\":\"https:\/\/colinahomolog.com.br\/dev\/just-real-moms\/\"},{\"@type\":\"ListItem\",\"position\":2,\"name\":\"Programe-se para o fim de semana em S\u00e3o Paulo! &#8211; por bora.a\u00ed\"}]},{\"@type\":\"WebSite\",\"@id\":\"https:\/\/colinahomolog.com.br\/dev\/just-real-moms\/#website\",\"url\":\"https:\/\/colinahomolog.com.br\/dev\/just-real-moms\/\",\"name\":\"Just Real Moms - Blog para M\u00e3es\",\"description\":\"O melhor e mais completo portal para m\u00e3es, pais e futuros pais!\",\"potentialAction\":[{\"@type\":\"SearchAction\",\"target\":{\"@type\":\"EntryPoint\",\"urlTemplate\":\"https:\/\/colinahomolog.com.br\/dev\/just-real-moms\/?s={search_term_string}\"},\"query-input\":{\"@type\":\"PropertyValueSpecification\",\"valueRequired\":true,\"valueName\":\"search_term_string\"}}],\"inLanguage\":\"pt-BR\"},{\"@type\":\"Person\",\"@id\":\"https:\/\/colinahomolog.com.br\/dev\/just-real-moms\/#\/schema\/person\/8218aa957ba5a31e5f531f3b6561916a\",\"name\":\"Juliana\",\"url\":\"https:\/\/colinahomolog.com.br\/dev\/just-real-moms\/author\/juliana\/\"}]}<\/script>\n<!-- \/ Yoast SEO Premium plugin. -->","yoast_head_json":{"title":"Programe-se para o fim de semana em S\u00e3o Paulo! - por bora.a\u00ed","robots":{"index":"index","follow":"follow","max-snippet":"max-snippet:-1","max-image-preview":"max-image-preview:large","max-video-preview":"max-video-preview:-1"},"canonical":"https:\/\/colinahomolog.com.br\/dev\/just-real-moms\/programe-se-para-o-fim-de-semana-em-sao-paulo-por-bora-ai\/","og_locale":"pt_BR","og_type":"article","og_title":"Programe-se para o fim de semana em S\u00e3o Paulo! - por bora.a\u00ed","og_description":"FavoriteOi, moms! Tudo bem? O bora.a\u00ed trouxe dicas maravilhosas para passar o fim de semana com as crian\u00e7as, que tal dar uma olhada? &nbsp; O musical da Broadway Meu Amigo, Charlie Brown, baseado nos quadrinhos do consagrado desenhista Charles M. Schulz, conta com Tiago Abravanel no papel de Snoopy e Leandro Luna interpretando Charlie Brown. [&hellip;]","og_url":"https:\/\/colinahomolog.com.br\/dev\/just-real-moms\/programe-se-para-o-fim-de-semana-em-sao-paulo-por-bora-ai\/","og_site_name":"Just Real Moms - Blog para M\u00e3es","article_publisher":"https:\/\/www.facebook.com\/JustRealMoms","article_published_time":"2016-03-04T11:30:01+00:00","article_modified_time":"2016-05-05T22:06:39+00:00","og_image":[{"width":932,"height":509,"url":"https:\/\/colinahomolog.com.br\/dev\/just-real-moms\/wp-content\/uploads\/2016\/03\/programese_para_o_fim_de_semana_em_sao_paulo_2-just_real_moms.jpg","type":"image\/jpeg"}],"author":"Juliana","twitter_misc":{"Escrito por":"Juliana","Est. tempo de leitura":"1 minuto"},"schema":{"@context":"https:\/\/schema.org","@graph":[{"@type":"WebPage","@id":"https:\/\/colinahomolog.com.br\/dev\/just-real-moms\/programe-se-para-o-fim-de-semana-em-sao-paulo-por-bora-ai\/","url":"https:\/\/colinahomolog.com.br\/dev\/just-real-moms\/programe-se-para-o-fim-de-semana-em-sao-paulo-por-bora-ai\/","name":"Programe-se para o fim de semana em S\u00e3o Paulo! - por bora.a\u00ed","isPartOf":{"@id":"https:\/\/colinahomolog.com.br\/dev\/just-real-moms\/#website"},"primaryImageOfPage":{"@id":"https:\/\/colinahomolog.com.br\/dev\/just-real-moms\/programe-se-para-o-fim-de-semana-em-sao-paulo-por-bora-ai\/#primaryimage"},"image":{"@id":"https:\/\/colinahomolog.com.br\/dev\/just-real-moms\/programe-se-para-o-fim-de-semana-em-sao-paulo-por-bora-ai\/#primaryimage"},"thumbnailUrl":"https:\/\/colinahomolog.com.br\/dev\/just-real-moms\/wp-content\/uploads\/2016\/03\/programese_para_o_fim_de_semana_em_sao_paulo_2-just_real_moms.jpg","datePublished":"2016-03-04T11:30:01+00:00","dateModified":"2016-05-05T22:06:39+00:00","author":{"@id":"https:\/\/colinahomolog.com.br\/dev\/just-real-moms\/#\/schema\/person\/8218aa957ba5a31e5f531f3b6561916a"},"breadcrumb":{"@id":"https:\/\/colinahomolog.com.br\/dev\/just-real-moms\/programe-se-para-o-fim-de-semana-em-sao-paulo-por-bora-ai\/#breadcrumb"},"inLanguage":"pt-BR","potentialAction":[{"@type":"ReadAction","target":["https:\/\/colinahomolog.com.br\/dev\/just-real-moms\/programe-se-para-o-fim-de-semana-em-sao-paulo-por-bora-ai\/"]}]},{"@type":"ImageObject","inLanguage":"pt-BR","@id":"https:\/\/colinahomolog.com.br\/dev\/just-real-moms\/programe-se-para-o-fim-de-semana-em-sao-paulo-por-bora-ai\/#primaryimage","url":"https:\/\/colinahomolog.com.br\/dev\/just-real-moms\/wp-content\/uploads\/2016\/03\/programese_para_o_fim_de_semana_em_sao_paulo_2-just_real_moms.jpg","contentUrl":"https:\/\/colinahomolog.com.br\/dev\/just-real-moms\/wp-content\/uploads\/2016\/03\/programese_para_o_fim_de_semana_em_sao_paulo_2-just_real_moms.jpg","width":932,"height":509},{"@type":"BreadcrumbList","@id":"https:\/\/colinahomolog.com.br\/dev\/just-real-moms\/programe-se-para-o-fim-de-semana-em-sao-paulo-por-bora-ai\/#breadcrumb","itemListElement":[{"@type":"ListItem","position":1,"name":"In\u00edcio","item":"https:\/\/colinahomolog.com.br\/dev\/just-real-moms\/"},{"@type":"ListItem","position":2,"name":"Programe-se para o fim de semana em S\u00e3o Paulo! &#8211; por bora.a\u00ed"}]},{"@type":"WebSite","@id":"https:\/\/colinahomolog.com.br\/dev\/just-real-moms\/#website","url":"https:\/\/colinahomolog.com.br\/dev\/just-real-moms\/","name":"Just Real Moms - Blog para M\u00e3es","description":"O melhor e mais completo portal para m\u00e3es, pais e futuros pais!","potentialAction":[{"@type":"SearchAction","target":{"@type":"EntryPoint","urlTemplate":"https:\/\/colinahomolog.com.br\/dev\/just-real-moms\/?s={search_term_string}"},"query-input":{"@type":"PropertyValueSpecification","valueRequired":true,"valueName":"search_term_string"}}],"inLanguage":"pt-BR"},{"@type":"Person","@id":"https:\/\/colinahomolog.com.br\/dev\/just-real-moms\/#\/schema\/person\/8218aa957ba5a31e5f531f3b6561916a","name":"Juliana","url":"https:\/\/colinahomolog.com.br\/dev\/just-real-moms\/author\/juliana\/"}]}},"_links":{"self":[{"href":"https:\/\/colinahomolog.com.br\/dev\/just-real-moms\/wp-json\/wp\/v2\/posts\/38211","targetHints":{"allow":["GET"]}}],"collection":[{"href":"https:\/\/colinahomolog.com.br\/dev\/just-real-moms\/wp-json\/wp\/v2\/posts"}],"about":[{"href":"https:\/\/colinahomolog.com.br\/dev\/just-real-moms\/wp-json\/wp\/v2\/types\/post"}],"author":[{"embeddable":true,"href":"https:\/\/colinahomolog.com.br\/dev\/just-real-moms\/wp-json\/wp\/v2\/users\/6"}],"replies":[{"embeddable":true,"href":"https:\/\/colinahomolog.com.br\/dev\/just-real-moms\/wp-json\/wp\/v2\/comments?post=38211"}],"version-history":[{"count":0,"href":"https:\/\/colinahomolog.com.br\/dev\/just-real-moms\/wp-json\/wp\/v2\/posts\/38211\/revisions"}],"wp:featuredmedia":[{"embeddable":true,"href":"https:\/\/colinahomolog.com.br\/dev\/just-real-moms\/wp-json\/wp\/v2\/media\/38213"}],"wp:attachment":[{"href":"https:\/\/colinahomolog.com.br\/dev\/just-real-moms\/wp-json\/wp\/v2\/media?parent=38211"}],"wp:term":[{"taxonomy":"category","embeddable":true,"href":"https:\/\/colinahomolog.com.br\/dev\/just-real-moms\/wp-json\/wp\/v2\/categories?post=38211"},{"taxonomy":"post_tag","embeddable":true,"href":"https:\/\/colinahomolog.com.br\/dev\/just-real-moms\/wp-json\/wp\/v2\/tags?post=38211"}],"curies":[{"name":"wp","href":"https:\/\/api.w.org\/{rel}","templated":true}]}}