{"id":38707,"date":"2016-04-08T08:35:23","date_gmt":"2016-04-08T11:35:23","guid":{"rendered":"https:\/\/colinahomolog.com.br\/dev\/just-real-moms\/?p=38707"},"modified":"2016-05-05T19:06:39","modified_gmt":"2016-05-05T22:06:39","slug":"o-que-fazer-no-fim-de-semana-com-as-criancas-no-rio-de-janeiro-por-rio-kidso","status":"publish","type":"post","link":"https:\/\/colinahomolog.com.br\/dev\/just-real-moms\/o-que-fazer-no-fim-de-semana-com-as-criancas-no-rio-de-janeiro-por-rio-kidso\/","title":{"rendered":"O que fazer no fim de semana com as crian\u00e7as no Rio de Janeiro &#8211; por Rio Kidso"},"content":{"rendered":"<button class=\"simplefavorite-button preset\" data-postid=\"38707\" data-siteid=\"1\" data-groupid=\"1\" data-favoritecount=\"0\" style=\"box-shadow:none;-webkit-box-shadow:none;-moz-box-shadow:none;background-color:#68ccb4;border-color:#68ccb4;color:#ffffff;\"><i class=\"sf-icon-favorite\" style=\"\"><\/i>Favorite<\/button><p>Ol\u00e1, moms!<\/p>\n<p>Tudo bem?<\/p>\n<p>Como mais uma semana chega ao fim, nossas colaboradoras da <a href=\"http:\/\/riokids.com.br\/\" target=\"_blank\">Rio Kids<\/a> listaram a melhor programa\u00e7\u00e3o infantil da cidade!<\/p>\n<p>Vamos aproveitar o s\u00e1bado e domingo para passar bastante tempo com nossos pequenos!<\/p>\n<p>Beijos!<\/p>\n<p>&nbsp;<\/p>\n<hr \/>\n<p>&nbsp;<\/p>\n<p>&nbsp;<\/p>\n<p><strong>Gibizeira leva o universo dos quadrinhos para o Caxias Shopping<\/strong><\/p>\n<p>O Caxias Shopping abre espa\u00e7o para o universo dos quadrinhos entre os dias 9 e 17 de abril durante a &#8220;Gibizeira&#8221;. O evento, organizado por um coletivo de artistas da Baixada, vai contar a hist\u00f3ria de 147 anos do quadrinho brasileiro, que come\u00e7ou com o \u00edtalo-brasileiro \u00c2ngelo Agostinho, em 1868, com o registro das &#8220;Aventuras de Inhoquim&#8221;, at\u00e9 chegar aos dias atuais, com o surgimento da internet e das novas formas de fazer, divulgar e consumir a arte dos quadrinhos.<\/p>\n<p>Come\u00e7a nos dias 9 e 10 com encontros de quadrinistas que v\u00e3o expor e vender sua arte, al\u00e9m de receber o p\u00fablico para aut\u00f3grafos e bate papo. Nestes dois dias, os adeptos do &#8220;cosplay&#8221; tamb\u00e9m estar\u00e3o presentes. Quem quiser pode ir com as roupas de seus personagens favoritos. E de 9 a 17 de abril, o p\u00fablico poder\u00e1 visitar a &#8220;Exposi\u00e7\u00e3o de Quadrinhos&#8221; que ter\u00e1 pain\u00e9is com a hist\u00f3ria dad HQs no Brasil, imagens das capas mais famosas desde 1876, com tra\u00e7os em preto e branco, at\u00e9 as capas atuais da &#8220;Capa Comics&#8221;. Um verdadeiro registro da arte em forma de quadrinhos. O evento \u00e9 gratuito e tem apoio cultural da Secretaria de Cultura de Duque de Caxias.<\/p>\n<p>Entre os destaques do evento est\u00e1 o personagem &#8220;Detrito&#8221;, um professor que cai no Rio Sarapu\u00ed, na Baixada Fluminense, e se transforma em um super-her\u00f3i que encarar monstros nojentos e perigosos. A personagem foi criada pelo cartunista Jo\u00e3o Carpalhau, fundador da Capa Comics, editora que produz as hist\u00f3rias em quadrinhos de &#8220;Detrito&#8221;, &#8220;Grafiteira&#8221;, &#8220;N\u00e3o T\u00e3o Super&#8221; e &#8220;Polly &amp; Pumpkins&#8221; entre outros. Os artistas contam ainda com o site da editora, o <a href=\"http:\/\/capacomics.com\/\">capacomics.com<\/a>, onde diversos quadrinhos gratuitos est\u00e3o dispon\u00edveis para leitura. Atualmente, o coletivo produziu o curta animado &#8220;A Vingan\u00e7a do Detrito&#8221; com dublagem dos renomados Ricardo Juarez e Wirley Contaifer. Um game que conta a origem do anti-her\u00f3i &#8220;N\u00e3o T\u00e3o Super&#8221; e um filme sobre o &#8220;Detrito&#8221; tamb\u00e9m est\u00e3o em fase de produ\u00e7\u00e3o.<\/p>\n<p><img fetchpriority=\"high\" decoding=\"async\" class=\"aligncenter wp-image-38708 size-full\" src=\"https:\/\/colinahomolog.com.br\/dev\/just-real-moms\/wp-content\/uploads\/2016\/04\/o_que_fazer_com_as_criancas_no_fim_de_semana_no_rio_de_janeiro-just_real_moms.jpg\" alt=\"o_que_fazer_com_as_criancas_no_fim_de_semana_no_rio_de_janeiro-just_real_moms\" width=\"550\" height=\"309\" srcset=\"https:\/\/colinahomolog.com.br\/dev\/just-real-moms\/wp-content\/uploads\/2016\/04\/o_que_fazer_com_as_criancas_no_fim_de_semana_no_rio_de_janeiro-just_real_moms.jpg 550w, https:\/\/colinahomolog.com.br\/dev\/just-real-moms\/wp-content\/uploads\/2016\/04\/o_que_fazer_com_as_criancas_no_fim_de_semana_no_rio_de_janeiro-just_real_moms-400x225.jpg 400w\" sizes=\"(max-width: 550px) 100vw, 550px\" \/><\/p>\n<p>&nbsp;<\/p>\n<p>&nbsp;<\/p>\n<p><strong>Oficina de Cupcakes para Crian\u00e7as na 3\u00aa edi\u00e7\u00e3o do P\u00f4r do Sol na Lagoa<\/strong><\/p>\n<p>No pr\u00f3ximo fim de semana, 09 e 10 de abril, vai acontecer a terceira edi\u00e7\u00e3o do evento\u00a0P\u00f4r do Sol na Lagoa\u00a0com a participa\u00e7\u00e3o de food trucks e chefs.<\/p>\n<p>Para a garotada a divers\u00e3o fica por conta da\u00a0oficina de cupcake\u00a0ministrada pela Doce Amore Cupcake.\u00a0Os pequenos v\u00e3o rechear e confeitar os cupcakes,\u00a0tingir a pasta americana, usar cortadores e ejetores com temas infantis, usando\u00a0aventais de super-her\u00f3is, princesas e chap\u00e9u de confeiteiro.<\/p>\n<p>A oficina funcionar\u00e1 durante todo o evento,\u00a0das 16h \u00e0s 22h com dura\u00e7\u00e3o de 25min e n\u00famero de 8 crian\u00e7as por turma.\u00a0Ao final, cada mini-chef\u00a0recebe um certificado de confeiteiro mirim.<\/p>\n<p><img decoding=\"async\" class=\"aligncenter wp-image-38709\" src=\"https:\/\/colinahomolog.com.br\/dev\/just-real-moms\/wp-content\/uploads\/2016\/04\/o_que_fazer_com_as_criancas_no_fim_de_semana_no_rio_de_janeiro_2-just_real_moms.jpg\" alt=\"o_que_fazer_com_as_criancas_no_fim_de_semana_no_rio_de_janeiro_2-just_real_moms\" width=\"550\" height=\"364\" srcset=\"https:\/\/colinahomolog.com.br\/dev\/just-real-moms\/wp-content\/uploads\/2016\/04\/o_que_fazer_com_as_criancas_no_fim_de_semana_no_rio_de_janeiro_2-just_real_moms.jpg 500w, https:\/\/colinahomolog.com.br\/dev\/just-real-moms\/wp-content\/uploads\/2016\/04\/o_que_fazer_com_as_criancas_no_fim_de_semana_no_rio_de_janeiro_2-just_real_moms-400x265.jpg 400w, https:\/\/colinahomolog.com.br\/dev\/just-real-moms\/wp-content\/uploads\/2016\/04\/o_que_fazer_com_as_criancas_no_fim_de_semana_no_rio_de_janeiro_2-just_real_moms-225x150.jpg 225w\" sizes=\"(max-width: 550px) 100vw, 550px\" \/><\/p>\n<p>&nbsp;<\/p>\n<p>&nbsp;<\/p>\n<p><strong>Flor de Maio<\/strong><\/p>\n<p>Best-seller paradid\u00e1tico da Editora do Brasil ganha adapta\u00e7\u00e3o teatral no Teatro Gl\u00e1ucio Gil durante o m\u00eas de abril. A Truncatos Cia. de Teatro realizar\u00e1 o espet\u00e1culo infanto-juvenil \u201cFlor de Maio\u201d durante os finais de semana do m\u00eas de abril no Teatro Gl\u00e1ucio Gil em Copacabana, bairro nobre da cidade do Rio de Janeiro. O espet\u00e1culo \u00e9 baseado em um livro de mesmo nome, best-seller paradid\u00e1tico da Editora do Brasil, com mais de 1 milh\u00e3o de exemplares vendidos e utilizado em diversas escolas do pa\u00eds.<\/p>\n<p>A trama acontece em uma pequena floresta onde acaba de nascer uma bela Borboleta. Pronta para dar o seu primeiro voo p\u00f3s-metamorfose, o inseto tem seu sonho interrompido por uma a\u00e7\u00e3o inconsequente do homem: o uso de inseticida quebra uma de suas asas. A Borboleta, acompanhada por uma Formiga e uma Cigarra, ter\u00e1 de caminhar muito e passar por estranhas aventuras em busca de uma solu\u00e7\u00e3o.<\/p>\n<p>Com lirismo, a autora nos leva, nessa hist\u00f3ria repleta de solidariedade e ecologia, a perceber a import\u00e2ncia da natureza, inclus\u00e3o social e amizade verdadeira em nossas vidas. \u00a0A dire\u00e7\u00e3o do espet\u00e1culo prop\u00f5e ressaltar valores sociais, ecol\u00f3gicos e did\u00e1ticos atrav\u00e9s da linguagem, hist\u00f3ria e das m\u00fasicas que est\u00e3o completamente ligadas \u00e0 narrativa c\u00eanica.<\/p>\n<p>\u201cFlor de Maio\u201d vai cumprir uma temporada de um m\u00eas no Teatro Gl\u00e1ucio Gil, de 02 a 24 de abril, sempre \u00e0s 16 horas. Com texto de Maria Cristina Furtado e dire\u00e7\u00e3o de Jo\u00e3o M\u00e1rcio Corr\u00eaa, o espet\u00e1culo \u00e9 destinado \u00e0 toda fam\u00edlia.<\/p>\n<p><img decoding=\"async\" class=\"aligncenter wp-image-38710\" src=\"https:\/\/colinahomolog.com.br\/dev\/just-real-moms\/wp-content\/uploads\/2016\/04\/o_que_fazer_com_as_criancas_no_fim_de_semana_no_rio_de_janeiro_3-just_real_moms.jpg\" alt=\"o_que_fazer_com_as_criancas_no_fim_de_semana_no_rio_de_janeiro_3-just_real_moms\" width=\"550\" height=\"309\" srcset=\"https:\/\/colinahomolog.com.br\/dev\/just-real-moms\/wp-content\/uploads\/2016\/04\/o_que_fazer_com_as_criancas_no_fim_de_semana_no_rio_de_janeiro_3-just_real_moms.jpg 960w, https:\/\/colinahomolog.com.br\/dev\/just-real-moms\/wp-content\/uploads\/2016\/04\/o_que_fazer_com_as_criancas_no_fim_de_semana_no_rio_de_janeiro_3-just_real_moms-400x225.jpg 400w, https:\/\/colinahomolog.com.br\/dev\/just-real-moms\/wp-content\/uploads\/2016\/04\/o_que_fazer_com_as_criancas_no_fim_de_semana_no_rio_de_janeiro_3-just_real_moms-768x431.jpg 768w, https:\/\/colinahomolog.com.br\/dev\/just-real-moms\/wp-content\/uploads\/2016\/04\/o_que_fazer_com_as_criancas_no_fim_de_semana_no_rio_de_janeiro_3-just_real_moms-820x460.jpg 820w\" sizes=\"(max-width: 550px) 100vw, 550px\" \/><\/p>\n<p>&nbsp;<\/p>\n<p>&nbsp;<\/p>\n<p><strong>Ocupa\u00e7\u00e3o Cultural<\/strong><\/p>\n<p>A Quinta da Boa Vista, em S\u00e3o Crist\u00f3v\u00e3o, antiga resid\u00eancia da fam\u00edlia real no Rio de Janeiro, recebe uma importante interven\u00e7\u00e3o nesse final de semana. A Ocupa\u00e7\u00e3o Cultural Quinta da Boa Vista acontece no pr\u00f3ximo domingo, 10, a partir das 11 horas, com a apresenta\u00e7\u00e3o do espet\u00e1culo La Scarpetta, do grupo Lume Teatro. Logo ap\u00f3s, \u00e0s 12 horas, se apresenta o grupo Off-Sina com o espet\u00e1culo \u201cE o palha\u00e7o o que \u00e9? com o objetivo de valorizar a linguagem art\u00edstica do circo, bem como a figura do palha\u00e7o brasileiro.<\/p>\n<p>Vindo de Campinas, em S\u00e3o Paulo, o grupo Lume Teatro apresenta o espet\u00e1culo La Scarpetta, que traz o palha\u00e7o Teot\u00f4nio (Ricardo Puccetti), uma esp\u00e9cie de artista \u201cpau pra toda a obra\u201d. \u00c9 um espet\u00e1culo cl\u00e1ssico, com uma sequ\u00eancia de n\u00fameros que revelam a dificuldade do palha\u00e7o em realizar tarefas sem perder o prazer e a capacidade de brincar em cena junto com o p\u00fablico. A palavra italiana \u201cscarpetta\u201d significa \u201csapato pequeno\u201d, o que soa ir\u00f4nico, pois o pr\u00f3prio ator, ao escolher um enorme par de sapatos pretos para o seu palha\u00e7o, brinca com o fato de ele ter usado sapatos ortop\u00e9dicos quando crian\u00e7a.<\/p>\n<p>Al\u00e9m disso, \u201cscarpetta\u201d tamb\u00e9m descreve o h\u00e1bito bem italiano de passar o p\u00e3o no molho restante no prato de macarronada.<\/p>\n<p>O Grupo Off-Sina, que neste ano vem utilizando a arte do palha\u00e7o para transformar o cotidiano do p\u00fablico no parque da Quinta da Boa Vista, encerra a programa\u00e7\u00e3o com E o palha\u00e7o o que \u00e9?. O espet\u00e1culo fala sobre o maior representante do circo \u2013 o palha\u00e7o \u2013 e vem mostrar o seu significado nas artes c\u00eanicas. Aborda de forma l\u00fadica e po\u00e9tica o universo circense, representado pelos palha\u00e7os Caf\u00e9 Pequeno e Currupita (Richard Riguetti e Lilian Moraes, respectivamente), que realizam um roteiro de reprises (cenas c\u00f4micas de picadeiros). Embalados pelo poema\u00a0\u201cPara quem n\u00e3o sabe\u201d\u00a0de Morgana Massetti, desmitifica as habilidades e incumb\u00eancias de trazer o sorriso. O espet\u00e1culo \u00e9 acess\u00edvel em linguagem de Libras<\/p>\n<p><img loading=\"lazy\" decoding=\"async\" class=\"aligncenter wp-image-38711\" src=\"https:\/\/colinahomolog.com.br\/dev\/just-real-moms\/wp-content\/uploads\/2016\/04\/o_que_fazer_com_as_criancas_no_fim_de_semana_no_rio_de_janeiro_4-just_real_moms.jpg\" alt=\"o_que_fazer_com_as_criancas_no_fim_de_semana_no_rio_de_janeiro_4-just_real_moms\" width=\"550\" height=\"367\" srcset=\"https:\/\/colinahomolog.com.br\/dev\/just-real-moms\/wp-content\/uploads\/2016\/04\/o_que_fazer_com_as_criancas_no_fim_de_semana_no_rio_de_janeiro_4-just_real_moms.jpg 768w, https:\/\/colinahomolog.com.br\/dev\/just-real-moms\/wp-content\/uploads\/2016\/04\/o_que_fazer_com_as_criancas_no_fim_de_semana_no_rio_de_janeiro_4-just_real_moms-400x267.jpg 400w, https:\/\/colinahomolog.com.br\/dev\/just-real-moms\/wp-content\/uploads\/2016\/04\/o_que_fazer_com_as_criancas_no_fim_de_semana_no_rio_de_janeiro_4-just_real_moms-225x150.jpg 225w\" sizes=\"(max-width: 550px) 100vw, 550px\" \/><\/p>\n<p>&nbsp;<\/p>\n<p>&nbsp;<\/p>\n<p><strong>A \u00c1rvore que Fugiu do Quintal<\/strong><\/p>\n<p>O espet\u00e1culo fala do amor e respeito das crian\u00e7as pela natureza, da conscientiza\u00e7\u00e3o sobre a preserva\u00e7\u00e3o desse meio ambiente e da busca por um mundo melhor e mais verde. A trajet\u00f3ria da \u00e1rvore, os encontros com os personagens durante esse percurso, as m\u00fasicas e a atmosfera convidam o p\u00fablico, crian\u00e7as e adultos, a embarcar no mundo m\u00e1gico da natureza e torcer por suas vit\u00f3rias.<\/p>\n<p>Em cartaz no Oi Futuro Flamengo, s\u00e1bados e domingos, \u00e0s 16h.<\/p>\n<p>Temporada: At\u00e9 29 de maio<\/p>\n<p><img loading=\"lazy\" decoding=\"async\" class=\"aligncenter wp-image-38712\" src=\"https:\/\/colinahomolog.com.br\/dev\/just-real-moms\/wp-content\/uploads\/2016\/04\/o_que_fazer_com_as_criancas_no_fim_de_semana_no_rio_de_janeiro_5-just_real_moms.jpg\" alt=\"o_que_fazer_com_as_criancas_no_fim_de_semana_no_rio_de_janeiro_5-just_real_moms\" width=\"550\" height=\"231\" srcset=\"https:\/\/colinahomolog.com.br\/dev\/just-real-moms\/wp-content\/uploads\/2016\/04\/o_que_fazer_com_as_criancas_no_fim_de_semana_no_rio_de_janeiro_5-just_real_moms.jpg 930w, https:\/\/colinahomolog.com.br\/dev\/just-real-moms\/wp-content\/uploads\/2016\/04\/o_que_fazer_com_as_criancas_no_fim_de_semana_no_rio_de_janeiro_5-just_real_moms-400x168.jpg 400w, https:\/\/colinahomolog.com.br\/dev\/just-real-moms\/wp-content\/uploads\/2016\/04\/o_que_fazer_com_as_criancas_no_fim_de_semana_no_rio_de_janeiro_5-just_real_moms-768x322.jpg 768w, https:\/\/colinahomolog.com.br\/dev\/just-real-moms\/wp-content\/uploads\/2016\/04\/o_que_fazer_com_as_criancas_no_fim_de_semana_no_rio_de_janeiro_5-just_real_moms-820x344.jpg 820w\" sizes=\"(max-width: 550px) 100vw, 550px\" \/><\/p>\n<p>&nbsp;<\/p>\n<p>&nbsp;<\/p>\n<p>&nbsp;<\/p>\n<p>&nbsp;<\/p>\n\n    <div class=\"xs_social_share_widget xs_share_url after_content \t\tmain_content  wslu-style-1 wslu-share-box-shaped wslu-fill-colored wslu-none wslu-share-horizontal wslu-theme-font-no wslu-main_content\">\n\n\t\t\n        <ul>\n\t\t\t        <\/ul>\n    <\/div> \n","protected":false},"excerpt":{"rendered":"<p>FavoriteOl\u00e1, moms! Tudo bem? Como mais uma semana chega ao fim, nossas colaboradoras da Rio Kids listaram a melhor programa\u00e7\u00e3o infantil da cidade! Vamos aproveitar o s\u00e1bado e domingo para passar bastante tempo com nossos pequenos! Beijos! &nbsp; &nbsp; &nbsp; Gibizeira leva o universo dos quadrinhos para o Caxias Shopping O Caxias Shopping abre espa\u00e7o [&hellip;]<\/p>\n","protected":false},"author":6,"featured_media":38709,"comment_status":"open","ping_status":"closed","sticky":false,"template":"","format":"standard","meta":{"_acf_changed":false,"footnotes":""},"categories":[33,1742,1824],"tags":[],"class_list":{"0":"post-38707","1":"post","2":"type-post","3":"status-publish","4":"format-standard","5":"has-post-thumbnail","7":"category-have-fun","8":"category-programacao","9":"category-programacao-rio-de-janeiro"},"acf":[],"yoast_head":"<!-- This site is optimized with the Yoast SEO Premium plugin v26.6 (Yoast SEO v26.6) - https:\/\/yoast.com\/wordpress\/plugins\/seo\/ -->\n<title>O que fazer no fim de semana com as crian\u00e7as no Rio de Janeiro - por Rio Kidso<\/title>\n<meta name=\"description\" content=\"Mora no Rio de Janeiro? Confira o que fazer no fim de semana com as crian\u00e7as com dicas incr\u00edveis da Rio Kids!\" \/>\n<meta name=\"robots\" content=\"index, follow, max-snippet:-1, max-image-preview:large, max-video-preview:-1\" \/>\n<link rel=\"canonical\" href=\"https:\/\/colinahomolog.com.br\/dev\/just-real-moms\/o-que-fazer-no-fim-de-semana-com-as-criancas-no-rio-de-janeiro-por-rio-kidso\/\" \/>\n<meta property=\"og:locale\" content=\"pt_BR\" \/>\n<meta property=\"og:type\" content=\"article\" \/>\n<meta property=\"og:title\" content=\"O que fazer no fim de semana com as crian\u00e7as no Rio de Janeiro - por Rio Kidso\" \/>\n<meta property=\"og:description\" content=\"Mora no Rio de Janeiro? Confira o que fazer no fim de semana com as crian\u00e7as com dicas incr\u00edveis da Rio Kids!\" \/>\n<meta property=\"og:url\" content=\"https:\/\/colinahomolog.com.br\/dev\/just-real-moms\/o-que-fazer-no-fim-de-semana-com-as-criancas-no-rio-de-janeiro-por-rio-kidso\/\" \/>\n<meta property=\"og:site_name\" content=\"Just Real Moms - Blog para M\u00e3es\" \/>\n<meta property=\"article:publisher\" content=\"https:\/\/www.facebook.com\/JustRealMoms\" \/>\n<meta property=\"article:published_time\" content=\"2016-04-08T11:35:23+00:00\" \/>\n<meta property=\"article:modified_time\" content=\"2016-05-05T22:06:39+00:00\" \/>\n<meta property=\"og:image\" content=\"https:\/\/colinahomolog.com.br\/dev\/just-real-moms\/wp-content\/uploads\/2016\/04\/o_que_fazer_com_as_criancas_no_fim_de_semana_no_rio_de_janeiro_2-just_real_moms.jpg\" \/>\n\t<meta property=\"og:image:width\" content=\"500\" \/>\n\t<meta property=\"og:image:height\" content=\"331\" \/>\n\t<meta property=\"og:image:type\" content=\"image\/jpeg\" \/>\n<meta name=\"author\" content=\"Juliana\" \/>\n<meta name=\"twitter:label1\" content=\"Escrito por\" \/>\n\t<meta name=\"twitter:data1\" content=\"Juliana\" \/>\n\t<meta name=\"twitter:label2\" content=\"Est. tempo de leitura\" \/>\n\t<meta name=\"twitter:data2\" content=\"6 minutos\" \/>\n<script type=\"application\/ld+json\" class=\"yoast-schema-graph\">{\"@context\":\"https:\/\/schema.org\",\"@graph\":[{\"@type\":\"WebPage\",\"@id\":\"https:\/\/colinahomolog.com.br\/dev\/just-real-moms\/o-que-fazer-no-fim-de-semana-com-as-criancas-no-rio-de-janeiro-por-rio-kidso\/\",\"url\":\"https:\/\/colinahomolog.com.br\/dev\/just-real-moms\/o-que-fazer-no-fim-de-semana-com-as-criancas-no-rio-de-janeiro-por-rio-kidso\/\",\"name\":\"O que fazer no fim de semana com as crian\u00e7as no Rio de Janeiro - por Rio Kidso\",\"isPartOf\":{\"@id\":\"https:\/\/colinahomolog.com.br\/dev\/just-real-moms\/#website\"},\"primaryImageOfPage\":{\"@id\":\"https:\/\/colinahomolog.com.br\/dev\/just-real-moms\/o-que-fazer-no-fim-de-semana-com-as-criancas-no-rio-de-janeiro-por-rio-kidso\/#primaryimage\"},\"image\":{\"@id\":\"https:\/\/colinahomolog.com.br\/dev\/just-real-moms\/o-que-fazer-no-fim-de-semana-com-as-criancas-no-rio-de-janeiro-por-rio-kidso\/#primaryimage\"},\"thumbnailUrl\":\"https:\/\/colinahomolog.com.br\/dev\/just-real-moms\/wp-content\/uploads\/2016\/04\/o_que_fazer_com_as_criancas_no_fim_de_semana_no_rio_de_janeiro_2-just_real_moms.jpg\",\"datePublished\":\"2016-04-08T11:35:23+00:00\",\"dateModified\":\"2016-05-05T22:06:39+00:00\",\"author\":{\"@id\":\"https:\/\/colinahomolog.com.br\/dev\/just-real-moms\/#\/schema\/person\/8218aa957ba5a31e5f531f3b6561916a\"},\"description\":\"Mora no Rio de Janeiro? Confira o que fazer no fim de semana com as crian\u00e7as com dicas incr\u00edveis da Rio Kids!\",\"breadcrumb\":{\"@id\":\"https:\/\/colinahomolog.com.br\/dev\/just-real-moms\/o-que-fazer-no-fim-de-semana-com-as-criancas-no-rio-de-janeiro-por-rio-kidso\/#breadcrumb\"},\"inLanguage\":\"pt-BR\",\"potentialAction\":[{\"@type\":\"ReadAction\",\"target\":[\"https:\/\/colinahomolog.com.br\/dev\/just-real-moms\/o-que-fazer-no-fim-de-semana-com-as-criancas-no-rio-de-janeiro-por-rio-kidso\/\"]}]},{\"@type\":\"ImageObject\",\"inLanguage\":\"pt-BR\",\"@id\":\"https:\/\/colinahomolog.com.br\/dev\/just-real-moms\/o-que-fazer-no-fim-de-semana-com-as-criancas-no-rio-de-janeiro-por-rio-kidso\/#primaryimage\",\"url\":\"https:\/\/colinahomolog.com.br\/dev\/just-real-moms\/wp-content\/uploads\/2016\/04\/o_que_fazer_com_as_criancas_no_fim_de_semana_no_rio_de_janeiro_2-just_real_moms.jpg\",\"contentUrl\":\"https:\/\/colinahomolog.com.br\/dev\/just-real-moms\/wp-content\/uploads\/2016\/04\/o_que_fazer_com_as_criancas_no_fim_de_semana_no_rio_de_janeiro_2-just_real_moms.jpg\",\"width\":500,\"height\":331},{\"@type\":\"BreadcrumbList\",\"@id\":\"https:\/\/colinahomolog.com.br\/dev\/just-real-moms\/o-que-fazer-no-fim-de-semana-com-as-criancas-no-rio-de-janeiro-por-rio-kidso\/#breadcrumb\",\"itemListElement\":[{\"@type\":\"ListItem\",\"position\":1,\"name\":\"In\u00edcio\",\"item\":\"https:\/\/colinahomolog.com.br\/dev\/just-real-moms\/\"},{\"@type\":\"ListItem\",\"position\":2,\"name\":\"O que fazer no fim de semana com as crian\u00e7as no Rio de Janeiro &#8211; por Rio Kidso\"}]},{\"@type\":\"WebSite\",\"@id\":\"https:\/\/colinahomolog.com.br\/dev\/just-real-moms\/#website\",\"url\":\"https:\/\/colinahomolog.com.br\/dev\/just-real-moms\/\",\"name\":\"Just Real Moms - Blog para M\u00e3es\",\"description\":\"O melhor e mais completo portal para m\u00e3es, pais e futuros pais!\",\"potentialAction\":[{\"@type\":\"SearchAction\",\"target\":{\"@type\":\"EntryPoint\",\"urlTemplate\":\"https:\/\/colinahomolog.com.br\/dev\/just-real-moms\/?s={search_term_string}\"},\"query-input\":{\"@type\":\"PropertyValueSpecification\",\"valueRequired\":true,\"valueName\":\"search_term_string\"}}],\"inLanguage\":\"pt-BR\"},{\"@type\":\"Person\",\"@id\":\"https:\/\/colinahomolog.com.br\/dev\/just-real-moms\/#\/schema\/person\/8218aa957ba5a31e5f531f3b6561916a\",\"name\":\"Juliana\",\"url\":\"https:\/\/colinahomolog.com.br\/dev\/just-real-moms\/author\/juliana\/\"}]}<\/script>\n<!-- \/ Yoast SEO Premium plugin. -->","yoast_head_json":{"title":"O que fazer no fim de semana com as crian\u00e7as no Rio de Janeiro - por Rio Kidso","description":"Mora no Rio de Janeiro? Confira o que fazer no fim de semana com as crian\u00e7as com dicas incr\u00edveis da Rio Kids!","robots":{"index":"index","follow":"follow","max-snippet":"max-snippet:-1","max-image-preview":"max-image-preview:large","max-video-preview":"max-video-preview:-1"},"canonical":"https:\/\/colinahomolog.com.br\/dev\/just-real-moms\/o-que-fazer-no-fim-de-semana-com-as-criancas-no-rio-de-janeiro-por-rio-kidso\/","og_locale":"pt_BR","og_type":"article","og_title":"O que fazer no fim de semana com as crian\u00e7as no Rio de Janeiro - por Rio Kidso","og_description":"Mora no Rio de Janeiro? Confira o que fazer no fim de semana com as crian\u00e7as com dicas incr\u00edveis da Rio Kids!","og_url":"https:\/\/colinahomolog.com.br\/dev\/just-real-moms\/o-que-fazer-no-fim-de-semana-com-as-criancas-no-rio-de-janeiro-por-rio-kidso\/","og_site_name":"Just Real Moms - Blog para M\u00e3es","article_publisher":"https:\/\/www.facebook.com\/JustRealMoms","article_published_time":"2016-04-08T11:35:23+00:00","article_modified_time":"2016-05-05T22:06:39+00:00","og_image":[{"width":500,"height":331,"url":"https:\/\/colinahomolog.com.br\/dev\/just-real-moms\/wp-content\/uploads\/2016\/04\/o_que_fazer_com_as_criancas_no_fim_de_semana_no_rio_de_janeiro_2-just_real_moms.jpg","type":"image\/jpeg"}],"author":"Juliana","twitter_misc":{"Escrito por":"Juliana","Est. tempo de leitura":"6 minutos"},"schema":{"@context":"https:\/\/schema.org","@graph":[{"@type":"WebPage","@id":"https:\/\/colinahomolog.com.br\/dev\/just-real-moms\/o-que-fazer-no-fim-de-semana-com-as-criancas-no-rio-de-janeiro-por-rio-kidso\/","url":"https:\/\/colinahomolog.com.br\/dev\/just-real-moms\/o-que-fazer-no-fim-de-semana-com-as-criancas-no-rio-de-janeiro-por-rio-kidso\/","name":"O que fazer no fim de semana com as crian\u00e7as no Rio de Janeiro - por Rio Kidso","isPartOf":{"@id":"https:\/\/colinahomolog.com.br\/dev\/just-real-moms\/#website"},"primaryImageOfPage":{"@id":"https:\/\/colinahomolog.com.br\/dev\/just-real-moms\/o-que-fazer-no-fim-de-semana-com-as-criancas-no-rio-de-janeiro-por-rio-kidso\/#primaryimage"},"image":{"@id":"https:\/\/colinahomolog.com.br\/dev\/just-real-moms\/o-que-fazer-no-fim-de-semana-com-as-criancas-no-rio-de-janeiro-por-rio-kidso\/#primaryimage"},"thumbnailUrl":"https:\/\/colinahomolog.com.br\/dev\/just-real-moms\/wp-content\/uploads\/2016\/04\/o_que_fazer_com_as_criancas_no_fim_de_semana_no_rio_de_janeiro_2-just_real_moms.jpg","datePublished":"2016-04-08T11:35:23+00:00","dateModified":"2016-05-05T22:06:39+00:00","author":{"@id":"https:\/\/colinahomolog.com.br\/dev\/just-real-moms\/#\/schema\/person\/8218aa957ba5a31e5f531f3b6561916a"},"description":"Mora no Rio de Janeiro? Confira o que fazer no fim de semana com as crian\u00e7as com dicas incr\u00edveis da Rio Kids!","breadcrumb":{"@id":"https:\/\/colinahomolog.com.br\/dev\/just-real-moms\/o-que-fazer-no-fim-de-semana-com-as-criancas-no-rio-de-janeiro-por-rio-kidso\/#breadcrumb"},"inLanguage":"pt-BR","potentialAction":[{"@type":"ReadAction","target":["https:\/\/colinahomolog.com.br\/dev\/just-real-moms\/o-que-fazer-no-fim-de-semana-com-as-criancas-no-rio-de-janeiro-por-rio-kidso\/"]}]},{"@type":"ImageObject","inLanguage":"pt-BR","@id":"https:\/\/colinahomolog.com.br\/dev\/just-real-moms\/o-que-fazer-no-fim-de-semana-com-as-criancas-no-rio-de-janeiro-por-rio-kidso\/#primaryimage","url":"https:\/\/colinahomolog.com.br\/dev\/just-real-moms\/wp-content\/uploads\/2016\/04\/o_que_fazer_com_as_criancas_no_fim_de_semana_no_rio_de_janeiro_2-just_real_moms.jpg","contentUrl":"https:\/\/colinahomolog.com.br\/dev\/just-real-moms\/wp-content\/uploads\/2016\/04\/o_que_fazer_com_as_criancas_no_fim_de_semana_no_rio_de_janeiro_2-just_real_moms.jpg","width":500,"height":331},{"@type":"BreadcrumbList","@id":"https:\/\/colinahomolog.com.br\/dev\/just-real-moms\/o-que-fazer-no-fim-de-semana-com-as-criancas-no-rio-de-janeiro-por-rio-kidso\/#breadcrumb","itemListElement":[{"@type":"ListItem","position":1,"name":"In\u00edcio","item":"https:\/\/colinahomolog.com.br\/dev\/just-real-moms\/"},{"@type":"ListItem","position":2,"name":"O que fazer no fim de semana com as crian\u00e7as no Rio de Janeiro &#8211; por Rio Kidso"}]},{"@type":"WebSite","@id":"https:\/\/colinahomolog.com.br\/dev\/just-real-moms\/#website","url":"https:\/\/colinahomolog.com.br\/dev\/just-real-moms\/","name":"Just Real Moms - Blog para M\u00e3es","description":"O melhor e mais completo portal para m\u00e3es, pais e futuros pais!","potentialAction":[{"@type":"SearchAction","target":{"@type":"EntryPoint","urlTemplate":"https:\/\/colinahomolog.com.br\/dev\/just-real-moms\/?s={search_term_string}"},"query-input":{"@type":"PropertyValueSpecification","valueRequired":true,"valueName":"search_term_string"}}],"inLanguage":"pt-BR"},{"@type":"Person","@id":"https:\/\/colinahomolog.com.br\/dev\/just-real-moms\/#\/schema\/person\/8218aa957ba5a31e5f531f3b6561916a","name":"Juliana","url":"https:\/\/colinahomolog.com.br\/dev\/just-real-moms\/author\/juliana\/"}]}},"_links":{"self":[{"href":"https:\/\/colinahomolog.com.br\/dev\/just-real-moms\/wp-json\/wp\/v2\/posts\/38707","targetHints":{"allow":["GET"]}}],"collection":[{"href":"https:\/\/colinahomolog.com.br\/dev\/just-real-moms\/wp-json\/wp\/v2\/posts"}],"about":[{"href":"https:\/\/colinahomolog.com.br\/dev\/just-real-moms\/wp-json\/wp\/v2\/types\/post"}],"author":[{"embeddable":true,"href":"https:\/\/colinahomolog.com.br\/dev\/just-real-moms\/wp-json\/wp\/v2\/users\/6"}],"replies":[{"embeddable":true,"href":"https:\/\/colinahomolog.com.br\/dev\/just-real-moms\/wp-json\/wp\/v2\/comments?post=38707"}],"version-history":[{"count":0,"href":"https:\/\/colinahomolog.com.br\/dev\/just-real-moms\/wp-json\/wp\/v2\/posts\/38707\/revisions"}],"wp:featuredmedia":[{"embeddable":true,"href":"https:\/\/colinahomolog.com.br\/dev\/just-real-moms\/wp-json\/wp\/v2\/media\/38709"}],"wp:attachment":[{"href":"https:\/\/colinahomolog.com.br\/dev\/just-real-moms\/wp-json\/wp\/v2\/media?parent=38707"}],"wp:term":[{"taxonomy":"category","embeddable":true,"href":"https:\/\/colinahomolog.com.br\/dev\/just-real-moms\/wp-json\/wp\/v2\/categories?post=38707"},{"taxonomy":"post_tag","embeddable":true,"href":"https:\/\/colinahomolog.com.br\/dev\/just-real-moms\/wp-json\/wp\/v2\/tags?post=38707"}],"curies":[{"name":"wp","href":"https:\/\/api.w.org\/{rel}","templated":true}]}}