{"id":38781,"date":"2019-08-26T08:30:17","date_gmt":"2019-08-26T11:30:17","guid":{"rendered":"https:\/\/colinahomolog.com.br\/dev\/just-real-moms\/?p=38781"},"modified":"2023-05-17T08:34:48","modified_gmt":"2023-05-17T11:34:48","slug":"estou-indecisa-em-relacao-ao-nome-do-meu-futuro-filho","status":"publish","type":"post","link":"https:\/\/colinahomolog.com.br\/dev\/just-real-moms\/estou-indecisa-em-relacao-ao-nome-do-meu-futuro-filho\/","title":{"rendered":"Estou indecisa em rela\u00e7\u00e3o ao nome do meu futuro filho! E agora?"},"content":{"rendered":"<button class=\"simplefavorite-button preset\" data-postid=\"38781\" data-siteid=\"1\" data-groupid=\"1\" data-favoritecount=\"0\" style=\"box-shadow:none;-webkit-box-shadow:none;-moz-box-shadow:none;background-color:#68ccb4;border-color:#68ccb4;color:#ffffff;\"><i class=\"sf-icon-favorite\" style=\"\"><\/i>Favorite<\/button><p>&nbsp;<\/p>\n<p>Ol\u00e1, meninas!<\/p>\n<p>Tudo bem?<\/p>\n<p>N\u00f3s sabemos que escolher o nome dos nossos filhos pode ser uma tarefa muito dif\u00edcil, justamente por n\u00e3o ser uma escolha simples. Muitas de n\u00f3s j\u00e1 escolhem desde pequenas os nomes que querem dar aos seus filhos, mas para algumas a indecis\u00e3o pode ser maior que tudo!<\/p>\n<p>Primeiro, o importante \u00e9 ter em mente todas as possibilidades de nomes.\u00a0Voc\u00ea e seu parceiro podem entrar em acordo com quais nomes poderiam ser os escolhidos. Para quem gosta de algo mais organizado, pode at\u00e9 fazer uma lista!<\/p>\n<p>Com o tempo, voc\u00eas podem riscar os nomes que n\u00e3o acham que combinam mais. Depois, basta escolher entre os finalistas qual seria o melhor para o filhote!<\/p>\n<p>&nbsp;<\/p>\n<p><img fetchpriority=\"high\" decoding=\"async\" class=\"aligncenter wp-image-38782 size-full\" src=\"https:\/\/colinahomolog.com.br\/dev\/just-real-moms\/wp-content\/uploads\/2016\/04\/39fb08973fb660686c50f99fb9a564a2.jpg\" alt=\"39fb08973fb660686c50f99fb9a564a2\" width=\"500\" height=\"750\" srcset=\"https:\/\/colinahomolog.com.br\/dev\/just-real-moms\/wp-content\/uploads\/2016\/04\/39fb08973fb660686c50f99fb9a564a2.jpg 500w, https:\/\/colinahomolog.com.br\/dev\/just-real-moms\/wp-content\/uploads\/2016\/04\/39fb08973fb660686c50f99fb9a564a2-400x600.jpg 400w\" sizes=\"(max-width: 500px) 100vw, 500px\" \/><\/p>\n<p>&nbsp;<\/p>\n<p>Para ajudar as mam\u00e3es e papais a se inspirarem, selecionamos uma lista com os nomes mais frequentes no ano de 2015!<\/p>\n<p>Confiram a lista:<\/p>\n<p>&nbsp;<\/p>\n<p><strong>Meninas<\/strong><\/p>\n<p>Alice<\/p>\n<p>Sophia<\/p>\n<p>J\u00falia<\/p>\n<p>Laura<\/p>\n<p>Isabella<\/p>\n<p>Manuela<\/p>\n<p>Luiza<\/p>\n<p>Helena<\/p>\n<p>Valentina<\/p>\n<p>Giovana<\/p>\n<p>Maria Eduarda<\/p>\n<p>Beatriz<\/p>\n<p>Maria Clara<\/p>\n<p>Maria Luiza<\/p>\n<p>Helo\u00edsa<\/p>\n<p>Mariana<\/p>\n<p>Lara<\/p>\n<p>L\u00edvia<\/p>\n<p>Lorena<\/p>\n<p>Ana Clara<\/p>\n<p>&nbsp;<\/p>\n<p><strong>Meninos<\/strong><\/p>\n<p>Miguel<\/p>\n<p>Arthur<\/p>\n<p>Davi<\/p>\n<p>Pedro<\/p>\n<p>Bernardo<\/p>\n<p>Gabriel<\/p>\n<p>Lucas<\/p>\n<p>Matheus<\/p>\n<p>Heitor<\/p>\n<p>Rafael<\/p>\n<p>Enzo<\/p>\n<p>Nicolas<\/p>\n<p>Lorenzo<\/p>\n<p>Guilherme<\/p>\n<p>Samuel<\/p>\n<p>Theo<\/p>\n<p>Felipe<\/p>\n<p>Gustavo<\/p>\n<p>Henrique<\/p>\n<p>Jo\u00e3o Pedro<\/p>\n<p>&nbsp;<\/p>\n<p style=\"text-align: center;\">Fonte: <strong>Revista Exame<\/strong><\/p>\n<p>&nbsp;<\/p>\n\n    <div class=\"xs_social_share_widget xs_share_url after_content \t\tmain_content  wslu-style-1 wslu-share-box-shaped wslu-fill-colored wslu-none wslu-share-horizontal wslu-theme-font-no wslu-main_content\">\n\n\t\t\n        <ul>\n\t\t\t        <\/ul>\n    <\/div> \n","protected":false},"excerpt":{"rendered":"<p>Favorite&nbsp; Ol\u00e1, meninas! Tudo bem? N\u00f3s sabemos que escolher o nome dos nossos filhos pode ser uma tarefa muito dif\u00edcil, justamente por n\u00e3o ser uma escolha simples. Muitas de n\u00f3s j\u00e1 escolhem desde pequenas os nomes que querem dar aos seus filhos, mas para algumas a indecis\u00e3o pode ser maior que tudo! Primeiro, o importante [&hellip;]<\/p>\n","protected":false},"author":6,"featured_media":38782,"comment_status":"open","ping_status":"closed","sticky":false,"template":"","format":"standard","meta":{"_acf_changed":false,"footnotes":""},"categories":[30],"tags":[],"class_list":{"0":"post-38781","1":"post","2":"type-post","3":"status-publish","4":"format-standard","5":"has-post-thumbnail","7":"category-de-mae-para-mae"},"acf":[],"yoast_head":"<!-- This site is optimized with the Yoast SEO Premium plugin v26.6 (Yoast SEO v26.6) - https:\/\/yoast.com\/wordpress\/plugins\/seo\/ -->\n<title>Estou indecisa em rela\u00e7\u00e3o ao nome do meu futuro filho! E agora?<\/title>\n<meta name=\"robots\" content=\"index, follow, max-snippet:-1, max-image-preview:large, max-video-preview:-1\" \/>\n<link rel=\"canonical\" href=\"https:\/\/colinahomolog.com.br\/dev\/just-real-moms\/estou-indecisa-em-relacao-ao-nome-do-meu-futuro-filho\/\" \/>\n<meta property=\"og:locale\" content=\"pt_BR\" \/>\n<meta property=\"og:type\" content=\"article\" \/>\n<meta property=\"og:title\" content=\"Estou indecisa em rela\u00e7\u00e3o ao nome do meu futuro filho! E agora?\" \/>\n<meta property=\"og:description\" content=\"Favorite&nbsp; Ol\u00e1, meninas! Tudo bem? N\u00f3s sabemos que escolher o nome dos nossos filhos pode ser uma tarefa muito dif\u00edcil, justamente por n\u00e3o ser uma escolha simples. Muitas de n\u00f3s j\u00e1 escolhem desde pequenas os nomes que querem dar aos seus filhos, mas para algumas a indecis\u00e3o pode ser maior que tudo! Primeiro, o importante [&hellip;]\" \/>\n<meta property=\"og:url\" content=\"https:\/\/colinahomolog.com.br\/dev\/just-real-moms\/estou-indecisa-em-relacao-ao-nome-do-meu-futuro-filho\/\" \/>\n<meta property=\"og:site_name\" content=\"Just Real Moms - Blog para M\u00e3es\" \/>\n<meta property=\"article:publisher\" content=\"https:\/\/www.facebook.com\/JustRealMoms\" \/>\n<meta property=\"article:published_time\" content=\"2019-08-26T11:30:17+00:00\" \/>\n<meta property=\"article:modified_time\" content=\"2023-05-17T11:34:48+00:00\" \/>\n<meta property=\"og:image\" content=\"https:\/\/colinahomolog.com.br\/dev\/just-real-moms\/wp-content\/uploads\/2016\/04\/39fb08973fb660686c50f99fb9a564a2.jpg\" \/>\n\t<meta property=\"og:image:width\" content=\"500\" \/>\n\t<meta property=\"og:image:height\" content=\"750\" \/>\n\t<meta property=\"og:image:type\" content=\"image\/jpeg\" \/>\n<meta name=\"author\" content=\"Juliana\" \/>\n<meta name=\"twitter:label1\" content=\"Escrito por\" \/>\n\t<meta name=\"twitter:data1\" content=\"Juliana\" \/>\n\t<meta name=\"twitter:label2\" content=\"Est. tempo de leitura\" \/>\n\t<meta name=\"twitter:data2\" content=\"2 minutos\" \/>\n<script type=\"application\/ld+json\" class=\"yoast-schema-graph\">{\"@context\":\"https:\/\/schema.org\",\"@graph\":[{\"@type\":\"WebPage\",\"@id\":\"https:\/\/colinahomolog.com.br\/dev\/just-real-moms\/estou-indecisa-em-relacao-ao-nome-do-meu-futuro-filho\/\",\"url\":\"https:\/\/colinahomolog.com.br\/dev\/just-real-moms\/estou-indecisa-em-relacao-ao-nome-do-meu-futuro-filho\/\",\"name\":\"Estou indecisa em rela\u00e7\u00e3o ao nome do meu futuro filho! E agora?\",\"isPartOf\":{\"@id\":\"https:\/\/colinahomolog.com.br\/dev\/just-real-moms\/#website\"},\"primaryImageOfPage\":{\"@id\":\"https:\/\/colinahomolog.com.br\/dev\/just-real-moms\/estou-indecisa-em-relacao-ao-nome-do-meu-futuro-filho\/#primaryimage\"},\"image\":{\"@id\":\"https:\/\/colinahomolog.com.br\/dev\/just-real-moms\/estou-indecisa-em-relacao-ao-nome-do-meu-futuro-filho\/#primaryimage\"},\"thumbnailUrl\":\"https:\/\/colinahomolog.com.br\/dev\/just-real-moms\/wp-content\/uploads\/2016\/04\/39fb08973fb660686c50f99fb9a564a2.jpg\",\"datePublished\":\"2019-08-26T11:30:17+00:00\",\"dateModified\":\"2023-05-17T11:34:48+00:00\",\"author\":{\"@id\":\"https:\/\/colinahomolog.com.br\/dev\/just-real-moms\/#\/schema\/person\/8218aa957ba5a31e5f531f3b6561916a\"},\"breadcrumb\":{\"@id\":\"https:\/\/colinahomolog.com.br\/dev\/just-real-moms\/estou-indecisa-em-relacao-ao-nome-do-meu-futuro-filho\/#breadcrumb\"},\"inLanguage\":\"pt-BR\",\"potentialAction\":[{\"@type\":\"ReadAction\",\"target\":[\"https:\/\/colinahomolog.com.br\/dev\/just-real-moms\/estou-indecisa-em-relacao-ao-nome-do-meu-futuro-filho\/\"]}]},{\"@type\":\"ImageObject\",\"inLanguage\":\"pt-BR\",\"@id\":\"https:\/\/colinahomolog.com.br\/dev\/just-real-moms\/estou-indecisa-em-relacao-ao-nome-do-meu-futuro-filho\/#primaryimage\",\"url\":\"https:\/\/colinahomolog.com.br\/dev\/just-real-moms\/wp-content\/uploads\/2016\/04\/39fb08973fb660686c50f99fb9a564a2.jpg\",\"contentUrl\":\"https:\/\/colinahomolog.com.br\/dev\/just-real-moms\/wp-content\/uploads\/2016\/04\/39fb08973fb660686c50f99fb9a564a2.jpg\",\"width\":500,\"height\":750},{\"@type\":\"BreadcrumbList\",\"@id\":\"https:\/\/colinahomolog.com.br\/dev\/just-real-moms\/estou-indecisa-em-relacao-ao-nome-do-meu-futuro-filho\/#breadcrumb\",\"itemListElement\":[{\"@type\":\"ListItem\",\"position\":1,\"name\":\"In\u00edcio\",\"item\":\"https:\/\/colinahomolog.com.br\/dev\/just-real-moms\/\"},{\"@type\":\"ListItem\",\"position\":2,\"name\":\"Estou indecisa em rela\u00e7\u00e3o ao nome do meu futuro filho! E agora?\"}]},{\"@type\":\"WebSite\",\"@id\":\"https:\/\/colinahomolog.com.br\/dev\/just-real-moms\/#website\",\"url\":\"https:\/\/colinahomolog.com.br\/dev\/just-real-moms\/\",\"name\":\"Just Real Moms - Blog para M\u00e3es\",\"description\":\"O melhor e mais completo portal para m\u00e3es, pais e futuros pais!\",\"potentialAction\":[{\"@type\":\"SearchAction\",\"target\":{\"@type\":\"EntryPoint\",\"urlTemplate\":\"https:\/\/colinahomolog.com.br\/dev\/just-real-moms\/?s={search_term_string}\"},\"query-input\":{\"@type\":\"PropertyValueSpecification\",\"valueRequired\":true,\"valueName\":\"search_term_string\"}}],\"inLanguage\":\"pt-BR\"},{\"@type\":\"Person\",\"@id\":\"https:\/\/colinahomolog.com.br\/dev\/just-real-moms\/#\/schema\/person\/8218aa957ba5a31e5f531f3b6561916a\",\"name\":\"Juliana\",\"url\":\"https:\/\/colinahomolog.com.br\/dev\/just-real-moms\/author\/juliana\/\"}]}<\/script>\n<!-- \/ Yoast SEO Premium plugin. -->","yoast_head_json":{"title":"Estou indecisa em rela\u00e7\u00e3o ao nome do meu futuro filho! E agora?","robots":{"index":"index","follow":"follow","max-snippet":"max-snippet:-1","max-image-preview":"max-image-preview:large","max-video-preview":"max-video-preview:-1"},"canonical":"https:\/\/colinahomolog.com.br\/dev\/just-real-moms\/estou-indecisa-em-relacao-ao-nome-do-meu-futuro-filho\/","og_locale":"pt_BR","og_type":"article","og_title":"Estou indecisa em rela\u00e7\u00e3o ao nome do meu futuro filho! E agora?","og_description":"Favorite&nbsp; Ol\u00e1, meninas! Tudo bem? N\u00f3s sabemos que escolher o nome dos nossos filhos pode ser uma tarefa muito dif\u00edcil, justamente por n\u00e3o ser uma escolha simples. Muitas de n\u00f3s j\u00e1 escolhem desde pequenas os nomes que querem dar aos seus filhos, mas para algumas a indecis\u00e3o pode ser maior que tudo! Primeiro, o importante [&hellip;]","og_url":"https:\/\/colinahomolog.com.br\/dev\/just-real-moms\/estou-indecisa-em-relacao-ao-nome-do-meu-futuro-filho\/","og_site_name":"Just Real Moms - Blog para M\u00e3es","article_publisher":"https:\/\/www.facebook.com\/JustRealMoms","article_published_time":"2019-08-26T11:30:17+00:00","article_modified_time":"2023-05-17T11:34:48+00:00","og_image":[{"width":500,"height":750,"url":"https:\/\/colinahomolog.com.br\/dev\/just-real-moms\/wp-content\/uploads\/2016\/04\/39fb08973fb660686c50f99fb9a564a2.jpg","type":"image\/jpeg"}],"author":"Juliana","twitter_misc":{"Escrito por":"Juliana","Est. tempo de leitura":"2 minutos"},"schema":{"@context":"https:\/\/schema.org","@graph":[{"@type":"WebPage","@id":"https:\/\/colinahomolog.com.br\/dev\/just-real-moms\/estou-indecisa-em-relacao-ao-nome-do-meu-futuro-filho\/","url":"https:\/\/colinahomolog.com.br\/dev\/just-real-moms\/estou-indecisa-em-relacao-ao-nome-do-meu-futuro-filho\/","name":"Estou indecisa em rela\u00e7\u00e3o ao nome do meu futuro filho! E agora?","isPartOf":{"@id":"https:\/\/colinahomolog.com.br\/dev\/just-real-moms\/#website"},"primaryImageOfPage":{"@id":"https:\/\/colinahomolog.com.br\/dev\/just-real-moms\/estou-indecisa-em-relacao-ao-nome-do-meu-futuro-filho\/#primaryimage"},"image":{"@id":"https:\/\/colinahomolog.com.br\/dev\/just-real-moms\/estou-indecisa-em-relacao-ao-nome-do-meu-futuro-filho\/#primaryimage"},"thumbnailUrl":"https:\/\/colinahomolog.com.br\/dev\/just-real-moms\/wp-content\/uploads\/2016\/04\/39fb08973fb660686c50f99fb9a564a2.jpg","datePublished":"2019-08-26T11:30:17+00:00","dateModified":"2023-05-17T11:34:48+00:00","author":{"@id":"https:\/\/colinahomolog.com.br\/dev\/just-real-moms\/#\/schema\/person\/8218aa957ba5a31e5f531f3b6561916a"},"breadcrumb":{"@id":"https:\/\/colinahomolog.com.br\/dev\/just-real-moms\/estou-indecisa-em-relacao-ao-nome-do-meu-futuro-filho\/#breadcrumb"},"inLanguage":"pt-BR","potentialAction":[{"@type":"ReadAction","target":["https:\/\/colinahomolog.com.br\/dev\/just-real-moms\/estou-indecisa-em-relacao-ao-nome-do-meu-futuro-filho\/"]}]},{"@type":"ImageObject","inLanguage":"pt-BR","@id":"https:\/\/colinahomolog.com.br\/dev\/just-real-moms\/estou-indecisa-em-relacao-ao-nome-do-meu-futuro-filho\/#primaryimage","url":"https:\/\/colinahomolog.com.br\/dev\/just-real-moms\/wp-content\/uploads\/2016\/04\/39fb08973fb660686c50f99fb9a564a2.jpg","contentUrl":"https:\/\/colinahomolog.com.br\/dev\/just-real-moms\/wp-content\/uploads\/2016\/04\/39fb08973fb660686c50f99fb9a564a2.jpg","width":500,"height":750},{"@type":"BreadcrumbList","@id":"https:\/\/colinahomolog.com.br\/dev\/just-real-moms\/estou-indecisa-em-relacao-ao-nome-do-meu-futuro-filho\/#breadcrumb","itemListElement":[{"@type":"ListItem","position":1,"name":"In\u00edcio","item":"https:\/\/colinahomolog.com.br\/dev\/just-real-moms\/"},{"@type":"ListItem","position":2,"name":"Estou indecisa em rela\u00e7\u00e3o ao nome do meu futuro filho! E agora?"}]},{"@type":"WebSite","@id":"https:\/\/colinahomolog.com.br\/dev\/just-real-moms\/#website","url":"https:\/\/colinahomolog.com.br\/dev\/just-real-moms\/","name":"Just Real Moms - Blog para M\u00e3es","description":"O melhor e mais completo portal para m\u00e3es, pais e futuros pais!","potentialAction":[{"@type":"SearchAction","target":{"@type":"EntryPoint","urlTemplate":"https:\/\/colinahomolog.com.br\/dev\/just-real-moms\/?s={search_term_string}"},"query-input":{"@type":"PropertyValueSpecification","valueRequired":true,"valueName":"search_term_string"}}],"inLanguage":"pt-BR"},{"@type":"Person","@id":"https:\/\/colinahomolog.com.br\/dev\/just-real-moms\/#\/schema\/person\/8218aa957ba5a31e5f531f3b6561916a","name":"Juliana","url":"https:\/\/colinahomolog.com.br\/dev\/just-real-moms\/author\/juliana\/"}]}},"_links":{"self":[{"href":"https:\/\/colinahomolog.com.br\/dev\/just-real-moms\/wp-json\/wp\/v2\/posts\/38781","targetHints":{"allow":["GET"]}}],"collection":[{"href":"https:\/\/colinahomolog.com.br\/dev\/just-real-moms\/wp-json\/wp\/v2\/posts"}],"about":[{"href":"https:\/\/colinahomolog.com.br\/dev\/just-real-moms\/wp-json\/wp\/v2\/types\/post"}],"author":[{"embeddable":true,"href":"https:\/\/colinahomolog.com.br\/dev\/just-real-moms\/wp-json\/wp\/v2\/users\/6"}],"replies":[{"embeddable":true,"href":"https:\/\/colinahomolog.com.br\/dev\/just-real-moms\/wp-json\/wp\/v2\/comments?post=38781"}],"version-history":[{"count":0,"href":"https:\/\/colinahomolog.com.br\/dev\/just-real-moms\/wp-json\/wp\/v2\/posts\/38781\/revisions"}],"wp:featuredmedia":[{"embeddable":true,"href":"https:\/\/colinahomolog.com.br\/dev\/just-real-moms\/wp-json\/wp\/v2\/media\/38782"}],"wp:attachment":[{"href":"https:\/\/colinahomolog.com.br\/dev\/just-real-moms\/wp-json\/wp\/v2\/media?parent=38781"}],"wp:term":[{"taxonomy":"category","embeddable":true,"href":"https:\/\/colinahomolog.com.br\/dev\/just-real-moms\/wp-json\/wp\/v2\/categories?post=38781"},{"taxonomy":"post_tag","embeddable":true,"href":"https:\/\/colinahomolog.com.br\/dev\/just-real-moms\/wp-json\/wp\/v2\/tags?post=38781"}],"curies":[{"name":"wp","href":"https:\/\/api.w.org\/{rel}","templated":true}]}}