{"id":39025,"date":"2016-05-04T08:30:34","date_gmt":"2016-05-04T11:30:34","guid":{"rendered":"https:\/\/colinahomolog.com.br\/dev\/just-real-moms\/?p=39025"},"modified":"2016-05-19T18:51:57","modified_gmt":"2016-05-19T21:51:57","slug":"o-dia-em-que-parei-de-usar-baba-eletronica","status":"publish","type":"post","link":"https:\/\/colinahomolog.com.br\/dev\/just-real-moms\/o-dia-em-que-parei-de-usar-baba-eletronica\/","title":{"rendered":"O dia em que parei de usar a bab\u00e1 eletr\u00f4nica"},"content":{"rendered":"<button class=\"simplefavorite-button preset\" data-postid=\"39025\" data-siteid=\"1\" data-groupid=\"1\" data-favoritecount=\"0\" style=\"box-shadow:none;-webkit-box-shadow:none;-moz-box-shadow:none;background-color:#68ccb4;border-color:#68ccb4;color:#ffffff;\"><i class=\"sf-icon-favorite\" style=\"\"><\/i>Favorite<\/button><p>&nbsp;<\/p>\n<p>Ol\u00e1!<\/p>\n<p>Com quase 5 anos completos dos meus filhos, finalmente consegui parar de usar a bab\u00e1 eletr\u00f4nica.<\/p>\n<p>Ainda estou em fase de abstin\u00eancia, pois era realmente c\u00f4modo ter o som do quarto dos meus filhos ao meu lado a todo momento. Escuto choros, vozes me chamando e barulhos de coisas caindo algumas vezes durante a noite. Na verdade, muitos desses sons est\u00e3o apenas em minha cabe\u00e7a&#8230; Quando chego ao quarto deles, est\u00e3o dormindo feito anjos!<\/p>\n<p>A sensa\u00e7\u00e3o\u00a0de ter ultrapassado a barreira da bab\u00e1 eletr\u00f4nica \u00e9 boa e, ao mesmo tempo, ruim. Gra\u00e7as \u00e0 Deus meus filhos dormem a noite inteira, mas vejo que est\u00e3o crescendo muito e r\u00e1pido demais.<\/p>\n<p>Pode parecer besteira se sentir emotiva ao retirar a tal da bab\u00e1, mas isso significa tanto! Cada fase que passamos, \u00e9 uma vibra\u00e7\u00e3o: a retirada da mamadeira, da chupeta, da fralda diurna e noturna, a transi\u00e7\u00e3o do ber\u00e7o para a cama, do cadeir\u00e3o para a cadeira normal da mesa&#8230; Tudo isso mostra o crescimento dos nossos filhos e o in\u00edcio da prepara\u00e7\u00e3o para vida de \u201cgente grande\u201d.<\/p>\n<p>Todos os dias lemos artigos sobre o cansa\u00e7o das m\u00e3es (o que nos faz nos sentir abra\u00e7adas, pois passamos por isso), e sobre o quanto sentiremos falta dos nossos filhos pequenos (e j\u00e1 posso sentir). Mas o prazer em ver que estamos conseguindo fazer a coisa certa, criando e educando nossos filhos para o mundo, \u00e9 maravilhoso! Pequenas coisas fazem as m\u00e3es se sentirem orgulhosas, e eu estou!<\/p>\n<p>Pode parecer tarde ter parado de usar a bab\u00e1 eletr\u00f4nica com crian\u00e7as de quase 5 anos, mas n\u00e3o existe certo e errado, cada crian\u00e7a tem seu tempo e mais: cada m\u00e3e tem seu tempo. O mais importante, dessa hist\u00f3ria toda, \u00e9 respeitar o momento das crian\u00e7as e o seu pr\u00f3prio momento. Sem compara\u00e7\u00f5es. Apenas seguindo o que se apresenta na sua casa, com seus filhos e com voc\u00ea.<\/p>\n<p>Enfim, mais uma etapa finalizada. Retirei a bab\u00e1 eletr\u00f4nica.<\/p>\n<p>&nbsp;<\/p>\n<p><img fetchpriority=\"high\" decoding=\"async\" class=\"aligncenter wp-image-39026\" src=\"https:\/\/colinahomolog.com.br\/dev\/just-real-moms\/wp-content\/uploads\/2016\/04\/parei_de_usar_a_baba_eletronica-just_real_moms-3.jpg\" alt=\"O dia em que parei de usar a bab\u00e1 eletr\u00f4nica - Just Real Moms\" width=\"600\" height=\"338\" srcset=\"https:\/\/colinahomolog.com.br\/dev\/just-real-moms\/wp-content\/uploads\/2016\/04\/parei_de_usar_a_baba_eletronica-just_real_moms-3.jpg 695w, https:\/\/colinahomolog.com.br\/dev\/just-real-moms\/wp-content\/uploads\/2016\/04\/parei_de_usar_a_baba_eletronica-just_real_moms-3-400x225.jpg 400w\" sizes=\"(max-width: 600px) 100vw, 600px\" \/><\/p>\n<p>&nbsp;<\/p>\n\n    <div class=\"xs_social_share_widget xs_share_url after_content \t\tmain_content  wslu-style-1 wslu-share-box-shaped wslu-fill-colored wslu-none wslu-share-horizontal wslu-theme-font-no wslu-main_content\">\n\n\t\t\n        <ul>\n\t\t\t        <\/ul>\n    <\/div> \n","protected":false},"excerpt":{"rendered":"<p>Favorite&nbsp; Ol\u00e1! Com quase 5 anos completos dos meus filhos, finalmente consegui parar de usar a bab\u00e1 eletr\u00f4nica. Ainda estou em fase de abstin\u00eancia, pois era realmente c\u00f4modo ter o som do quarto dos meus filhos ao meu lado a todo momento. Escuto choros, vozes me chamando e barulhos de coisas caindo algumas vezes durante [&hellip;]<\/p>\n","protected":false},"author":4,"featured_media":39026,"comment_status":"open","ping_status":"closed","sticky":false,"template":"","format":"standard","meta":{"_acf_changed":false,"footnotes":""},"categories":[30,1783,1777],"tags":[],"class_list":{"0":"post-39025","1":"post","2":"type-post","3":"status-publish","4":"format-standard","5":"has-post-thumbnail","7":"category-de-mae-para-mae","8":"category-desenvolvimento","9":"category-somos-todas-iguais"},"acf":[],"yoast_head":"<!-- This site is optimized with the Yoast SEO Premium plugin v26.6 (Yoast SEO v26.6) - https:\/\/yoast.com\/wordpress\/plugins\/seo\/ -->\n<title>O dia em que parei de usar a bab\u00e1 eletr\u00f4nica<\/title>\n<meta name=\"description\" content=\"Voc\u00ea tem pressa em parar de usar a bab\u00e1 eletr\u00f4nica?\" \/>\n<meta name=\"robots\" content=\"index, follow, max-snippet:-1, max-image-preview:large, max-video-preview:-1\" \/>\n<link rel=\"canonical\" href=\"https:\/\/colinahomolog.com.br\/dev\/just-real-moms\/o-dia-em-que-parei-de-usar-baba-eletronica\/\" \/>\n<meta property=\"og:locale\" content=\"pt_BR\" \/>\n<meta property=\"og:type\" content=\"article\" \/>\n<meta property=\"og:title\" content=\"O dia em que parei de usar a bab\u00e1 eletr\u00f4nica\" \/>\n<meta property=\"og:description\" content=\"Voc\u00ea tem pressa em parar de usar a bab\u00e1 eletr\u00f4nica?\" \/>\n<meta property=\"og:url\" content=\"https:\/\/colinahomolog.com.br\/dev\/just-real-moms\/o-dia-em-que-parei-de-usar-baba-eletronica\/\" \/>\n<meta property=\"og:site_name\" content=\"Just Real Moms - Blog para M\u00e3es\" \/>\n<meta property=\"article:publisher\" content=\"https:\/\/www.facebook.com\/JustRealMoms\" \/>\n<meta property=\"article:published_time\" content=\"2016-05-04T11:30:34+00:00\" \/>\n<meta property=\"article:modified_time\" content=\"2016-05-19T21:51:57+00:00\" \/>\n<meta property=\"og:image\" content=\"https:\/\/colinahomolog.com.br\/dev\/just-real-moms\/wp-content\/uploads\/2016\/04\/parei_de_usar_a_baba_eletronica-just_real_moms-3.jpg\" \/>\n\t<meta property=\"og:image:width\" content=\"695\" \/>\n\t<meta property=\"og:image:height\" content=\"391\" \/>\n\t<meta property=\"og:image:type\" content=\"image\/jpeg\" \/>\n<meta name=\"author\" content=\"Renata\" \/>\n<meta name=\"twitter:label1\" content=\"Escrito por\" \/>\n\t<meta name=\"twitter:data1\" content=\"Renata\" \/>\n\t<meta name=\"twitter:label2\" content=\"Est. tempo de leitura\" \/>\n\t<meta name=\"twitter:data2\" content=\"2 minutos\" \/>\n<script type=\"application\/ld+json\" class=\"yoast-schema-graph\">{\"@context\":\"https:\/\/schema.org\",\"@graph\":[{\"@type\":\"WebPage\",\"@id\":\"https:\/\/colinahomolog.com.br\/dev\/just-real-moms\/o-dia-em-que-parei-de-usar-baba-eletronica\/\",\"url\":\"https:\/\/colinahomolog.com.br\/dev\/just-real-moms\/o-dia-em-que-parei-de-usar-baba-eletronica\/\",\"name\":\"O dia em que parei de usar a bab\u00e1 eletr\u00f4nica\",\"isPartOf\":{\"@id\":\"https:\/\/colinahomolog.com.br\/dev\/just-real-moms\/#website\"},\"primaryImageOfPage\":{\"@id\":\"https:\/\/colinahomolog.com.br\/dev\/just-real-moms\/o-dia-em-que-parei-de-usar-baba-eletronica\/#primaryimage\"},\"image\":{\"@id\":\"https:\/\/colinahomolog.com.br\/dev\/just-real-moms\/o-dia-em-que-parei-de-usar-baba-eletronica\/#primaryimage\"},\"thumbnailUrl\":\"https:\/\/colinahomolog.com.br\/dev\/just-real-moms\/wp-content\/uploads\/2016\/04\/parei_de_usar_a_baba_eletronica-just_real_moms-3.jpg\",\"datePublished\":\"2016-05-04T11:30:34+00:00\",\"dateModified\":\"2016-05-19T21:51:57+00:00\",\"author\":{\"@id\":\"https:\/\/colinahomolog.com.br\/dev\/just-real-moms\/#\/schema\/person\/2f9d85c04a6847c0f366e0a40924a2fa\"},\"description\":\"Voc\u00ea tem pressa em parar de usar a bab\u00e1 eletr\u00f4nica?\",\"breadcrumb\":{\"@id\":\"https:\/\/colinahomolog.com.br\/dev\/just-real-moms\/o-dia-em-que-parei-de-usar-baba-eletronica\/#breadcrumb\"},\"inLanguage\":\"pt-BR\",\"potentialAction\":[{\"@type\":\"ReadAction\",\"target\":[\"https:\/\/colinahomolog.com.br\/dev\/just-real-moms\/o-dia-em-que-parei-de-usar-baba-eletronica\/\"]}]},{\"@type\":\"ImageObject\",\"inLanguage\":\"pt-BR\",\"@id\":\"https:\/\/colinahomolog.com.br\/dev\/just-real-moms\/o-dia-em-que-parei-de-usar-baba-eletronica\/#primaryimage\",\"url\":\"https:\/\/colinahomolog.com.br\/dev\/just-real-moms\/wp-content\/uploads\/2016\/04\/parei_de_usar_a_baba_eletronica-just_real_moms-3.jpg\",\"contentUrl\":\"https:\/\/colinahomolog.com.br\/dev\/just-real-moms\/wp-content\/uploads\/2016\/04\/parei_de_usar_a_baba_eletronica-just_real_moms-3.jpg\",\"width\":695,\"height\":391},{\"@type\":\"BreadcrumbList\",\"@id\":\"https:\/\/colinahomolog.com.br\/dev\/just-real-moms\/o-dia-em-que-parei-de-usar-baba-eletronica\/#breadcrumb\",\"itemListElement\":[{\"@type\":\"ListItem\",\"position\":1,\"name\":\"In\u00edcio\",\"item\":\"https:\/\/colinahomolog.com.br\/dev\/just-real-moms\/\"},{\"@type\":\"ListItem\",\"position\":2,\"name\":\"O dia em que parei de usar a bab\u00e1 eletr\u00f4nica\"}]},{\"@type\":\"WebSite\",\"@id\":\"https:\/\/colinahomolog.com.br\/dev\/just-real-moms\/#website\",\"url\":\"https:\/\/colinahomolog.com.br\/dev\/just-real-moms\/\",\"name\":\"Just Real Moms - Blog para M\u00e3es\",\"description\":\"O melhor e mais completo portal para m\u00e3es, pais e futuros pais!\",\"potentialAction\":[{\"@type\":\"SearchAction\",\"target\":{\"@type\":\"EntryPoint\",\"urlTemplate\":\"https:\/\/colinahomolog.com.br\/dev\/just-real-moms\/?s={search_term_string}\"},\"query-input\":{\"@type\":\"PropertyValueSpecification\",\"valueRequired\":true,\"valueName\":\"search_term_string\"}}],\"inLanguage\":\"pt-BR\"},{\"@type\":\"Person\",\"@id\":\"https:\/\/colinahomolog.com.br\/dev\/just-real-moms\/#\/schema\/person\/2f9d85c04a6847c0f366e0a40924a2fa\",\"name\":\"Renata\",\"url\":\"https:\/\/colinahomolog.com.br\/dev\/just-real-moms\/author\/renata\/\"}]}<\/script>\n<!-- \/ Yoast SEO Premium plugin. -->","yoast_head_json":{"title":"O dia em que parei de usar a bab\u00e1 eletr\u00f4nica","description":"Voc\u00ea tem pressa em parar de usar a bab\u00e1 eletr\u00f4nica?","robots":{"index":"index","follow":"follow","max-snippet":"max-snippet:-1","max-image-preview":"max-image-preview:large","max-video-preview":"max-video-preview:-1"},"canonical":"https:\/\/colinahomolog.com.br\/dev\/just-real-moms\/o-dia-em-que-parei-de-usar-baba-eletronica\/","og_locale":"pt_BR","og_type":"article","og_title":"O dia em que parei de usar a bab\u00e1 eletr\u00f4nica","og_description":"Voc\u00ea tem pressa em parar de usar a bab\u00e1 eletr\u00f4nica?","og_url":"https:\/\/colinahomolog.com.br\/dev\/just-real-moms\/o-dia-em-que-parei-de-usar-baba-eletronica\/","og_site_name":"Just Real Moms - Blog para M\u00e3es","article_publisher":"https:\/\/www.facebook.com\/JustRealMoms","article_published_time":"2016-05-04T11:30:34+00:00","article_modified_time":"2016-05-19T21:51:57+00:00","og_image":[{"width":695,"height":391,"url":"https:\/\/colinahomolog.com.br\/dev\/just-real-moms\/wp-content\/uploads\/2016\/04\/parei_de_usar_a_baba_eletronica-just_real_moms-3.jpg","type":"image\/jpeg"}],"author":"Renata","twitter_misc":{"Escrito por":"Renata","Est. tempo de leitura":"2 minutos"},"schema":{"@context":"https:\/\/schema.org","@graph":[{"@type":"WebPage","@id":"https:\/\/colinahomolog.com.br\/dev\/just-real-moms\/o-dia-em-que-parei-de-usar-baba-eletronica\/","url":"https:\/\/colinahomolog.com.br\/dev\/just-real-moms\/o-dia-em-que-parei-de-usar-baba-eletronica\/","name":"O dia em que parei de usar a bab\u00e1 eletr\u00f4nica","isPartOf":{"@id":"https:\/\/colinahomolog.com.br\/dev\/just-real-moms\/#website"},"primaryImageOfPage":{"@id":"https:\/\/colinahomolog.com.br\/dev\/just-real-moms\/o-dia-em-que-parei-de-usar-baba-eletronica\/#primaryimage"},"image":{"@id":"https:\/\/colinahomolog.com.br\/dev\/just-real-moms\/o-dia-em-que-parei-de-usar-baba-eletronica\/#primaryimage"},"thumbnailUrl":"https:\/\/colinahomolog.com.br\/dev\/just-real-moms\/wp-content\/uploads\/2016\/04\/parei_de_usar_a_baba_eletronica-just_real_moms-3.jpg","datePublished":"2016-05-04T11:30:34+00:00","dateModified":"2016-05-19T21:51:57+00:00","author":{"@id":"https:\/\/colinahomolog.com.br\/dev\/just-real-moms\/#\/schema\/person\/2f9d85c04a6847c0f366e0a40924a2fa"},"description":"Voc\u00ea tem pressa em parar de usar a bab\u00e1 eletr\u00f4nica?","breadcrumb":{"@id":"https:\/\/colinahomolog.com.br\/dev\/just-real-moms\/o-dia-em-que-parei-de-usar-baba-eletronica\/#breadcrumb"},"inLanguage":"pt-BR","potentialAction":[{"@type":"ReadAction","target":["https:\/\/colinahomolog.com.br\/dev\/just-real-moms\/o-dia-em-que-parei-de-usar-baba-eletronica\/"]}]},{"@type":"ImageObject","inLanguage":"pt-BR","@id":"https:\/\/colinahomolog.com.br\/dev\/just-real-moms\/o-dia-em-que-parei-de-usar-baba-eletronica\/#primaryimage","url":"https:\/\/colinahomolog.com.br\/dev\/just-real-moms\/wp-content\/uploads\/2016\/04\/parei_de_usar_a_baba_eletronica-just_real_moms-3.jpg","contentUrl":"https:\/\/colinahomolog.com.br\/dev\/just-real-moms\/wp-content\/uploads\/2016\/04\/parei_de_usar_a_baba_eletronica-just_real_moms-3.jpg","width":695,"height":391},{"@type":"BreadcrumbList","@id":"https:\/\/colinahomolog.com.br\/dev\/just-real-moms\/o-dia-em-que-parei-de-usar-baba-eletronica\/#breadcrumb","itemListElement":[{"@type":"ListItem","position":1,"name":"In\u00edcio","item":"https:\/\/colinahomolog.com.br\/dev\/just-real-moms\/"},{"@type":"ListItem","position":2,"name":"O dia em que parei de usar a bab\u00e1 eletr\u00f4nica"}]},{"@type":"WebSite","@id":"https:\/\/colinahomolog.com.br\/dev\/just-real-moms\/#website","url":"https:\/\/colinahomolog.com.br\/dev\/just-real-moms\/","name":"Just Real Moms - Blog para M\u00e3es","description":"O melhor e mais completo portal para m\u00e3es, pais e futuros pais!","potentialAction":[{"@type":"SearchAction","target":{"@type":"EntryPoint","urlTemplate":"https:\/\/colinahomolog.com.br\/dev\/just-real-moms\/?s={search_term_string}"},"query-input":{"@type":"PropertyValueSpecification","valueRequired":true,"valueName":"search_term_string"}}],"inLanguage":"pt-BR"},{"@type":"Person","@id":"https:\/\/colinahomolog.com.br\/dev\/just-real-moms\/#\/schema\/person\/2f9d85c04a6847c0f366e0a40924a2fa","name":"Renata","url":"https:\/\/colinahomolog.com.br\/dev\/just-real-moms\/author\/renata\/"}]}},"_links":{"self":[{"href":"https:\/\/colinahomolog.com.br\/dev\/just-real-moms\/wp-json\/wp\/v2\/posts\/39025","targetHints":{"allow":["GET"]}}],"collection":[{"href":"https:\/\/colinahomolog.com.br\/dev\/just-real-moms\/wp-json\/wp\/v2\/posts"}],"about":[{"href":"https:\/\/colinahomolog.com.br\/dev\/just-real-moms\/wp-json\/wp\/v2\/types\/post"}],"author":[{"embeddable":true,"href":"https:\/\/colinahomolog.com.br\/dev\/just-real-moms\/wp-json\/wp\/v2\/users\/4"}],"replies":[{"embeddable":true,"href":"https:\/\/colinahomolog.com.br\/dev\/just-real-moms\/wp-json\/wp\/v2\/comments?post=39025"}],"version-history":[{"count":0,"href":"https:\/\/colinahomolog.com.br\/dev\/just-real-moms\/wp-json\/wp\/v2\/posts\/39025\/revisions"}],"wp:featuredmedia":[{"embeddable":true,"href":"https:\/\/colinahomolog.com.br\/dev\/just-real-moms\/wp-json\/wp\/v2\/media\/39026"}],"wp:attachment":[{"href":"https:\/\/colinahomolog.com.br\/dev\/just-real-moms\/wp-json\/wp\/v2\/media?parent=39025"}],"wp:term":[{"taxonomy":"category","embeddable":true,"href":"https:\/\/colinahomolog.com.br\/dev\/just-real-moms\/wp-json\/wp\/v2\/categories?post=39025"},{"taxonomy":"post_tag","embeddable":true,"href":"https:\/\/colinahomolog.com.br\/dev\/just-real-moms\/wp-json\/wp\/v2\/tags?post=39025"}],"curies":[{"name":"wp","href":"https:\/\/api.w.org\/{rel}","templated":true}]}}