{"id":39117,"date":"2016-05-06T08:35:51","date_gmt":"2016-05-06T11:35:51","guid":{"rendered":"https:\/\/colinahomolog.com.br\/dev\/just-real-moms\/?p=39117"},"modified":"2016-05-06T02:01:45","modified_gmt":"2016-05-06T05:01:45","slug":"passeios-para-fazer-com-as-criancas-no-rio-de-janeiro-por-rio-kids","status":"publish","type":"post","link":"https:\/\/colinahomolog.com.br\/dev\/just-real-moms\/passeios-para-fazer-com-as-criancas-no-rio-de-janeiro-por-rio-kids\/","title":{"rendered":"Passeios para fazer com as crian\u00e7as no Rio de Janeiro &#8211; por Rio Kids"},"content":{"rendered":"<button class=\"simplefavorite-button preset\" data-postid=\"39117\" data-siteid=\"1\" data-groupid=\"1\" data-favoritecount=\"0\" style=\"box-shadow:none;-webkit-box-shadow:none;-moz-box-shadow:none;background-color:#68ccb4;border-color:#68ccb4;color:#ffffff;\"><i class=\"sf-icon-favorite\" style=\"\"><\/i>Favorite<\/button><p>Ol\u00e1!<\/p>\n<p>Nossas colaboradoras da<a href=\"http:\/\/riokids.com.br\/\" target=\"_blank\"> Rio Kids <\/a>separaram os melhores passeios para fazer com as crian\u00e7as no Rio de Janeiro nesse fim de semana!<\/p>\n<p>Vejam as dicas, est\u00e3o incr\u00edveis!<\/p>\n<p>&nbsp;<\/p>\n<hr \/>\n<p>&nbsp;<\/p>\n<p>&nbsp;<\/p>\n<p><strong>La\u00e7amento da Cole\u00e7\u00e3o Gabriela Kapim e Reserva Mini tem oficina gratuita para a garotada<\/strong><\/p>\n<p>Esse final de semana vai acontecer um evento muito bacana com a Gabriela Kapim, apresentadora do programa \u201cSocorro! Meu Filho Come Mal\u201d do canal GNT.<\/p>\n<p>Neste \u00a0s\u00e1bado, 7 de maio,\u00a0Reserva Mini \u00a0lan\u00e7a uma linha de camisetas criadas em parceria com comanda a oficina Nutrigarotada\u00a0que vai acontecer das 15h \u00e0s 17h no\u00a0Shopping Leblon.<\/p>\n<p>Durante a atividade, os pequenos\u00a0v\u00e3o brincar de mini chefs fazendo seus pr\u00f3prios sandu\u00edches usando os grupos de alimentos e as cinco cores, baseado no lema #5CoresNoPrato. \u00c0s 18h, acontece um\u00a0bate-papo com a apresentadora.<\/p>\n<p>O evento acontece na sala de relacionamentos do shopping, 1\u00ba piso.<\/p>\n<p>Retirada dos kits: a partir das 14h30<\/p>\n<p>Oficina Nutrigarotada: 15h \u00e0s 17h<\/p>\n<p>Bate-Papo com Gabriela Kapim: 18h<\/p>\n<p><img fetchpriority=\"high\" decoding=\"async\" class=\"aligncenter wp-image-39118\" src=\"https:\/\/colinahomolog.com.br\/dev\/just-real-moms\/wp-content\/uploads\/2016\/05\/kapim.jpg\" alt=\"kapim\" width=\"500\" height=\"402\" srcset=\"https:\/\/colinahomolog.com.br\/dev\/just-real-moms\/wp-content\/uploads\/2016\/05\/kapim.jpg 600w, https:\/\/colinahomolog.com.br\/dev\/just-real-moms\/wp-content\/uploads\/2016\/05\/kapim-400x321.jpg 400w\" sizes=\"(max-width: 500px) 100vw, 500px\" \/><\/p>\n<p>&nbsp;<\/p>\n<p>&nbsp;<\/p>\n<p><strong>4\u00aa Edi\u00e7\u00e3o do P\u00f4r do Sol na Lagoa <\/strong><\/p>\n<p>No pr\u00f3ximo final de semana, 07 e 08 de maio, o Rio\u00a0recebe mais uma edi\u00e7\u00e3o da feira\u00a0P\u00f4r do Sol na Lagoa, agora no Parque dos Patins.<\/p>\n<p>E j\u00e1 que \u00e9 dia dela, como\u00a0homenagem, as\u00a0primeiras 20 m\u00e3es que chegarem ao evento no domingo (08\/05) v\u00e3o ganhar uma mini garrafa de vinho.<\/p>\n<p>Para a garotada vai rolar\u00a0oficina de cupcakes na\u00a0Doce Amore Cupcake (a partir de 1 ano e meio). As atividades envolvem confec\u00e7\u00e3o de cupcakes\u00a0 e biscoitos decorados.<\/p>\n<p>O espa\u00e7o vai contar com almofadas da equipe do aplicativo \u201cNa Praia\u201d\u00a0e cangas da\u00a0\u201c55Canga\u201d espalhadas e \u00e0 disposi\u00e7\u00e3o do p\u00fablico. Entrada \u00e9 franca.<\/p>\n<p>O evento acontece no Parque dos Patins, Lagoa, das 16 \u00e0s 23h.<\/p>\n<p><img decoding=\"async\" class=\"aligncenter wp-image-39119\" src=\"https:\/\/colinahomolog.com.br\/dev\/just-real-moms\/wp-content\/uploads\/2016\/05\/por-do-sol.jpg\" alt=\"por do sol\" width=\"500\" height=\"530\" srcset=\"https:\/\/colinahomolog.com.br\/dev\/just-real-moms\/wp-content\/uploads\/2016\/05\/por-do-sol.jpg 450w, https:\/\/colinahomolog.com.br\/dev\/just-real-moms\/wp-content\/uploads\/2016\/05\/por-do-sol-400x424.jpg 400w\" sizes=\"(max-width: 500px) 100vw, 500px\" \/><\/p>\n<p>&nbsp;<\/p>\n<p>&nbsp;<\/p>\n<p><strong>Boquinha\u2026 E assim surgiu o mundo<\/strong>\u2026<\/p>\n<p>O espet\u00e1culo conta a hist\u00f3ria do surgimento do mundo inspirado em contos e lendas de diversas culturas. Sozinho no palco, Orlando Caldeira utiliza o circo, a manipula\u00e7\u00e3o e a m\u00fasica para estimular de forma l\u00fadica a imagina\u00e7\u00e3o das crian\u00e7as.<\/p>\n<p>Em cartaz no Espa\u00e7o SESC , Copacabana, s\u00e1bados \u00e0s 16h e domingos \u00e0s 11h.<\/p>\n<p>Temporada: At\u00e9 29 de maio<\/p>\n<p><img decoding=\"async\" class=\"aligncenter wp-image-39120\" src=\"https:\/\/colinahomolog.com.br\/dev\/just-real-moms\/wp-content\/uploads\/2016\/05\/sesc.jpg\" alt=\"sesc\" width=\"500\" height=\"335\" srcset=\"https:\/\/colinahomolog.com.br\/dev\/just-real-moms\/wp-content\/uploads\/2016\/05\/sesc.jpg 644w, https:\/\/colinahomolog.com.br\/dev\/just-real-moms\/wp-content\/uploads\/2016\/05\/sesc-400x268.jpg 400w, https:\/\/colinahomolog.com.br\/dev\/just-real-moms\/wp-content\/uploads\/2016\/05\/sesc-225x150.jpg 225w\" sizes=\"(max-width: 500px) 100vw, 500px\" \/><\/p>\n<p>&nbsp;<\/p>\n<p><strong>Anna e Elsa em uma Escola de Princesas<\/strong><\/p>\n<p>Anna e Elsa est\u00e3o de volta em uma nova hist\u00f3ria de contos de fadas apaixonante. As queridinhas das crian\u00e7as protagonizam uma hist\u00f3ria encantadora, que come\u00e7a quando os representantes do Era Uma Vez, os professores Vargas e Morgan as convidam para terem aulas de como serem princesas, j\u00e1 que Anna e Elsa passaram tanto tempo isoladas e sem contato com o mundo por fora do castelo que viviam.<\/p>\n<p>L\u00e1 elas encontram personagens ic\u00f4nicos do mundo da imagina\u00e7\u00e3o, como o audacioso e curioso Peter Pan, o astuto Gato de Botas, o charmoso, impec\u00e1vel e vaidoso Pr\u00edncipe Encantado e claro, as amadas princesas Branca de Neve, Bela, Ariel e Rapunzel, que ficaram em recupera\u00e7\u00e3o e precisam fazer provas para serem aprovadas na Escola. Mas uma reviravolta acontece, as princesas come\u00e7am a desaparecer uma por uma e caber\u00e1 a Anna e Elsa desvendar quem est\u00e1 por tr\u00e1s desse misterioso sumi\u00e7o e resgat\u00e1-las.<\/p>\n<p>O musical Anna e Elsa em uma Escola de Princesas promete encantar junto com nossos queridos personagens, desde os mais novinhos at\u00e9 os mais s\u00e1bios, mostrando que a uni\u00e3o realmente faz a for\u00e7a e o qu\u00e3o poderosa \u00e9 a magia de sonhar.<\/p>\n<p>Em cartaz no Teatro dos Grandes Atores, Barra, s\u00e1bados e domingos, \u00e0s 17h.<\/p>\n<p>Temporada: At\u00e9 29 de maio<\/p>\n<p><img loading=\"lazy\" decoding=\"async\" class=\"aligncenter size-full wp-image-39121\" src=\"https:\/\/colinahomolog.com.br\/dev\/just-real-moms\/wp-content\/uploads\/2016\/05\/frozen.jpg\" alt=\"frozen\" width=\"310\" height=\"205\" srcset=\"https:\/\/colinahomolog.com.br\/dev\/just-real-moms\/wp-content\/uploads\/2016\/05\/frozen.jpg 310w, https:\/\/colinahomolog.com.br\/dev\/just-real-moms\/wp-content\/uploads\/2016\/05\/frozen-225x150.jpg 225w\" sizes=\"(max-width: 310px) 100vw, 310px\" \/><\/p>\n<p>&nbsp;<\/p>\n<p>&nbsp;<\/p>\n<p><strong>A \u00c1rvore que Fugiu do Quintal<\/strong><\/p>\n<p>O espet\u00e1culo fala do amor e respeito das crian\u00e7as pela natureza, da conscientiza\u00e7\u00e3o sobre a preserva\u00e7\u00e3o desse meio ambiente e da busca por um mundo melhor e mais verde. A trajet\u00f3ria da \u00e1rvore, os encontros com os personagens durante esse percurso, as m\u00fasicas e a atmosfera convidam o p\u00fablico, crian\u00e7as e adultos, a embarcar no mundo m\u00e1gico da natureza e torcer por suas vit\u00f3rias.<\/p>\n<p>Em cartaz no Oi Futuro Flamengo, s\u00e1bados e domingos, \u00e0s 16h.<\/p>\n<p>Temporada: At\u00e9 29 de maio<\/p>\n<p><img loading=\"lazy\" decoding=\"async\" class=\"aligncenter wp-image-39122\" src=\"https:\/\/colinahomolog.com.br\/dev\/just-real-moms\/wp-content\/uploads\/2016\/05\/arvore.jpg\" alt=\"arvore\" width=\"500\" height=\"210\" srcset=\"https:\/\/colinahomolog.com.br\/dev\/just-real-moms\/wp-content\/uploads\/2016\/05\/arvore.jpg 930w, https:\/\/colinahomolog.com.br\/dev\/just-real-moms\/wp-content\/uploads\/2016\/05\/arvore-400x168.jpg 400w, https:\/\/colinahomolog.com.br\/dev\/just-real-moms\/wp-content\/uploads\/2016\/05\/arvore-768x322.jpg 768w, https:\/\/colinahomolog.com.br\/dev\/just-real-moms\/wp-content\/uploads\/2016\/05\/arvore-820x344.jpg 820w\" sizes=\"(max-width: 500px) 100vw, 500px\" \/><\/p>\n\n    <div class=\"xs_social_share_widget xs_share_url after_content \t\tmain_content  wslu-style-1 wslu-share-box-shaped wslu-fill-colored wslu-none wslu-share-horizontal wslu-theme-font-no wslu-main_content\">\n\n\t\t\n        <ul>\n\t\t\t        <\/ul>\n    <\/div> \n","protected":false},"excerpt":{"rendered":"<p>FavoriteOl\u00e1! Nossas colaboradoras da Rio Kids separaram os melhores passeios para fazer com as crian\u00e7as no Rio de Janeiro nesse fim de semana! Vejam as dicas, est\u00e3o incr\u00edveis! &nbsp; &nbsp; &nbsp; La\u00e7amento da Cole\u00e7\u00e3o Gabriela Kapim e Reserva Mini tem oficina gratuita para a garotada Esse final de semana vai acontecer um evento muito bacana [&hellip;]<\/p>\n","protected":false},"author":6,"featured_media":39120,"comment_status":"open","ping_status":"closed","sticky":false,"template":"","format":"standard","meta":{"_acf_changed":false,"footnotes":""},"categories":[33,1742,1824],"tags":[],"class_list":{"0":"post-39117","1":"post","2":"type-post","3":"status-publish","4":"format-standard","5":"has-post-thumbnail","7":"category-have-fun","8":"category-programacao","9":"category-programacao-rio-de-janeiro"},"acf":[],"yoast_head":"<!-- This site is optimized with the Yoast SEO Premium plugin v26.6 (Yoast SEO v26.6) - https:\/\/yoast.com\/wordpress\/plugins\/seo\/ -->\n<title>Passeios para fazer com as crian\u00e7as no Rio de Janeiro - por Rio Kids<\/title>\n<meta name=\"description\" content=\"Confira passeios para fazer com as crian\u00e7as no Rio de Janeiro no fim de semana dos dias 07 e 08 de maio!\" \/>\n<meta name=\"robots\" content=\"index, follow, max-snippet:-1, max-image-preview:large, max-video-preview:-1\" \/>\n<link rel=\"canonical\" href=\"https:\/\/colinahomolog.com.br\/dev\/just-real-moms\/passeios-para-fazer-com-as-criancas-no-rio-de-janeiro-por-rio-kids\/\" \/>\n<meta property=\"og:locale\" content=\"pt_BR\" \/>\n<meta property=\"og:type\" content=\"article\" \/>\n<meta property=\"og:title\" content=\"Passeios para fazer com as crian\u00e7as no Rio de Janeiro - por Rio Kids\" \/>\n<meta property=\"og:description\" content=\"Confira passeios para fazer com as crian\u00e7as no Rio de Janeiro no fim de semana dos dias 07 e 08 de maio!\" \/>\n<meta property=\"og:url\" content=\"https:\/\/colinahomolog.com.br\/dev\/just-real-moms\/passeios-para-fazer-com-as-criancas-no-rio-de-janeiro-por-rio-kids\/\" \/>\n<meta property=\"og:site_name\" content=\"Just Real Moms - Blog para M\u00e3es\" \/>\n<meta property=\"article:publisher\" content=\"https:\/\/www.facebook.com\/JustRealMoms\" \/>\n<meta property=\"article:published_time\" content=\"2016-05-06T11:35:51+00:00\" \/>\n<meta property=\"og:image\" content=\"https:\/\/colinahomolog.com.br\/dev\/just-real-moms\/wp-content\/uploads\/2016\/05\/sesc.jpg\" \/>\n\t<meta property=\"og:image:width\" content=\"644\" \/>\n\t<meta property=\"og:image:height\" content=\"431\" \/>\n\t<meta property=\"og:image:type\" content=\"image\/jpeg\" \/>\n<meta name=\"author\" content=\"Juliana\" \/>\n<meta name=\"twitter:label1\" content=\"Escrito por\" \/>\n\t<meta name=\"twitter:data1\" content=\"Juliana\" \/>\n\t<meta name=\"twitter:label2\" content=\"Est. tempo de leitura\" \/>\n\t<meta name=\"twitter:data2\" content=\"4 minutos\" \/>\n<script type=\"application\/ld+json\" class=\"yoast-schema-graph\">{\"@context\":\"https:\/\/schema.org\",\"@graph\":[{\"@type\":\"WebPage\",\"@id\":\"https:\/\/colinahomolog.com.br\/dev\/just-real-moms\/passeios-para-fazer-com-as-criancas-no-rio-de-janeiro-por-rio-kids\/\",\"url\":\"https:\/\/colinahomolog.com.br\/dev\/just-real-moms\/passeios-para-fazer-com-as-criancas-no-rio-de-janeiro-por-rio-kids\/\",\"name\":\"Passeios para fazer com as crian\u00e7as no Rio de Janeiro - por Rio Kids\",\"isPartOf\":{\"@id\":\"https:\/\/colinahomolog.com.br\/dev\/just-real-moms\/#website\"},\"primaryImageOfPage\":{\"@id\":\"https:\/\/colinahomolog.com.br\/dev\/just-real-moms\/passeios-para-fazer-com-as-criancas-no-rio-de-janeiro-por-rio-kids\/#primaryimage\"},\"image\":{\"@id\":\"https:\/\/colinahomolog.com.br\/dev\/just-real-moms\/passeios-para-fazer-com-as-criancas-no-rio-de-janeiro-por-rio-kids\/#primaryimage\"},\"thumbnailUrl\":\"https:\/\/colinahomolog.com.br\/dev\/just-real-moms\/wp-content\/uploads\/2016\/05\/sesc.jpg\",\"datePublished\":\"2016-05-06T11:35:51+00:00\",\"author\":{\"@id\":\"https:\/\/colinahomolog.com.br\/dev\/just-real-moms\/#\/schema\/person\/8218aa957ba5a31e5f531f3b6561916a\"},\"description\":\"Confira passeios para fazer com as crian\u00e7as no Rio de Janeiro no fim de semana dos dias 07 e 08 de maio!\",\"breadcrumb\":{\"@id\":\"https:\/\/colinahomolog.com.br\/dev\/just-real-moms\/passeios-para-fazer-com-as-criancas-no-rio-de-janeiro-por-rio-kids\/#breadcrumb\"},\"inLanguage\":\"pt-BR\",\"potentialAction\":[{\"@type\":\"ReadAction\",\"target\":[\"https:\/\/colinahomolog.com.br\/dev\/just-real-moms\/passeios-para-fazer-com-as-criancas-no-rio-de-janeiro-por-rio-kids\/\"]}]},{\"@type\":\"ImageObject\",\"inLanguage\":\"pt-BR\",\"@id\":\"https:\/\/colinahomolog.com.br\/dev\/just-real-moms\/passeios-para-fazer-com-as-criancas-no-rio-de-janeiro-por-rio-kids\/#primaryimage\",\"url\":\"https:\/\/colinahomolog.com.br\/dev\/just-real-moms\/wp-content\/uploads\/2016\/05\/sesc.jpg\",\"contentUrl\":\"https:\/\/colinahomolog.com.br\/dev\/just-real-moms\/wp-content\/uploads\/2016\/05\/sesc.jpg\",\"width\":644,\"height\":431},{\"@type\":\"BreadcrumbList\",\"@id\":\"https:\/\/colinahomolog.com.br\/dev\/just-real-moms\/passeios-para-fazer-com-as-criancas-no-rio-de-janeiro-por-rio-kids\/#breadcrumb\",\"itemListElement\":[{\"@type\":\"ListItem\",\"position\":1,\"name\":\"In\u00edcio\",\"item\":\"https:\/\/colinahomolog.com.br\/dev\/just-real-moms\/\"},{\"@type\":\"ListItem\",\"position\":2,\"name\":\"Passeios para fazer com as crian\u00e7as no Rio de Janeiro &#8211; por Rio Kids\"}]},{\"@type\":\"WebSite\",\"@id\":\"https:\/\/colinahomolog.com.br\/dev\/just-real-moms\/#website\",\"url\":\"https:\/\/colinahomolog.com.br\/dev\/just-real-moms\/\",\"name\":\"Just Real Moms - Blog para M\u00e3es\",\"description\":\"O melhor e mais completo portal para m\u00e3es, pais e futuros pais!\",\"potentialAction\":[{\"@type\":\"SearchAction\",\"target\":{\"@type\":\"EntryPoint\",\"urlTemplate\":\"https:\/\/colinahomolog.com.br\/dev\/just-real-moms\/?s={search_term_string}\"},\"query-input\":{\"@type\":\"PropertyValueSpecification\",\"valueRequired\":true,\"valueName\":\"search_term_string\"}}],\"inLanguage\":\"pt-BR\"},{\"@type\":\"Person\",\"@id\":\"https:\/\/colinahomolog.com.br\/dev\/just-real-moms\/#\/schema\/person\/8218aa957ba5a31e5f531f3b6561916a\",\"name\":\"Juliana\",\"url\":\"https:\/\/colinahomolog.com.br\/dev\/just-real-moms\/author\/juliana\/\"}]}<\/script>\n<!-- \/ Yoast SEO Premium plugin. -->","yoast_head_json":{"title":"Passeios para fazer com as crian\u00e7as no Rio de Janeiro - por Rio Kids","description":"Confira passeios para fazer com as crian\u00e7as no Rio de Janeiro no fim de semana dos dias 07 e 08 de maio!","robots":{"index":"index","follow":"follow","max-snippet":"max-snippet:-1","max-image-preview":"max-image-preview:large","max-video-preview":"max-video-preview:-1"},"canonical":"https:\/\/colinahomolog.com.br\/dev\/just-real-moms\/passeios-para-fazer-com-as-criancas-no-rio-de-janeiro-por-rio-kids\/","og_locale":"pt_BR","og_type":"article","og_title":"Passeios para fazer com as crian\u00e7as no Rio de Janeiro - por Rio Kids","og_description":"Confira passeios para fazer com as crian\u00e7as no Rio de Janeiro no fim de semana dos dias 07 e 08 de maio!","og_url":"https:\/\/colinahomolog.com.br\/dev\/just-real-moms\/passeios-para-fazer-com-as-criancas-no-rio-de-janeiro-por-rio-kids\/","og_site_name":"Just Real Moms - Blog para M\u00e3es","article_publisher":"https:\/\/www.facebook.com\/JustRealMoms","article_published_time":"2016-05-06T11:35:51+00:00","og_image":[{"width":644,"height":431,"url":"https:\/\/colinahomolog.com.br\/dev\/just-real-moms\/wp-content\/uploads\/2016\/05\/sesc.jpg","type":"image\/jpeg"}],"author":"Juliana","twitter_misc":{"Escrito por":"Juliana","Est. tempo de leitura":"4 minutos"},"schema":{"@context":"https:\/\/schema.org","@graph":[{"@type":"WebPage","@id":"https:\/\/colinahomolog.com.br\/dev\/just-real-moms\/passeios-para-fazer-com-as-criancas-no-rio-de-janeiro-por-rio-kids\/","url":"https:\/\/colinahomolog.com.br\/dev\/just-real-moms\/passeios-para-fazer-com-as-criancas-no-rio-de-janeiro-por-rio-kids\/","name":"Passeios para fazer com as crian\u00e7as no Rio de Janeiro - por Rio Kids","isPartOf":{"@id":"https:\/\/colinahomolog.com.br\/dev\/just-real-moms\/#website"},"primaryImageOfPage":{"@id":"https:\/\/colinahomolog.com.br\/dev\/just-real-moms\/passeios-para-fazer-com-as-criancas-no-rio-de-janeiro-por-rio-kids\/#primaryimage"},"image":{"@id":"https:\/\/colinahomolog.com.br\/dev\/just-real-moms\/passeios-para-fazer-com-as-criancas-no-rio-de-janeiro-por-rio-kids\/#primaryimage"},"thumbnailUrl":"https:\/\/colinahomolog.com.br\/dev\/just-real-moms\/wp-content\/uploads\/2016\/05\/sesc.jpg","datePublished":"2016-05-06T11:35:51+00:00","author":{"@id":"https:\/\/colinahomolog.com.br\/dev\/just-real-moms\/#\/schema\/person\/8218aa957ba5a31e5f531f3b6561916a"},"description":"Confira passeios para fazer com as crian\u00e7as no Rio de Janeiro no fim de semana dos dias 07 e 08 de maio!","breadcrumb":{"@id":"https:\/\/colinahomolog.com.br\/dev\/just-real-moms\/passeios-para-fazer-com-as-criancas-no-rio-de-janeiro-por-rio-kids\/#breadcrumb"},"inLanguage":"pt-BR","potentialAction":[{"@type":"ReadAction","target":["https:\/\/colinahomolog.com.br\/dev\/just-real-moms\/passeios-para-fazer-com-as-criancas-no-rio-de-janeiro-por-rio-kids\/"]}]},{"@type":"ImageObject","inLanguage":"pt-BR","@id":"https:\/\/colinahomolog.com.br\/dev\/just-real-moms\/passeios-para-fazer-com-as-criancas-no-rio-de-janeiro-por-rio-kids\/#primaryimage","url":"https:\/\/colinahomolog.com.br\/dev\/just-real-moms\/wp-content\/uploads\/2016\/05\/sesc.jpg","contentUrl":"https:\/\/colinahomolog.com.br\/dev\/just-real-moms\/wp-content\/uploads\/2016\/05\/sesc.jpg","width":644,"height":431},{"@type":"BreadcrumbList","@id":"https:\/\/colinahomolog.com.br\/dev\/just-real-moms\/passeios-para-fazer-com-as-criancas-no-rio-de-janeiro-por-rio-kids\/#breadcrumb","itemListElement":[{"@type":"ListItem","position":1,"name":"In\u00edcio","item":"https:\/\/colinahomolog.com.br\/dev\/just-real-moms\/"},{"@type":"ListItem","position":2,"name":"Passeios para fazer com as crian\u00e7as no Rio de Janeiro &#8211; por Rio Kids"}]},{"@type":"WebSite","@id":"https:\/\/colinahomolog.com.br\/dev\/just-real-moms\/#website","url":"https:\/\/colinahomolog.com.br\/dev\/just-real-moms\/","name":"Just Real Moms - Blog para M\u00e3es","description":"O melhor e mais completo portal para m\u00e3es, pais e futuros pais!","potentialAction":[{"@type":"SearchAction","target":{"@type":"EntryPoint","urlTemplate":"https:\/\/colinahomolog.com.br\/dev\/just-real-moms\/?s={search_term_string}"},"query-input":{"@type":"PropertyValueSpecification","valueRequired":true,"valueName":"search_term_string"}}],"inLanguage":"pt-BR"},{"@type":"Person","@id":"https:\/\/colinahomolog.com.br\/dev\/just-real-moms\/#\/schema\/person\/8218aa957ba5a31e5f531f3b6561916a","name":"Juliana","url":"https:\/\/colinahomolog.com.br\/dev\/just-real-moms\/author\/juliana\/"}]}},"_links":{"self":[{"href":"https:\/\/colinahomolog.com.br\/dev\/just-real-moms\/wp-json\/wp\/v2\/posts\/39117","targetHints":{"allow":["GET"]}}],"collection":[{"href":"https:\/\/colinahomolog.com.br\/dev\/just-real-moms\/wp-json\/wp\/v2\/posts"}],"about":[{"href":"https:\/\/colinahomolog.com.br\/dev\/just-real-moms\/wp-json\/wp\/v2\/types\/post"}],"author":[{"embeddable":true,"href":"https:\/\/colinahomolog.com.br\/dev\/just-real-moms\/wp-json\/wp\/v2\/users\/6"}],"replies":[{"embeddable":true,"href":"https:\/\/colinahomolog.com.br\/dev\/just-real-moms\/wp-json\/wp\/v2\/comments?post=39117"}],"version-history":[{"count":0,"href":"https:\/\/colinahomolog.com.br\/dev\/just-real-moms\/wp-json\/wp\/v2\/posts\/39117\/revisions"}],"wp:featuredmedia":[{"embeddable":true,"href":"https:\/\/colinahomolog.com.br\/dev\/just-real-moms\/wp-json\/wp\/v2\/media\/39120"}],"wp:attachment":[{"href":"https:\/\/colinahomolog.com.br\/dev\/just-real-moms\/wp-json\/wp\/v2\/media?parent=39117"}],"wp:term":[{"taxonomy":"category","embeddable":true,"href":"https:\/\/colinahomolog.com.br\/dev\/just-real-moms\/wp-json\/wp\/v2\/categories?post=39117"},{"taxonomy":"post_tag","embeddable":true,"href":"https:\/\/colinahomolog.com.br\/dev\/just-real-moms\/wp-json\/wp\/v2\/tags?post=39117"}],"curies":[{"name":"wp","href":"https:\/\/api.w.org\/{rel}","templated":true}]}}