{"id":39712,"date":"2018-12-04T08:40:02","date_gmt":"2018-12-04T10:40:02","guid":{"rendered":"https:\/\/colinahomolog.com.br\/dev\/just-real-moms\/?p=39712"},"modified":"2024-09-27T11:06:23","modified_gmt":"2024-09-27T14:06:23","slug":"os-primeiros-60-dias-com-o-bebe-1","status":"publish","type":"post","link":"https:\/\/colinahomolog.com.br\/dev\/just-real-moms\/os-primeiros-60-dias-com-o-bebe-1\/","title":{"rendered":"Os primeiros 60 dias com o beb\u00ea: dias de neblina &#8211; por Rafaela Carvalho"},"content":{"rendered":"<button class=\"simplefavorite-button preset\" data-postid=\"39712\" data-siteid=\"1\" data-groupid=\"1\" data-favoritecount=\"3\" style=\"box-shadow:none;-webkit-box-shadow:none;-moz-box-shadow:none;background-color:#68ccb4;border-color:#68ccb4;color:#ffffff;\"><i class=\"sf-icon-favorite\" style=\"\"><\/i>Favorite<\/button><p>&nbsp;<\/p>\n<p>Oi moms,<\/p>\n<p>Tudo bem?<\/p>\n<p>Recebi esse texto pelo Facebook e me identifiquei muito! O texto \u00e9 maravilhoso e mostra de forma real os primeiros 60 dias que temos com o beb\u00ea dentro de casa, que no come\u00e7o parece algo nebuloso, mas depois o sol aparece e brilha muito! A Rafaela Carvalho (autora do texto), tem um blog super bacana, onde ela escreve algumas cr\u00f4nicas, chamado <a href=\"https:\/\/amaternidade.com\/\">A Maternidade<\/a>. Vale a pena conhecer!<\/p>\n<p>Vejam que texto perfeito!<\/p>\n<p>&nbsp;<\/p>\n<p><img fetchpriority=\"high\" decoding=\"async\" class=\"aligncenter size-full wp-image-39716\" src=\"https:\/\/colinahomolog.com.br\/dev\/just-real-moms\/wp-content\/uploads\/2016\/06\/img_7007.jpg\" alt=\"IMG_7007\" width=\"443\" height=\"332\" srcset=\"https:\/\/colinahomolog.com.br\/dev\/just-real-moms\/wp-content\/uploads\/2016\/06\/img_7007.jpg 443w, https:\/\/colinahomolog.com.br\/dev\/just-real-moms\/wp-content\/uploads\/2016\/06\/img_7007-400x300.jpg 400w\" sizes=\"(max-width: 443px) 100vw, 443px\" \/><\/p>\n<p>&nbsp;<\/p>\n<p>&#8230;&#8230;&#8230;&#8230;&#8230;&#8230;&#8230;&#8230;&#8230;&#8230;&#8230;&#8230;&#8230;&#8230;&#8230;&#8230;&#8230;&#8230;&#8230;&#8230;&#8230;&#8230;&#8230;&#8230;&#8230;&#8230;&#8230;&#8230;&#8230;&#8230;&#8230;&#8230;&#8230;&#8230;&#8230;&#8230;&#8230;&#8230;&#8230;&#8230;&#8230;&#8230;&#8230;&#8230;&#8230;&#8230;&#8230;&#8230;&#8230;&#8230;&#8230;&#8230;&#8230;&#8230;&#8230;&#8230;&#8230;&#8230;&#8230;&#8230;&#8230;&#8230;&#8230;..<\/p>\n<p>&nbsp;<\/p>\n<p>Voc\u00ea j\u00e1 ouviu o ditado &#8220;neblina baixa sol que racha&#8221;? Se nunca ouviu, vou explicar. Dizem que quando o dia amanhece com muita neblina \u00e9 porque ser\u00e1 um dia lindo, de muito sol. Este texto tem a ver com isto. A neblina que vem antes do sol e do c\u00e9u azul&#8230;<\/p>\n<p>Ahhhhhh, os primeiros 60 dias com um beb\u00ea rec\u00e9m-nascido em casa. O leite que finalmente desce, deixando o seu seio do tamanho de um mel\u00e3o transg\u00eanico. Duro igual \u00e0 uma pedra. Os horm\u00f4nios que te fazem ir do gatinho fofo do Shrek para a esposa do Chuck, o boneco assassino. Se voc\u00ea fez cesariana, a cicatriz incomoda. Se voc\u00ea teve parto normal, sentar incomoda. A barriga que fica igualzinha \u00e0 uma bexiguinha &#8220;murcha&#8221;, bem murchinha. Se quando gr\u00e1vida voc\u00ea tinha uma linha escura na barriga (&#8220;linea nigra&#8221;), saiba que ela consegue ficar ainda mais escura depois do parto (surpresaaaa!!). O umbigo que fica igual o olho esquerdo do Nestor Cerver\u00f3. Sangue, sangue, sangue e mais um pouquinho de sangue. Leite, leite, leite e mais um pouquinho de leite. E voc\u00ea que odiava usar absorvente agora tem que usar n\u00e3o somente na calcinha, mas tamb\u00e9m no suti\u00e3. E para fechar com chave de ouro ainda temos a famosa cinta p\u00f3s-parto (ou calcinha alta) que alguns m\u00e9dicos recomendam.<\/p>\n<p>E n\u00e3o para por a\u00ed. Ainda temos:<\/p>\n<p>Uma mistura de sentimentos que ningu\u00e9m consegue explicar. Uma sensa\u00e7\u00e3o de felicidade plena misturada com cansa\u00e7o, amor, euforia, e tristeza.<\/p>\n<p>Noites mal dormidas.<\/p>\n<p>E se a noite \u00e9 bem dormida, voc\u00ea ent\u00e3o acorda boiando em um mar de leite. Azedo.<\/p>\n<p>Seus mamilos que a essa altura j\u00e1 est\u00e3o t\u00e3o indignados com voc\u00ea que j\u00e1 quase perguntam: Escuta aqui mulher, que merda \u00e9 essa que voc\u00ea est\u00e1 tentando fazer?<\/p>\n<p>C\u00f3lica.<\/p>\n<p>Choro. Muito choro. Chora o beb\u00ea, chora voc\u00ea.<\/p>\n<p>Mil pessoas palpitando na sua vida e na do beb\u00ea: N\u00e3o pode comer tal coisa porque d\u00e1 c\u00f3lica. Mas voc\u00ea precisa se alimentar bem, pois est\u00e1 amamentando. Ch\u00e1 de camomila \u00e9 excelente para c\u00f3lica. Mas n\u00e3o pode dar na mamadeira porque sen\u00e3o o beb\u00ea n\u00e3o vai mais pegar o peito. O beb\u00ea est\u00e1 dormindo demais, de menos. Est\u00e1 mamando demais, de menos. Voc\u00ea est\u00e1 agasalhando demais, de menos.<\/p>\n<p>Quebrante. Bem-vinda ao mundo do tal do quebrante. E sempre vai ter uma para falar: &#8220;Quebrante \u00e9 comum. A gente mesmo coloca quebrante nos filhos&#8221;. Quer saber? Vai todo mundo tomar no meio do c* com este papo de quebrante. Quebrante me IRRITA!!! N\u00e3o vou amarrar fitinha vermelha no beb\u00ea e ponto final.<\/p>\n<p>Coc\u00f4 explosivo. De madrugada. Por qu\u00ea? Por qu\u00ea? Por qu\u00ea, Senhor?<\/p>\n<p>Vacinas que doem mais em voc\u00ea do que nele.<\/p>\n<p>E durante uma madrugada qualquer, voc\u00ea j\u00e1 no auge da priva\u00e7\u00e3o de sono, ergue o tom de voz, implorando para que o beb\u00ea durma. O beb\u00ea dorme. Voc\u00ea olha aquele rostinho lindo, e se pergunta: Como eu fui capaz de erguer a voz para esse anjinho que eu amo mais que tudo? Que bruxa! Eu sou a pior m\u00e3e do mundo. V\u00edbora. Eu mere\u00e7o arder no fogo do inferno&#8230;<\/p>\n<p>E a quarentena acaba e voc\u00ea fica pensando como vai dizer para o marido que a \u00faltima coisa que passa na sua cabe\u00e7a \u00e9 sexo.<br \/>\nE saiba que quando finalmente rolar, h\u00e1 grandes chances de ser uma merda. Juro que n\u00e3o sei o que acontece, mas independente do tipo de parto, d\u00e1 a impress\u00e3o que voltamos a ficar virgens depois de ter filho, ou \u00e9 o pinto do marido que resolve ficar gigantesco e virar estrela de filme porn\u00f4.<\/p>\n<p>Voc\u00ea cuida do beb\u00ea e acaba esquecendo de voc\u00ea. Voc\u00ea fica dias sem ao menos se olhar no espelho. N\u00e3o que voc\u00ea n\u00e3o queira, mas simplesmente porque voc\u00ea n\u00e3o lembra. Falta de tempo, falta de mem\u00f3ria, n\u00e3o sei. S\u00f3 sei que um dia voc\u00ea vai se olhar no espelho e vai se deparar com uma sobrancelha mais peluda que a perna do marid\u00e3o. E vai lembrar que voc\u00ea al\u00e9m de m\u00e3e, \u00e9 mulher, e esposa, e filha, e amiga.<\/p>\n<p>E nestas alturas, voc\u00ea j\u00e1 est\u00e1 igual \u00e0quele v\u00eddeo do David depois do dentista: &#8220;Is this real life&#8221;?!<\/p>\n<p>E os dias passam.<\/p>\n<p>E entre um choro e outro aparecem os sorrisos. Sorrisos que fazem seu cora\u00e7\u00e3o explodir de amor e alegria.<\/p>\n<p>Amamentar fica bem mais f\u00e1cil.<\/p>\n<p>Voc\u00ea j\u00e1 se sente mais segura e n\u00e3o se deixa abalar por palpites de terceiros.<\/p>\n<p>Os horm\u00f4nios d\u00e3o uma tr\u00e9gua.<\/p>\n<p>O beb\u00ea come\u00e7a a dormir melhor.<\/p>\n<p>Voc\u00ea e o seu beb\u00ea v\u00e3o se conhecendo e entrando em sintonia. E n\u00e3o \u00e9 que voc\u00ea est\u00e1 pegando a &#8220;manha&#8221; desta tal maternidade?!<br \/>\nVoc\u00ea at\u00e9 come\u00e7a a cuidar um pouquinho de voc\u00ea.<\/p>\n<p>Sexo volta a ser algo interessante, bem interessante. Se sobrar um tempinho&#8230;<\/p>\n<p>E a vida vai voltando ao normal. Um novo normal.<\/p>\n<p>E um belo dia voc\u00ea entra no elevador do pr\u00e9dio e encontra uma vizinha. No colo dela um beb\u00ea de 10 dias. Voc\u00ea olha para ela. Olha para o beb\u00ea. E tenta lembrar como era a sua rotina quando o seu filho tinha aquele tamanho.<\/p>\n<p>Voc\u00ea tenta puxar na mem\u00f3ria. Voc\u00ea n\u00e3o consegue lembrar. Como assim? Seu beb\u00ea tem s\u00f3 7 meses, nem faz tanto tempo. Mas por que voc\u00ea n\u00e3o lembra? \u00c9 como se tivesse uma fuma\u00e7a. Uma neblina cobrindo a mem\u00f3ria&#8230;<\/p>\n<p>Os primeiros 60 dias de neblina.<\/p>\n<p>Se voc\u00ea ainda est\u00e1 no seus 60 dia de neblina, tenha paci\u00eancia. Curta os dias de pijama. N\u00e3o caia na press\u00e3o dos outros que exigem que voc\u00ea saia da sala de parto como se nada tivesse acontecido. A vida mudou. Voc\u00ea mudou. N\u00e3o se force a nada, absolutamente nada. Voc\u00ea j\u00e1 tem novidades o suficiente para processar. N\u00e3o seja t\u00e3o dura com voc\u00ea. N\u00e3o permita que sejam t\u00e3o duros com voc\u00ea. As visitas podem esperar. O mundo pode esperar. Leve as coisas no seu ritmo e se deixe levar rumo ao sol. Pois, depois da neblina, sempre vem o sol.<\/p>\n<p>Por Rafaela Carvalho, autora do blog <a href=\"https:\/\/amaternidade.com\/\">A.Maternidade<\/a> \/ Facebook: A Maternidade por Rafaela Carvalho \/ Instagram: @a.maternidade<\/p>\n<p>&nbsp;<\/p>\n\n    <div class=\"xs_social_share_widget xs_share_url after_content \t\tmain_content  wslu-style-1 wslu-share-box-shaped wslu-fill-colored wslu-none wslu-share-horizontal wslu-theme-font-no wslu-main_content\">\n\n\t\t\n        <ul>\n\t\t\t        <\/ul>\n    <\/div> \n","protected":false},"excerpt":{"rendered":"<p>Favorite&nbsp; Oi moms, Tudo bem? Recebi esse texto pelo Facebook e me identifiquei muito! O texto \u00e9 maravilhoso e mostra de forma real os primeiros 60 dias que temos com o beb\u00ea dentro de casa, que no come\u00e7o parece algo nebuloso, mas depois o sol aparece e brilha muito! A Rafaela Carvalho (autora do texto), [&hellip;]<\/p>\n","protected":false},"author":6,"featured_media":39716,"comment_status":"open","ping_status":"closed","sticky":false,"template":"","format":"standard","meta":{"_acf_changed":false,"footnotes":""},"categories":[1796,1786,30,1760,1794,1795],"tags":[553],"class_list":{"0":"post-39712","1":"post","2":"type-post","3":"status-publish","4":"format-standard","5":"has-post-thumbnail","7":"category-bebe","8":"category-cuidados-especiais","9":"category-de-mae-para-mae","10":"category-fases","11":"category-pos-parto","12":"category-recem-nascido","13":"tag-recem-nascido"},"acf":[],"yoast_head":"<!-- This site is optimized with the Yoast SEO Premium plugin v26.6 (Yoast SEO v26.6) - https:\/\/yoast.com\/wordpress\/plugins\/seo\/ -->\n<title>Os primeiros 60 dias com o beb\u00ea: dias de neblina - por Rafaela Carvalho<\/title>\n<meta name=\"robots\" content=\"index, follow, max-snippet:-1, max-image-preview:large, max-video-preview:-1\" \/>\n<link rel=\"canonical\" href=\"https:\/\/colinahomolog.com.br\/dev\/just-real-moms\/os-primeiros-60-dias-com-o-bebe-1\/\" \/>\n<meta property=\"og:locale\" content=\"pt_BR\" \/>\n<meta property=\"og:type\" content=\"article\" \/>\n<meta property=\"og:title\" content=\"Os primeiros 60 dias com o beb\u00ea: dias de neblina - por Rafaela Carvalho\" \/>\n<meta property=\"og:description\" content=\"Favorite&nbsp; Oi moms, Tudo bem? Recebi esse texto pelo Facebook e me identifiquei muito! O texto \u00e9 maravilhoso e mostra de forma real os primeiros 60 dias que temos com o beb\u00ea dentro de casa, que no come\u00e7o parece algo nebuloso, mas depois o sol aparece e brilha muito! A Rafaela Carvalho (autora do texto), [&hellip;]\" \/>\n<meta property=\"og:url\" content=\"https:\/\/colinahomolog.com.br\/dev\/just-real-moms\/os-primeiros-60-dias-com-o-bebe-1\/\" \/>\n<meta property=\"og:site_name\" content=\"Just Real Moms - Blog para M\u00e3es\" \/>\n<meta property=\"article:publisher\" content=\"https:\/\/www.facebook.com\/JustRealMoms\" \/>\n<meta property=\"article:published_time\" content=\"2018-12-04T10:40:02+00:00\" \/>\n<meta property=\"article:modified_time\" content=\"2024-09-27T14:06:23+00:00\" \/>\n<meta property=\"og:image\" content=\"https:\/\/colinahomolog.com.br\/dev\/just-real-moms\/wp-content\/uploads\/2016\/06\/img_7007.jpg\" \/>\n\t<meta property=\"og:image:width\" content=\"443\" \/>\n\t<meta property=\"og:image:height\" content=\"332\" \/>\n\t<meta property=\"og:image:type\" content=\"image\/jpeg\" \/>\n<meta name=\"author\" content=\"Juliana\" \/>\n<meta name=\"twitter:label1\" content=\"Escrito por\" \/>\n\t<meta name=\"twitter:data1\" content=\"Juliana\" \/>\n\t<meta name=\"twitter:label2\" content=\"Est. tempo de leitura\" \/>\n\t<meta name=\"twitter:data2\" content=\"6 minutos\" \/>\n<script type=\"application\/ld+json\" class=\"yoast-schema-graph\">{\"@context\":\"https:\/\/schema.org\",\"@graph\":[{\"@type\":\"WebPage\",\"@id\":\"https:\/\/colinahomolog.com.br\/dev\/just-real-moms\/os-primeiros-60-dias-com-o-bebe-1\/\",\"url\":\"https:\/\/colinahomolog.com.br\/dev\/just-real-moms\/os-primeiros-60-dias-com-o-bebe-1\/\",\"name\":\"Os primeiros 60 dias com o beb\u00ea: dias de neblina - por Rafaela Carvalho\",\"isPartOf\":{\"@id\":\"https:\/\/colinahomolog.com.br\/dev\/just-real-moms\/#website\"},\"primaryImageOfPage\":{\"@id\":\"https:\/\/colinahomolog.com.br\/dev\/just-real-moms\/os-primeiros-60-dias-com-o-bebe-1\/#primaryimage\"},\"image\":{\"@id\":\"https:\/\/colinahomolog.com.br\/dev\/just-real-moms\/os-primeiros-60-dias-com-o-bebe-1\/#primaryimage\"},\"thumbnailUrl\":\"https:\/\/colinahomolog.com.br\/dev\/just-real-moms\/wp-content\/uploads\/2016\/06\/img_7007.jpg\",\"datePublished\":\"2018-12-04T10:40:02+00:00\",\"dateModified\":\"2024-09-27T14:06:23+00:00\",\"author\":{\"@id\":\"https:\/\/colinahomolog.com.br\/dev\/just-real-moms\/#\/schema\/person\/8218aa957ba5a31e5f531f3b6561916a\"},\"breadcrumb\":{\"@id\":\"https:\/\/colinahomolog.com.br\/dev\/just-real-moms\/os-primeiros-60-dias-com-o-bebe-1\/#breadcrumb\"},\"inLanguage\":\"pt-BR\",\"potentialAction\":[{\"@type\":\"ReadAction\",\"target\":[\"https:\/\/colinahomolog.com.br\/dev\/just-real-moms\/os-primeiros-60-dias-com-o-bebe-1\/\"]}]},{\"@type\":\"ImageObject\",\"inLanguage\":\"pt-BR\",\"@id\":\"https:\/\/colinahomolog.com.br\/dev\/just-real-moms\/os-primeiros-60-dias-com-o-bebe-1\/#primaryimage\",\"url\":\"https:\/\/colinahomolog.com.br\/dev\/just-real-moms\/wp-content\/uploads\/2016\/06\/img_7007.jpg\",\"contentUrl\":\"https:\/\/colinahomolog.com.br\/dev\/just-real-moms\/wp-content\/uploads\/2016\/06\/img_7007.jpg\",\"width\":443,\"height\":332},{\"@type\":\"BreadcrumbList\",\"@id\":\"https:\/\/colinahomolog.com.br\/dev\/just-real-moms\/os-primeiros-60-dias-com-o-bebe-1\/#breadcrumb\",\"itemListElement\":[{\"@type\":\"ListItem\",\"position\":1,\"name\":\"In\u00edcio\",\"item\":\"https:\/\/colinahomolog.com.br\/dev\/just-real-moms\/\"},{\"@type\":\"ListItem\",\"position\":2,\"name\":\"Os primeiros 60 dias com o beb\u00ea: dias de neblina &#8211; por Rafaela Carvalho\"}]},{\"@type\":\"WebSite\",\"@id\":\"https:\/\/colinahomolog.com.br\/dev\/just-real-moms\/#website\",\"url\":\"https:\/\/colinahomolog.com.br\/dev\/just-real-moms\/\",\"name\":\"Just Real Moms - Blog para M\u00e3es\",\"description\":\"O melhor e mais completo portal para m\u00e3es, pais e futuros pais!\",\"potentialAction\":[{\"@type\":\"SearchAction\",\"target\":{\"@type\":\"EntryPoint\",\"urlTemplate\":\"https:\/\/colinahomolog.com.br\/dev\/just-real-moms\/?s={search_term_string}\"},\"query-input\":{\"@type\":\"PropertyValueSpecification\",\"valueRequired\":true,\"valueName\":\"search_term_string\"}}],\"inLanguage\":\"pt-BR\"},{\"@type\":\"Person\",\"@id\":\"https:\/\/colinahomolog.com.br\/dev\/just-real-moms\/#\/schema\/person\/8218aa957ba5a31e5f531f3b6561916a\",\"name\":\"Juliana\",\"url\":\"https:\/\/colinahomolog.com.br\/dev\/just-real-moms\/author\/juliana\/\"}]}<\/script>\n<!-- \/ Yoast SEO Premium plugin. -->","yoast_head_json":{"title":"Os primeiros 60 dias com o beb\u00ea: dias de neblina - por Rafaela Carvalho","robots":{"index":"index","follow":"follow","max-snippet":"max-snippet:-1","max-image-preview":"max-image-preview:large","max-video-preview":"max-video-preview:-1"},"canonical":"https:\/\/colinahomolog.com.br\/dev\/just-real-moms\/os-primeiros-60-dias-com-o-bebe-1\/","og_locale":"pt_BR","og_type":"article","og_title":"Os primeiros 60 dias com o beb\u00ea: dias de neblina - por Rafaela Carvalho","og_description":"Favorite&nbsp; Oi moms, Tudo bem? Recebi esse texto pelo Facebook e me identifiquei muito! O texto \u00e9 maravilhoso e mostra de forma real os primeiros 60 dias que temos com o beb\u00ea dentro de casa, que no come\u00e7o parece algo nebuloso, mas depois o sol aparece e brilha muito! A Rafaela Carvalho (autora do texto), [&hellip;]","og_url":"https:\/\/colinahomolog.com.br\/dev\/just-real-moms\/os-primeiros-60-dias-com-o-bebe-1\/","og_site_name":"Just Real Moms - Blog para M\u00e3es","article_publisher":"https:\/\/www.facebook.com\/JustRealMoms","article_published_time":"2018-12-04T10:40:02+00:00","article_modified_time":"2024-09-27T14:06:23+00:00","og_image":[{"width":443,"height":332,"url":"https:\/\/colinahomolog.com.br\/dev\/just-real-moms\/wp-content\/uploads\/2016\/06\/img_7007.jpg","type":"image\/jpeg"}],"author":"Juliana","twitter_misc":{"Escrito por":"Juliana","Est. tempo de leitura":"6 minutos"},"schema":{"@context":"https:\/\/schema.org","@graph":[{"@type":"WebPage","@id":"https:\/\/colinahomolog.com.br\/dev\/just-real-moms\/os-primeiros-60-dias-com-o-bebe-1\/","url":"https:\/\/colinahomolog.com.br\/dev\/just-real-moms\/os-primeiros-60-dias-com-o-bebe-1\/","name":"Os primeiros 60 dias com o beb\u00ea: dias de neblina - por Rafaela Carvalho","isPartOf":{"@id":"https:\/\/colinahomolog.com.br\/dev\/just-real-moms\/#website"},"primaryImageOfPage":{"@id":"https:\/\/colinahomolog.com.br\/dev\/just-real-moms\/os-primeiros-60-dias-com-o-bebe-1\/#primaryimage"},"image":{"@id":"https:\/\/colinahomolog.com.br\/dev\/just-real-moms\/os-primeiros-60-dias-com-o-bebe-1\/#primaryimage"},"thumbnailUrl":"https:\/\/colinahomolog.com.br\/dev\/just-real-moms\/wp-content\/uploads\/2016\/06\/img_7007.jpg","datePublished":"2018-12-04T10:40:02+00:00","dateModified":"2024-09-27T14:06:23+00:00","author":{"@id":"https:\/\/colinahomolog.com.br\/dev\/just-real-moms\/#\/schema\/person\/8218aa957ba5a31e5f531f3b6561916a"},"breadcrumb":{"@id":"https:\/\/colinahomolog.com.br\/dev\/just-real-moms\/os-primeiros-60-dias-com-o-bebe-1\/#breadcrumb"},"inLanguage":"pt-BR","potentialAction":[{"@type":"ReadAction","target":["https:\/\/colinahomolog.com.br\/dev\/just-real-moms\/os-primeiros-60-dias-com-o-bebe-1\/"]}]},{"@type":"ImageObject","inLanguage":"pt-BR","@id":"https:\/\/colinahomolog.com.br\/dev\/just-real-moms\/os-primeiros-60-dias-com-o-bebe-1\/#primaryimage","url":"https:\/\/colinahomolog.com.br\/dev\/just-real-moms\/wp-content\/uploads\/2016\/06\/img_7007.jpg","contentUrl":"https:\/\/colinahomolog.com.br\/dev\/just-real-moms\/wp-content\/uploads\/2016\/06\/img_7007.jpg","width":443,"height":332},{"@type":"BreadcrumbList","@id":"https:\/\/colinahomolog.com.br\/dev\/just-real-moms\/os-primeiros-60-dias-com-o-bebe-1\/#breadcrumb","itemListElement":[{"@type":"ListItem","position":1,"name":"In\u00edcio","item":"https:\/\/colinahomolog.com.br\/dev\/just-real-moms\/"},{"@type":"ListItem","position":2,"name":"Os primeiros 60 dias com o beb\u00ea: dias de neblina &#8211; por Rafaela Carvalho"}]},{"@type":"WebSite","@id":"https:\/\/colinahomolog.com.br\/dev\/just-real-moms\/#website","url":"https:\/\/colinahomolog.com.br\/dev\/just-real-moms\/","name":"Just Real Moms - Blog para M\u00e3es","description":"O melhor e mais completo portal para m\u00e3es, pais e futuros pais!","potentialAction":[{"@type":"SearchAction","target":{"@type":"EntryPoint","urlTemplate":"https:\/\/colinahomolog.com.br\/dev\/just-real-moms\/?s={search_term_string}"},"query-input":{"@type":"PropertyValueSpecification","valueRequired":true,"valueName":"search_term_string"}}],"inLanguage":"pt-BR"},{"@type":"Person","@id":"https:\/\/colinahomolog.com.br\/dev\/just-real-moms\/#\/schema\/person\/8218aa957ba5a31e5f531f3b6561916a","name":"Juliana","url":"https:\/\/colinahomolog.com.br\/dev\/just-real-moms\/author\/juliana\/"}]}},"_links":{"self":[{"href":"https:\/\/colinahomolog.com.br\/dev\/just-real-moms\/wp-json\/wp\/v2\/posts\/39712","targetHints":{"allow":["GET"]}}],"collection":[{"href":"https:\/\/colinahomolog.com.br\/dev\/just-real-moms\/wp-json\/wp\/v2\/posts"}],"about":[{"href":"https:\/\/colinahomolog.com.br\/dev\/just-real-moms\/wp-json\/wp\/v2\/types\/post"}],"author":[{"embeddable":true,"href":"https:\/\/colinahomolog.com.br\/dev\/just-real-moms\/wp-json\/wp\/v2\/users\/6"}],"replies":[{"embeddable":true,"href":"https:\/\/colinahomolog.com.br\/dev\/just-real-moms\/wp-json\/wp\/v2\/comments?post=39712"}],"version-history":[{"count":0,"href":"https:\/\/colinahomolog.com.br\/dev\/just-real-moms\/wp-json\/wp\/v2\/posts\/39712\/revisions"}],"wp:featuredmedia":[{"embeddable":true,"href":"https:\/\/colinahomolog.com.br\/dev\/just-real-moms\/wp-json\/wp\/v2\/media\/39716"}],"wp:attachment":[{"href":"https:\/\/colinahomolog.com.br\/dev\/just-real-moms\/wp-json\/wp\/v2\/media?parent=39712"}],"wp:term":[{"taxonomy":"category","embeddable":true,"href":"https:\/\/colinahomolog.com.br\/dev\/just-real-moms\/wp-json\/wp\/v2\/categories?post=39712"},{"taxonomy":"post_tag","embeddable":true,"href":"https:\/\/colinahomolog.com.br\/dev\/just-real-moms\/wp-json\/wp\/v2\/tags?post=39712"}],"curies":[{"name":"wp","href":"https:\/\/api.w.org\/{rel}","templated":true}]}}