{"id":40590,"date":"2020-01-28T08:00:57","date_gmt":"2020-01-28T11:00:57","guid":{"rendered":"https:\/\/colinahomolog.com.br\/dev\/just-real-moms\/?p=40590"},"modified":"2020-01-10T15:29:32","modified_gmt":"2020-01-10T18:29:32","slug":"grama-do-vizinho-digo-o-filho-do-vizinho-por-aline-pinto-1","status":"publish","type":"post","link":"https:\/\/colinahomolog.com.br\/dev\/just-real-moms\/grama-do-vizinho-digo-o-filho-do-vizinho-por-aline-pinto-1\/","title":{"rendered":"A grama do vizinho, digo o filho do vizinho &#8211; Por Aline Pinto"},"content":{"rendered":"<button class=\"simplefavorite-button preset\" data-postid=\"40590\" data-siteid=\"1\" data-groupid=\"1\" data-favoritecount=\"0\" style=\"box-shadow:none;-webkit-box-shadow:none;-moz-box-shadow:none;background-color:#68ccb4;border-color:#68ccb4;color:#ffffff;\"><i class=\"sf-icon-favorite\" style=\"\"><\/i>Favorite<\/button><p>&nbsp;<\/p>\n<p>Ol\u00e1, mam\u00e3es!<\/p>\n<p>H\u00e1 alguns dias inauguramos um novo espa\u00e7o por aqui, onde as leitoras nos ajudar\u00e3o a escrever o blog com seus textos, cr\u00f4nicas, desabafos, cartas ou que mais quiserem.<\/p>\n<p>Hoje, o texto \u00e9 da m\u00e3e, pedagoga e escritora Aline Pinto, que tamb\u00e9m acabou de lan\u00e7ar um blog chamado <a href=\"http:\/\/www.bbcria.com.br\">BBcria<\/a> que j\u00e1 viramos f\u00e3s! Vale muito a pena conhecer&#8230; fiquei horas navegando e adorei!<\/p>\n<p>Ela escreveu um texto exclusivo para o Just Real Moms falando sobre as\u00a0<span class=\"Apple-style-span\">compara\u00e7\u00f5es entre as crian\u00e7as, motivo que faz v\u00e1rias m\u00e3es sofrerem. Sabe aquele comparativo &#8220;O beb\u00ea da vizinha j\u00e1 anda, dorme a noite toda etc.&#8221;? Ent\u00e3o, ela transformou\u00a0essa inquieta\u00e7\u00e3o em um texto acolhedor e com algumas dicas.<\/span><\/p>\n<p>Tenho certeza de que se identificar\u00e3o!<\/p>\n<p>&nbsp;<\/p>\n<p><img fetchpriority=\"high\" decoding=\"async\" class=\"aligncenter wp-image-40594 size-medium\" src=\"https:\/\/colinahomolog.com.br\/dev\/just-real-moms\/wp-content\/uploads\/2016\/08\/img_7812-400x266.jpg\" alt=\"IMG_7812\" width=\"400\" height=\"266\" srcset=\"https:\/\/colinahomolog.com.br\/dev\/just-real-moms\/wp-content\/uploads\/2016\/08\/img_7812-400x266.jpg 400w, https:\/\/colinahomolog.com.br\/dev\/just-real-moms\/wp-content\/uploads\/2016\/08\/img_7812-768x511.jpg 768w, https:\/\/colinahomolog.com.br\/dev\/just-real-moms\/wp-content\/uploads\/2016\/08\/img_7812-820x546.jpg 820w, https:\/\/colinahomolog.com.br\/dev\/just-real-moms\/wp-content\/uploads\/2016\/08\/img_7812-225x150.jpg 225w, https:\/\/colinahomolog.com.br\/dev\/just-real-moms\/wp-content\/uploads\/2016\/08\/img_7812.jpg 1058w\" sizes=\"(max-width: 400px) 100vw, 400px\" \/><\/p>\n<p>&nbsp;<\/p>\n<p>&#8230;&#8230;&#8230;&#8230;&#8230;&#8230;&#8230;&#8230;&#8230;&#8230;&#8230;&#8230;&#8230;&#8230;&#8230;&#8230;&#8230;&#8230;&#8230;&#8230;&#8230;&#8230;&#8230;&#8230;&#8230;&#8230;&#8230;&#8230;&#8230;&#8230;&#8230;&#8230;&#8230;&#8230;&#8230;&#8230;&#8230;&#8230;&#8230;&#8230;&#8230;&#8230;&#8230;&#8230;&#8230;&#8230;&#8230;&#8230;&#8230;&#8230;&#8230;&#8230;&#8230;&#8230;&#8230;&#8230;&#8230;&#8230;&#8230;&#8230;&#8230;&#8230;&#8230;&#8230;&#8230;&#8230;&#8230;<\/p>\n<p>&nbsp;<\/p>\n<p style=\"text-align: center;\">A grama do vizinho, digo o filho do vizinho<\/p>\n<p>&nbsp;<\/p>\n<div class=\"column\">\n<p>O ditado \u00e9 antigo: \u201cA grama do vizinho sempre nos parece mais verde\u201d. Apesar de antiga, essa afirma\u00e7\u00e3o se mostra bem atual. A causa disso talvez resida no perfil de nossa sociedade que \u00e9, de modo geral, competitiva e preza o ter, o consumo exacerbado e o descarte.<\/p>\n<p>A compara\u00e7\u00e3o come\u00e7a na grama e se estende aos autom\u00f3veis, aos m\u00f3veis, \u00e0s roupas, \u00e0s viagens, \u00e0s rela\u00e7\u00f5es e at\u00e9 mesmo aos filhos.<\/p>\n<p>M\u00e3es e pais, al\u00e9m de av\u00f3s, tios, e outros, entram nessa \u201ccompeti\u00e7\u00e3o\u201d, como se pudessem medir e comparar os seus rebentos com os de seus vizinhos (familiares ou amigos).<\/p>\n<p>Voc\u00ea pode estar pensando: \u201cCredo, imagina, jamais faria isso!\u201d. Tomara que essa pr\u00e1tica n\u00e3o fa\u00e7a parte de seu contexto, mas presencio e comprovo diariamente que se trata de algo corriqueiro.<\/p>\n<p>\u201cDorme a noite toda? J\u00e1 senta? J\u00e1 engatinha? Mama s\u00f3 no peito? Vai para a \u201cescolinha\u201d? Faz nata\u00e7\u00e3o? Voc\u00ea deixa seu beb\u00ea no ch\u00e3o? Por que chora tanto? Por que n\u00e3o chora? Ainda n\u00e3o fala?\u201d. S\u00e3o tantas perguntas&#8230;<\/p>\n<p>Essas indaga\u00e7\u00f5es s\u00e3o amostras de algumas situa\u00e7\u00f5es que poderiam revelar apenas o interesse pelo desenvolvimento e bem-estar de seu filho, mas, muitas vezes, se configuram como uma forma de mensurar, medir e rotular o desenvolvimento dos pequenos.<\/p>\n<p>Alguns beb\u00eas sentam sozinhos aos 6 meses, outros, aos 8 meses ou mais. H\u00e1 beb\u00eas que engatinham aos 7 meses, outros o fazem aos 10 meses e alguns nem o far\u00e3o.<\/p>\n<p>Comparar o desenvolvimento de seu filho com o do \u201cvizinho\u201d (seja ele quem for) \u00e9 perigoso e sem sentido. Sabe por qu\u00ea?<\/p>\n<p>Porque cada crian\u00e7a \u00e9 \u00fanica, e o tempo de aprendizagem e de desenvolvimento dela tamb\u00e9m \u00e9 singular.<\/p>\n<p>Uma crian\u00e7a falar, sentar, engatinhar ou andar antes que outra n\u00e3o significa mais intelig\u00eancia. Isso tamb\u00e9m n\u00e3o far\u00e1 de seu filho mais competitivo no mercado de trabalho, mais bem-sucedido ou feliz na vida.<\/p>\n<p>No entanto, muitos pais e familiares se sentem inseguros e, por n\u00e3o saberem se est\u00e3o \u201cfazendo direito\u201d, usam a r\u00e9gua da compara\u00e7\u00e3o e esperam que ela os direcionem e os confortem. \u201cIxe, o filho da fulana j\u00e1 anda e o meu nem engatinha. Tenho que apressar o desenvolvimento de meu beb\u00ea, vou estimul\u00e1-lo mais!\u201d<\/p>\n<p>PARA TUDO!!!<\/p>\n<p>Se o seu filho n\u00e3o senta, engatinha ou anda \u00e9 porque n\u00e3o est\u00e1 preparado para tal ou porque voc\u00ea n\u00e3o oferece condi\u00e7\u00f5es para que isso ocorra. Explico: Como uma crian\u00e7a que n\u00e3o conhece o ch\u00e3o vai engatinhar? Como uma crian\u00e7a que s\u00f3 conhece o colo vai andar? Como uma crian\u00e7a que aponta e ganha o que quer vai aprender a falar?<\/p>\n<p>Beb\u00eas e crian\u00e7as precisam de tempo e espa\u00e7o para se desenvolver, bem como de amor e seguran\u00e7a.<\/p>\n<p>Tem d\u00favidas sobre o desenvolvimento de seu pequeno? Leia a respeito, informe-se em fontes seguras, procure profissionais atualizados e, principalmente, confie em seu instinto materno. Ah, e se for conversar com o vizinho, lembre-se de que muitos fatores influenciam a \u201ccor da grama\u201d, como afirma a cronista Martha Medeiros: \u201cAo amadurecer, descobrimos que\u00a0a grama do vizinho n\u00e3o \u00e9 verde cois\u00edssima nenhuma. Estamos todos no mesmo barco [&#8230;]\u201d.<\/p>\n<\/div>\n<div class=\"section\">\n<div class=\"layoutArea\">\n<div class=\"column\">\n<p>Por uma inf\u00e2ncia sem compara\u00e7\u00f5es, julgamentos e medidas. Por uma maternagem colaborativa e que amplie o entendimento de que cada crian\u00e7a \u00e9 \u00fanica e tem um tempo pr\u00f3prio de descoberta e de amadurecimento para que seu desenvolvimento ocorra.<\/p>\n<p>Toda crian\u00e7a \u00e9 especial por suas conquistas, cabe a n\u00f3s valoriz\u00e1-las!<\/p>\n<p>Por Aline Pinto*<\/p>\n<p>*M\u00e3e, pedagoga, escritora e &#8220;arteira&#8221; de plant\u00e3o.<\/p>\n<p>Graduada em Pedagogia pela Universidade Federal do Paran\u00e1 e com p\u00f3s-gradua\u00e7\u00e3o em Psicopedagogia. Atualmente, \u00e9 assessora t\u00e9cnica da Prefeitura Municipal de Curitiba. Com experi\u00eancia de mais de 15 anos na \u00e1rea de Educa\u00e7\u00e3o, atuou como professora, pedagoga e diretora de Centros Municipais de Educa\u00e7\u00e3o Infantil. \u00c9 autora de livros para forma\u00e7\u00e3o de professores de Creche e de livros de literatura infantil, bem como autora e editora do blog BBcria.<\/p>\n<p>Acessem: <a href=\"http:\/\/www.bbcria.com.br\">www.bbcria.com.br<\/a> Face: BBcria<\/p>\n<p>&nbsp;<\/p>\n<\/div>\n<\/div>\n<\/div>\n\n    <div class=\"xs_social_share_widget xs_share_url after_content \t\tmain_content  wslu-style-1 wslu-share-box-shaped wslu-fill-colored wslu-none wslu-share-horizontal wslu-theme-font-no wslu-main_content\">\n\n\t\t\n        <ul>\n\t\t\t        <\/ul>\n    <\/div> \n","protected":false},"excerpt":{"rendered":"<p>Favorite&nbsp; Ol\u00e1, mam\u00e3es! H\u00e1 alguns dias inauguramos um novo espa\u00e7o por aqui, onde as leitoras nos ajudar\u00e3o a escrever o blog com seus textos, cr\u00f4nicas, desabafos, cartas ou que mais quiserem. Hoje, o texto \u00e9 da m\u00e3e, pedagoga e escritora Aline Pinto, que tamb\u00e9m acabou de lan\u00e7ar um blog chamado BBcria que j\u00e1 viramos f\u00e3s! [&hellip;]<\/p>\n","protected":false},"author":6,"featured_media":40594,"comment_status":"open","ping_status":"closed","sticky":false,"template":"","format":"standard","meta":{"_acf_changed":false,"footnotes":""},"categories":[1797,1798,1799,1800,30,1783,1760,1784,1777],"tags":[],"class_list":{"0":"post-40590","1":"post","2":"type-post","3":"status-publish","4":"format-standard","5":"has-post-thumbnail","7":"category-2-anos","8":"category-3-anos","9":"category-4-anos","10":"category-acima-de-4-anos","11":"category-de-mae-para-mae","12":"category-desenvolvimento","13":"category-fases","14":"category-relacionamentos","15":"category-somos-todas-iguais"},"acf":[],"yoast_head":"<!-- This site is optimized with the Yoast SEO Premium plugin v26.6 (Yoast SEO v26.6) - https:\/\/yoast.com\/wordpress\/plugins\/seo\/ -->\n<title>A grama do vizinho, digo o filho do vizinho - Por Aline Pinto<\/title>\n<meta name=\"description\" content=\"A compara\u00e7\u00e3o entre crian\u00e7as faz v\u00e1rias m\u00e3es sofrerem bastante, mas a nossa leitora, Aline Pinto, transformou essa inquieta\u00e7\u00e3o em um texto super acolhedor.\" \/>\n<meta name=\"robots\" content=\"index, follow, max-snippet:-1, max-image-preview:large, max-video-preview:-1\" \/>\n<link rel=\"canonical\" href=\"https:\/\/colinahomolog.com.br\/dev\/just-real-moms\/grama-do-vizinho-digo-o-filho-do-vizinho-por-aline-pinto-1\/\" \/>\n<meta property=\"og:locale\" content=\"pt_BR\" \/>\n<meta property=\"og:type\" content=\"article\" \/>\n<meta property=\"og:title\" content=\"A grama do vizinho, digo o filho do vizinho - Por Aline Pinto\" \/>\n<meta property=\"og:description\" content=\"A compara\u00e7\u00e3o entre crian\u00e7as faz v\u00e1rias m\u00e3es sofrerem bastante, mas a nossa leitora, Aline Pinto, transformou essa inquieta\u00e7\u00e3o em um texto super acolhedor.\" \/>\n<meta property=\"og:url\" content=\"https:\/\/colinahomolog.com.br\/dev\/just-real-moms\/grama-do-vizinho-digo-o-filho-do-vizinho-por-aline-pinto-1\/\" \/>\n<meta property=\"og:site_name\" content=\"Just Real Moms - Blog para M\u00e3es\" \/>\n<meta property=\"article:publisher\" content=\"https:\/\/www.facebook.com\/JustRealMoms\" \/>\n<meta property=\"article:published_time\" content=\"2020-01-28T11:00:57+00:00\" \/>\n<meta property=\"og:image\" content=\"https:\/\/colinahomolog.com.br\/dev\/just-real-moms\/wp-content\/uploads\/2016\/08\/img_7812.jpg\" \/>\n\t<meta property=\"og:image:width\" content=\"1058\" \/>\n\t<meta property=\"og:image:height\" content=\"704\" \/>\n\t<meta property=\"og:image:type\" content=\"image\/jpeg\" \/>\n<meta name=\"author\" content=\"Juliana\" \/>\n<meta name=\"twitter:label1\" content=\"Escrito por\" \/>\n\t<meta name=\"twitter:data1\" content=\"Juliana\" \/>\n\t<meta name=\"twitter:label2\" content=\"Est. tempo de leitura\" \/>\n\t<meta name=\"twitter:data2\" content=\"4 minutos\" \/>\n<script type=\"application\/ld+json\" class=\"yoast-schema-graph\">{\"@context\":\"https:\/\/schema.org\",\"@graph\":[{\"@type\":\"WebPage\",\"@id\":\"https:\/\/colinahomolog.com.br\/dev\/just-real-moms\/grama-do-vizinho-digo-o-filho-do-vizinho-por-aline-pinto-1\/\",\"url\":\"https:\/\/colinahomolog.com.br\/dev\/just-real-moms\/grama-do-vizinho-digo-o-filho-do-vizinho-por-aline-pinto-1\/\",\"name\":\"A grama do vizinho, digo o filho do vizinho - Por Aline Pinto\",\"isPartOf\":{\"@id\":\"https:\/\/colinahomolog.com.br\/dev\/just-real-moms\/#website\"},\"primaryImageOfPage\":{\"@id\":\"https:\/\/colinahomolog.com.br\/dev\/just-real-moms\/grama-do-vizinho-digo-o-filho-do-vizinho-por-aline-pinto-1\/#primaryimage\"},\"image\":{\"@id\":\"https:\/\/colinahomolog.com.br\/dev\/just-real-moms\/grama-do-vizinho-digo-o-filho-do-vizinho-por-aline-pinto-1\/#primaryimage\"},\"thumbnailUrl\":\"https:\/\/colinahomolog.com.br\/dev\/just-real-moms\/wp-content\/uploads\/2016\/08\/img_7812.jpg\",\"datePublished\":\"2020-01-28T11:00:57+00:00\",\"author\":{\"@id\":\"https:\/\/colinahomolog.com.br\/dev\/just-real-moms\/#\/schema\/person\/8218aa957ba5a31e5f531f3b6561916a\"},\"description\":\"A compara\u00e7\u00e3o entre crian\u00e7as faz v\u00e1rias m\u00e3es sofrerem bastante, mas a nossa leitora, Aline Pinto, transformou essa inquieta\u00e7\u00e3o em um texto super acolhedor.\",\"breadcrumb\":{\"@id\":\"https:\/\/colinahomolog.com.br\/dev\/just-real-moms\/grama-do-vizinho-digo-o-filho-do-vizinho-por-aline-pinto-1\/#breadcrumb\"},\"inLanguage\":\"pt-BR\",\"potentialAction\":[{\"@type\":\"ReadAction\",\"target\":[\"https:\/\/colinahomolog.com.br\/dev\/just-real-moms\/grama-do-vizinho-digo-o-filho-do-vizinho-por-aline-pinto-1\/\"]}]},{\"@type\":\"ImageObject\",\"inLanguage\":\"pt-BR\",\"@id\":\"https:\/\/colinahomolog.com.br\/dev\/just-real-moms\/grama-do-vizinho-digo-o-filho-do-vizinho-por-aline-pinto-1\/#primaryimage\",\"url\":\"https:\/\/colinahomolog.com.br\/dev\/just-real-moms\/wp-content\/uploads\/2016\/08\/img_7812.jpg\",\"contentUrl\":\"https:\/\/colinahomolog.com.br\/dev\/just-real-moms\/wp-content\/uploads\/2016\/08\/img_7812.jpg\",\"width\":1058,\"height\":704},{\"@type\":\"BreadcrumbList\",\"@id\":\"https:\/\/colinahomolog.com.br\/dev\/just-real-moms\/grama-do-vizinho-digo-o-filho-do-vizinho-por-aline-pinto-1\/#breadcrumb\",\"itemListElement\":[{\"@type\":\"ListItem\",\"position\":1,\"name\":\"In\u00edcio\",\"item\":\"https:\/\/colinahomolog.com.br\/dev\/just-real-moms\/\"},{\"@type\":\"ListItem\",\"position\":2,\"name\":\"A grama do vizinho, digo o filho do vizinho &#8211; Por Aline Pinto\"}]},{\"@type\":\"WebSite\",\"@id\":\"https:\/\/colinahomolog.com.br\/dev\/just-real-moms\/#website\",\"url\":\"https:\/\/colinahomolog.com.br\/dev\/just-real-moms\/\",\"name\":\"Just Real Moms - Blog para M\u00e3es\",\"description\":\"O melhor e mais completo portal para m\u00e3es, pais e futuros pais!\",\"potentialAction\":[{\"@type\":\"SearchAction\",\"target\":{\"@type\":\"EntryPoint\",\"urlTemplate\":\"https:\/\/colinahomolog.com.br\/dev\/just-real-moms\/?s={search_term_string}\"},\"query-input\":{\"@type\":\"PropertyValueSpecification\",\"valueRequired\":true,\"valueName\":\"search_term_string\"}}],\"inLanguage\":\"pt-BR\"},{\"@type\":\"Person\",\"@id\":\"https:\/\/colinahomolog.com.br\/dev\/just-real-moms\/#\/schema\/person\/8218aa957ba5a31e5f531f3b6561916a\",\"name\":\"Juliana\",\"url\":\"https:\/\/colinahomolog.com.br\/dev\/just-real-moms\/author\/juliana\/\"}]}<\/script>\n<!-- \/ Yoast SEO Premium plugin. -->","yoast_head_json":{"title":"A grama do vizinho, digo o filho do vizinho - Por Aline Pinto","description":"A compara\u00e7\u00e3o entre crian\u00e7as faz v\u00e1rias m\u00e3es sofrerem bastante, mas a nossa leitora, Aline Pinto, transformou essa inquieta\u00e7\u00e3o em um texto super acolhedor.","robots":{"index":"index","follow":"follow","max-snippet":"max-snippet:-1","max-image-preview":"max-image-preview:large","max-video-preview":"max-video-preview:-1"},"canonical":"https:\/\/colinahomolog.com.br\/dev\/just-real-moms\/grama-do-vizinho-digo-o-filho-do-vizinho-por-aline-pinto-1\/","og_locale":"pt_BR","og_type":"article","og_title":"A grama do vizinho, digo o filho do vizinho - Por Aline Pinto","og_description":"A compara\u00e7\u00e3o entre crian\u00e7as faz v\u00e1rias m\u00e3es sofrerem bastante, mas a nossa leitora, Aline Pinto, transformou essa inquieta\u00e7\u00e3o em um texto super acolhedor.","og_url":"https:\/\/colinahomolog.com.br\/dev\/just-real-moms\/grama-do-vizinho-digo-o-filho-do-vizinho-por-aline-pinto-1\/","og_site_name":"Just Real Moms - Blog para M\u00e3es","article_publisher":"https:\/\/www.facebook.com\/JustRealMoms","article_published_time":"2020-01-28T11:00:57+00:00","og_image":[{"width":1058,"height":704,"url":"https:\/\/colinahomolog.com.br\/dev\/just-real-moms\/wp-content\/uploads\/2016\/08\/img_7812.jpg","type":"image\/jpeg"}],"author":"Juliana","twitter_misc":{"Escrito por":"Juliana","Est. tempo de leitura":"4 minutos"},"schema":{"@context":"https:\/\/schema.org","@graph":[{"@type":"WebPage","@id":"https:\/\/colinahomolog.com.br\/dev\/just-real-moms\/grama-do-vizinho-digo-o-filho-do-vizinho-por-aline-pinto-1\/","url":"https:\/\/colinahomolog.com.br\/dev\/just-real-moms\/grama-do-vizinho-digo-o-filho-do-vizinho-por-aline-pinto-1\/","name":"A grama do vizinho, digo o filho do vizinho - Por Aline Pinto","isPartOf":{"@id":"https:\/\/colinahomolog.com.br\/dev\/just-real-moms\/#website"},"primaryImageOfPage":{"@id":"https:\/\/colinahomolog.com.br\/dev\/just-real-moms\/grama-do-vizinho-digo-o-filho-do-vizinho-por-aline-pinto-1\/#primaryimage"},"image":{"@id":"https:\/\/colinahomolog.com.br\/dev\/just-real-moms\/grama-do-vizinho-digo-o-filho-do-vizinho-por-aline-pinto-1\/#primaryimage"},"thumbnailUrl":"https:\/\/colinahomolog.com.br\/dev\/just-real-moms\/wp-content\/uploads\/2016\/08\/img_7812.jpg","datePublished":"2020-01-28T11:00:57+00:00","author":{"@id":"https:\/\/colinahomolog.com.br\/dev\/just-real-moms\/#\/schema\/person\/8218aa957ba5a31e5f531f3b6561916a"},"description":"A compara\u00e7\u00e3o entre crian\u00e7as faz v\u00e1rias m\u00e3es sofrerem bastante, mas a nossa leitora, Aline Pinto, transformou essa inquieta\u00e7\u00e3o em um texto super acolhedor.","breadcrumb":{"@id":"https:\/\/colinahomolog.com.br\/dev\/just-real-moms\/grama-do-vizinho-digo-o-filho-do-vizinho-por-aline-pinto-1\/#breadcrumb"},"inLanguage":"pt-BR","potentialAction":[{"@type":"ReadAction","target":["https:\/\/colinahomolog.com.br\/dev\/just-real-moms\/grama-do-vizinho-digo-o-filho-do-vizinho-por-aline-pinto-1\/"]}]},{"@type":"ImageObject","inLanguage":"pt-BR","@id":"https:\/\/colinahomolog.com.br\/dev\/just-real-moms\/grama-do-vizinho-digo-o-filho-do-vizinho-por-aline-pinto-1\/#primaryimage","url":"https:\/\/colinahomolog.com.br\/dev\/just-real-moms\/wp-content\/uploads\/2016\/08\/img_7812.jpg","contentUrl":"https:\/\/colinahomolog.com.br\/dev\/just-real-moms\/wp-content\/uploads\/2016\/08\/img_7812.jpg","width":1058,"height":704},{"@type":"BreadcrumbList","@id":"https:\/\/colinahomolog.com.br\/dev\/just-real-moms\/grama-do-vizinho-digo-o-filho-do-vizinho-por-aline-pinto-1\/#breadcrumb","itemListElement":[{"@type":"ListItem","position":1,"name":"In\u00edcio","item":"https:\/\/colinahomolog.com.br\/dev\/just-real-moms\/"},{"@type":"ListItem","position":2,"name":"A grama do vizinho, digo o filho do vizinho &#8211; Por Aline Pinto"}]},{"@type":"WebSite","@id":"https:\/\/colinahomolog.com.br\/dev\/just-real-moms\/#website","url":"https:\/\/colinahomolog.com.br\/dev\/just-real-moms\/","name":"Just Real Moms - Blog para M\u00e3es","description":"O melhor e mais completo portal para m\u00e3es, pais e futuros pais!","potentialAction":[{"@type":"SearchAction","target":{"@type":"EntryPoint","urlTemplate":"https:\/\/colinahomolog.com.br\/dev\/just-real-moms\/?s={search_term_string}"},"query-input":{"@type":"PropertyValueSpecification","valueRequired":true,"valueName":"search_term_string"}}],"inLanguage":"pt-BR"},{"@type":"Person","@id":"https:\/\/colinahomolog.com.br\/dev\/just-real-moms\/#\/schema\/person\/8218aa957ba5a31e5f531f3b6561916a","name":"Juliana","url":"https:\/\/colinahomolog.com.br\/dev\/just-real-moms\/author\/juliana\/"}]}},"_links":{"self":[{"href":"https:\/\/colinahomolog.com.br\/dev\/just-real-moms\/wp-json\/wp\/v2\/posts\/40590","targetHints":{"allow":["GET"]}}],"collection":[{"href":"https:\/\/colinahomolog.com.br\/dev\/just-real-moms\/wp-json\/wp\/v2\/posts"}],"about":[{"href":"https:\/\/colinahomolog.com.br\/dev\/just-real-moms\/wp-json\/wp\/v2\/types\/post"}],"author":[{"embeddable":true,"href":"https:\/\/colinahomolog.com.br\/dev\/just-real-moms\/wp-json\/wp\/v2\/users\/6"}],"replies":[{"embeddable":true,"href":"https:\/\/colinahomolog.com.br\/dev\/just-real-moms\/wp-json\/wp\/v2\/comments?post=40590"}],"version-history":[{"count":0,"href":"https:\/\/colinahomolog.com.br\/dev\/just-real-moms\/wp-json\/wp\/v2\/posts\/40590\/revisions"}],"wp:featuredmedia":[{"embeddable":true,"href":"https:\/\/colinahomolog.com.br\/dev\/just-real-moms\/wp-json\/wp\/v2\/media\/40594"}],"wp:attachment":[{"href":"https:\/\/colinahomolog.com.br\/dev\/just-real-moms\/wp-json\/wp\/v2\/media?parent=40590"}],"wp:term":[{"taxonomy":"category","embeddable":true,"href":"https:\/\/colinahomolog.com.br\/dev\/just-real-moms\/wp-json\/wp\/v2\/categories?post=40590"},{"taxonomy":"post_tag","embeddable":true,"href":"https:\/\/colinahomolog.com.br\/dev\/just-real-moms\/wp-json\/wp\/v2\/tags?post=40590"}],"curies":[{"name":"wp","href":"https:\/\/api.w.org\/{rel}","templated":true}]}}