{"id":40721,"date":"2016-09-08T08:30:45","date_gmt":"2016-09-08T11:30:45","guid":{"rendered":"https:\/\/colinahomolog.com.br\/dev\/just-real-moms\/?p=40721"},"modified":"2016-09-26T12:49:00","modified_gmt":"2016-09-26T15:49:00","slug":"simples-escolha-de-ser-mae-na-crise-por-ana-elisa-oliveira","status":"publish","type":"post","link":"https:\/\/colinahomolog.com.br\/dev\/just-real-moms\/simples-escolha-de-ser-mae-na-crise-por-ana-elisa-oliveira\/","title":{"rendered":"A simples escolha de ser m\u00e3e na crise &#8211; por Ana Elisa Oliveira"},"content":{"rendered":"<button class=\"simplefavorite-button preset\" data-postid=\"40721\" data-siteid=\"1\" data-groupid=\"1\" data-favoritecount=\"0\" style=\"box-shadow:none;-webkit-box-shadow:none;-moz-box-shadow:none;background-color:#68ccb4;border-color:#68ccb4;color:#ffffff;\"><i class=\"sf-icon-favorite\" style=\"\"><\/i>Favorite<\/button><p>&nbsp;<\/p>\n<p>Ol\u00e1!<\/p>\n<p>H\u00e1 alguns dias, inauguramos um novo espa\u00e7o por aqui, onde as leitoras nos ajudam a escrever o blog com seus textos, cr\u00f4nicas, desabafos, cartas ou que mais quiserem.<\/p>\n<p>O primeiro texto foi da jornalista Ana Elisa Oliveira (para reler, cliquem <a href=\"https:\/\/colinahomolog.com.br\/dev\/just-real-moms\/nunca-julgue-uma-gravida-por-ana-elisa-oliveira\/\">AQUI<\/a>) e hoje\u00a0<span style=\"line-height: 1.5;\">ela escreveu para a gente novamente um texto super bacana sobre ser m\u00e3e na crise atual.<\/span><\/p>\n<p>Vale muito a pena a leitura!<\/p>\n<p>Espero que gostem!<\/p>\n<p>Mil Bjss<\/p>\n<p>&nbsp;<\/p>\n<p>\u2026\u2026\u2026\u2026\u2026\u2026\u2026\u2026\u2026\u2026\u2026\u2026\u2026\u2026\u2026\u2026\u2026\u2026\u2026\u2026\u2026\u2026\u2026\u2026\u2026\u2026\u2026\u2026\u2026\u2026\u2026\u2026\u2026\u2026\u2026\u2026\u2026\u2026\u2026\u2026\u2026\u2026\u2026\u2026\u2026\u2026\u2026\u2026\u2026\u2026\u2026\u2026\u2026\u2026<\/p>\n<p>&nbsp;<\/p>\n<p>O bom de engravidar em meio \u00e0 crise financeira \u00e9 que aprendemos a ser mais simples\u200a\u2014\u200aalgo que tenho tido como prop\u00f3sito de vida desde que decidi sair do mundo corporativo. Junto aos reajustes de finan\u00e7as das fam\u00edlias brasileiras vieram muitas adapta\u00e7\u00f5es que, para mim, s\u00e3o maravilhosas. <strong class=\"markup--strong markup--p-strong\">Nossas crian\u00e7as n\u00e3o precisam de luxo.<\/strong> Para a gesta\u00e7\u00e3o e beb\u00eas, ent\u00e3o, nada melhor do que a simplicidade.<\/p>\n<p>Entrei na onda das mam\u00e3es alternativas. N\u00e3o sou uma pessoa totalmente alternativa, apesar da queda pelas coisas com mais significado. Mas estou amando ser gestante no auge do retorno do <strong class=\"markup--strong markup--p-strong\">parto humanizado<\/strong>, da troca do carrinho pelo <strong class=\"markup--strong markup--p-strong\">sling<\/strong>, do <strong class=\"markup--strong markup--p-strong\">quarto montessoriano<\/strong>, da <strong class=\"markup--strong markup--p-strong\">fralda ecol\u00f3gica<\/strong>, entre outras tend\u00eancias.<\/p>\n<p>&nbsp;<\/p>\n<p class=\"graf--p graf-after--p\"><img fetchpriority=\"high\" decoding=\"async\" class=\"aligncenter wp-image-40724\" src=\"https:\/\/colinahomolog.com.br\/dev\/just-real-moms\/wp-content\/uploads\/2016\/08\/ser_mae_na_crise-just_real_moms-3.jpg\" alt=\"A simples escolha de ser m\u00e3e na crise - Just Real Moms\" width=\"600\" height=\"403\" srcset=\"https:\/\/colinahomolog.com.br\/dev\/just-real-moms\/wp-content\/uploads\/2016\/08\/ser_mae_na_crise-just_real_moms-3.jpg 736w, https:\/\/colinahomolog.com.br\/dev\/just-real-moms\/wp-content\/uploads\/2016\/08\/ser_mae_na_crise-just_real_moms-3-400x268.jpg 400w, https:\/\/colinahomolog.com.br\/dev\/just-real-moms\/wp-content\/uploads\/2016\/08\/ser_mae_na_crise-just_real_moms-3-225x150.jpg 225w\" sizes=\"(max-width: 600px) 100vw, 600px\" \/><\/p>\n<p class=\"graf--p graf-after--p\"><img decoding=\"async\" class=\"aligncenter wp-image-40722 size-full\" src=\"https:\/\/colinahomolog.com.br\/dev\/just-real-moms\/wp-content\/uploads\/2016\/08\/ser_mae_na_crise-just_real_moms-1.jpg\" alt=\"A simples escolha de ser m\u00e3e na crise - Just Real Moms\" width=\"600\" height=\"398\" srcset=\"https:\/\/colinahomolog.com.br\/dev\/just-real-moms\/wp-content\/uploads\/2016\/08\/ser_mae_na_crise-just_real_moms-1.jpg 600w, https:\/\/colinahomolog.com.br\/dev\/just-real-moms\/wp-content\/uploads\/2016\/08\/ser_mae_na_crise-just_real_moms-1-400x265.jpg 400w, https:\/\/colinahomolog.com.br\/dev\/just-real-moms\/wp-content\/uploads\/2016\/08\/ser_mae_na_crise-just_real_moms-1-225x150.jpg 225w\" sizes=\"(max-width: 600px) 100vw, 600px\" \/><\/p>\n<p class=\"graf--p graf-after--p\" style=\"text-align: center;\"><span style=\"color: #999999;\">Quarto Montessoriano simples e barato<\/span><\/p>\n<p>&nbsp;<\/p>\n<p>Quando digo que tenho vontade de fazer tudo isso, muitas pessoas ainda falam na minha cabe\u00e7a, principalmente aquelas acostumadas com o padr\u00e3o porta maternidade laqueada-quarto em cores pastel-enxoval americano. Esse tempo passou, e os pais e av\u00f3s de crian\u00e7as de dois anos para cima precisam se atualizar das novidades.<\/p>\n<p>O que falo para quem est\u00e1 gr\u00e1vida agora \u00e9 que temos a sorte de comprar com pre\u00e7o melhor aqueles produtos que nem foram usados direito pelas criancinhas da era farta pr\u00e9-crise. Eu mesma j\u00e1 adquiri roupinhas lindas e em \u00f3timo estado, ganhei banheira boa e novinha e terei emprestado o beb\u00ea conforto. Mas j\u00e1 garanti meu sling e estou fazendo um verdadeiro esfor\u00e7o para convencer todos ao meu redor que <strong class=\"markup--strong markup--p-strong\">n\u00e3o quero ch\u00e1 de fraldas<\/strong> porque vou gastar apenas R$1.500 com as ecol\u00f3gicas (que duram at\u00e9 o desfralde, n\u00e3o precisam de pomada e len\u00e7o umedecido e s\u00e3o super f\u00e1ceis de lavar, para quem j\u00e1 quer julgar sem saber). Ainda estou pesquisando um mini ber\u00e7o usado para o beb\u00ea ficar at\u00e9 poder usufruir do seu super simples e barato quartinho multifuncional, o que ser\u00e1 l\u00e1 pelos seis meses de idade.<\/p>\n<p>Mas antes disso tudo acontecer, tem todos os procedimentos que a gesta\u00e7\u00e3o exige. J\u00e1 pesquisei e, se eu precisasse, com certeza faria o pr\u00e9-natal no posto de sa\u00fade do meu bairro. Fiquei encantada com tanta organiza\u00e7\u00e3o quando fui tomar a vacina de H1N1. Al\u00e9m disso, aqui em Belo Horizonte, hospitais, ONGs, igrejas, centros esp\u00edritas e outras institui\u00e7\u00f5es oferecem tantos <strong class=\"markup--strong markup--p-strong\">servi\u00e7os gratuitos e excelentes<\/strong>, desde terapias, passando por cursos para casais gr\u00e1vidos, at\u00e9 escalda p\u00e9s e yoga, que o orgulho e nojinho precisam passar longe.<\/p>\n<p>Ent\u00e3o, se voc\u00ea engravidou sem querer em meio \u00e0 crise ou quer engravidar mas est\u00e1 com medo por quest\u00f5es financeiras, minha querida, <strong class=\"markup--strong markup--p-strong\">n\u00e3o se culpe tanto<\/strong>. Eu sei que crian\u00e7as geram gastos, mas n\u00e3o precisa ser aquilo tudo que est\u00e1vamos acostumados a ver at\u00e9 pouco tempo atr\u00e1s. Como estou em casa (desempregada tentando empreender), pretendo ficar com minha filha at\u00e9 ela completar um ano (veremos o andar das coisas). Mas conhe\u00e7o gente que pesquisou at\u00e9 achar um ber\u00e7\u00e1rio muito bom, pr\u00f3ximo ao trabalho e muito mais barato que as escolinhas que est\u00e3o na conversa dos grupos de m\u00e3es do Facebook<\/p>\n<p>Pesquisa, humildade, gratid\u00e3o e amor: Isso \u00e9 tudo o que nossos filhos precisam.<\/p>\n<p>&nbsp;<\/p>\n<p><img decoding=\"async\" class=\"aligncenter wp-image-40723\" src=\"https:\/\/colinahomolog.com.br\/dev\/just-real-moms\/wp-content\/uploads\/2016\/08\/ser_mae_na_crise-just_real_moms-2.jpg\" alt=\"A simples escolha de ser m\u00e3e na crise - Just Real Moms\" width=\"600\" height=\"300\" srcset=\"https:\/\/colinahomolog.com.br\/dev\/just-real-moms\/wp-content\/uploads\/2016\/08\/ser_mae_na_crise-just_real_moms-2.jpg 2000w, https:\/\/colinahomolog.com.br\/dev\/just-real-moms\/wp-content\/uploads\/2016\/08\/ser_mae_na_crise-just_real_moms-2-400x200.jpg 400w, https:\/\/colinahomolog.com.br\/dev\/just-real-moms\/wp-content\/uploads\/2016\/08\/ser_mae_na_crise-just_real_moms-2-768x384.jpg 768w, https:\/\/colinahomolog.com.br\/dev\/just-real-moms\/wp-content\/uploads\/2016\/08\/ser_mae_na_crise-just_real_moms-2-820x410.jpg 820w\" sizes=\"(max-width: 600px) 100vw, 600px\" \/><\/p>\n<p class=\"graf--p graf-after--p graf--last\" style=\"text-align: center;\"><strong>Texto escrito por Ana Elisa Oliveira<\/strong><\/p>\n<p>&nbsp;<\/p>\n\n    <div class=\"xs_social_share_widget xs_share_url after_content \t\tmain_content  wslu-style-1 wslu-share-box-shaped wslu-fill-colored wslu-none wslu-share-horizontal wslu-theme-font-no wslu-main_content\">\n\n\t\t\n        <ul>\n\t\t\t        <\/ul>\n    <\/div> \n","protected":false},"excerpt":{"rendered":"<p>Favorite&nbsp; Ol\u00e1! H\u00e1 alguns dias, inauguramos um novo espa\u00e7o por aqui, onde as leitoras nos ajudam a escrever o blog com seus textos, cr\u00f4nicas, desabafos, cartas ou que mais quiserem. O primeiro texto foi da jornalista Ana Elisa Oliveira (para reler, cliquem AQUI) e hoje\u00a0ela escreveu para a gente novamente um texto super bacana sobre [&hellip;]<\/p>\n","protected":false},"author":4,"featured_media":40723,"comment_status":"open","ping_status":"closed","sticky":false,"template":"","format":"standard","meta":{"_acf_changed":false,"footnotes":""},"categories":[30,1777],"tags":[],"class_list":{"0":"post-40721","1":"post","2":"type-post","3":"status-publish","4":"format-standard","5":"has-post-thumbnail","7":"category-de-mae-para-mae","8":"category-somos-todas-iguais"},"acf":[],"yoast_head":"<!-- This site is optimized with the Yoast SEO Premium plugin v26.6 (Yoast SEO v26.6) - https:\/\/yoast.com\/wordpress\/plugins\/seo\/ -->\n<title>A simples escolha de ser m\u00e3e na crise - por Ana Elisa Oliveira<\/title>\n<meta name=\"robots\" content=\"index, follow, max-snippet:-1, max-image-preview:large, max-video-preview:-1\" \/>\n<link rel=\"canonical\" href=\"https:\/\/colinahomolog.com.br\/dev\/just-real-moms\/simples-escolha-de-ser-mae-na-crise-por-ana-elisa-oliveira\/\" \/>\n<meta property=\"og:locale\" content=\"pt_BR\" \/>\n<meta property=\"og:type\" content=\"article\" \/>\n<meta property=\"og:title\" content=\"A simples escolha de ser m\u00e3e na crise - por Ana Elisa Oliveira\" \/>\n<meta property=\"og:description\" content=\"Favorite&nbsp; Ol\u00e1! H\u00e1 alguns dias, inauguramos um novo espa\u00e7o por aqui, onde as leitoras nos ajudam a escrever o blog com seus textos, cr\u00f4nicas, desabafos, cartas ou que mais quiserem. O primeiro texto foi da jornalista Ana Elisa Oliveira (para reler, cliquem AQUI) e hoje\u00a0ela escreveu para a gente novamente um texto super bacana sobre [&hellip;]\" \/>\n<meta property=\"og:url\" content=\"https:\/\/colinahomolog.com.br\/dev\/just-real-moms\/simples-escolha-de-ser-mae-na-crise-por-ana-elisa-oliveira\/\" \/>\n<meta property=\"og:site_name\" content=\"Just Real Moms - Blog para M\u00e3es\" \/>\n<meta property=\"article:publisher\" content=\"https:\/\/www.facebook.com\/JustRealMoms\" \/>\n<meta property=\"article:published_time\" content=\"2016-09-08T11:30:45+00:00\" \/>\n<meta property=\"article:modified_time\" content=\"2016-09-26T15:49:00+00:00\" \/>\n<meta property=\"og:image\" content=\"https:\/\/colinahomolog.com.br\/dev\/just-real-moms\/wp-content\/uploads\/2016\/08\/ser_mae_na_crise-just_real_moms-2.jpg\" \/>\n\t<meta property=\"og:image:width\" content=\"2000\" \/>\n\t<meta property=\"og:image:height\" content=\"1000\" \/>\n\t<meta property=\"og:image:type\" content=\"image\/jpeg\" \/>\n<meta name=\"author\" content=\"Renata\" \/>\n<meta name=\"twitter:label1\" content=\"Escrito por\" \/>\n\t<meta name=\"twitter:data1\" content=\"Renata\" \/>\n\t<meta name=\"twitter:label2\" content=\"Est. tempo de leitura\" \/>\n\t<meta name=\"twitter:data2\" content=\"3 minutos\" \/>\n<script type=\"application\/ld+json\" class=\"yoast-schema-graph\">{\"@context\":\"https:\/\/schema.org\",\"@graph\":[{\"@type\":\"WebPage\",\"@id\":\"https:\/\/colinahomolog.com.br\/dev\/just-real-moms\/simples-escolha-de-ser-mae-na-crise-por-ana-elisa-oliveira\/\",\"url\":\"https:\/\/colinahomolog.com.br\/dev\/just-real-moms\/simples-escolha-de-ser-mae-na-crise-por-ana-elisa-oliveira\/\",\"name\":\"A simples escolha de ser m\u00e3e na crise - por Ana Elisa Oliveira\",\"isPartOf\":{\"@id\":\"https:\/\/colinahomolog.com.br\/dev\/just-real-moms\/#website\"},\"primaryImageOfPage\":{\"@id\":\"https:\/\/colinahomolog.com.br\/dev\/just-real-moms\/simples-escolha-de-ser-mae-na-crise-por-ana-elisa-oliveira\/#primaryimage\"},\"image\":{\"@id\":\"https:\/\/colinahomolog.com.br\/dev\/just-real-moms\/simples-escolha-de-ser-mae-na-crise-por-ana-elisa-oliveira\/#primaryimage\"},\"thumbnailUrl\":\"https:\/\/colinahomolog.com.br\/dev\/just-real-moms\/wp-content\/uploads\/2016\/08\/ser_mae_na_crise-just_real_moms-2.jpg\",\"datePublished\":\"2016-09-08T11:30:45+00:00\",\"dateModified\":\"2016-09-26T15:49:00+00:00\",\"author\":{\"@id\":\"https:\/\/colinahomolog.com.br\/dev\/just-real-moms\/#\/schema\/person\/2f9d85c04a6847c0f366e0a40924a2fa\"},\"breadcrumb\":{\"@id\":\"https:\/\/colinahomolog.com.br\/dev\/just-real-moms\/simples-escolha-de-ser-mae-na-crise-por-ana-elisa-oliveira\/#breadcrumb\"},\"inLanguage\":\"pt-BR\",\"potentialAction\":[{\"@type\":\"ReadAction\",\"target\":[\"https:\/\/colinahomolog.com.br\/dev\/just-real-moms\/simples-escolha-de-ser-mae-na-crise-por-ana-elisa-oliveira\/\"]}]},{\"@type\":\"ImageObject\",\"inLanguage\":\"pt-BR\",\"@id\":\"https:\/\/colinahomolog.com.br\/dev\/just-real-moms\/simples-escolha-de-ser-mae-na-crise-por-ana-elisa-oliveira\/#primaryimage\",\"url\":\"https:\/\/colinahomolog.com.br\/dev\/just-real-moms\/wp-content\/uploads\/2016\/08\/ser_mae_na_crise-just_real_moms-2.jpg\",\"contentUrl\":\"https:\/\/colinahomolog.com.br\/dev\/just-real-moms\/wp-content\/uploads\/2016\/08\/ser_mae_na_crise-just_real_moms-2.jpg\",\"width\":2000,\"height\":1000,\"caption\":\"Portrait of happy mother and son at sea\"},{\"@type\":\"BreadcrumbList\",\"@id\":\"https:\/\/colinahomolog.com.br\/dev\/just-real-moms\/simples-escolha-de-ser-mae-na-crise-por-ana-elisa-oliveira\/#breadcrumb\",\"itemListElement\":[{\"@type\":\"ListItem\",\"position\":1,\"name\":\"In\u00edcio\",\"item\":\"https:\/\/colinahomolog.com.br\/dev\/just-real-moms\/\"},{\"@type\":\"ListItem\",\"position\":2,\"name\":\"A simples escolha de ser m\u00e3e na crise &#8211; por Ana Elisa Oliveira\"}]},{\"@type\":\"WebSite\",\"@id\":\"https:\/\/colinahomolog.com.br\/dev\/just-real-moms\/#website\",\"url\":\"https:\/\/colinahomolog.com.br\/dev\/just-real-moms\/\",\"name\":\"Just Real Moms - Blog para M\u00e3es\",\"description\":\"O melhor e mais completo portal para m\u00e3es, pais e futuros pais!\",\"potentialAction\":[{\"@type\":\"SearchAction\",\"target\":{\"@type\":\"EntryPoint\",\"urlTemplate\":\"https:\/\/colinahomolog.com.br\/dev\/just-real-moms\/?s={search_term_string}\"},\"query-input\":{\"@type\":\"PropertyValueSpecification\",\"valueRequired\":true,\"valueName\":\"search_term_string\"}}],\"inLanguage\":\"pt-BR\"},{\"@type\":\"Person\",\"@id\":\"https:\/\/colinahomolog.com.br\/dev\/just-real-moms\/#\/schema\/person\/2f9d85c04a6847c0f366e0a40924a2fa\",\"name\":\"Renata\",\"url\":\"https:\/\/colinahomolog.com.br\/dev\/just-real-moms\/author\/renata\/\"}]}<\/script>\n<!-- \/ Yoast SEO Premium plugin. -->","yoast_head_json":{"title":"A simples escolha de ser m\u00e3e na crise - por Ana Elisa Oliveira","robots":{"index":"index","follow":"follow","max-snippet":"max-snippet:-1","max-image-preview":"max-image-preview:large","max-video-preview":"max-video-preview:-1"},"canonical":"https:\/\/colinahomolog.com.br\/dev\/just-real-moms\/simples-escolha-de-ser-mae-na-crise-por-ana-elisa-oliveira\/","og_locale":"pt_BR","og_type":"article","og_title":"A simples escolha de ser m\u00e3e na crise - por Ana Elisa Oliveira","og_description":"Favorite&nbsp; Ol\u00e1! H\u00e1 alguns dias, inauguramos um novo espa\u00e7o por aqui, onde as leitoras nos ajudam a escrever o blog com seus textos, cr\u00f4nicas, desabafos, cartas ou que mais quiserem. O primeiro texto foi da jornalista Ana Elisa Oliveira (para reler, cliquem AQUI) e hoje\u00a0ela escreveu para a gente novamente um texto super bacana sobre [&hellip;]","og_url":"https:\/\/colinahomolog.com.br\/dev\/just-real-moms\/simples-escolha-de-ser-mae-na-crise-por-ana-elisa-oliveira\/","og_site_name":"Just Real Moms - Blog para M\u00e3es","article_publisher":"https:\/\/www.facebook.com\/JustRealMoms","article_published_time":"2016-09-08T11:30:45+00:00","article_modified_time":"2016-09-26T15:49:00+00:00","og_image":[{"width":2000,"height":1000,"url":"https:\/\/colinahomolog.com.br\/dev\/just-real-moms\/wp-content\/uploads\/2016\/08\/ser_mae_na_crise-just_real_moms-2.jpg","type":"image\/jpeg"}],"author":"Renata","twitter_misc":{"Escrito por":"Renata","Est. tempo de leitura":"3 minutos"},"schema":{"@context":"https:\/\/schema.org","@graph":[{"@type":"WebPage","@id":"https:\/\/colinahomolog.com.br\/dev\/just-real-moms\/simples-escolha-de-ser-mae-na-crise-por-ana-elisa-oliveira\/","url":"https:\/\/colinahomolog.com.br\/dev\/just-real-moms\/simples-escolha-de-ser-mae-na-crise-por-ana-elisa-oliveira\/","name":"A simples escolha de ser m\u00e3e na crise - por Ana Elisa Oliveira","isPartOf":{"@id":"https:\/\/colinahomolog.com.br\/dev\/just-real-moms\/#website"},"primaryImageOfPage":{"@id":"https:\/\/colinahomolog.com.br\/dev\/just-real-moms\/simples-escolha-de-ser-mae-na-crise-por-ana-elisa-oliveira\/#primaryimage"},"image":{"@id":"https:\/\/colinahomolog.com.br\/dev\/just-real-moms\/simples-escolha-de-ser-mae-na-crise-por-ana-elisa-oliveira\/#primaryimage"},"thumbnailUrl":"https:\/\/colinahomolog.com.br\/dev\/just-real-moms\/wp-content\/uploads\/2016\/08\/ser_mae_na_crise-just_real_moms-2.jpg","datePublished":"2016-09-08T11:30:45+00:00","dateModified":"2016-09-26T15:49:00+00:00","author":{"@id":"https:\/\/colinahomolog.com.br\/dev\/just-real-moms\/#\/schema\/person\/2f9d85c04a6847c0f366e0a40924a2fa"},"breadcrumb":{"@id":"https:\/\/colinahomolog.com.br\/dev\/just-real-moms\/simples-escolha-de-ser-mae-na-crise-por-ana-elisa-oliveira\/#breadcrumb"},"inLanguage":"pt-BR","potentialAction":[{"@type":"ReadAction","target":["https:\/\/colinahomolog.com.br\/dev\/just-real-moms\/simples-escolha-de-ser-mae-na-crise-por-ana-elisa-oliveira\/"]}]},{"@type":"ImageObject","inLanguage":"pt-BR","@id":"https:\/\/colinahomolog.com.br\/dev\/just-real-moms\/simples-escolha-de-ser-mae-na-crise-por-ana-elisa-oliveira\/#primaryimage","url":"https:\/\/colinahomolog.com.br\/dev\/just-real-moms\/wp-content\/uploads\/2016\/08\/ser_mae_na_crise-just_real_moms-2.jpg","contentUrl":"https:\/\/colinahomolog.com.br\/dev\/just-real-moms\/wp-content\/uploads\/2016\/08\/ser_mae_na_crise-just_real_moms-2.jpg","width":2000,"height":1000,"caption":"Portrait of happy mother and son at sea"},{"@type":"BreadcrumbList","@id":"https:\/\/colinahomolog.com.br\/dev\/just-real-moms\/simples-escolha-de-ser-mae-na-crise-por-ana-elisa-oliveira\/#breadcrumb","itemListElement":[{"@type":"ListItem","position":1,"name":"In\u00edcio","item":"https:\/\/colinahomolog.com.br\/dev\/just-real-moms\/"},{"@type":"ListItem","position":2,"name":"A simples escolha de ser m\u00e3e na crise &#8211; por Ana Elisa Oliveira"}]},{"@type":"WebSite","@id":"https:\/\/colinahomolog.com.br\/dev\/just-real-moms\/#website","url":"https:\/\/colinahomolog.com.br\/dev\/just-real-moms\/","name":"Just Real Moms - Blog para M\u00e3es","description":"O melhor e mais completo portal para m\u00e3es, pais e futuros pais!","potentialAction":[{"@type":"SearchAction","target":{"@type":"EntryPoint","urlTemplate":"https:\/\/colinahomolog.com.br\/dev\/just-real-moms\/?s={search_term_string}"},"query-input":{"@type":"PropertyValueSpecification","valueRequired":true,"valueName":"search_term_string"}}],"inLanguage":"pt-BR"},{"@type":"Person","@id":"https:\/\/colinahomolog.com.br\/dev\/just-real-moms\/#\/schema\/person\/2f9d85c04a6847c0f366e0a40924a2fa","name":"Renata","url":"https:\/\/colinahomolog.com.br\/dev\/just-real-moms\/author\/renata\/"}]}},"_links":{"self":[{"href":"https:\/\/colinahomolog.com.br\/dev\/just-real-moms\/wp-json\/wp\/v2\/posts\/40721","targetHints":{"allow":["GET"]}}],"collection":[{"href":"https:\/\/colinahomolog.com.br\/dev\/just-real-moms\/wp-json\/wp\/v2\/posts"}],"about":[{"href":"https:\/\/colinahomolog.com.br\/dev\/just-real-moms\/wp-json\/wp\/v2\/types\/post"}],"author":[{"embeddable":true,"href":"https:\/\/colinahomolog.com.br\/dev\/just-real-moms\/wp-json\/wp\/v2\/users\/4"}],"replies":[{"embeddable":true,"href":"https:\/\/colinahomolog.com.br\/dev\/just-real-moms\/wp-json\/wp\/v2\/comments?post=40721"}],"version-history":[{"count":0,"href":"https:\/\/colinahomolog.com.br\/dev\/just-real-moms\/wp-json\/wp\/v2\/posts\/40721\/revisions"}],"wp:featuredmedia":[{"embeddable":true,"href":"https:\/\/colinahomolog.com.br\/dev\/just-real-moms\/wp-json\/wp\/v2\/media\/40723"}],"wp:attachment":[{"href":"https:\/\/colinahomolog.com.br\/dev\/just-real-moms\/wp-json\/wp\/v2\/media?parent=40721"}],"wp:term":[{"taxonomy":"category","embeddable":true,"href":"https:\/\/colinahomolog.com.br\/dev\/just-real-moms\/wp-json\/wp\/v2\/categories?post=40721"},{"taxonomy":"post_tag","embeddable":true,"href":"https:\/\/colinahomolog.com.br\/dev\/just-real-moms\/wp-json\/wp\/v2\/tags?post=40721"}],"curies":[{"name":"wp","href":"https:\/\/api.w.org\/{rel}","templated":true}]}}