{"id":40817,"date":"2016-09-09T08:20:33","date_gmt":"2016-09-09T11:20:33","guid":{"rendered":"https:\/\/colinahomolog.com.br\/dev\/just-real-moms\/?p=40817"},"modified":"2016-09-08T22:39:43","modified_gmt":"2016-09-09T01:39:43","slug":"veja-programacao-do-rio-de-janeiro-por-rio-kids","status":"publish","type":"post","link":"https:\/\/colinahomolog.com.br\/dev\/just-real-moms\/veja-programacao-do-rio-de-janeiro-por-rio-kids\/","title":{"rendered":"Veja a programa\u00e7\u00e3o do Rio de Janeiro &#8211; por Rio Kids"},"content":{"rendered":"<button class=\"simplefavorite-button preset\" data-postid=\"40817\" data-siteid=\"1\" data-groupid=\"1\" data-favoritecount=\"0\" style=\"box-shadow:none;-webkit-box-shadow:none;-moz-box-shadow:none;background-color:#68ccb4;border-color:#68ccb4;color:#ffffff;\"><i class=\"sf-icon-favorite\" style=\"\"><\/i>Favorite<\/button><p>Ol\u00e1, moms!<\/p>\n<p>Como est\u00e3o?<\/p>\n<p>Finalmente, o final de semana chegou! Para ajud\u00e1-las a se programarem, o <a href=\"http:\/\/riokids.com.br\" target=\"_blank\">Rio Kids<\/a> separou alguns dos melhores eventos em fam\u00edlia que acontecer\u00e3o na cidade maravilhosa. Vejam!<\/p>\n<hr \/>\n<p>&nbsp;<\/p>\n<p style=\"text-align: center;\"><strong>Music<\/strong><strong>al Infantil &#8211; Nos Tempos do Milk Shake Shake<\/strong><\/p>\n<p>&nbsp;<\/p>\n<p>Nos Tempos do Milk Shake Shake\u00a0\u00e9 uma pe\u00e7a livremente inspirada na com\u00e9dia Musical\u00a0<em>Grease &#8211; Nos Tempos da Brilhantina<\/em>, de Randal Kleiser.<\/p>\n<p>&nbsp;<\/p>\n<p>Trata-se da\u00a0hist\u00f3ria de amor\u00a0entre uma menina doce e recatada e o\u00a0garoto mais popular da escola.\u00a0O espectador \u00e9 convidado a explorar o universo dos\u00a0famosos\u00a0grupos e &#8220;panelinhas&#8221;\u00a0que se formam na escola,\u00a0entretanto,\u00a0as diferen\u00e7as, o amadurecimento e a amizade das crian\u00e7as,\u00a0prevalecem acima de tudo.\u00a0Atrav\u00e9s do ponto de vista das crian\u00e7as brasileiras,\u00a0<em>Nos Tempos do\u00a0Milk Shake Shake<\/em>, conta uma aventura rom\u00e2ntica, leve,\u00a0engra\u00e7ada\u00a0e contagiante.<\/p>\n<p>&nbsp;<\/p>\n<p>Texto livremente inspirado na obra Grease &#8211; Nos Tempos da Brilhantina\u00a0de\u00a0Jim Jacobs\u00a0e Warren Casey.<\/p>\n<p>&nbsp;<\/p>\n<p>De 03\/09 a 25\/09 &#8211; S\u00e1bados e domingos, \u00e0s 16h.<\/p>\n<p>&nbsp;<\/p>\n<p>Local: Teatro Nath\u00e1lia Timberg &#8211; Av. das Am\u00e9ricas, 2000 &#8211; Freeway &#8211; Barra da Tijuca.<\/p>\n<p><img fetchpriority=\"high\" decoding=\"async\" class=\"aligncenter wp-image-40821 size-full\" src=\"https:\/\/colinahomolog.com.br\/dev\/just-real-moms\/wp-content\/uploads\/2016\/09\/5-1.jpg\" alt=\"Veja a programa\u00e7\u00e3o do Rio de Janeiro - por Rio Kids\" width=\"500\" height=\"500\" srcset=\"https:\/\/colinahomolog.com.br\/dev\/just-real-moms\/wp-content\/uploads\/2016\/09\/5-1.jpg 500w, https:\/\/colinahomolog.com.br\/dev\/just-real-moms\/wp-content\/uploads\/2016\/09\/5-1-400x400.jpg 400w\" sizes=\"(max-width: 500px) 100vw, 500px\" \/><\/p>\n<p>&nbsp;<\/p>\n<p style=\"text-align: center;\"><strong>CasaShopping promove recrea\u00e7\u00e3o infantil com grupo Panos pra Manga<\/strong><\/p>\n<p>&nbsp;<\/p>\n<p>No fim de semana dos dias 10 e 11 de setembro, o CasaShopping promove atividades de Recrea\u00e7\u00e3o Infantil. A programa\u00e7\u00e3o que vai animar o fim de semana das crian\u00e7as ficar\u00e1 por conta do grupo Panos pra Manga, que participa da atual temporada do programa semanal \u2018Fazendo a Festa\u2019 no canal GNT. Ser\u00e3o tardes com atra\u00e7\u00f5es l\u00fadicas e educativas, como musicais, atelier de pintura, brincadeiras tradicionais que s\u00e3o direcionadas ao p\u00fablico infantil, mas que tamb\u00e9m estimulam a participa\u00e7\u00e3o dos adultos. Cores, formas e texturas comp\u00f5em a decora\u00e7\u00e3o interativa da recrea\u00e7\u00e3o.<\/p>\n<p>&nbsp;<\/p>\n<p>A entrada \u00e9 gratuita e o evento acontece das 15h \u00e0s 18h, no Pavilh\u00e3o 0, Bloco N.<\/p>\n<p>&nbsp;<\/p>\n<p><img decoding=\"async\" class=\"aligncenter wp-image-40822 size-full\" src=\"https:\/\/colinahomolog.com.br\/dev\/just-real-moms\/wp-content\/uploads\/2016\/09\/6-1.jpg\" alt=\"Veja a programa\u00e7\u00e3o do Rio de Janeiro - por Rio Kids\" width=\"500\" height=\"333\" srcset=\"https:\/\/colinahomolog.com.br\/dev\/just-real-moms\/wp-content\/uploads\/2016\/09\/6-1.jpg 500w, https:\/\/colinahomolog.com.br\/dev\/just-real-moms\/wp-content\/uploads\/2016\/09\/6-1-400x266.jpg 400w, https:\/\/colinahomolog.com.br\/dev\/just-real-moms\/wp-content\/uploads\/2016\/09\/6-1-225x150.jpg 225w\" sizes=\"(max-width: 500px) 100vw, 500px\" \/><\/p>\n<p>&nbsp;<\/p>\n<p style=\"text-align: center;\"><strong>Bondinho das Crian\u00e7as apresenta Circo Macaco Prego e Oficina de Confeitaria<\/strong><\/p>\n<p><strong>\u00a0<\/strong><\/p>\n<p>Sucesso entre a crian\u00e7ada no m\u00eas de julho, a programa\u00e7\u00e3o infantil do \u201cBondinho das Crian\u00e7as\u201d retorna a todo vapor com apresenta\u00e7\u00f5es do Circo Macaco Prego, todos os s\u00e1bados de setembro, das 10h \u00e0s 12h, ao Morro da Urca. As manh\u00e3s de setembro ser\u00e3o embaladas por cantigas infantis e cirandas, oficinas de arte e apresenta\u00e7\u00e3o circense. A atra\u00e7\u00e3o \u00e9 gratuita para os visitantes do Bondinho e faz o passeio, que j\u00e1 \u00e9 divertido, valer ainda mais \u00e0 pena!<\/p>\n<p>&nbsp;<\/p>\n<p>A partir do meio-dia, a crian\u00e7ada se re\u00fane para uma deliciosa e divertida oficina de cupcakes, no Cota 200 Restaurante. As inscri\u00e7\u00f5es acontecem no pr\u00f3prio s\u00e1bado, das 10h \u00e0s 11h30, durante as atividades de recrea\u00e7\u00e3o infantil. Al\u00e9m de conhecer a arte de confeitar, as crian\u00e7as ter\u00e3o aulas pr\u00e1ticas sobre nutri\u00e7\u00e3o saud\u00e1vel.<\/p>\n<p>&nbsp;<\/p>\n<p>Local: Morro da Urca<\/p>\n<p>Avenida Pasteur 520 \u2013 Urca \u2013 Rio de Janeiro o ignored<\/p>\n<p>Hor\u00e1rio da bilheteria: Diariamente, das 8h \u00e0s 19h50<\/p>\n<p><img decoding=\"async\" class=\"aligncenter wp-image-40823 size-full\" src=\"https:\/\/colinahomolog.com.br\/dev\/just-real-moms\/wp-content\/uploads\/2016\/09\/7-2.jpg\" alt=\"Veja a programa\u00e7\u00e3o do Rio de Janeiro - por Rio Kids\" width=\"500\" height=\"375\" srcset=\"https:\/\/colinahomolog.com.br\/dev\/just-real-moms\/wp-content\/uploads\/2016\/09\/7-2.jpg 500w, https:\/\/colinahomolog.com.br\/dev\/just-real-moms\/wp-content\/uploads\/2016\/09\/7-2-400x300.jpg 400w\" sizes=\"(max-width: 500px) 100vw, 500px\" \/><\/p>\n<p>&nbsp;<\/p>\n<p style=\"text-align: center;\"><strong>Historinhas<\/strong><\/p>\n<p>&nbsp;<\/p>\n<p>A partir de 10 de setembro, a atriz, escritora e diretora Sura Berditchevsky apresenta seu novo espet\u00e1culo infantil Historinhas, aos s\u00e1bados e domingos, \u00e0s 16h, no Teatro Vannucci, no Shopping da G\u00e1vea.<\/p>\n<p>&nbsp;<\/p>\n<p>Com um elenco formado por 26 crian\u00e7as e adolescentes da Cia Sura Berditchevsky de Teatro Infantil, o espet\u00e1culo re\u00fane seis hist\u00f3rias cl\u00e1ssicas, contadas de forma contempor\u00e2nea. No palco as crian\u00e7as se misturam com proje\u00e7\u00f5es dos irm\u00e3os Vilarouca, enquanto s\u00e3o embaladas por m\u00fasicas dos Beatles, executadas por estudantes de m\u00fasica do antigo projeto Villa Lobinhos e selecionadas e produzidas pelo diretor musical Rodrigo Belchior.<\/p>\n<p>&nbsp;<\/p>\n<p>Temporada: 10 de setembro a 13 de novembro<\/p>\n<p>&nbsp;<\/p>\n<p>Hor\u00e1rios: S\u00e1bados e domingos, \u00e0s 16h<\/p>\n<p>&nbsp;<\/p>\n<p>Local: Teatro Vannucci \u2013 Rua Marques de S\u00e3o Vicente, 52, lj 371 \u2013 Shopping da G\u00e1vea &#8211; Tel.: 21 2274-7246<\/p>\n<p><img loading=\"lazy\" decoding=\"async\" class=\"aligncenter wp-image-40824 size-full\" src=\"https:\/\/colinahomolog.com.br\/dev\/just-real-moms\/wp-content\/uploads\/2016\/09\/8-3.jpg\" alt=\"Veja a programa\u00e7\u00e3o do Rio de Janeiro - por Rio Kids\" width=\"500\" height=\"346\" srcset=\"https:\/\/colinahomolog.com.br\/dev\/just-real-moms\/wp-content\/uploads\/2016\/09\/8-3.jpg 500w, https:\/\/colinahomolog.com.br\/dev\/just-real-moms\/wp-content\/uploads\/2016\/09\/8-3-400x277.jpg 400w\" sizes=\"(max-width: 500px) 100vw, 500px\" \/><\/p>\n\n    <div class=\"xs_social_share_widget xs_share_url after_content \t\tmain_content  wslu-style-1 wslu-share-box-shaped wslu-fill-colored wslu-none wslu-share-horizontal wslu-theme-font-no wslu-main_content\">\n\n\t\t\n        <ul>\n\t\t\t        <\/ul>\n    <\/div> \n","protected":false},"excerpt":{"rendered":"<p>FavoriteOl\u00e1, moms! Como est\u00e3o? Finalmente, o final de semana chegou! Para ajud\u00e1-las a se programarem, o Rio Kids separou alguns dos melhores eventos em fam\u00edlia que acontecer\u00e3o na cidade maravilhosa. Vejam! &nbsp; Musical Infantil &#8211; Nos Tempos do Milk Shake Shake &nbsp; Nos Tempos do Milk Shake Shake\u00a0\u00e9 uma pe\u00e7a livremente inspirada na com\u00e9dia Musical\u00a0Grease [&hellip;]<\/p>\n","protected":false},"author":1026,"featured_media":40820,"comment_status":"open","ping_status":"closed","sticky":false,"template":"","format":"standard","meta":{"_acf_changed":false,"footnotes":""},"categories":[33,1742,1824],"tags":[1886,1493,1494],"class_list":{"0":"post-40817","1":"post","2":"type-post","3":"status-publish","4":"format-standard","5":"has-post-thumbnail","7":"category-have-fun","8":"category-programacao","9":"category-programacao-rio-de-janeiro","10":"tag-programacao-familia","11":"tag-programacao-rio-de-janeiro","12":"tag-rio-kids"},"acf":[],"yoast_head":"<!-- This site is optimized with the Yoast SEO Premium plugin v26.6 (Yoast SEO v26.6) - https:\/\/yoast.com\/wordpress\/plugins\/seo\/ -->\n<title>Veja a programa\u00e7\u00e3o do Rio de Janeiro - por Rio Kids<\/title>\n<meta name=\"description\" content=\"O fim de semana ser\u00e1 muito gostoso para as fam\u00edlias cariocas. O Rio Kids separou uma programa\u00e7\u00e3o incr\u00edvel para voc\u00ea curtir muito. Veja!\" \/>\n<meta name=\"robots\" content=\"index, follow, max-snippet:-1, max-image-preview:large, max-video-preview:-1\" \/>\n<link rel=\"canonical\" href=\"https:\/\/colinahomolog.com.br\/dev\/just-real-moms\/veja-programacao-do-rio-de-janeiro-por-rio-kids\/\" \/>\n<meta property=\"og:locale\" content=\"pt_BR\" \/>\n<meta property=\"og:type\" content=\"article\" \/>\n<meta property=\"og:title\" content=\"Veja a programa\u00e7\u00e3o do Rio de Janeiro - por Rio Kids\" \/>\n<meta property=\"og:description\" content=\"O fim de semana ser\u00e1 muito gostoso para as fam\u00edlias cariocas. O Rio Kids separou uma programa\u00e7\u00e3o incr\u00edvel para voc\u00ea curtir muito. Veja!\" \/>\n<meta property=\"og:url\" content=\"https:\/\/colinahomolog.com.br\/dev\/just-real-moms\/veja-programacao-do-rio-de-janeiro-por-rio-kids\/\" \/>\n<meta property=\"og:site_name\" content=\"Just Real Moms - Blog para M\u00e3es\" \/>\n<meta property=\"article:publisher\" content=\"https:\/\/www.facebook.com\/JustRealMoms\" \/>\n<meta property=\"article:published_time\" content=\"2016-09-09T11:20:33+00:00\" \/>\n<meta property=\"og:image\" content=\"https:\/\/colinahomolog.com.br\/dev\/just-real-moms\/wp-content\/uploads\/2016\/09\/7-1.jpg\" \/>\n\t<meta property=\"og:image:width\" content=\"723\" \/>\n\t<meta property=\"og:image:height\" content=\"542\" \/>\n\t<meta property=\"og:image:type\" content=\"image\/jpeg\" \/>\n<meta name=\"author\" content=\"Ana L\u00fa Gerodetti\" \/>\n<meta name=\"twitter:label1\" content=\"Escrito por\" \/>\n\t<meta name=\"twitter:data1\" content=\"Ana L\u00fa Gerodetti\" \/>\n\t<meta name=\"twitter:label2\" content=\"Est. tempo de leitura\" \/>\n\t<meta name=\"twitter:data2\" content=\"3 minutos\" \/>\n<script type=\"application\/ld+json\" class=\"yoast-schema-graph\">{\"@context\":\"https:\/\/schema.org\",\"@graph\":[{\"@type\":\"WebPage\",\"@id\":\"https:\/\/colinahomolog.com.br\/dev\/just-real-moms\/veja-programacao-do-rio-de-janeiro-por-rio-kids\/\",\"url\":\"https:\/\/colinahomolog.com.br\/dev\/just-real-moms\/veja-programacao-do-rio-de-janeiro-por-rio-kids\/\",\"name\":\"Veja a programa\u00e7\u00e3o do Rio de Janeiro - por Rio Kids\",\"isPartOf\":{\"@id\":\"https:\/\/colinahomolog.com.br\/dev\/just-real-moms\/#website\"},\"primaryImageOfPage\":{\"@id\":\"https:\/\/colinahomolog.com.br\/dev\/just-real-moms\/veja-programacao-do-rio-de-janeiro-por-rio-kids\/#primaryimage\"},\"image\":{\"@id\":\"https:\/\/colinahomolog.com.br\/dev\/just-real-moms\/veja-programacao-do-rio-de-janeiro-por-rio-kids\/#primaryimage\"},\"thumbnailUrl\":\"https:\/\/colinahomolog.com.br\/dev\/just-real-moms\/wp-content\/uploads\/2016\/09\/7-1.jpg\",\"datePublished\":\"2016-09-09T11:20:33+00:00\",\"author\":{\"@id\":\"https:\/\/colinahomolog.com.br\/dev\/just-real-moms\/#\/schema\/person\/515932a32be880c655c9a97801ec749d\"},\"description\":\"O fim de semana ser\u00e1 muito gostoso para as fam\u00edlias cariocas. O Rio Kids separou uma programa\u00e7\u00e3o incr\u00edvel para voc\u00ea curtir muito. Veja!\",\"breadcrumb\":{\"@id\":\"https:\/\/colinahomolog.com.br\/dev\/just-real-moms\/veja-programacao-do-rio-de-janeiro-por-rio-kids\/#breadcrumb\"},\"inLanguage\":\"pt-BR\",\"potentialAction\":[{\"@type\":\"ReadAction\",\"target\":[\"https:\/\/colinahomolog.com.br\/dev\/just-real-moms\/veja-programacao-do-rio-de-janeiro-por-rio-kids\/\"]}]},{\"@type\":\"ImageObject\",\"inLanguage\":\"pt-BR\",\"@id\":\"https:\/\/colinahomolog.com.br\/dev\/just-real-moms\/veja-programacao-do-rio-de-janeiro-por-rio-kids\/#primaryimage\",\"url\":\"https:\/\/colinahomolog.com.br\/dev\/just-real-moms\/wp-content\/uploads\/2016\/09\/7-1.jpg\",\"contentUrl\":\"https:\/\/colinahomolog.com.br\/dev\/just-real-moms\/wp-content\/uploads\/2016\/09\/7-1.jpg\",\"width\":723,\"height\":542},{\"@type\":\"BreadcrumbList\",\"@id\":\"https:\/\/colinahomolog.com.br\/dev\/just-real-moms\/veja-programacao-do-rio-de-janeiro-por-rio-kids\/#breadcrumb\",\"itemListElement\":[{\"@type\":\"ListItem\",\"position\":1,\"name\":\"In\u00edcio\",\"item\":\"https:\/\/colinahomolog.com.br\/dev\/just-real-moms\/\"},{\"@type\":\"ListItem\",\"position\":2,\"name\":\"Veja a programa\u00e7\u00e3o do Rio de Janeiro &#8211; por Rio Kids\"}]},{\"@type\":\"WebSite\",\"@id\":\"https:\/\/colinahomolog.com.br\/dev\/just-real-moms\/#website\",\"url\":\"https:\/\/colinahomolog.com.br\/dev\/just-real-moms\/\",\"name\":\"Just Real Moms - Blog para M\u00e3es\",\"description\":\"O melhor e mais completo portal para m\u00e3es, pais e futuros pais!\",\"potentialAction\":[{\"@type\":\"SearchAction\",\"target\":{\"@type\":\"EntryPoint\",\"urlTemplate\":\"https:\/\/colinahomolog.com.br\/dev\/just-real-moms\/?s={search_term_string}\"},\"query-input\":{\"@type\":\"PropertyValueSpecification\",\"valueRequired\":true,\"valueName\":\"search_term_string\"}}],\"inLanguage\":\"pt-BR\"},{\"@type\":\"Person\",\"@id\":\"https:\/\/colinahomolog.com.br\/dev\/just-real-moms\/#\/schema\/person\/515932a32be880c655c9a97801ec749d\",\"name\":\"Ana L\u00fa Gerodetti\",\"url\":\"https:\/\/colinahomolog.com.br\/dev\/just-real-moms\/author\/ana-luisa\/\"}]}<\/script>\n<!-- \/ Yoast SEO Premium plugin. -->","yoast_head_json":{"title":"Veja a programa\u00e7\u00e3o do Rio de Janeiro - por Rio Kids","description":"O fim de semana ser\u00e1 muito gostoso para as fam\u00edlias cariocas. O Rio Kids separou uma programa\u00e7\u00e3o incr\u00edvel para voc\u00ea curtir muito. Veja!","robots":{"index":"index","follow":"follow","max-snippet":"max-snippet:-1","max-image-preview":"max-image-preview:large","max-video-preview":"max-video-preview:-1"},"canonical":"https:\/\/colinahomolog.com.br\/dev\/just-real-moms\/veja-programacao-do-rio-de-janeiro-por-rio-kids\/","og_locale":"pt_BR","og_type":"article","og_title":"Veja a programa\u00e7\u00e3o do Rio de Janeiro - por Rio Kids","og_description":"O fim de semana ser\u00e1 muito gostoso para as fam\u00edlias cariocas. O Rio Kids separou uma programa\u00e7\u00e3o incr\u00edvel para voc\u00ea curtir muito. Veja!","og_url":"https:\/\/colinahomolog.com.br\/dev\/just-real-moms\/veja-programacao-do-rio-de-janeiro-por-rio-kids\/","og_site_name":"Just Real Moms - Blog para M\u00e3es","article_publisher":"https:\/\/www.facebook.com\/JustRealMoms","article_published_time":"2016-09-09T11:20:33+00:00","og_image":[{"width":723,"height":542,"url":"https:\/\/colinahomolog.com.br\/dev\/just-real-moms\/wp-content\/uploads\/2016\/09\/7-1.jpg","type":"image\/jpeg"}],"author":"Ana L\u00fa Gerodetti","twitter_misc":{"Escrito por":"Ana L\u00fa Gerodetti","Est. tempo de leitura":"3 minutos"},"schema":{"@context":"https:\/\/schema.org","@graph":[{"@type":"WebPage","@id":"https:\/\/colinahomolog.com.br\/dev\/just-real-moms\/veja-programacao-do-rio-de-janeiro-por-rio-kids\/","url":"https:\/\/colinahomolog.com.br\/dev\/just-real-moms\/veja-programacao-do-rio-de-janeiro-por-rio-kids\/","name":"Veja a programa\u00e7\u00e3o do Rio de Janeiro - por Rio Kids","isPartOf":{"@id":"https:\/\/colinahomolog.com.br\/dev\/just-real-moms\/#website"},"primaryImageOfPage":{"@id":"https:\/\/colinahomolog.com.br\/dev\/just-real-moms\/veja-programacao-do-rio-de-janeiro-por-rio-kids\/#primaryimage"},"image":{"@id":"https:\/\/colinahomolog.com.br\/dev\/just-real-moms\/veja-programacao-do-rio-de-janeiro-por-rio-kids\/#primaryimage"},"thumbnailUrl":"https:\/\/colinahomolog.com.br\/dev\/just-real-moms\/wp-content\/uploads\/2016\/09\/7-1.jpg","datePublished":"2016-09-09T11:20:33+00:00","author":{"@id":"https:\/\/colinahomolog.com.br\/dev\/just-real-moms\/#\/schema\/person\/515932a32be880c655c9a97801ec749d"},"description":"O fim de semana ser\u00e1 muito gostoso para as fam\u00edlias cariocas. O Rio Kids separou uma programa\u00e7\u00e3o incr\u00edvel para voc\u00ea curtir muito. Veja!","breadcrumb":{"@id":"https:\/\/colinahomolog.com.br\/dev\/just-real-moms\/veja-programacao-do-rio-de-janeiro-por-rio-kids\/#breadcrumb"},"inLanguage":"pt-BR","potentialAction":[{"@type":"ReadAction","target":["https:\/\/colinahomolog.com.br\/dev\/just-real-moms\/veja-programacao-do-rio-de-janeiro-por-rio-kids\/"]}]},{"@type":"ImageObject","inLanguage":"pt-BR","@id":"https:\/\/colinahomolog.com.br\/dev\/just-real-moms\/veja-programacao-do-rio-de-janeiro-por-rio-kids\/#primaryimage","url":"https:\/\/colinahomolog.com.br\/dev\/just-real-moms\/wp-content\/uploads\/2016\/09\/7-1.jpg","contentUrl":"https:\/\/colinahomolog.com.br\/dev\/just-real-moms\/wp-content\/uploads\/2016\/09\/7-1.jpg","width":723,"height":542},{"@type":"BreadcrumbList","@id":"https:\/\/colinahomolog.com.br\/dev\/just-real-moms\/veja-programacao-do-rio-de-janeiro-por-rio-kids\/#breadcrumb","itemListElement":[{"@type":"ListItem","position":1,"name":"In\u00edcio","item":"https:\/\/colinahomolog.com.br\/dev\/just-real-moms\/"},{"@type":"ListItem","position":2,"name":"Veja a programa\u00e7\u00e3o do Rio de Janeiro &#8211; por Rio Kids"}]},{"@type":"WebSite","@id":"https:\/\/colinahomolog.com.br\/dev\/just-real-moms\/#website","url":"https:\/\/colinahomolog.com.br\/dev\/just-real-moms\/","name":"Just Real Moms - Blog para M\u00e3es","description":"O melhor e mais completo portal para m\u00e3es, pais e futuros pais!","potentialAction":[{"@type":"SearchAction","target":{"@type":"EntryPoint","urlTemplate":"https:\/\/colinahomolog.com.br\/dev\/just-real-moms\/?s={search_term_string}"},"query-input":{"@type":"PropertyValueSpecification","valueRequired":true,"valueName":"search_term_string"}}],"inLanguage":"pt-BR"},{"@type":"Person","@id":"https:\/\/colinahomolog.com.br\/dev\/just-real-moms\/#\/schema\/person\/515932a32be880c655c9a97801ec749d","name":"Ana L\u00fa Gerodetti","url":"https:\/\/colinahomolog.com.br\/dev\/just-real-moms\/author\/ana-luisa\/"}]}},"_links":{"self":[{"href":"https:\/\/colinahomolog.com.br\/dev\/just-real-moms\/wp-json\/wp\/v2\/posts\/40817","targetHints":{"allow":["GET"]}}],"collection":[{"href":"https:\/\/colinahomolog.com.br\/dev\/just-real-moms\/wp-json\/wp\/v2\/posts"}],"about":[{"href":"https:\/\/colinahomolog.com.br\/dev\/just-real-moms\/wp-json\/wp\/v2\/types\/post"}],"author":[{"embeddable":true,"href":"https:\/\/colinahomolog.com.br\/dev\/just-real-moms\/wp-json\/wp\/v2\/users\/1026"}],"replies":[{"embeddable":true,"href":"https:\/\/colinahomolog.com.br\/dev\/just-real-moms\/wp-json\/wp\/v2\/comments?post=40817"}],"version-history":[{"count":0,"href":"https:\/\/colinahomolog.com.br\/dev\/just-real-moms\/wp-json\/wp\/v2\/posts\/40817\/revisions"}],"wp:featuredmedia":[{"embeddable":true,"href":"https:\/\/colinahomolog.com.br\/dev\/just-real-moms\/wp-json\/wp\/v2\/media\/40820"}],"wp:attachment":[{"href":"https:\/\/colinahomolog.com.br\/dev\/just-real-moms\/wp-json\/wp\/v2\/media?parent=40817"}],"wp:term":[{"taxonomy":"category","embeddable":true,"href":"https:\/\/colinahomolog.com.br\/dev\/just-real-moms\/wp-json\/wp\/v2\/categories?post=40817"},{"taxonomy":"post_tag","embeddable":true,"href":"https:\/\/colinahomolog.com.br\/dev\/just-real-moms\/wp-json\/wp\/v2\/tags?post=40817"}],"curies":[{"name":"wp","href":"https:\/\/api.w.org\/{rel}","templated":true}]}}