{"id":41544,"date":"2019-08-08T08:30:46","date_gmt":"2019-08-08T11:30:46","guid":{"rendered":"https:\/\/colinahomolog.com.br\/dev\/just-real-moms\/?p=41544"},"modified":"2019-08-08T10:18:17","modified_gmt":"2019-08-08T13:18:17","slug":"nao-meu-filho-nao-e-muito-grande-para-fazer-isso","status":"publish","type":"post","link":"https:\/\/colinahomolog.com.br\/dev\/just-real-moms\/nao-meu-filho-nao-e-muito-grande-para-fazer-isso\/","title":{"rendered":"N\u00e3o, meu filho n\u00e3o \u00e9 muito grande para fazer isso!"},"content":{"rendered":"<button class=\"simplefavorite-button preset\" data-postid=\"41544\" data-siteid=\"1\" data-groupid=\"1\" data-favoritecount=\"0\" style=\"box-shadow:none;-webkit-box-shadow:none;-moz-box-shadow:none;background-color:#68ccb4;border-color:#68ccb4;color:#ffffff;\"><i class=\"sf-icon-favorite\" style=\"\"><\/i>Favorite<\/button><p>&nbsp;<\/p>\n<p>Ol\u00e1, mam\u00e3es!<\/p>\n<p>\u00c9 impressionante como hoje em dia os julgadores de plant\u00e3o (principalmente entre as m\u00e3es), est\u00e3o com for\u00e7a total. Parece que nos sentimos culpadas e sempre nos justificando por alguma coisa que consideramos n\u00e3o &#8220;apropriada para a idade&#8221;. Mas ser\u00e1 que existe mesmo essa hist\u00f3ria? Quem tem filhos perfeitos que fazem absolutamente tudo no tempo exato, que atire a primeira pedra!<\/p>\n<p>Li um texto maravilhoso e verdadeiro sobre isso e gostaria de compartilh\u00e1-lo! O texto \u00e9 da autora Annie Reneau e fiz uma livre tradu\u00e7\u00e3o!<\/p>\n<p>Tenho certeza de que muitas mam\u00e3es se identificar\u00e3o!<\/p>\n<p>Mil Bjsss<\/p>\n<p>&nbsp;<\/p>\n<p>\u2026\u2026\u2026\u2026\u2026\u2026\u2026\u2026\u2026\u2026\u2026\u2026\u2026\u2026\u2026\u2026\u2026\u2026\u2026\u2026\u2026\u2026\u2026\u2026\u2026\u2026\u2026\u2026\u2026\u2026\u2026\u2026\u2026\u2026\u2026\u2026\u2026\u2026\u2026\u2026\u2026\u2026\u2026\u2026\u2026\u2026\u2026\u2026\u2026\u2026\u2026\u2026\u2026\u2026\u2026\u2026<\/p>\n<p>&nbsp;<\/p>\n<p><img fetchpriority=\"high\" decoding=\"async\" class=\"aligncenter wp-image-41545 size-rss-image\" src=\"https:\/\/colinahomolog.com.br\/dev\/just-real-moms\/wp-content\/uploads\/2016\/11\/meu_filho_nao_e_grande_demais_para_fazer_isso-just_real_moms-1-600x343.jpg\" alt=\"N\u00e3o, meu filho n\u00e3o \u00e9 muito grande para fazer isso! - Just Real Moms\" width=\"600\" height=\"343\" srcset=\"https:\/\/colinahomolog.com.br\/dev\/just-real-moms\/wp-content\/uploads\/2016\/11\/meu_filho_nao_e_grande_demais_para_fazer_isso-just_real_moms-1-600x343.jpg 600w, https:\/\/colinahomolog.com.br\/dev\/just-real-moms\/wp-content\/uploads\/2016\/11\/meu_filho_nao_e_grande_demais_para_fazer_isso-just_real_moms-1-400x229.jpg 400w, https:\/\/colinahomolog.com.br\/dev\/just-real-moms\/wp-content\/uploads\/2016\/11\/meu_filho_nao_e_grande_demais_para_fazer_isso-just_real_moms-1.jpg 700w\" sizes=\"(max-width: 600px) 100vw, 600px\" \/><\/p>\n<p>&nbsp;<\/p>\n<p><span id=\"result_box\" class=\"\" lang=\"pt\"><span title=\"I can't count how many times I've heard people question whether a child was too old to do something \u2014 drink from a bottle, suck on a pacifier, ride in a stroller, use the car carts at the grocery store, the list\">Eu n\u00e3o posso contar quantas vezes eu ouvi pessoas questionando se uma crian\u00e7a estava &#8220;velha&#8221; demais para fazer alguma coisa &#8211; tomar mamadeira, chupar chupeta, andar num carrinho, usar os carrinhos do supermercado&#8230; A lista \u00e9 longa<\/span><span title=\"goes on.\">. C<\/span><span title=\"Elementary school kids who still sleep with a blankie are given the side-eye.\">rian\u00e7as do ensino fundamental que ainda dormem com um bichinho de pel\u00facia ou naninha \u00e9 vista como estranha. <\/span><span title=\"Strangers tut-tut the 3-year-old who hasn\u2019t mastered the toilet.\">E aqueles de 3 anos de idade, que n\u00e3o dominam o banheiro. <\/span><\/span><\/p>\n<p><span id=\"result_box\" class=\"\" lang=\"pt\"><span title=\"Did I somehow miss the memo that there are official age limits on everything? \">Ser\u00e1 que eu perdi a li\u00e7\u00e3o de que h\u00e1 limites oficiais de idade em tudo?<\/span><\/span><\/p>\n<p><span id=\"result_box\" class=\"\" lang=\"pt\"><span title=\"We seem to have this odd notion that because kids are growing there is an arbitrary cut-off age for certain things.\">Parece que temos esta sensa\u00e7\u00e3o estranha que, porque as crian\u00e7as est\u00e3o crescendo, h\u00e1 uma idade arbitr\u00e1ria de corte para certas coisas. <\/span><span title=\"We worry that we will hamper our kids\u2019 development if we allow behaviors to continue too long, or we feel like parents are doing something wrong if they allow their kids to do something beyond what we consider \u201cnormal.\u201d \">Parece que vamos prejudicar o desenvolvimento dos nossos filhos se n\u00f3s permitirmos que alguns comportamentos continuem por muito tempo, ou achamos que os pais est\u00e3o fazendo algo de errado se eles permitem que seus filhos fa\u00e7am algo al\u00e9m do que consideramos &#8220;normal&#8221;.<\/span><\/span><\/p>\n<p><span id=\"result_box\" class=\"\" lang=\"pt\"><span title=\"Of course, there is a small percentage of parents who hold their kids back developmentally for some psychologically iffy reasons.\">Claro, h\u00e1 uma pequena porcentagem de pais que mant\u00e9m seus filhos no desenvolvimento retroativo por algumas raz\u00f5es psicologicamente duvidosas. <\/span><span title=\"And of course, there are some habits or behaviors that we need to wean kids off of within a reasonable timeframe.\">E, claro, existem alguns h\u00e1bitos ou comportamentos que precisamos para desenvolver as crian\u00e7as dentro de prazo razo\u00e1vel. <\/span><span title=\"The point is this: Those limits aren\u2019t for random strangers or nosy neighbors to decide. \">O ponto \u00e9 este: Esses limites n\u00e3o s\u00e3o para os estranhos aleat\u00f3rios ou julgadores decidirem.<\/span><\/span><\/p>\n<p><span id=\"result_box\" class=\"\" lang=\"pt\"><span title=\"There\u2019s so much we don\u2019t know and can\u2019t see from the outside looking in.\">N\u00e3o sabemos de tudo e n\u00e3o podemos julgar olhando de fora. <\/span><span title=\"The teenager who can\u2019t sleep without her teddy bear?\">O adolescente que n\u00e3o consegue dormir sem seu ursinho de pel\u00facia? <\/span><span title=\"Maybe she suffers from debilitating anxiety.\">Talvez ele sofra de ansiedade debilitante. <\/span><span title=\"The big kid riding in the cart at the grocery store might be one of those kids who looks several years older than he his.\">A crian\u00e7a grande que anda no carrinho do supermercado pode ser uma daquelas crian\u00e7as que parece v\u00e1rios anos mais velha do que ela. <\/span><span title=\"The tween who still believes in Santa might just really love fantasy.\">O pr\u00e9-adolescente que ainda acredita em Papai Noel pode apenas realmente amar a fantasia. <\/span><span title=\"The 8-year-old who still sleeps in her parents\u2019 room might just be from a culture where that is the norm.\">A crian\u00e7a de 8 anos de idade, que ainda dorme no quarto dos seus pais pode ser apenas por causa de uma cultura em que isso \u00e9 a norma.<\/span><\/span><\/p>\n<p>&nbsp;<\/p>\n<p><img decoding=\"async\" class=\"aligncenter wp-image-41548 size-rss-image\" src=\"https:\/\/colinahomolog.com.br\/dev\/just-real-moms\/wp-content\/uploads\/2016\/11\/meu_filho_nao_e_grande_demais_para_fazer_isso-just_real_moms-4-600x400.jpg\" alt=\"N\u00e3o, meu filho n\u00e3o \u00e9 muito grande para fazer isso! - Just Real Moms\" width=\"600\" height=\"400\" srcset=\"https:\/\/colinahomolog.com.br\/dev\/just-real-moms\/wp-content\/uploads\/2016\/11\/meu_filho_nao_e_grande_demais_para_fazer_isso-just_real_moms-4-600x400.jpg 600w, https:\/\/colinahomolog.com.br\/dev\/just-real-moms\/wp-content\/uploads\/2016\/11\/meu_filho_nao_e_grande_demais_para_fazer_isso-just_real_moms-4-400x267.jpg 400w, https:\/\/colinahomolog.com.br\/dev\/just-real-moms\/wp-content\/uploads\/2016\/11\/meu_filho_nao_e_grande_demais_para_fazer_isso-just_real_moms-4-768x512.jpg 768w, https:\/\/colinahomolog.com.br\/dev\/just-real-moms\/wp-content\/uploads\/2016\/11\/meu_filho_nao_e_grande_demais_para_fazer_isso-just_real_moms-4-820x547.jpg 820w, https:\/\/colinahomolog.com.br\/dev\/just-real-moms\/wp-content\/uploads\/2016\/11\/meu_filho_nao_e_grande_demais_para_fazer_isso-just_real_moms-4-225x150.jpg 225w, https:\/\/colinahomolog.com.br\/dev\/just-real-moms\/wp-content\/uploads\/2016\/11\/meu_filho_nao_e_grande_demais_para_fazer_isso-just_real_moms-4.jpg 2048w\" sizes=\"(max-width: 600px) 100vw, 600px\" \/><\/p>\n<p>&nbsp;<\/p>\n<p><span id=\"result_box\" class=\"\" lang=\"pt\"><span title=\"Sometimes it\u2019s simply a matter of different priorities and points of view.\">\u00c0s vezes, \u00e9 simplesmente uma quest\u00e3o de prioridades diferentes e de outros pontos de vista. <\/span><span title=\"My youngest child is 7. I can barely pick him up and carry him anymore, so I rarely do.\">Meu filho mais novo tem 7 anos. Eu mal posso carreg\u00e1-lo no colo, ent\u00e3o eu raramente fa\u00e7o isso. <\/span><span title=\"But I carried all three of my kids when their legs got tired until I was physically incapable of doing so.\">Mas eu fiz muito com todos os meus tr\u00eas filhos, quando as pernas deles se cansavam. Fiz at\u00e9 que eu ficar fisicamente incapaz de fazer isso. <\/span><span title=\"I know some people see that as enabling or coddling, but I see it as being helpful and showing compassion.\">Sei que algumas pessoas veem isso como &#8220;mimar&#8221;, mas eu vejo isso como sendo \u00fatil e mostrando compaix\u00e3o. <\/span><span title=\"If I could carry my husband or my mother when their legs get tired, I would do that too.\">Se eu pudesse levar o meu marido ou minha m\u00e3e quando suas pernas se cansarem, eu faria isso tamb\u00e9m.<\/span><\/span><span id=\"result_box\" class=\"\" lang=\"pt\"><\/span><\/p>\n<p><span id=\"result_box\" class=\"\" lang=\"pt\"><span title=\"None of us have the right to judge what is right for another child or another family.\">Nenhum de n\u00f3s tem o direito de julgar o que \u00e9 certo para uma outra crian\u00e7a de uma outra fam\u00edlia. <\/span><span title=\"If I see a kid who seems too old to be doing XYZ, I try to remember that people have thought similar things about my kids and those people didn\u2019t know the whole picture.\">Se eu vejo um garoto que parece grande demais para estar fazendo XYZ, eu tento lembrar que as pessoas t\u00eam pensado coisas semelhantes sobre os meus filhos e as pessoas n\u00e3o sabiam a situa\u00e7\u00e3o inteira. <\/span><span title=\"I remind myself that every family, every parent, and every child is different, and unless there\u2019s a serious health or safety issue at play, it\u2019s not my place to have an opinion about their choices.\">Lembro-me que cada fam\u00edlia, cada pai e cada crian\u00e7a \u00e9 diferente e, a menos que haja um problema de sa\u00fade ou de seguran\u00e7a graves em jogo, n\u00e3o \u00e9 o meu lugar para ter uma opini\u00e3o sobre as suas escolhas. E c<\/span><span title=\"And it is certainly never my place to voice an opinion about their choices without being asked. \">ertamente nunca \u00e9 o meu lugar para expressar uma opini\u00e3o sobre as suas escolhas sem ser perguntada.<\/span><\/span><br \/>\n<span id=\"result_box\" class=\"\" lang=\"pt\"><\/span><span id=\"result_box\" class=\"\" lang=\"pt\"><\/span><span id=\"result_box\" class=\"\" lang=\"pt\"><\/span><\/p>\n<p><span id=\"result_box\" class=\"\" lang=\"pt\"><span title=\"If you see a child who seems too old for whatever they are doing, ask yourself a few questions.\">Se voc\u00ea se deparar com uma crian\u00e7a que parece &#8220;velha demais&#8221; para o que ela est\u00e1 fazendo, pergunte a si mesma algumas coisas. <\/span><span title=\"Is the child actually being harmed by this?\">A crian\u00e7a est\u00e1 realmente sendo prejudicada por isso? <\/span><span title=\"Are there things I don\u2019t know about this child\/parent\/family?\">Existem coisas que eu n\u00e3o sei sobre esta crian\u00e7a\/pais\/fam\u00edlia? <\/span><span title=\"Is it really any of my business?\">\u00c9 realmente da minha conta? <\/span><span title=\"Why am I even bothered?\">Por que estou sequer preocupada com isso?<\/span><\/span><\/p>\n<p><span id=\"result_box\" class=\"\" lang=\"pt\"><span class=\"\">As crian\u00e7as aprendem<\/span> e se desenvolvem em ritmos muito diferentes, e eles <span class=\"\">finalmente<\/span> superam quase tudo. A menos que voc\u00ea seja um psic\u00f3logo profissional com <span class=\"\">profundo conhecimento da<\/span> psicologia e das circunst\u00e2ncias de uma crian\u00e7a, <span class=\"\">n\u00e3o h\u00e1 nenhuma raz\u00e3o<\/span> para fazer um julgamento sobre um garoto de ser <span class=\"\">velho demais para<\/span> qualquer coisa.<\/span><\/p>\n<p><span id=\"result_box\" class=\"\" lang=\"pt\">Voc\u00ea <span class=\"\">faz,<\/span> ent\u00e3o deixe que outras fam\u00edlias tamb\u00e9m fa\u00e7am as suas coisas em paz.<\/span><\/p>\n<p>&nbsp;<\/p>\n<p><img decoding=\"async\" class=\"aligncenter wp-image-41546 size-rss-image\" src=\"https:\/\/colinahomolog.com.br\/dev\/just-real-moms\/wp-content\/uploads\/2016\/11\/meu_filho_nao_e_grande_demais_para_fazer_isso-just_real_moms-2-400x600.jpg\" alt=\"N\u00e3o, meu filho n\u00e3o \u00e9 muito grande para fazer isso! - Just Real Moms\" width=\"400\" height=\"600\" srcset=\"https:\/\/colinahomolog.com.br\/dev\/just-real-moms\/wp-content\/uploads\/2016\/11\/meu_filho_nao_e_grande_demais_para_fazer_isso-just_real_moms-2-400x600.jpg 400w, https:\/\/colinahomolog.com.br\/dev\/just-real-moms\/wp-content\/uploads\/2016\/11\/meu_filho_nao_e_grande_demais_para_fazer_isso-just_real_moms-2-768x1152.jpg 768w, https:\/\/colinahomolog.com.br\/dev\/just-real-moms\/wp-content\/uploads\/2016\/11\/meu_filho_nao_e_grande_demais_para_fazer_isso-just_real_moms-2-820x1230.jpg 820w, https:\/\/colinahomolog.com.br\/dev\/just-real-moms\/wp-content\/uploads\/2016\/11\/meu_filho_nao_e_grande_demais_para_fazer_isso-just_real_moms-2.jpg 960w\" sizes=\"(max-width: 400px) 100vw, 400px\" \/><\/p>\n<p>&nbsp;<\/p>\n<p style=\"text-align: center;\"><strong>Fonte:<\/strong> Texto escrito por Annie Reneau, para o site <a href=\"http:\/\/www.scarymommy.com\/child-not-too-old-that\/?utm_source=FB\">Scary Mommy<\/a><\/p>\n<p style=\"text-align: center;\"><strong>Tradu\u00e7\u00e3o livre:<\/strong> Just Real Moms<\/p>\n<p>&nbsp;<\/p>\n\n    <div class=\"xs_social_share_widget xs_share_url after_content \t\tmain_content  wslu-style-1 wslu-share-box-shaped wslu-fill-colored wslu-none wslu-share-horizontal wslu-theme-font-no wslu-main_content\">\n\n\t\t\n        <ul>\n\t\t\t        <\/ul>\n    <\/div> \n","protected":false},"excerpt":{"rendered":"<p>Favorite&nbsp; Ol\u00e1, mam\u00e3es! \u00c9 impressionante como hoje em dia os julgadores de plant\u00e3o (principalmente entre as m\u00e3es), est\u00e3o com for\u00e7a total. Parece que nos sentimos culpadas e sempre nos justificando por alguma coisa que consideramos n\u00e3o &#8220;apropriada para a idade&#8221;. Mas ser\u00e1 que existe mesmo essa hist\u00f3ria? Quem tem filhos perfeitos que fazem absolutamente tudo [&hellip;]<\/p>\n","protected":false},"author":4,"featured_media":41545,"comment_status":"open","ping_status":"closed","sticky":false,"template":"","format":"standard","meta":{"_acf_changed":false,"footnotes":""},"categories":[30,1783,1785,1777],"tags":[],"class_list":{"0":"post-41544","1":"post","2":"type-post","3":"status-publish","4":"format-standard","5":"has-post-thumbnail","7":"category-de-mae-para-mae","8":"category-desenvolvimento","9":"category-psicologia","10":"category-somos-todas-iguais"},"acf":[],"yoast_head":"<!-- This site is optimized with the Yoast SEO Premium plugin v26.6 (Yoast SEO v26.6) - https:\/\/yoast.com\/wordpress\/plugins\/seo\/ -->\n<title>N\u00e3o, meu filho n\u00e3o \u00e9 muito grande para fazer isso!<\/title>\n<meta name=\"robots\" content=\"index, follow, max-snippet:-1, max-image-preview:large, max-video-preview:-1\" \/>\n<link rel=\"canonical\" href=\"https:\/\/colinahomolog.com.br\/dev\/just-real-moms\/nao-meu-filho-nao-e-muito-grande-para-fazer-isso\/\" \/>\n<meta property=\"og:locale\" content=\"pt_BR\" \/>\n<meta property=\"og:type\" content=\"article\" \/>\n<meta property=\"og:title\" content=\"N\u00e3o, meu filho n\u00e3o \u00e9 muito grande para fazer isso!\" \/>\n<meta property=\"og:description\" content=\"Favorite&nbsp; Ol\u00e1, mam\u00e3es! \u00c9 impressionante como hoje em dia os julgadores de plant\u00e3o (principalmente entre as m\u00e3es), est\u00e3o com for\u00e7a total. Parece que nos sentimos culpadas e sempre nos justificando por alguma coisa que consideramos n\u00e3o &#8220;apropriada para a idade&#8221;. Mas ser\u00e1 que existe mesmo essa hist\u00f3ria? Quem tem filhos perfeitos que fazem absolutamente tudo [&hellip;]\" \/>\n<meta property=\"og:url\" content=\"https:\/\/colinahomolog.com.br\/dev\/just-real-moms\/nao-meu-filho-nao-e-muito-grande-para-fazer-isso\/\" \/>\n<meta property=\"og:site_name\" content=\"Just Real Moms - Blog para M\u00e3es\" \/>\n<meta property=\"article:publisher\" content=\"https:\/\/www.facebook.com\/JustRealMoms\" \/>\n<meta property=\"article:published_time\" content=\"2019-08-08T11:30:46+00:00\" \/>\n<meta property=\"article:modified_time\" content=\"2019-08-08T13:18:17+00:00\" \/>\n<meta property=\"og:image\" content=\"https:\/\/colinahomolog.com.br\/dev\/just-real-moms\/wp-content\/uploads\/2016\/11\/meu_filho_nao_e_grande_demais_para_fazer_isso-just_real_moms-1.jpg\" \/>\n\t<meta property=\"og:image:width\" content=\"700\" \/>\n\t<meta property=\"og:image:height\" content=\"400\" \/>\n\t<meta property=\"og:image:type\" content=\"image\/jpeg\" \/>\n<meta name=\"author\" content=\"Renata\" \/>\n<meta name=\"twitter:label1\" content=\"Escrito por\" \/>\n\t<meta name=\"twitter:data1\" content=\"Renata\" \/>\n\t<meta name=\"twitter:label2\" content=\"Est. tempo de leitura\" \/>\n\t<meta name=\"twitter:data2\" content=\"4 minutos\" \/>\n<script type=\"application\/ld+json\" class=\"yoast-schema-graph\">{\"@context\":\"https:\/\/schema.org\",\"@graph\":[{\"@type\":\"WebPage\",\"@id\":\"https:\/\/colinahomolog.com.br\/dev\/just-real-moms\/nao-meu-filho-nao-e-muito-grande-para-fazer-isso\/\",\"url\":\"https:\/\/colinahomolog.com.br\/dev\/just-real-moms\/nao-meu-filho-nao-e-muito-grande-para-fazer-isso\/\",\"name\":\"N\u00e3o, meu filho n\u00e3o \u00e9 muito grande para fazer isso!\",\"isPartOf\":{\"@id\":\"https:\/\/colinahomolog.com.br\/dev\/just-real-moms\/#website\"},\"primaryImageOfPage\":{\"@id\":\"https:\/\/colinahomolog.com.br\/dev\/just-real-moms\/nao-meu-filho-nao-e-muito-grande-para-fazer-isso\/#primaryimage\"},\"image\":{\"@id\":\"https:\/\/colinahomolog.com.br\/dev\/just-real-moms\/nao-meu-filho-nao-e-muito-grande-para-fazer-isso\/#primaryimage\"},\"thumbnailUrl\":\"https:\/\/colinahomolog.com.br\/dev\/just-real-moms\/wp-content\/uploads\/2016\/11\/meu_filho_nao_e_grande_demais_para_fazer_isso-just_real_moms-1.jpg\",\"datePublished\":\"2019-08-08T11:30:46+00:00\",\"dateModified\":\"2019-08-08T13:18:17+00:00\",\"author\":{\"@id\":\"https:\/\/colinahomolog.com.br\/dev\/just-real-moms\/#\/schema\/person\/2f9d85c04a6847c0f366e0a40924a2fa\"},\"breadcrumb\":{\"@id\":\"https:\/\/colinahomolog.com.br\/dev\/just-real-moms\/nao-meu-filho-nao-e-muito-grande-para-fazer-isso\/#breadcrumb\"},\"inLanguage\":\"pt-BR\",\"potentialAction\":[{\"@type\":\"ReadAction\",\"target\":[\"https:\/\/colinahomolog.com.br\/dev\/just-real-moms\/nao-meu-filho-nao-e-muito-grande-para-fazer-isso\/\"]}]},{\"@type\":\"ImageObject\",\"inLanguage\":\"pt-BR\",\"@id\":\"https:\/\/colinahomolog.com.br\/dev\/just-real-moms\/nao-meu-filho-nao-e-muito-grande-para-fazer-isso\/#primaryimage\",\"url\":\"https:\/\/colinahomolog.com.br\/dev\/just-real-moms\/wp-content\/uploads\/2016\/11\/meu_filho_nao_e_grande_demais_para_fazer_isso-just_real_moms-1.jpg\",\"contentUrl\":\"https:\/\/colinahomolog.com.br\/dev\/just-real-moms\/wp-content\/uploads\/2016\/11\/meu_filho_nao_e_grande_demais_para_fazer_isso-just_real_moms-1.jpg\",\"width\":700,\"height\":400},{\"@type\":\"BreadcrumbList\",\"@id\":\"https:\/\/colinahomolog.com.br\/dev\/just-real-moms\/nao-meu-filho-nao-e-muito-grande-para-fazer-isso\/#breadcrumb\",\"itemListElement\":[{\"@type\":\"ListItem\",\"position\":1,\"name\":\"In\u00edcio\",\"item\":\"https:\/\/colinahomolog.com.br\/dev\/just-real-moms\/\"},{\"@type\":\"ListItem\",\"position\":2,\"name\":\"N\u00e3o, meu filho n\u00e3o \u00e9 muito grande para fazer isso!\"}]},{\"@type\":\"WebSite\",\"@id\":\"https:\/\/colinahomolog.com.br\/dev\/just-real-moms\/#website\",\"url\":\"https:\/\/colinahomolog.com.br\/dev\/just-real-moms\/\",\"name\":\"Just Real Moms - Blog para M\u00e3es\",\"description\":\"O melhor e mais completo portal para m\u00e3es, pais e futuros pais!\",\"potentialAction\":[{\"@type\":\"SearchAction\",\"target\":{\"@type\":\"EntryPoint\",\"urlTemplate\":\"https:\/\/colinahomolog.com.br\/dev\/just-real-moms\/?s={search_term_string}\"},\"query-input\":{\"@type\":\"PropertyValueSpecification\",\"valueRequired\":true,\"valueName\":\"search_term_string\"}}],\"inLanguage\":\"pt-BR\"},{\"@type\":\"Person\",\"@id\":\"https:\/\/colinahomolog.com.br\/dev\/just-real-moms\/#\/schema\/person\/2f9d85c04a6847c0f366e0a40924a2fa\",\"name\":\"Renata\",\"url\":\"https:\/\/colinahomolog.com.br\/dev\/just-real-moms\/author\/renata\/\"}]}<\/script>\n<!-- \/ Yoast SEO Premium plugin. -->","yoast_head_json":{"title":"N\u00e3o, meu filho n\u00e3o \u00e9 muito grande para fazer isso!","robots":{"index":"index","follow":"follow","max-snippet":"max-snippet:-1","max-image-preview":"max-image-preview:large","max-video-preview":"max-video-preview:-1"},"canonical":"https:\/\/colinahomolog.com.br\/dev\/just-real-moms\/nao-meu-filho-nao-e-muito-grande-para-fazer-isso\/","og_locale":"pt_BR","og_type":"article","og_title":"N\u00e3o, meu filho n\u00e3o \u00e9 muito grande para fazer isso!","og_description":"Favorite&nbsp; Ol\u00e1, mam\u00e3es! \u00c9 impressionante como hoje em dia os julgadores de plant\u00e3o (principalmente entre as m\u00e3es), est\u00e3o com for\u00e7a total. Parece que nos sentimos culpadas e sempre nos justificando por alguma coisa que consideramos n\u00e3o &#8220;apropriada para a idade&#8221;. Mas ser\u00e1 que existe mesmo essa hist\u00f3ria? Quem tem filhos perfeitos que fazem absolutamente tudo [&hellip;]","og_url":"https:\/\/colinahomolog.com.br\/dev\/just-real-moms\/nao-meu-filho-nao-e-muito-grande-para-fazer-isso\/","og_site_name":"Just Real Moms - Blog para M\u00e3es","article_publisher":"https:\/\/www.facebook.com\/JustRealMoms","article_published_time":"2019-08-08T11:30:46+00:00","article_modified_time":"2019-08-08T13:18:17+00:00","og_image":[{"width":700,"height":400,"url":"https:\/\/colinahomolog.com.br\/dev\/just-real-moms\/wp-content\/uploads\/2016\/11\/meu_filho_nao_e_grande_demais_para_fazer_isso-just_real_moms-1.jpg","type":"image\/jpeg"}],"author":"Renata","twitter_misc":{"Escrito por":"Renata","Est. tempo de leitura":"4 minutos"},"schema":{"@context":"https:\/\/schema.org","@graph":[{"@type":"WebPage","@id":"https:\/\/colinahomolog.com.br\/dev\/just-real-moms\/nao-meu-filho-nao-e-muito-grande-para-fazer-isso\/","url":"https:\/\/colinahomolog.com.br\/dev\/just-real-moms\/nao-meu-filho-nao-e-muito-grande-para-fazer-isso\/","name":"N\u00e3o, meu filho n\u00e3o \u00e9 muito grande para fazer isso!","isPartOf":{"@id":"https:\/\/colinahomolog.com.br\/dev\/just-real-moms\/#website"},"primaryImageOfPage":{"@id":"https:\/\/colinahomolog.com.br\/dev\/just-real-moms\/nao-meu-filho-nao-e-muito-grande-para-fazer-isso\/#primaryimage"},"image":{"@id":"https:\/\/colinahomolog.com.br\/dev\/just-real-moms\/nao-meu-filho-nao-e-muito-grande-para-fazer-isso\/#primaryimage"},"thumbnailUrl":"https:\/\/colinahomolog.com.br\/dev\/just-real-moms\/wp-content\/uploads\/2016\/11\/meu_filho_nao_e_grande_demais_para_fazer_isso-just_real_moms-1.jpg","datePublished":"2019-08-08T11:30:46+00:00","dateModified":"2019-08-08T13:18:17+00:00","author":{"@id":"https:\/\/colinahomolog.com.br\/dev\/just-real-moms\/#\/schema\/person\/2f9d85c04a6847c0f366e0a40924a2fa"},"breadcrumb":{"@id":"https:\/\/colinahomolog.com.br\/dev\/just-real-moms\/nao-meu-filho-nao-e-muito-grande-para-fazer-isso\/#breadcrumb"},"inLanguage":"pt-BR","potentialAction":[{"@type":"ReadAction","target":["https:\/\/colinahomolog.com.br\/dev\/just-real-moms\/nao-meu-filho-nao-e-muito-grande-para-fazer-isso\/"]}]},{"@type":"ImageObject","inLanguage":"pt-BR","@id":"https:\/\/colinahomolog.com.br\/dev\/just-real-moms\/nao-meu-filho-nao-e-muito-grande-para-fazer-isso\/#primaryimage","url":"https:\/\/colinahomolog.com.br\/dev\/just-real-moms\/wp-content\/uploads\/2016\/11\/meu_filho_nao_e_grande_demais_para_fazer_isso-just_real_moms-1.jpg","contentUrl":"https:\/\/colinahomolog.com.br\/dev\/just-real-moms\/wp-content\/uploads\/2016\/11\/meu_filho_nao_e_grande_demais_para_fazer_isso-just_real_moms-1.jpg","width":700,"height":400},{"@type":"BreadcrumbList","@id":"https:\/\/colinahomolog.com.br\/dev\/just-real-moms\/nao-meu-filho-nao-e-muito-grande-para-fazer-isso\/#breadcrumb","itemListElement":[{"@type":"ListItem","position":1,"name":"In\u00edcio","item":"https:\/\/colinahomolog.com.br\/dev\/just-real-moms\/"},{"@type":"ListItem","position":2,"name":"N\u00e3o, meu filho n\u00e3o \u00e9 muito grande para fazer isso!"}]},{"@type":"WebSite","@id":"https:\/\/colinahomolog.com.br\/dev\/just-real-moms\/#website","url":"https:\/\/colinahomolog.com.br\/dev\/just-real-moms\/","name":"Just Real Moms - Blog para M\u00e3es","description":"O melhor e mais completo portal para m\u00e3es, pais e futuros pais!","potentialAction":[{"@type":"SearchAction","target":{"@type":"EntryPoint","urlTemplate":"https:\/\/colinahomolog.com.br\/dev\/just-real-moms\/?s={search_term_string}"},"query-input":{"@type":"PropertyValueSpecification","valueRequired":true,"valueName":"search_term_string"}}],"inLanguage":"pt-BR"},{"@type":"Person","@id":"https:\/\/colinahomolog.com.br\/dev\/just-real-moms\/#\/schema\/person\/2f9d85c04a6847c0f366e0a40924a2fa","name":"Renata","url":"https:\/\/colinahomolog.com.br\/dev\/just-real-moms\/author\/renata\/"}]}},"_links":{"self":[{"href":"https:\/\/colinahomolog.com.br\/dev\/just-real-moms\/wp-json\/wp\/v2\/posts\/41544","targetHints":{"allow":["GET"]}}],"collection":[{"href":"https:\/\/colinahomolog.com.br\/dev\/just-real-moms\/wp-json\/wp\/v2\/posts"}],"about":[{"href":"https:\/\/colinahomolog.com.br\/dev\/just-real-moms\/wp-json\/wp\/v2\/types\/post"}],"author":[{"embeddable":true,"href":"https:\/\/colinahomolog.com.br\/dev\/just-real-moms\/wp-json\/wp\/v2\/users\/4"}],"replies":[{"embeddable":true,"href":"https:\/\/colinahomolog.com.br\/dev\/just-real-moms\/wp-json\/wp\/v2\/comments?post=41544"}],"version-history":[{"count":0,"href":"https:\/\/colinahomolog.com.br\/dev\/just-real-moms\/wp-json\/wp\/v2\/posts\/41544\/revisions"}],"wp:featuredmedia":[{"embeddable":true,"href":"https:\/\/colinahomolog.com.br\/dev\/just-real-moms\/wp-json\/wp\/v2\/media\/41545"}],"wp:attachment":[{"href":"https:\/\/colinahomolog.com.br\/dev\/just-real-moms\/wp-json\/wp\/v2\/media?parent=41544"}],"wp:term":[{"taxonomy":"category","embeddable":true,"href":"https:\/\/colinahomolog.com.br\/dev\/just-real-moms\/wp-json\/wp\/v2\/categories?post=41544"},{"taxonomy":"post_tag","embeddable":true,"href":"https:\/\/colinahomolog.com.br\/dev\/just-real-moms\/wp-json\/wp\/v2\/tags?post=41544"}],"curies":[{"name":"wp","href":"https:\/\/api.w.org\/{rel}","templated":true}]}}